{"id":12022726,"date":"2024-03-09T20:09:17","date_gmt":"2024-03-09T19:09:17","guid":{"rendered":"https:\/\/kapitalis.com\/tunisie\/?p=12022726"},"modified":"2024-03-09T20:33:55","modified_gmt":"2024-03-09T19:33:55","slug":"affaire-de-leleve-eborgne-greve-dans-les-ecoles-pour-reclamer-la-liberation-de-linstitutrice-et-du-directeur","status":"publish","type":"post","link":"https:\/\/kapitalis.com\/tunisie\/2024\/03\/09\/affaire-de-leleve-eborgne-greve-dans-les-ecoles-pour-reclamer-la-liberation-de-linstitutrice-et-du-directeur\/","title":{"rendered":"Affaire de l&rsquo;\u00e9l\u00e8ve \u00e9borgn\u00e9 : Gr\u00e8ve dans les \u00e9coles pour r\u00e9clamer la lib\u00e9ration de l&rsquo;institutrice et du directeur"},"content":{"rendered":"\n<p><em><strong>La F\u00e9d\u00e9ration g\u00e9n\u00e9rale de l\u2019enseignement de base a appel\u00e9 \u00e0 une gr\u00e8ve g\u00e9n\u00e9rale jeudi 14 mars 2024 dans toutes les \u00e9coles primaires, et ce, en solidarit\u00e9 avec l&rsquo;institutrice et le directeur maintenus en d\u00e9tention dans le cadre de l\u2019affaire de l\u2019\u00e9l\u00e8ve de Sfax \u00e9borgn\u00e9 par son camarade par un coup de ciseaux.<\/strong><\/em><\/p>\n\n\n\n<!--more-->\n\n\n\n<p>Dans son communiqu\u00e9, le Syndicat a r\u00e9affirm\u00e9 son soutien \u00e0 l&rsquo;\u00e9l\u00e8ve bless\u00e9 (qui, selon sa maman, a perdu l&rsquo;usage de son \u0153il) en lui souhaitant un r\u00e9tablissement rapide et un retour sur les bancs de l\u2019\u00e9cole dans les meilleurs conditions, d\u00e9plorant toutefois la d\u00e9tention de l\u2019institutrice Sa\u00eeda Elloumi et le directeur Nabil Ayadi dans cette affaire.<\/p>\n\n\n\n<p>Le Syndicat estime que les deux coll\u00e8gues ont \u00e9t\u00e9 vis\u00e9s par une campagne de diabolisation sur les r\u00e9seaux sociaux : \u00ab<em>Le maintien en d\u00e9tention de l&rsquo;institutrice et du directeur est injuste dans la mesure o\u00f9 ils n\u2019ont commis aucun manquement dans cette affaire et que certaines informations relay\u00e9es sur les r\u00e9seaux quant \u00e0 un \u00e9ventuel laxisme ou absence de prise en charge sont totalement erron\u00e9es\u00bb.<\/em><\/p>\n\n\n\n<p>La m\u00eame source a ainsi r\u00e9clam\u00e9 leur lib\u00e9ration et a \u00e9galement appel\u00e9 \u00e0 fournir le suivi n\u00e9cessaire \u00e0 l\u2019institutrice dont l&rsquo;\u00e9tat de sant\u00e9 s&rsquo;est d\u00e9grad\u00e9 apr\u00e8s que la justice ait d\u00e9cid\u00e9 de prolonger sa p\u00e9riode de d\u00e9tention.<\/p>\n\n\n\n<p>Ainsi, en solidarit\u00e9 avec Sa\u00eeda Elloumi et Nabil Ayadi, le Syndicat a appel\u00e9 \u00e0 une gr\u00e8ve g\u00e9n\u00e9rale dans toutes les \u00e9coles primaires tunisiennes jeudi 14 mars 2024.<\/p>\n\n\n\n<p class=\"has-text-align-right\"><strong>Y. N.<\/strong><\/p>\n\n\n\n<figure class=\"wp-block-embed is-type-wp-embed is-provider-kapitalis wp-block-embed-kapitalis\"><div class=\"wp-block-embed__wrapper\">\n<blockquote class=\"wp-embedded-content\" data-secret=\"lq1nSicS34\"><a href=\"https:\/\/kapitalis.com\/tunisie\/2024\/03\/06\/eleve-eborgne-par-son-camarade-a-sfax-le-syndicat-reclame-la-liberation-de-linstitutrice-et-du-directeur\/\">\u00c9l\u00e8ve \u00e9borgn\u00e9 par son camarade \u00e0 Sfax : Le Syndicat r\u00e9clame la lib\u00e9ration de l\u2019institutrice et du directeur<\/a><\/blockquote><iframe loading=\"lazy\" class=\"wp-embedded-content\" sandbox=\"allow-scripts\" security=\"restricted\" style=\"position: absolute; clip: rect(1px, 1px, 1px, 1px);\" title=\"\u00ab\u00a0\u00c9l\u00e8ve \u00e9borgn\u00e9 par son camarade \u00e0 Sfax : Le Syndicat r\u00e9clame la lib\u00e9ration de l\u2019institutrice et du directeur\u00a0\u00bb &#8212; Kapitalis\" src=\"https:\/\/kapitalis.com\/tunisie\/2024\/03\/06\/eleve-eborgne-par-son-camarade-a-sfax-le-syndicat-reclame-la-liberation-de-linstitutrice-et-du-directeur\/embed\/#?secret=IziDQTgcy1#?secret=lq1nSicS34\" data-secret=\"lq1nSicS34\" width=\"600\" height=\"338\" frameborder=\"0\" marginwidth=\"0\" marginheight=\"0\" scrolling=\"no\"><\/iframe>\n<\/div><\/figure>\n","protected":false},"excerpt":{"rendered":"<p>La F\u00e9d\u00e9ration g\u00e9n\u00e9rale de l\u2019enseignement de base a appel\u00e9 \u00e0 une gr\u00e8ve g\u00e9n\u00e9rale jeudi 14 mars 2024 dans toutes les \u00e9coles primaires, et ce, en solidarit\u00e9 avec l&rsquo;institutrice et le directeur maintenus en d\u00e9tention dans le cadre de l\u2019affaire de l\u2019\u00e9l\u00e8ve de Sfax \u00e9borgn\u00e9 par son camarade par un coup de ciseaux.<\/p>\n","protected":false},"author":6,"featured_media":8125472,"comment_status":"open","ping_status":"open","sticky":false,"template":"","format":"standard","meta":{"footnotes":""},"categories":[998,2433],"tags":[4070,114374,2005,425,823,62643],"class_list":["post-12022726","post","type-post","status-publish","format-standard","has-post-thumbnail","hentry","category-societe","category-tunisie","tag-ecoles-primaires","tag-eleve-eborgne","tag-enseignement-de-base","tag-greve","tag-sfax","tag-tunisie"],"yoast_head":"<!-- This site is optimized with the Yoast SEO plugin v26.6 - https:\/\/yoast.com\/wordpress\/plugins\/seo\/ -->\n<title>Affaire de l&#039;\u00e9l\u00e8ve \u00e9borgn\u00e9 : Gr\u00e8ve dans les \u00e9coles pour r\u00e9clamer la lib\u00e9ration de l&#039;institutrice et du directeur - Kapitalis<\/title>\n<meta name=\"robots\" content=\"index, follow, max-snippet:-1, max-image-preview:large, max-video-preview:-1\" \/>\n<link rel=\"canonical\" href=\"https:\/\/kapitalis.com\/tunisie\/2024\/03\/09\/affaire-de-leleve-eborgne-greve-dans-les-ecoles-pour-reclamer-la-liberation-de-linstitutrice-et-du-directeur\/\" \/>\n<meta property=\"og:locale\" content=\"fr_FR\" \/>\n<meta property=\"og:type\" content=\"article\" \/>\n<meta property=\"og:title\" content=\"Affaire de l&#039;\u00e9l\u00e8ve \u00e9borgn\u00e9 : Gr\u00e8ve dans les \u00e9coles pour r\u00e9clamer la lib\u00e9ration de l&#039;institutrice et du directeur - Kapitalis\" \/>\n<meta property=\"og:description\" content=\"La F\u00e9d\u00e9ration g\u00e9n\u00e9rale de l\u2019enseignement de base a appel\u00e9 \u00e0 une gr\u00e8ve g\u00e9n\u00e9rale jeudi 14 mars 2024 dans toutes les \u00e9coles primaires, et ce, en solidarit\u00e9 avec l&rsquo;institutrice et le directeur maintenus en d\u00e9tention dans le cadre de l\u2019affaire de l\u2019\u00e9l\u00e8ve de Sfax \u00e9borgn\u00e9 par son camarade par un coup de ciseaux.\" \/>\n<meta property=\"og:url\" content=\"https:\/\/kapitalis.com\/tunisie\/2024\/03\/09\/affaire-de-leleve-eborgne-greve-dans-les-ecoles-pour-reclamer-la-liberation-de-linstitutrice-et-du-directeur\/\" \/>\n<meta property=\"og:site_name\" content=\"Kapitalis\" \/>\n<meta property=\"article:publisher\" content=\"https:\/\/www.facebook.com\/KapitalisInfo\/\" \/>\n<meta property=\"article:published_time\" content=\"2024-03-09T19:09:17+00:00\" \/>\n<meta property=\"article:modified_time\" content=\"2024-03-09T19:33:55+00:00\" \/>\n<meta property=\"og:image\" content=\"https:\/\/kapitalis.com\/tunisie\/wp-content\/uploads\/2023\/05\/federation-de-lenseignement-de-base.jpg\" \/>\n\t<meta property=\"og:image:width\" content=\"1200\" \/>\n\t<meta property=\"og:image:height\" content=\"630\" \/>\n\t<meta property=\"og:image:type\" content=\"image\/jpeg\" \/>\n<meta name=\"author\" content=\"Yusra NY\" \/>\n<meta name=\"twitter:card\" content=\"summary_large_image\" \/>\n<meta name=\"twitter:creator\" content=\"@KapitalisInfo\" \/>\n<meta name=\"twitter:site\" content=\"@KapitalisInfo\" \/>\n<meta name=\"twitter:label1\" content=\"\u00c9crit par\" \/>\n\t<meta name=\"twitter:data1\" content=\"Yusra NY\" \/>\n\t<meta name=\"twitter:label2\" content=\"Dur\u00e9e de lecture estim\u00e9e\" \/>\n\t<meta name=\"twitter:data2\" content=\"1 minute\" \/>\n<script type=\"application\/ld+json\" class=\"yoast-schema-graph\">{\"@context\":\"https:\/\/schema.org\",\"@graph\":[{\"@type\":\"Article\",\"@id\":\"https:\/\/kapitalis.com\/tunisie\/2024\/03\/09\/affaire-de-leleve-eborgne-greve-dans-les-ecoles-pour-reclamer-la-liberation-de-linstitutrice-et-du-directeur\/#article\",\"isPartOf\":{\"@id\":\"https:\/\/kapitalis.com\/tunisie\/2024\/03\/09\/affaire-de-leleve-eborgne-greve-dans-les-ecoles-pour-reclamer-la-liberation-de-linstitutrice-et-du-directeur\/\"},\"author\":{\"name\":\"Yusra NY\",\"@id\":\"https:\/\/kapitalis.com\/tunisie\/#\/schema\/person\/74bbde0154d49d790a92aaeac5bc01d5\"},\"headline\":\"Affaire de l&rsquo;\u00e9l\u00e8ve \u00e9borgn\u00e9 : Gr\u00e8ve dans les \u00e9coles pour r\u00e9clamer la lib\u00e9ration de l&rsquo;institutrice et du directeur\",\"datePublished\":\"2024-03-09T19:09:17+00:00\",\"dateModified\":\"2024-03-09T19:33:55+00:00\",\"mainEntityOfPage\":{\"@id\":\"https:\/\/kapitalis.com\/tunisie\/2024\/03\/09\/affaire-de-leleve-eborgne-greve-dans-les-ecoles-pour-reclamer-la-liberation-de-linstitutrice-et-du-directeur\/\"},\"wordCount\":299,\"commentCount\":0,\"publisher\":{\"@id\":\"https:\/\/kapitalis.com\/tunisie\/#organization\"},\"image\":{\"@id\":\"https:\/\/kapitalis.com\/tunisie\/2024\/03\/09\/affaire-de-leleve-eborgne-greve-dans-les-ecoles-pour-reclamer-la-liberation-de-linstitutrice-et-du-directeur\/#primaryimage\"},\"thumbnailUrl\":\"https:\/\/kapitalis.com\/tunisie\/wp-content\/uploads\/2023\/05\/federation-de-lenseignement-de-base.jpg\",\"keywords\":[\"\u00e9coles primaires\",\"\u00e9l\u00e8ve \u00e9borgn\u00e9\",\"enseignement de base\",\"gr\u00e8ve\",\"Sfax\",\"Tunisie\"],\"articleSection\":[\"SOCIETE\",\"Tunisie\"],\"inLanguage\":\"fr-FR\",\"potentialAction\":[{\"@type\":\"CommentAction\",\"name\":\"Comment\",\"target\":[\"https:\/\/kapitalis.com\/tunisie\/2024\/03\/09\/affaire-de-leleve-eborgne-greve-dans-les-ecoles-pour-reclamer-la-liberation-de-linstitutrice-et-du-directeur\/#respond\"]}]},{\"@type\":\"WebPage\",\"@id\":\"https:\/\/kapitalis.com\/tunisie\/2024\/03\/09\/affaire-de-leleve-eborgne-greve-dans-les-ecoles-pour-reclamer-la-liberation-de-linstitutrice-et-du-directeur\/\",\"url\":\"https:\/\/kapitalis.com\/tunisie\/2024\/03\/09\/affaire-de-leleve-eborgne-greve-dans-les-ecoles-pour-reclamer-la-liberation-de-linstitutrice-et-du-directeur\/\",\"name\":\"Affaire de l'\u00e9l\u00e8ve \u00e9borgn\u00e9 : Gr\u00e8ve dans les \u00e9coles pour r\u00e9clamer la lib\u00e9ration de l'institutrice et du directeur - Kapitalis\",\"isPartOf\":{\"@id\":\"https:\/\/kapitalis.com\/tunisie\/#website\"},\"primaryImageOfPage\":{\"@id\":\"https:\/\/kapitalis.com\/tunisie\/2024\/03\/09\/affaire-de-leleve-eborgne-greve-dans-les-ecoles-pour-reclamer-la-liberation-de-linstitutrice-et-du-directeur\/#primaryimage\"},\"image\":{\"@id\":\"https:\/\/kapitalis.com\/tunisie\/2024\/03\/09\/affaire-de-leleve-eborgne-greve-dans-les-ecoles-pour-reclamer-la-liberation-de-linstitutrice-et-du-directeur\/#primaryimage\"},\"thumbnailUrl\":\"https:\/\/kapitalis.com\/tunisie\/wp-content\/uploads\/2023\/05\/federation-de-lenseignement-de-base.jpg\",\"datePublished\":\"2024-03-09T19:09:17+00:00\",\"dateModified\":\"2024-03-09T19:33:55+00:00\",\"breadcrumb\":{\"@id\":\"https:\/\/kapitalis.com\/tunisie\/2024\/03\/09\/affaire-de-leleve-eborgne-greve-dans-les-ecoles-pour-reclamer-la-liberation-de-linstitutrice-et-du-directeur\/#breadcrumb\"},\"inLanguage\":\"fr-FR\",\"potentialAction\":[{\"@type\":\"ReadAction\",\"target\":[\"https:\/\/kapitalis.com\/tunisie\/2024\/03\/09\/affaire-de-leleve-eborgne-greve-dans-les-ecoles-pour-reclamer-la-liberation-de-linstitutrice-et-du-directeur\/\"]}]},{\"@type\":\"ImageObject\",\"inLanguage\":\"fr-FR\",\"@id\":\"https:\/\/kapitalis.com\/tunisie\/2024\/03\/09\/affaire-de-leleve-eborgne-greve-dans-les-ecoles-pour-reclamer-la-liberation-de-linstitutrice-et-du-directeur\/#primaryimage\",\"url\":\"https:\/\/kapitalis.com\/tunisie\/wp-content\/uploads\/2023\/05\/federation-de-lenseignement-de-base.jpg\",\"contentUrl\":\"https:\/\/kapitalis.com\/tunisie\/wp-content\/uploads\/2023\/05\/federation-de-lenseignement-de-base.jpg\",\"width\":1200,\"height\":630},{\"@type\":\"BreadcrumbList\",\"@id\":\"https:\/\/kapitalis.com\/tunisie\/2024\/03\/09\/affaire-de-leleve-eborgne-greve-dans-les-ecoles-pour-reclamer-la-liberation-de-linstitutrice-et-du-directeur\/#breadcrumb\",\"itemListElement\":[{\"@type\":\"ListItem\",\"position\":1,\"name\":\"Accueil\",\"item\":\"https:\/\/kapitalis.com\/tunisie\/\"},{\"@type\":\"ListItem\",\"position\":2,\"name\":\"Affaire de l&rsquo;\u00e9l\u00e8ve \u00e9borgn\u00e9 : Gr\u00e8ve dans les \u00e9coles pour r\u00e9clamer la lib\u00e9ration de l&rsquo;institutrice et du directeur\"}]},{\"@type\":\"WebSite\",\"@id\":\"https:\/\/kapitalis.com\/tunisie\/#website\",\"url\":\"https:\/\/kapitalis.com\/tunisie\/\",\"name\":\"Kapitalis\",\"description\":\"L&#039;actualit\u00e9 en Tunisie et dans le monde\",\"publisher\":{\"@id\":\"https:\/\/kapitalis.com\/tunisie\/#organization\"},\"potentialAction\":[{\"@type\":\"SearchAction\",\"target\":{\"@type\":\"EntryPoint\",\"urlTemplate\":\"https:\/\/kapitalis.com\/tunisie\/?s={search_term_string}\"},\"query-input\":{\"@type\":\"PropertyValueSpecification\",\"valueRequired\":true,\"valueName\":\"search_term_string\"}}],\"inLanguage\":\"fr-FR\"},{\"@type\":\"Organization\",\"@id\":\"https:\/\/kapitalis.com\/tunisie\/#organization\",\"name\":\"Kapitalis\",\"url\":\"https:\/\/kapitalis.com\/tunisie\/\",\"logo\":{\"@type\":\"ImageObject\",\"inLanguage\":\"fr-FR\",\"@id\":\"https:\/\/kapitalis.com\/tunisie\/#\/schema\/logo\/image\/\",\"url\":\"https:\/\/kapitalis.com\/tunisie\/wp-content\/uploads\/2022\/05\/Kapitalis-big-size.png\",\"contentUrl\":\"https:\/\/kapitalis.com\/tunisie\/wp-content\/uploads\/2022\/05\/Kapitalis-big-size.png\",\"width\":5000,\"height\":1500,\"caption\":\"Kapitalis\"},\"image\":{\"@id\":\"https:\/\/kapitalis.com\/tunisie\/#\/schema\/logo\/image\/\"},\"sameAs\":[\"https:\/\/www.facebook.com\/KapitalisInfo\/\",\"https:\/\/x.com\/KapitalisInfo\",\"https:\/\/www.youtube.com\/channel\/UC-yDYrHyfFBWWZaOw3FPg9Q\"]},{\"@type\":\"Person\",\"@id\":\"https:\/\/kapitalis.com\/tunisie\/#\/schema\/person\/74bbde0154d49d790a92aaeac5bc01d5\",\"name\":\"Yusra NY\",\"url\":\"https:\/\/kapitalis.com\/tunisie\/author\/yuza_adam\/\"}]}<\/script>\n<!-- \/ Yoast SEO plugin. -->","yoast_head_json":{"title":"Affaire de l'\u00e9l\u00e8ve \u00e9borgn\u00e9 : Gr\u00e8ve dans les \u00e9coles pour r\u00e9clamer la lib\u00e9ration de l'institutrice et du directeur - Kapitalis","robots":{"index":"index","follow":"follow","max-snippet":"max-snippet:-1","max-image-preview":"max-image-preview:large","max-video-preview":"max-video-preview:-1"},"canonical":"https:\/\/kapitalis.com\/tunisie\/2024\/03\/09\/affaire-de-leleve-eborgne-greve-dans-les-ecoles-pour-reclamer-la-liberation-de-linstitutrice-et-du-directeur\/","og_locale":"fr_FR","og_type":"article","og_title":"Affaire de l'\u00e9l\u00e8ve \u00e9borgn\u00e9 : Gr\u00e8ve dans les \u00e9coles pour r\u00e9clamer la lib\u00e9ration de l'institutrice et du directeur - Kapitalis","og_description":"La F\u00e9d\u00e9ration g\u00e9n\u00e9rale de l\u2019enseignement de base a appel\u00e9 \u00e0 une gr\u00e8ve g\u00e9n\u00e9rale jeudi 14 mars 2024 dans toutes les \u00e9coles primaires, et ce, en solidarit\u00e9 avec l&rsquo;institutrice et le directeur maintenus en d\u00e9tention dans le cadre de l\u2019affaire de l\u2019\u00e9l\u00e8ve de Sfax \u00e9borgn\u00e9 par son camarade par un coup de ciseaux.","og_url":"https:\/\/kapitalis.com\/tunisie\/2024\/03\/09\/affaire-de-leleve-eborgne-greve-dans-les-ecoles-pour-reclamer-la-liberation-de-linstitutrice-et-du-directeur\/","og_site_name":"Kapitalis","article_publisher":"https:\/\/www.facebook.com\/KapitalisInfo\/","article_published_time":"2024-03-09T19:09:17+00:00","article_modified_time":"2024-03-09T19:33:55+00:00","og_image":[{"width":1200,"height":630,"url":"https:\/\/kapitalis.com\/tunisie\/wp-content\/uploads\/2023\/05\/federation-de-lenseignement-de-base.jpg","type":"image\/jpeg"}],"author":"Yusra NY","twitter_card":"summary_large_image","twitter_creator":"@KapitalisInfo","twitter_site":"@KapitalisInfo","twitter_misc":{"\u00c9crit par":"Yusra NY","Dur\u00e9e de lecture estim\u00e9e":"1 minute"},"schema":{"@context":"https:\/\/schema.org","@graph":[{"@type":"Article","@id":"https:\/\/kapitalis.com\/tunisie\/2024\/03\/09\/affaire-de-leleve-eborgne-greve-dans-les-ecoles-pour-reclamer-la-liberation-de-linstitutrice-et-du-directeur\/#article","isPartOf":{"@id":"https:\/\/kapitalis.com\/tunisie\/2024\/03\/09\/affaire-de-leleve-eborgne-greve-dans-les-ecoles-pour-reclamer-la-liberation-de-linstitutrice-et-du-directeur\/"},"author":{"name":"Yusra NY","@id":"https:\/\/kapitalis.com\/tunisie\/#\/schema\/person\/74bbde0154d49d790a92aaeac5bc01d5"},"headline":"Affaire de l&rsquo;\u00e9l\u00e8ve \u00e9borgn\u00e9 : Gr\u00e8ve dans les \u00e9coles pour r\u00e9clamer la lib\u00e9ration de l&rsquo;institutrice et du directeur","datePublished":"2024-03-09T19:09:17+00:00","dateModified":"2024-03-09T19:33:55+00:00","mainEntityOfPage":{"@id":"https:\/\/kapitalis.com\/tunisie\/2024\/03\/09\/affaire-de-leleve-eborgne-greve-dans-les-ecoles-pour-reclamer-la-liberation-de-linstitutrice-et-du-directeur\/"},"wordCount":299,"commentCount":0,"publisher":{"@id":"https:\/\/kapitalis.com\/tunisie\/#organization"},"image":{"@id":"https:\/\/kapitalis.com\/tunisie\/2024\/03\/09\/affaire-de-leleve-eborgne-greve-dans-les-ecoles-pour-reclamer-la-liberation-de-linstitutrice-et-du-directeur\/#primaryimage"},"thumbnailUrl":"https:\/\/kapitalis.com\/tunisie\/wp-content\/uploads\/2023\/05\/federation-de-lenseignement-de-base.jpg","keywords":["\u00e9coles primaires","\u00e9l\u00e8ve \u00e9borgn\u00e9","enseignement de base","gr\u00e8ve","Sfax","Tunisie"],"articleSection":["SOCIETE","Tunisie"],"inLanguage":"fr-FR","potentialAction":[{"@type":"CommentAction","name":"Comment","target":["https:\/\/kapitalis.com\/tunisie\/2024\/03\/09\/affaire-de-leleve-eborgne-greve-dans-les-ecoles-pour-reclamer-la-liberation-de-linstitutrice-et-du-directeur\/#respond"]}]},{"@type":"WebPage","@id":"https:\/\/kapitalis.com\/tunisie\/2024\/03\/09\/affaire-de-leleve-eborgne-greve-dans-les-ecoles-pour-reclamer-la-liberation-de-linstitutrice-et-du-directeur\/","url":"https:\/\/kapitalis.com\/tunisie\/2024\/03\/09\/affaire-de-leleve-eborgne-greve-dans-les-ecoles-pour-reclamer-la-liberation-de-linstitutrice-et-du-directeur\/","name":"Affaire de l'\u00e9l\u00e8ve \u00e9borgn\u00e9 : Gr\u00e8ve dans les \u00e9coles pour r\u00e9clamer la lib\u00e9ration de l'institutrice et du directeur - Kapitalis","isPartOf":{"@id":"https:\/\/kapitalis.com\/tunisie\/#website"},"primaryImageOfPage":{"@id":"https:\/\/kapitalis.com\/tunisie\/2024\/03\/09\/affaire-de-leleve-eborgne-greve-dans-les-ecoles-pour-reclamer-la-liberation-de-linstitutrice-et-du-directeur\/#primaryimage"},"image":{"@id":"https:\/\/kapitalis.com\/tunisie\/2024\/03\/09\/affaire-de-leleve-eborgne-greve-dans-les-ecoles-pour-reclamer-la-liberation-de-linstitutrice-et-du-directeur\/#primaryimage"},"thumbnailUrl":"https:\/\/kapitalis.com\/tunisie\/wp-content\/uploads\/2023\/05\/federation-de-lenseignement-de-base.jpg","datePublished":"2024-03-09T19:09:17+00:00","dateModified":"2024-03-09T19:33:55+00:00","breadcrumb":{"@id":"https:\/\/kapitalis.com\/tunisie\/2024\/03\/09\/affaire-de-leleve-eborgne-greve-dans-les-ecoles-pour-reclamer-la-liberation-de-linstitutrice-et-du-directeur\/#breadcrumb"},"inLanguage":"fr-FR","potentialAction":[{"@type":"ReadAction","target":["https:\/\/kapitalis.com\/tunisie\/2024\/03\/09\/affaire-de-leleve-eborgne-greve-dans-les-ecoles-pour-reclamer-la-liberation-de-linstitutrice-et-du-directeur\/"]}]},{"@type":"ImageObject","inLanguage":"fr-FR","@id":"https:\/\/kapitalis.com\/tunisie\/2024\/03\/09\/affaire-de-leleve-eborgne-greve-dans-les-ecoles-pour-reclamer-la-liberation-de-linstitutrice-et-du-directeur\/#primaryimage","url":"https:\/\/kapitalis.com\/tunisie\/wp-content\/uploads\/2023\/05\/federation-de-lenseignement-de-base.jpg","contentUrl":"https:\/\/kapitalis.com\/tunisie\/wp-content\/uploads\/2023\/05\/federation-de-lenseignement-de-base.jpg","width":1200,"height":630},{"@type":"BreadcrumbList","@id":"https:\/\/kapitalis.com\/tunisie\/2024\/03\/09\/affaire-de-leleve-eborgne-greve-dans-les-ecoles-pour-reclamer-la-liberation-de-linstitutrice-et-du-directeur\/#breadcrumb","itemListElement":[{"@type":"ListItem","position":1,"name":"Accueil","item":"https:\/\/kapitalis.com\/tunisie\/"},{"@type":"ListItem","position":2,"name":"Affaire de l&rsquo;\u00e9l\u00e8ve \u00e9borgn\u00e9 : Gr\u00e8ve dans les \u00e9coles pour r\u00e9clamer la lib\u00e9ration de l&rsquo;institutrice et du directeur"}]},{"@type":"WebSite","@id":"https:\/\/kapitalis.com\/tunisie\/#website","url":"https:\/\/kapitalis.com\/tunisie\/","name":"Kapitalis","description":"L&#039;actualit\u00e9 en Tunisie et dans le monde","publisher":{"@id":"https:\/\/kapitalis.com\/tunisie\/#organization"},"potentialAction":[{"@type":"SearchAction","target":{"@type":"EntryPoint","urlTemplate":"https:\/\/kapitalis.com\/tunisie\/?s={search_term_string}"},"query-input":{"@type":"PropertyValueSpecification","valueRequired":true,"valueName":"search_term_string"}}],"inLanguage":"fr-FR"},{"@type":"Organization","@id":"https:\/\/kapitalis.com\/tunisie\/#organization","name":"Kapitalis","url":"https:\/\/kapitalis.com\/tunisie\/","logo":{"@type":"ImageObject","inLanguage":"fr-FR","@id":"https:\/\/kapitalis.com\/tunisie\/#\/schema\/logo\/image\/","url":"https:\/\/kapitalis.com\/tunisie\/wp-content\/uploads\/2022\/05\/Kapitalis-big-size.png","contentUrl":"https:\/\/kapitalis.com\/tunisie\/wp-content\/uploads\/2022\/05\/Kapitalis-big-size.png","width":5000,"height":1500,"caption":"Kapitalis"},"image":{"@id":"https:\/\/kapitalis.com\/tunisie\/#\/schema\/logo\/image\/"},"sameAs":["https:\/\/www.facebook.com\/KapitalisInfo\/","https:\/\/x.com\/KapitalisInfo","https:\/\/www.youtube.com\/channel\/UC-yDYrHyfFBWWZaOw3FPg9Q"]},{"@type":"Person","@id":"https:\/\/kapitalis.com\/tunisie\/#\/schema\/person\/74bbde0154d49d790a92aaeac5bc01d5","name":"Yusra NY","url":"https:\/\/kapitalis.com\/tunisie\/author\/yuza_adam\/"}]}},"_links":{"self":[{"href":"https:\/\/kapitalis.com\/tunisie\/wp-json\/wp\/v2\/posts\/12022726","targetHints":{"allow":["GET"]}}],"collection":[{"href":"https:\/\/kapitalis.com\/tunisie\/wp-json\/wp\/v2\/posts"}],"about":[{"href":"https:\/\/kapitalis.com\/tunisie\/wp-json\/wp\/v2\/types\/post"}],"author":[{"embeddable":true,"href":"https:\/\/kapitalis.com\/tunisie\/wp-json\/wp\/v2\/users\/6"}],"replies":[{"embeddable":true,"href":"https:\/\/kapitalis.com\/tunisie\/wp-json\/wp\/v2\/comments?post=12022726"}],"version-history":[{"count":1,"href":"https:\/\/kapitalis.com\/tunisie\/wp-json\/wp\/v2\/posts\/12022726\/revisions"}],"predecessor-version":[{"id":12022767,"href":"https:\/\/kapitalis.com\/tunisie\/wp-json\/wp\/v2\/posts\/12022726\/revisions\/12022767"}],"wp:featuredmedia":[{"embeddable":true,"href":"https:\/\/kapitalis.com\/tunisie\/wp-json\/wp\/v2\/media\/8125472"}],"wp:attachment":[{"href":"https:\/\/kapitalis.com\/tunisie\/wp-json\/wp\/v2\/media?parent=12022726"}],"wp:term":[{"taxonomy":"category","embeddable":true,"href":"https:\/\/kapitalis.com\/tunisie\/wp-json\/wp\/v2\/categories?post=12022726"},{"taxonomy":"post_tag","embeddable":true,"href":"https:\/\/kapitalis.com\/tunisie\/wp-json\/wp\/v2\/tags?post=12022726"}],"curies":[{"name":"wp","href":"https:\/\/api.w.org\/{rel}","templated":true}]}}