{"id":12051,"date":"2015-09-01T18:27:48","date_gmt":"2015-09-01T17:27:48","guid":{"rendered":"http:\/\/kapitalis.com\/tunisie\/?p=12051"},"modified":"2015-09-02T09:42:39","modified_gmt":"2015-09-02T08:42:39","slug":"moez-sinaoui-le-projet-de-loi-de-reconciliation-economique-ne-sera-pas-retire","status":"publish","type":"post","link":"https:\/\/kapitalis.com\/tunisie\/2015\/09\/01\/moez-sinaoui-le-projet-de-loi-de-reconciliation-economique-ne-sera-pas-retire\/","title":{"rendered":"Moez Sinaoui : Le projet de loi de r\u00e9conciliation \u00e9conomique ne sera pas retir\u00e9"},"content":{"rendered":"<p><em><strong><img loading=\"lazy\" decoding=\"async\" class=\"size-full wp-image-12052 aligncenter\" src=\"http:\/\/kapitalis.com\/tunisie\/wp-content\/uploads\/2015\/09\/Moez-Sinaoui.jpeg\" alt=\"Moez-Sinaoui\" width=\"626\" height=\"380\" \/><\/strong><\/em><\/p>\n<p><em><strong>Le projet de loi de la r\u00e9conciliation \u00e9conomique ne sera pas retir\u00e9 de l\u2019Assembl\u00e9e, affirme Moez Sinaoui, le porte-parole de la pr\u00e9sidence de la R\u00e9publique.<br \/>\n<\/strong><\/em><\/p>\n<p><!--more--><\/p>\n<p>Dans une d\u00e9claration \u00e0 la Tap, Moez Sinaoui a affirm\u00e9 que les contestations que suscite ledit projet proviennent d\u2019une incompr\u00e9hension. Car ce texte, selon lui, ne vise nullement \u00e0 entraver le processus de la justice transitionnelle ni \u00e0 empi\u00e9ter sur le champ d\u2019intervention de l\u2019Instance V\u00e9rit\u00e9 et Dignit\u00e9 (IVD), qui sera repr\u00e9sent\u00e9e dans la commission de r\u00e9conciliation.<\/p>\n<p>Le porte-parole la pr\u00e9sidence de la r\u00e9publique a \u00e9galement insist\u00e9 sur la pertinence du projet de loi qui vise \u00e0 restituer les fonds spoli\u00e9s et \u00e0 encourager l\u2019investissement.<\/p>\n<p style=\"text-align: right;\"><strong>H. K.<\/strong><\/p>\n","protected":false},"excerpt":{"rendered":"<p>Le projet de loi de la r\u00e9conciliation \u00e9conomique ne sera pas retir\u00e9 de l\u2019Assembl\u00e9e, affirme Moez Sinaoui, le porte-parole de la pr\u00e9sidence de la R\u00e9publique.<\/p>\n","protected":false},"author":13,"featured_media":12052,"comment_status":"open","ping_status":"open","sticky":false,"template":"","format":"standard","meta":{"footnotes":""},"categories":[997,2433],"tags":[84,4211,2990,4789],"class_list":["post-12051","post","type-post","status-publish","format-standard","has-post-thumbnail","hentry","category-politique","category-tunisie","tag-arp","tag-moez-sinaoui","tag-porte-parole","tag-projet-de-loi-de-la-reconciliation-economique"],"yoast_head":"<!-- This site is optimized with the Yoast SEO plugin v26.6 - https:\/\/yoast.com\/wordpress\/plugins\/seo\/ -->\n<title>Moez Sinaoui : Le projet de loi de r\u00e9conciliation \u00e9conomique ne sera pas retir\u00e9 - Kapitalis<\/title>\n<meta name=\"robots\" content=\"index, follow, max-snippet:-1, max-image-preview:large, max-video-preview:-1\" \/>\n<link rel=\"canonical\" href=\"https:\/\/kapitalis.com\/tunisie\/2015\/09\/01\/moez-sinaoui-le-projet-de-loi-de-reconciliation-economique-ne-sera-pas-retire\/\" \/>\n<meta property=\"og:locale\" content=\"fr_FR\" \/>\n<meta property=\"og:type\" content=\"article\" \/>\n<meta property=\"og:title\" content=\"Moez Sinaoui : Le projet de loi de r\u00e9conciliation \u00e9conomique ne sera pas retir\u00e9 - Kapitalis\" \/>\n<meta property=\"og:description\" content=\"Le projet de loi de la r\u00e9conciliation \u00e9conomique ne sera pas retir\u00e9 de l\u2019Assembl\u00e9e, affirme Moez Sinaoui, le porte-parole de la pr\u00e9sidence de la R\u00e9publique.\" \/>\n<meta property=\"og:url\" content=\"https:\/\/kapitalis.com\/tunisie\/2015\/09\/01\/moez-sinaoui-le-projet-de-loi-de-reconciliation-economique-ne-sera-pas-retire\/\" \/>\n<meta property=\"og:site_name\" content=\"Kapitalis\" \/>\n<meta property=\"article:publisher\" content=\"https:\/\/www.facebook.com\/KapitalisInfo\/\" \/>\n<meta property=\"article:published_time\" content=\"2015-09-01T17:27:48+00:00\" \/>\n<meta property=\"article:modified_time\" content=\"2015-09-02T08:42:39+00:00\" \/>\n<meta property=\"og:image\" content=\"https:\/\/kapitalis.com\/tunisie\/wp-content\/uploads\/2022\/05\/kapitalis-logo-fb.png\" \/>\n\t<meta property=\"og:image:width\" content=\"1200\" \/>\n\t<meta property=\"og:image:height\" content=\"630\" \/>\n\t<meta property=\"og:image:type\" content=\"image\/png\" \/>\n<meta name=\"author\" content=\"webmaster aux\" \/>\n<meta name=\"twitter:card\" content=\"summary_large_image\" \/>\n<meta name=\"twitter:creator\" content=\"@KapitalisInfo\" \/>\n<meta name=\"twitter:site\" content=\"@KapitalisInfo\" \/>\n<meta name=\"twitter:label1\" content=\"\u00c9crit par\" \/>\n\t<meta name=\"twitter:data1\" content=\"webmaster aux\" \/>\n\t<meta name=\"twitter:label2\" content=\"Dur\u00e9e de lecture estim\u00e9e\" \/>\n\t<meta name=\"twitter:data2\" content=\"1 minute\" \/>\n<script type=\"application\/ld+json\" class=\"yoast-schema-graph\">{\"@context\":\"https:\/\/schema.org\",\"@graph\":[{\"@type\":\"Article\",\"@id\":\"https:\/\/kapitalis.com\/tunisie\/2015\/09\/01\/moez-sinaoui-le-projet-de-loi-de-reconciliation-economique-ne-sera-pas-retire\/#article\",\"isPartOf\":{\"@id\":\"https:\/\/kapitalis.com\/tunisie\/2015\/09\/01\/moez-sinaoui-le-projet-de-loi-de-reconciliation-economique-ne-sera-pas-retire\/\"},\"author\":{\"name\":\"webmaster aux\",\"@id\":\"https:\/\/kapitalis.com\/tunisie\/#\/schema\/person\/aa8b4a429805c4e3f0713a3c3f95212b\"},\"headline\":\"Moez Sinaoui : Le projet de loi de r\u00e9conciliation \u00e9conomique ne sera pas retir\u00e9\",\"datePublished\":\"2015-09-01T17:27:48+00:00\",\"dateModified\":\"2015-09-02T08:42:39+00:00\",\"mainEntityOfPage\":{\"@id\":\"https:\/\/kapitalis.com\/tunisie\/2015\/09\/01\/moez-sinaoui-le-projet-de-loi-de-reconciliation-economique-ne-sera-pas-retire\/\"},\"wordCount\":140,\"commentCount\":0,\"publisher\":{\"@id\":\"https:\/\/kapitalis.com\/tunisie\/#organization\"},\"image\":{\"@id\":\"https:\/\/kapitalis.com\/tunisie\/2015\/09\/01\/moez-sinaoui-le-projet-de-loi-de-reconciliation-economique-ne-sera-pas-retire\/#primaryimage\"},\"thumbnailUrl\":\"\",\"keywords\":[\"ARP\",\"Moez Sinaoui\",\"porte-parole\",\"projet de loi de la r\u00e9conciliation \u00e9conomique\"],\"articleSection\":[\"POLITIQUE\",\"Tunisie\"],\"inLanguage\":\"fr-FR\",\"potentialAction\":[{\"@type\":\"CommentAction\",\"name\":\"Comment\",\"target\":[\"https:\/\/kapitalis.com\/tunisie\/2015\/09\/01\/moez-sinaoui-le-projet-de-loi-de-reconciliation-economique-ne-sera-pas-retire\/#respond\"]}]},{\"@type\":\"WebPage\",\"@id\":\"https:\/\/kapitalis.com\/tunisie\/2015\/09\/01\/moez-sinaoui-le-projet-de-loi-de-reconciliation-economique-ne-sera-pas-retire\/\",\"url\":\"https:\/\/kapitalis.com\/tunisie\/2015\/09\/01\/moez-sinaoui-le-projet-de-loi-de-reconciliation-economique-ne-sera-pas-retire\/\",\"name\":\"Moez Sinaoui : Le projet de loi de r\u00e9conciliation \u00e9conomique ne sera pas retir\u00e9 - Kapitalis\",\"isPartOf\":{\"@id\":\"https:\/\/kapitalis.com\/tunisie\/#website\"},\"primaryImageOfPage\":{\"@id\":\"https:\/\/kapitalis.com\/tunisie\/2015\/09\/01\/moez-sinaoui-le-projet-de-loi-de-reconciliation-economique-ne-sera-pas-retire\/#primaryimage\"},\"image\":{\"@id\":\"https:\/\/kapitalis.com\/tunisie\/2015\/09\/01\/moez-sinaoui-le-projet-de-loi-de-reconciliation-economique-ne-sera-pas-retire\/#primaryimage\"},\"thumbnailUrl\":\"\",\"datePublished\":\"2015-09-01T17:27:48+00:00\",\"dateModified\":\"2015-09-02T08:42:39+00:00\",\"breadcrumb\":{\"@id\":\"https:\/\/kapitalis.com\/tunisie\/2015\/09\/01\/moez-sinaoui-le-projet-de-loi-de-reconciliation-economique-ne-sera-pas-retire\/#breadcrumb\"},\"inLanguage\":\"fr-FR\",\"potentialAction\":[{\"@type\":\"ReadAction\",\"target\":[\"https:\/\/kapitalis.com\/tunisie\/2015\/09\/01\/moez-sinaoui-le-projet-de-loi-de-reconciliation-economique-ne-sera-pas-retire\/\"]}]},{\"@type\":\"ImageObject\",\"inLanguage\":\"fr-FR\",\"@id\":\"https:\/\/kapitalis.com\/tunisie\/2015\/09\/01\/moez-sinaoui-le-projet-de-loi-de-reconciliation-economique-ne-sera-pas-retire\/#primaryimage\",\"url\":\"\",\"contentUrl\":\"\"},{\"@type\":\"BreadcrumbList\",\"@id\":\"https:\/\/kapitalis.com\/tunisie\/2015\/09\/01\/moez-sinaoui-le-projet-de-loi-de-reconciliation-economique-ne-sera-pas-retire\/#breadcrumb\",\"itemListElement\":[{\"@type\":\"ListItem\",\"position\":1,\"name\":\"Accueil\",\"item\":\"https:\/\/kapitalis.com\/tunisie\/\"},{\"@type\":\"ListItem\",\"position\":2,\"name\":\"Moez Sinaoui : Le projet de loi de r\u00e9conciliation \u00e9conomique ne sera pas retir\u00e9\"}]},{\"@type\":\"WebSite\",\"@id\":\"https:\/\/kapitalis.com\/tunisie\/#website\",\"url\":\"https:\/\/kapitalis.com\/tunisie\/\",\"name\":\"Kapitalis\",\"description\":\"L&#039;actualit\u00e9 en Tunisie et dans le monde\",\"publisher\":{\"@id\":\"https:\/\/kapitalis.com\/tunisie\/#organization\"},\"potentialAction\":[{\"@type\":\"SearchAction\",\"target\":{\"@type\":\"EntryPoint\",\"urlTemplate\":\"https:\/\/kapitalis.com\/tunisie\/?s={search_term_string}\"},\"query-input\":{\"@type\":\"PropertyValueSpecification\",\"valueRequired\":true,\"valueName\":\"search_term_string\"}}],\"inLanguage\":\"fr-FR\"},{\"@type\":\"Organization\",\"@id\":\"https:\/\/kapitalis.com\/tunisie\/#organization\",\"name\":\"Kapitalis\",\"url\":\"https:\/\/kapitalis.com\/tunisie\/\",\"logo\":{\"@type\":\"ImageObject\",\"inLanguage\":\"fr-FR\",\"@id\":\"https:\/\/kapitalis.com\/tunisie\/#\/schema\/logo\/image\/\",\"url\":\"https:\/\/kapitalis.com\/tunisie\/wp-content\/uploads\/2022\/05\/Kapitalis-big-size.png\",\"contentUrl\":\"https:\/\/kapitalis.com\/tunisie\/wp-content\/uploads\/2022\/05\/Kapitalis-big-size.png\",\"width\":5000,\"height\":1500,\"caption\":\"Kapitalis\"},\"image\":{\"@id\":\"https:\/\/kapitalis.com\/tunisie\/#\/schema\/logo\/image\/\"},\"sameAs\":[\"https:\/\/www.facebook.com\/KapitalisInfo\/\",\"https:\/\/x.com\/KapitalisInfo\",\"https:\/\/www.youtube.com\/channel\/UC-yDYrHyfFBWWZaOw3FPg9Q\"]},{\"@type\":\"Person\",\"@id\":\"https:\/\/kapitalis.com\/tunisie\/#\/schema\/person\/aa8b4a429805c4e3f0713a3c3f95212b\",\"name\":\"webmaster aux\",\"url\":\"https:\/\/kapitalis.com\/tunisie\/author\/webmasteraux\/\"}]}<\/script>\n<!-- \/ Yoast SEO plugin. -->","yoast_head_json":{"title":"Moez Sinaoui : Le projet de loi de r\u00e9conciliation \u00e9conomique ne sera pas retir\u00e9 - Kapitalis","robots":{"index":"index","follow":"follow","max-snippet":"max-snippet:-1","max-image-preview":"max-image-preview:large","max-video-preview":"max-video-preview:-1"},"canonical":"https:\/\/kapitalis.com\/tunisie\/2015\/09\/01\/moez-sinaoui-le-projet-de-loi-de-reconciliation-economique-ne-sera-pas-retire\/","og_locale":"fr_FR","og_type":"article","og_title":"Moez Sinaoui : Le projet de loi de r\u00e9conciliation \u00e9conomique ne sera pas retir\u00e9 - Kapitalis","og_description":"Le projet de loi de la r\u00e9conciliation \u00e9conomique ne sera pas retir\u00e9 de l\u2019Assembl\u00e9e, affirme Moez Sinaoui, le porte-parole de la pr\u00e9sidence de la R\u00e9publique.","og_url":"https:\/\/kapitalis.com\/tunisie\/2015\/09\/01\/moez-sinaoui-le-projet-de-loi-de-reconciliation-economique-ne-sera-pas-retire\/","og_site_name":"Kapitalis","article_publisher":"https:\/\/www.facebook.com\/KapitalisInfo\/","article_published_time":"2015-09-01T17:27:48+00:00","article_modified_time":"2015-09-02T08:42:39+00:00","og_image":[{"width":1200,"height":630,"url":"https:\/\/kapitalis.com\/tunisie\/wp-content\/uploads\/2022\/05\/kapitalis-logo-fb.png","type":"image\/png"}],"author":"webmaster aux","twitter_card":"summary_large_image","twitter_creator":"@KapitalisInfo","twitter_site":"@KapitalisInfo","twitter_misc":{"\u00c9crit par":"webmaster aux","Dur\u00e9e de lecture estim\u00e9e":"1 minute"},"schema":{"@context":"https:\/\/schema.org","@graph":[{"@type":"Article","@id":"https:\/\/kapitalis.com\/tunisie\/2015\/09\/01\/moez-sinaoui-le-projet-de-loi-de-reconciliation-economique-ne-sera-pas-retire\/#article","isPartOf":{"@id":"https:\/\/kapitalis.com\/tunisie\/2015\/09\/01\/moez-sinaoui-le-projet-de-loi-de-reconciliation-economique-ne-sera-pas-retire\/"},"author":{"name":"webmaster aux","@id":"https:\/\/kapitalis.com\/tunisie\/#\/schema\/person\/aa8b4a429805c4e3f0713a3c3f95212b"},"headline":"Moez Sinaoui : Le projet de loi de r\u00e9conciliation \u00e9conomique ne sera pas retir\u00e9","datePublished":"2015-09-01T17:27:48+00:00","dateModified":"2015-09-02T08:42:39+00:00","mainEntityOfPage":{"@id":"https:\/\/kapitalis.com\/tunisie\/2015\/09\/01\/moez-sinaoui-le-projet-de-loi-de-reconciliation-economique-ne-sera-pas-retire\/"},"wordCount":140,"commentCount":0,"publisher":{"@id":"https:\/\/kapitalis.com\/tunisie\/#organization"},"image":{"@id":"https:\/\/kapitalis.com\/tunisie\/2015\/09\/01\/moez-sinaoui-le-projet-de-loi-de-reconciliation-economique-ne-sera-pas-retire\/#primaryimage"},"thumbnailUrl":"","keywords":["ARP","Moez Sinaoui","porte-parole","projet de loi de la r\u00e9conciliation \u00e9conomique"],"articleSection":["POLITIQUE","Tunisie"],"inLanguage":"fr-FR","potentialAction":[{"@type":"CommentAction","name":"Comment","target":["https:\/\/kapitalis.com\/tunisie\/2015\/09\/01\/moez-sinaoui-le-projet-de-loi-de-reconciliation-economique-ne-sera-pas-retire\/#respond"]}]},{"@type":"WebPage","@id":"https:\/\/kapitalis.com\/tunisie\/2015\/09\/01\/moez-sinaoui-le-projet-de-loi-de-reconciliation-economique-ne-sera-pas-retire\/","url":"https:\/\/kapitalis.com\/tunisie\/2015\/09\/01\/moez-sinaoui-le-projet-de-loi-de-reconciliation-economique-ne-sera-pas-retire\/","name":"Moez Sinaoui : Le projet de loi de r\u00e9conciliation \u00e9conomique ne sera pas retir\u00e9 - Kapitalis","isPartOf":{"@id":"https:\/\/kapitalis.com\/tunisie\/#website"},"primaryImageOfPage":{"@id":"https:\/\/kapitalis.com\/tunisie\/2015\/09\/01\/moez-sinaoui-le-projet-de-loi-de-reconciliation-economique-ne-sera-pas-retire\/#primaryimage"},"image":{"@id":"https:\/\/kapitalis.com\/tunisie\/2015\/09\/01\/moez-sinaoui-le-projet-de-loi-de-reconciliation-economique-ne-sera-pas-retire\/#primaryimage"},"thumbnailUrl":"","datePublished":"2015-09-01T17:27:48+00:00","dateModified":"2015-09-02T08:42:39+00:00","breadcrumb":{"@id":"https:\/\/kapitalis.com\/tunisie\/2015\/09\/01\/moez-sinaoui-le-projet-de-loi-de-reconciliation-economique-ne-sera-pas-retire\/#breadcrumb"},"inLanguage":"fr-FR","potentialAction":[{"@type":"ReadAction","target":["https:\/\/kapitalis.com\/tunisie\/2015\/09\/01\/moez-sinaoui-le-projet-de-loi-de-reconciliation-economique-ne-sera-pas-retire\/"]}]},{"@type":"ImageObject","inLanguage":"fr-FR","@id":"https:\/\/kapitalis.com\/tunisie\/2015\/09\/01\/moez-sinaoui-le-projet-de-loi-de-reconciliation-economique-ne-sera-pas-retire\/#primaryimage","url":"","contentUrl":""},{"@type":"BreadcrumbList","@id":"https:\/\/kapitalis.com\/tunisie\/2015\/09\/01\/moez-sinaoui-le-projet-de-loi-de-reconciliation-economique-ne-sera-pas-retire\/#breadcrumb","itemListElement":[{"@type":"ListItem","position":1,"name":"Accueil","item":"https:\/\/kapitalis.com\/tunisie\/"},{"@type":"ListItem","position":2,"name":"Moez Sinaoui : Le projet de loi de r\u00e9conciliation \u00e9conomique ne sera pas retir\u00e9"}]},{"@type":"WebSite","@id":"https:\/\/kapitalis.com\/tunisie\/#website","url":"https:\/\/kapitalis.com\/tunisie\/","name":"Kapitalis","description":"L&#039;actualit\u00e9 en Tunisie et dans le monde","publisher":{"@id":"https:\/\/kapitalis.com\/tunisie\/#organization"},"potentialAction":[{"@type":"SearchAction","target":{"@type":"EntryPoint","urlTemplate":"https:\/\/kapitalis.com\/tunisie\/?s={search_term_string}"},"query-input":{"@type":"PropertyValueSpecification","valueRequired":true,"valueName":"search_term_string"}}],"inLanguage":"fr-FR"},{"@type":"Organization","@id":"https:\/\/kapitalis.com\/tunisie\/#organization","name":"Kapitalis","url":"https:\/\/kapitalis.com\/tunisie\/","logo":{"@type":"ImageObject","inLanguage":"fr-FR","@id":"https:\/\/kapitalis.com\/tunisie\/#\/schema\/logo\/image\/","url":"https:\/\/kapitalis.com\/tunisie\/wp-content\/uploads\/2022\/05\/Kapitalis-big-size.png","contentUrl":"https:\/\/kapitalis.com\/tunisie\/wp-content\/uploads\/2022\/05\/Kapitalis-big-size.png","width":5000,"height":1500,"caption":"Kapitalis"},"image":{"@id":"https:\/\/kapitalis.com\/tunisie\/#\/schema\/logo\/image\/"},"sameAs":["https:\/\/www.facebook.com\/KapitalisInfo\/","https:\/\/x.com\/KapitalisInfo","https:\/\/www.youtube.com\/channel\/UC-yDYrHyfFBWWZaOw3FPg9Q"]},{"@type":"Person","@id":"https:\/\/kapitalis.com\/tunisie\/#\/schema\/person\/aa8b4a429805c4e3f0713a3c3f95212b","name":"webmaster aux","url":"https:\/\/kapitalis.com\/tunisie\/author\/webmasteraux\/"}]}},"_links":{"self":[{"href":"https:\/\/kapitalis.com\/tunisie\/wp-json\/wp\/v2\/posts\/12051","targetHints":{"allow":["GET"]}}],"collection":[{"href":"https:\/\/kapitalis.com\/tunisie\/wp-json\/wp\/v2\/posts"}],"about":[{"href":"https:\/\/kapitalis.com\/tunisie\/wp-json\/wp\/v2\/types\/post"}],"author":[{"embeddable":true,"href":"https:\/\/kapitalis.com\/tunisie\/wp-json\/wp\/v2\/users\/13"}],"replies":[{"embeddable":true,"href":"https:\/\/kapitalis.com\/tunisie\/wp-json\/wp\/v2\/comments?post=12051"}],"version-history":[{"count":0,"href":"https:\/\/kapitalis.com\/tunisie\/wp-json\/wp\/v2\/posts\/12051\/revisions"}],"wp:featuredmedia":[{"embeddable":true,"href":"https:\/\/kapitalis.com\/tunisie\/wp-json\/wp\/v2\/media\/12052"}],"wp:attachment":[{"href":"https:\/\/kapitalis.com\/tunisie\/wp-json\/wp\/v2\/media?parent=12051"}],"wp:term":[{"taxonomy":"category","embeddable":true,"href":"https:\/\/kapitalis.com\/tunisie\/wp-json\/wp\/v2\/categories?post=12051"},{"taxonomy":"post_tag","embeddable":true,"href":"https:\/\/kapitalis.com\/tunisie\/wp-json\/wp\/v2\/tags?post=12051"}],"curies":[{"name":"wp","href":"https:\/\/api.w.org\/{rel}","templated":true}]}}