{"id":120543,"date":"2017-10-27T08:02:56","date_gmt":"2017-10-27T07:02:56","guid":{"rendered":"http:\/\/kapitalis.com\/tunisie\/?p=120543"},"modified":"2017-10-27T08:02:56","modified_gmt":"2017-10-27T07:02:56","slug":"gammarth-rencontres-franco-tunisiennes-des-cereales","status":"publish","type":"post","link":"https:\/\/kapitalis.com\/tunisie\/2017\/10\/27\/gammarth-rencontres-franco-tunisiennes-des-cereales\/","title":{"rendered":"Gammarth : Rencontres franco-tunisiennes des c\u00e9r\u00e9ales"},"content":{"rendered":"<p style=\"text-align: center;\"><img loading=\"lazy\" decoding=\"async\" class=\"alignnone size-full wp-image-120544\" src=\"http:\/\/kapitalis.com\/tunisie\/wp-content\/uploads\/2017\/10\/Rencontres-cerealieres-franco-tunisiennes.jpg\" alt=\"\" width=\"626\" height=\"380\" \/><\/p>\n<p><em><strong>Les Rencontres franco-tunisiennes des c\u00e9r\u00e9ales se tiendront le mercredi 22 novembre 2017 \u00e0 l\u2019h\u00f4tel Golden Tulip Carthage, \u00e0 Gammarth, au nord de Tunis.<\/strong><\/em><\/p>\n<p><!--more--><\/p>\n<p>Organis\u00e9es par France Export C\u00e9r\u00e9ales, l&rsquo;<a href=\"http:\/\/franceexportcereales.org\/fr\/\">Association de promotion internationale des c\u00e9r\u00e9ales fran\u00e7aises<\/a>, cr\u00e9\u00e9e, financ\u00e9e et dirig\u00e9e par les agriculteurs fran\u00e7ais afin d&rsquo;assurer une liaison p\u00e9renne entre les producteurs fran\u00e7ais et les utilisateurs internationaux des c\u00e9r\u00e9ales de l\u2019Hexagone, ces rencontres annuelles seront une occasion pour pr\u00e9senter l\u2019offre c\u00e9r\u00e9ali\u00e8re fran\u00e7aise pour la campagne 2017-2018, avec la participation de nombreux experts des fili\u00e8res c\u00e9r\u00e9ali\u00e8res tunisiennes et europ\u00e9ennes : traders internationaux, marchands de mat\u00e9riels, experts techniques et institutionnels.<\/p>\n<p>Au programme du s\u00e9minaire, qui sera ouvert par Jean-Pierre Langlois-Berthelot, pr\u00e9sident de France Export C\u00e9r\u00e9ales, des expos\u00e9s de <em>\u00abl\u2019offre c\u00e9r\u00e9ali\u00e8re fran\u00e7aise 2017 (\u00e9l\u00e9ments qualitatifs)\u00bb<\/em>, par Jean-Philippe Leygue (Arvalis &#8211; Institut du V\u00e9g\u00e9tal), <em>\u00ables tendances et perspectives des march\u00e9s c\u00e9r\u00e9aliers internationaux\u00bb,<\/em> par Pierre-Fran\u00e7ois Mahieu (Syndicat national du commerce ext\u00e9rieur des grains), <em>\u00abla d\u00e9sinsectisation des c\u00e9r\u00e9ales : r\u00e8gles et actualit\u00e9\u00bb<\/em> par Philippe Rozelle Group) et <em>\u00abArvalis, un atout pour le d\u00e9veloppement de la fili\u00e8re\u00bb<\/em>, par Franck Wiacek (Arvalis &#8211; Institut du V\u00e9g\u00e9tal).<\/p>\n<p>Le symposium sera cl\u00f4tur\u00e9 par Olivier Poivre d\u2019Arvor, ambassadeur de France \u00e0 Tunis.<\/p>\n<p style=\"text-align: right;\"><strong>I. B. <\/strong><\/p>\n","protected":false},"excerpt":{"rendered":"<p>Les Rencontres franco-tunisiennes des c\u00e9r\u00e9ales se tiendront le mercredi 22 novembre 2017 \u00e0 l\u2019h\u00f4tel Golden Tulip Carthage, \u00e0 Gammarth, au nord de Tunis.<\/p>\n","protected":false},"author":8,"featured_media":120544,"comment_status":"open","ping_status":"open","sticky":false,"template":"","format":"standard","meta":{"footnotes":""},"categories":[995,2433],"tags":[1994,17129],"class_list":["post-120543","post","type-post","status-publish","format-standard","has-post-thumbnail","hentry","category-economie","category-tunisie","tag-gammarth","tag-olivier-poivre-darvor"],"yoast_head":"<!-- This site is optimized with the Yoast SEO plugin v26.6 - https:\/\/yoast.com\/wordpress\/plugins\/seo\/ -->\n<title>Gammarth : Rencontres franco-tunisiennes des c\u00e9r\u00e9ales - Kapitalis<\/title>\n<meta name=\"robots\" content=\"index, follow, max-snippet:-1, max-image-preview:large, max-video-preview:-1\" \/>\n<link rel=\"canonical\" href=\"https:\/\/kapitalis.com\/tunisie\/2017\/10\/27\/gammarth-rencontres-franco-tunisiennes-des-cereales\/\" \/>\n<meta property=\"og:locale\" content=\"fr_FR\" \/>\n<meta property=\"og:type\" content=\"article\" \/>\n<meta property=\"og:title\" content=\"Gammarth : Rencontres franco-tunisiennes des c\u00e9r\u00e9ales - Kapitalis\" \/>\n<meta property=\"og:description\" content=\"Les Rencontres franco-tunisiennes des c\u00e9r\u00e9ales se tiendront le mercredi 22 novembre 2017 \u00e0 l\u2019h\u00f4tel Golden Tulip Carthage, \u00e0 Gammarth, au nord de Tunis.\" \/>\n<meta property=\"og:url\" content=\"https:\/\/kapitalis.com\/tunisie\/2017\/10\/27\/gammarth-rencontres-franco-tunisiennes-des-cereales\/\" \/>\n<meta property=\"og:site_name\" content=\"Kapitalis\" \/>\n<meta property=\"article:publisher\" content=\"https:\/\/www.facebook.com\/KapitalisInfo\/\" \/>\n<meta property=\"article:published_time\" content=\"2017-10-27T07:02:56+00:00\" \/>\n<meta property=\"og:image\" content=\"https:\/\/kapitalis.com\/tunisie\/wp-content\/uploads\/2022\/05\/kapitalis-logo-fb.png\" \/>\n\t<meta property=\"og:image:width\" content=\"1200\" \/>\n\t<meta property=\"og:image:height\" content=\"630\" \/>\n\t<meta property=\"og:image:type\" content=\"image\/png\" \/>\n<meta name=\"author\" content=\"webmaster kapitalis\" \/>\n<meta name=\"twitter:card\" content=\"summary_large_image\" \/>\n<meta name=\"twitter:creator\" content=\"@KapitalisInfo\" \/>\n<meta name=\"twitter:site\" content=\"@KapitalisInfo\" \/>\n<meta name=\"twitter:label1\" content=\"\u00c9crit par\" \/>\n\t<meta name=\"twitter:data1\" content=\"webmaster kapitalis\" \/>\n\t<meta name=\"twitter:label2\" content=\"Dur\u00e9e de lecture estim\u00e9e\" \/>\n\t<meta name=\"twitter:data2\" content=\"1 minute\" \/>\n<script type=\"application\/ld+json\" class=\"yoast-schema-graph\">{\"@context\":\"https:\/\/schema.org\",\"@graph\":[{\"@type\":\"Article\",\"@id\":\"https:\/\/kapitalis.com\/tunisie\/2017\/10\/27\/gammarth-rencontres-franco-tunisiennes-des-cereales\/#article\",\"isPartOf\":{\"@id\":\"https:\/\/kapitalis.com\/tunisie\/2017\/10\/27\/gammarth-rencontres-franco-tunisiennes-des-cereales\/\"},\"author\":{\"name\":\"webmaster kapitalis\",\"@id\":\"https:\/\/kapitalis.com\/tunisie\/#\/schema\/person\/d71f33a9ca44f7bad4698210b480c8e9\"},\"headline\":\"Gammarth : Rencontres franco-tunisiennes des c\u00e9r\u00e9ales\",\"datePublished\":\"2017-10-27T07:02:56+00:00\",\"mainEntityOfPage\":{\"@id\":\"https:\/\/kapitalis.com\/tunisie\/2017\/10\/27\/gammarth-rencontres-franco-tunisiennes-des-cereales\/\"},\"wordCount\":250,\"commentCount\":0,\"publisher\":{\"@id\":\"https:\/\/kapitalis.com\/tunisie\/#organization\"},\"image\":{\"@id\":\"https:\/\/kapitalis.com\/tunisie\/2017\/10\/27\/gammarth-rencontres-franco-tunisiennes-des-cereales\/#primaryimage\"},\"thumbnailUrl\":\"\",\"keywords\":[\"Gammarth\",\"Olivier Poivre d\u2019Arvor\"],\"articleSection\":[\"ECONOMIE\",\"Tunisie\"],\"inLanguage\":\"fr-FR\",\"potentialAction\":[{\"@type\":\"CommentAction\",\"name\":\"Comment\",\"target\":[\"https:\/\/kapitalis.com\/tunisie\/2017\/10\/27\/gammarth-rencontres-franco-tunisiennes-des-cereales\/#respond\"]}]},{\"@type\":\"WebPage\",\"@id\":\"https:\/\/kapitalis.com\/tunisie\/2017\/10\/27\/gammarth-rencontres-franco-tunisiennes-des-cereales\/\",\"url\":\"https:\/\/kapitalis.com\/tunisie\/2017\/10\/27\/gammarth-rencontres-franco-tunisiennes-des-cereales\/\",\"name\":\"Gammarth : Rencontres franco-tunisiennes des c\u00e9r\u00e9ales - Kapitalis\",\"isPartOf\":{\"@id\":\"https:\/\/kapitalis.com\/tunisie\/#website\"},\"primaryImageOfPage\":{\"@id\":\"https:\/\/kapitalis.com\/tunisie\/2017\/10\/27\/gammarth-rencontres-franco-tunisiennes-des-cereales\/#primaryimage\"},\"image\":{\"@id\":\"https:\/\/kapitalis.com\/tunisie\/2017\/10\/27\/gammarth-rencontres-franco-tunisiennes-des-cereales\/#primaryimage\"},\"thumbnailUrl\":\"\",\"datePublished\":\"2017-10-27T07:02:56+00:00\",\"breadcrumb\":{\"@id\":\"https:\/\/kapitalis.com\/tunisie\/2017\/10\/27\/gammarth-rencontres-franco-tunisiennes-des-cereales\/#breadcrumb\"},\"inLanguage\":\"fr-FR\",\"potentialAction\":[{\"@type\":\"ReadAction\",\"target\":[\"https:\/\/kapitalis.com\/tunisie\/2017\/10\/27\/gammarth-rencontres-franco-tunisiennes-des-cereales\/\"]}]},{\"@type\":\"ImageObject\",\"inLanguage\":\"fr-FR\",\"@id\":\"https:\/\/kapitalis.com\/tunisie\/2017\/10\/27\/gammarth-rencontres-franco-tunisiennes-des-cereales\/#primaryimage\",\"url\":\"\",\"contentUrl\":\"\"},{\"@type\":\"BreadcrumbList\",\"@id\":\"https:\/\/kapitalis.com\/tunisie\/2017\/10\/27\/gammarth-rencontres-franco-tunisiennes-des-cereales\/#breadcrumb\",\"itemListElement\":[{\"@type\":\"ListItem\",\"position\":1,\"name\":\"Accueil\",\"item\":\"https:\/\/kapitalis.com\/tunisie\/\"},{\"@type\":\"ListItem\",\"position\":2,\"name\":\"Gammarth : Rencontres franco-tunisiennes des c\u00e9r\u00e9ales\"}]},{\"@type\":\"WebSite\",\"@id\":\"https:\/\/kapitalis.com\/tunisie\/#website\",\"url\":\"https:\/\/kapitalis.com\/tunisie\/\",\"name\":\"Kapitalis\",\"description\":\"L&#039;actualit\u00e9 en Tunisie et dans le monde\",\"publisher\":{\"@id\":\"https:\/\/kapitalis.com\/tunisie\/#organization\"},\"potentialAction\":[{\"@type\":\"SearchAction\",\"target\":{\"@type\":\"EntryPoint\",\"urlTemplate\":\"https:\/\/kapitalis.com\/tunisie\/?s={search_term_string}\"},\"query-input\":{\"@type\":\"PropertyValueSpecification\",\"valueRequired\":true,\"valueName\":\"search_term_string\"}}],\"inLanguage\":\"fr-FR\"},{\"@type\":\"Organization\",\"@id\":\"https:\/\/kapitalis.com\/tunisie\/#organization\",\"name\":\"Kapitalis\",\"url\":\"https:\/\/kapitalis.com\/tunisie\/\",\"logo\":{\"@type\":\"ImageObject\",\"inLanguage\":\"fr-FR\",\"@id\":\"https:\/\/kapitalis.com\/tunisie\/#\/schema\/logo\/image\/\",\"url\":\"https:\/\/kapitalis.com\/tunisie\/wp-content\/uploads\/2022\/05\/Kapitalis-big-size.png\",\"contentUrl\":\"https:\/\/kapitalis.com\/tunisie\/wp-content\/uploads\/2022\/05\/Kapitalis-big-size.png\",\"width\":5000,\"height\":1500,\"caption\":\"Kapitalis\"},\"image\":{\"@id\":\"https:\/\/kapitalis.com\/tunisie\/#\/schema\/logo\/image\/\"},\"sameAs\":[\"https:\/\/www.facebook.com\/KapitalisInfo\/\",\"https:\/\/x.com\/KapitalisInfo\",\"https:\/\/www.youtube.com\/channel\/UC-yDYrHyfFBWWZaOw3FPg9Q\"]},{\"@type\":\"Person\",\"@id\":\"https:\/\/kapitalis.com\/tunisie\/#\/schema\/person\/d71f33a9ca44f7bad4698210b480c8e9\",\"name\":\"webmaster kapitalis\",\"url\":\"https:\/\/kapitalis.com\/tunisie\/author\/webmaster-kapitalis\/\"}]}<\/script>\n<!-- \/ Yoast SEO plugin. -->","yoast_head_json":{"title":"Gammarth : Rencontres franco-tunisiennes des c\u00e9r\u00e9ales - Kapitalis","robots":{"index":"index","follow":"follow","max-snippet":"max-snippet:-1","max-image-preview":"max-image-preview:large","max-video-preview":"max-video-preview:-1"},"canonical":"https:\/\/kapitalis.com\/tunisie\/2017\/10\/27\/gammarth-rencontres-franco-tunisiennes-des-cereales\/","og_locale":"fr_FR","og_type":"article","og_title":"Gammarth : Rencontres franco-tunisiennes des c\u00e9r\u00e9ales - Kapitalis","og_description":"Les Rencontres franco-tunisiennes des c\u00e9r\u00e9ales se tiendront le mercredi 22 novembre 2017 \u00e0 l\u2019h\u00f4tel Golden Tulip Carthage, \u00e0 Gammarth, au nord de Tunis.","og_url":"https:\/\/kapitalis.com\/tunisie\/2017\/10\/27\/gammarth-rencontres-franco-tunisiennes-des-cereales\/","og_site_name":"Kapitalis","article_publisher":"https:\/\/www.facebook.com\/KapitalisInfo\/","article_published_time":"2017-10-27T07:02:56+00:00","og_image":[{"width":1200,"height":630,"url":"https:\/\/kapitalis.com\/tunisie\/wp-content\/uploads\/2022\/05\/kapitalis-logo-fb.png","type":"image\/png"}],"author":"webmaster kapitalis","twitter_card":"summary_large_image","twitter_creator":"@KapitalisInfo","twitter_site":"@KapitalisInfo","twitter_misc":{"\u00c9crit par":"webmaster kapitalis","Dur\u00e9e de lecture estim\u00e9e":"1 minute"},"schema":{"@context":"https:\/\/schema.org","@graph":[{"@type":"Article","@id":"https:\/\/kapitalis.com\/tunisie\/2017\/10\/27\/gammarth-rencontres-franco-tunisiennes-des-cereales\/#article","isPartOf":{"@id":"https:\/\/kapitalis.com\/tunisie\/2017\/10\/27\/gammarth-rencontres-franco-tunisiennes-des-cereales\/"},"author":{"name":"webmaster kapitalis","@id":"https:\/\/kapitalis.com\/tunisie\/#\/schema\/person\/d71f33a9ca44f7bad4698210b480c8e9"},"headline":"Gammarth : Rencontres franco-tunisiennes des c\u00e9r\u00e9ales","datePublished":"2017-10-27T07:02:56+00:00","mainEntityOfPage":{"@id":"https:\/\/kapitalis.com\/tunisie\/2017\/10\/27\/gammarth-rencontres-franco-tunisiennes-des-cereales\/"},"wordCount":250,"commentCount":0,"publisher":{"@id":"https:\/\/kapitalis.com\/tunisie\/#organization"},"image":{"@id":"https:\/\/kapitalis.com\/tunisie\/2017\/10\/27\/gammarth-rencontres-franco-tunisiennes-des-cereales\/#primaryimage"},"thumbnailUrl":"","keywords":["Gammarth","Olivier Poivre d\u2019Arvor"],"articleSection":["ECONOMIE","Tunisie"],"inLanguage":"fr-FR","potentialAction":[{"@type":"CommentAction","name":"Comment","target":["https:\/\/kapitalis.com\/tunisie\/2017\/10\/27\/gammarth-rencontres-franco-tunisiennes-des-cereales\/#respond"]}]},{"@type":"WebPage","@id":"https:\/\/kapitalis.com\/tunisie\/2017\/10\/27\/gammarth-rencontres-franco-tunisiennes-des-cereales\/","url":"https:\/\/kapitalis.com\/tunisie\/2017\/10\/27\/gammarth-rencontres-franco-tunisiennes-des-cereales\/","name":"Gammarth : Rencontres franco-tunisiennes des c\u00e9r\u00e9ales - Kapitalis","isPartOf":{"@id":"https:\/\/kapitalis.com\/tunisie\/#website"},"primaryImageOfPage":{"@id":"https:\/\/kapitalis.com\/tunisie\/2017\/10\/27\/gammarth-rencontres-franco-tunisiennes-des-cereales\/#primaryimage"},"image":{"@id":"https:\/\/kapitalis.com\/tunisie\/2017\/10\/27\/gammarth-rencontres-franco-tunisiennes-des-cereales\/#primaryimage"},"thumbnailUrl":"","datePublished":"2017-10-27T07:02:56+00:00","breadcrumb":{"@id":"https:\/\/kapitalis.com\/tunisie\/2017\/10\/27\/gammarth-rencontres-franco-tunisiennes-des-cereales\/#breadcrumb"},"inLanguage":"fr-FR","potentialAction":[{"@type":"ReadAction","target":["https:\/\/kapitalis.com\/tunisie\/2017\/10\/27\/gammarth-rencontres-franco-tunisiennes-des-cereales\/"]}]},{"@type":"ImageObject","inLanguage":"fr-FR","@id":"https:\/\/kapitalis.com\/tunisie\/2017\/10\/27\/gammarth-rencontres-franco-tunisiennes-des-cereales\/#primaryimage","url":"","contentUrl":""},{"@type":"BreadcrumbList","@id":"https:\/\/kapitalis.com\/tunisie\/2017\/10\/27\/gammarth-rencontres-franco-tunisiennes-des-cereales\/#breadcrumb","itemListElement":[{"@type":"ListItem","position":1,"name":"Accueil","item":"https:\/\/kapitalis.com\/tunisie\/"},{"@type":"ListItem","position":2,"name":"Gammarth : Rencontres franco-tunisiennes des c\u00e9r\u00e9ales"}]},{"@type":"WebSite","@id":"https:\/\/kapitalis.com\/tunisie\/#website","url":"https:\/\/kapitalis.com\/tunisie\/","name":"Kapitalis","description":"L&#039;actualit\u00e9 en Tunisie et dans le monde","publisher":{"@id":"https:\/\/kapitalis.com\/tunisie\/#organization"},"potentialAction":[{"@type":"SearchAction","target":{"@type":"EntryPoint","urlTemplate":"https:\/\/kapitalis.com\/tunisie\/?s={search_term_string}"},"query-input":{"@type":"PropertyValueSpecification","valueRequired":true,"valueName":"search_term_string"}}],"inLanguage":"fr-FR"},{"@type":"Organization","@id":"https:\/\/kapitalis.com\/tunisie\/#organization","name":"Kapitalis","url":"https:\/\/kapitalis.com\/tunisie\/","logo":{"@type":"ImageObject","inLanguage":"fr-FR","@id":"https:\/\/kapitalis.com\/tunisie\/#\/schema\/logo\/image\/","url":"https:\/\/kapitalis.com\/tunisie\/wp-content\/uploads\/2022\/05\/Kapitalis-big-size.png","contentUrl":"https:\/\/kapitalis.com\/tunisie\/wp-content\/uploads\/2022\/05\/Kapitalis-big-size.png","width":5000,"height":1500,"caption":"Kapitalis"},"image":{"@id":"https:\/\/kapitalis.com\/tunisie\/#\/schema\/logo\/image\/"},"sameAs":["https:\/\/www.facebook.com\/KapitalisInfo\/","https:\/\/x.com\/KapitalisInfo","https:\/\/www.youtube.com\/channel\/UC-yDYrHyfFBWWZaOw3FPg9Q"]},{"@type":"Person","@id":"https:\/\/kapitalis.com\/tunisie\/#\/schema\/person\/d71f33a9ca44f7bad4698210b480c8e9","name":"webmaster kapitalis","url":"https:\/\/kapitalis.com\/tunisie\/author\/webmaster-kapitalis\/"}]}},"_links":{"self":[{"href":"https:\/\/kapitalis.com\/tunisie\/wp-json\/wp\/v2\/posts\/120543","targetHints":{"allow":["GET"]}}],"collection":[{"href":"https:\/\/kapitalis.com\/tunisie\/wp-json\/wp\/v2\/posts"}],"about":[{"href":"https:\/\/kapitalis.com\/tunisie\/wp-json\/wp\/v2\/types\/post"}],"author":[{"embeddable":true,"href":"https:\/\/kapitalis.com\/tunisie\/wp-json\/wp\/v2\/users\/8"}],"replies":[{"embeddable":true,"href":"https:\/\/kapitalis.com\/tunisie\/wp-json\/wp\/v2\/comments?post=120543"}],"version-history":[{"count":0,"href":"https:\/\/kapitalis.com\/tunisie\/wp-json\/wp\/v2\/posts\/120543\/revisions"}],"wp:featuredmedia":[{"embeddable":true,"href":"https:\/\/kapitalis.com\/tunisie\/wp-json\/wp\/v2\/media\/120544"}],"wp:attachment":[{"href":"https:\/\/kapitalis.com\/tunisie\/wp-json\/wp\/v2\/media?parent=120543"}],"wp:term":[{"taxonomy":"category","embeddable":true,"href":"https:\/\/kapitalis.com\/tunisie\/wp-json\/wp\/v2\/categories?post=120543"},{"taxonomy":"post_tag","embeddable":true,"href":"https:\/\/kapitalis.com\/tunisie\/wp-json\/wp\/v2\/tags?post=120543"}],"curies":[{"name":"wp","href":"https:\/\/api.w.org\/{rel}","templated":true}]}}