{"id":12054802,"date":"2024-03-11T12:06:17","date_gmt":"2024-03-11T11:06:17","guid":{"rendered":"https:\/\/kapitalis.com\/tunisie\/?p=12054802"},"modified":"2024-03-11T12:06:19","modified_gmt":"2024-03-11T11:06:19","slug":"nizar-chaari-jabrogerai-le-decret-n54-qui-limite-la-liberte-dexpression","status":"publish","type":"post","link":"https:\/\/kapitalis.com\/tunisie\/2024\/03\/11\/nizar-chaari-jabrogerai-le-decret-n54-qui-limite-la-liberte-dexpression\/","title":{"rendered":"Nizar Chaari\u00a0: \u00abJ\u2019abrogerai le d\u00e9cret n\u00b054 qui limite la libert\u00e9 d\u2019expression\u00bb"},"content":{"rendered":"\n<p><strong><em>Nizar Chaari a d\u00e9clar\u00e9 que sa candidature \u00e0 la pr\u00e9sidentielle tunisienne de l\u2019automne prochain n\u2019est pas un acte arbitraire car, a-t-il expliqu\u00e9, \u00ab\u00a0les jeunes avec lesquels j\u2019ai travaill\u00e9 depuis plusieurs ann\u00e9es m\u2019ont confi\u00e9 la responsabilit\u00e9 de d\u00e9fendre leurs attentes et de r\u00e9aliser les objectifs pour lesquels ils avaient fait la r\u00e9volution\u00bb. <a href=\"https:\/\/www.facebook.com\/watch\/?v=279623775164973\" target=\"_blank\" rel=\"noreferrer noopener\">Vid\u00e9o.<\/a> <\/em><\/strong><\/p>\n\n\n\n<!--more-->\n\n\n\n<p>Le journaliste et activiste politique, qui intervenait sur ICI T\u00e9l\u00e9vision, une cha\u00eene diffusant depuis Montr\u00e9al au Canada, a d\u00e9clar\u00e9 que les prochaines \u00e9lections pr\u00e9sidentielles vont conna\u00eetre<em> \u00abun d\u00e9luge populaire\u00bb<\/em>, ajoutant qu\u2019<em>\u00abavec la nouvelle constitution<\/em> [promulgu\u00e9e par le pr\u00e9sident Ka\u00efs Sa\u00efed en 2022, Ndlr], <em>on ne peut changer tout ce qui a \u00e9t\u00e9 fait apr\u00e8s le coup d\u2019Etat <\/em>[proclamation de l\u2019\u00e9tat d\u2019exception, le 25 juillet 2021, Ndlr] <em>sans changement \u00e0 la t\u00eate du pouvoir en place\u00bb.<\/em><\/p>\n\n\n\n<p>Interrog\u00e9 sur les premi\u00e8res actions qu\u2019il mettrait en \u0153uvre une fois \u00e9lu, Nizar Chaari a d\u00e9clar\u00e9\u00a0:<em> \u00abLa premi\u00e8re d\u00e9cision que je prendrai une fois devenu pr\u00e9sident c\u2019est une amnistie g\u00e9n\u00e9rale pour tous ceux qui ont subi une injustice au cours de cette p\u00e9riode qu\u2019il s\u2019agisse de politiques ou de journalistes. Car tout accus\u00e9 est innocent jusqu\u2019\u00e0 preuve du contraire.\u00bb<\/em> Le candidat \u00e0 la candidature a aussi annonc\u00e9 qu\u2019il abrogerait le d\u00e9cret n\u00b054 qui<em> \u00ablimite la libert\u00e9 d\u2019expression\u00bb<\/em>, selon ses termes<em>. \u00a0<\/em><\/p>\n\n\n\n<p><em>\u00abL\u2019objectif naturel de toute opposition c\u2019est d\u2019arriver au pouvoir\u00bb<\/em>, a soulign\u00e9 Chaari en d\u00e9plorant que l\u2019opposition actuelle en Tunisie soit <em>\u00abtr\u00e8s divis\u00e9e et sans vision commune\u00bb<\/em>. <em>\u00abOr,<\/em> ajoute-t-il,<em> la Tunisie a besoin de quatre ou cinq partis qui repr\u00e9sentent les Tunisiens, entre droite conservatrice, gauche progressiste et centre mod\u00e9r\u00e9\u00bb<\/em>. &nbsp;<\/p>\n\n\n\n<p><em>\u00abJe suis un homme politique et je traite avec tous les politiques sans exclusion et je m\u2019assoirai avec tous sur la table du dialogue national\u00bb<\/em>, a d\u00e9clar\u00e9 le candidat \u00e0 la pr\u00e9sidentielle. <em>\u00abJe suis un homme de rassemblement. Je ne suis ni nahdhaoui<\/em> [membre du parti islamiste Ennahdha, Ndlr]<em> ni chiite, et je n\u2019ai de lien avec aucun service de renseignement \u00e9tranger\u00bb<\/em>, a insist\u00e9 Chaari, par allusion \u00e0 l\u2019accusation adress\u00e9e par le pr\u00e9sident Sa\u00efed \u00e0 ses opposants, souvent qualifi\u00e9s d\u2019<em>\u00abagents de l\u2019\u00e9tranger\u00bb<\/em>.<\/p>\n\n\n\n<p>Interrog\u00e9 sur la pr\u00e9sidente du Parti destourien libre (PDL), incarc\u00e9r\u00e9e depuis d\u00e9but octobre dernier et poursuivie dans plusieurs affaires intent\u00e9es contre elle par le pouvoir en place, le pr\u00e9sident du parti Nouvelle Carthage a expliqu\u00e9\u00a0: <em>\u00abJe reproche \u00e0 Abir Moussi sa tendance \u00e0 exclure les autres, mais je la d\u00e9fends en tant que femme tunisienne et en tant qu\u2019activiste politique qui a subi l\u2019exclusion et l\u2019injustice suite \u00e0 l\u2019annonce de sa candidature aux \u00e9lections pr\u00e9sidentielles\u00bb.<\/em> <\/p>\n\n\n\n<p class=\"has-text-align-right\"><strong>I. B.<\/strong><\/p>\n","protected":false},"excerpt":{"rendered":"<p>Nizar Chaari :  \u00abAbir Moussi a subi l\u2019exclusion et l\u2019injustice suite \u00e0 l\u2019annonce de sa candidature aux pr\u00e9sidentielles\u00bb. <\/p>\n","protected":false},"author":8,"featured_media":12054881,"comment_status":"open","ping_status":"open","sticky":false,"template":"","format":"standard","meta":{"footnotes":""},"categories":[997,2433],"tags":[15144,76012,92260,114402,23927,4797],"class_list":["post-12054802","post","type-post","status-publish","format-standard","has-post-thumbnail","hentry","category-politique","category-tunisie","tag-abir-moussi","tag-kais-saied-2","tag-nizar-chaari-2","tag-nouvelle-carthage","tag-parti-destourien-libre","tag-presidentielle"],"yoast_head":"<!-- This site is optimized with the Yoast SEO plugin v26.6 - https:\/\/yoast.com\/wordpress\/plugins\/seo\/ -->\n<title>Nizar Chaari\u00a0: \u00abJ\u2019abrogerai le d\u00e9cret n\u00b054 qui limite la libert\u00e9 d\u2019expression\u00bb - Kapitalis<\/title>\n<meta name=\"robots\" content=\"index, follow, max-snippet:-1, max-image-preview:large, max-video-preview:-1\" \/>\n<link rel=\"canonical\" href=\"https:\/\/kapitalis.com\/tunisie\/2024\/03\/11\/nizar-chaari-jabrogerai-le-decret-n54-qui-limite-la-liberte-dexpression\/\" \/>\n<meta property=\"og:locale\" content=\"fr_FR\" \/>\n<meta property=\"og:type\" content=\"article\" \/>\n<meta property=\"og:title\" content=\"Nizar Chaari\u00a0: \u00abJ\u2019abrogerai le d\u00e9cret n\u00b054 qui limite la libert\u00e9 d\u2019expression\u00bb - Kapitalis\" \/>\n<meta property=\"og:description\" content=\"Nizar Chaari : \u00abAbir Moussi a subi l\u2019exclusion et l\u2019injustice suite \u00e0 l\u2019annonce de sa candidature aux pr\u00e9sidentielles\u00bb.\" \/>\n<meta property=\"og:url\" content=\"https:\/\/kapitalis.com\/tunisie\/2024\/03\/11\/nizar-chaari-jabrogerai-le-decret-n54-qui-limite-la-liberte-dexpression\/\" \/>\n<meta property=\"og:site_name\" content=\"Kapitalis\" \/>\n<meta property=\"article:publisher\" content=\"https:\/\/www.facebook.com\/KapitalisInfo\/\" \/>\n<meta property=\"article:published_time\" content=\"2024-03-11T11:06:17+00:00\" \/>\n<meta property=\"article:modified_time\" content=\"2024-03-11T11:06:19+00:00\" \/>\n<meta property=\"og:image\" content=\"https:\/\/kapitalis.com\/tunisie\/wp-content\/uploads\/2024\/03\/Nizar-Chaari-2.jpg\" \/>\n\t<meta property=\"og:image:width\" content=\"1200\" \/>\n\t<meta property=\"og:image:height\" content=\"630\" \/>\n\t<meta property=\"og:image:type\" content=\"image\/jpeg\" \/>\n<meta name=\"author\" content=\"webmaster kapitalis\" \/>\n<meta name=\"twitter:card\" content=\"summary_large_image\" \/>\n<meta name=\"twitter:creator\" content=\"@KapitalisInfo\" \/>\n<meta name=\"twitter:site\" content=\"@KapitalisInfo\" \/>\n<meta name=\"twitter:label1\" content=\"\u00c9crit par\" \/>\n\t<meta name=\"twitter:data1\" content=\"webmaster kapitalis\" \/>\n\t<meta name=\"twitter:label2\" content=\"Dur\u00e9e de lecture estim\u00e9e\" \/>\n\t<meta name=\"twitter:data2\" content=\"3 minutes\" \/>\n<script type=\"application\/ld+json\" class=\"yoast-schema-graph\">{\"@context\":\"https:\/\/schema.org\",\"@graph\":[{\"@type\":\"Article\",\"@id\":\"https:\/\/kapitalis.com\/tunisie\/2024\/03\/11\/nizar-chaari-jabrogerai-le-decret-n54-qui-limite-la-liberte-dexpression\/#article\",\"isPartOf\":{\"@id\":\"https:\/\/kapitalis.com\/tunisie\/2024\/03\/11\/nizar-chaari-jabrogerai-le-decret-n54-qui-limite-la-liberte-dexpression\/\"},\"author\":{\"name\":\"webmaster kapitalis\",\"@id\":\"https:\/\/kapitalis.com\/tunisie\/#\/schema\/person\/d71f33a9ca44f7bad4698210b480c8e9\"},\"headline\":\"Nizar Chaari\u00a0: \u00abJ\u2019abrogerai le d\u00e9cret n\u00b054 qui limite la libert\u00e9 d\u2019expression\u00bb\",\"datePublished\":\"2024-03-11T11:06:17+00:00\",\"dateModified\":\"2024-03-11T11:06:19+00:00\",\"mainEntityOfPage\":{\"@id\":\"https:\/\/kapitalis.com\/tunisie\/2024\/03\/11\/nizar-chaari-jabrogerai-le-decret-n54-qui-limite-la-liberte-dexpression\/\"},\"wordCount\":494,\"commentCount\":4,\"publisher\":{\"@id\":\"https:\/\/kapitalis.com\/tunisie\/#organization\"},\"image\":{\"@id\":\"https:\/\/kapitalis.com\/tunisie\/2024\/03\/11\/nizar-chaari-jabrogerai-le-decret-n54-qui-limite-la-liberte-dexpression\/#primaryimage\"},\"thumbnailUrl\":\"https:\/\/kapitalis.com\/tunisie\/wp-content\/uploads\/2024\/03\/Nizar-Chaari-2.jpg\",\"keywords\":[\"Abir Moussi\",\"Ka\u00efs Sa\u00efed\",\"Nizar Chaari\",\"Nouvelle Carthage\",\"Parti destourien libre\",\"pr\u00e9sidentielle\"],\"articleSection\":[\"POLITIQUE\",\"Tunisie\"],\"inLanguage\":\"fr-FR\",\"potentialAction\":[{\"@type\":\"CommentAction\",\"name\":\"Comment\",\"target\":[\"https:\/\/kapitalis.com\/tunisie\/2024\/03\/11\/nizar-chaari-jabrogerai-le-decret-n54-qui-limite-la-liberte-dexpression\/#respond\"]}]},{\"@type\":\"WebPage\",\"@id\":\"https:\/\/kapitalis.com\/tunisie\/2024\/03\/11\/nizar-chaari-jabrogerai-le-decret-n54-qui-limite-la-liberte-dexpression\/\",\"url\":\"https:\/\/kapitalis.com\/tunisie\/2024\/03\/11\/nizar-chaari-jabrogerai-le-decret-n54-qui-limite-la-liberte-dexpression\/\",\"name\":\"Nizar Chaari\u00a0: \u00abJ\u2019abrogerai le d\u00e9cret n\u00b054 qui limite la libert\u00e9 d\u2019expression\u00bb - Kapitalis\",\"isPartOf\":{\"@id\":\"https:\/\/kapitalis.com\/tunisie\/#website\"},\"primaryImageOfPage\":{\"@id\":\"https:\/\/kapitalis.com\/tunisie\/2024\/03\/11\/nizar-chaari-jabrogerai-le-decret-n54-qui-limite-la-liberte-dexpression\/#primaryimage\"},\"image\":{\"@id\":\"https:\/\/kapitalis.com\/tunisie\/2024\/03\/11\/nizar-chaari-jabrogerai-le-decret-n54-qui-limite-la-liberte-dexpression\/#primaryimage\"},\"thumbnailUrl\":\"https:\/\/kapitalis.com\/tunisie\/wp-content\/uploads\/2024\/03\/Nizar-Chaari-2.jpg\",\"datePublished\":\"2024-03-11T11:06:17+00:00\",\"dateModified\":\"2024-03-11T11:06:19+00:00\",\"breadcrumb\":{\"@id\":\"https:\/\/kapitalis.com\/tunisie\/2024\/03\/11\/nizar-chaari-jabrogerai-le-decret-n54-qui-limite-la-liberte-dexpression\/#breadcrumb\"},\"inLanguage\":\"fr-FR\",\"potentialAction\":[{\"@type\":\"ReadAction\",\"target\":[\"https:\/\/kapitalis.com\/tunisie\/2024\/03\/11\/nizar-chaari-jabrogerai-le-decret-n54-qui-limite-la-liberte-dexpression\/\"]}]},{\"@type\":\"ImageObject\",\"inLanguage\":\"fr-FR\",\"@id\":\"https:\/\/kapitalis.com\/tunisie\/2024\/03\/11\/nizar-chaari-jabrogerai-le-decret-n54-qui-limite-la-liberte-dexpression\/#primaryimage\",\"url\":\"https:\/\/kapitalis.com\/tunisie\/wp-content\/uploads\/2024\/03\/Nizar-Chaari-2.jpg\",\"contentUrl\":\"https:\/\/kapitalis.com\/tunisie\/wp-content\/uploads\/2024\/03\/Nizar-Chaari-2.jpg\",\"width\":1200,\"height\":630},{\"@type\":\"BreadcrumbList\",\"@id\":\"https:\/\/kapitalis.com\/tunisie\/2024\/03\/11\/nizar-chaari-jabrogerai-le-decret-n54-qui-limite-la-liberte-dexpression\/#breadcrumb\",\"itemListElement\":[{\"@type\":\"ListItem\",\"position\":1,\"name\":\"Accueil\",\"item\":\"https:\/\/kapitalis.com\/tunisie\/\"},{\"@type\":\"ListItem\",\"position\":2,\"name\":\"Nizar Chaari\u00a0: \u00abJ\u2019abrogerai le d\u00e9cret n\u00b054 qui limite la libert\u00e9 d\u2019expression\u00bb\"}]},{\"@type\":\"WebSite\",\"@id\":\"https:\/\/kapitalis.com\/tunisie\/#website\",\"url\":\"https:\/\/kapitalis.com\/tunisie\/\",\"name\":\"Kapitalis\",\"description\":\"L&#039;actualit\u00e9 en Tunisie et dans le monde\",\"publisher\":{\"@id\":\"https:\/\/kapitalis.com\/tunisie\/#organization\"},\"potentialAction\":[{\"@type\":\"SearchAction\",\"target\":{\"@type\":\"EntryPoint\",\"urlTemplate\":\"https:\/\/kapitalis.com\/tunisie\/?s={search_term_string}\"},\"query-input\":{\"@type\":\"PropertyValueSpecification\",\"valueRequired\":true,\"valueName\":\"search_term_string\"}}],\"inLanguage\":\"fr-FR\"},{\"@type\":\"Organization\",\"@id\":\"https:\/\/kapitalis.com\/tunisie\/#organization\",\"name\":\"Kapitalis\",\"url\":\"https:\/\/kapitalis.com\/tunisie\/\",\"logo\":{\"@type\":\"ImageObject\",\"inLanguage\":\"fr-FR\",\"@id\":\"https:\/\/kapitalis.com\/tunisie\/#\/schema\/logo\/image\/\",\"url\":\"https:\/\/kapitalis.com\/tunisie\/wp-content\/uploads\/2022\/05\/Kapitalis-big-size.png\",\"contentUrl\":\"https:\/\/kapitalis.com\/tunisie\/wp-content\/uploads\/2022\/05\/Kapitalis-big-size.png\",\"width\":5000,\"height\":1500,\"caption\":\"Kapitalis\"},\"image\":{\"@id\":\"https:\/\/kapitalis.com\/tunisie\/#\/schema\/logo\/image\/\"},\"sameAs\":[\"https:\/\/www.facebook.com\/KapitalisInfo\/\",\"https:\/\/x.com\/KapitalisInfo\",\"https:\/\/www.youtube.com\/channel\/UC-yDYrHyfFBWWZaOw3FPg9Q\"]},{\"@type\":\"Person\",\"@id\":\"https:\/\/kapitalis.com\/tunisie\/#\/schema\/person\/d71f33a9ca44f7bad4698210b480c8e9\",\"name\":\"webmaster kapitalis\",\"url\":\"https:\/\/kapitalis.com\/tunisie\/author\/webmaster-kapitalis\/\"}]}<\/script>\n<!-- \/ Yoast SEO plugin. -->","yoast_head_json":{"title":"Nizar Chaari\u00a0: \u00abJ\u2019abrogerai le d\u00e9cret n\u00b054 qui limite la libert\u00e9 d\u2019expression\u00bb - Kapitalis","robots":{"index":"index","follow":"follow","max-snippet":"max-snippet:-1","max-image-preview":"max-image-preview:large","max-video-preview":"max-video-preview:-1"},"canonical":"https:\/\/kapitalis.com\/tunisie\/2024\/03\/11\/nizar-chaari-jabrogerai-le-decret-n54-qui-limite-la-liberte-dexpression\/","og_locale":"fr_FR","og_type":"article","og_title":"Nizar Chaari\u00a0: \u00abJ\u2019abrogerai le d\u00e9cret n\u00b054 qui limite la libert\u00e9 d\u2019expression\u00bb - Kapitalis","og_description":"Nizar Chaari : \u00abAbir Moussi a subi l\u2019exclusion et l\u2019injustice suite \u00e0 l\u2019annonce de sa candidature aux pr\u00e9sidentielles\u00bb.","og_url":"https:\/\/kapitalis.com\/tunisie\/2024\/03\/11\/nizar-chaari-jabrogerai-le-decret-n54-qui-limite-la-liberte-dexpression\/","og_site_name":"Kapitalis","article_publisher":"https:\/\/www.facebook.com\/KapitalisInfo\/","article_published_time":"2024-03-11T11:06:17+00:00","article_modified_time":"2024-03-11T11:06:19+00:00","og_image":[{"width":1200,"height":630,"url":"https:\/\/kapitalis.com\/tunisie\/wp-content\/uploads\/2024\/03\/Nizar-Chaari-2.jpg","type":"image\/jpeg"}],"author":"webmaster kapitalis","twitter_card":"summary_large_image","twitter_creator":"@KapitalisInfo","twitter_site":"@KapitalisInfo","twitter_misc":{"\u00c9crit par":"webmaster kapitalis","Dur\u00e9e de lecture estim\u00e9e":"3 minutes"},"schema":{"@context":"https:\/\/schema.org","@graph":[{"@type":"Article","@id":"https:\/\/kapitalis.com\/tunisie\/2024\/03\/11\/nizar-chaari-jabrogerai-le-decret-n54-qui-limite-la-liberte-dexpression\/#article","isPartOf":{"@id":"https:\/\/kapitalis.com\/tunisie\/2024\/03\/11\/nizar-chaari-jabrogerai-le-decret-n54-qui-limite-la-liberte-dexpression\/"},"author":{"name":"webmaster kapitalis","@id":"https:\/\/kapitalis.com\/tunisie\/#\/schema\/person\/d71f33a9ca44f7bad4698210b480c8e9"},"headline":"Nizar Chaari\u00a0: \u00abJ\u2019abrogerai le d\u00e9cret n\u00b054 qui limite la libert\u00e9 d\u2019expression\u00bb","datePublished":"2024-03-11T11:06:17+00:00","dateModified":"2024-03-11T11:06:19+00:00","mainEntityOfPage":{"@id":"https:\/\/kapitalis.com\/tunisie\/2024\/03\/11\/nizar-chaari-jabrogerai-le-decret-n54-qui-limite-la-liberte-dexpression\/"},"wordCount":494,"commentCount":4,"publisher":{"@id":"https:\/\/kapitalis.com\/tunisie\/#organization"},"image":{"@id":"https:\/\/kapitalis.com\/tunisie\/2024\/03\/11\/nizar-chaari-jabrogerai-le-decret-n54-qui-limite-la-liberte-dexpression\/#primaryimage"},"thumbnailUrl":"https:\/\/kapitalis.com\/tunisie\/wp-content\/uploads\/2024\/03\/Nizar-Chaari-2.jpg","keywords":["Abir Moussi","Ka\u00efs Sa\u00efed","Nizar Chaari","Nouvelle Carthage","Parti destourien libre","pr\u00e9sidentielle"],"articleSection":["POLITIQUE","Tunisie"],"inLanguage":"fr-FR","potentialAction":[{"@type":"CommentAction","name":"Comment","target":["https:\/\/kapitalis.com\/tunisie\/2024\/03\/11\/nizar-chaari-jabrogerai-le-decret-n54-qui-limite-la-liberte-dexpression\/#respond"]}]},{"@type":"WebPage","@id":"https:\/\/kapitalis.com\/tunisie\/2024\/03\/11\/nizar-chaari-jabrogerai-le-decret-n54-qui-limite-la-liberte-dexpression\/","url":"https:\/\/kapitalis.com\/tunisie\/2024\/03\/11\/nizar-chaari-jabrogerai-le-decret-n54-qui-limite-la-liberte-dexpression\/","name":"Nizar Chaari\u00a0: \u00abJ\u2019abrogerai le d\u00e9cret n\u00b054 qui limite la libert\u00e9 d\u2019expression\u00bb - Kapitalis","isPartOf":{"@id":"https:\/\/kapitalis.com\/tunisie\/#website"},"primaryImageOfPage":{"@id":"https:\/\/kapitalis.com\/tunisie\/2024\/03\/11\/nizar-chaari-jabrogerai-le-decret-n54-qui-limite-la-liberte-dexpression\/#primaryimage"},"image":{"@id":"https:\/\/kapitalis.com\/tunisie\/2024\/03\/11\/nizar-chaari-jabrogerai-le-decret-n54-qui-limite-la-liberte-dexpression\/#primaryimage"},"thumbnailUrl":"https:\/\/kapitalis.com\/tunisie\/wp-content\/uploads\/2024\/03\/Nizar-Chaari-2.jpg","datePublished":"2024-03-11T11:06:17+00:00","dateModified":"2024-03-11T11:06:19+00:00","breadcrumb":{"@id":"https:\/\/kapitalis.com\/tunisie\/2024\/03\/11\/nizar-chaari-jabrogerai-le-decret-n54-qui-limite-la-liberte-dexpression\/#breadcrumb"},"inLanguage":"fr-FR","potentialAction":[{"@type":"ReadAction","target":["https:\/\/kapitalis.com\/tunisie\/2024\/03\/11\/nizar-chaari-jabrogerai-le-decret-n54-qui-limite-la-liberte-dexpression\/"]}]},{"@type":"ImageObject","inLanguage":"fr-FR","@id":"https:\/\/kapitalis.com\/tunisie\/2024\/03\/11\/nizar-chaari-jabrogerai-le-decret-n54-qui-limite-la-liberte-dexpression\/#primaryimage","url":"https:\/\/kapitalis.com\/tunisie\/wp-content\/uploads\/2024\/03\/Nizar-Chaari-2.jpg","contentUrl":"https:\/\/kapitalis.com\/tunisie\/wp-content\/uploads\/2024\/03\/Nizar-Chaari-2.jpg","width":1200,"height":630},{"@type":"BreadcrumbList","@id":"https:\/\/kapitalis.com\/tunisie\/2024\/03\/11\/nizar-chaari-jabrogerai-le-decret-n54-qui-limite-la-liberte-dexpression\/#breadcrumb","itemListElement":[{"@type":"ListItem","position":1,"name":"Accueil","item":"https:\/\/kapitalis.com\/tunisie\/"},{"@type":"ListItem","position":2,"name":"Nizar Chaari\u00a0: \u00abJ\u2019abrogerai le d\u00e9cret n\u00b054 qui limite la libert\u00e9 d\u2019expression\u00bb"}]},{"@type":"WebSite","@id":"https:\/\/kapitalis.com\/tunisie\/#website","url":"https:\/\/kapitalis.com\/tunisie\/","name":"Kapitalis","description":"L&#039;actualit\u00e9 en Tunisie et dans le monde","publisher":{"@id":"https:\/\/kapitalis.com\/tunisie\/#organization"},"potentialAction":[{"@type":"SearchAction","target":{"@type":"EntryPoint","urlTemplate":"https:\/\/kapitalis.com\/tunisie\/?s={search_term_string}"},"query-input":{"@type":"PropertyValueSpecification","valueRequired":true,"valueName":"search_term_string"}}],"inLanguage":"fr-FR"},{"@type":"Organization","@id":"https:\/\/kapitalis.com\/tunisie\/#organization","name":"Kapitalis","url":"https:\/\/kapitalis.com\/tunisie\/","logo":{"@type":"ImageObject","inLanguage":"fr-FR","@id":"https:\/\/kapitalis.com\/tunisie\/#\/schema\/logo\/image\/","url":"https:\/\/kapitalis.com\/tunisie\/wp-content\/uploads\/2022\/05\/Kapitalis-big-size.png","contentUrl":"https:\/\/kapitalis.com\/tunisie\/wp-content\/uploads\/2022\/05\/Kapitalis-big-size.png","width":5000,"height":1500,"caption":"Kapitalis"},"image":{"@id":"https:\/\/kapitalis.com\/tunisie\/#\/schema\/logo\/image\/"},"sameAs":["https:\/\/www.facebook.com\/KapitalisInfo\/","https:\/\/x.com\/KapitalisInfo","https:\/\/www.youtube.com\/channel\/UC-yDYrHyfFBWWZaOw3FPg9Q"]},{"@type":"Person","@id":"https:\/\/kapitalis.com\/tunisie\/#\/schema\/person\/d71f33a9ca44f7bad4698210b480c8e9","name":"webmaster kapitalis","url":"https:\/\/kapitalis.com\/tunisie\/author\/webmaster-kapitalis\/"}]}},"_links":{"self":[{"href":"https:\/\/kapitalis.com\/tunisie\/wp-json\/wp\/v2\/posts\/12054802","targetHints":{"allow":["GET"]}}],"collection":[{"href":"https:\/\/kapitalis.com\/tunisie\/wp-json\/wp\/v2\/posts"}],"about":[{"href":"https:\/\/kapitalis.com\/tunisie\/wp-json\/wp\/v2\/types\/post"}],"author":[{"embeddable":true,"href":"https:\/\/kapitalis.com\/tunisie\/wp-json\/wp\/v2\/users\/8"}],"replies":[{"embeddable":true,"href":"https:\/\/kapitalis.com\/tunisie\/wp-json\/wp\/v2\/comments?post=12054802"}],"version-history":[{"count":1,"href":"https:\/\/kapitalis.com\/tunisie\/wp-json\/wp\/v2\/posts\/12054802\/revisions"}],"predecessor-version":[{"id":12054909,"href":"https:\/\/kapitalis.com\/tunisie\/wp-json\/wp\/v2\/posts\/12054802\/revisions\/12054909"}],"wp:featuredmedia":[{"embeddable":true,"href":"https:\/\/kapitalis.com\/tunisie\/wp-json\/wp\/v2\/media\/12054881"}],"wp:attachment":[{"href":"https:\/\/kapitalis.com\/tunisie\/wp-json\/wp\/v2\/media?parent=12054802"}],"wp:term":[{"taxonomy":"category","embeddable":true,"href":"https:\/\/kapitalis.com\/tunisie\/wp-json\/wp\/v2\/categories?post=12054802"},{"taxonomy":"post_tag","embeddable":true,"href":"https:\/\/kapitalis.com\/tunisie\/wp-json\/wp\/v2\/tags?post=12054802"}],"curies":[{"name":"wp","href":"https:\/\/api.w.org\/{rel}","templated":true}]}}