{"id":12060234,"date":"2024-03-11T19:56:38","date_gmt":"2024-03-11T18:56:38","guid":{"rendered":"https:\/\/kapitalis.com\/tunisie\/?p=12060234"},"modified":"2024-03-11T20:10:37","modified_gmt":"2024-03-11T19:10:37","slug":"tunisie-trois-chefs-daccusation-retenus-contre-zied-el-heni","status":"publish","type":"post","link":"https:\/\/kapitalis.com\/tunisie\/2024\/03\/11\/tunisie-trois-chefs-daccusation-retenus-contre-zied-el-heni\/","title":{"rendered":"Tunisie : Trois chefs d\u2019accusation retenus contre Zied El-Heni"},"content":{"rendered":"\n<p><em><strong>Apr\u00e8s avoir comparu, ce lundi 11 mars 2024, devant le P\u00f4le judiciaire antiterroriste, le journaliste Zied El-Heni a annonc\u00e9 qu&rsquo;il est vis\u00e9 par trois chefs d\u2019accusation.<\/strong><\/em><\/p>\n\n\n\n<!--more-->\n\n\n\n<p>Dans un post publi\u00e9 sur sa page Facebook, Zied El-Heni qui a comparu en tant qu\u2019accus\u00e9 dans l\u2019affaire du pr\u00e9sident par int\u00e9rim du parti islamiste Ennahdha Mondher Ounissi, n&rsquo;a pas pr\u00e9cis\u00e9 les chefs d\u2019accusation le visant, en les qualifiant toutefois de \u00ab<em> ridicules, pitoyables, pour ne pas dire m\u00e9prisables<\/em> \u00bb.<\/p>\n\n\n\n<p><em>\u00abJe suis journaliste et non terroriste\u00bb, <\/em>a-t-il soutenu devant le juge d&rsquo;instruction qui l&rsquo;a entendu ce jour, en affirmant qu&rsquo;il ne compte pas faire appel des accusations port\u00e9es contre lui<em> \u00abcompte tenu de leur nature politique scandaleuse\u00bb<\/em>, lit-on encore dans le statut publi\u00e9 par le journaliste.<\/p>\n\n\n\n<p><em>\u00abS&rsquo;il est d\u00e9cid\u00e9 que je sois emprisonn\u00e9, et je pense que c&rsquo;est le cas, j&rsquo;irai en prison \u00e0 la Mornaguia rejoindre, la t\u00eate haute, les patriotes libres qui y sont d\u00e9tenus, pour d\u00e9fendre les valeurs de justice et de libert\u00e9 auxquelles je crois et la noble mission de ma profession ainsi que l&rsquo;\u00c9tat d\u00e9mocratique dont je r\u00eave\u2026\u00bb,<\/em> a-t-il encore comment\u00e9.<\/p>\n\n\n\n<p class=\"has-text-align-right\"><strong>Y. N.<\/strong><\/p>\n","protected":false},"excerpt":{"rendered":"<p>Apr\u00e8s avoir comparu, ce lundi 11 mars 2024, devant le P\u00f4le judiciaire antiterroriste, le journaliste Zied El-Heni a annonc\u00e9 qu&rsquo;il est vis\u00e9 par trois chefs d\u2019accusation.<\/p>\n","protected":false},"author":6,"featured_media":8475132,"comment_status":"open","ping_status":"open","sticky":false,"template":"","format":"standard","meta":{"footnotes":""},"categories":[996,997,2433],"tags":[1380,62643,92357,114403],"class_list":["post-12060234","post","type-post","status-publish","format-standard","has-post-thumbnail","hentry","category-media","category-politique","category-tunisie","tag-journaliste","tag-tunisie","tag-zied-el-heni","tag-zied-el-heni-vise-par-trois-chefs-daccusation"],"yoast_head":"<!-- This site is optimized with the Yoast SEO plugin v26.6 - https:\/\/yoast.com\/wordpress\/plugins\/seo\/ -->\n<title>Tunisie : Trois chefs d\u2019accusation retenus contre Zied El-Heni - Kapitalis<\/title>\n<meta name=\"robots\" content=\"index, follow, max-snippet:-1, max-image-preview:large, max-video-preview:-1\" \/>\n<link rel=\"canonical\" href=\"https:\/\/kapitalis.com\/tunisie\/2024\/03\/11\/tunisie-trois-chefs-daccusation-retenus-contre-zied-el-heni\/\" \/>\n<meta property=\"og:locale\" content=\"fr_FR\" \/>\n<meta property=\"og:type\" content=\"article\" \/>\n<meta property=\"og:title\" content=\"Tunisie : Trois chefs d\u2019accusation retenus contre Zied El-Heni - Kapitalis\" \/>\n<meta property=\"og:description\" content=\"Apr\u00e8s avoir comparu, ce lundi 11 mars 2024, devant le P\u00f4le judiciaire antiterroriste, le journaliste Zied El-Heni a annonc\u00e9 qu&rsquo;il est vis\u00e9 par trois chefs d\u2019accusation.\" \/>\n<meta property=\"og:url\" content=\"https:\/\/kapitalis.com\/tunisie\/2024\/03\/11\/tunisie-trois-chefs-daccusation-retenus-contre-zied-el-heni\/\" \/>\n<meta property=\"og:site_name\" content=\"Kapitalis\" \/>\n<meta property=\"article:publisher\" content=\"https:\/\/www.facebook.com\/KapitalisInfo\/\" \/>\n<meta property=\"article:published_time\" content=\"2024-03-11T18:56:38+00:00\" \/>\n<meta property=\"article:modified_time\" content=\"2024-03-11T19:10:37+00:00\" \/>\n<meta property=\"og:image\" content=\"https:\/\/kapitalis.com\/tunisie\/wp-content\/uploads\/2023\/06\/Zied-El-Hani.jpg\" \/>\n\t<meta property=\"og:image:width\" content=\"1200\" \/>\n\t<meta property=\"og:image:height\" content=\"630\" \/>\n\t<meta property=\"og:image:type\" content=\"image\/jpeg\" \/>\n<meta name=\"author\" content=\"Yusra NY\" \/>\n<meta name=\"twitter:card\" content=\"summary_large_image\" \/>\n<meta name=\"twitter:creator\" content=\"@KapitalisInfo\" \/>\n<meta name=\"twitter:site\" content=\"@KapitalisInfo\" \/>\n<meta name=\"twitter:label1\" content=\"\u00c9crit par\" \/>\n\t<meta name=\"twitter:data1\" content=\"Yusra NY\" \/>\n\t<meta name=\"twitter:label2\" content=\"Dur\u00e9e de lecture estim\u00e9e\" \/>\n\t<meta name=\"twitter:data2\" content=\"1 minute\" \/>\n<script type=\"application\/ld+json\" class=\"yoast-schema-graph\">{\"@context\":\"https:\/\/schema.org\",\"@graph\":[{\"@type\":\"Article\",\"@id\":\"https:\/\/kapitalis.com\/tunisie\/2024\/03\/11\/tunisie-trois-chefs-daccusation-retenus-contre-zied-el-heni\/#article\",\"isPartOf\":{\"@id\":\"https:\/\/kapitalis.com\/tunisie\/2024\/03\/11\/tunisie-trois-chefs-daccusation-retenus-contre-zied-el-heni\/\"},\"author\":{\"name\":\"Yusra NY\",\"@id\":\"https:\/\/kapitalis.com\/tunisie\/#\/schema\/person\/74bbde0154d49d790a92aaeac5bc01d5\"},\"headline\":\"Tunisie : Trois chefs d\u2019accusation retenus contre Zied El-Heni\",\"datePublished\":\"2024-03-11T18:56:38+00:00\",\"dateModified\":\"2024-03-11T19:10:37+00:00\",\"mainEntityOfPage\":{\"@id\":\"https:\/\/kapitalis.com\/tunisie\/2024\/03\/11\/tunisie-trois-chefs-daccusation-retenus-contre-zied-el-heni\/\"},\"wordCount\":206,\"commentCount\":0,\"publisher\":{\"@id\":\"https:\/\/kapitalis.com\/tunisie\/#organization\"},\"image\":{\"@id\":\"https:\/\/kapitalis.com\/tunisie\/2024\/03\/11\/tunisie-trois-chefs-daccusation-retenus-contre-zied-el-heni\/#primaryimage\"},\"thumbnailUrl\":\"https:\/\/kapitalis.com\/tunisie\/wp-content\/uploads\/2023\/06\/Zied-El-Hani.jpg\",\"keywords\":[\"journaliste\",\"Tunisie\",\"Zied El-Heni\",\"Zied El-Heni vis\u00e9 par trois chefs d\u2019accusation\"],\"articleSection\":[\"MEDIA\",\"POLITIQUE\",\"Tunisie\"],\"inLanguage\":\"fr-FR\",\"potentialAction\":[{\"@type\":\"CommentAction\",\"name\":\"Comment\",\"target\":[\"https:\/\/kapitalis.com\/tunisie\/2024\/03\/11\/tunisie-trois-chefs-daccusation-retenus-contre-zied-el-heni\/#respond\"]}]},{\"@type\":\"WebPage\",\"@id\":\"https:\/\/kapitalis.com\/tunisie\/2024\/03\/11\/tunisie-trois-chefs-daccusation-retenus-contre-zied-el-heni\/\",\"url\":\"https:\/\/kapitalis.com\/tunisie\/2024\/03\/11\/tunisie-trois-chefs-daccusation-retenus-contre-zied-el-heni\/\",\"name\":\"Tunisie : Trois chefs d\u2019accusation retenus contre Zied El-Heni - Kapitalis\",\"isPartOf\":{\"@id\":\"https:\/\/kapitalis.com\/tunisie\/#website\"},\"primaryImageOfPage\":{\"@id\":\"https:\/\/kapitalis.com\/tunisie\/2024\/03\/11\/tunisie-trois-chefs-daccusation-retenus-contre-zied-el-heni\/#primaryimage\"},\"image\":{\"@id\":\"https:\/\/kapitalis.com\/tunisie\/2024\/03\/11\/tunisie-trois-chefs-daccusation-retenus-contre-zied-el-heni\/#primaryimage\"},\"thumbnailUrl\":\"https:\/\/kapitalis.com\/tunisie\/wp-content\/uploads\/2023\/06\/Zied-El-Hani.jpg\",\"datePublished\":\"2024-03-11T18:56:38+00:00\",\"dateModified\":\"2024-03-11T19:10:37+00:00\",\"breadcrumb\":{\"@id\":\"https:\/\/kapitalis.com\/tunisie\/2024\/03\/11\/tunisie-trois-chefs-daccusation-retenus-contre-zied-el-heni\/#breadcrumb\"},\"inLanguage\":\"fr-FR\",\"potentialAction\":[{\"@type\":\"ReadAction\",\"target\":[\"https:\/\/kapitalis.com\/tunisie\/2024\/03\/11\/tunisie-trois-chefs-daccusation-retenus-contre-zied-el-heni\/\"]}]},{\"@type\":\"ImageObject\",\"inLanguage\":\"fr-FR\",\"@id\":\"https:\/\/kapitalis.com\/tunisie\/2024\/03\/11\/tunisie-trois-chefs-daccusation-retenus-contre-zied-el-heni\/#primaryimage\",\"url\":\"https:\/\/kapitalis.com\/tunisie\/wp-content\/uploads\/2023\/06\/Zied-El-Hani.jpg\",\"contentUrl\":\"https:\/\/kapitalis.com\/tunisie\/wp-content\/uploads\/2023\/06\/Zied-El-Hani.jpg\",\"width\":1200,\"height\":630},{\"@type\":\"BreadcrumbList\",\"@id\":\"https:\/\/kapitalis.com\/tunisie\/2024\/03\/11\/tunisie-trois-chefs-daccusation-retenus-contre-zied-el-heni\/#breadcrumb\",\"itemListElement\":[{\"@type\":\"ListItem\",\"position\":1,\"name\":\"Accueil\",\"item\":\"https:\/\/kapitalis.com\/tunisie\/\"},{\"@type\":\"ListItem\",\"position\":2,\"name\":\"Tunisie : Trois chefs d\u2019accusation retenus contre Zied El-Heni\"}]},{\"@type\":\"WebSite\",\"@id\":\"https:\/\/kapitalis.com\/tunisie\/#website\",\"url\":\"https:\/\/kapitalis.com\/tunisie\/\",\"name\":\"Kapitalis\",\"description\":\"L&#039;actualit\u00e9 en Tunisie et dans le monde\",\"publisher\":{\"@id\":\"https:\/\/kapitalis.com\/tunisie\/#organization\"},\"potentialAction\":[{\"@type\":\"SearchAction\",\"target\":{\"@type\":\"EntryPoint\",\"urlTemplate\":\"https:\/\/kapitalis.com\/tunisie\/?s={search_term_string}\"},\"query-input\":{\"@type\":\"PropertyValueSpecification\",\"valueRequired\":true,\"valueName\":\"search_term_string\"}}],\"inLanguage\":\"fr-FR\"},{\"@type\":\"Organization\",\"@id\":\"https:\/\/kapitalis.com\/tunisie\/#organization\",\"name\":\"Kapitalis\",\"url\":\"https:\/\/kapitalis.com\/tunisie\/\",\"logo\":{\"@type\":\"ImageObject\",\"inLanguage\":\"fr-FR\",\"@id\":\"https:\/\/kapitalis.com\/tunisie\/#\/schema\/logo\/image\/\",\"url\":\"https:\/\/kapitalis.com\/tunisie\/wp-content\/uploads\/2022\/05\/Kapitalis-big-size.png\",\"contentUrl\":\"https:\/\/kapitalis.com\/tunisie\/wp-content\/uploads\/2022\/05\/Kapitalis-big-size.png\",\"width\":5000,\"height\":1500,\"caption\":\"Kapitalis\"},\"image\":{\"@id\":\"https:\/\/kapitalis.com\/tunisie\/#\/schema\/logo\/image\/\"},\"sameAs\":[\"https:\/\/www.facebook.com\/KapitalisInfo\/\",\"https:\/\/x.com\/KapitalisInfo\",\"https:\/\/www.youtube.com\/channel\/UC-yDYrHyfFBWWZaOw3FPg9Q\"]},{\"@type\":\"Person\",\"@id\":\"https:\/\/kapitalis.com\/tunisie\/#\/schema\/person\/74bbde0154d49d790a92aaeac5bc01d5\",\"name\":\"Yusra NY\",\"url\":\"https:\/\/kapitalis.com\/tunisie\/author\/yuza_adam\/\"}]}<\/script>\n<!-- \/ Yoast SEO plugin. -->","yoast_head_json":{"title":"Tunisie : Trois chefs d\u2019accusation retenus contre Zied El-Heni - Kapitalis","robots":{"index":"index","follow":"follow","max-snippet":"max-snippet:-1","max-image-preview":"max-image-preview:large","max-video-preview":"max-video-preview:-1"},"canonical":"https:\/\/kapitalis.com\/tunisie\/2024\/03\/11\/tunisie-trois-chefs-daccusation-retenus-contre-zied-el-heni\/","og_locale":"fr_FR","og_type":"article","og_title":"Tunisie : Trois chefs d\u2019accusation retenus contre Zied El-Heni - Kapitalis","og_description":"Apr\u00e8s avoir comparu, ce lundi 11 mars 2024, devant le P\u00f4le judiciaire antiterroriste, le journaliste Zied El-Heni a annonc\u00e9 qu&rsquo;il est vis\u00e9 par trois chefs d\u2019accusation.","og_url":"https:\/\/kapitalis.com\/tunisie\/2024\/03\/11\/tunisie-trois-chefs-daccusation-retenus-contre-zied-el-heni\/","og_site_name":"Kapitalis","article_publisher":"https:\/\/www.facebook.com\/KapitalisInfo\/","article_published_time":"2024-03-11T18:56:38+00:00","article_modified_time":"2024-03-11T19:10:37+00:00","og_image":[{"width":1200,"height":630,"url":"https:\/\/kapitalis.com\/tunisie\/wp-content\/uploads\/2023\/06\/Zied-El-Hani.jpg","type":"image\/jpeg"}],"author":"Yusra NY","twitter_card":"summary_large_image","twitter_creator":"@KapitalisInfo","twitter_site":"@KapitalisInfo","twitter_misc":{"\u00c9crit par":"Yusra NY","Dur\u00e9e de lecture estim\u00e9e":"1 minute"},"schema":{"@context":"https:\/\/schema.org","@graph":[{"@type":"Article","@id":"https:\/\/kapitalis.com\/tunisie\/2024\/03\/11\/tunisie-trois-chefs-daccusation-retenus-contre-zied-el-heni\/#article","isPartOf":{"@id":"https:\/\/kapitalis.com\/tunisie\/2024\/03\/11\/tunisie-trois-chefs-daccusation-retenus-contre-zied-el-heni\/"},"author":{"name":"Yusra NY","@id":"https:\/\/kapitalis.com\/tunisie\/#\/schema\/person\/74bbde0154d49d790a92aaeac5bc01d5"},"headline":"Tunisie : Trois chefs d\u2019accusation retenus contre Zied El-Heni","datePublished":"2024-03-11T18:56:38+00:00","dateModified":"2024-03-11T19:10:37+00:00","mainEntityOfPage":{"@id":"https:\/\/kapitalis.com\/tunisie\/2024\/03\/11\/tunisie-trois-chefs-daccusation-retenus-contre-zied-el-heni\/"},"wordCount":206,"commentCount":0,"publisher":{"@id":"https:\/\/kapitalis.com\/tunisie\/#organization"},"image":{"@id":"https:\/\/kapitalis.com\/tunisie\/2024\/03\/11\/tunisie-trois-chefs-daccusation-retenus-contre-zied-el-heni\/#primaryimage"},"thumbnailUrl":"https:\/\/kapitalis.com\/tunisie\/wp-content\/uploads\/2023\/06\/Zied-El-Hani.jpg","keywords":["journaliste","Tunisie","Zied El-Heni","Zied El-Heni vis\u00e9 par trois chefs d\u2019accusation"],"articleSection":["MEDIA","POLITIQUE","Tunisie"],"inLanguage":"fr-FR","potentialAction":[{"@type":"CommentAction","name":"Comment","target":["https:\/\/kapitalis.com\/tunisie\/2024\/03\/11\/tunisie-trois-chefs-daccusation-retenus-contre-zied-el-heni\/#respond"]}]},{"@type":"WebPage","@id":"https:\/\/kapitalis.com\/tunisie\/2024\/03\/11\/tunisie-trois-chefs-daccusation-retenus-contre-zied-el-heni\/","url":"https:\/\/kapitalis.com\/tunisie\/2024\/03\/11\/tunisie-trois-chefs-daccusation-retenus-contre-zied-el-heni\/","name":"Tunisie : Trois chefs d\u2019accusation retenus contre Zied El-Heni - Kapitalis","isPartOf":{"@id":"https:\/\/kapitalis.com\/tunisie\/#website"},"primaryImageOfPage":{"@id":"https:\/\/kapitalis.com\/tunisie\/2024\/03\/11\/tunisie-trois-chefs-daccusation-retenus-contre-zied-el-heni\/#primaryimage"},"image":{"@id":"https:\/\/kapitalis.com\/tunisie\/2024\/03\/11\/tunisie-trois-chefs-daccusation-retenus-contre-zied-el-heni\/#primaryimage"},"thumbnailUrl":"https:\/\/kapitalis.com\/tunisie\/wp-content\/uploads\/2023\/06\/Zied-El-Hani.jpg","datePublished":"2024-03-11T18:56:38+00:00","dateModified":"2024-03-11T19:10:37+00:00","breadcrumb":{"@id":"https:\/\/kapitalis.com\/tunisie\/2024\/03\/11\/tunisie-trois-chefs-daccusation-retenus-contre-zied-el-heni\/#breadcrumb"},"inLanguage":"fr-FR","potentialAction":[{"@type":"ReadAction","target":["https:\/\/kapitalis.com\/tunisie\/2024\/03\/11\/tunisie-trois-chefs-daccusation-retenus-contre-zied-el-heni\/"]}]},{"@type":"ImageObject","inLanguage":"fr-FR","@id":"https:\/\/kapitalis.com\/tunisie\/2024\/03\/11\/tunisie-trois-chefs-daccusation-retenus-contre-zied-el-heni\/#primaryimage","url":"https:\/\/kapitalis.com\/tunisie\/wp-content\/uploads\/2023\/06\/Zied-El-Hani.jpg","contentUrl":"https:\/\/kapitalis.com\/tunisie\/wp-content\/uploads\/2023\/06\/Zied-El-Hani.jpg","width":1200,"height":630},{"@type":"BreadcrumbList","@id":"https:\/\/kapitalis.com\/tunisie\/2024\/03\/11\/tunisie-trois-chefs-daccusation-retenus-contre-zied-el-heni\/#breadcrumb","itemListElement":[{"@type":"ListItem","position":1,"name":"Accueil","item":"https:\/\/kapitalis.com\/tunisie\/"},{"@type":"ListItem","position":2,"name":"Tunisie : Trois chefs d\u2019accusation retenus contre Zied El-Heni"}]},{"@type":"WebSite","@id":"https:\/\/kapitalis.com\/tunisie\/#website","url":"https:\/\/kapitalis.com\/tunisie\/","name":"Kapitalis","description":"L&#039;actualit\u00e9 en Tunisie et dans le monde","publisher":{"@id":"https:\/\/kapitalis.com\/tunisie\/#organization"},"potentialAction":[{"@type":"SearchAction","target":{"@type":"EntryPoint","urlTemplate":"https:\/\/kapitalis.com\/tunisie\/?s={search_term_string}"},"query-input":{"@type":"PropertyValueSpecification","valueRequired":true,"valueName":"search_term_string"}}],"inLanguage":"fr-FR"},{"@type":"Organization","@id":"https:\/\/kapitalis.com\/tunisie\/#organization","name":"Kapitalis","url":"https:\/\/kapitalis.com\/tunisie\/","logo":{"@type":"ImageObject","inLanguage":"fr-FR","@id":"https:\/\/kapitalis.com\/tunisie\/#\/schema\/logo\/image\/","url":"https:\/\/kapitalis.com\/tunisie\/wp-content\/uploads\/2022\/05\/Kapitalis-big-size.png","contentUrl":"https:\/\/kapitalis.com\/tunisie\/wp-content\/uploads\/2022\/05\/Kapitalis-big-size.png","width":5000,"height":1500,"caption":"Kapitalis"},"image":{"@id":"https:\/\/kapitalis.com\/tunisie\/#\/schema\/logo\/image\/"},"sameAs":["https:\/\/www.facebook.com\/KapitalisInfo\/","https:\/\/x.com\/KapitalisInfo","https:\/\/www.youtube.com\/channel\/UC-yDYrHyfFBWWZaOw3FPg9Q"]},{"@type":"Person","@id":"https:\/\/kapitalis.com\/tunisie\/#\/schema\/person\/74bbde0154d49d790a92aaeac5bc01d5","name":"Yusra NY","url":"https:\/\/kapitalis.com\/tunisie\/author\/yuza_adam\/"}]}},"_links":{"self":[{"href":"https:\/\/kapitalis.com\/tunisie\/wp-json\/wp\/v2\/posts\/12060234","targetHints":{"allow":["GET"]}}],"collection":[{"href":"https:\/\/kapitalis.com\/tunisie\/wp-json\/wp\/v2\/posts"}],"about":[{"href":"https:\/\/kapitalis.com\/tunisie\/wp-json\/wp\/v2\/types\/post"}],"author":[{"embeddable":true,"href":"https:\/\/kapitalis.com\/tunisie\/wp-json\/wp\/v2\/users\/6"}],"replies":[{"embeddable":true,"href":"https:\/\/kapitalis.com\/tunisie\/wp-json\/wp\/v2\/comments?post=12060234"}],"version-history":[{"count":3,"href":"https:\/\/kapitalis.com\/tunisie\/wp-json\/wp\/v2\/posts\/12060234\/revisions"}],"predecessor-version":[{"id":12060273,"href":"https:\/\/kapitalis.com\/tunisie\/wp-json\/wp\/v2\/posts\/12060234\/revisions\/12060273"}],"wp:featuredmedia":[{"embeddable":true,"href":"https:\/\/kapitalis.com\/tunisie\/wp-json\/wp\/v2\/media\/8475132"}],"wp:attachment":[{"href":"https:\/\/kapitalis.com\/tunisie\/wp-json\/wp\/v2\/media?parent=12060234"}],"wp:term":[{"taxonomy":"category","embeddable":true,"href":"https:\/\/kapitalis.com\/tunisie\/wp-json\/wp\/v2\/categories?post=12060234"},{"taxonomy":"post_tag","embeddable":true,"href":"https:\/\/kapitalis.com\/tunisie\/wp-json\/wp\/v2\/tags?post=12060234"}],"curies":[{"name":"wp","href":"https:\/\/api.w.org\/{rel}","templated":true}]}}