{"id":1210986,"date":"2022-06-03T07:10:23","date_gmt":"2022-06-03T06:10:23","guid":{"rendered":"https:\/\/kapitalis.com\/tunisie\/?p=1210986"},"modified":"2022-06-03T07:10:25","modified_gmt":"2022-06-03T06:10:25","slug":"le-dernier-rapport-americain-sur-letat-des-libertes-religieuses-en-tunisie","status":"publish","type":"post","link":"https:\/\/kapitalis.com\/tunisie\/2022\/06\/03\/le-dernier-rapport-americain-sur-letat-des-libertes-religieuses-en-tunisie\/","title":{"rendered":"Le dernier rapport am\u00e9ricain sur l&rsquo;\u00e9tat des libert\u00e9s religieuses en Tunisie"},"content":{"rendered":"\n<p><strong><em>Nous publions ci-dessous la traduction fran\u00e7aise de la partie relative \u00e0 la Tunisie dans le dernier rapport du d\u00e9partement am\u00e9ricain des Etats-Unis sur la libert\u00e9 religieuse dans le monde, et qui rel\u00e8ve des atteintes aux droits des musulmans, des chr\u00e9tiens, des juifs et de la communaut\u00e9 bahaie.<\/em><\/strong><\/p>\n\n\n\n<!--more-->\n\n\n\n<p>La constitution de 2014 d\u00e9clare que la religion du pays est l&rsquo;islam. La constitution d\u00e9clare \u00e9galement que le pays est un <em>\u00ab\u00c9tat civil\u00bb<\/em>. La constitution d\u00e9signe le gouvernement comme le<\/p>\n\n\n\n<p><em>\u00abgardien de la religion\u00bb<\/em> et oblige l&rsquo;\u00c9tat \u00e0 diffuser les valeurs de <em>\u00abmod\u00e9ration et de tol\u00e9rance\u00bb<\/em>. Elle interdit l&rsquo;utilisation des mosqu\u00e9es et autres lieux de culte pour faire avancer des agendas ou des objectifs politiques et garantit la libert\u00e9 de croyance, de conscience et d&rsquo;exercice de la pratique religieuse.<\/p>\n\n\n\n<p>La presse a rapport\u00e9 en ao\u00fbt que Slimane Bouhafs, un r\u00e9fugi\u00e9 chr\u00e9tien alg\u00e9rien vivant en Tunisie depuis 2018, avait \u00e9t\u00e9 renvoy\u00e9 de force en Alg\u00e9rie le 25 ao\u00fbt pour faire face \u00e0 des accusations de terrorisme. Bouhafs a d\u00e9j\u00e0 purg\u00e9 deux ans de prison en Alg\u00e9rie pour <em>\u00aboffense \u00e0 l&rsquo;islam\u00bb<\/em>.<\/p>\n\n\n\n<h2 class=\"wp-block-heading\">Les m\u00e9dias ayant des affiliations religieuses ou politiques<\/h2>\n\n\n\n<p>La Haute autorit\u00e9 ind\u00e9pendante pour la communication audiovisuelle (Haica) a ordonn\u00e9 la fermeture de plusieurs organes de presse, dont certains avec des affiliations religieuses, pour non-respect des exigences de licence de la Haica.<\/p>\n\n\n\n<p>Les r\u00e9glementations de la Haica interdisent aux m\u00e9dias ayant une affiliation politique ou religieuse de diffuser.<\/p>\n\n\n\n<p>Le 5 octobre, le minist\u00e8re de l&rsquo;Int\u00e9rieur a appliqu\u00e9 l&rsquo;ordre de la Haica de fermer Zitouna TV, qui diffuse fr\u00e9quemment des programmes religieux, pour avoir viol\u00e9 sa licence d&rsquo;exploitation en \u00e9tant affili\u00e9e au parti politique Ennahdha, qui se d\u00e9crit comme \u00e9tant compos\u00e9 de d\u00e9mocrates musulmans.<\/p>\n\n\n\n<p>Le 2 novembre, le gouvernement a ordonn\u00e9 la fermeture de Radio Coran, une station de radio religieuse pour avoir \u00e9galement op\u00e9r\u00e9 sans licence. En annon\u00e7ant la d\u00e9cision, la Haica a d\u00e9clar\u00e9 que la Radio Coran <em>\u00abencourageait le discours de haine pour inciter \u00e0 la violence et \u00e0 la haine\u00bb<\/em>.<\/p>\n\n\n\n<p>Le 18 novembre, un tribunal tunisien a annul\u00e9 la d\u00e9cision de la Haica de confisquer les \u00e9quipements de diffusion de Zitouna TV et Radio Coran, mais a confirm\u00e9 la d\u00e9cision de la Haica de confisquer les \u00e9quipements de Nessma TV.<\/p>\n\n\n\n<p>La Haica a annonc\u00e9 son intention de faire appel de la d\u00e9cision du tribunal afin de garantir que tous les m\u00e9dias soient trait\u00e9s sur un pied d&rsquo;\u00e9galit\u00e9 dans le cadre du mandat r\u00e9glementaire de l&rsquo;autorit\u00e9.<\/p>\n\n\n\n<p>Le gouvernement a continu\u00e9 de ne pas reconna\u00eetre la foi bah\u00e1\u2019\u00ede ni d\u2019accorder \u00e0 son association le statut juridique, malgr\u00e9 une d\u00e9cision du tribunal administratif de 2020 en faveur de l\u2019autorisation de la foi bah\u00e1\u2019\u00ede \u00e0 cr\u00e9er une association. Le procureur g\u00e9n\u00e9ral a fait appel de la d\u00e9cision en 2020 et l&rsquo;affaire \u00e9tait toujours en cours \u00e0 la fin de l&rsquo;ann\u00e9e. Le port du niqab reste interdit, m\u00eame si cette loi n&rsquo;est g\u00e9n\u00e9ralement pas appliqu\u00e9e.<\/p>\n\n\n\n<h2 class=\"wp-block-heading\">Interdiction des r\u00e9unions des bah\u00e1\u2019\u00eds et des chr\u00e9tiens<\/h2>\n\n\n\n<p>Des sources chr\u00e9tiennes et l&rsquo;association multiculturelle Attalaki pour la libert\u00e9 et l&rsquo;\u00e9galit\u00e9 ont continu\u00e9 d&rsquo;affirmer qu&rsquo;il y avait une forte pression gouvernementale et soci\u00e9tale pour ne pas discuter publiquement des activit\u00e9s ou de la th\u00e9ologie d&rsquo;une \u00e9glise et ont signal\u00e9 plusieurs cas o\u00f9 les forces de s\u00e9curit\u00e9 ont interdit aux chr\u00e9tiens de se r\u00e9unir dans des h\u00f4tels ou des maisons priv\u00e9es.<\/p>\n\n\n\n<p>Des citoyens chr\u00e9tiens ont d\u00e9clar\u00e9 que le gouvernement ne reconnaissait pas pleinement leurs droits, notamment en ce qui concerne la cr\u00e9ation d&rsquo;une entit\u00e9 juridique ou d&rsquo;une association qui leur accorderait la capacit\u00e9 d&rsquo;\u00e9tablir une \u00e9glise ou un cimeti\u00e8re de langue arabe.<\/p>\n\n\n\n<p>L&rsquo;association Attalaki a fait \u00e9tat d&rsquo;\u00e9changes positifs continus avec des parlementaires concernant les efforts visant \u00e0 lutter contre les discours de haine fond\u00e9s sur la religion et \u00e0 autoriser un cimeti\u00e8re chr\u00e9tien et une \u00e9glise de langue arabe, avant la suspension du Parlement par le pr\u00e9sident Kais Saied le 25 juillet.<\/p>\n\n\n\n<p>Des groupes juifs ont d\u00e9clar\u00e9 qu&rsquo;ils continuaient \u00e0 adorer librement, et le gouvernement a continu\u00e9 \u00e0 assurer la s\u00e9curit\u00e9 des synagogues et \u00e0 subventionner partiellement les co\u00fbts de restauration et d&rsquo;entretien, mais le gouvernement a continu\u00e9 de ne pas donner suite \u00e0 une p\u00e9tition de 2019 visant \u00e0 cr\u00e9er une association communautaire juive. En f\u00e9vrier, le conseil municipal de Dar Chaabane \u00e0 Nabeul a expuls\u00e9 des r\u00e9sidents chiites qui utilisaient des propri\u00e9t\u00e9s r\u00e9sidentielles pour des r\u00e9unions religieuses.<\/p>\n\n\n\n<p>Les convertis chr\u00e9tiens de l&rsquo;islam ont d\u00e9clar\u00e9 que les menaces des membres de leur famille et d&rsquo;autres personnes refl\u00e9taient la pression de la soci\u00e9t\u00e9 contre les musulmans qui abandonnaient la foi. Certains ath\u00e9es ont d\u00e9clar\u00e9 avoir subi des pressions soci\u00e9tales pour dissimuler leur ath\u00e9isme, notamment en participant aux traditions religieuses islamiques.<\/p>\n\n\n\n<p>Les 9 et 10 mars, des membres du Parti constitutionnel libre (PDL) auraient tent\u00e9 de s&rsquo;introduire dans le si\u00e8ge national de l&rsquo;Union internationale des ul\u00e9mas musulmans (UIOM) bas\u00e9e au Qatar \u00e0 Tunis, que la pr\u00e9sidente du PDL, Abir Moussi, a qualifi\u00e9 d&rsquo;organisation terroriste parrain\u00e9e par les Fr\u00e8res musulmans.<\/p>\n\n\n\n<p>Le groupement politique de la Coalition Al-Karama, d\u00e9crit par certains groupes de r\u00e9flexion et ONG (organisations non gouvernementales) comme une coalition comprenant des islamistes, a<\/p>\n\n\n\n<p>organis\u00e9 une contre-manifestation et il y a eu de violents affrontements entre le PDL, l&rsquo; UIOM, la Coalition Karama et certains partisans d&rsquo;Ennahdha jusqu&rsquo;\u00e0 ce que les forces de s\u00e9curit\u00e9 utilisent des gaz lacrymog\u00e8nes pour disperser les foules.<\/p>\n\n\n\n<p>En avril, les dirigeants juifs et Attalaki ont d\u00e9clar\u00e9 qu&rsquo;il y avait eu plusieurs agressions visant des Juifs pendant la P\u00e2que. Certains membres de la communaut\u00e9 chr\u00e9tienne ont d\u00e9clar\u00e9 que les citoyens qui assistaient aux services religieux subissaient des pressions de la part des membres de leur famille et d&rsquo;autres personnes de leur quartier pour ne pas y assister.<\/p>\n\n\n\n<h2 class=\"wp-block-heading\">Discussions tuniso-am\u00e9ricaines sur la libert\u00e9 religieuse<\/h2>\n\n\n\n<p>L&rsquo;ambassadeur des \u00c9tats-Unis et les responsables de l&rsquo;ambassade ont continu\u00e9 \u00e0 maintenir des contacts r\u00e9guliers avec les responsables gouvernementaux, notamment au sein du minist\u00e8re des Affaires religieuses, du cabinet de la pr\u00e9sidence et du minist\u00e8re des Relations avec les organes constitutionnels, la soci\u00e9t\u00e9 civile et les droits de l&rsquo;homme, pour discuter de questions concernant les religions, la libert\u00e9 et encourager la tol\u00e9rance envers les minorit\u00e9s religieuses.<\/p>\n\n\n\n<p>Les conversations ont \u00e9galement port\u00e9 sur les efforts du gouvernement pour contr\u00f4ler les activit\u00e9s dans les mosqu\u00e9es, les difficult\u00e9s rencontr\u00e9es par les citoyens bahais et chr\u00e9tiens, les rapports d&rsquo;actes antis\u00e9mites et les menaces contre les convertis de l&rsquo;islam \u00e0 d&rsquo;autres confessions.<\/p>\n\n\n\n<p>Tout au long de l&rsquo;ann\u00e9e, les agents de l&rsquo;ambassade ont discut\u00e9 de la diversit\u00e9 religieuse et du dialogue avec les dirigeants des communaut\u00e9s musulmane, chr\u00e9tienne, juive et bahaie.<\/p>\n\n\n\n<p>* <em>Les intertitres sont de la r\u00e9daction. <\/em><\/p>\n\n\n\n<p><a href=\"https:\/\/www.state.gov\/reports\/2021-report-on-international-religious-freedom\/tunisia\/\" target=\"_blank\" rel=\"noreferrer noopener\">Le rapport dans sa version int\u00e9grale en anglais. <\/a><\/p>\n","protected":false},"excerpt":{"rendered":"<p>La Tunisie dans le dernier rapport du d\u00e9partement am\u00e9ricain des Etats-Unis sur la libert\u00e9 religieuse dans le monde.<\/p>\n","protected":false},"author":8,"featured_media":1211143,"comment_status":"open","ping_status":"open","sticky":false,"template":"","format":"standard","meta":{"footnotes":""},"categories":[997,998,2433],"tags":[1972,100293,49543,75918,1971,100292,648,66190,93167,62643,3010],"class_list":["post-1210986","post","type-post","status-publish","format-standard","has-post-thumbnail","hentry","category-politique","category-societe","category-tunisie","tag-chretiens","tag-communaute-bahaie","tag-ennahdha","tag-etats-unis-2","tag-juifs","tag-libertes-religieuses","tag-musulmans","tag-radio-coran","tag-slimane-bouhafs","tag-tunisie","tag-zitouna-tv"],"yoast_head":"<!-- This site is optimized with the Yoast SEO plugin v26.6 - https:\/\/yoast.com\/wordpress\/plugins\/seo\/ -->\n<title>Le dernier rapport am\u00e9ricain sur l&#039;\u00e9tat des libert\u00e9s religieuses en Tunisie - Kapitalis<\/title>\n<meta name=\"robots\" content=\"index, follow, max-snippet:-1, max-image-preview:large, max-video-preview:-1\" \/>\n<link rel=\"canonical\" href=\"https:\/\/kapitalis.com\/tunisie\/2022\/06\/03\/le-dernier-rapport-americain-sur-letat-des-libertes-religieuses-en-tunisie\/\" \/>\n<meta property=\"og:locale\" content=\"fr_FR\" \/>\n<meta property=\"og:type\" content=\"article\" \/>\n<meta property=\"og:title\" content=\"Le dernier rapport am\u00e9ricain sur l&#039;\u00e9tat des libert\u00e9s religieuses en Tunisie - Kapitalis\" \/>\n<meta property=\"og:description\" content=\"La Tunisie dans le dernier rapport du d\u00e9partement am\u00e9ricain des Etats-Unis sur la libert\u00e9 religieuse dans le monde.\" \/>\n<meta property=\"og:url\" content=\"https:\/\/kapitalis.com\/tunisie\/2022\/06\/03\/le-dernier-rapport-americain-sur-letat-des-libertes-religieuses-en-tunisie\/\" \/>\n<meta property=\"og:site_name\" content=\"Kapitalis\" \/>\n<meta property=\"article:publisher\" content=\"https:\/\/www.facebook.com\/KapitalisInfo\/\" \/>\n<meta property=\"article:published_time\" content=\"2022-06-03T06:10:23+00:00\" \/>\n<meta property=\"article:modified_time\" content=\"2022-06-03T06:10:25+00:00\" \/>\n<meta property=\"og:image\" content=\"https:\/\/kapitalis.com\/tunisie\/wp-content\/uploads\/2022\/06\/Department-Of-State-USA.jpg\" \/>\n\t<meta property=\"og:image:width\" content=\"1200\" \/>\n\t<meta property=\"og:image:height\" content=\"630\" \/>\n\t<meta property=\"og:image:type\" content=\"image\/jpeg\" \/>\n<meta name=\"author\" content=\"webmaster kapitalis\" \/>\n<meta name=\"twitter:card\" content=\"summary_large_image\" \/>\n<meta name=\"twitter:creator\" content=\"@KapitalisInfo\" \/>\n<meta name=\"twitter:site\" content=\"@KapitalisInfo\" \/>\n<meta name=\"twitter:label1\" content=\"\u00c9crit par\" \/>\n\t<meta name=\"twitter:data1\" content=\"webmaster kapitalis\" \/>\n\t<meta name=\"twitter:label2\" content=\"Dur\u00e9e de lecture estim\u00e9e\" \/>\n\t<meta name=\"twitter:data2\" content=\"6 minutes\" \/>\n<script type=\"application\/ld+json\" class=\"yoast-schema-graph\">{\"@context\":\"https:\/\/schema.org\",\"@graph\":[{\"@type\":\"Article\",\"@id\":\"https:\/\/kapitalis.com\/tunisie\/2022\/06\/03\/le-dernier-rapport-americain-sur-letat-des-libertes-religieuses-en-tunisie\/#article\",\"isPartOf\":{\"@id\":\"https:\/\/kapitalis.com\/tunisie\/2022\/06\/03\/le-dernier-rapport-americain-sur-letat-des-libertes-religieuses-en-tunisie\/\"},\"author\":{\"name\":\"webmaster kapitalis\",\"@id\":\"https:\/\/kapitalis.com\/tunisie\/#\/schema\/person\/d71f33a9ca44f7bad4698210b480c8e9\"},\"headline\":\"Le dernier rapport am\u00e9ricain sur l&rsquo;\u00e9tat des libert\u00e9s religieuses en Tunisie\",\"datePublished\":\"2022-06-03T06:10:23+00:00\",\"dateModified\":\"2022-06-03T06:10:25+00:00\",\"mainEntityOfPage\":{\"@id\":\"https:\/\/kapitalis.com\/tunisie\/2022\/06\/03\/le-dernier-rapport-americain-sur-letat-des-libertes-religieuses-en-tunisie\/\"},\"wordCount\":1205,\"commentCount\":1,\"publisher\":{\"@id\":\"https:\/\/kapitalis.com\/tunisie\/#organization\"},\"image\":{\"@id\":\"https:\/\/kapitalis.com\/tunisie\/2022\/06\/03\/le-dernier-rapport-americain-sur-letat-des-libertes-religieuses-en-tunisie\/#primaryimage\"},\"thumbnailUrl\":\"https:\/\/kapitalis.com\/tunisie\/wp-content\/uploads\/2022\/06\/Department-Of-State-USA.jpg\",\"keywords\":[\"chr\u00e9tiens\",\"communaut\u00e9 bahaie\",\"Ennahdha\",\"Etats-Unis\",\"juifs\",\"libert\u00e9s religieuses\",\"musulmans\",\"radio Coran\",\"Slimane Bouhafs\",\"Tunisie\",\"Zitouna TV\"],\"articleSection\":[\"POLITIQUE\",\"SOCIETE\",\"Tunisie\"],\"inLanguage\":\"fr-FR\",\"potentialAction\":[{\"@type\":\"CommentAction\",\"name\":\"Comment\",\"target\":[\"https:\/\/kapitalis.com\/tunisie\/2022\/06\/03\/le-dernier-rapport-americain-sur-letat-des-libertes-religieuses-en-tunisie\/#respond\"]}]},{\"@type\":\"WebPage\",\"@id\":\"https:\/\/kapitalis.com\/tunisie\/2022\/06\/03\/le-dernier-rapport-americain-sur-letat-des-libertes-religieuses-en-tunisie\/\",\"url\":\"https:\/\/kapitalis.com\/tunisie\/2022\/06\/03\/le-dernier-rapport-americain-sur-letat-des-libertes-religieuses-en-tunisie\/\",\"name\":\"Le dernier rapport am\u00e9ricain sur l'\u00e9tat des libert\u00e9s religieuses en Tunisie - Kapitalis\",\"isPartOf\":{\"@id\":\"https:\/\/kapitalis.com\/tunisie\/#website\"},\"primaryImageOfPage\":{\"@id\":\"https:\/\/kapitalis.com\/tunisie\/2022\/06\/03\/le-dernier-rapport-americain-sur-letat-des-libertes-religieuses-en-tunisie\/#primaryimage\"},\"image\":{\"@id\":\"https:\/\/kapitalis.com\/tunisie\/2022\/06\/03\/le-dernier-rapport-americain-sur-letat-des-libertes-religieuses-en-tunisie\/#primaryimage\"},\"thumbnailUrl\":\"https:\/\/kapitalis.com\/tunisie\/wp-content\/uploads\/2022\/06\/Department-Of-State-USA.jpg\",\"datePublished\":\"2022-06-03T06:10:23+00:00\",\"dateModified\":\"2022-06-03T06:10:25+00:00\",\"breadcrumb\":{\"@id\":\"https:\/\/kapitalis.com\/tunisie\/2022\/06\/03\/le-dernier-rapport-americain-sur-letat-des-libertes-religieuses-en-tunisie\/#breadcrumb\"},\"inLanguage\":\"fr-FR\",\"potentialAction\":[{\"@type\":\"ReadAction\",\"target\":[\"https:\/\/kapitalis.com\/tunisie\/2022\/06\/03\/le-dernier-rapport-americain-sur-letat-des-libertes-religieuses-en-tunisie\/\"]}]},{\"@type\":\"ImageObject\",\"inLanguage\":\"fr-FR\",\"@id\":\"https:\/\/kapitalis.com\/tunisie\/2022\/06\/03\/le-dernier-rapport-americain-sur-letat-des-libertes-religieuses-en-tunisie\/#primaryimage\",\"url\":\"https:\/\/kapitalis.com\/tunisie\/wp-content\/uploads\/2022\/06\/Department-Of-State-USA.jpg\",\"contentUrl\":\"https:\/\/kapitalis.com\/tunisie\/wp-content\/uploads\/2022\/06\/Department-Of-State-USA.jpg\",\"width\":1200,\"height\":630},{\"@type\":\"BreadcrumbList\",\"@id\":\"https:\/\/kapitalis.com\/tunisie\/2022\/06\/03\/le-dernier-rapport-americain-sur-letat-des-libertes-religieuses-en-tunisie\/#breadcrumb\",\"itemListElement\":[{\"@type\":\"ListItem\",\"position\":1,\"name\":\"Accueil\",\"item\":\"https:\/\/kapitalis.com\/tunisie\/\"},{\"@type\":\"ListItem\",\"position\":2,\"name\":\"Le dernier rapport am\u00e9ricain sur l&rsquo;\u00e9tat des libert\u00e9s religieuses en Tunisie\"}]},{\"@type\":\"WebSite\",\"@id\":\"https:\/\/kapitalis.com\/tunisie\/#website\",\"url\":\"https:\/\/kapitalis.com\/tunisie\/\",\"name\":\"Kapitalis\",\"description\":\"L&#039;actualit\u00e9 en Tunisie et dans le monde\",\"publisher\":{\"@id\":\"https:\/\/kapitalis.com\/tunisie\/#organization\"},\"potentialAction\":[{\"@type\":\"SearchAction\",\"target\":{\"@type\":\"EntryPoint\",\"urlTemplate\":\"https:\/\/kapitalis.com\/tunisie\/?s={search_term_string}\"},\"query-input\":{\"@type\":\"PropertyValueSpecification\",\"valueRequired\":true,\"valueName\":\"search_term_string\"}}],\"inLanguage\":\"fr-FR\"},{\"@type\":\"Organization\",\"@id\":\"https:\/\/kapitalis.com\/tunisie\/#organization\",\"name\":\"Kapitalis\",\"url\":\"https:\/\/kapitalis.com\/tunisie\/\",\"logo\":{\"@type\":\"ImageObject\",\"inLanguage\":\"fr-FR\",\"@id\":\"https:\/\/kapitalis.com\/tunisie\/#\/schema\/logo\/image\/\",\"url\":\"https:\/\/kapitalis.com\/tunisie\/wp-content\/uploads\/2022\/05\/Kapitalis-big-size.png\",\"contentUrl\":\"https:\/\/kapitalis.com\/tunisie\/wp-content\/uploads\/2022\/05\/Kapitalis-big-size.png\",\"width\":5000,\"height\":1500,\"caption\":\"Kapitalis\"},\"image\":{\"@id\":\"https:\/\/kapitalis.com\/tunisie\/#\/schema\/logo\/image\/\"},\"sameAs\":[\"https:\/\/www.facebook.com\/KapitalisInfo\/\",\"https:\/\/x.com\/KapitalisInfo\",\"https:\/\/www.youtube.com\/channel\/UC-yDYrHyfFBWWZaOw3FPg9Q\"]},{\"@type\":\"Person\",\"@id\":\"https:\/\/kapitalis.com\/tunisie\/#\/schema\/person\/d71f33a9ca44f7bad4698210b480c8e9\",\"name\":\"webmaster kapitalis\",\"url\":\"https:\/\/kapitalis.com\/tunisie\/author\/webmaster-kapitalis\/\"}]}<\/script>\n<!-- \/ Yoast SEO plugin. -->","yoast_head_json":{"title":"Le dernier rapport am\u00e9ricain sur l'\u00e9tat des libert\u00e9s religieuses en Tunisie - Kapitalis","robots":{"index":"index","follow":"follow","max-snippet":"max-snippet:-1","max-image-preview":"max-image-preview:large","max-video-preview":"max-video-preview:-1"},"canonical":"https:\/\/kapitalis.com\/tunisie\/2022\/06\/03\/le-dernier-rapport-americain-sur-letat-des-libertes-religieuses-en-tunisie\/","og_locale":"fr_FR","og_type":"article","og_title":"Le dernier rapport am\u00e9ricain sur l'\u00e9tat des libert\u00e9s religieuses en Tunisie - Kapitalis","og_description":"La Tunisie dans le dernier rapport du d\u00e9partement am\u00e9ricain des Etats-Unis sur la libert\u00e9 religieuse dans le monde.","og_url":"https:\/\/kapitalis.com\/tunisie\/2022\/06\/03\/le-dernier-rapport-americain-sur-letat-des-libertes-religieuses-en-tunisie\/","og_site_name":"Kapitalis","article_publisher":"https:\/\/www.facebook.com\/KapitalisInfo\/","article_published_time":"2022-06-03T06:10:23+00:00","article_modified_time":"2022-06-03T06:10:25+00:00","og_image":[{"width":1200,"height":630,"url":"https:\/\/kapitalis.com\/tunisie\/wp-content\/uploads\/2022\/06\/Department-Of-State-USA.jpg","type":"image\/jpeg"}],"author":"webmaster kapitalis","twitter_card":"summary_large_image","twitter_creator":"@KapitalisInfo","twitter_site":"@KapitalisInfo","twitter_misc":{"\u00c9crit par":"webmaster kapitalis","Dur\u00e9e de lecture estim\u00e9e":"6 minutes"},"schema":{"@context":"https:\/\/schema.org","@graph":[{"@type":"Article","@id":"https:\/\/kapitalis.com\/tunisie\/2022\/06\/03\/le-dernier-rapport-americain-sur-letat-des-libertes-religieuses-en-tunisie\/#article","isPartOf":{"@id":"https:\/\/kapitalis.com\/tunisie\/2022\/06\/03\/le-dernier-rapport-americain-sur-letat-des-libertes-religieuses-en-tunisie\/"},"author":{"name":"webmaster kapitalis","@id":"https:\/\/kapitalis.com\/tunisie\/#\/schema\/person\/d71f33a9ca44f7bad4698210b480c8e9"},"headline":"Le dernier rapport am\u00e9ricain sur l&rsquo;\u00e9tat des libert\u00e9s religieuses en Tunisie","datePublished":"2022-06-03T06:10:23+00:00","dateModified":"2022-06-03T06:10:25+00:00","mainEntityOfPage":{"@id":"https:\/\/kapitalis.com\/tunisie\/2022\/06\/03\/le-dernier-rapport-americain-sur-letat-des-libertes-religieuses-en-tunisie\/"},"wordCount":1205,"commentCount":1,"publisher":{"@id":"https:\/\/kapitalis.com\/tunisie\/#organization"},"image":{"@id":"https:\/\/kapitalis.com\/tunisie\/2022\/06\/03\/le-dernier-rapport-americain-sur-letat-des-libertes-religieuses-en-tunisie\/#primaryimage"},"thumbnailUrl":"https:\/\/kapitalis.com\/tunisie\/wp-content\/uploads\/2022\/06\/Department-Of-State-USA.jpg","keywords":["chr\u00e9tiens","communaut\u00e9 bahaie","Ennahdha","Etats-Unis","juifs","libert\u00e9s religieuses","musulmans","radio Coran","Slimane Bouhafs","Tunisie","Zitouna TV"],"articleSection":["POLITIQUE","SOCIETE","Tunisie"],"inLanguage":"fr-FR","potentialAction":[{"@type":"CommentAction","name":"Comment","target":["https:\/\/kapitalis.com\/tunisie\/2022\/06\/03\/le-dernier-rapport-americain-sur-letat-des-libertes-religieuses-en-tunisie\/#respond"]}]},{"@type":"WebPage","@id":"https:\/\/kapitalis.com\/tunisie\/2022\/06\/03\/le-dernier-rapport-americain-sur-letat-des-libertes-religieuses-en-tunisie\/","url":"https:\/\/kapitalis.com\/tunisie\/2022\/06\/03\/le-dernier-rapport-americain-sur-letat-des-libertes-religieuses-en-tunisie\/","name":"Le dernier rapport am\u00e9ricain sur l'\u00e9tat des libert\u00e9s religieuses en Tunisie - Kapitalis","isPartOf":{"@id":"https:\/\/kapitalis.com\/tunisie\/#website"},"primaryImageOfPage":{"@id":"https:\/\/kapitalis.com\/tunisie\/2022\/06\/03\/le-dernier-rapport-americain-sur-letat-des-libertes-religieuses-en-tunisie\/#primaryimage"},"image":{"@id":"https:\/\/kapitalis.com\/tunisie\/2022\/06\/03\/le-dernier-rapport-americain-sur-letat-des-libertes-religieuses-en-tunisie\/#primaryimage"},"thumbnailUrl":"https:\/\/kapitalis.com\/tunisie\/wp-content\/uploads\/2022\/06\/Department-Of-State-USA.jpg","datePublished":"2022-06-03T06:10:23+00:00","dateModified":"2022-06-03T06:10:25+00:00","breadcrumb":{"@id":"https:\/\/kapitalis.com\/tunisie\/2022\/06\/03\/le-dernier-rapport-americain-sur-letat-des-libertes-religieuses-en-tunisie\/#breadcrumb"},"inLanguage":"fr-FR","potentialAction":[{"@type":"ReadAction","target":["https:\/\/kapitalis.com\/tunisie\/2022\/06\/03\/le-dernier-rapport-americain-sur-letat-des-libertes-religieuses-en-tunisie\/"]}]},{"@type":"ImageObject","inLanguage":"fr-FR","@id":"https:\/\/kapitalis.com\/tunisie\/2022\/06\/03\/le-dernier-rapport-americain-sur-letat-des-libertes-religieuses-en-tunisie\/#primaryimage","url":"https:\/\/kapitalis.com\/tunisie\/wp-content\/uploads\/2022\/06\/Department-Of-State-USA.jpg","contentUrl":"https:\/\/kapitalis.com\/tunisie\/wp-content\/uploads\/2022\/06\/Department-Of-State-USA.jpg","width":1200,"height":630},{"@type":"BreadcrumbList","@id":"https:\/\/kapitalis.com\/tunisie\/2022\/06\/03\/le-dernier-rapport-americain-sur-letat-des-libertes-religieuses-en-tunisie\/#breadcrumb","itemListElement":[{"@type":"ListItem","position":1,"name":"Accueil","item":"https:\/\/kapitalis.com\/tunisie\/"},{"@type":"ListItem","position":2,"name":"Le dernier rapport am\u00e9ricain sur l&rsquo;\u00e9tat des libert\u00e9s religieuses en Tunisie"}]},{"@type":"WebSite","@id":"https:\/\/kapitalis.com\/tunisie\/#website","url":"https:\/\/kapitalis.com\/tunisie\/","name":"Kapitalis","description":"L&#039;actualit\u00e9 en Tunisie et dans le monde","publisher":{"@id":"https:\/\/kapitalis.com\/tunisie\/#organization"},"potentialAction":[{"@type":"SearchAction","target":{"@type":"EntryPoint","urlTemplate":"https:\/\/kapitalis.com\/tunisie\/?s={search_term_string}"},"query-input":{"@type":"PropertyValueSpecification","valueRequired":true,"valueName":"search_term_string"}}],"inLanguage":"fr-FR"},{"@type":"Organization","@id":"https:\/\/kapitalis.com\/tunisie\/#organization","name":"Kapitalis","url":"https:\/\/kapitalis.com\/tunisie\/","logo":{"@type":"ImageObject","inLanguage":"fr-FR","@id":"https:\/\/kapitalis.com\/tunisie\/#\/schema\/logo\/image\/","url":"https:\/\/kapitalis.com\/tunisie\/wp-content\/uploads\/2022\/05\/Kapitalis-big-size.png","contentUrl":"https:\/\/kapitalis.com\/tunisie\/wp-content\/uploads\/2022\/05\/Kapitalis-big-size.png","width":5000,"height":1500,"caption":"Kapitalis"},"image":{"@id":"https:\/\/kapitalis.com\/tunisie\/#\/schema\/logo\/image\/"},"sameAs":["https:\/\/www.facebook.com\/KapitalisInfo\/","https:\/\/x.com\/KapitalisInfo","https:\/\/www.youtube.com\/channel\/UC-yDYrHyfFBWWZaOw3FPg9Q"]},{"@type":"Person","@id":"https:\/\/kapitalis.com\/tunisie\/#\/schema\/person\/d71f33a9ca44f7bad4698210b480c8e9","name":"webmaster kapitalis","url":"https:\/\/kapitalis.com\/tunisie\/author\/webmaster-kapitalis\/"}]}},"_links":{"self":[{"href":"https:\/\/kapitalis.com\/tunisie\/wp-json\/wp\/v2\/posts\/1210986","targetHints":{"allow":["GET"]}}],"collection":[{"href":"https:\/\/kapitalis.com\/tunisie\/wp-json\/wp\/v2\/posts"}],"about":[{"href":"https:\/\/kapitalis.com\/tunisie\/wp-json\/wp\/v2\/types\/post"}],"author":[{"embeddable":true,"href":"https:\/\/kapitalis.com\/tunisie\/wp-json\/wp\/v2\/users\/8"}],"replies":[{"embeddable":true,"href":"https:\/\/kapitalis.com\/tunisie\/wp-json\/wp\/v2\/comments?post=1210986"}],"version-history":[{"count":0,"href":"https:\/\/kapitalis.com\/tunisie\/wp-json\/wp\/v2\/posts\/1210986\/revisions"}],"wp:featuredmedia":[{"embeddable":true,"href":"https:\/\/kapitalis.com\/tunisie\/wp-json\/wp\/v2\/media\/1211143"}],"wp:attachment":[{"href":"https:\/\/kapitalis.com\/tunisie\/wp-json\/wp\/v2\/media?parent=1210986"}],"wp:term":[{"taxonomy":"category","embeddable":true,"href":"https:\/\/kapitalis.com\/tunisie\/wp-json\/wp\/v2\/categories?post=1210986"},{"taxonomy":"post_tag","embeddable":true,"href":"https:\/\/kapitalis.com\/tunisie\/wp-json\/wp\/v2\/tags?post=1210986"}],"curies":[{"name":"wp","href":"https:\/\/api.w.org\/{rel}","templated":true}]}}