{"id":121108,"date":"2017-10-31T07:48:44","date_gmt":"2017-10-31T06:48:44","guid":{"rendered":"http:\/\/kapitalis.com\/tunisie\/?p=121108"},"modified":"2017-10-31T08:07:29","modified_gmt":"2017-10-31T07:07:29","slug":"la-tunisie-et-linde-plus-unies-par-les-liens-de-lanti-terrorisme","status":"publish","type":"post","link":"https:\/\/kapitalis.com\/tunisie\/2017\/10\/31\/la-tunisie-et-linde-plus-unies-par-les-liens-de-lanti-terrorisme\/","title":{"rendered":"La Tunisie et l\u2019Inde plus unies par les liens de l\u2019anti-terrorisme"},"content":{"rendered":"<p style=\"text-align: center;\"><img loading=\"lazy\" decoding=\"async\" class=\"alignnone size-full wp-image-121109\" src=\"http:\/\/kapitalis.com\/tunisie\/wp-content\/uploads\/2017\/10\/Jhinaoui-Inde.jpg\" alt=\"\" width=\"626\" height=\"380\" \/><\/p>\n<p><em><strong>La Tunisie et l\u2019Inde s\u2019engagent \u00e0 accro\u00eetre leur coop\u00e9ration dans la lutte contre le terrorisme et leurs \u00e9changes \u00e9conomiques.<\/strong><\/em><\/p>\n<p><!--more--><\/p>\n<p>Tels \u00e9taient les grands dossiers abord\u00e9s, lundi 30 octobre 2017 \u00e0 New Delhi, par Sushma Swaraj, la ministre indienne des Affaires \u00e9trang\u00e8res, et son homologue tunisien, Khama\u00efes Jhinaoui, qui ont pr\u00e9sid\u00e9 la r\u00e9union de la 12e Commission mixte tuniso-indienne.<\/p>\n<p>Lors de cette s\u00e9ance de travail, la premi\u00e8re depuis 2000 \u00e0 pareil niveau minist\u00e9riel, 6 accords, portant sur la coop\u00e9ration juridique, dans le domaine de la jeunesse, des technologies de l\u2019information et communications, du commerce et des affaires, ont \u00e9t\u00e9 sign\u00e9s, selon un communiqu\u00e9 du minist\u00e8re indien des AE.<\/p>\n<p>D\u2019apr\u00e8s ce communiqu\u00e9, pour donner une nouvelle impulsion aux relations entre Tunis et New Delhi, Jhinaoui et Swaraj ont d\u00e9fini une feuille de route pr\u00e9cise pour cette coop\u00e9ration: <em>\u00abLes parties tunisienne et indienne partagent les m\u00eames pr\u00e9occupations au sujet du terrorisme et s\u2019accordent sur la n\u00e9cessit\u00e9 de joindre leurs efforts pour lutter contre l\u2019extr\u00e9misme, le radicalisme, le trafic de stup\u00e9fiants et le crime organis\u00e9, et \u00e9galement dans le domaine de la s\u00e9curit\u00e9, notamment la cyber-s\u00e9curit\u00e9.\u00bb<\/em><\/p>\n<p>A cette occasion, Mme Swaraj a salu\u00e9 la r\u00e9ussite de la transition tunisienne et fait la promesse de son pays de mettre \u00e0 la disposition de la Tunisie tous les soutiens possibles pour l\u2019\u00e9dification de ses institutions d\u00e9mocratiques.<\/p>\n<p>Afin d\u2019augmenter le flux commerciaux et les investissements entre les deux pays, la Tunisie et l\u2019Inde ont propos\u00e9 d\u2019\u00e9lever le volume de leurs \u00e9changes, qui s\u2019est situ\u00e9 \u00e0 370,46 millions de dollars en 2016, \u00e0 1 milliard de dollars, durant le prochain quinquennat \u2013 soit un accroissement de pr\u00e8s de 2,8 fois qu\u2019il n\u2019\u00e9tait l\u2019an dernier.<\/p>\n<p>New Delhi a notamment exprim\u00e9 le souhait de pouvoir b\u00e9n\u00e9ficier d\u2019un meilleur acc\u00e8s du march\u00e9 tunisien dans le secteur des produits pharmaceutiques et celui des engrais.<\/p>\n<p>Tunis, pour sa part, souhaite augmenter ses exportations d\u2019acide phosphorique \u2013 dont pr\u00e8s de 50% de la production totale de notre pays sont \u00e9coul\u00e9s en Inde \u2013, des textiles et des produits de notre agriculture.<\/p>\n<p>A cette fin, deux nouveaux groupes de travail mixtes \u2013 un pour plancher sur les questions de la lev\u00e9e des restrictions commerciales, de l\u2019accroissement du volume des \u00e9changes et leur diversification, et l\u2019autre pour se focaliser sur la coop\u00e9ration agricole et de l\u2019agro-alimentaire \u2013 seront mis sur pied.<\/p>\n<p>Pour le soixanti\u00e8me anniversaire de l\u2019\u00e9tablissement des relations diplomatiques entre les deux pays, l\u2019an prochain, l\u2019\u00e9v\u00e9nement sera c\u00e9l\u00e9br\u00e9 durant toute l\u2019ann\u00e9e par un festival tunisien en Inde et par son \u00e9quivalent indien en Tunisie.<\/p>\n<p>Autant dire, donc, que \u00ables choses bougent\u00bb entre Tunis et New Delhi. Et M. Jhinaoui serait le premier \u00e0 s\u2019en r\u00e9jouir, lui qui a commenc\u00e9 sa carri\u00e8re diplomatique en Inde, o\u00f9 il a servi entre 1982 et 1986.<\/p>\n<p style=\"text-align: right;\"><strong>Marwan Chahla<\/strong><\/p>\n<blockquote class=\"wp-embedded-content\" data-secret=\"jbUNRprPZR\"><p><a href=\"https:\/\/kapitalis.com\/tunisie\/2016\/11\/07\/prashant-pise-la-conference-tunisie-2020-aubaine-pour-inde\/\">Prashant Pise : \u00abLa conf\u00e9rence Tunisie 2020 est une aubaine pour l\u2019Inde\u00bb<\/a><\/p><\/blockquote>\n<p><iframe loading=\"lazy\" class=\"wp-embedded-content\" sandbox=\"allow-scripts\" security=\"restricted\" style=\"position: absolute; clip: rect(1px, 1px, 1px, 1px);\" title=\"\u00ab\u00a0Prashant Pise : \u00abLa conf\u00e9rence Tunisie 2020 est une aubaine pour l\u2019Inde\u00bb\u00a0\u00bb &#8212; Kapitalis\" src=\"https:\/\/kapitalis.com\/tunisie\/2016\/11\/07\/prashant-pise-la-conference-tunisie-2020-aubaine-pour-inde\/embed\/#?secret=W6w2HY0EuI#?secret=jbUNRprPZR\" data-secret=\"jbUNRprPZR\" width=\"600\" height=\"338\" frameborder=\"0\" marginwidth=\"0\" marginheight=\"0\" scrolling=\"no\"><\/iframe><\/p>\n<blockquote class=\"wp-embedded-content\" data-secret=\"wgqYqHu2zP\"><p><a href=\"https:\/\/kapitalis.com\/tunisie\/2016\/03\/04\/tunisie-inde-des-opportunites-non-encore-exploitees\/\">Tunisie &#8211; Inde : Des opportunit\u00e9s non encore exploit\u00e9es<\/a><\/p><\/blockquote>\n<p><iframe loading=\"lazy\" class=\"wp-embedded-content\" sandbox=\"allow-scripts\" security=\"restricted\" style=\"position: absolute; clip: rect(1px, 1px, 1px, 1px);\" title=\"\u00ab\u00a0Tunisie &#8211; Inde : Des opportunit\u00e9s non encore exploit\u00e9es\u00a0\u00bb &#8212; Kapitalis\" src=\"https:\/\/kapitalis.com\/tunisie\/2016\/03\/04\/tunisie-inde-des-opportunites-non-encore-exploitees\/embed\/#?secret=FPlC0iUG2L#?secret=wgqYqHu2zP\" data-secret=\"wgqYqHu2zP\" width=\"600\" height=\"338\" frameborder=\"0\" marginwidth=\"0\" marginheight=\"0\" scrolling=\"no\"><\/iframe><\/p>\n","protected":false},"excerpt":{"rendered":"<p>La Tunisie et l\u2019Inde s\u2019engagent \u00e0 accro\u00eetre leur coop\u00e9ration dans la lutte contre le terrorisme et leurs \u00e9changes \u00e9conomiques.<\/p>\n","protected":false},"author":8,"featured_media":121109,"comment_status":"open","ping_status":"open","sticky":false,"template":"","format":"standard","meta":{"footnotes":""},"categories":[997,2433],"tags":[],"class_list":["post-121108","post","type-post","status-publish","format-standard","has-post-thumbnail","hentry","category-politique","category-tunisie"],"yoast_head":"<!-- This site is optimized with the Yoast SEO plugin v26.6 - https:\/\/yoast.com\/wordpress\/plugins\/seo\/ -->\n<title>La Tunisie et l\u2019Inde plus unies par les liens de l\u2019anti-terrorisme - Kapitalis<\/title>\n<meta name=\"robots\" content=\"index, follow, max-snippet:-1, max-image-preview:large, max-video-preview:-1\" \/>\n<link rel=\"canonical\" href=\"https:\/\/kapitalis.com\/tunisie\/2017\/10\/31\/la-tunisie-et-linde-plus-unies-par-les-liens-de-lanti-terrorisme\/\" \/>\n<meta property=\"og:locale\" content=\"fr_FR\" \/>\n<meta property=\"og:type\" content=\"article\" \/>\n<meta property=\"og:title\" content=\"La Tunisie et l\u2019Inde plus unies par les liens de l\u2019anti-terrorisme - Kapitalis\" \/>\n<meta property=\"og:description\" content=\"La Tunisie et l\u2019Inde s\u2019engagent \u00e0 accro\u00eetre leur coop\u00e9ration dans la lutte contre le terrorisme et leurs \u00e9changes \u00e9conomiques.\" \/>\n<meta property=\"og:url\" content=\"https:\/\/kapitalis.com\/tunisie\/2017\/10\/31\/la-tunisie-et-linde-plus-unies-par-les-liens-de-lanti-terrorisme\/\" \/>\n<meta property=\"og:site_name\" content=\"Kapitalis\" \/>\n<meta property=\"article:publisher\" content=\"https:\/\/www.facebook.com\/KapitalisInfo\/\" \/>\n<meta property=\"article:published_time\" content=\"2017-10-31T06:48:44+00:00\" \/>\n<meta property=\"article:modified_time\" content=\"2017-10-31T07:07:29+00:00\" \/>\n<meta property=\"og:image\" content=\"https:\/\/kapitalis.com\/tunisie\/wp-content\/uploads\/2022\/05\/kapitalis-logo-fb.png\" \/>\n\t<meta property=\"og:image:width\" content=\"1200\" \/>\n\t<meta property=\"og:image:height\" content=\"630\" \/>\n\t<meta property=\"og:image:type\" content=\"image\/png\" \/>\n<meta name=\"author\" content=\"webmaster kapitalis\" \/>\n<meta name=\"twitter:card\" content=\"summary_large_image\" \/>\n<meta name=\"twitter:creator\" content=\"@KapitalisInfo\" \/>\n<meta name=\"twitter:site\" content=\"@KapitalisInfo\" \/>\n<meta name=\"twitter:label1\" content=\"\u00c9crit par\" \/>\n\t<meta name=\"twitter:data1\" content=\"webmaster kapitalis\" \/>\n\t<meta name=\"twitter:label2\" content=\"Dur\u00e9e de lecture estim\u00e9e\" \/>\n\t<meta name=\"twitter:data2\" content=\"3 minutes\" \/>\n<script type=\"application\/ld+json\" class=\"yoast-schema-graph\">{\"@context\":\"https:\/\/schema.org\",\"@graph\":[{\"@type\":\"Article\",\"@id\":\"https:\/\/kapitalis.com\/tunisie\/2017\/10\/31\/la-tunisie-et-linde-plus-unies-par-les-liens-de-lanti-terrorisme\/#article\",\"isPartOf\":{\"@id\":\"https:\/\/kapitalis.com\/tunisie\/2017\/10\/31\/la-tunisie-et-linde-plus-unies-par-les-liens-de-lanti-terrorisme\/\"},\"author\":{\"name\":\"webmaster kapitalis\",\"@id\":\"https:\/\/kapitalis.com\/tunisie\/#\/schema\/person\/d71f33a9ca44f7bad4698210b480c8e9\"},\"headline\":\"La Tunisie et l\u2019Inde plus unies par les liens de l\u2019anti-terrorisme\",\"datePublished\":\"2017-10-31T06:48:44+00:00\",\"dateModified\":\"2017-10-31T07:07:29+00:00\",\"mainEntityOfPage\":{\"@id\":\"https:\/\/kapitalis.com\/tunisie\/2017\/10\/31\/la-tunisie-et-linde-plus-unies-par-les-liens-de-lanti-terrorisme\/\"},\"wordCount\":525,\"commentCount\":1,\"publisher\":{\"@id\":\"https:\/\/kapitalis.com\/tunisie\/#organization\"},\"image\":{\"@id\":\"https:\/\/kapitalis.com\/tunisie\/2017\/10\/31\/la-tunisie-et-linde-plus-unies-par-les-liens-de-lanti-terrorisme\/#primaryimage\"},\"thumbnailUrl\":\"\",\"articleSection\":[\"POLITIQUE\",\"Tunisie\"],\"inLanguage\":\"fr-FR\",\"potentialAction\":[{\"@type\":\"CommentAction\",\"name\":\"Comment\",\"target\":[\"https:\/\/kapitalis.com\/tunisie\/2017\/10\/31\/la-tunisie-et-linde-plus-unies-par-les-liens-de-lanti-terrorisme\/#respond\"]}]},{\"@type\":\"WebPage\",\"@id\":\"https:\/\/kapitalis.com\/tunisie\/2017\/10\/31\/la-tunisie-et-linde-plus-unies-par-les-liens-de-lanti-terrorisme\/\",\"url\":\"https:\/\/kapitalis.com\/tunisie\/2017\/10\/31\/la-tunisie-et-linde-plus-unies-par-les-liens-de-lanti-terrorisme\/\",\"name\":\"La Tunisie et l\u2019Inde plus unies par les liens de l\u2019anti-terrorisme - Kapitalis\",\"isPartOf\":{\"@id\":\"https:\/\/kapitalis.com\/tunisie\/#website\"},\"primaryImageOfPage\":{\"@id\":\"https:\/\/kapitalis.com\/tunisie\/2017\/10\/31\/la-tunisie-et-linde-plus-unies-par-les-liens-de-lanti-terrorisme\/#primaryimage\"},\"image\":{\"@id\":\"https:\/\/kapitalis.com\/tunisie\/2017\/10\/31\/la-tunisie-et-linde-plus-unies-par-les-liens-de-lanti-terrorisme\/#primaryimage\"},\"thumbnailUrl\":\"\",\"datePublished\":\"2017-10-31T06:48:44+00:00\",\"dateModified\":\"2017-10-31T07:07:29+00:00\",\"breadcrumb\":{\"@id\":\"https:\/\/kapitalis.com\/tunisie\/2017\/10\/31\/la-tunisie-et-linde-plus-unies-par-les-liens-de-lanti-terrorisme\/#breadcrumb\"},\"inLanguage\":\"fr-FR\",\"potentialAction\":[{\"@type\":\"ReadAction\",\"target\":[\"https:\/\/kapitalis.com\/tunisie\/2017\/10\/31\/la-tunisie-et-linde-plus-unies-par-les-liens-de-lanti-terrorisme\/\"]}]},{\"@type\":\"ImageObject\",\"inLanguage\":\"fr-FR\",\"@id\":\"https:\/\/kapitalis.com\/tunisie\/2017\/10\/31\/la-tunisie-et-linde-plus-unies-par-les-liens-de-lanti-terrorisme\/#primaryimage\",\"url\":\"\",\"contentUrl\":\"\"},{\"@type\":\"BreadcrumbList\",\"@id\":\"https:\/\/kapitalis.com\/tunisie\/2017\/10\/31\/la-tunisie-et-linde-plus-unies-par-les-liens-de-lanti-terrorisme\/#breadcrumb\",\"itemListElement\":[{\"@type\":\"ListItem\",\"position\":1,\"name\":\"Accueil\",\"item\":\"https:\/\/kapitalis.com\/tunisie\/\"},{\"@type\":\"ListItem\",\"position\":2,\"name\":\"La Tunisie et l\u2019Inde plus unies par les liens de l\u2019anti-terrorisme\"}]},{\"@type\":\"WebSite\",\"@id\":\"https:\/\/kapitalis.com\/tunisie\/#website\",\"url\":\"https:\/\/kapitalis.com\/tunisie\/\",\"name\":\"Kapitalis\",\"description\":\"L&#039;actualit\u00e9 en Tunisie et dans le monde\",\"publisher\":{\"@id\":\"https:\/\/kapitalis.com\/tunisie\/#organization\"},\"potentialAction\":[{\"@type\":\"SearchAction\",\"target\":{\"@type\":\"EntryPoint\",\"urlTemplate\":\"https:\/\/kapitalis.com\/tunisie\/?s={search_term_string}\"},\"query-input\":{\"@type\":\"PropertyValueSpecification\",\"valueRequired\":true,\"valueName\":\"search_term_string\"}}],\"inLanguage\":\"fr-FR\"},{\"@type\":\"Organization\",\"@id\":\"https:\/\/kapitalis.com\/tunisie\/#organization\",\"name\":\"Kapitalis\",\"url\":\"https:\/\/kapitalis.com\/tunisie\/\",\"logo\":{\"@type\":\"ImageObject\",\"inLanguage\":\"fr-FR\",\"@id\":\"https:\/\/kapitalis.com\/tunisie\/#\/schema\/logo\/image\/\",\"url\":\"https:\/\/kapitalis.com\/tunisie\/wp-content\/uploads\/2022\/05\/Kapitalis-big-size.png\",\"contentUrl\":\"https:\/\/kapitalis.com\/tunisie\/wp-content\/uploads\/2022\/05\/Kapitalis-big-size.png\",\"width\":5000,\"height\":1500,\"caption\":\"Kapitalis\"},\"image\":{\"@id\":\"https:\/\/kapitalis.com\/tunisie\/#\/schema\/logo\/image\/\"},\"sameAs\":[\"https:\/\/www.facebook.com\/KapitalisInfo\/\",\"https:\/\/x.com\/KapitalisInfo\",\"https:\/\/www.youtube.com\/channel\/UC-yDYrHyfFBWWZaOw3FPg9Q\"]},{\"@type\":\"Person\",\"@id\":\"https:\/\/kapitalis.com\/tunisie\/#\/schema\/person\/d71f33a9ca44f7bad4698210b480c8e9\",\"name\":\"webmaster kapitalis\",\"url\":\"https:\/\/kapitalis.com\/tunisie\/author\/webmaster-kapitalis\/\"}]}<\/script>\n<!-- \/ Yoast SEO plugin. -->","yoast_head_json":{"title":"La Tunisie et l\u2019Inde plus unies par les liens de l\u2019anti-terrorisme - Kapitalis","robots":{"index":"index","follow":"follow","max-snippet":"max-snippet:-1","max-image-preview":"max-image-preview:large","max-video-preview":"max-video-preview:-1"},"canonical":"https:\/\/kapitalis.com\/tunisie\/2017\/10\/31\/la-tunisie-et-linde-plus-unies-par-les-liens-de-lanti-terrorisme\/","og_locale":"fr_FR","og_type":"article","og_title":"La Tunisie et l\u2019Inde plus unies par les liens de l\u2019anti-terrorisme - Kapitalis","og_description":"La Tunisie et l\u2019Inde s\u2019engagent \u00e0 accro\u00eetre leur coop\u00e9ration dans la lutte contre le terrorisme et leurs \u00e9changes \u00e9conomiques.","og_url":"https:\/\/kapitalis.com\/tunisie\/2017\/10\/31\/la-tunisie-et-linde-plus-unies-par-les-liens-de-lanti-terrorisme\/","og_site_name":"Kapitalis","article_publisher":"https:\/\/www.facebook.com\/KapitalisInfo\/","article_published_time":"2017-10-31T06:48:44+00:00","article_modified_time":"2017-10-31T07:07:29+00:00","og_image":[{"width":1200,"height":630,"url":"https:\/\/kapitalis.com\/tunisie\/wp-content\/uploads\/2022\/05\/kapitalis-logo-fb.png","type":"image\/png"}],"author":"webmaster kapitalis","twitter_card":"summary_large_image","twitter_creator":"@KapitalisInfo","twitter_site":"@KapitalisInfo","twitter_misc":{"\u00c9crit par":"webmaster kapitalis","Dur\u00e9e de lecture estim\u00e9e":"3 minutes"},"schema":{"@context":"https:\/\/schema.org","@graph":[{"@type":"Article","@id":"https:\/\/kapitalis.com\/tunisie\/2017\/10\/31\/la-tunisie-et-linde-plus-unies-par-les-liens-de-lanti-terrorisme\/#article","isPartOf":{"@id":"https:\/\/kapitalis.com\/tunisie\/2017\/10\/31\/la-tunisie-et-linde-plus-unies-par-les-liens-de-lanti-terrorisme\/"},"author":{"name":"webmaster kapitalis","@id":"https:\/\/kapitalis.com\/tunisie\/#\/schema\/person\/d71f33a9ca44f7bad4698210b480c8e9"},"headline":"La Tunisie et l\u2019Inde plus unies par les liens de l\u2019anti-terrorisme","datePublished":"2017-10-31T06:48:44+00:00","dateModified":"2017-10-31T07:07:29+00:00","mainEntityOfPage":{"@id":"https:\/\/kapitalis.com\/tunisie\/2017\/10\/31\/la-tunisie-et-linde-plus-unies-par-les-liens-de-lanti-terrorisme\/"},"wordCount":525,"commentCount":1,"publisher":{"@id":"https:\/\/kapitalis.com\/tunisie\/#organization"},"image":{"@id":"https:\/\/kapitalis.com\/tunisie\/2017\/10\/31\/la-tunisie-et-linde-plus-unies-par-les-liens-de-lanti-terrorisme\/#primaryimage"},"thumbnailUrl":"","articleSection":["POLITIQUE","Tunisie"],"inLanguage":"fr-FR","potentialAction":[{"@type":"CommentAction","name":"Comment","target":["https:\/\/kapitalis.com\/tunisie\/2017\/10\/31\/la-tunisie-et-linde-plus-unies-par-les-liens-de-lanti-terrorisme\/#respond"]}]},{"@type":"WebPage","@id":"https:\/\/kapitalis.com\/tunisie\/2017\/10\/31\/la-tunisie-et-linde-plus-unies-par-les-liens-de-lanti-terrorisme\/","url":"https:\/\/kapitalis.com\/tunisie\/2017\/10\/31\/la-tunisie-et-linde-plus-unies-par-les-liens-de-lanti-terrorisme\/","name":"La Tunisie et l\u2019Inde plus unies par les liens de l\u2019anti-terrorisme - Kapitalis","isPartOf":{"@id":"https:\/\/kapitalis.com\/tunisie\/#website"},"primaryImageOfPage":{"@id":"https:\/\/kapitalis.com\/tunisie\/2017\/10\/31\/la-tunisie-et-linde-plus-unies-par-les-liens-de-lanti-terrorisme\/#primaryimage"},"image":{"@id":"https:\/\/kapitalis.com\/tunisie\/2017\/10\/31\/la-tunisie-et-linde-plus-unies-par-les-liens-de-lanti-terrorisme\/#primaryimage"},"thumbnailUrl":"","datePublished":"2017-10-31T06:48:44+00:00","dateModified":"2017-10-31T07:07:29+00:00","breadcrumb":{"@id":"https:\/\/kapitalis.com\/tunisie\/2017\/10\/31\/la-tunisie-et-linde-plus-unies-par-les-liens-de-lanti-terrorisme\/#breadcrumb"},"inLanguage":"fr-FR","potentialAction":[{"@type":"ReadAction","target":["https:\/\/kapitalis.com\/tunisie\/2017\/10\/31\/la-tunisie-et-linde-plus-unies-par-les-liens-de-lanti-terrorisme\/"]}]},{"@type":"ImageObject","inLanguage":"fr-FR","@id":"https:\/\/kapitalis.com\/tunisie\/2017\/10\/31\/la-tunisie-et-linde-plus-unies-par-les-liens-de-lanti-terrorisme\/#primaryimage","url":"","contentUrl":""},{"@type":"BreadcrumbList","@id":"https:\/\/kapitalis.com\/tunisie\/2017\/10\/31\/la-tunisie-et-linde-plus-unies-par-les-liens-de-lanti-terrorisme\/#breadcrumb","itemListElement":[{"@type":"ListItem","position":1,"name":"Accueil","item":"https:\/\/kapitalis.com\/tunisie\/"},{"@type":"ListItem","position":2,"name":"La Tunisie et l\u2019Inde plus unies par les liens de l\u2019anti-terrorisme"}]},{"@type":"WebSite","@id":"https:\/\/kapitalis.com\/tunisie\/#website","url":"https:\/\/kapitalis.com\/tunisie\/","name":"Kapitalis","description":"L&#039;actualit\u00e9 en Tunisie et dans le monde","publisher":{"@id":"https:\/\/kapitalis.com\/tunisie\/#organization"},"potentialAction":[{"@type":"SearchAction","target":{"@type":"EntryPoint","urlTemplate":"https:\/\/kapitalis.com\/tunisie\/?s={search_term_string}"},"query-input":{"@type":"PropertyValueSpecification","valueRequired":true,"valueName":"search_term_string"}}],"inLanguage":"fr-FR"},{"@type":"Organization","@id":"https:\/\/kapitalis.com\/tunisie\/#organization","name":"Kapitalis","url":"https:\/\/kapitalis.com\/tunisie\/","logo":{"@type":"ImageObject","inLanguage":"fr-FR","@id":"https:\/\/kapitalis.com\/tunisie\/#\/schema\/logo\/image\/","url":"https:\/\/kapitalis.com\/tunisie\/wp-content\/uploads\/2022\/05\/Kapitalis-big-size.png","contentUrl":"https:\/\/kapitalis.com\/tunisie\/wp-content\/uploads\/2022\/05\/Kapitalis-big-size.png","width":5000,"height":1500,"caption":"Kapitalis"},"image":{"@id":"https:\/\/kapitalis.com\/tunisie\/#\/schema\/logo\/image\/"},"sameAs":["https:\/\/www.facebook.com\/KapitalisInfo\/","https:\/\/x.com\/KapitalisInfo","https:\/\/www.youtube.com\/channel\/UC-yDYrHyfFBWWZaOw3FPg9Q"]},{"@type":"Person","@id":"https:\/\/kapitalis.com\/tunisie\/#\/schema\/person\/d71f33a9ca44f7bad4698210b480c8e9","name":"webmaster kapitalis","url":"https:\/\/kapitalis.com\/tunisie\/author\/webmaster-kapitalis\/"}]}},"_links":{"self":[{"href":"https:\/\/kapitalis.com\/tunisie\/wp-json\/wp\/v2\/posts\/121108","targetHints":{"allow":["GET"]}}],"collection":[{"href":"https:\/\/kapitalis.com\/tunisie\/wp-json\/wp\/v2\/posts"}],"about":[{"href":"https:\/\/kapitalis.com\/tunisie\/wp-json\/wp\/v2\/types\/post"}],"author":[{"embeddable":true,"href":"https:\/\/kapitalis.com\/tunisie\/wp-json\/wp\/v2\/users\/8"}],"replies":[{"embeddable":true,"href":"https:\/\/kapitalis.com\/tunisie\/wp-json\/wp\/v2\/comments?post=121108"}],"version-history":[{"count":0,"href":"https:\/\/kapitalis.com\/tunisie\/wp-json\/wp\/v2\/posts\/121108\/revisions"}],"wp:featuredmedia":[{"embeddable":true,"href":"https:\/\/kapitalis.com\/tunisie\/wp-json\/wp\/v2\/media\/121109"}],"wp:attachment":[{"href":"https:\/\/kapitalis.com\/tunisie\/wp-json\/wp\/v2\/media?parent=121108"}],"wp:term":[{"taxonomy":"category","embeddable":true,"href":"https:\/\/kapitalis.com\/tunisie\/wp-json\/wp\/v2\/categories?post=121108"},{"taxonomy":"post_tag","embeddable":true,"href":"https:\/\/kapitalis.com\/tunisie\/wp-json\/wp\/v2\/tags?post=121108"}],"curies":[{"name":"wp","href":"https:\/\/api.w.org\/{rel}","templated":true}]}}