{"id":12111178,"date":"2024-03-15T23:36:21","date_gmt":"2024-03-15T22:36:21","guid":{"rendered":"https:\/\/kapitalis.com\/tunisie\/?p=12111178"},"modified":"2024-03-16T00:44:36","modified_gmt":"2024-03-15T23:44:36","slug":"lotfi-mraihi-commente-sa-nouvelle-convocation-pour-etre-auditionne-en-tant-que-suspect","status":"publish","type":"post","link":"https:\/\/kapitalis.com\/tunisie\/2024\/03\/15\/lotfi-mraihi-commente-sa-nouvelle-convocation-pour-etre-auditionne-en-tant-que-suspect\/","title":{"rendered":"Lotfi Mraihi commente sa nouvelle convocation pour \u00eatre auditionn\u00e9 en tant que suspect"},"content":{"rendered":"\n<p><strong><em>Le pr\u00e9sident de l&rsquo;Union populaire r\u00e9publicaine (UPR) <strong><em>Lotfi Mraihi <\/em><\/strong><\/em><\/strong> <strong><em>a re\u00e7u une nouvelle convocation et devra \u00eatre entendu par la brigade centrale de lutte contre les crimes de t\u00e9l\u00e9communications \u00e0 Laouina, lundi 18 mars 2024 \u00e0 10h.<\/em><\/strong><\/p>\n\n\n\n<!--more-->\n\n\n\n<p>C&rsquo;est ce qu&rsquo;il a annonc\u00e9 lui m\u00eame ce vendredi 15 mars sur sa page Facebook, en d\u00e9non\u00e7ant un acharnement et en pointant du doigt la responsabilit\u00e9 du pr\u00e9sident de la r\u00e9publique : <em>\u00abJe suis une nouvelle fois poursuivi dans une nouvelle affaire et celle-ci ne peu qu&rsquo;\u00eatre une affaire li\u00e9e \u00e0 la libert\u00e9 d\u2019opinion\u2026Il est clair qu&rsquo;il s&rsquo;agit d&rsquo;une d\u00e9cision politique qui vient de Ka\u00efs Sa\u00efed ou de personnes souhaitant se rapprocher de lui.. Quoi qu&rsquo;il en soit \u00e9tant garant du respect des libert\u00e9s il en assume la responsabilit\u00e9\u00bb, <\/em>a-t-il lanc\u00e9 dans une <a href=\"https:\/\/www.facebook.com\/lotfi.mraihi\/videos\/1327368747934051\" target=\"_blank\" rel=\"noreferrer noopener\">vid\u00e9o<\/a> qu&rsquo;il a partag\u00e9e ce soir.<\/p>\n\n\n\n<p>Pour Lotfi Mraihi, il s&rsquo;agit d&rsquo;une d\u00e9cision politique men\u00e9e<em> \u00abcontre toute personne s\u00e9rieuse ayant de s\u00e9rieuses chances \u00e0 la prochaine pr\u00e9sidentielle\u00bb<\/em>, et que le pr\u00e9sident au pouvoir \u00ab<em>veut finalement \u00eatre le seul \u00e0 prendre part \u00e0 la course aux \u00e9lections pour arriver le premier&#8230;.\u00bb<\/em>.<\/p>\n\n\n\n<p><em>\u00abCela d\u00e9montre qu&rsquo;il n&rsquo;a pas confiance en lui. Une personne qui a confiance en elle ne fait rien de cela et laisse place \u00e0 la concurrence\u00bb<\/em>, a-t-il encore ajout\u00e9.<\/p>\n\n\n\n<p>Le chef de l&rsquo;UPR a par ailleurs estim\u00e9 que <em>\u00abla justice aurait d\u00fb plut\u00f4t poursuivre le pr\u00e9sident de la r\u00e9publique pour avoir qualifi\u00e9 les opposants des pires des noms en portant atteinte \u00e0 leur dignit\u00e9 et en les accusant de trahison\u2026\u00bb<\/em>&#8230;<\/p>\n\n\n\n<p>Rappelons que Lotfi Mraihi a \u00e9t\u00e9 condamn\u00e9, le 29 janvier dernier, \u00e0 six mois de prison avec sursis pour offense au pr\u00e9sident de la R\u00e9publique via les r\u00e9seaux sociaux suite \u00e0 une plainte d\u00e9pos\u00e9e sur la base du d\u00e9cret 54 par la ministre de la justice, avait-t-il soulign\u00e9.<\/p>\n\n\n\n<p class=\"has-text-align-right\"><strong>Y. N.<\/strong><\/p>\n\n\n\n<figure class=\"wp-block-embed is-type-wp-embed is-provider-kapitalis wp-block-embed-kapitalis\"><div class=\"wp-block-embed__wrapper\">\n<blockquote class=\"wp-embedded-content\" data-secret=\"W34xEPeikE\"><a href=\"https:\/\/kapitalis.com\/tunisie\/2024\/01\/29\/tunisie-lotfi-mraihi-condamne-a-6-mois-avec-sursis\/\">Tunisie : Lotfi Mraihi condamn\u00e9 \u00e0 6 mois avec sursis<\/a><\/blockquote><iframe loading=\"lazy\" class=\"wp-embedded-content\" sandbox=\"allow-scripts\" security=\"restricted\" style=\"position: absolute; clip: rect(1px, 1px, 1px, 1px);\" title=\"\u00ab\u00a0Tunisie : Lotfi Mraihi condamn\u00e9 \u00e0 6 mois avec sursis\u00a0\u00bb &#8212; Kapitalis\" src=\"https:\/\/kapitalis.com\/tunisie\/2024\/01\/29\/tunisie-lotfi-mraihi-condamne-a-6-mois-avec-sursis\/embed\/#?secret=8SciTvxxRu#?secret=W34xEPeikE\" data-secret=\"W34xEPeikE\" width=\"600\" height=\"338\" frameborder=\"0\" marginwidth=\"0\" marginheight=\"0\" scrolling=\"no\"><\/iframe>\n<\/div><\/figure>\n","protected":false},"excerpt":{"rendered":"<p>Le pr\u00e9sident de l&rsquo;Union populaire r\u00e9publicaine (UPR) Lotfi Mraihi a re\u00e7u une nouvelle convocation et devra \u00eatre entendu par la brigade centrale de lutte contre les crimes de t\u00e9l\u00e9communications \u00e0 Laouina, lundi 18 mars 2024 \u00e0 10h.<\/p>\n","protected":false},"author":6,"featured_media":4283594,"comment_status":"open","ping_status":"open","sticky":false,"template":"","format":"standard","meta":{"footnotes":""},"categories":[997,2433,4806],"tags":[92708,64355,76012,6486,64018,4819,62643,15699],"class_list":["post-12111178","post","type-post","status-publish","format-standard","has-post-thumbnail","hentry","category-politique","category-tunisie","category-videos","tag-convocation","tag-justice","tag-kais-saied-2","tag-laouina","tag-lotfi-mraihi","tag-suspect","tag-tunisie","tag-upr"],"yoast_head":"<!-- This site is optimized with the Yoast SEO plugin v26.6 - https:\/\/yoast.com\/wordpress\/plugins\/seo\/ -->\n<title>Lotfi Mraihi commente sa nouvelle convocation pour \u00eatre auditionn\u00e9 en tant que suspect - Kapitalis<\/title>\n<meta name=\"robots\" content=\"index, follow, max-snippet:-1, max-image-preview:large, max-video-preview:-1\" \/>\n<link rel=\"canonical\" href=\"https:\/\/kapitalis.com\/tunisie\/2024\/03\/15\/lotfi-mraihi-commente-sa-nouvelle-convocation-pour-etre-auditionne-en-tant-que-suspect\/\" \/>\n<meta property=\"og:locale\" content=\"fr_FR\" \/>\n<meta property=\"og:type\" content=\"article\" \/>\n<meta property=\"og:title\" content=\"Lotfi Mraihi commente sa nouvelle convocation pour \u00eatre auditionn\u00e9 en tant que suspect - Kapitalis\" \/>\n<meta property=\"og:description\" content=\"Le pr\u00e9sident de l&rsquo;Union populaire r\u00e9publicaine (UPR) Lotfi Mraihi a re\u00e7u une nouvelle convocation et devra \u00eatre entendu par la brigade centrale de lutte contre les crimes de t\u00e9l\u00e9communications \u00e0 Laouina, lundi 18 mars 2024 \u00e0 10h.\" \/>\n<meta property=\"og:url\" content=\"https:\/\/kapitalis.com\/tunisie\/2024\/03\/15\/lotfi-mraihi-commente-sa-nouvelle-convocation-pour-etre-auditionne-en-tant-que-suspect\/\" \/>\n<meta property=\"og:site_name\" content=\"Kapitalis\" \/>\n<meta property=\"article:publisher\" content=\"https:\/\/www.facebook.com\/KapitalisInfo\/\" \/>\n<meta property=\"article:published_time\" content=\"2024-03-15T22:36:21+00:00\" \/>\n<meta property=\"article:modified_time\" content=\"2024-03-15T23:44:36+00:00\" \/>\n<meta property=\"og:image\" content=\"https:\/\/kapitalis.com\/tunisie\/wp-content\/uploads\/2022\/09\/lotfi-mraihi.jpg\" \/>\n\t<meta property=\"og:image:width\" content=\"1200\" \/>\n\t<meta property=\"og:image:height\" content=\"630\" \/>\n\t<meta property=\"og:image:type\" content=\"image\/jpeg\" \/>\n<meta name=\"author\" content=\"Yusra NY\" \/>\n<meta name=\"twitter:card\" content=\"summary_large_image\" \/>\n<meta name=\"twitter:creator\" content=\"@KapitalisInfo\" \/>\n<meta name=\"twitter:site\" content=\"@KapitalisInfo\" \/>\n<meta name=\"twitter:label1\" content=\"\u00c9crit par\" \/>\n\t<meta name=\"twitter:data1\" content=\"Yusra NY\" \/>\n\t<meta name=\"twitter:label2\" content=\"Dur\u00e9e de lecture estim\u00e9e\" \/>\n\t<meta name=\"twitter:data2\" content=\"2 minutes\" \/>\n<script type=\"application\/ld+json\" class=\"yoast-schema-graph\">{\"@context\":\"https:\/\/schema.org\",\"@graph\":[{\"@type\":\"Article\",\"@id\":\"https:\/\/kapitalis.com\/tunisie\/2024\/03\/15\/lotfi-mraihi-commente-sa-nouvelle-convocation-pour-etre-auditionne-en-tant-que-suspect\/#article\",\"isPartOf\":{\"@id\":\"https:\/\/kapitalis.com\/tunisie\/2024\/03\/15\/lotfi-mraihi-commente-sa-nouvelle-convocation-pour-etre-auditionne-en-tant-que-suspect\/\"},\"author\":{\"name\":\"Yusra NY\",\"@id\":\"https:\/\/kapitalis.com\/tunisie\/#\/schema\/person\/74bbde0154d49d790a92aaeac5bc01d5\"},\"headline\":\"Lotfi Mraihi commente sa nouvelle convocation pour \u00eatre auditionn\u00e9 en tant que suspect\",\"datePublished\":\"2024-03-15T22:36:21+00:00\",\"dateModified\":\"2024-03-15T23:44:36+00:00\",\"mainEntityOfPage\":{\"@id\":\"https:\/\/kapitalis.com\/tunisie\/2024\/03\/15\/lotfi-mraihi-commente-sa-nouvelle-convocation-pour-etre-auditionne-en-tant-que-suspect\/\"},\"wordCount\":339,\"commentCount\":1,\"publisher\":{\"@id\":\"https:\/\/kapitalis.com\/tunisie\/#organization\"},\"image\":{\"@id\":\"https:\/\/kapitalis.com\/tunisie\/2024\/03\/15\/lotfi-mraihi-commente-sa-nouvelle-convocation-pour-etre-auditionne-en-tant-que-suspect\/#primaryimage\"},\"thumbnailUrl\":\"https:\/\/kapitalis.com\/tunisie\/wp-content\/uploads\/2022\/09\/lotfi-mraihi.jpg\",\"keywords\":[\"convocation\",\"justice\",\"Ka\u00efs Sa\u00efed\",\"Laouina\",\"Lotfi Mraihi\",\"suspect\",\"Tunisie\",\"UPR\"],\"articleSection\":[\"POLITIQUE\",\"Tunisie\",\"VIDEOS\"],\"inLanguage\":\"fr-FR\",\"potentialAction\":[{\"@type\":\"CommentAction\",\"name\":\"Comment\",\"target\":[\"https:\/\/kapitalis.com\/tunisie\/2024\/03\/15\/lotfi-mraihi-commente-sa-nouvelle-convocation-pour-etre-auditionne-en-tant-que-suspect\/#respond\"]}]},{\"@type\":\"WebPage\",\"@id\":\"https:\/\/kapitalis.com\/tunisie\/2024\/03\/15\/lotfi-mraihi-commente-sa-nouvelle-convocation-pour-etre-auditionne-en-tant-que-suspect\/\",\"url\":\"https:\/\/kapitalis.com\/tunisie\/2024\/03\/15\/lotfi-mraihi-commente-sa-nouvelle-convocation-pour-etre-auditionne-en-tant-que-suspect\/\",\"name\":\"Lotfi Mraihi commente sa nouvelle convocation pour \u00eatre auditionn\u00e9 en tant que suspect - Kapitalis\",\"isPartOf\":{\"@id\":\"https:\/\/kapitalis.com\/tunisie\/#website\"},\"primaryImageOfPage\":{\"@id\":\"https:\/\/kapitalis.com\/tunisie\/2024\/03\/15\/lotfi-mraihi-commente-sa-nouvelle-convocation-pour-etre-auditionne-en-tant-que-suspect\/#primaryimage\"},\"image\":{\"@id\":\"https:\/\/kapitalis.com\/tunisie\/2024\/03\/15\/lotfi-mraihi-commente-sa-nouvelle-convocation-pour-etre-auditionne-en-tant-que-suspect\/#primaryimage\"},\"thumbnailUrl\":\"https:\/\/kapitalis.com\/tunisie\/wp-content\/uploads\/2022\/09\/lotfi-mraihi.jpg\",\"datePublished\":\"2024-03-15T22:36:21+00:00\",\"dateModified\":\"2024-03-15T23:44:36+00:00\",\"breadcrumb\":{\"@id\":\"https:\/\/kapitalis.com\/tunisie\/2024\/03\/15\/lotfi-mraihi-commente-sa-nouvelle-convocation-pour-etre-auditionne-en-tant-que-suspect\/#breadcrumb\"},\"inLanguage\":\"fr-FR\",\"potentialAction\":[{\"@type\":\"ReadAction\",\"target\":[\"https:\/\/kapitalis.com\/tunisie\/2024\/03\/15\/lotfi-mraihi-commente-sa-nouvelle-convocation-pour-etre-auditionne-en-tant-que-suspect\/\"]}]},{\"@type\":\"ImageObject\",\"inLanguage\":\"fr-FR\",\"@id\":\"https:\/\/kapitalis.com\/tunisie\/2024\/03\/15\/lotfi-mraihi-commente-sa-nouvelle-convocation-pour-etre-auditionne-en-tant-que-suspect\/#primaryimage\",\"url\":\"https:\/\/kapitalis.com\/tunisie\/wp-content\/uploads\/2022\/09\/lotfi-mraihi.jpg\",\"contentUrl\":\"https:\/\/kapitalis.com\/tunisie\/wp-content\/uploads\/2022\/09\/lotfi-mraihi.jpg\",\"width\":1200,\"height\":630},{\"@type\":\"BreadcrumbList\",\"@id\":\"https:\/\/kapitalis.com\/tunisie\/2024\/03\/15\/lotfi-mraihi-commente-sa-nouvelle-convocation-pour-etre-auditionne-en-tant-que-suspect\/#breadcrumb\",\"itemListElement\":[{\"@type\":\"ListItem\",\"position\":1,\"name\":\"Accueil\",\"item\":\"https:\/\/kapitalis.com\/tunisie\/\"},{\"@type\":\"ListItem\",\"position\":2,\"name\":\"Lotfi Mraihi commente sa nouvelle convocation pour \u00eatre auditionn\u00e9 en tant que suspect\"}]},{\"@type\":\"WebSite\",\"@id\":\"https:\/\/kapitalis.com\/tunisie\/#website\",\"url\":\"https:\/\/kapitalis.com\/tunisie\/\",\"name\":\"Kapitalis\",\"description\":\"L&#039;actualit\u00e9 en Tunisie et dans le monde\",\"publisher\":{\"@id\":\"https:\/\/kapitalis.com\/tunisie\/#organization\"},\"potentialAction\":[{\"@type\":\"SearchAction\",\"target\":{\"@type\":\"EntryPoint\",\"urlTemplate\":\"https:\/\/kapitalis.com\/tunisie\/?s={search_term_string}\"},\"query-input\":{\"@type\":\"PropertyValueSpecification\",\"valueRequired\":true,\"valueName\":\"search_term_string\"}}],\"inLanguage\":\"fr-FR\"},{\"@type\":\"Organization\",\"@id\":\"https:\/\/kapitalis.com\/tunisie\/#organization\",\"name\":\"Kapitalis\",\"url\":\"https:\/\/kapitalis.com\/tunisie\/\",\"logo\":{\"@type\":\"ImageObject\",\"inLanguage\":\"fr-FR\",\"@id\":\"https:\/\/kapitalis.com\/tunisie\/#\/schema\/logo\/image\/\",\"url\":\"https:\/\/kapitalis.com\/tunisie\/wp-content\/uploads\/2022\/05\/Kapitalis-big-size.png\",\"contentUrl\":\"https:\/\/kapitalis.com\/tunisie\/wp-content\/uploads\/2022\/05\/Kapitalis-big-size.png\",\"width\":5000,\"height\":1500,\"caption\":\"Kapitalis\"},\"image\":{\"@id\":\"https:\/\/kapitalis.com\/tunisie\/#\/schema\/logo\/image\/\"},\"sameAs\":[\"https:\/\/www.facebook.com\/KapitalisInfo\/\",\"https:\/\/x.com\/KapitalisInfo\",\"https:\/\/www.youtube.com\/channel\/UC-yDYrHyfFBWWZaOw3FPg9Q\"]},{\"@type\":\"Person\",\"@id\":\"https:\/\/kapitalis.com\/tunisie\/#\/schema\/person\/74bbde0154d49d790a92aaeac5bc01d5\",\"name\":\"Yusra NY\",\"url\":\"https:\/\/kapitalis.com\/tunisie\/author\/yuza_adam\/\"}]}<\/script>\n<!-- \/ Yoast SEO plugin. -->","yoast_head_json":{"title":"Lotfi Mraihi commente sa nouvelle convocation pour \u00eatre auditionn\u00e9 en tant que suspect - Kapitalis","robots":{"index":"index","follow":"follow","max-snippet":"max-snippet:-1","max-image-preview":"max-image-preview:large","max-video-preview":"max-video-preview:-1"},"canonical":"https:\/\/kapitalis.com\/tunisie\/2024\/03\/15\/lotfi-mraihi-commente-sa-nouvelle-convocation-pour-etre-auditionne-en-tant-que-suspect\/","og_locale":"fr_FR","og_type":"article","og_title":"Lotfi Mraihi commente sa nouvelle convocation pour \u00eatre auditionn\u00e9 en tant que suspect - Kapitalis","og_description":"Le pr\u00e9sident de l&rsquo;Union populaire r\u00e9publicaine (UPR) Lotfi Mraihi a re\u00e7u une nouvelle convocation et devra \u00eatre entendu par la brigade centrale de lutte contre les crimes de t\u00e9l\u00e9communications \u00e0 Laouina, lundi 18 mars 2024 \u00e0 10h.","og_url":"https:\/\/kapitalis.com\/tunisie\/2024\/03\/15\/lotfi-mraihi-commente-sa-nouvelle-convocation-pour-etre-auditionne-en-tant-que-suspect\/","og_site_name":"Kapitalis","article_publisher":"https:\/\/www.facebook.com\/KapitalisInfo\/","article_published_time":"2024-03-15T22:36:21+00:00","article_modified_time":"2024-03-15T23:44:36+00:00","og_image":[{"width":1200,"height":630,"url":"https:\/\/kapitalis.com\/tunisie\/wp-content\/uploads\/2022\/09\/lotfi-mraihi.jpg","type":"image\/jpeg"}],"author":"Yusra NY","twitter_card":"summary_large_image","twitter_creator":"@KapitalisInfo","twitter_site":"@KapitalisInfo","twitter_misc":{"\u00c9crit par":"Yusra NY","Dur\u00e9e de lecture estim\u00e9e":"2 minutes"},"schema":{"@context":"https:\/\/schema.org","@graph":[{"@type":"Article","@id":"https:\/\/kapitalis.com\/tunisie\/2024\/03\/15\/lotfi-mraihi-commente-sa-nouvelle-convocation-pour-etre-auditionne-en-tant-que-suspect\/#article","isPartOf":{"@id":"https:\/\/kapitalis.com\/tunisie\/2024\/03\/15\/lotfi-mraihi-commente-sa-nouvelle-convocation-pour-etre-auditionne-en-tant-que-suspect\/"},"author":{"name":"Yusra NY","@id":"https:\/\/kapitalis.com\/tunisie\/#\/schema\/person\/74bbde0154d49d790a92aaeac5bc01d5"},"headline":"Lotfi Mraihi commente sa nouvelle convocation pour \u00eatre auditionn\u00e9 en tant que suspect","datePublished":"2024-03-15T22:36:21+00:00","dateModified":"2024-03-15T23:44:36+00:00","mainEntityOfPage":{"@id":"https:\/\/kapitalis.com\/tunisie\/2024\/03\/15\/lotfi-mraihi-commente-sa-nouvelle-convocation-pour-etre-auditionne-en-tant-que-suspect\/"},"wordCount":339,"commentCount":1,"publisher":{"@id":"https:\/\/kapitalis.com\/tunisie\/#organization"},"image":{"@id":"https:\/\/kapitalis.com\/tunisie\/2024\/03\/15\/lotfi-mraihi-commente-sa-nouvelle-convocation-pour-etre-auditionne-en-tant-que-suspect\/#primaryimage"},"thumbnailUrl":"https:\/\/kapitalis.com\/tunisie\/wp-content\/uploads\/2022\/09\/lotfi-mraihi.jpg","keywords":["convocation","justice","Ka\u00efs Sa\u00efed","Laouina","Lotfi Mraihi","suspect","Tunisie","UPR"],"articleSection":["POLITIQUE","Tunisie","VIDEOS"],"inLanguage":"fr-FR","potentialAction":[{"@type":"CommentAction","name":"Comment","target":["https:\/\/kapitalis.com\/tunisie\/2024\/03\/15\/lotfi-mraihi-commente-sa-nouvelle-convocation-pour-etre-auditionne-en-tant-que-suspect\/#respond"]}]},{"@type":"WebPage","@id":"https:\/\/kapitalis.com\/tunisie\/2024\/03\/15\/lotfi-mraihi-commente-sa-nouvelle-convocation-pour-etre-auditionne-en-tant-que-suspect\/","url":"https:\/\/kapitalis.com\/tunisie\/2024\/03\/15\/lotfi-mraihi-commente-sa-nouvelle-convocation-pour-etre-auditionne-en-tant-que-suspect\/","name":"Lotfi Mraihi commente sa nouvelle convocation pour \u00eatre auditionn\u00e9 en tant que suspect - Kapitalis","isPartOf":{"@id":"https:\/\/kapitalis.com\/tunisie\/#website"},"primaryImageOfPage":{"@id":"https:\/\/kapitalis.com\/tunisie\/2024\/03\/15\/lotfi-mraihi-commente-sa-nouvelle-convocation-pour-etre-auditionne-en-tant-que-suspect\/#primaryimage"},"image":{"@id":"https:\/\/kapitalis.com\/tunisie\/2024\/03\/15\/lotfi-mraihi-commente-sa-nouvelle-convocation-pour-etre-auditionne-en-tant-que-suspect\/#primaryimage"},"thumbnailUrl":"https:\/\/kapitalis.com\/tunisie\/wp-content\/uploads\/2022\/09\/lotfi-mraihi.jpg","datePublished":"2024-03-15T22:36:21+00:00","dateModified":"2024-03-15T23:44:36+00:00","breadcrumb":{"@id":"https:\/\/kapitalis.com\/tunisie\/2024\/03\/15\/lotfi-mraihi-commente-sa-nouvelle-convocation-pour-etre-auditionne-en-tant-que-suspect\/#breadcrumb"},"inLanguage":"fr-FR","potentialAction":[{"@type":"ReadAction","target":["https:\/\/kapitalis.com\/tunisie\/2024\/03\/15\/lotfi-mraihi-commente-sa-nouvelle-convocation-pour-etre-auditionne-en-tant-que-suspect\/"]}]},{"@type":"ImageObject","inLanguage":"fr-FR","@id":"https:\/\/kapitalis.com\/tunisie\/2024\/03\/15\/lotfi-mraihi-commente-sa-nouvelle-convocation-pour-etre-auditionne-en-tant-que-suspect\/#primaryimage","url":"https:\/\/kapitalis.com\/tunisie\/wp-content\/uploads\/2022\/09\/lotfi-mraihi.jpg","contentUrl":"https:\/\/kapitalis.com\/tunisie\/wp-content\/uploads\/2022\/09\/lotfi-mraihi.jpg","width":1200,"height":630},{"@type":"BreadcrumbList","@id":"https:\/\/kapitalis.com\/tunisie\/2024\/03\/15\/lotfi-mraihi-commente-sa-nouvelle-convocation-pour-etre-auditionne-en-tant-que-suspect\/#breadcrumb","itemListElement":[{"@type":"ListItem","position":1,"name":"Accueil","item":"https:\/\/kapitalis.com\/tunisie\/"},{"@type":"ListItem","position":2,"name":"Lotfi Mraihi commente sa nouvelle convocation pour \u00eatre auditionn\u00e9 en tant que suspect"}]},{"@type":"WebSite","@id":"https:\/\/kapitalis.com\/tunisie\/#website","url":"https:\/\/kapitalis.com\/tunisie\/","name":"Kapitalis","description":"L&#039;actualit\u00e9 en Tunisie et dans le monde","publisher":{"@id":"https:\/\/kapitalis.com\/tunisie\/#organization"},"potentialAction":[{"@type":"SearchAction","target":{"@type":"EntryPoint","urlTemplate":"https:\/\/kapitalis.com\/tunisie\/?s={search_term_string}"},"query-input":{"@type":"PropertyValueSpecification","valueRequired":true,"valueName":"search_term_string"}}],"inLanguage":"fr-FR"},{"@type":"Organization","@id":"https:\/\/kapitalis.com\/tunisie\/#organization","name":"Kapitalis","url":"https:\/\/kapitalis.com\/tunisie\/","logo":{"@type":"ImageObject","inLanguage":"fr-FR","@id":"https:\/\/kapitalis.com\/tunisie\/#\/schema\/logo\/image\/","url":"https:\/\/kapitalis.com\/tunisie\/wp-content\/uploads\/2022\/05\/Kapitalis-big-size.png","contentUrl":"https:\/\/kapitalis.com\/tunisie\/wp-content\/uploads\/2022\/05\/Kapitalis-big-size.png","width":5000,"height":1500,"caption":"Kapitalis"},"image":{"@id":"https:\/\/kapitalis.com\/tunisie\/#\/schema\/logo\/image\/"},"sameAs":["https:\/\/www.facebook.com\/KapitalisInfo\/","https:\/\/x.com\/KapitalisInfo","https:\/\/www.youtube.com\/channel\/UC-yDYrHyfFBWWZaOw3FPg9Q"]},{"@type":"Person","@id":"https:\/\/kapitalis.com\/tunisie\/#\/schema\/person\/74bbde0154d49d790a92aaeac5bc01d5","name":"Yusra NY","url":"https:\/\/kapitalis.com\/tunisie\/author\/yuza_adam\/"}]}},"_links":{"self":[{"href":"https:\/\/kapitalis.com\/tunisie\/wp-json\/wp\/v2\/posts\/12111178","targetHints":{"allow":["GET"]}}],"collection":[{"href":"https:\/\/kapitalis.com\/tunisie\/wp-json\/wp\/v2\/posts"}],"about":[{"href":"https:\/\/kapitalis.com\/tunisie\/wp-json\/wp\/v2\/types\/post"}],"author":[{"embeddable":true,"href":"https:\/\/kapitalis.com\/tunisie\/wp-json\/wp\/v2\/users\/6"}],"replies":[{"embeddable":true,"href":"https:\/\/kapitalis.com\/tunisie\/wp-json\/wp\/v2\/comments?post=12111178"}],"version-history":[{"count":5,"href":"https:\/\/kapitalis.com\/tunisie\/wp-json\/wp\/v2\/posts\/12111178\/revisions"}],"predecessor-version":[{"id":12111285,"href":"https:\/\/kapitalis.com\/tunisie\/wp-json\/wp\/v2\/posts\/12111178\/revisions\/12111285"}],"wp:featuredmedia":[{"embeddable":true,"href":"https:\/\/kapitalis.com\/tunisie\/wp-json\/wp\/v2\/media\/4283594"}],"wp:attachment":[{"href":"https:\/\/kapitalis.com\/tunisie\/wp-json\/wp\/v2\/media?parent=12111178"}],"wp:term":[{"taxonomy":"category","embeddable":true,"href":"https:\/\/kapitalis.com\/tunisie\/wp-json\/wp\/v2\/categories?post=12111178"},{"taxonomy":"post_tag","embeddable":true,"href":"https:\/\/kapitalis.com\/tunisie\/wp-json\/wp\/v2\/tags?post=12111178"}],"curies":[{"name":"wp","href":"https:\/\/api.w.org\/{rel}","templated":true}]}}