{"id":121275,"date":"2017-10-31T18:17:01","date_gmt":"2017-10-31T17:17:01","guid":{"rendered":"http:\/\/kapitalis.com\/tunisie\/?p=121275"},"modified":"2017-10-31T18:17:01","modified_gmt":"2017-10-31T17:17:01","slug":"ajyal-le-parti-qui-mise-sur-le-savoir","status":"publish","type":"post","link":"https:\/\/kapitalis.com\/tunisie\/2017\/10\/31\/ajyal-le-parti-qui-mise-sur-le-savoir\/","title":{"rendered":"Ajyal : Le parti qui mise sur le savoir"},"content":{"rendered":"<p style=\"text-align: center;\"><img loading=\"lazy\" decoding=\"async\" class=\"alignnone size-full wp-image-121276\" src=\"http:\/\/kapitalis.com\/tunisie\/wp-content\/uploads\/2017\/10\/Ajyal.jpg\" alt=\"\" width=\"626\" height=\"380\" \/><\/p>\n<p><em><strong>Le congr\u00e8s du parti Ajyal (G\u00e9n\u00e9rations, anciennement Al-Massar Attounsi &#8211; Voie Tunisienne) s\u2019est tenu le 12 juillet 2017.<\/strong><\/em><\/p>\n<p><!--more--><\/p>\n<p>Ajyal est fond\u00e9 par un groupe de Tunisiennes et de Tunisiens convaincus que le savoir est la quintessence de la vie et que les connaissances des g\u00e9n\u00e9rations successives d\u00e9terminent l\u2019ascension culturelle et civilisationnelle d\u2019une soci\u00e9t\u00e9. \u00abC\u2019est parce que l\u2019on poss\u00e8de que l\u2019on peut donner\u00bb, disent le fondateurs d\u2019Ajyal qui disent \u0153uvrer pour \u00able d\u00e9veloppement d\u2019une soci\u00e9t\u00e9 juste, \u00e9quitable, enracin\u00e9e dans son histoire et ouverte aux changements; une soci\u00e9t\u00e9, r\u00e9ceptacle des valeurs du savoir, du travail et de la justice, une soci\u00e9t\u00e9 au sein de laquelle la diversit\u00e9 sera valoris\u00e9e et reconnue comme source d\u2019expansion.\u00bb<\/p>\n<p>Le parti a \u00e9t\u00e9 initialement constitu\u00e9 en ao\u00fbt 2011 sous la d\u00e9nomination d\u2019Al-Massar Attounsi \u2013Voie Tunisienne, un parti social-lib\u00e9ral, ayant pour objectif d\u2019acc\u00e9l\u00e9rer le d\u00e9veloppement par le savoir.<\/p>\n<p>Apr\u00e8s 2016, les fondateurs ont d\u00e9cid\u00e9 de revoir l\u2019organisation du parti, lui insufflant une nouvelle dynamique bas\u00e9e sur la transparence, la d\u00e9centralisation et le travail collectif.<\/p>\n<p>En 2017, avec l\u2019adh\u00e9sion de nouveaux membres et suite au congr\u00e8s de juillet, le parti a d\u00e9cid\u00e9 de changer de nom et d\u2019adopter un nouveau statut ainsi qu\u2019un nouveau r\u00e8glement int\u00e9rieur pour constituer le noyau de la nouvelle structure.<\/p>\n<p>Le congr\u00e8s a, en outre, \u00e9lu un cercle ex\u00e9cutif pour une p\u00e9riode d\u2019une ann\u00e9e non renouvelable et fix\u00e9 les objectifs de cette ann\u00e9e transitionnelle, qui consistent \u00e0 faire adh\u00e9rer 1000 membres et leur permettre de se former et d\u2019\u00e9voluer vers les niveaux sup\u00e9rieurs; d\u00e9velopper un comit\u00e9 de prospective compos\u00e9 de 10 personnalit\u00e9s du monde de la culture et de l\u2019\u00e9ducation; d\u00e9velopper 3 partenariats strat\u00e9giques avec des organisations tunisiennes et internationales pour renforcer la mission; participer aux \u00e9lections municipales au niveau de quelques localit\u00e9s si les conditions s\u2019y pr\u00eatent; contribuer \u00e0 la r\u00e9forme du syst\u00e8me \u00e9ducatif des enfants entre 0 et 5 ann\u00e9es \u00e0 travers des \u00e9tudes, des publications, des sondages d\u2019opinion, des projets pilotes et enfin des propositions; concr\u00e9tiser les principes de transparence, de bonne gouvernance et de travail collaboratif au sein de l\u2019organisation tout en assurant l\u2019\u00e9quilibre budg\u00e9taire et une tr\u00e9sorerie positive en fin de mandat.<\/p>\n<p>Le comit\u00e9 de direction du parti est form\u00e9 de Lotfi Bousnina (fondateur), Fares Mabrouk (pr\u00e9sident), Abderrahmane Ouertatani (vice-pr\u00e9sident et secr\u00e9taire g\u00e9n\u00e9ral), Azer Echikh (vice-pr\u00e9sident charg\u00e9 des structures); Mohamed Mehdi Bousnina (vice-pr\u00e9sident, tr\u00e9sorier et mandataire financier) ; Hamdi Mestiri (vice-pr\u00e9sident charg\u00e9 de la mod\u00e9ration des d\u00e9bats et r\u00e8glement int\u00e9rieur); Nour Bouzouita (vice-pr\u00e9sident charg\u00e9e de la communication et relation ext\u00e9rieures) ; Mayssa Mrabet: (vice-pr\u00e9sident charg\u00e9 du digital) ; Zeineb Farhat (vice-pr\u00e9sident charg\u00e9 des \u00e9tudes et planification) ; Sonya Ben Elkahla (vice-pr\u00e9sident charg\u00e9e de la formation) ; Tej Eddine Cheikh (porte-parole).<\/p>\n<p style=\"text-align: right;\"><strong>I. B. <\/strong><\/p>\n","protected":false},"excerpt":{"rendered":"<p>Le congr\u00e8s du parti Ajyal (G\u00e9n\u00e9rations, anciennement Al-Massar Attounsi &#8211; Voie Tunisienne) s\u2019est tenu le 12 juillet 2017.<\/p>\n","protected":false},"author":8,"featured_media":121276,"comment_status":"open","ping_status":"open","sticky":false,"template":"","format":"standard","meta":{"footnotes":""},"categories":[997,2433],"tags":[],"class_list":["post-121275","post","type-post","status-publish","format-standard","has-post-thumbnail","hentry","category-politique","category-tunisie"],"yoast_head":"<!-- This site is optimized with the Yoast SEO plugin v26.6 - https:\/\/yoast.com\/wordpress\/plugins\/seo\/ -->\n<title>Ajyal : Le parti qui mise sur le savoir - Kapitalis<\/title>\n<meta name=\"robots\" content=\"index, follow, max-snippet:-1, max-image-preview:large, max-video-preview:-1\" \/>\n<link rel=\"canonical\" href=\"https:\/\/kapitalis.com\/tunisie\/2017\/10\/31\/ajyal-le-parti-qui-mise-sur-le-savoir\/\" \/>\n<meta property=\"og:locale\" content=\"fr_FR\" \/>\n<meta property=\"og:type\" content=\"article\" \/>\n<meta property=\"og:title\" content=\"Ajyal : Le parti qui mise sur le savoir - Kapitalis\" \/>\n<meta property=\"og:description\" content=\"Le congr\u00e8s du parti Ajyal (G\u00e9n\u00e9rations, anciennement Al-Massar Attounsi &#8211; Voie Tunisienne) s\u2019est tenu le 12 juillet 2017.\" \/>\n<meta property=\"og:url\" content=\"https:\/\/kapitalis.com\/tunisie\/2017\/10\/31\/ajyal-le-parti-qui-mise-sur-le-savoir\/\" \/>\n<meta property=\"og:site_name\" content=\"Kapitalis\" \/>\n<meta property=\"article:publisher\" content=\"https:\/\/www.facebook.com\/KapitalisInfo\/\" \/>\n<meta property=\"article:published_time\" content=\"2017-10-31T17:17:01+00:00\" \/>\n<meta property=\"og:image\" content=\"https:\/\/kapitalis.com\/tunisie\/wp-content\/uploads\/2022\/05\/kapitalis-logo-fb.png\" \/>\n\t<meta property=\"og:image:width\" content=\"1200\" \/>\n\t<meta property=\"og:image:height\" content=\"630\" \/>\n\t<meta property=\"og:image:type\" content=\"image\/png\" \/>\n<meta name=\"author\" content=\"webmaster kapitalis\" \/>\n<meta name=\"twitter:card\" content=\"summary_large_image\" \/>\n<meta name=\"twitter:creator\" content=\"@KapitalisInfo\" \/>\n<meta name=\"twitter:site\" content=\"@KapitalisInfo\" \/>\n<meta name=\"twitter:label1\" content=\"\u00c9crit par\" \/>\n\t<meta name=\"twitter:data1\" content=\"webmaster kapitalis\" \/>\n\t<meta name=\"twitter:label2\" content=\"Dur\u00e9e de lecture estim\u00e9e\" \/>\n\t<meta name=\"twitter:data2\" content=\"3 minutes\" \/>\n<script type=\"application\/ld+json\" class=\"yoast-schema-graph\">{\"@context\":\"https:\/\/schema.org\",\"@graph\":[{\"@type\":\"Article\",\"@id\":\"https:\/\/kapitalis.com\/tunisie\/2017\/10\/31\/ajyal-le-parti-qui-mise-sur-le-savoir\/#article\",\"isPartOf\":{\"@id\":\"https:\/\/kapitalis.com\/tunisie\/2017\/10\/31\/ajyal-le-parti-qui-mise-sur-le-savoir\/\"},\"author\":{\"name\":\"webmaster kapitalis\",\"@id\":\"https:\/\/kapitalis.com\/tunisie\/#\/schema\/person\/d71f33a9ca44f7bad4698210b480c8e9\"},\"headline\":\"Ajyal : Le parti qui mise sur le savoir\",\"datePublished\":\"2017-10-31T17:17:01+00:00\",\"mainEntityOfPage\":{\"@id\":\"https:\/\/kapitalis.com\/tunisie\/2017\/10\/31\/ajyal-le-parti-qui-mise-sur-le-savoir\/\"},\"wordCount\":523,\"commentCount\":1,\"publisher\":{\"@id\":\"https:\/\/kapitalis.com\/tunisie\/#organization\"},\"image\":{\"@id\":\"https:\/\/kapitalis.com\/tunisie\/2017\/10\/31\/ajyal-le-parti-qui-mise-sur-le-savoir\/#primaryimage\"},\"thumbnailUrl\":\"\",\"articleSection\":[\"POLITIQUE\",\"Tunisie\"],\"inLanguage\":\"fr-FR\",\"potentialAction\":[{\"@type\":\"CommentAction\",\"name\":\"Comment\",\"target\":[\"https:\/\/kapitalis.com\/tunisie\/2017\/10\/31\/ajyal-le-parti-qui-mise-sur-le-savoir\/#respond\"]}]},{\"@type\":\"WebPage\",\"@id\":\"https:\/\/kapitalis.com\/tunisie\/2017\/10\/31\/ajyal-le-parti-qui-mise-sur-le-savoir\/\",\"url\":\"https:\/\/kapitalis.com\/tunisie\/2017\/10\/31\/ajyal-le-parti-qui-mise-sur-le-savoir\/\",\"name\":\"Ajyal : Le parti qui mise sur le savoir - Kapitalis\",\"isPartOf\":{\"@id\":\"https:\/\/kapitalis.com\/tunisie\/#website\"},\"primaryImageOfPage\":{\"@id\":\"https:\/\/kapitalis.com\/tunisie\/2017\/10\/31\/ajyal-le-parti-qui-mise-sur-le-savoir\/#primaryimage\"},\"image\":{\"@id\":\"https:\/\/kapitalis.com\/tunisie\/2017\/10\/31\/ajyal-le-parti-qui-mise-sur-le-savoir\/#primaryimage\"},\"thumbnailUrl\":\"\",\"datePublished\":\"2017-10-31T17:17:01+00:00\",\"breadcrumb\":{\"@id\":\"https:\/\/kapitalis.com\/tunisie\/2017\/10\/31\/ajyal-le-parti-qui-mise-sur-le-savoir\/#breadcrumb\"},\"inLanguage\":\"fr-FR\",\"potentialAction\":[{\"@type\":\"ReadAction\",\"target\":[\"https:\/\/kapitalis.com\/tunisie\/2017\/10\/31\/ajyal-le-parti-qui-mise-sur-le-savoir\/\"]}]},{\"@type\":\"ImageObject\",\"inLanguage\":\"fr-FR\",\"@id\":\"https:\/\/kapitalis.com\/tunisie\/2017\/10\/31\/ajyal-le-parti-qui-mise-sur-le-savoir\/#primaryimage\",\"url\":\"\",\"contentUrl\":\"\"},{\"@type\":\"BreadcrumbList\",\"@id\":\"https:\/\/kapitalis.com\/tunisie\/2017\/10\/31\/ajyal-le-parti-qui-mise-sur-le-savoir\/#breadcrumb\",\"itemListElement\":[{\"@type\":\"ListItem\",\"position\":1,\"name\":\"Accueil\",\"item\":\"https:\/\/kapitalis.com\/tunisie\/\"},{\"@type\":\"ListItem\",\"position\":2,\"name\":\"Ajyal : Le parti qui mise sur le savoir\"}]},{\"@type\":\"WebSite\",\"@id\":\"https:\/\/kapitalis.com\/tunisie\/#website\",\"url\":\"https:\/\/kapitalis.com\/tunisie\/\",\"name\":\"Kapitalis\",\"description\":\"L&#039;actualit\u00e9 en Tunisie et dans le monde\",\"publisher\":{\"@id\":\"https:\/\/kapitalis.com\/tunisie\/#organization\"},\"potentialAction\":[{\"@type\":\"SearchAction\",\"target\":{\"@type\":\"EntryPoint\",\"urlTemplate\":\"https:\/\/kapitalis.com\/tunisie\/?s={search_term_string}\"},\"query-input\":{\"@type\":\"PropertyValueSpecification\",\"valueRequired\":true,\"valueName\":\"search_term_string\"}}],\"inLanguage\":\"fr-FR\"},{\"@type\":\"Organization\",\"@id\":\"https:\/\/kapitalis.com\/tunisie\/#organization\",\"name\":\"Kapitalis\",\"url\":\"https:\/\/kapitalis.com\/tunisie\/\",\"logo\":{\"@type\":\"ImageObject\",\"inLanguage\":\"fr-FR\",\"@id\":\"https:\/\/kapitalis.com\/tunisie\/#\/schema\/logo\/image\/\",\"url\":\"https:\/\/kapitalis.com\/tunisie\/wp-content\/uploads\/2022\/05\/Kapitalis-big-size.png\",\"contentUrl\":\"https:\/\/kapitalis.com\/tunisie\/wp-content\/uploads\/2022\/05\/Kapitalis-big-size.png\",\"width\":5000,\"height\":1500,\"caption\":\"Kapitalis\"},\"image\":{\"@id\":\"https:\/\/kapitalis.com\/tunisie\/#\/schema\/logo\/image\/\"},\"sameAs\":[\"https:\/\/www.facebook.com\/KapitalisInfo\/\",\"https:\/\/x.com\/KapitalisInfo\",\"https:\/\/www.youtube.com\/channel\/UC-yDYrHyfFBWWZaOw3FPg9Q\"]},{\"@type\":\"Person\",\"@id\":\"https:\/\/kapitalis.com\/tunisie\/#\/schema\/person\/d71f33a9ca44f7bad4698210b480c8e9\",\"name\":\"webmaster kapitalis\",\"url\":\"https:\/\/kapitalis.com\/tunisie\/author\/webmaster-kapitalis\/\"}]}<\/script>\n<!-- \/ Yoast SEO plugin. -->","yoast_head_json":{"title":"Ajyal : Le parti qui mise sur le savoir - Kapitalis","robots":{"index":"index","follow":"follow","max-snippet":"max-snippet:-1","max-image-preview":"max-image-preview:large","max-video-preview":"max-video-preview:-1"},"canonical":"https:\/\/kapitalis.com\/tunisie\/2017\/10\/31\/ajyal-le-parti-qui-mise-sur-le-savoir\/","og_locale":"fr_FR","og_type":"article","og_title":"Ajyal : Le parti qui mise sur le savoir - Kapitalis","og_description":"Le congr\u00e8s du parti Ajyal (G\u00e9n\u00e9rations, anciennement Al-Massar Attounsi &#8211; Voie Tunisienne) s\u2019est tenu le 12 juillet 2017.","og_url":"https:\/\/kapitalis.com\/tunisie\/2017\/10\/31\/ajyal-le-parti-qui-mise-sur-le-savoir\/","og_site_name":"Kapitalis","article_publisher":"https:\/\/www.facebook.com\/KapitalisInfo\/","article_published_time":"2017-10-31T17:17:01+00:00","og_image":[{"width":1200,"height":630,"url":"https:\/\/kapitalis.com\/tunisie\/wp-content\/uploads\/2022\/05\/kapitalis-logo-fb.png","type":"image\/png"}],"author":"webmaster kapitalis","twitter_card":"summary_large_image","twitter_creator":"@KapitalisInfo","twitter_site":"@KapitalisInfo","twitter_misc":{"\u00c9crit par":"webmaster kapitalis","Dur\u00e9e de lecture estim\u00e9e":"3 minutes"},"schema":{"@context":"https:\/\/schema.org","@graph":[{"@type":"Article","@id":"https:\/\/kapitalis.com\/tunisie\/2017\/10\/31\/ajyal-le-parti-qui-mise-sur-le-savoir\/#article","isPartOf":{"@id":"https:\/\/kapitalis.com\/tunisie\/2017\/10\/31\/ajyal-le-parti-qui-mise-sur-le-savoir\/"},"author":{"name":"webmaster kapitalis","@id":"https:\/\/kapitalis.com\/tunisie\/#\/schema\/person\/d71f33a9ca44f7bad4698210b480c8e9"},"headline":"Ajyal : Le parti qui mise sur le savoir","datePublished":"2017-10-31T17:17:01+00:00","mainEntityOfPage":{"@id":"https:\/\/kapitalis.com\/tunisie\/2017\/10\/31\/ajyal-le-parti-qui-mise-sur-le-savoir\/"},"wordCount":523,"commentCount":1,"publisher":{"@id":"https:\/\/kapitalis.com\/tunisie\/#organization"},"image":{"@id":"https:\/\/kapitalis.com\/tunisie\/2017\/10\/31\/ajyal-le-parti-qui-mise-sur-le-savoir\/#primaryimage"},"thumbnailUrl":"","articleSection":["POLITIQUE","Tunisie"],"inLanguage":"fr-FR","potentialAction":[{"@type":"CommentAction","name":"Comment","target":["https:\/\/kapitalis.com\/tunisie\/2017\/10\/31\/ajyal-le-parti-qui-mise-sur-le-savoir\/#respond"]}]},{"@type":"WebPage","@id":"https:\/\/kapitalis.com\/tunisie\/2017\/10\/31\/ajyal-le-parti-qui-mise-sur-le-savoir\/","url":"https:\/\/kapitalis.com\/tunisie\/2017\/10\/31\/ajyal-le-parti-qui-mise-sur-le-savoir\/","name":"Ajyal : Le parti qui mise sur le savoir - Kapitalis","isPartOf":{"@id":"https:\/\/kapitalis.com\/tunisie\/#website"},"primaryImageOfPage":{"@id":"https:\/\/kapitalis.com\/tunisie\/2017\/10\/31\/ajyal-le-parti-qui-mise-sur-le-savoir\/#primaryimage"},"image":{"@id":"https:\/\/kapitalis.com\/tunisie\/2017\/10\/31\/ajyal-le-parti-qui-mise-sur-le-savoir\/#primaryimage"},"thumbnailUrl":"","datePublished":"2017-10-31T17:17:01+00:00","breadcrumb":{"@id":"https:\/\/kapitalis.com\/tunisie\/2017\/10\/31\/ajyal-le-parti-qui-mise-sur-le-savoir\/#breadcrumb"},"inLanguage":"fr-FR","potentialAction":[{"@type":"ReadAction","target":["https:\/\/kapitalis.com\/tunisie\/2017\/10\/31\/ajyal-le-parti-qui-mise-sur-le-savoir\/"]}]},{"@type":"ImageObject","inLanguage":"fr-FR","@id":"https:\/\/kapitalis.com\/tunisie\/2017\/10\/31\/ajyal-le-parti-qui-mise-sur-le-savoir\/#primaryimage","url":"","contentUrl":""},{"@type":"BreadcrumbList","@id":"https:\/\/kapitalis.com\/tunisie\/2017\/10\/31\/ajyal-le-parti-qui-mise-sur-le-savoir\/#breadcrumb","itemListElement":[{"@type":"ListItem","position":1,"name":"Accueil","item":"https:\/\/kapitalis.com\/tunisie\/"},{"@type":"ListItem","position":2,"name":"Ajyal : Le parti qui mise sur le savoir"}]},{"@type":"WebSite","@id":"https:\/\/kapitalis.com\/tunisie\/#website","url":"https:\/\/kapitalis.com\/tunisie\/","name":"Kapitalis","description":"L&#039;actualit\u00e9 en Tunisie et dans le monde","publisher":{"@id":"https:\/\/kapitalis.com\/tunisie\/#organization"},"potentialAction":[{"@type":"SearchAction","target":{"@type":"EntryPoint","urlTemplate":"https:\/\/kapitalis.com\/tunisie\/?s={search_term_string}"},"query-input":{"@type":"PropertyValueSpecification","valueRequired":true,"valueName":"search_term_string"}}],"inLanguage":"fr-FR"},{"@type":"Organization","@id":"https:\/\/kapitalis.com\/tunisie\/#organization","name":"Kapitalis","url":"https:\/\/kapitalis.com\/tunisie\/","logo":{"@type":"ImageObject","inLanguage":"fr-FR","@id":"https:\/\/kapitalis.com\/tunisie\/#\/schema\/logo\/image\/","url":"https:\/\/kapitalis.com\/tunisie\/wp-content\/uploads\/2022\/05\/Kapitalis-big-size.png","contentUrl":"https:\/\/kapitalis.com\/tunisie\/wp-content\/uploads\/2022\/05\/Kapitalis-big-size.png","width":5000,"height":1500,"caption":"Kapitalis"},"image":{"@id":"https:\/\/kapitalis.com\/tunisie\/#\/schema\/logo\/image\/"},"sameAs":["https:\/\/www.facebook.com\/KapitalisInfo\/","https:\/\/x.com\/KapitalisInfo","https:\/\/www.youtube.com\/channel\/UC-yDYrHyfFBWWZaOw3FPg9Q"]},{"@type":"Person","@id":"https:\/\/kapitalis.com\/tunisie\/#\/schema\/person\/d71f33a9ca44f7bad4698210b480c8e9","name":"webmaster kapitalis","url":"https:\/\/kapitalis.com\/tunisie\/author\/webmaster-kapitalis\/"}]}},"_links":{"self":[{"href":"https:\/\/kapitalis.com\/tunisie\/wp-json\/wp\/v2\/posts\/121275","targetHints":{"allow":["GET"]}}],"collection":[{"href":"https:\/\/kapitalis.com\/tunisie\/wp-json\/wp\/v2\/posts"}],"about":[{"href":"https:\/\/kapitalis.com\/tunisie\/wp-json\/wp\/v2\/types\/post"}],"author":[{"embeddable":true,"href":"https:\/\/kapitalis.com\/tunisie\/wp-json\/wp\/v2\/users\/8"}],"replies":[{"embeddable":true,"href":"https:\/\/kapitalis.com\/tunisie\/wp-json\/wp\/v2\/comments?post=121275"}],"version-history":[{"count":0,"href":"https:\/\/kapitalis.com\/tunisie\/wp-json\/wp\/v2\/posts\/121275\/revisions"}],"wp:featuredmedia":[{"embeddable":true,"href":"https:\/\/kapitalis.com\/tunisie\/wp-json\/wp\/v2\/media\/121276"}],"wp:attachment":[{"href":"https:\/\/kapitalis.com\/tunisie\/wp-json\/wp\/v2\/media?parent=121275"}],"wp:term":[{"taxonomy":"category","embeddable":true,"href":"https:\/\/kapitalis.com\/tunisie\/wp-json\/wp\/v2\/categories?post=121275"},{"taxonomy":"post_tag","embeddable":true,"href":"https:\/\/kapitalis.com\/tunisie\/wp-json\/wp\/v2\/tags?post=121275"}],"curies":[{"name":"wp","href":"https:\/\/api.w.org\/{rel}","templated":true}]}}