{"id":12129927,"date":"2024-03-17T08:45:00","date_gmt":"2024-03-17T07:45:00","guid":{"rendered":"https:\/\/kapitalis.com\/tunisie\/?p=12129927"},"modified":"2024-03-17T08:00:50","modified_gmt":"2024-03-17T07:00:50","slug":"les-potins-du-cardiologue-mort-en-detention-dun-medecin-et-necessite-de-fournir-a-la-justice-les-moyens-de-sa-tache","status":"publish","type":"post","link":"https:\/\/kapitalis.com\/tunisie\/2024\/03\/17\/les-potins-du-cardiologue-mort-en-detention-dun-medecin-et-necessite-de-fournir-a-la-justice-les-moyens-de-sa-tache\/","title":{"rendered":"Les potins du cardiologue: Mort en d\u00e9tention d\u2019un m\u00e9decin et n\u00e9cessit\u00e9 de fournir \u00e0 la justice les moyens de sa t\u00e2che"},"content":{"rendered":"\n<p><strong><em>Un m\u00e9decin, soup\u00e7onn\u00e9 de trafic de psychotropes, est <a href=\"https:\/\/kapitalis.com\/tunisie\/2024\/03\/16\/deces-dun-psychiatre-en-prison-des-medecins-denoncent-et-appellent-a-etablir-les-responsabilites\/\" target=\"_blank\" rel=\"noreferrer noopener\">mort en d\u00e9tention<\/a>. Mis \u00e0 part le drame humain contingent, qui associe \u00e0 une perte humaine la souffrance des familles, il faut \u00e9videmment \u00e9tablir les responsabilit\u00e9s. Y a-t-il eu une violation de la loi?<\/em><\/strong><\/p>\n\n\n\n<p>Par <strong>Dr Mounir Hanablia<\/strong> *<\/p>\n\n\n\n<!--more-->\n\n\n\n<p>Le patient a \u00e9t\u00e9 incarc\u00e9r\u00e9 sur mandat de d\u00e9p\u00f4t \u00e9tabli pr\u00e9alablement par le parquet selon les normes juridiques en vigueur. La maladie d\u2019un patient n\u2019a jamais \u00e9t\u00e9 une justification l\u00e9gale \u00e0 son maintien en libert\u00e9, malgr\u00e9 l\u2019\u00e9tat notoirement d\u00e9labr\u00e9, ou sinistr\u00e9, de l\u2019institution p\u00e9nitentiaire dans le pays.<\/p>\n\n\n\n<p>En outre, l\u2019accusation, jug\u00e9e cr\u00e9dible, portait sur un trafic, autrement dit une association de malfaiteurs, et on peut concevoir que dans ce contexte, celui de l\u2019accusation, il s\u2019agissait&nbsp; d\u2019en \u00f4ter \u00e0 un membre pr\u00e9sum\u00e9 toute possibilit\u00e9 de communiquer avec ses complices.<\/p>\n\n\n\n<p>Que le Parquet ait fait preuve de fermet\u00e9 dans le cadre l\u00e9gal en vigueur peut donc se concevoir, il faut bien en convenir. Il n\u2019en demeure pas moins, eu \u00e9gard aux informations disponibles, qu\u2019\u00e9tant tomb\u00e9 malade durant son incarc\u00e9ration, ou \u00e9tant porteur d\u2019une maladie qui se serait aggrav\u00e9e, ce m\u00e9decin e\u00fbt d\u00fb en principe comme tout autre prisonnier dans la m\u00eame situation, b\u00e9n\u00e9ficier de l\u2019assistance d\u2019un m\u00e9decin de la prison et transf\u00e9r\u00e9 \u00e0 l\u2019h\u00f4pital pour y \u00eatre soign\u00e9.<\/p>\n\n\n\n<figure class=\"wp-block-embed is-type-wp-embed is-provider-kapitalis wp-block-embed-kapitalis\"><div class=\"wp-block-embed__wrapper\">\n<blockquote class=\"wp-embedded-content\" data-secret=\"sUw0jOZCbd\"><a href=\"https:\/\/kapitalis.com\/tunisie\/2024\/03\/16\/deces-dun-psychiatre-en-prison-des-medecins-denoncent-et-appellent-a-etablir-les-responsabilites\/\">D\u00e9c\u00e8s d&rsquo;un psychiatre en prison : Des m\u00e9decins d\u00e9noncent et appellent \u00e0 \u00e9tablir les responsabilit\u00e9s<\/a><\/blockquote><iframe loading=\"lazy\" class=\"wp-embedded-content\" sandbox=\"allow-scripts\" security=\"restricted\" style=\"position: absolute; clip: rect(1px, 1px, 1px, 1px);\" title=\"\u00ab\u00a0D\u00e9c\u00e8s d&rsquo;un psychiatre en prison : Des m\u00e9decins d\u00e9noncent et appellent \u00e0 \u00e9tablir les responsabilit\u00e9s\u00a0\u00bb &#8212; Kapitalis\" src=\"https:\/\/kapitalis.com\/tunisie\/2024\/03\/16\/deces-dun-psychiatre-en-prison-des-medecins-denoncent-et-appellent-a-etablir-les-responsabilites\/embed\/#?secret=ejjgyzP51H#?secret=sUw0jOZCbd\" data-secret=\"sUw0jOZCbd\" width=\"600\" height=\"338\" frameborder=\"0\" marginwidth=\"0\" marginheight=\"0\" scrolling=\"no\"><\/iframe>\n<\/div><\/figure>\n\n\n\n<p>C\u2019est donc \u00e0 ce niveau que les responsabilit\u00e9s se situent probablement.Y a-t-il l\u00e0 une hostilit\u00e9 d\u00e9lib\u00e9r\u00e9e contre la corporation m\u00e9dicale? Sans vouloir mettre en cause le discours populiste du chef de l\u2019Etat, eu \u00e9gard \u00e0 cette triste affaire, rien ne vient confirmer une telle hostilit\u00e9, d\u2019autant que les informations sur les mises en d\u00e9tention des m\u00e9decins, ou de la mortalit\u00e9 carc\u00e9rale, ne sont \u00e0 ma connaissance pas accessibles.<\/p>\n\n\n\n<p>Si on peut encore comprendre que dans le cadre d\u2019une erreur m\u00e9dicale non av\u00e9r\u00e9e un m\u00e9decin comparaisse libre devant le juge, la loi se durcit singuli\u00e8rement quand l\u2019accusation porte sur des substances illicites ou une fraude. Fond\u00e9e ou non, l\u2019accusation pose probl\u00e8me lorsqu\u2019elle est port\u00e9e par des personnes&nbsp;malintentionn\u00e9es, cette \u00e9ventualit\u00e9 \u00e9tant&nbsp; malheureusement fr\u00e9quente, et toute plainte aussi saugrenue soit elle se trouve l\u00e9galement faire l\u2019objet d\u2019un dossier et d\u2019une enqu\u00eate appropri\u00e9e, m\u00eame quand elle \u00e9mane de personnes \u00e0 priori d\u00e9nu\u00e9es de toute cr\u00e9dibilit\u00e9, tant bien m\u00eame les faits rapport\u00e9s ne soient plus passibles de poursuites.<\/p>\n\n\n\n<p>En outre, et il faut le dire, les agents charg\u00e9s de recueillir les premi\u00e8res d\u00e9positions sont notoirement rares, souvent surcharg\u00e9s de travail, parfois insuffisamment&nbsp;form\u00e9s pour la t\u00e2che requise, quand ils ne sont pas tout simplement incomp\u00e9tents. Or c\u2019est souvent sur ces rapports pr\u00e9liminaires que le parquet, lui-m\u00eame submerg\u00e9 par les dossiers, se base pour prendre des d\u00e9cisions aussi cruciales que le maintien ou non en d\u00e9tention de l\u2019accus\u00e9.<\/p>\n\n\n\n<p>Donc avant de mettre en cause une quelconque volont\u00e9 de nuire \u00e0 la profession m\u00e9dicale, ou d\u2019incriminer le climat politique, il convient \u00e0 mon avis de demeurer lucide et de demander que l\u2019Etat, en manque de ressources, \u00e9pargne \u00e0 la Justice l\u2019aust\u00e9rit\u00e9 \u00e0 laquelle est soumis le secteur public, et lui fournisse les moyens n\u00e9cessaires \u00e0 l\u2019accomplissement ad\u00e9quat de ses responsabilit\u00e9s.<\/p>\n\n\n\n<p>Ceci \u00e9tant, une explication officielle de cette mort en d\u00e9tention, qui jusqu\u2019\u00e0 pr\u00e9sent se fait attendre, est une n\u00e9cessit\u00e9 non seulement humaine, mais politique, \u00e0 laquelle le ministre de la Justice ne doit pas se soustraire.\u00a0 \u00a0 \u00a0<\/p>\n\n\n\n<p>* <em>M\u00e9decin de libre pratique.<\/em><\/p>\n\n\n\n<figure class=\"wp-block-embed is-type-wp-embed is-provider-kapitalis wp-block-embed-kapitalis\"><div class=\"wp-block-embed__wrapper\">\n<blockquote class=\"wp-embedded-content\" data-secret=\"Z80NnIUlPM\"><a href=\"https:\/\/kapitalis.com\/tunisie\/2024\/02\/04\/trafic-de-psychotropes-mandats-de-depot-contre-7-suspects-dont-3-medecins-et-un-pharmacien\/\">Trafic de psychotropes : Mandats de d\u00e9p\u00f4t contre 7 suspects, dont 3 m\u00e9decins et un pharmacien<\/a><\/blockquote><iframe loading=\"lazy\" class=\"wp-embedded-content\" sandbox=\"allow-scripts\" security=\"restricted\" style=\"position: absolute; clip: rect(1px, 1px, 1px, 1px);\" title=\"\u00ab\u00a0Trafic de psychotropes : Mandats de d\u00e9p\u00f4t contre 7 suspects, dont 3 m\u00e9decins et un pharmacien\u00a0\u00bb &#8212; Kapitalis\" src=\"https:\/\/kapitalis.com\/tunisie\/2024\/02\/04\/trafic-de-psychotropes-mandats-de-depot-contre-7-suspects-dont-3-medecins-et-un-pharmacien\/embed\/#?secret=zoUVjzIPiB#?secret=Z80NnIUlPM\" data-secret=\"Z80NnIUlPM\" width=\"600\" height=\"338\" frameborder=\"0\" marginwidth=\"0\" marginheight=\"0\" scrolling=\"no\"><\/iframe>\n<\/div><\/figure>\n","protected":false},"excerpt":{"rendered":"<p>Un m\u00e9decin qui meurt en d\u00e9tention n&rsquo;est pas un fait anodin et exige des explications.   <\/p>\n","protected":false},"author":8,"featured_media":12130006,"comment_status":"open","ping_status":"open","sticky":false,"template":"","format":"standard","meta":{"footnotes":""},"categories":[992,998,1000,2433],"tags":[87558,1172,1314,5422],"class_list":["post-12129927","post","type-post","status-publish","format-standard","has-post-thumbnail","hentry","category-a-la-une","category-societe","category-tribune","category-tunisie","tag-dr-mounir-hanablia","tag-medecin","tag-prison","tag-psychotropes"],"yoast_head":"<!-- This site is optimized with the Yoast SEO plugin v26.6 - https:\/\/yoast.com\/wordpress\/plugins\/seo\/ -->\n<title>Les potins du cardiologue: Mort en d\u00e9tention d\u2019un m\u00e9decin et n\u00e9cessit\u00e9 de fournir \u00e0 la justice les moyens de sa t\u00e2che - Kapitalis<\/title>\n<meta name=\"robots\" content=\"index, follow, max-snippet:-1, max-image-preview:large, max-video-preview:-1\" \/>\n<link rel=\"canonical\" href=\"https:\/\/kapitalis.com\/tunisie\/2024\/03\/17\/les-potins-du-cardiologue-mort-en-detention-dun-medecin-et-necessite-de-fournir-a-la-justice-les-moyens-de-sa-tache\/\" \/>\n<meta property=\"og:locale\" content=\"fr_FR\" \/>\n<meta property=\"og:type\" content=\"article\" \/>\n<meta property=\"og:title\" content=\"Les potins du cardiologue: Mort en d\u00e9tention d\u2019un m\u00e9decin et n\u00e9cessit\u00e9 de fournir \u00e0 la justice les moyens de sa t\u00e2che - Kapitalis\" \/>\n<meta property=\"og:description\" content=\"Un m\u00e9decin qui meurt en d\u00e9tention n&#039;est pas un fait anodin et exige des explications.\" \/>\n<meta property=\"og:url\" content=\"https:\/\/kapitalis.com\/tunisie\/2024\/03\/17\/les-potins-du-cardiologue-mort-en-detention-dun-medecin-et-necessite-de-fournir-a-la-justice-les-moyens-de-sa-tache\/\" \/>\n<meta property=\"og:site_name\" content=\"Kapitalis\" \/>\n<meta property=\"article:publisher\" content=\"https:\/\/www.facebook.com\/KapitalisInfo\/\" \/>\n<meta property=\"article:published_time\" content=\"2024-03-17T07:45:00+00:00\" \/>\n<meta property=\"og:image\" content=\"https:\/\/kapitalis.com\/tunisie\/wp-content\/uploads\/2024\/03\/Prison.jpg\" \/>\n\t<meta property=\"og:image:width\" content=\"1200\" \/>\n\t<meta property=\"og:image:height\" content=\"630\" \/>\n\t<meta property=\"og:image:type\" content=\"image\/jpeg\" \/>\n<meta name=\"author\" content=\"webmaster kapitalis\" \/>\n<meta name=\"twitter:card\" content=\"summary_large_image\" \/>\n<meta name=\"twitter:creator\" content=\"@KapitalisInfo\" \/>\n<meta name=\"twitter:site\" content=\"@KapitalisInfo\" \/>\n<meta name=\"twitter:label1\" content=\"\u00c9crit par\" \/>\n\t<meta name=\"twitter:data1\" content=\"webmaster kapitalis\" \/>\n\t<meta name=\"twitter:label2\" content=\"Dur\u00e9e de lecture estim\u00e9e\" \/>\n\t<meta name=\"twitter:data2\" content=\"4 minutes\" \/>\n<script type=\"application\/ld+json\" class=\"yoast-schema-graph\">{\"@context\":\"https:\/\/schema.org\",\"@graph\":[{\"@type\":\"Article\",\"@id\":\"https:\/\/kapitalis.com\/tunisie\/2024\/03\/17\/les-potins-du-cardiologue-mort-en-detention-dun-medecin-et-necessite-de-fournir-a-la-justice-les-moyens-de-sa-tache\/#article\",\"isPartOf\":{\"@id\":\"https:\/\/kapitalis.com\/tunisie\/2024\/03\/17\/les-potins-du-cardiologue-mort-en-detention-dun-medecin-et-necessite-de-fournir-a-la-justice-les-moyens-de-sa-tache\/\"},\"author\":{\"name\":\"webmaster kapitalis\",\"@id\":\"https:\/\/kapitalis.com\/tunisie\/#\/schema\/person\/d71f33a9ca44f7bad4698210b480c8e9\"},\"headline\":\"Les potins du cardiologue: Mort en d\u00e9tention d\u2019un m\u00e9decin et n\u00e9cessit\u00e9 de fournir \u00e0 la justice les moyens de sa t\u00e2che\",\"datePublished\":\"2024-03-17T07:45:00+00:00\",\"mainEntityOfPage\":{\"@id\":\"https:\/\/kapitalis.com\/tunisie\/2024\/03\/17\/les-potins-du-cardiologue-mort-en-detention-dun-medecin-et-necessite-de-fournir-a-la-justice-les-moyens-de-sa-tache\/\"},\"wordCount\":675,\"commentCount\":5,\"publisher\":{\"@id\":\"https:\/\/kapitalis.com\/tunisie\/#organization\"},\"image\":{\"@id\":\"https:\/\/kapitalis.com\/tunisie\/2024\/03\/17\/les-potins-du-cardiologue-mort-en-detention-dun-medecin-et-necessite-de-fournir-a-la-justice-les-moyens-de-sa-tache\/#primaryimage\"},\"thumbnailUrl\":\"https:\/\/kapitalis.com\/tunisie\/wp-content\/uploads\/2024\/03\/Prison.jpg\",\"keywords\":[\"Dr Mounir Hanablia\",\"m\u00e9decin\",\"prison\",\"psychotropes\"],\"articleSection\":[\"A LA UNE\",\"SOCIETE\",\"TRIBUNE\",\"Tunisie\"],\"inLanguage\":\"fr-FR\",\"potentialAction\":[{\"@type\":\"CommentAction\",\"name\":\"Comment\",\"target\":[\"https:\/\/kapitalis.com\/tunisie\/2024\/03\/17\/les-potins-du-cardiologue-mort-en-detention-dun-medecin-et-necessite-de-fournir-a-la-justice-les-moyens-de-sa-tache\/#respond\"]}]},{\"@type\":\"WebPage\",\"@id\":\"https:\/\/kapitalis.com\/tunisie\/2024\/03\/17\/les-potins-du-cardiologue-mort-en-detention-dun-medecin-et-necessite-de-fournir-a-la-justice-les-moyens-de-sa-tache\/\",\"url\":\"https:\/\/kapitalis.com\/tunisie\/2024\/03\/17\/les-potins-du-cardiologue-mort-en-detention-dun-medecin-et-necessite-de-fournir-a-la-justice-les-moyens-de-sa-tache\/\",\"name\":\"Les potins du cardiologue: Mort en d\u00e9tention d\u2019un m\u00e9decin et n\u00e9cessit\u00e9 de fournir \u00e0 la justice les moyens de sa t\u00e2che - Kapitalis\",\"isPartOf\":{\"@id\":\"https:\/\/kapitalis.com\/tunisie\/#website\"},\"primaryImageOfPage\":{\"@id\":\"https:\/\/kapitalis.com\/tunisie\/2024\/03\/17\/les-potins-du-cardiologue-mort-en-detention-dun-medecin-et-necessite-de-fournir-a-la-justice-les-moyens-de-sa-tache\/#primaryimage\"},\"image\":{\"@id\":\"https:\/\/kapitalis.com\/tunisie\/2024\/03\/17\/les-potins-du-cardiologue-mort-en-detention-dun-medecin-et-necessite-de-fournir-a-la-justice-les-moyens-de-sa-tache\/#primaryimage\"},\"thumbnailUrl\":\"https:\/\/kapitalis.com\/tunisie\/wp-content\/uploads\/2024\/03\/Prison.jpg\",\"datePublished\":\"2024-03-17T07:45:00+00:00\",\"breadcrumb\":{\"@id\":\"https:\/\/kapitalis.com\/tunisie\/2024\/03\/17\/les-potins-du-cardiologue-mort-en-detention-dun-medecin-et-necessite-de-fournir-a-la-justice-les-moyens-de-sa-tache\/#breadcrumb\"},\"inLanguage\":\"fr-FR\",\"potentialAction\":[{\"@type\":\"ReadAction\",\"target\":[\"https:\/\/kapitalis.com\/tunisie\/2024\/03\/17\/les-potins-du-cardiologue-mort-en-detention-dun-medecin-et-necessite-de-fournir-a-la-justice-les-moyens-de-sa-tache\/\"]}]},{\"@type\":\"ImageObject\",\"inLanguage\":\"fr-FR\",\"@id\":\"https:\/\/kapitalis.com\/tunisie\/2024\/03\/17\/les-potins-du-cardiologue-mort-en-detention-dun-medecin-et-necessite-de-fournir-a-la-justice-les-moyens-de-sa-tache\/#primaryimage\",\"url\":\"https:\/\/kapitalis.com\/tunisie\/wp-content\/uploads\/2024\/03\/Prison.jpg\",\"contentUrl\":\"https:\/\/kapitalis.com\/tunisie\/wp-content\/uploads\/2024\/03\/Prison.jpg\",\"width\":1200,\"height\":630},{\"@type\":\"BreadcrumbList\",\"@id\":\"https:\/\/kapitalis.com\/tunisie\/2024\/03\/17\/les-potins-du-cardiologue-mort-en-detention-dun-medecin-et-necessite-de-fournir-a-la-justice-les-moyens-de-sa-tache\/#breadcrumb\",\"itemListElement\":[{\"@type\":\"ListItem\",\"position\":1,\"name\":\"Accueil\",\"item\":\"https:\/\/kapitalis.com\/tunisie\/\"},{\"@type\":\"ListItem\",\"position\":2,\"name\":\"Les potins du cardiologue: Mort en d\u00e9tention d\u2019un m\u00e9decin et n\u00e9cessit\u00e9 de fournir \u00e0 la justice les moyens de sa t\u00e2che\"}]},{\"@type\":\"WebSite\",\"@id\":\"https:\/\/kapitalis.com\/tunisie\/#website\",\"url\":\"https:\/\/kapitalis.com\/tunisie\/\",\"name\":\"Kapitalis\",\"description\":\"L&#039;actualit\u00e9 en Tunisie et dans le monde\",\"publisher\":{\"@id\":\"https:\/\/kapitalis.com\/tunisie\/#organization\"},\"potentialAction\":[{\"@type\":\"SearchAction\",\"target\":{\"@type\":\"EntryPoint\",\"urlTemplate\":\"https:\/\/kapitalis.com\/tunisie\/?s={search_term_string}\"},\"query-input\":{\"@type\":\"PropertyValueSpecification\",\"valueRequired\":true,\"valueName\":\"search_term_string\"}}],\"inLanguage\":\"fr-FR\"},{\"@type\":\"Organization\",\"@id\":\"https:\/\/kapitalis.com\/tunisie\/#organization\",\"name\":\"Kapitalis\",\"url\":\"https:\/\/kapitalis.com\/tunisie\/\",\"logo\":{\"@type\":\"ImageObject\",\"inLanguage\":\"fr-FR\",\"@id\":\"https:\/\/kapitalis.com\/tunisie\/#\/schema\/logo\/image\/\",\"url\":\"https:\/\/kapitalis.com\/tunisie\/wp-content\/uploads\/2022\/05\/Kapitalis-big-size.png\",\"contentUrl\":\"https:\/\/kapitalis.com\/tunisie\/wp-content\/uploads\/2022\/05\/Kapitalis-big-size.png\",\"width\":5000,\"height\":1500,\"caption\":\"Kapitalis\"},\"image\":{\"@id\":\"https:\/\/kapitalis.com\/tunisie\/#\/schema\/logo\/image\/\"},\"sameAs\":[\"https:\/\/www.facebook.com\/KapitalisInfo\/\",\"https:\/\/x.com\/KapitalisInfo\",\"https:\/\/www.youtube.com\/channel\/UC-yDYrHyfFBWWZaOw3FPg9Q\"]},{\"@type\":\"Person\",\"@id\":\"https:\/\/kapitalis.com\/tunisie\/#\/schema\/person\/d71f33a9ca44f7bad4698210b480c8e9\",\"name\":\"webmaster kapitalis\",\"url\":\"https:\/\/kapitalis.com\/tunisie\/author\/webmaster-kapitalis\/\"}]}<\/script>\n<!-- \/ Yoast SEO plugin. -->","yoast_head_json":{"title":"Les potins du cardiologue: Mort en d\u00e9tention d\u2019un m\u00e9decin et n\u00e9cessit\u00e9 de fournir \u00e0 la justice les moyens de sa t\u00e2che - Kapitalis","robots":{"index":"index","follow":"follow","max-snippet":"max-snippet:-1","max-image-preview":"max-image-preview:large","max-video-preview":"max-video-preview:-1"},"canonical":"https:\/\/kapitalis.com\/tunisie\/2024\/03\/17\/les-potins-du-cardiologue-mort-en-detention-dun-medecin-et-necessite-de-fournir-a-la-justice-les-moyens-de-sa-tache\/","og_locale":"fr_FR","og_type":"article","og_title":"Les potins du cardiologue: Mort en d\u00e9tention d\u2019un m\u00e9decin et n\u00e9cessit\u00e9 de fournir \u00e0 la justice les moyens de sa t\u00e2che - Kapitalis","og_description":"Un m\u00e9decin qui meurt en d\u00e9tention n'est pas un fait anodin et exige des explications.","og_url":"https:\/\/kapitalis.com\/tunisie\/2024\/03\/17\/les-potins-du-cardiologue-mort-en-detention-dun-medecin-et-necessite-de-fournir-a-la-justice-les-moyens-de-sa-tache\/","og_site_name":"Kapitalis","article_publisher":"https:\/\/www.facebook.com\/KapitalisInfo\/","article_published_time":"2024-03-17T07:45:00+00:00","og_image":[{"width":1200,"height":630,"url":"https:\/\/kapitalis.com\/tunisie\/wp-content\/uploads\/2024\/03\/Prison.jpg","type":"image\/jpeg"}],"author":"webmaster kapitalis","twitter_card":"summary_large_image","twitter_creator":"@KapitalisInfo","twitter_site":"@KapitalisInfo","twitter_misc":{"\u00c9crit par":"webmaster kapitalis","Dur\u00e9e de lecture estim\u00e9e":"4 minutes"},"schema":{"@context":"https:\/\/schema.org","@graph":[{"@type":"Article","@id":"https:\/\/kapitalis.com\/tunisie\/2024\/03\/17\/les-potins-du-cardiologue-mort-en-detention-dun-medecin-et-necessite-de-fournir-a-la-justice-les-moyens-de-sa-tache\/#article","isPartOf":{"@id":"https:\/\/kapitalis.com\/tunisie\/2024\/03\/17\/les-potins-du-cardiologue-mort-en-detention-dun-medecin-et-necessite-de-fournir-a-la-justice-les-moyens-de-sa-tache\/"},"author":{"name":"webmaster kapitalis","@id":"https:\/\/kapitalis.com\/tunisie\/#\/schema\/person\/d71f33a9ca44f7bad4698210b480c8e9"},"headline":"Les potins du cardiologue: Mort en d\u00e9tention d\u2019un m\u00e9decin et n\u00e9cessit\u00e9 de fournir \u00e0 la justice les moyens de sa t\u00e2che","datePublished":"2024-03-17T07:45:00+00:00","mainEntityOfPage":{"@id":"https:\/\/kapitalis.com\/tunisie\/2024\/03\/17\/les-potins-du-cardiologue-mort-en-detention-dun-medecin-et-necessite-de-fournir-a-la-justice-les-moyens-de-sa-tache\/"},"wordCount":675,"commentCount":5,"publisher":{"@id":"https:\/\/kapitalis.com\/tunisie\/#organization"},"image":{"@id":"https:\/\/kapitalis.com\/tunisie\/2024\/03\/17\/les-potins-du-cardiologue-mort-en-detention-dun-medecin-et-necessite-de-fournir-a-la-justice-les-moyens-de-sa-tache\/#primaryimage"},"thumbnailUrl":"https:\/\/kapitalis.com\/tunisie\/wp-content\/uploads\/2024\/03\/Prison.jpg","keywords":["Dr Mounir Hanablia","m\u00e9decin","prison","psychotropes"],"articleSection":["A LA UNE","SOCIETE","TRIBUNE","Tunisie"],"inLanguage":"fr-FR","potentialAction":[{"@type":"CommentAction","name":"Comment","target":["https:\/\/kapitalis.com\/tunisie\/2024\/03\/17\/les-potins-du-cardiologue-mort-en-detention-dun-medecin-et-necessite-de-fournir-a-la-justice-les-moyens-de-sa-tache\/#respond"]}]},{"@type":"WebPage","@id":"https:\/\/kapitalis.com\/tunisie\/2024\/03\/17\/les-potins-du-cardiologue-mort-en-detention-dun-medecin-et-necessite-de-fournir-a-la-justice-les-moyens-de-sa-tache\/","url":"https:\/\/kapitalis.com\/tunisie\/2024\/03\/17\/les-potins-du-cardiologue-mort-en-detention-dun-medecin-et-necessite-de-fournir-a-la-justice-les-moyens-de-sa-tache\/","name":"Les potins du cardiologue: Mort en d\u00e9tention d\u2019un m\u00e9decin et n\u00e9cessit\u00e9 de fournir \u00e0 la justice les moyens de sa t\u00e2che - Kapitalis","isPartOf":{"@id":"https:\/\/kapitalis.com\/tunisie\/#website"},"primaryImageOfPage":{"@id":"https:\/\/kapitalis.com\/tunisie\/2024\/03\/17\/les-potins-du-cardiologue-mort-en-detention-dun-medecin-et-necessite-de-fournir-a-la-justice-les-moyens-de-sa-tache\/#primaryimage"},"image":{"@id":"https:\/\/kapitalis.com\/tunisie\/2024\/03\/17\/les-potins-du-cardiologue-mort-en-detention-dun-medecin-et-necessite-de-fournir-a-la-justice-les-moyens-de-sa-tache\/#primaryimage"},"thumbnailUrl":"https:\/\/kapitalis.com\/tunisie\/wp-content\/uploads\/2024\/03\/Prison.jpg","datePublished":"2024-03-17T07:45:00+00:00","breadcrumb":{"@id":"https:\/\/kapitalis.com\/tunisie\/2024\/03\/17\/les-potins-du-cardiologue-mort-en-detention-dun-medecin-et-necessite-de-fournir-a-la-justice-les-moyens-de-sa-tache\/#breadcrumb"},"inLanguage":"fr-FR","potentialAction":[{"@type":"ReadAction","target":["https:\/\/kapitalis.com\/tunisie\/2024\/03\/17\/les-potins-du-cardiologue-mort-en-detention-dun-medecin-et-necessite-de-fournir-a-la-justice-les-moyens-de-sa-tache\/"]}]},{"@type":"ImageObject","inLanguage":"fr-FR","@id":"https:\/\/kapitalis.com\/tunisie\/2024\/03\/17\/les-potins-du-cardiologue-mort-en-detention-dun-medecin-et-necessite-de-fournir-a-la-justice-les-moyens-de-sa-tache\/#primaryimage","url":"https:\/\/kapitalis.com\/tunisie\/wp-content\/uploads\/2024\/03\/Prison.jpg","contentUrl":"https:\/\/kapitalis.com\/tunisie\/wp-content\/uploads\/2024\/03\/Prison.jpg","width":1200,"height":630},{"@type":"BreadcrumbList","@id":"https:\/\/kapitalis.com\/tunisie\/2024\/03\/17\/les-potins-du-cardiologue-mort-en-detention-dun-medecin-et-necessite-de-fournir-a-la-justice-les-moyens-de-sa-tache\/#breadcrumb","itemListElement":[{"@type":"ListItem","position":1,"name":"Accueil","item":"https:\/\/kapitalis.com\/tunisie\/"},{"@type":"ListItem","position":2,"name":"Les potins du cardiologue: Mort en d\u00e9tention d\u2019un m\u00e9decin et n\u00e9cessit\u00e9 de fournir \u00e0 la justice les moyens de sa t\u00e2che"}]},{"@type":"WebSite","@id":"https:\/\/kapitalis.com\/tunisie\/#website","url":"https:\/\/kapitalis.com\/tunisie\/","name":"Kapitalis","description":"L&#039;actualit\u00e9 en Tunisie et dans le monde","publisher":{"@id":"https:\/\/kapitalis.com\/tunisie\/#organization"},"potentialAction":[{"@type":"SearchAction","target":{"@type":"EntryPoint","urlTemplate":"https:\/\/kapitalis.com\/tunisie\/?s={search_term_string}"},"query-input":{"@type":"PropertyValueSpecification","valueRequired":true,"valueName":"search_term_string"}}],"inLanguage":"fr-FR"},{"@type":"Organization","@id":"https:\/\/kapitalis.com\/tunisie\/#organization","name":"Kapitalis","url":"https:\/\/kapitalis.com\/tunisie\/","logo":{"@type":"ImageObject","inLanguage":"fr-FR","@id":"https:\/\/kapitalis.com\/tunisie\/#\/schema\/logo\/image\/","url":"https:\/\/kapitalis.com\/tunisie\/wp-content\/uploads\/2022\/05\/Kapitalis-big-size.png","contentUrl":"https:\/\/kapitalis.com\/tunisie\/wp-content\/uploads\/2022\/05\/Kapitalis-big-size.png","width":5000,"height":1500,"caption":"Kapitalis"},"image":{"@id":"https:\/\/kapitalis.com\/tunisie\/#\/schema\/logo\/image\/"},"sameAs":["https:\/\/www.facebook.com\/KapitalisInfo\/","https:\/\/x.com\/KapitalisInfo","https:\/\/www.youtube.com\/channel\/UC-yDYrHyfFBWWZaOw3FPg9Q"]},{"@type":"Person","@id":"https:\/\/kapitalis.com\/tunisie\/#\/schema\/person\/d71f33a9ca44f7bad4698210b480c8e9","name":"webmaster kapitalis","url":"https:\/\/kapitalis.com\/tunisie\/author\/webmaster-kapitalis\/"}]}},"_links":{"self":[{"href":"https:\/\/kapitalis.com\/tunisie\/wp-json\/wp\/v2\/posts\/12129927","targetHints":{"allow":["GET"]}}],"collection":[{"href":"https:\/\/kapitalis.com\/tunisie\/wp-json\/wp\/v2\/posts"}],"about":[{"href":"https:\/\/kapitalis.com\/tunisie\/wp-json\/wp\/v2\/types\/post"}],"author":[{"embeddable":true,"href":"https:\/\/kapitalis.com\/tunisie\/wp-json\/wp\/v2\/users\/8"}],"replies":[{"embeddable":true,"href":"https:\/\/kapitalis.com\/tunisie\/wp-json\/wp\/v2\/comments?post=12129927"}],"version-history":[{"count":1,"href":"https:\/\/kapitalis.com\/tunisie\/wp-json\/wp\/v2\/posts\/12129927\/revisions"}],"predecessor-version":[{"id":12130024,"href":"https:\/\/kapitalis.com\/tunisie\/wp-json\/wp\/v2\/posts\/12129927\/revisions\/12130024"}],"wp:featuredmedia":[{"embeddable":true,"href":"https:\/\/kapitalis.com\/tunisie\/wp-json\/wp\/v2\/media\/12130006"}],"wp:attachment":[{"href":"https:\/\/kapitalis.com\/tunisie\/wp-json\/wp\/v2\/media?parent=12129927"}],"wp:term":[{"taxonomy":"category","embeddable":true,"href":"https:\/\/kapitalis.com\/tunisie\/wp-json\/wp\/v2\/categories?post=12129927"},{"taxonomy":"post_tag","embeddable":true,"href":"https:\/\/kapitalis.com\/tunisie\/wp-json\/wp\/v2\/tags?post=12129927"}],"curies":[{"name":"wp","href":"https:\/\/api.w.org\/{rel}","templated":true}]}}