{"id":121316,"date":"2017-11-01T08:41:59","date_gmt":"2017-11-01T07:41:59","guid":{"rendered":"http:\/\/kapitalis.com\/tunisie\/?p=121316"},"modified":"2017-11-01T08:41:59","modified_gmt":"2017-11-01T07:41:59","slug":"zied-ladhari-recoit-de-dg-de-crown-maghreb-can","status":"publish","type":"post","link":"https:\/\/kapitalis.com\/tunisie\/2017\/11\/01\/zied-ladhari-recoit-de-dg-de-crown-maghreb-can\/","title":{"rendered":"Zied Ladhari re\u00e7oit de DG de Crown Maghreb CAN"},"content":{"rendered":"<p style=\"text-align: center;\"><img loading=\"lazy\" decoding=\"async\" class=\"alignnone size-full wp-image-121317\" src=\"http:\/\/kapitalis.com\/tunisie\/wp-content\/uploads\/2017\/11\/Ladhari-Etienne-Roumier-Crown.jpg\" alt=\"\" width=\"626\" height=\"380\" \/><\/p>\n<p><em><strong>Zied Ladhari a re\u00e7u, mardi 31 octobre 2017, au si\u00e8ge de son d\u00e9partement, Etienne Roumier, directeur g\u00e9n\u00e9ral de l\u2019entreprise Crown Maghreb CAN.<\/strong> <\/em><\/p>\n<p><!--more--><\/p>\n<p>Leader mondial dans le domaine de l\u2019emballage m\u00e9tallique et de la fabrication des canettes, de boites de conserve, d&#8217;emballages d&rsquo;a\u00e9rosol, de couvercles m\u00e9talliques et de divers emballages m\u00e9talliques sp\u00e9ciaux, le groupe Crown Holding Inc, dont si\u00e8ge mondial se trouve \u00e0 Philadelphie, Pennsylvanie (Etats-Unis), dispose d\u2019une usine implant\u00e9e dans la zone industrielle d\u2019El-Agba, \u00e0 l\u2019ouest de Tunis.<\/p>\n<p>L\u2019entretien entre le ministre du D\u00e9veloppement, de l\u2019Investissement et de la Coop\u00e9ration internationale et le DG de Crown a port\u00e9 sur l\u2019activit\u00e9 actuelle de l\u2019entreprise et son programme de d\u00e9veloppement pour l\u2019ann\u00e9e prochaine.<\/p>\n<p>M. Roumier a mis l\u2019accent sur l\u2019int\u00e9r\u00eat particulier qu\u2019accorde son entreprise \u00e0 l\u2019innovation et \u00e0 la formation, passant en revue son programme d\u2019activit\u00e9 future.<\/p>\n<p>Le ministre Ladhari a, pour sa part, lou\u00e9 les succ\u00e8s enregistr\u00e9s par cette entreprise et \u00e9mis le souhait de la voir se d\u00e9velopper davantage, confirmant la volont\u00e9 de la Tunisie d\u2019appuyer et de faciliter l\u2019activit\u00e9 de Crown et de lui offrir l\u2019environnement propice \u00e0 la r\u00e9alisation de nouveaux succ\u00e8s.<\/p>\n<p>Inaugur\u00e9e en 2006 pour un investissement de 40 millions de dollars, l\u2019usine Crown Maghreb CAN et produit des canettes boissons de tailles diff\u00e9rentes (24, 25 et 33 cl) pour les remplisseurs de soft drinks et de bi\u00e8re.<\/p>\n<p>Avec une capacit\u00e9 annuelle initiale de production de 635 millions de canettes, elle est la 13e usine du groupe en termes de production dans la zone Europe, Moyen-Orient et Afrique.<\/p>\n<p>Crown Maghreb CAN, qui couvre une superficie de 15.000 m2 est une \u00ab<em>joint-venture<\/em>\u00bb entre Crown et son partenaire r\u00e9gional de longue date Ahmad Hamad Algosaibi &amp; Bros. Son capital est d\u00e9tenu \u00e0 50-50 par les deux soci\u00e9t\u00e9s.<\/p>\n<p style=\"text-align: right;\"><strong>I. B. <\/strong><\/p>\n","protected":false},"excerpt":{"rendered":"<p>Zied Ladhari a re\u00e7u, mardi 31 octobre 2017, au si\u00e8ge de son d\u00e9partement, Etienne Roumier, directeur g\u00e9n\u00e9ral de l\u2019entreprise Crown Maghreb CAN.<\/p>\n","protected":false},"author":8,"featured_media":121317,"comment_status":"open","ping_status":"open","sticky":false,"template":"","format":"standard","meta":{"footnotes":""},"categories":[995,2433],"tags":[5180],"class_list":["post-121316","post","type-post","status-publish","format-standard","has-post-thumbnail","hentry","category-economie","category-tunisie","tag-zied-ladhari"],"yoast_head":"<!-- This site is optimized with the Yoast SEO plugin v26.6 - https:\/\/yoast.com\/wordpress\/plugins\/seo\/ -->\n<title>Zied Ladhari re\u00e7oit de DG de Crown Maghreb CAN - Kapitalis<\/title>\n<meta name=\"robots\" content=\"index, follow, max-snippet:-1, max-image-preview:large, max-video-preview:-1\" \/>\n<link rel=\"canonical\" href=\"https:\/\/kapitalis.com\/tunisie\/2017\/11\/01\/zied-ladhari-recoit-de-dg-de-crown-maghreb-can\/\" \/>\n<meta property=\"og:locale\" content=\"fr_FR\" \/>\n<meta property=\"og:type\" content=\"article\" \/>\n<meta property=\"og:title\" content=\"Zied Ladhari re\u00e7oit de DG de Crown Maghreb CAN - Kapitalis\" \/>\n<meta property=\"og:description\" content=\"Zied Ladhari a re\u00e7u, mardi 31 octobre 2017, au si\u00e8ge de son d\u00e9partement, Etienne Roumier, directeur g\u00e9n\u00e9ral de l\u2019entreprise Crown Maghreb CAN.\" \/>\n<meta property=\"og:url\" content=\"https:\/\/kapitalis.com\/tunisie\/2017\/11\/01\/zied-ladhari-recoit-de-dg-de-crown-maghreb-can\/\" \/>\n<meta property=\"og:site_name\" content=\"Kapitalis\" \/>\n<meta property=\"article:publisher\" content=\"https:\/\/www.facebook.com\/KapitalisInfo\/\" \/>\n<meta property=\"article:published_time\" content=\"2017-11-01T07:41:59+00:00\" \/>\n<meta property=\"og:image\" content=\"https:\/\/kapitalis.com\/tunisie\/wp-content\/uploads\/2022\/05\/kapitalis-logo-fb.png\" \/>\n\t<meta property=\"og:image:width\" content=\"1200\" \/>\n\t<meta property=\"og:image:height\" content=\"630\" \/>\n\t<meta property=\"og:image:type\" content=\"image\/png\" \/>\n<meta name=\"author\" content=\"webmaster kapitalis\" \/>\n<meta name=\"twitter:card\" content=\"summary_large_image\" \/>\n<meta name=\"twitter:creator\" content=\"@KapitalisInfo\" \/>\n<meta name=\"twitter:site\" content=\"@KapitalisInfo\" \/>\n<meta name=\"twitter:label1\" content=\"\u00c9crit par\" \/>\n\t<meta name=\"twitter:data1\" content=\"webmaster kapitalis\" \/>\n\t<meta name=\"twitter:label2\" content=\"Dur\u00e9e de lecture estim\u00e9e\" \/>\n\t<meta name=\"twitter:data2\" content=\"2 minutes\" \/>\n<script type=\"application\/ld+json\" class=\"yoast-schema-graph\">{\"@context\":\"https:\/\/schema.org\",\"@graph\":[{\"@type\":\"Article\",\"@id\":\"https:\/\/kapitalis.com\/tunisie\/2017\/11\/01\/zied-ladhari-recoit-de-dg-de-crown-maghreb-can\/#article\",\"isPartOf\":{\"@id\":\"https:\/\/kapitalis.com\/tunisie\/2017\/11\/01\/zied-ladhari-recoit-de-dg-de-crown-maghreb-can\/\"},\"author\":{\"name\":\"webmaster kapitalis\",\"@id\":\"https:\/\/kapitalis.com\/tunisie\/#\/schema\/person\/d71f33a9ca44f7bad4698210b480c8e9\"},\"headline\":\"Zied Ladhari re\u00e7oit de DG de Crown Maghreb CAN\",\"datePublished\":\"2017-11-01T07:41:59+00:00\",\"mainEntityOfPage\":{\"@id\":\"https:\/\/kapitalis.com\/tunisie\/2017\/11\/01\/zied-ladhari-recoit-de-dg-de-crown-maghreb-can\/\"},\"wordCount\":334,\"commentCount\":1,\"publisher\":{\"@id\":\"https:\/\/kapitalis.com\/tunisie\/#organization\"},\"image\":{\"@id\":\"https:\/\/kapitalis.com\/tunisie\/2017\/11\/01\/zied-ladhari-recoit-de-dg-de-crown-maghreb-can\/#primaryimage\"},\"thumbnailUrl\":\"\",\"keywords\":[\"Zied Ladhari\"],\"articleSection\":[\"ECONOMIE\",\"Tunisie\"],\"inLanguage\":\"fr-FR\",\"potentialAction\":[{\"@type\":\"CommentAction\",\"name\":\"Comment\",\"target\":[\"https:\/\/kapitalis.com\/tunisie\/2017\/11\/01\/zied-ladhari-recoit-de-dg-de-crown-maghreb-can\/#respond\"]}]},{\"@type\":\"WebPage\",\"@id\":\"https:\/\/kapitalis.com\/tunisie\/2017\/11\/01\/zied-ladhari-recoit-de-dg-de-crown-maghreb-can\/\",\"url\":\"https:\/\/kapitalis.com\/tunisie\/2017\/11\/01\/zied-ladhari-recoit-de-dg-de-crown-maghreb-can\/\",\"name\":\"Zied Ladhari re\u00e7oit de DG de Crown Maghreb CAN - Kapitalis\",\"isPartOf\":{\"@id\":\"https:\/\/kapitalis.com\/tunisie\/#website\"},\"primaryImageOfPage\":{\"@id\":\"https:\/\/kapitalis.com\/tunisie\/2017\/11\/01\/zied-ladhari-recoit-de-dg-de-crown-maghreb-can\/#primaryimage\"},\"image\":{\"@id\":\"https:\/\/kapitalis.com\/tunisie\/2017\/11\/01\/zied-ladhari-recoit-de-dg-de-crown-maghreb-can\/#primaryimage\"},\"thumbnailUrl\":\"\",\"datePublished\":\"2017-11-01T07:41:59+00:00\",\"breadcrumb\":{\"@id\":\"https:\/\/kapitalis.com\/tunisie\/2017\/11\/01\/zied-ladhari-recoit-de-dg-de-crown-maghreb-can\/#breadcrumb\"},\"inLanguage\":\"fr-FR\",\"potentialAction\":[{\"@type\":\"ReadAction\",\"target\":[\"https:\/\/kapitalis.com\/tunisie\/2017\/11\/01\/zied-ladhari-recoit-de-dg-de-crown-maghreb-can\/\"]}]},{\"@type\":\"ImageObject\",\"inLanguage\":\"fr-FR\",\"@id\":\"https:\/\/kapitalis.com\/tunisie\/2017\/11\/01\/zied-ladhari-recoit-de-dg-de-crown-maghreb-can\/#primaryimage\",\"url\":\"\",\"contentUrl\":\"\"},{\"@type\":\"BreadcrumbList\",\"@id\":\"https:\/\/kapitalis.com\/tunisie\/2017\/11\/01\/zied-ladhari-recoit-de-dg-de-crown-maghreb-can\/#breadcrumb\",\"itemListElement\":[{\"@type\":\"ListItem\",\"position\":1,\"name\":\"Accueil\",\"item\":\"https:\/\/kapitalis.com\/tunisie\/\"},{\"@type\":\"ListItem\",\"position\":2,\"name\":\"Zied Ladhari re\u00e7oit de DG de Crown Maghreb CAN\"}]},{\"@type\":\"WebSite\",\"@id\":\"https:\/\/kapitalis.com\/tunisie\/#website\",\"url\":\"https:\/\/kapitalis.com\/tunisie\/\",\"name\":\"Kapitalis\",\"description\":\"L&#039;actualit\u00e9 en Tunisie et dans le monde\",\"publisher\":{\"@id\":\"https:\/\/kapitalis.com\/tunisie\/#organization\"},\"potentialAction\":[{\"@type\":\"SearchAction\",\"target\":{\"@type\":\"EntryPoint\",\"urlTemplate\":\"https:\/\/kapitalis.com\/tunisie\/?s={search_term_string}\"},\"query-input\":{\"@type\":\"PropertyValueSpecification\",\"valueRequired\":true,\"valueName\":\"search_term_string\"}}],\"inLanguage\":\"fr-FR\"},{\"@type\":\"Organization\",\"@id\":\"https:\/\/kapitalis.com\/tunisie\/#organization\",\"name\":\"Kapitalis\",\"url\":\"https:\/\/kapitalis.com\/tunisie\/\",\"logo\":{\"@type\":\"ImageObject\",\"inLanguage\":\"fr-FR\",\"@id\":\"https:\/\/kapitalis.com\/tunisie\/#\/schema\/logo\/image\/\",\"url\":\"https:\/\/kapitalis.com\/tunisie\/wp-content\/uploads\/2022\/05\/Kapitalis-big-size.png\",\"contentUrl\":\"https:\/\/kapitalis.com\/tunisie\/wp-content\/uploads\/2022\/05\/Kapitalis-big-size.png\",\"width\":5000,\"height\":1500,\"caption\":\"Kapitalis\"},\"image\":{\"@id\":\"https:\/\/kapitalis.com\/tunisie\/#\/schema\/logo\/image\/\"},\"sameAs\":[\"https:\/\/www.facebook.com\/KapitalisInfo\/\",\"https:\/\/x.com\/KapitalisInfo\",\"https:\/\/www.youtube.com\/channel\/UC-yDYrHyfFBWWZaOw3FPg9Q\"]},{\"@type\":\"Person\",\"@id\":\"https:\/\/kapitalis.com\/tunisie\/#\/schema\/person\/d71f33a9ca44f7bad4698210b480c8e9\",\"name\":\"webmaster kapitalis\",\"url\":\"https:\/\/kapitalis.com\/tunisie\/author\/webmaster-kapitalis\/\"}]}<\/script>\n<!-- \/ Yoast SEO plugin. -->","yoast_head_json":{"title":"Zied Ladhari re\u00e7oit de DG de Crown Maghreb CAN - Kapitalis","robots":{"index":"index","follow":"follow","max-snippet":"max-snippet:-1","max-image-preview":"max-image-preview:large","max-video-preview":"max-video-preview:-1"},"canonical":"https:\/\/kapitalis.com\/tunisie\/2017\/11\/01\/zied-ladhari-recoit-de-dg-de-crown-maghreb-can\/","og_locale":"fr_FR","og_type":"article","og_title":"Zied Ladhari re\u00e7oit de DG de Crown Maghreb CAN - Kapitalis","og_description":"Zied Ladhari a re\u00e7u, mardi 31 octobre 2017, au si\u00e8ge de son d\u00e9partement, Etienne Roumier, directeur g\u00e9n\u00e9ral de l\u2019entreprise Crown Maghreb CAN.","og_url":"https:\/\/kapitalis.com\/tunisie\/2017\/11\/01\/zied-ladhari-recoit-de-dg-de-crown-maghreb-can\/","og_site_name":"Kapitalis","article_publisher":"https:\/\/www.facebook.com\/KapitalisInfo\/","article_published_time":"2017-11-01T07:41:59+00:00","og_image":[{"width":1200,"height":630,"url":"https:\/\/kapitalis.com\/tunisie\/wp-content\/uploads\/2022\/05\/kapitalis-logo-fb.png","type":"image\/png"}],"author":"webmaster kapitalis","twitter_card":"summary_large_image","twitter_creator":"@KapitalisInfo","twitter_site":"@KapitalisInfo","twitter_misc":{"\u00c9crit par":"webmaster kapitalis","Dur\u00e9e de lecture estim\u00e9e":"2 minutes"},"schema":{"@context":"https:\/\/schema.org","@graph":[{"@type":"Article","@id":"https:\/\/kapitalis.com\/tunisie\/2017\/11\/01\/zied-ladhari-recoit-de-dg-de-crown-maghreb-can\/#article","isPartOf":{"@id":"https:\/\/kapitalis.com\/tunisie\/2017\/11\/01\/zied-ladhari-recoit-de-dg-de-crown-maghreb-can\/"},"author":{"name":"webmaster kapitalis","@id":"https:\/\/kapitalis.com\/tunisie\/#\/schema\/person\/d71f33a9ca44f7bad4698210b480c8e9"},"headline":"Zied Ladhari re\u00e7oit de DG de Crown Maghreb CAN","datePublished":"2017-11-01T07:41:59+00:00","mainEntityOfPage":{"@id":"https:\/\/kapitalis.com\/tunisie\/2017\/11\/01\/zied-ladhari-recoit-de-dg-de-crown-maghreb-can\/"},"wordCount":334,"commentCount":1,"publisher":{"@id":"https:\/\/kapitalis.com\/tunisie\/#organization"},"image":{"@id":"https:\/\/kapitalis.com\/tunisie\/2017\/11\/01\/zied-ladhari-recoit-de-dg-de-crown-maghreb-can\/#primaryimage"},"thumbnailUrl":"","keywords":["Zied Ladhari"],"articleSection":["ECONOMIE","Tunisie"],"inLanguage":"fr-FR","potentialAction":[{"@type":"CommentAction","name":"Comment","target":["https:\/\/kapitalis.com\/tunisie\/2017\/11\/01\/zied-ladhari-recoit-de-dg-de-crown-maghreb-can\/#respond"]}]},{"@type":"WebPage","@id":"https:\/\/kapitalis.com\/tunisie\/2017\/11\/01\/zied-ladhari-recoit-de-dg-de-crown-maghreb-can\/","url":"https:\/\/kapitalis.com\/tunisie\/2017\/11\/01\/zied-ladhari-recoit-de-dg-de-crown-maghreb-can\/","name":"Zied Ladhari re\u00e7oit de DG de Crown Maghreb CAN - Kapitalis","isPartOf":{"@id":"https:\/\/kapitalis.com\/tunisie\/#website"},"primaryImageOfPage":{"@id":"https:\/\/kapitalis.com\/tunisie\/2017\/11\/01\/zied-ladhari-recoit-de-dg-de-crown-maghreb-can\/#primaryimage"},"image":{"@id":"https:\/\/kapitalis.com\/tunisie\/2017\/11\/01\/zied-ladhari-recoit-de-dg-de-crown-maghreb-can\/#primaryimage"},"thumbnailUrl":"","datePublished":"2017-11-01T07:41:59+00:00","breadcrumb":{"@id":"https:\/\/kapitalis.com\/tunisie\/2017\/11\/01\/zied-ladhari-recoit-de-dg-de-crown-maghreb-can\/#breadcrumb"},"inLanguage":"fr-FR","potentialAction":[{"@type":"ReadAction","target":["https:\/\/kapitalis.com\/tunisie\/2017\/11\/01\/zied-ladhari-recoit-de-dg-de-crown-maghreb-can\/"]}]},{"@type":"ImageObject","inLanguage":"fr-FR","@id":"https:\/\/kapitalis.com\/tunisie\/2017\/11\/01\/zied-ladhari-recoit-de-dg-de-crown-maghreb-can\/#primaryimage","url":"","contentUrl":""},{"@type":"BreadcrumbList","@id":"https:\/\/kapitalis.com\/tunisie\/2017\/11\/01\/zied-ladhari-recoit-de-dg-de-crown-maghreb-can\/#breadcrumb","itemListElement":[{"@type":"ListItem","position":1,"name":"Accueil","item":"https:\/\/kapitalis.com\/tunisie\/"},{"@type":"ListItem","position":2,"name":"Zied Ladhari re\u00e7oit de DG de Crown Maghreb CAN"}]},{"@type":"WebSite","@id":"https:\/\/kapitalis.com\/tunisie\/#website","url":"https:\/\/kapitalis.com\/tunisie\/","name":"Kapitalis","description":"L&#039;actualit\u00e9 en Tunisie et dans le monde","publisher":{"@id":"https:\/\/kapitalis.com\/tunisie\/#organization"},"potentialAction":[{"@type":"SearchAction","target":{"@type":"EntryPoint","urlTemplate":"https:\/\/kapitalis.com\/tunisie\/?s={search_term_string}"},"query-input":{"@type":"PropertyValueSpecification","valueRequired":true,"valueName":"search_term_string"}}],"inLanguage":"fr-FR"},{"@type":"Organization","@id":"https:\/\/kapitalis.com\/tunisie\/#organization","name":"Kapitalis","url":"https:\/\/kapitalis.com\/tunisie\/","logo":{"@type":"ImageObject","inLanguage":"fr-FR","@id":"https:\/\/kapitalis.com\/tunisie\/#\/schema\/logo\/image\/","url":"https:\/\/kapitalis.com\/tunisie\/wp-content\/uploads\/2022\/05\/Kapitalis-big-size.png","contentUrl":"https:\/\/kapitalis.com\/tunisie\/wp-content\/uploads\/2022\/05\/Kapitalis-big-size.png","width":5000,"height":1500,"caption":"Kapitalis"},"image":{"@id":"https:\/\/kapitalis.com\/tunisie\/#\/schema\/logo\/image\/"},"sameAs":["https:\/\/www.facebook.com\/KapitalisInfo\/","https:\/\/x.com\/KapitalisInfo","https:\/\/www.youtube.com\/channel\/UC-yDYrHyfFBWWZaOw3FPg9Q"]},{"@type":"Person","@id":"https:\/\/kapitalis.com\/tunisie\/#\/schema\/person\/d71f33a9ca44f7bad4698210b480c8e9","name":"webmaster kapitalis","url":"https:\/\/kapitalis.com\/tunisie\/author\/webmaster-kapitalis\/"}]}},"_links":{"self":[{"href":"https:\/\/kapitalis.com\/tunisie\/wp-json\/wp\/v2\/posts\/121316","targetHints":{"allow":["GET"]}}],"collection":[{"href":"https:\/\/kapitalis.com\/tunisie\/wp-json\/wp\/v2\/posts"}],"about":[{"href":"https:\/\/kapitalis.com\/tunisie\/wp-json\/wp\/v2\/types\/post"}],"author":[{"embeddable":true,"href":"https:\/\/kapitalis.com\/tunisie\/wp-json\/wp\/v2\/users\/8"}],"replies":[{"embeddable":true,"href":"https:\/\/kapitalis.com\/tunisie\/wp-json\/wp\/v2\/comments?post=121316"}],"version-history":[{"count":0,"href":"https:\/\/kapitalis.com\/tunisie\/wp-json\/wp\/v2\/posts\/121316\/revisions"}],"wp:featuredmedia":[{"embeddable":true,"href":"https:\/\/kapitalis.com\/tunisie\/wp-json\/wp\/v2\/media\/121317"}],"wp:attachment":[{"href":"https:\/\/kapitalis.com\/tunisie\/wp-json\/wp\/v2\/media?parent=121316"}],"wp:term":[{"taxonomy":"category","embeddable":true,"href":"https:\/\/kapitalis.com\/tunisie\/wp-json\/wp\/v2\/categories?post=121316"},{"taxonomy":"post_tag","embeddable":true,"href":"https:\/\/kapitalis.com\/tunisie\/wp-json\/wp\/v2\/tags?post=121316"}],"curies":[{"name":"wp","href":"https:\/\/api.w.org\/{rel}","templated":true}]}}