{"id":121347,"date":"2017-11-01T10:36:43","date_gmt":"2017-11-01T09:36:43","guid":{"rendered":"http:\/\/kapitalis.com\/tunisie\/?p=121347"},"modified":"2017-11-01T10:36:43","modified_gmt":"2017-11-01T09:36:43","slug":"beja-le-megaprojet-jinane-medjerda-ressort-des-cartons","status":"publish","type":"post","link":"https:\/\/kapitalis.com\/tunisie\/2017\/11\/01\/beja-le-megaprojet-jinane-medjerda-ressort-des-cartons\/","title":{"rendered":"B\u00e9ja : Le m\u00e9gaprojet Jinane Medjerda ressort des cartons"},"content":{"rendered":"<p style=\"text-align: center;\"><img loading=\"lazy\" decoding=\"async\" class=\"alignnone size-full wp-image-121350\" src=\"http:\/\/kapitalis.com\/tunisie\/wp-content\/uploads\/2017\/11\/Zied-Ladhari-Jinane-Medjerda.jpg\" alt=\"\" width=\"626\" height=\"380\" \/><\/p>\n<p><em><strong>Zied Ladhari a rencontr\u00e9, mardi 31 octobre 2017, les promoteurs du projet Jinane Medjerda, qui devrait \u00eatre cr\u00e9\u00e9 \u00e0 Oued Zarga, \u00e0 B\u00e9ja.<\/strong> <\/em><\/p>\n<p><!--more--><\/p>\n<p>La rencontre, \u00e0 laquelle a pris part le d\u00e9put\u00e9 Sami Fatnassi (Ennahdha), a \u00e9t\u00e9 une occasion pour les promoteurs pour pr\u00e9senter ses objectifs du projet et son impact attendu sur le d\u00e9veloppement de la r\u00e9gion du nord-ouest en g\u00e9n\u00e9ral et de B\u00e9ja en particulier. Ils ont aussi \u00e9voqu\u00e9 les difficult\u00e9s qu\u2019ils rencontrent dans la finalisation de l\u2019\u00e9tude.<\/p>\n<p>Le ministre a promis d\u2019examiner ces difficult\u00e9s avec les parties administratives concern\u00e9es et de trouver les solutions ad\u00e9quates pour faire avancer ce projet.<\/p>\n<p>Rappelons que l\u2019id\u00e9e du projet a \u00e9t\u00e9 pr\u00e9sent\u00e9e pour la premi\u00e8re fois en 2013. Il s\u2019agit d\u2019am\u00e9nager, \u00e0 70 km de Tunis, sur les monticules hauteurs du village Oued Zarga, sur un site de 900 ha de terres domaniales, une nouvelle ville de plus de 100.000 habitants autour d\u2019une universit\u00e9 (College Town).<\/p>\n<p>Selon ses initiateurs, Tahar Ben Lakhdar, fondateur de l\u2019\u00e9cole priv\u00e9e d\u2019ing\u00e9nieurs Esprit, et Belgacem Mezni, ing\u00e9nieur \u00e0 la retraite, l\u2019id\u00e9e est inspir\u00e9e des exp\u00e9riences r\u00e9ussies de Louvain La Neuve (Belgique), Harvard Le Massachusetts Institute of Technology (MIT, Etats-Unis).<\/p>\n<p>Le but est de mettre en \u0153uvre, sur la base du \u00abKnowledge Management Economy\u00bb, un nouveau mod\u00e8le de d\u00e9veloppement socio-\u00e9conomique adapt\u00e9 \u00e0 la r\u00e9gion du nord-ouest.<\/p>\n<p>L\u2019objectif strat\u00e9gique est de cr\u00e9er les conditions de restructuration et de transformation profonde de l\u2019\u00e9conomie du nord-ouest \u00e0 travers l\u2019am\u00e9lioration des comp\u00e9tences technologiques et de gestion des exploitations agricoles et l\u2019introduction de nouveaux produits \u00e0 haute valeur ajout\u00e9e \u00e0 l\u2019export.<\/p>\n<p>Pour Tahar Ben Lakhdar, ce p\u00f4le de comp\u00e9titivit\u00e9 \u00e0 forte employabilit\u00e9 d\u00e9velopp\u00e9 dans le cadre d\u2019un partenariat public\/priv\u00e9 (PPP) devrait mettre la technologie au service de l\u2019agriculture, d\u2019accro\u00eetre le chiffre d\u2019affaires agricole, de cr\u00e9er \u00e0 terme 24.000 nouveaux emplois dont un bon pourcentage d\u2019ing\u00e9nieurs et de gestionnaires qualifi\u00e9s et de mettre \u00e0 profit le savoir-faire de l\u2019universit\u00e9 Esprit et son partenariat avec les universit\u00e9s pour accueillir une forte communaut\u00e9 d\u2019\u00e9tudiants.<br \/>\nDans le cadre de la r\u00e9alisation de projet, un contrat pour la r\u00e9alisation des \u00e9tudes du projet a \u00e9t\u00e9 sign\u00e9, vendredi 27 janvier, au si\u00e8ge du gouvernorat de B\u00e9ja, entre la soci\u00e9t\u00e9 Jinane Medjerda et un bureau d\u2019\u00e9tudes.<\/p>\n<p>Le co\u00fbt des \u00e9tudes qui seront financ\u00e9s par un don du Fonds arabe pour le d\u00e9veloppement \u00e9conomique et social (Fades) est \u00e9valu\u00e9 \u00e0 1,6 million de dinars tunisiens (MDT).<\/p>\n<p>La r\u00e9alisation de projet co\u00fbtera 2 milliards de dinars : 50% financ\u00e9s par le priv\u00e9 et le reste r\u00e9parti entre le Fonds des d\u00e9p\u00f4ts et consignations et le Conseil r\u00e9gional.<\/p>\n<p>Les \u00e9tudes devront \u00eatre r\u00e9alis\u00e9es en 2017 pour entrer en ex\u00e9cution en 2018. Certaines composantes du projet entreront en service dans 5 ans. Il s\u2019agit notamment d\u2019un p\u00f4le agricole et de production d\u2019\u00e9nergie verte.<\/p>\n<p>Les autres composantes seront r\u00e9alis\u00e9es dans un d\u00e9lai de 10 \u00e0 20 ans (centre commercial et touristique, ville universitaire\u2026).<\/p>\n<p>Le village d\u2019Oued Zarga a \u00e9t\u00e9 choisi pour abriter ce projet, pour ses paysages naturels et pour sa proximit\u00e9 de la ligne de chemin de fer, de l\u2019autoroute, du r\u00e9seau de gaz naturel, du barrage Sidi Salem, ainsi que de l\u2019Alg\u00e9rie et de Tunis, a soulign\u00e9 dans une d\u00e9claration \u00e0 Tap, le Pdg de la soci\u00e9t\u00e9 Jinane Medjerda, Belgacem Mezni.<\/p>\n<p>Ce projet aura des retomb\u00e9es positives sur le d\u00e9veloppement dans la r\u00e9gion de B\u00e9ja d\u2019autant plus qu\u2019il attirera 30.000 nouveaux habitants dont 10.000 \u00e9tudiants, a encore pr\u00e9cis\u00e9 M. Mezni.<\/p>\n<p style=\"text-align: right;\"><strong>I. B. <\/strong><\/p>\n","protected":false},"excerpt":{"rendered":"<p>Zied Ladhari a rencontr\u00e9, mardi 31 octobre 2017, les promoteurs du projet Jinane Medjerda, qui devrait \u00eatre cr\u00e9\u00e9 \u00e0 Oued Zarga, \u00e0 B\u00e9ja.<\/p>\n","protected":false},"author":8,"featured_media":121350,"comment_status":"open","ping_status":"open","sticky":false,"template":"","format":"standard","meta":{"footnotes":""},"categories":[995,2433],"tags":[136,5180],"class_list":["post-121347","post","type-post","status-publish","format-standard","has-post-thumbnail","hentry","category-economie","category-tunisie","tag-beja","tag-zied-ladhari"],"yoast_head":"<!-- This site is optimized with the Yoast SEO plugin v26.6 - https:\/\/yoast.com\/wordpress\/plugins\/seo\/ -->\n<title>B\u00e9ja : Le m\u00e9gaprojet Jinane Medjerda ressort des cartons - Kapitalis<\/title>\n<meta name=\"robots\" content=\"index, follow, max-snippet:-1, max-image-preview:large, max-video-preview:-1\" \/>\n<link rel=\"canonical\" href=\"https:\/\/kapitalis.com\/tunisie\/2017\/11\/01\/beja-le-megaprojet-jinane-medjerda-ressort-des-cartons\/\" \/>\n<meta property=\"og:locale\" content=\"fr_FR\" \/>\n<meta property=\"og:type\" content=\"article\" \/>\n<meta property=\"og:title\" content=\"B\u00e9ja : Le m\u00e9gaprojet Jinane Medjerda ressort des cartons - Kapitalis\" \/>\n<meta property=\"og:description\" content=\"Zied Ladhari a rencontr\u00e9, mardi 31 octobre 2017, les promoteurs du projet Jinane Medjerda, qui devrait \u00eatre cr\u00e9\u00e9 \u00e0 Oued Zarga, \u00e0 B\u00e9ja.\" \/>\n<meta property=\"og:url\" content=\"https:\/\/kapitalis.com\/tunisie\/2017\/11\/01\/beja-le-megaprojet-jinane-medjerda-ressort-des-cartons\/\" \/>\n<meta property=\"og:site_name\" content=\"Kapitalis\" \/>\n<meta property=\"article:publisher\" content=\"https:\/\/www.facebook.com\/KapitalisInfo\/\" \/>\n<meta property=\"article:published_time\" content=\"2017-11-01T09:36:43+00:00\" \/>\n<meta property=\"og:image\" content=\"https:\/\/kapitalis.com\/tunisie\/wp-content\/uploads\/2022\/05\/kapitalis-logo-fb.png\" \/>\n\t<meta property=\"og:image:width\" content=\"1200\" \/>\n\t<meta property=\"og:image:height\" content=\"630\" \/>\n\t<meta property=\"og:image:type\" content=\"image\/png\" \/>\n<meta name=\"author\" content=\"webmaster kapitalis\" \/>\n<meta name=\"twitter:card\" content=\"summary_large_image\" \/>\n<meta name=\"twitter:creator\" content=\"@KapitalisInfo\" \/>\n<meta name=\"twitter:site\" content=\"@KapitalisInfo\" \/>\n<meta name=\"twitter:label1\" content=\"\u00c9crit par\" \/>\n\t<meta name=\"twitter:data1\" content=\"webmaster kapitalis\" \/>\n\t<meta name=\"twitter:label2\" content=\"Dur\u00e9e de lecture estim\u00e9e\" \/>\n\t<meta name=\"twitter:data2\" content=\"3 minutes\" \/>\n<script type=\"application\/ld+json\" class=\"yoast-schema-graph\">{\"@context\":\"https:\/\/schema.org\",\"@graph\":[{\"@type\":\"Article\",\"@id\":\"https:\/\/kapitalis.com\/tunisie\/2017\/11\/01\/beja-le-megaprojet-jinane-medjerda-ressort-des-cartons\/#article\",\"isPartOf\":{\"@id\":\"https:\/\/kapitalis.com\/tunisie\/2017\/11\/01\/beja-le-megaprojet-jinane-medjerda-ressort-des-cartons\/\"},\"author\":{\"name\":\"webmaster kapitalis\",\"@id\":\"https:\/\/kapitalis.com\/tunisie\/#\/schema\/person\/d71f33a9ca44f7bad4698210b480c8e9\"},\"headline\":\"B\u00e9ja : Le m\u00e9gaprojet Jinane Medjerda ressort des cartons\",\"datePublished\":\"2017-11-01T09:36:43+00:00\",\"mainEntityOfPage\":{\"@id\":\"https:\/\/kapitalis.com\/tunisie\/2017\/11\/01\/beja-le-megaprojet-jinane-medjerda-ressort-des-cartons\/\"},\"wordCount\":650,\"commentCount\":2,\"publisher\":{\"@id\":\"https:\/\/kapitalis.com\/tunisie\/#organization\"},\"image\":{\"@id\":\"https:\/\/kapitalis.com\/tunisie\/2017\/11\/01\/beja-le-megaprojet-jinane-medjerda-ressort-des-cartons\/#primaryimage\"},\"thumbnailUrl\":\"\",\"keywords\":[\"B\u00e9ja\",\"Zied Ladhari\"],\"articleSection\":[\"ECONOMIE\",\"Tunisie\"],\"inLanguage\":\"fr-FR\",\"potentialAction\":[{\"@type\":\"CommentAction\",\"name\":\"Comment\",\"target\":[\"https:\/\/kapitalis.com\/tunisie\/2017\/11\/01\/beja-le-megaprojet-jinane-medjerda-ressort-des-cartons\/#respond\"]}]},{\"@type\":\"WebPage\",\"@id\":\"https:\/\/kapitalis.com\/tunisie\/2017\/11\/01\/beja-le-megaprojet-jinane-medjerda-ressort-des-cartons\/\",\"url\":\"https:\/\/kapitalis.com\/tunisie\/2017\/11\/01\/beja-le-megaprojet-jinane-medjerda-ressort-des-cartons\/\",\"name\":\"B\u00e9ja : Le m\u00e9gaprojet Jinane Medjerda ressort des cartons - Kapitalis\",\"isPartOf\":{\"@id\":\"https:\/\/kapitalis.com\/tunisie\/#website\"},\"primaryImageOfPage\":{\"@id\":\"https:\/\/kapitalis.com\/tunisie\/2017\/11\/01\/beja-le-megaprojet-jinane-medjerda-ressort-des-cartons\/#primaryimage\"},\"image\":{\"@id\":\"https:\/\/kapitalis.com\/tunisie\/2017\/11\/01\/beja-le-megaprojet-jinane-medjerda-ressort-des-cartons\/#primaryimage\"},\"thumbnailUrl\":\"\",\"datePublished\":\"2017-11-01T09:36:43+00:00\",\"breadcrumb\":{\"@id\":\"https:\/\/kapitalis.com\/tunisie\/2017\/11\/01\/beja-le-megaprojet-jinane-medjerda-ressort-des-cartons\/#breadcrumb\"},\"inLanguage\":\"fr-FR\",\"potentialAction\":[{\"@type\":\"ReadAction\",\"target\":[\"https:\/\/kapitalis.com\/tunisie\/2017\/11\/01\/beja-le-megaprojet-jinane-medjerda-ressort-des-cartons\/\"]}]},{\"@type\":\"ImageObject\",\"inLanguage\":\"fr-FR\",\"@id\":\"https:\/\/kapitalis.com\/tunisie\/2017\/11\/01\/beja-le-megaprojet-jinane-medjerda-ressort-des-cartons\/#primaryimage\",\"url\":\"\",\"contentUrl\":\"\"},{\"@type\":\"BreadcrumbList\",\"@id\":\"https:\/\/kapitalis.com\/tunisie\/2017\/11\/01\/beja-le-megaprojet-jinane-medjerda-ressort-des-cartons\/#breadcrumb\",\"itemListElement\":[{\"@type\":\"ListItem\",\"position\":1,\"name\":\"Accueil\",\"item\":\"https:\/\/kapitalis.com\/tunisie\/\"},{\"@type\":\"ListItem\",\"position\":2,\"name\":\"B\u00e9ja : Le m\u00e9gaprojet Jinane Medjerda ressort des cartons\"}]},{\"@type\":\"WebSite\",\"@id\":\"https:\/\/kapitalis.com\/tunisie\/#website\",\"url\":\"https:\/\/kapitalis.com\/tunisie\/\",\"name\":\"Kapitalis\",\"description\":\"L&#039;actualit\u00e9 en Tunisie et dans le monde\",\"publisher\":{\"@id\":\"https:\/\/kapitalis.com\/tunisie\/#organization\"},\"potentialAction\":[{\"@type\":\"SearchAction\",\"target\":{\"@type\":\"EntryPoint\",\"urlTemplate\":\"https:\/\/kapitalis.com\/tunisie\/?s={search_term_string}\"},\"query-input\":{\"@type\":\"PropertyValueSpecification\",\"valueRequired\":true,\"valueName\":\"search_term_string\"}}],\"inLanguage\":\"fr-FR\"},{\"@type\":\"Organization\",\"@id\":\"https:\/\/kapitalis.com\/tunisie\/#organization\",\"name\":\"Kapitalis\",\"url\":\"https:\/\/kapitalis.com\/tunisie\/\",\"logo\":{\"@type\":\"ImageObject\",\"inLanguage\":\"fr-FR\",\"@id\":\"https:\/\/kapitalis.com\/tunisie\/#\/schema\/logo\/image\/\",\"url\":\"https:\/\/kapitalis.com\/tunisie\/wp-content\/uploads\/2022\/05\/Kapitalis-big-size.png\",\"contentUrl\":\"https:\/\/kapitalis.com\/tunisie\/wp-content\/uploads\/2022\/05\/Kapitalis-big-size.png\",\"width\":5000,\"height\":1500,\"caption\":\"Kapitalis\"},\"image\":{\"@id\":\"https:\/\/kapitalis.com\/tunisie\/#\/schema\/logo\/image\/\"},\"sameAs\":[\"https:\/\/www.facebook.com\/KapitalisInfo\/\",\"https:\/\/x.com\/KapitalisInfo\",\"https:\/\/www.youtube.com\/channel\/UC-yDYrHyfFBWWZaOw3FPg9Q\"]},{\"@type\":\"Person\",\"@id\":\"https:\/\/kapitalis.com\/tunisie\/#\/schema\/person\/d71f33a9ca44f7bad4698210b480c8e9\",\"name\":\"webmaster kapitalis\",\"url\":\"https:\/\/kapitalis.com\/tunisie\/author\/webmaster-kapitalis\/\"}]}<\/script>\n<!-- \/ Yoast SEO plugin. -->","yoast_head_json":{"title":"B\u00e9ja : Le m\u00e9gaprojet Jinane Medjerda ressort des cartons - Kapitalis","robots":{"index":"index","follow":"follow","max-snippet":"max-snippet:-1","max-image-preview":"max-image-preview:large","max-video-preview":"max-video-preview:-1"},"canonical":"https:\/\/kapitalis.com\/tunisie\/2017\/11\/01\/beja-le-megaprojet-jinane-medjerda-ressort-des-cartons\/","og_locale":"fr_FR","og_type":"article","og_title":"B\u00e9ja : Le m\u00e9gaprojet Jinane Medjerda ressort des cartons - Kapitalis","og_description":"Zied Ladhari a rencontr\u00e9, mardi 31 octobre 2017, les promoteurs du projet Jinane Medjerda, qui devrait \u00eatre cr\u00e9\u00e9 \u00e0 Oued Zarga, \u00e0 B\u00e9ja.","og_url":"https:\/\/kapitalis.com\/tunisie\/2017\/11\/01\/beja-le-megaprojet-jinane-medjerda-ressort-des-cartons\/","og_site_name":"Kapitalis","article_publisher":"https:\/\/www.facebook.com\/KapitalisInfo\/","article_published_time":"2017-11-01T09:36:43+00:00","og_image":[{"width":1200,"height":630,"url":"https:\/\/kapitalis.com\/tunisie\/wp-content\/uploads\/2022\/05\/kapitalis-logo-fb.png","type":"image\/png"}],"author":"webmaster kapitalis","twitter_card":"summary_large_image","twitter_creator":"@KapitalisInfo","twitter_site":"@KapitalisInfo","twitter_misc":{"\u00c9crit par":"webmaster kapitalis","Dur\u00e9e de lecture estim\u00e9e":"3 minutes"},"schema":{"@context":"https:\/\/schema.org","@graph":[{"@type":"Article","@id":"https:\/\/kapitalis.com\/tunisie\/2017\/11\/01\/beja-le-megaprojet-jinane-medjerda-ressort-des-cartons\/#article","isPartOf":{"@id":"https:\/\/kapitalis.com\/tunisie\/2017\/11\/01\/beja-le-megaprojet-jinane-medjerda-ressort-des-cartons\/"},"author":{"name":"webmaster kapitalis","@id":"https:\/\/kapitalis.com\/tunisie\/#\/schema\/person\/d71f33a9ca44f7bad4698210b480c8e9"},"headline":"B\u00e9ja : Le m\u00e9gaprojet Jinane Medjerda ressort des cartons","datePublished":"2017-11-01T09:36:43+00:00","mainEntityOfPage":{"@id":"https:\/\/kapitalis.com\/tunisie\/2017\/11\/01\/beja-le-megaprojet-jinane-medjerda-ressort-des-cartons\/"},"wordCount":650,"commentCount":2,"publisher":{"@id":"https:\/\/kapitalis.com\/tunisie\/#organization"},"image":{"@id":"https:\/\/kapitalis.com\/tunisie\/2017\/11\/01\/beja-le-megaprojet-jinane-medjerda-ressort-des-cartons\/#primaryimage"},"thumbnailUrl":"","keywords":["B\u00e9ja","Zied Ladhari"],"articleSection":["ECONOMIE","Tunisie"],"inLanguage":"fr-FR","potentialAction":[{"@type":"CommentAction","name":"Comment","target":["https:\/\/kapitalis.com\/tunisie\/2017\/11\/01\/beja-le-megaprojet-jinane-medjerda-ressort-des-cartons\/#respond"]}]},{"@type":"WebPage","@id":"https:\/\/kapitalis.com\/tunisie\/2017\/11\/01\/beja-le-megaprojet-jinane-medjerda-ressort-des-cartons\/","url":"https:\/\/kapitalis.com\/tunisie\/2017\/11\/01\/beja-le-megaprojet-jinane-medjerda-ressort-des-cartons\/","name":"B\u00e9ja : Le m\u00e9gaprojet Jinane Medjerda ressort des cartons - Kapitalis","isPartOf":{"@id":"https:\/\/kapitalis.com\/tunisie\/#website"},"primaryImageOfPage":{"@id":"https:\/\/kapitalis.com\/tunisie\/2017\/11\/01\/beja-le-megaprojet-jinane-medjerda-ressort-des-cartons\/#primaryimage"},"image":{"@id":"https:\/\/kapitalis.com\/tunisie\/2017\/11\/01\/beja-le-megaprojet-jinane-medjerda-ressort-des-cartons\/#primaryimage"},"thumbnailUrl":"","datePublished":"2017-11-01T09:36:43+00:00","breadcrumb":{"@id":"https:\/\/kapitalis.com\/tunisie\/2017\/11\/01\/beja-le-megaprojet-jinane-medjerda-ressort-des-cartons\/#breadcrumb"},"inLanguage":"fr-FR","potentialAction":[{"@type":"ReadAction","target":["https:\/\/kapitalis.com\/tunisie\/2017\/11\/01\/beja-le-megaprojet-jinane-medjerda-ressort-des-cartons\/"]}]},{"@type":"ImageObject","inLanguage":"fr-FR","@id":"https:\/\/kapitalis.com\/tunisie\/2017\/11\/01\/beja-le-megaprojet-jinane-medjerda-ressort-des-cartons\/#primaryimage","url":"","contentUrl":""},{"@type":"BreadcrumbList","@id":"https:\/\/kapitalis.com\/tunisie\/2017\/11\/01\/beja-le-megaprojet-jinane-medjerda-ressort-des-cartons\/#breadcrumb","itemListElement":[{"@type":"ListItem","position":1,"name":"Accueil","item":"https:\/\/kapitalis.com\/tunisie\/"},{"@type":"ListItem","position":2,"name":"B\u00e9ja : Le m\u00e9gaprojet Jinane Medjerda ressort des cartons"}]},{"@type":"WebSite","@id":"https:\/\/kapitalis.com\/tunisie\/#website","url":"https:\/\/kapitalis.com\/tunisie\/","name":"Kapitalis","description":"L&#039;actualit\u00e9 en Tunisie et dans le monde","publisher":{"@id":"https:\/\/kapitalis.com\/tunisie\/#organization"},"potentialAction":[{"@type":"SearchAction","target":{"@type":"EntryPoint","urlTemplate":"https:\/\/kapitalis.com\/tunisie\/?s={search_term_string}"},"query-input":{"@type":"PropertyValueSpecification","valueRequired":true,"valueName":"search_term_string"}}],"inLanguage":"fr-FR"},{"@type":"Organization","@id":"https:\/\/kapitalis.com\/tunisie\/#organization","name":"Kapitalis","url":"https:\/\/kapitalis.com\/tunisie\/","logo":{"@type":"ImageObject","inLanguage":"fr-FR","@id":"https:\/\/kapitalis.com\/tunisie\/#\/schema\/logo\/image\/","url":"https:\/\/kapitalis.com\/tunisie\/wp-content\/uploads\/2022\/05\/Kapitalis-big-size.png","contentUrl":"https:\/\/kapitalis.com\/tunisie\/wp-content\/uploads\/2022\/05\/Kapitalis-big-size.png","width":5000,"height":1500,"caption":"Kapitalis"},"image":{"@id":"https:\/\/kapitalis.com\/tunisie\/#\/schema\/logo\/image\/"},"sameAs":["https:\/\/www.facebook.com\/KapitalisInfo\/","https:\/\/x.com\/KapitalisInfo","https:\/\/www.youtube.com\/channel\/UC-yDYrHyfFBWWZaOw3FPg9Q"]},{"@type":"Person","@id":"https:\/\/kapitalis.com\/tunisie\/#\/schema\/person\/d71f33a9ca44f7bad4698210b480c8e9","name":"webmaster kapitalis","url":"https:\/\/kapitalis.com\/tunisie\/author\/webmaster-kapitalis\/"}]}},"_links":{"self":[{"href":"https:\/\/kapitalis.com\/tunisie\/wp-json\/wp\/v2\/posts\/121347","targetHints":{"allow":["GET"]}}],"collection":[{"href":"https:\/\/kapitalis.com\/tunisie\/wp-json\/wp\/v2\/posts"}],"about":[{"href":"https:\/\/kapitalis.com\/tunisie\/wp-json\/wp\/v2\/types\/post"}],"author":[{"embeddable":true,"href":"https:\/\/kapitalis.com\/tunisie\/wp-json\/wp\/v2\/users\/8"}],"replies":[{"embeddable":true,"href":"https:\/\/kapitalis.com\/tunisie\/wp-json\/wp\/v2\/comments?post=121347"}],"version-history":[{"count":0,"href":"https:\/\/kapitalis.com\/tunisie\/wp-json\/wp\/v2\/posts\/121347\/revisions"}],"wp:featuredmedia":[{"embeddable":true,"href":"https:\/\/kapitalis.com\/tunisie\/wp-json\/wp\/v2\/media\/121350"}],"wp:attachment":[{"href":"https:\/\/kapitalis.com\/tunisie\/wp-json\/wp\/v2\/media?parent=121347"}],"wp:term":[{"taxonomy":"category","embeddable":true,"href":"https:\/\/kapitalis.com\/tunisie\/wp-json\/wp\/v2\/categories?post=121347"},{"taxonomy":"post_tag","embeddable":true,"href":"https:\/\/kapitalis.com\/tunisie\/wp-json\/wp\/v2\/tags?post=121347"}],"curies":[{"name":"wp","href":"https:\/\/api.w.org\/{rel}","templated":true}]}}