{"id":121387,"date":"2017-11-01T13:26:42","date_gmt":"2017-11-01T12:26:42","guid":{"rendered":"http:\/\/kapitalis.com\/tunisie\/?p=121387"},"modified":"2017-11-01T14:37:12","modified_gmt":"2017-11-01T13:37:12","slug":"attaque-du-bardo-la-police-interroge-la-famille-de-lauteur","status":"publish","type":"post","link":"https:\/\/kapitalis.com\/tunisie\/2017\/11\/01\/attaque-du-bardo-la-police-interroge-la-famille-de-lauteur\/","title":{"rendered":"Attaque du Bardo : La police interroge la famille de l&rsquo;auteur"},"content":{"rendered":"<p style=\"text-align: center;\"><img loading=\"lazy\" decoding=\"async\" class=\"alignnone size-full wp-image-77594\" src=\"http:\/\/kapitalis.com\/tunisie\/wp-content\/uploads\/2017\/01\/Cite-Ettadhamen.jpg\" alt=\"\" width=\"626\" height=\"380\" \/><\/p>\n<p style=\"text-align: center;\"><em>Photo d&rsquo;archives.<\/em><\/p>\n<p><em><strong>La police a effectu\u00e9 aujourd&rsquo;hui, mercredi 1er novembre 2017, une descente dans la maison de l&rsquo;auteur de l&rsquo;attaque au couteau contre deux policiers au Bardo.<\/strong><\/em><!--more--><\/p>\n<p>Selon <a href=\"https:\/\/www.mosaiquefm.net\/ar\/%D8%AA%D9%88%D9%86%D8%B3-%D8%A3%D8%AE%D8%A8%D8%A7%D8%B1-%D9%88%D8%B7%D9%86%D9%8A%D8%A9\/229346\/%D8%A3%D9%87%D8%A7%D9%84%D9%8A-%D8%AD%D9%8A-%D8%A7%D9%84%D8%AA%D8%B6%D8%A7%D9%85%D9%86-%D9%8A%D9%85%D9%86%D8%B9%D9%88%D9%86-%D9%82%D9%88%D8%A7%D8%AA-%D8%A7%D9%84%D8%A3%D9%85%D9%86-%D9%85%D9%86-%D8%A7%D9%84%D9%88%D8%B5%D9%88%D9%84-%D9%84%D9%85%D9%86%D8%B2%D9%84-%D9%85%D9%86%D9%81%D8%B0-%D8%A7%D8%B9%D8%AA%D8%AF%D8%A7%D8%A1-%D8%A8%D8%A7%D8%B1%D8%AF%D9%88\">Mosa\u00efque FM<\/a>, un groupe de salafistes, habitants \u00e0 la cit\u00e9 18-Janvier, de la Cit\u00e9 Ettadhamen, \u00e0 Tunis, ont jet\u00e9 des pierres aux unit\u00e9s s\u00e9curitaires pour les emp\u00eacher de se rendre au domicile du takfiriste Zied Gharbi, \u00e2g\u00e9 de 25 ans, auteur de cette attaque au couteau.<\/p>\n<p>La police a finalement r\u00e9ussi \u00e0 conduire les membres de la famille de l&rsquo;auteur de l&rsquo;attaque devant l&rsquo;unit\u00e9 de lutte contre le terrorisme d&rsquo;El-Gorjani o\u00f9 ils devront \u00eatre entendus.<\/p>\n<p style=\"text-align: right;\"><strong>E. B. A.<\/strong><\/p>\n<blockquote class=\"wp-embedded-content\" data-secret=\"zwk6dIqBec\"><p><a href=\"https:\/\/kapitalis.com\/tunisie\/2017\/11\/01\/bardo-un-takfiriste-attaque-deux-policiers-avec-un-couteau\/\">Bardo : Un takfiriste attaque deux policiers avec un couteau<\/a><\/p><\/blockquote>\n<p><iframe loading=\"lazy\" class=\"wp-embedded-content\" sandbox=\"allow-scripts\" security=\"restricted\" style=\"position: absolute; clip: rect(1px, 1px, 1px, 1px);\" title=\"\u00ab\u00a0Bardo : Un takfiriste attaque deux policiers avec un couteau\u00a0\u00bb &#8212; Kapitalis\" src=\"https:\/\/kapitalis.com\/tunisie\/2017\/11\/01\/bardo-un-takfiriste-attaque-deux-policiers-avec-un-couteau\/embed\/#?secret=hqd7biK5qA#?secret=zwk6dIqBec\" data-secret=\"zwk6dIqBec\" width=\"600\" height=\"338\" frameborder=\"0\" marginwidth=\"0\" marginheight=\"0\" scrolling=\"no\"><\/iframe><\/p>\n<p>&nbsp;<\/p>\n","protected":false},"excerpt":{"rendered":"<p>Photo d&rsquo;archives. La police a effectu\u00e9 aujourd&rsquo;hui, mercredi 1er novembre 2017, une descente dans la maison de l&rsquo;auteur de l&rsquo;attaque au couteau contre deux policiers au Bardo.<\/p>\n","protected":false},"author":16,"featured_media":0,"comment_status":"open","ping_status":"open","sticky":false,"template":"","format":"standard","meta":{"footnotes":""},"categories":[998,2433],"tags":[3589,38473],"class_list":["post-121387","post","type-post","status-publish","format-standard","hentry","category-societe","category-tunisie","tag-cite-ettadhamen","tag-zied-gharbi"],"yoast_head":"<!-- This site is optimized with the Yoast SEO plugin v26.6 - https:\/\/yoast.com\/wordpress\/plugins\/seo\/ -->\n<title>Attaque du Bardo : La police interroge la famille de l&#039;auteur - Kapitalis<\/title>\n<meta name=\"robots\" content=\"index, follow, max-snippet:-1, max-image-preview:large, max-video-preview:-1\" \/>\n<link rel=\"canonical\" href=\"https:\/\/kapitalis.com\/tunisie\/2017\/11\/01\/attaque-du-bardo-la-police-interroge-la-famille-de-lauteur\/\" \/>\n<meta property=\"og:locale\" content=\"fr_FR\" \/>\n<meta property=\"og:type\" content=\"article\" \/>\n<meta property=\"og:title\" content=\"Attaque du Bardo : La police interroge la famille de l&#039;auteur - Kapitalis\" \/>\n<meta property=\"og:description\" content=\"Photo d&rsquo;archives. La police a effectu\u00e9 aujourd&rsquo;hui, mercredi 1er novembre 2017, une descente dans la maison de l&rsquo;auteur de l&rsquo;attaque au couteau contre deux policiers au Bardo.\" \/>\n<meta property=\"og:url\" content=\"https:\/\/kapitalis.com\/tunisie\/2017\/11\/01\/attaque-du-bardo-la-police-interroge-la-famille-de-lauteur\/\" \/>\n<meta property=\"og:site_name\" content=\"Kapitalis\" \/>\n<meta property=\"article:publisher\" content=\"https:\/\/www.facebook.com\/KapitalisInfo\/\" \/>\n<meta property=\"article:published_time\" content=\"2017-11-01T12:26:42+00:00\" \/>\n<meta property=\"article:modified_time\" content=\"2017-11-01T13:37:12+00:00\" \/>\n<meta property=\"og:image\" content=\"http:\/\/kapitalis.com\/tunisie\/wp-content\/uploads\/2017\/01\/Cite-Ettadhamen.jpg\" \/>\n<meta name=\"author\" content=\"emna benabdallah\" \/>\n<meta name=\"twitter:card\" content=\"summary_large_image\" \/>\n<meta name=\"twitter:creator\" content=\"@KapitalisInfo\" \/>\n<meta name=\"twitter:site\" content=\"@KapitalisInfo\" \/>\n<meta name=\"twitter:label1\" content=\"\u00c9crit par\" \/>\n\t<meta name=\"twitter:data1\" content=\"emna benabdallah\" \/>\n\t<meta name=\"twitter:label2\" content=\"Dur\u00e9e de lecture estim\u00e9e\" \/>\n\t<meta name=\"twitter:data2\" content=\"1 minute\" \/>\n<script type=\"application\/ld+json\" class=\"yoast-schema-graph\">{\"@context\":\"https:\/\/schema.org\",\"@graph\":[{\"@type\":\"Article\",\"@id\":\"https:\/\/kapitalis.com\/tunisie\/2017\/11\/01\/attaque-du-bardo-la-police-interroge-la-famille-de-lauteur\/#article\",\"isPartOf\":{\"@id\":\"https:\/\/kapitalis.com\/tunisie\/2017\/11\/01\/attaque-du-bardo-la-police-interroge-la-famille-de-lauteur\/\"},\"author\":{\"name\":\"emna benabdallah\",\"@id\":\"https:\/\/kapitalis.com\/tunisie\/#\/schema\/person\/2c6e134b2f3369dffcd1daf5f087d28b\"},\"headline\":\"Attaque du Bardo : La police interroge la famille de l&rsquo;auteur\",\"datePublished\":\"2017-11-01T12:26:42+00:00\",\"dateModified\":\"2017-11-01T13:37:12+00:00\",\"mainEntityOfPage\":{\"@id\":\"https:\/\/kapitalis.com\/tunisie\/2017\/11\/01\/attaque-du-bardo-la-police-interroge-la-famille-de-lauteur\/\"},\"wordCount\":122,\"commentCount\":1,\"publisher\":{\"@id\":\"https:\/\/kapitalis.com\/tunisie\/#organization\"},\"image\":{\"@id\":\"https:\/\/kapitalis.com\/tunisie\/2017\/11\/01\/attaque-du-bardo-la-police-interroge-la-famille-de-lauteur\/#primaryimage\"},\"thumbnailUrl\":\"http:\/\/kapitalis.com\/tunisie\/wp-content\/uploads\/2017\/01\/Cite-Ettadhamen.jpg\",\"keywords\":[\"Cit\u00e9 Ettadhamen\",\"Zied Gharbi\"],\"articleSection\":[\"SOCIETE\",\"Tunisie\"],\"inLanguage\":\"fr-FR\",\"potentialAction\":[{\"@type\":\"CommentAction\",\"name\":\"Comment\",\"target\":[\"https:\/\/kapitalis.com\/tunisie\/2017\/11\/01\/attaque-du-bardo-la-police-interroge-la-famille-de-lauteur\/#respond\"]}]},{\"@type\":\"WebPage\",\"@id\":\"https:\/\/kapitalis.com\/tunisie\/2017\/11\/01\/attaque-du-bardo-la-police-interroge-la-famille-de-lauteur\/\",\"url\":\"https:\/\/kapitalis.com\/tunisie\/2017\/11\/01\/attaque-du-bardo-la-police-interroge-la-famille-de-lauteur\/\",\"name\":\"Attaque du Bardo : La police interroge la famille de l'auteur - Kapitalis\",\"isPartOf\":{\"@id\":\"https:\/\/kapitalis.com\/tunisie\/#website\"},\"primaryImageOfPage\":{\"@id\":\"https:\/\/kapitalis.com\/tunisie\/2017\/11\/01\/attaque-du-bardo-la-police-interroge-la-famille-de-lauteur\/#primaryimage\"},\"image\":{\"@id\":\"https:\/\/kapitalis.com\/tunisie\/2017\/11\/01\/attaque-du-bardo-la-police-interroge-la-famille-de-lauteur\/#primaryimage\"},\"thumbnailUrl\":\"http:\/\/kapitalis.com\/tunisie\/wp-content\/uploads\/2017\/01\/Cite-Ettadhamen.jpg\",\"datePublished\":\"2017-11-01T12:26:42+00:00\",\"dateModified\":\"2017-11-01T13:37:12+00:00\",\"breadcrumb\":{\"@id\":\"https:\/\/kapitalis.com\/tunisie\/2017\/11\/01\/attaque-du-bardo-la-police-interroge-la-famille-de-lauteur\/#breadcrumb\"},\"inLanguage\":\"fr-FR\",\"potentialAction\":[{\"@type\":\"ReadAction\",\"target\":[\"https:\/\/kapitalis.com\/tunisie\/2017\/11\/01\/attaque-du-bardo-la-police-interroge-la-famille-de-lauteur\/\"]}]},{\"@type\":\"ImageObject\",\"inLanguage\":\"fr-FR\",\"@id\":\"https:\/\/kapitalis.com\/tunisie\/2017\/11\/01\/attaque-du-bardo-la-police-interroge-la-famille-de-lauteur\/#primaryimage\",\"url\":\"http:\/\/kapitalis.com\/tunisie\/wp-content\/uploads\/2017\/01\/Cite-Ettadhamen.jpg\",\"contentUrl\":\"http:\/\/kapitalis.com\/tunisie\/wp-content\/uploads\/2017\/01\/Cite-Ettadhamen.jpg\"},{\"@type\":\"BreadcrumbList\",\"@id\":\"https:\/\/kapitalis.com\/tunisie\/2017\/11\/01\/attaque-du-bardo-la-police-interroge-la-famille-de-lauteur\/#breadcrumb\",\"itemListElement\":[{\"@type\":\"ListItem\",\"position\":1,\"name\":\"Accueil\",\"item\":\"https:\/\/kapitalis.com\/tunisie\/\"},{\"@type\":\"ListItem\",\"position\":2,\"name\":\"Attaque du Bardo : La police interroge la famille de l&rsquo;auteur\"}]},{\"@type\":\"WebSite\",\"@id\":\"https:\/\/kapitalis.com\/tunisie\/#website\",\"url\":\"https:\/\/kapitalis.com\/tunisie\/\",\"name\":\"Kapitalis\",\"description\":\"L&#039;actualit\u00e9 en Tunisie et dans le monde\",\"publisher\":{\"@id\":\"https:\/\/kapitalis.com\/tunisie\/#organization\"},\"potentialAction\":[{\"@type\":\"SearchAction\",\"target\":{\"@type\":\"EntryPoint\",\"urlTemplate\":\"https:\/\/kapitalis.com\/tunisie\/?s={search_term_string}\"},\"query-input\":{\"@type\":\"PropertyValueSpecification\",\"valueRequired\":true,\"valueName\":\"search_term_string\"}}],\"inLanguage\":\"fr-FR\"},{\"@type\":\"Organization\",\"@id\":\"https:\/\/kapitalis.com\/tunisie\/#organization\",\"name\":\"Kapitalis\",\"url\":\"https:\/\/kapitalis.com\/tunisie\/\",\"logo\":{\"@type\":\"ImageObject\",\"inLanguage\":\"fr-FR\",\"@id\":\"https:\/\/kapitalis.com\/tunisie\/#\/schema\/logo\/image\/\",\"url\":\"https:\/\/kapitalis.com\/tunisie\/wp-content\/uploads\/2022\/05\/Kapitalis-big-size.png\",\"contentUrl\":\"https:\/\/kapitalis.com\/tunisie\/wp-content\/uploads\/2022\/05\/Kapitalis-big-size.png\",\"width\":5000,\"height\":1500,\"caption\":\"Kapitalis\"},\"image\":{\"@id\":\"https:\/\/kapitalis.com\/tunisie\/#\/schema\/logo\/image\/\"},\"sameAs\":[\"https:\/\/www.facebook.com\/KapitalisInfo\/\",\"https:\/\/x.com\/KapitalisInfo\",\"https:\/\/www.youtube.com\/channel\/UC-yDYrHyfFBWWZaOw3FPg9Q\"]},{\"@type\":\"Person\",\"@id\":\"https:\/\/kapitalis.com\/tunisie\/#\/schema\/person\/2c6e134b2f3369dffcd1daf5f087d28b\",\"name\":\"emna benabdallah\",\"url\":\"https:\/\/kapitalis.com\/tunisie\/author\/emna\/\"}]}<\/script>\n<!-- \/ Yoast SEO plugin. -->","yoast_head_json":{"title":"Attaque du Bardo : La police interroge la famille de l'auteur - Kapitalis","robots":{"index":"index","follow":"follow","max-snippet":"max-snippet:-1","max-image-preview":"max-image-preview:large","max-video-preview":"max-video-preview:-1"},"canonical":"https:\/\/kapitalis.com\/tunisie\/2017\/11\/01\/attaque-du-bardo-la-police-interroge-la-famille-de-lauteur\/","og_locale":"fr_FR","og_type":"article","og_title":"Attaque du Bardo : La police interroge la famille de l'auteur - Kapitalis","og_description":"Photo d&rsquo;archives. La police a effectu\u00e9 aujourd&rsquo;hui, mercredi 1er novembre 2017, une descente dans la maison de l&rsquo;auteur de l&rsquo;attaque au couteau contre deux policiers au Bardo.","og_url":"https:\/\/kapitalis.com\/tunisie\/2017\/11\/01\/attaque-du-bardo-la-police-interroge-la-famille-de-lauteur\/","og_site_name":"Kapitalis","article_publisher":"https:\/\/www.facebook.com\/KapitalisInfo\/","article_published_time":"2017-11-01T12:26:42+00:00","article_modified_time":"2017-11-01T13:37:12+00:00","og_image":[{"url":"http:\/\/kapitalis.com\/tunisie\/wp-content\/uploads\/2017\/01\/Cite-Ettadhamen.jpg","type":"","width":"","height":""}],"author":"emna benabdallah","twitter_card":"summary_large_image","twitter_creator":"@KapitalisInfo","twitter_site":"@KapitalisInfo","twitter_misc":{"\u00c9crit par":"emna benabdallah","Dur\u00e9e de lecture estim\u00e9e":"1 minute"},"schema":{"@context":"https:\/\/schema.org","@graph":[{"@type":"Article","@id":"https:\/\/kapitalis.com\/tunisie\/2017\/11\/01\/attaque-du-bardo-la-police-interroge-la-famille-de-lauteur\/#article","isPartOf":{"@id":"https:\/\/kapitalis.com\/tunisie\/2017\/11\/01\/attaque-du-bardo-la-police-interroge-la-famille-de-lauteur\/"},"author":{"name":"emna benabdallah","@id":"https:\/\/kapitalis.com\/tunisie\/#\/schema\/person\/2c6e134b2f3369dffcd1daf5f087d28b"},"headline":"Attaque du Bardo : La police interroge la famille de l&rsquo;auteur","datePublished":"2017-11-01T12:26:42+00:00","dateModified":"2017-11-01T13:37:12+00:00","mainEntityOfPage":{"@id":"https:\/\/kapitalis.com\/tunisie\/2017\/11\/01\/attaque-du-bardo-la-police-interroge-la-famille-de-lauteur\/"},"wordCount":122,"commentCount":1,"publisher":{"@id":"https:\/\/kapitalis.com\/tunisie\/#organization"},"image":{"@id":"https:\/\/kapitalis.com\/tunisie\/2017\/11\/01\/attaque-du-bardo-la-police-interroge-la-famille-de-lauteur\/#primaryimage"},"thumbnailUrl":"http:\/\/kapitalis.com\/tunisie\/wp-content\/uploads\/2017\/01\/Cite-Ettadhamen.jpg","keywords":["Cit\u00e9 Ettadhamen","Zied Gharbi"],"articleSection":["SOCIETE","Tunisie"],"inLanguage":"fr-FR","potentialAction":[{"@type":"CommentAction","name":"Comment","target":["https:\/\/kapitalis.com\/tunisie\/2017\/11\/01\/attaque-du-bardo-la-police-interroge-la-famille-de-lauteur\/#respond"]}]},{"@type":"WebPage","@id":"https:\/\/kapitalis.com\/tunisie\/2017\/11\/01\/attaque-du-bardo-la-police-interroge-la-famille-de-lauteur\/","url":"https:\/\/kapitalis.com\/tunisie\/2017\/11\/01\/attaque-du-bardo-la-police-interroge-la-famille-de-lauteur\/","name":"Attaque du Bardo : La police interroge la famille de l'auteur - Kapitalis","isPartOf":{"@id":"https:\/\/kapitalis.com\/tunisie\/#website"},"primaryImageOfPage":{"@id":"https:\/\/kapitalis.com\/tunisie\/2017\/11\/01\/attaque-du-bardo-la-police-interroge-la-famille-de-lauteur\/#primaryimage"},"image":{"@id":"https:\/\/kapitalis.com\/tunisie\/2017\/11\/01\/attaque-du-bardo-la-police-interroge-la-famille-de-lauteur\/#primaryimage"},"thumbnailUrl":"http:\/\/kapitalis.com\/tunisie\/wp-content\/uploads\/2017\/01\/Cite-Ettadhamen.jpg","datePublished":"2017-11-01T12:26:42+00:00","dateModified":"2017-11-01T13:37:12+00:00","breadcrumb":{"@id":"https:\/\/kapitalis.com\/tunisie\/2017\/11\/01\/attaque-du-bardo-la-police-interroge-la-famille-de-lauteur\/#breadcrumb"},"inLanguage":"fr-FR","potentialAction":[{"@type":"ReadAction","target":["https:\/\/kapitalis.com\/tunisie\/2017\/11\/01\/attaque-du-bardo-la-police-interroge-la-famille-de-lauteur\/"]}]},{"@type":"ImageObject","inLanguage":"fr-FR","@id":"https:\/\/kapitalis.com\/tunisie\/2017\/11\/01\/attaque-du-bardo-la-police-interroge-la-famille-de-lauteur\/#primaryimage","url":"http:\/\/kapitalis.com\/tunisie\/wp-content\/uploads\/2017\/01\/Cite-Ettadhamen.jpg","contentUrl":"http:\/\/kapitalis.com\/tunisie\/wp-content\/uploads\/2017\/01\/Cite-Ettadhamen.jpg"},{"@type":"BreadcrumbList","@id":"https:\/\/kapitalis.com\/tunisie\/2017\/11\/01\/attaque-du-bardo-la-police-interroge-la-famille-de-lauteur\/#breadcrumb","itemListElement":[{"@type":"ListItem","position":1,"name":"Accueil","item":"https:\/\/kapitalis.com\/tunisie\/"},{"@type":"ListItem","position":2,"name":"Attaque du Bardo : La police interroge la famille de l&rsquo;auteur"}]},{"@type":"WebSite","@id":"https:\/\/kapitalis.com\/tunisie\/#website","url":"https:\/\/kapitalis.com\/tunisie\/","name":"Kapitalis","description":"L&#039;actualit\u00e9 en Tunisie et dans le monde","publisher":{"@id":"https:\/\/kapitalis.com\/tunisie\/#organization"},"potentialAction":[{"@type":"SearchAction","target":{"@type":"EntryPoint","urlTemplate":"https:\/\/kapitalis.com\/tunisie\/?s={search_term_string}"},"query-input":{"@type":"PropertyValueSpecification","valueRequired":true,"valueName":"search_term_string"}}],"inLanguage":"fr-FR"},{"@type":"Organization","@id":"https:\/\/kapitalis.com\/tunisie\/#organization","name":"Kapitalis","url":"https:\/\/kapitalis.com\/tunisie\/","logo":{"@type":"ImageObject","inLanguage":"fr-FR","@id":"https:\/\/kapitalis.com\/tunisie\/#\/schema\/logo\/image\/","url":"https:\/\/kapitalis.com\/tunisie\/wp-content\/uploads\/2022\/05\/Kapitalis-big-size.png","contentUrl":"https:\/\/kapitalis.com\/tunisie\/wp-content\/uploads\/2022\/05\/Kapitalis-big-size.png","width":5000,"height":1500,"caption":"Kapitalis"},"image":{"@id":"https:\/\/kapitalis.com\/tunisie\/#\/schema\/logo\/image\/"},"sameAs":["https:\/\/www.facebook.com\/KapitalisInfo\/","https:\/\/x.com\/KapitalisInfo","https:\/\/www.youtube.com\/channel\/UC-yDYrHyfFBWWZaOw3FPg9Q"]},{"@type":"Person","@id":"https:\/\/kapitalis.com\/tunisie\/#\/schema\/person\/2c6e134b2f3369dffcd1daf5f087d28b","name":"emna benabdallah","url":"https:\/\/kapitalis.com\/tunisie\/author\/emna\/"}]}},"_links":{"self":[{"href":"https:\/\/kapitalis.com\/tunisie\/wp-json\/wp\/v2\/posts\/121387","targetHints":{"allow":["GET"]}}],"collection":[{"href":"https:\/\/kapitalis.com\/tunisie\/wp-json\/wp\/v2\/posts"}],"about":[{"href":"https:\/\/kapitalis.com\/tunisie\/wp-json\/wp\/v2\/types\/post"}],"author":[{"embeddable":true,"href":"https:\/\/kapitalis.com\/tunisie\/wp-json\/wp\/v2\/users\/16"}],"replies":[{"embeddable":true,"href":"https:\/\/kapitalis.com\/tunisie\/wp-json\/wp\/v2\/comments?post=121387"}],"version-history":[{"count":0,"href":"https:\/\/kapitalis.com\/tunisie\/wp-json\/wp\/v2\/posts\/121387\/revisions"}],"wp:attachment":[{"href":"https:\/\/kapitalis.com\/tunisie\/wp-json\/wp\/v2\/media?parent=121387"}],"wp:term":[{"taxonomy":"category","embeddable":true,"href":"https:\/\/kapitalis.com\/tunisie\/wp-json\/wp\/v2\/categories?post=121387"},{"taxonomy":"post_tag","embeddable":true,"href":"https:\/\/kapitalis.com\/tunisie\/wp-json\/wp\/v2\/tags?post=121387"}],"curies":[{"name":"wp","href":"https:\/\/api.w.org\/{rel}","templated":true}]}}