{"id":121447,"date":"2017-11-01T16:12:30","date_gmt":"2017-11-01T15:12:30","guid":{"rendered":"http:\/\/kapitalis.com\/tunisie\/?p=121447"},"modified":"2017-11-01T16:12:30","modified_gmt":"2017-11-01T15:12:30","slug":"italie-une-jeune-fille-battue-denonce-son-pere-tunisien","status":"publish","type":"post","link":"https:\/\/kapitalis.com\/tunisie\/2017\/11\/01\/italie-une-jeune-fille-battue-denonce-son-pere-tunisien\/","title":{"rendered":"Italie : Une jeune fille battue d\u00e9nonce son p\u00e8re tunisien"},"content":{"rendered":"<p style=\"text-align: center;\"><img loading=\"lazy\" decoding=\"async\" class=\"alignnone size-full wp-image-121449\" src=\"http:\/\/kapitalis.com\/tunisie\/wp-content\/uploads\/2017\/11\/Italie-pere-tunisien-enfant-battue.jpg\" alt=\"\" width=\"626\" height=\"380\" \/><\/p>\n<p><em><strong>La police italienne a arr\u00eat\u00e9, hier,\u00a0mardi 31 octobre 2017, \u00e0 l&rsquo;Aquila (Italie), un homme de 56 ans, d\u00e9nonc\u00e9 par sa fille qui a port\u00e9 plainte contre lui pour coups et blessures. Il a \u00e9t\u00e9 plac\u00e9 en d\u00e9tention.<\/strong><\/em><!--more--><\/p>\n<p>Selon la plaignante (23 ans), son p\u00e8re la bat depuis des ann\u00e9es et elle a d\u00e9cid\u00e9 de le d\u00e9noncer \u00e0 la police car il est devenu de plus en plus violent.<\/p>\n<p>La fille et son p\u00e8re n\u2019ont pas toujours v\u00e9cu ensemble. Ce dernier vivait en Tunisie et s\u2019est install\u00e9 en Italie depuis quelques ann\u00e9es. Depuis, il lui reproche une mauvaise \u00e9ducation et, selon les dires de la fille, il l\u2019a bat fr\u00e9quemment, lui demandant de quitter la maison familiale car il ne se sent plus oblig\u00e9 de subvenir \u00e0 ses besoins, puisqu&rsquo;elle a atteint l&rsquo;\u00e2ge adulte.<\/p>\n<p>Dimanche dernier, reprochant \u00e0 sa fille de ne pas avoir lav\u00e9 les fruits qu\u2019il venait d\u2019acheter, le p\u00e8re s\u2019est montr\u00e9 tr\u00e8s violent\u00a0: coups de pieds, de poings et \u00e9tranglement jusqu\u2019\u00e0 ce que sa fille perde conscience.<\/p>\n<p>Encourag\u00e9e par sa m\u00e8re, la jeune fille, encore hospitalis\u00e9, a port\u00e9 plainte.<\/p>\n<p>L&rsquo;homme a \u00e9t\u00e9 plac\u00e9 en d\u00e9tention et pourrait se voir refuser le renouvellement de sa carte de s\u00e9jour, qui prend fin en 2018. Auquel cas, il sera expuls\u00e9 en Tunisie.<\/p>\n<p style=\"text-align: right;\"><strong>Y. N.<\/strong><\/p>\n","protected":false},"excerpt":{"rendered":"<p>La police italienne a arr\u00eat\u00e9, hier,\u00a0mardi 31 octobre 2017, \u00e0 l&rsquo;Aquila (Italie), un homme de 56 ans, d\u00e9nonc\u00e9 par sa fille qui a port\u00e9 plainte contre lui pour coups et blessures. Il a \u00e9t\u00e9 plac\u00e9 en d\u00e9tention.<\/p>\n","protected":false},"author":6,"featured_media":121449,"comment_status":"open","ping_status":"open","sticky":false,"template":"","format":"standard","meta":{"footnotes":""},"categories":[998,2433],"tags":[45,9443,505,931,6581],"class_list":["post-121447","post","type-post","status-publish","format-standard","has-post-thumbnail","hentry","category-societe","category-tunisie","tag-agression","tag-expulsion","tag-italie","tag-tunisien","tag-violences"],"yoast_head":"<!-- This site is optimized with the Yoast SEO plugin v26.6 - https:\/\/yoast.com\/wordpress\/plugins\/seo\/ -->\n<title>Italie : Une jeune fille battue d\u00e9nonce son p\u00e8re tunisien - Kapitalis<\/title>\n<meta name=\"robots\" content=\"index, follow, max-snippet:-1, max-image-preview:large, max-video-preview:-1\" \/>\n<link rel=\"canonical\" href=\"https:\/\/kapitalis.com\/tunisie\/2017\/11\/01\/italie-une-jeune-fille-battue-denonce-son-pere-tunisien\/\" \/>\n<meta property=\"og:locale\" content=\"fr_FR\" \/>\n<meta property=\"og:type\" content=\"article\" \/>\n<meta property=\"og:title\" content=\"Italie : Une jeune fille battue d\u00e9nonce son p\u00e8re tunisien - Kapitalis\" \/>\n<meta property=\"og:description\" content=\"La police italienne a arr\u00eat\u00e9, hier,\u00a0mardi 31 octobre 2017, \u00e0 l&rsquo;Aquila (Italie), un homme de 56 ans, d\u00e9nonc\u00e9 par sa fille qui a port\u00e9 plainte contre lui pour coups et blessures. Il a \u00e9t\u00e9 plac\u00e9 en d\u00e9tention.\" \/>\n<meta property=\"og:url\" content=\"https:\/\/kapitalis.com\/tunisie\/2017\/11\/01\/italie-une-jeune-fille-battue-denonce-son-pere-tunisien\/\" \/>\n<meta property=\"og:site_name\" content=\"Kapitalis\" \/>\n<meta property=\"article:publisher\" content=\"https:\/\/www.facebook.com\/KapitalisInfo\/\" \/>\n<meta property=\"article:published_time\" content=\"2017-11-01T15:12:30+00:00\" \/>\n<meta property=\"og:image\" content=\"https:\/\/kapitalis.com\/tunisie\/wp-content\/uploads\/2022\/05\/kapitalis-logo-fb.png\" \/>\n\t<meta property=\"og:image:width\" content=\"1200\" \/>\n\t<meta property=\"og:image:height\" content=\"630\" \/>\n\t<meta property=\"og:image:type\" content=\"image\/png\" \/>\n<meta name=\"author\" content=\"Yusra NY\" \/>\n<meta name=\"twitter:card\" content=\"summary_large_image\" \/>\n<meta name=\"twitter:creator\" content=\"@KapitalisInfo\" \/>\n<meta name=\"twitter:site\" content=\"@KapitalisInfo\" \/>\n<meta name=\"twitter:label1\" content=\"\u00c9crit par\" \/>\n\t<meta name=\"twitter:data1\" content=\"Yusra NY\" \/>\n\t<meta name=\"twitter:label2\" content=\"Dur\u00e9e de lecture estim\u00e9e\" \/>\n\t<meta name=\"twitter:data2\" content=\"1 minute\" \/>\n<script type=\"application\/ld+json\" class=\"yoast-schema-graph\">{\"@context\":\"https:\/\/schema.org\",\"@graph\":[{\"@type\":\"Article\",\"@id\":\"https:\/\/kapitalis.com\/tunisie\/2017\/11\/01\/italie-une-jeune-fille-battue-denonce-son-pere-tunisien\/#article\",\"isPartOf\":{\"@id\":\"https:\/\/kapitalis.com\/tunisie\/2017\/11\/01\/italie-une-jeune-fille-battue-denonce-son-pere-tunisien\/\"},\"author\":{\"name\":\"Yusra NY\",\"@id\":\"https:\/\/kapitalis.com\/tunisie\/#\/schema\/person\/74bbde0154d49d790a92aaeac5bc01d5\"},\"headline\":\"Italie : Une jeune fille battue d\u00e9nonce son p\u00e8re tunisien\",\"datePublished\":\"2017-11-01T15:12:30+00:00\",\"mainEntityOfPage\":{\"@id\":\"https:\/\/kapitalis.com\/tunisie\/2017\/11\/01\/italie-une-jeune-fille-battue-denonce-son-pere-tunisien\/\"},\"wordCount\":240,\"commentCount\":6,\"publisher\":{\"@id\":\"https:\/\/kapitalis.com\/tunisie\/#organization\"},\"image\":{\"@id\":\"https:\/\/kapitalis.com\/tunisie\/2017\/11\/01\/italie-une-jeune-fille-battue-denonce-son-pere-tunisien\/#primaryimage\"},\"thumbnailUrl\":\"\",\"keywords\":[\"agression\",\"expulsion\",\"Italie\",\"Tunisien\",\"violences\"],\"articleSection\":[\"SOCIETE\",\"Tunisie\"],\"inLanguage\":\"fr-FR\",\"potentialAction\":[{\"@type\":\"CommentAction\",\"name\":\"Comment\",\"target\":[\"https:\/\/kapitalis.com\/tunisie\/2017\/11\/01\/italie-une-jeune-fille-battue-denonce-son-pere-tunisien\/#respond\"]}]},{\"@type\":\"WebPage\",\"@id\":\"https:\/\/kapitalis.com\/tunisie\/2017\/11\/01\/italie-une-jeune-fille-battue-denonce-son-pere-tunisien\/\",\"url\":\"https:\/\/kapitalis.com\/tunisie\/2017\/11\/01\/italie-une-jeune-fille-battue-denonce-son-pere-tunisien\/\",\"name\":\"Italie : Une jeune fille battue d\u00e9nonce son p\u00e8re tunisien - Kapitalis\",\"isPartOf\":{\"@id\":\"https:\/\/kapitalis.com\/tunisie\/#website\"},\"primaryImageOfPage\":{\"@id\":\"https:\/\/kapitalis.com\/tunisie\/2017\/11\/01\/italie-une-jeune-fille-battue-denonce-son-pere-tunisien\/#primaryimage\"},\"image\":{\"@id\":\"https:\/\/kapitalis.com\/tunisie\/2017\/11\/01\/italie-une-jeune-fille-battue-denonce-son-pere-tunisien\/#primaryimage\"},\"thumbnailUrl\":\"\",\"datePublished\":\"2017-11-01T15:12:30+00:00\",\"breadcrumb\":{\"@id\":\"https:\/\/kapitalis.com\/tunisie\/2017\/11\/01\/italie-une-jeune-fille-battue-denonce-son-pere-tunisien\/#breadcrumb\"},\"inLanguage\":\"fr-FR\",\"potentialAction\":[{\"@type\":\"ReadAction\",\"target\":[\"https:\/\/kapitalis.com\/tunisie\/2017\/11\/01\/italie-une-jeune-fille-battue-denonce-son-pere-tunisien\/\"]}]},{\"@type\":\"ImageObject\",\"inLanguage\":\"fr-FR\",\"@id\":\"https:\/\/kapitalis.com\/tunisie\/2017\/11\/01\/italie-une-jeune-fille-battue-denonce-son-pere-tunisien\/#primaryimage\",\"url\":\"\",\"contentUrl\":\"\"},{\"@type\":\"BreadcrumbList\",\"@id\":\"https:\/\/kapitalis.com\/tunisie\/2017\/11\/01\/italie-une-jeune-fille-battue-denonce-son-pere-tunisien\/#breadcrumb\",\"itemListElement\":[{\"@type\":\"ListItem\",\"position\":1,\"name\":\"Accueil\",\"item\":\"https:\/\/kapitalis.com\/tunisie\/\"},{\"@type\":\"ListItem\",\"position\":2,\"name\":\"Italie : Une jeune fille battue d\u00e9nonce son p\u00e8re tunisien\"}]},{\"@type\":\"WebSite\",\"@id\":\"https:\/\/kapitalis.com\/tunisie\/#website\",\"url\":\"https:\/\/kapitalis.com\/tunisie\/\",\"name\":\"Kapitalis\",\"description\":\"L&#039;actualit\u00e9 en Tunisie et dans le monde\",\"publisher\":{\"@id\":\"https:\/\/kapitalis.com\/tunisie\/#organization\"},\"potentialAction\":[{\"@type\":\"SearchAction\",\"target\":{\"@type\":\"EntryPoint\",\"urlTemplate\":\"https:\/\/kapitalis.com\/tunisie\/?s={search_term_string}\"},\"query-input\":{\"@type\":\"PropertyValueSpecification\",\"valueRequired\":true,\"valueName\":\"search_term_string\"}}],\"inLanguage\":\"fr-FR\"},{\"@type\":\"Organization\",\"@id\":\"https:\/\/kapitalis.com\/tunisie\/#organization\",\"name\":\"Kapitalis\",\"url\":\"https:\/\/kapitalis.com\/tunisie\/\",\"logo\":{\"@type\":\"ImageObject\",\"inLanguage\":\"fr-FR\",\"@id\":\"https:\/\/kapitalis.com\/tunisie\/#\/schema\/logo\/image\/\",\"url\":\"https:\/\/kapitalis.com\/tunisie\/wp-content\/uploads\/2022\/05\/Kapitalis-big-size.png\",\"contentUrl\":\"https:\/\/kapitalis.com\/tunisie\/wp-content\/uploads\/2022\/05\/Kapitalis-big-size.png\",\"width\":5000,\"height\":1500,\"caption\":\"Kapitalis\"},\"image\":{\"@id\":\"https:\/\/kapitalis.com\/tunisie\/#\/schema\/logo\/image\/\"},\"sameAs\":[\"https:\/\/www.facebook.com\/KapitalisInfo\/\",\"https:\/\/x.com\/KapitalisInfo\",\"https:\/\/www.youtube.com\/channel\/UC-yDYrHyfFBWWZaOw3FPg9Q\"]},{\"@type\":\"Person\",\"@id\":\"https:\/\/kapitalis.com\/tunisie\/#\/schema\/person\/74bbde0154d49d790a92aaeac5bc01d5\",\"name\":\"Yusra NY\",\"url\":\"https:\/\/kapitalis.com\/tunisie\/author\/yuza_adam\/\"}]}<\/script>\n<!-- \/ Yoast SEO plugin. -->","yoast_head_json":{"title":"Italie : Une jeune fille battue d\u00e9nonce son p\u00e8re tunisien - Kapitalis","robots":{"index":"index","follow":"follow","max-snippet":"max-snippet:-1","max-image-preview":"max-image-preview:large","max-video-preview":"max-video-preview:-1"},"canonical":"https:\/\/kapitalis.com\/tunisie\/2017\/11\/01\/italie-une-jeune-fille-battue-denonce-son-pere-tunisien\/","og_locale":"fr_FR","og_type":"article","og_title":"Italie : Une jeune fille battue d\u00e9nonce son p\u00e8re tunisien - Kapitalis","og_description":"La police italienne a arr\u00eat\u00e9, hier,\u00a0mardi 31 octobre 2017, \u00e0 l&rsquo;Aquila (Italie), un homme de 56 ans, d\u00e9nonc\u00e9 par sa fille qui a port\u00e9 plainte contre lui pour coups et blessures. Il a \u00e9t\u00e9 plac\u00e9 en d\u00e9tention.","og_url":"https:\/\/kapitalis.com\/tunisie\/2017\/11\/01\/italie-une-jeune-fille-battue-denonce-son-pere-tunisien\/","og_site_name":"Kapitalis","article_publisher":"https:\/\/www.facebook.com\/KapitalisInfo\/","article_published_time":"2017-11-01T15:12:30+00:00","og_image":[{"width":1200,"height":630,"url":"https:\/\/kapitalis.com\/tunisie\/wp-content\/uploads\/2022\/05\/kapitalis-logo-fb.png","type":"image\/png"}],"author":"Yusra NY","twitter_card":"summary_large_image","twitter_creator":"@KapitalisInfo","twitter_site":"@KapitalisInfo","twitter_misc":{"\u00c9crit par":"Yusra NY","Dur\u00e9e de lecture estim\u00e9e":"1 minute"},"schema":{"@context":"https:\/\/schema.org","@graph":[{"@type":"Article","@id":"https:\/\/kapitalis.com\/tunisie\/2017\/11\/01\/italie-une-jeune-fille-battue-denonce-son-pere-tunisien\/#article","isPartOf":{"@id":"https:\/\/kapitalis.com\/tunisie\/2017\/11\/01\/italie-une-jeune-fille-battue-denonce-son-pere-tunisien\/"},"author":{"name":"Yusra NY","@id":"https:\/\/kapitalis.com\/tunisie\/#\/schema\/person\/74bbde0154d49d790a92aaeac5bc01d5"},"headline":"Italie : Une jeune fille battue d\u00e9nonce son p\u00e8re tunisien","datePublished":"2017-11-01T15:12:30+00:00","mainEntityOfPage":{"@id":"https:\/\/kapitalis.com\/tunisie\/2017\/11\/01\/italie-une-jeune-fille-battue-denonce-son-pere-tunisien\/"},"wordCount":240,"commentCount":6,"publisher":{"@id":"https:\/\/kapitalis.com\/tunisie\/#organization"},"image":{"@id":"https:\/\/kapitalis.com\/tunisie\/2017\/11\/01\/italie-une-jeune-fille-battue-denonce-son-pere-tunisien\/#primaryimage"},"thumbnailUrl":"","keywords":["agression","expulsion","Italie","Tunisien","violences"],"articleSection":["SOCIETE","Tunisie"],"inLanguage":"fr-FR","potentialAction":[{"@type":"CommentAction","name":"Comment","target":["https:\/\/kapitalis.com\/tunisie\/2017\/11\/01\/italie-une-jeune-fille-battue-denonce-son-pere-tunisien\/#respond"]}]},{"@type":"WebPage","@id":"https:\/\/kapitalis.com\/tunisie\/2017\/11\/01\/italie-une-jeune-fille-battue-denonce-son-pere-tunisien\/","url":"https:\/\/kapitalis.com\/tunisie\/2017\/11\/01\/italie-une-jeune-fille-battue-denonce-son-pere-tunisien\/","name":"Italie : Une jeune fille battue d\u00e9nonce son p\u00e8re tunisien - Kapitalis","isPartOf":{"@id":"https:\/\/kapitalis.com\/tunisie\/#website"},"primaryImageOfPage":{"@id":"https:\/\/kapitalis.com\/tunisie\/2017\/11\/01\/italie-une-jeune-fille-battue-denonce-son-pere-tunisien\/#primaryimage"},"image":{"@id":"https:\/\/kapitalis.com\/tunisie\/2017\/11\/01\/italie-une-jeune-fille-battue-denonce-son-pere-tunisien\/#primaryimage"},"thumbnailUrl":"","datePublished":"2017-11-01T15:12:30+00:00","breadcrumb":{"@id":"https:\/\/kapitalis.com\/tunisie\/2017\/11\/01\/italie-une-jeune-fille-battue-denonce-son-pere-tunisien\/#breadcrumb"},"inLanguage":"fr-FR","potentialAction":[{"@type":"ReadAction","target":["https:\/\/kapitalis.com\/tunisie\/2017\/11\/01\/italie-une-jeune-fille-battue-denonce-son-pere-tunisien\/"]}]},{"@type":"ImageObject","inLanguage":"fr-FR","@id":"https:\/\/kapitalis.com\/tunisie\/2017\/11\/01\/italie-une-jeune-fille-battue-denonce-son-pere-tunisien\/#primaryimage","url":"","contentUrl":""},{"@type":"BreadcrumbList","@id":"https:\/\/kapitalis.com\/tunisie\/2017\/11\/01\/italie-une-jeune-fille-battue-denonce-son-pere-tunisien\/#breadcrumb","itemListElement":[{"@type":"ListItem","position":1,"name":"Accueil","item":"https:\/\/kapitalis.com\/tunisie\/"},{"@type":"ListItem","position":2,"name":"Italie : Une jeune fille battue d\u00e9nonce son p\u00e8re tunisien"}]},{"@type":"WebSite","@id":"https:\/\/kapitalis.com\/tunisie\/#website","url":"https:\/\/kapitalis.com\/tunisie\/","name":"Kapitalis","description":"L&#039;actualit\u00e9 en Tunisie et dans le monde","publisher":{"@id":"https:\/\/kapitalis.com\/tunisie\/#organization"},"potentialAction":[{"@type":"SearchAction","target":{"@type":"EntryPoint","urlTemplate":"https:\/\/kapitalis.com\/tunisie\/?s={search_term_string}"},"query-input":{"@type":"PropertyValueSpecification","valueRequired":true,"valueName":"search_term_string"}}],"inLanguage":"fr-FR"},{"@type":"Organization","@id":"https:\/\/kapitalis.com\/tunisie\/#organization","name":"Kapitalis","url":"https:\/\/kapitalis.com\/tunisie\/","logo":{"@type":"ImageObject","inLanguage":"fr-FR","@id":"https:\/\/kapitalis.com\/tunisie\/#\/schema\/logo\/image\/","url":"https:\/\/kapitalis.com\/tunisie\/wp-content\/uploads\/2022\/05\/Kapitalis-big-size.png","contentUrl":"https:\/\/kapitalis.com\/tunisie\/wp-content\/uploads\/2022\/05\/Kapitalis-big-size.png","width":5000,"height":1500,"caption":"Kapitalis"},"image":{"@id":"https:\/\/kapitalis.com\/tunisie\/#\/schema\/logo\/image\/"},"sameAs":["https:\/\/www.facebook.com\/KapitalisInfo\/","https:\/\/x.com\/KapitalisInfo","https:\/\/www.youtube.com\/channel\/UC-yDYrHyfFBWWZaOw3FPg9Q"]},{"@type":"Person","@id":"https:\/\/kapitalis.com\/tunisie\/#\/schema\/person\/74bbde0154d49d790a92aaeac5bc01d5","name":"Yusra NY","url":"https:\/\/kapitalis.com\/tunisie\/author\/yuza_adam\/"}]}},"_links":{"self":[{"href":"https:\/\/kapitalis.com\/tunisie\/wp-json\/wp\/v2\/posts\/121447","targetHints":{"allow":["GET"]}}],"collection":[{"href":"https:\/\/kapitalis.com\/tunisie\/wp-json\/wp\/v2\/posts"}],"about":[{"href":"https:\/\/kapitalis.com\/tunisie\/wp-json\/wp\/v2\/types\/post"}],"author":[{"embeddable":true,"href":"https:\/\/kapitalis.com\/tunisie\/wp-json\/wp\/v2\/users\/6"}],"replies":[{"embeddable":true,"href":"https:\/\/kapitalis.com\/tunisie\/wp-json\/wp\/v2\/comments?post=121447"}],"version-history":[{"count":0,"href":"https:\/\/kapitalis.com\/tunisie\/wp-json\/wp\/v2\/posts\/121447\/revisions"}],"wp:featuredmedia":[{"embeddable":true,"href":"https:\/\/kapitalis.com\/tunisie\/wp-json\/wp\/v2\/media\/121449"}],"wp:attachment":[{"href":"https:\/\/kapitalis.com\/tunisie\/wp-json\/wp\/v2\/media?parent=121447"}],"wp:term":[{"taxonomy":"category","embeddable":true,"href":"https:\/\/kapitalis.com\/tunisie\/wp-json\/wp\/v2\/categories?post=121447"},{"taxonomy":"post_tag","embeddable":true,"href":"https:\/\/kapitalis.com\/tunisie\/wp-json\/wp\/v2\/tags?post=121447"}],"curies":[{"name":"wp","href":"https:\/\/api.w.org\/{rel}","templated":true}]}}