{"id":121523,"date":"2017-11-02T10:07:56","date_gmt":"2017-11-02T09:07:56","guid":{"rendered":"http:\/\/kapitalis.com\/tunisie\/?p=121523"},"modified":"2017-11-02T10:12:02","modified_gmt":"2017-11-02T09:12:02","slug":"attaque-du-bardo-les-securitaires-tres-remontes-contre-les-deputes","status":"publish","type":"post","link":"https:\/\/kapitalis.com\/tunisie\/2017\/11\/02\/attaque-du-bardo-les-securitaires-tres-remontes-contre-les-deputes\/","title":{"rendered":"Attaque du Bardo : Les s\u00e9curitaires tr\u00e8s remont\u00e9s contre les d\u00e9put\u00e9s"},"content":{"rendered":"<p style=\"text-align: center;\"><img loading=\"lazy\" decoding=\"async\" class=\"alignnone size-full wp-image-96667\" src=\"http:\/\/kapitalis.com\/tunisie\/wp-content\/uploads\/2017\/05\/police-manif-brassard-rouge.jpg\" alt=\"\" width=\"626\" height=\"380\" \/><\/p>\n<p style=\"text-align: center;\"><em>Photos d&rsquo;archives.<\/em><\/p>\n<p><em><strong>Les syndicats s\u00e9curitaires menacent de ne plus assurer la protection des d\u00e9put\u00e9s et des chefs des partis repr\u00e9sent\u00e9s \u00e0 l&rsquo;Assembl\u00e9e.<\/strong><\/em><!--more--><\/p>\n<p>C&rsquo;est ce qu&rsquo;a indiqu\u00e9 un communiqu\u00e9 conjoint du Syndicat des fonctionnaires de la direction g\u00e9n\u00e9rale des unit\u00e9s d&rsquo;intervention (SFDGUI), du Syndicat des fonctionnaires de la direction g\u00e9n\u00e9rale de la s\u00e9curit\u00e9 publique (SFDGSP) et\u00a0de l\u2019Union nationale des syndicats des forces de s\u00e9curit\u00e9 tunisiennes (UNSFST), publi\u00e9, dans la soir\u00e9e du mercredi 1er novembre 2017.<\/p>\n<p>Les syndicats s\u00e9curitaires d\u00e9noncent la d\u00e9claration du pr\u00e9sident de l&rsquo;Assembl\u00e9e des repr\u00e9sentants du peuple (ARP), Mohamed Ennaceur, annon\u00e7ant la reprise, au cours de la semaine prochaine, de l&rsquo;examen du projet de loi sur la protection des agents de s\u00e9curit\u00e9. Ils d\u00e9plorent le retard pris dans la promulgation de cette loi, que l&rsquo;on sort de nouveau des tiroirs\u00a0le jour m\u00eame de l&rsquo;attaque au couteau dont ont fait l&rsquo;objet 2 agents de la police de circulation, au Bardo, devant le si\u00e8ge m\u00eame du parlement.<\/p>\n<p>Les 3 syndicats s\u00e9curitaires annoncent, par ailleurs, des manifestations, le vendredi 3 novembre, dans tout le territoire tunisien, et appellent tous leurs membres \u00e0 porter, ce jour-l\u00e0, un brassard rouge.<\/p>\n<p>Le communiqu\u00e9 accorde un d\u00e9lai de 15 jours \u00e0 l&rsquo;ARP pour pr\u00e9senter le projet de loi\u00a0en s\u00e9ance pl\u00e9ni\u00e8re.<\/p>\n<p>\u00ab<em>Si nous n&rsquo;obtenons pas une r\u00e9ponse positive \u00e0 nos revendications, une conf\u00e9rence de presse sera tenue, le 20 novembre courant, et des manifestations nationales auront lieu le lendemain. Il y aura aussi une lev\u00e9e de la protection des d\u00e9put\u00e9s et des pr\u00e9sidents des partis repr\u00e9sent\u00e9s au parlement \u00e0 partir du 25 novembre<\/em>\u00bb, a aussi indiqu\u00e9 le communiqu\u00e9.<\/p>\n<p style=\"text-align: right;\"><strong>E. B. A.<\/strong><\/p>\n<p>&nbsp;<\/p>\n","protected":false},"excerpt":{"rendered":"<p>Photos d&rsquo;archives. Les syndicats s\u00e9curitaires menacent de ne plus assurer la protection des d\u00e9put\u00e9s et des chefs des partis repr\u00e9sent\u00e9s \u00e0 l&rsquo;Assembl\u00e9e.<\/p>\n","protected":false},"author":16,"featured_media":0,"comment_status":"open","ping_status":"open","sticky":false,"template":"","format":"standard","meta":{"footnotes":""},"categories":[997,2433],"tags":[3668,1710,38473],"class_list":["post-121523","post","type-post","status-publish","format-standard","hentry","category-politique","category-tunisie","tag-deputes","tag-mohamed-ennaceur","tag-zied-gharbi"],"yoast_head":"<!-- This site is optimized with the Yoast SEO plugin v26.6 - https:\/\/yoast.com\/wordpress\/plugins\/seo\/ -->\n<title>Attaque du Bardo : Les s\u00e9curitaires tr\u00e8s remont\u00e9s contre les d\u00e9put\u00e9s - Kapitalis<\/title>\n<meta name=\"robots\" content=\"index, follow, max-snippet:-1, max-image-preview:large, max-video-preview:-1\" \/>\n<link rel=\"canonical\" href=\"https:\/\/kapitalis.com\/tunisie\/2017\/11\/02\/attaque-du-bardo-les-securitaires-tres-remontes-contre-les-deputes\/\" \/>\n<meta property=\"og:locale\" content=\"fr_FR\" \/>\n<meta property=\"og:type\" content=\"article\" \/>\n<meta property=\"og:title\" content=\"Attaque du Bardo : Les s\u00e9curitaires tr\u00e8s remont\u00e9s contre les d\u00e9put\u00e9s - Kapitalis\" \/>\n<meta property=\"og:description\" content=\"Photos d&rsquo;archives. Les syndicats s\u00e9curitaires menacent de ne plus assurer la protection des d\u00e9put\u00e9s et des chefs des partis repr\u00e9sent\u00e9s \u00e0 l&rsquo;Assembl\u00e9e.\" \/>\n<meta property=\"og:url\" content=\"https:\/\/kapitalis.com\/tunisie\/2017\/11\/02\/attaque-du-bardo-les-securitaires-tres-remontes-contre-les-deputes\/\" \/>\n<meta property=\"og:site_name\" content=\"Kapitalis\" \/>\n<meta property=\"article:publisher\" content=\"https:\/\/www.facebook.com\/KapitalisInfo\/\" \/>\n<meta property=\"article:published_time\" content=\"2017-11-02T09:07:56+00:00\" \/>\n<meta property=\"article:modified_time\" content=\"2017-11-02T09:12:02+00:00\" \/>\n<meta property=\"og:image\" content=\"http:\/\/kapitalis.com\/tunisie\/wp-content\/uploads\/2017\/05\/police-manif-brassard-rouge.jpg\" \/>\n<meta name=\"author\" content=\"emna benabdallah\" \/>\n<meta name=\"twitter:card\" content=\"summary_large_image\" \/>\n<meta name=\"twitter:creator\" content=\"@KapitalisInfo\" \/>\n<meta name=\"twitter:site\" content=\"@KapitalisInfo\" \/>\n<meta name=\"twitter:label1\" content=\"\u00c9crit par\" \/>\n\t<meta name=\"twitter:data1\" content=\"emna benabdallah\" \/>\n\t<meta name=\"twitter:label2\" content=\"Dur\u00e9e de lecture estim\u00e9e\" \/>\n\t<meta name=\"twitter:data2\" content=\"1 minute\" \/>\n<script type=\"application\/ld+json\" class=\"yoast-schema-graph\">{\"@context\":\"https:\/\/schema.org\",\"@graph\":[{\"@type\":\"Article\",\"@id\":\"https:\/\/kapitalis.com\/tunisie\/2017\/11\/02\/attaque-du-bardo-les-securitaires-tres-remontes-contre-les-deputes\/#article\",\"isPartOf\":{\"@id\":\"https:\/\/kapitalis.com\/tunisie\/2017\/11\/02\/attaque-du-bardo-les-securitaires-tres-remontes-contre-les-deputes\/\"},\"author\":{\"name\":\"emna benabdallah\",\"@id\":\"https:\/\/kapitalis.com\/tunisie\/#\/schema\/person\/2c6e134b2f3369dffcd1daf5f087d28b\"},\"headline\":\"Attaque du Bardo : Les s\u00e9curitaires tr\u00e8s remont\u00e9s contre les d\u00e9put\u00e9s\",\"datePublished\":\"2017-11-02T09:07:56+00:00\",\"dateModified\":\"2017-11-02T09:12:02+00:00\",\"mainEntityOfPage\":{\"@id\":\"https:\/\/kapitalis.com\/tunisie\/2017\/11\/02\/attaque-du-bardo-les-securitaires-tres-remontes-contre-les-deputes\/\"},\"wordCount\":312,\"commentCount\":3,\"publisher\":{\"@id\":\"https:\/\/kapitalis.com\/tunisie\/#organization\"},\"image\":{\"@id\":\"https:\/\/kapitalis.com\/tunisie\/2017\/11\/02\/attaque-du-bardo-les-securitaires-tres-remontes-contre-les-deputes\/#primaryimage\"},\"thumbnailUrl\":\"http:\/\/kapitalis.com\/tunisie\/wp-content\/uploads\/2017\/05\/police-manif-brassard-rouge.jpg\",\"keywords\":[\"d\u00e9put\u00e9s\",\"Mohamed Ennaceur\",\"Zied Gharbi\"],\"articleSection\":[\"POLITIQUE\",\"Tunisie\"],\"inLanguage\":\"fr-FR\",\"potentialAction\":[{\"@type\":\"CommentAction\",\"name\":\"Comment\",\"target\":[\"https:\/\/kapitalis.com\/tunisie\/2017\/11\/02\/attaque-du-bardo-les-securitaires-tres-remontes-contre-les-deputes\/#respond\"]}]},{\"@type\":\"WebPage\",\"@id\":\"https:\/\/kapitalis.com\/tunisie\/2017\/11\/02\/attaque-du-bardo-les-securitaires-tres-remontes-contre-les-deputes\/\",\"url\":\"https:\/\/kapitalis.com\/tunisie\/2017\/11\/02\/attaque-du-bardo-les-securitaires-tres-remontes-contre-les-deputes\/\",\"name\":\"Attaque du Bardo : Les s\u00e9curitaires tr\u00e8s remont\u00e9s contre les d\u00e9put\u00e9s - Kapitalis\",\"isPartOf\":{\"@id\":\"https:\/\/kapitalis.com\/tunisie\/#website\"},\"primaryImageOfPage\":{\"@id\":\"https:\/\/kapitalis.com\/tunisie\/2017\/11\/02\/attaque-du-bardo-les-securitaires-tres-remontes-contre-les-deputes\/#primaryimage\"},\"image\":{\"@id\":\"https:\/\/kapitalis.com\/tunisie\/2017\/11\/02\/attaque-du-bardo-les-securitaires-tres-remontes-contre-les-deputes\/#primaryimage\"},\"thumbnailUrl\":\"http:\/\/kapitalis.com\/tunisie\/wp-content\/uploads\/2017\/05\/police-manif-brassard-rouge.jpg\",\"datePublished\":\"2017-11-02T09:07:56+00:00\",\"dateModified\":\"2017-11-02T09:12:02+00:00\",\"breadcrumb\":{\"@id\":\"https:\/\/kapitalis.com\/tunisie\/2017\/11\/02\/attaque-du-bardo-les-securitaires-tres-remontes-contre-les-deputes\/#breadcrumb\"},\"inLanguage\":\"fr-FR\",\"potentialAction\":[{\"@type\":\"ReadAction\",\"target\":[\"https:\/\/kapitalis.com\/tunisie\/2017\/11\/02\/attaque-du-bardo-les-securitaires-tres-remontes-contre-les-deputes\/\"]}]},{\"@type\":\"ImageObject\",\"inLanguage\":\"fr-FR\",\"@id\":\"https:\/\/kapitalis.com\/tunisie\/2017\/11\/02\/attaque-du-bardo-les-securitaires-tres-remontes-contre-les-deputes\/#primaryimage\",\"url\":\"http:\/\/kapitalis.com\/tunisie\/wp-content\/uploads\/2017\/05\/police-manif-brassard-rouge.jpg\",\"contentUrl\":\"http:\/\/kapitalis.com\/tunisie\/wp-content\/uploads\/2017\/05\/police-manif-brassard-rouge.jpg\"},{\"@type\":\"BreadcrumbList\",\"@id\":\"https:\/\/kapitalis.com\/tunisie\/2017\/11\/02\/attaque-du-bardo-les-securitaires-tres-remontes-contre-les-deputes\/#breadcrumb\",\"itemListElement\":[{\"@type\":\"ListItem\",\"position\":1,\"name\":\"Accueil\",\"item\":\"https:\/\/kapitalis.com\/tunisie\/\"},{\"@type\":\"ListItem\",\"position\":2,\"name\":\"Attaque du Bardo : Les s\u00e9curitaires tr\u00e8s remont\u00e9s contre les d\u00e9put\u00e9s\"}]},{\"@type\":\"WebSite\",\"@id\":\"https:\/\/kapitalis.com\/tunisie\/#website\",\"url\":\"https:\/\/kapitalis.com\/tunisie\/\",\"name\":\"Kapitalis\",\"description\":\"L&#039;actualit\u00e9 en Tunisie et dans le monde\",\"publisher\":{\"@id\":\"https:\/\/kapitalis.com\/tunisie\/#organization\"},\"potentialAction\":[{\"@type\":\"SearchAction\",\"target\":{\"@type\":\"EntryPoint\",\"urlTemplate\":\"https:\/\/kapitalis.com\/tunisie\/?s={search_term_string}\"},\"query-input\":{\"@type\":\"PropertyValueSpecification\",\"valueRequired\":true,\"valueName\":\"search_term_string\"}}],\"inLanguage\":\"fr-FR\"},{\"@type\":\"Organization\",\"@id\":\"https:\/\/kapitalis.com\/tunisie\/#organization\",\"name\":\"Kapitalis\",\"url\":\"https:\/\/kapitalis.com\/tunisie\/\",\"logo\":{\"@type\":\"ImageObject\",\"inLanguage\":\"fr-FR\",\"@id\":\"https:\/\/kapitalis.com\/tunisie\/#\/schema\/logo\/image\/\",\"url\":\"https:\/\/kapitalis.com\/tunisie\/wp-content\/uploads\/2022\/05\/Kapitalis-big-size.png\",\"contentUrl\":\"https:\/\/kapitalis.com\/tunisie\/wp-content\/uploads\/2022\/05\/Kapitalis-big-size.png\",\"width\":5000,\"height\":1500,\"caption\":\"Kapitalis\"},\"image\":{\"@id\":\"https:\/\/kapitalis.com\/tunisie\/#\/schema\/logo\/image\/\"},\"sameAs\":[\"https:\/\/www.facebook.com\/KapitalisInfo\/\",\"https:\/\/x.com\/KapitalisInfo\",\"https:\/\/www.youtube.com\/channel\/UC-yDYrHyfFBWWZaOw3FPg9Q\"]},{\"@type\":\"Person\",\"@id\":\"https:\/\/kapitalis.com\/tunisie\/#\/schema\/person\/2c6e134b2f3369dffcd1daf5f087d28b\",\"name\":\"emna benabdallah\",\"url\":\"https:\/\/kapitalis.com\/tunisie\/author\/emna\/\"}]}<\/script>\n<!-- \/ Yoast SEO plugin. -->","yoast_head_json":{"title":"Attaque du Bardo : Les s\u00e9curitaires tr\u00e8s remont\u00e9s contre les d\u00e9put\u00e9s - Kapitalis","robots":{"index":"index","follow":"follow","max-snippet":"max-snippet:-1","max-image-preview":"max-image-preview:large","max-video-preview":"max-video-preview:-1"},"canonical":"https:\/\/kapitalis.com\/tunisie\/2017\/11\/02\/attaque-du-bardo-les-securitaires-tres-remontes-contre-les-deputes\/","og_locale":"fr_FR","og_type":"article","og_title":"Attaque du Bardo : Les s\u00e9curitaires tr\u00e8s remont\u00e9s contre les d\u00e9put\u00e9s - Kapitalis","og_description":"Photos d&rsquo;archives. Les syndicats s\u00e9curitaires menacent de ne plus assurer la protection des d\u00e9put\u00e9s et des chefs des partis repr\u00e9sent\u00e9s \u00e0 l&rsquo;Assembl\u00e9e.","og_url":"https:\/\/kapitalis.com\/tunisie\/2017\/11\/02\/attaque-du-bardo-les-securitaires-tres-remontes-contre-les-deputes\/","og_site_name":"Kapitalis","article_publisher":"https:\/\/www.facebook.com\/KapitalisInfo\/","article_published_time":"2017-11-02T09:07:56+00:00","article_modified_time":"2017-11-02T09:12:02+00:00","og_image":[{"url":"http:\/\/kapitalis.com\/tunisie\/wp-content\/uploads\/2017\/05\/police-manif-brassard-rouge.jpg","type":"","width":"","height":""}],"author":"emna benabdallah","twitter_card":"summary_large_image","twitter_creator":"@KapitalisInfo","twitter_site":"@KapitalisInfo","twitter_misc":{"\u00c9crit par":"emna benabdallah","Dur\u00e9e de lecture estim\u00e9e":"1 minute"},"schema":{"@context":"https:\/\/schema.org","@graph":[{"@type":"Article","@id":"https:\/\/kapitalis.com\/tunisie\/2017\/11\/02\/attaque-du-bardo-les-securitaires-tres-remontes-contre-les-deputes\/#article","isPartOf":{"@id":"https:\/\/kapitalis.com\/tunisie\/2017\/11\/02\/attaque-du-bardo-les-securitaires-tres-remontes-contre-les-deputes\/"},"author":{"name":"emna benabdallah","@id":"https:\/\/kapitalis.com\/tunisie\/#\/schema\/person\/2c6e134b2f3369dffcd1daf5f087d28b"},"headline":"Attaque du Bardo : Les s\u00e9curitaires tr\u00e8s remont\u00e9s contre les d\u00e9put\u00e9s","datePublished":"2017-11-02T09:07:56+00:00","dateModified":"2017-11-02T09:12:02+00:00","mainEntityOfPage":{"@id":"https:\/\/kapitalis.com\/tunisie\/2017\/11\/02\/attaque-du-bardo-les-securitaires-tres-remontes-contre-les-deputes\/"},"wordCount":312,"commentCount":3,"publisher":{"@id":"https:\/\/kapitalis.com\/tunisie\/#organization"},"image":{"@id":"https:\/\/kapitalis.com\/tunisie\/2017\/11\/02\/attaque-du-bardo-les-securitaires-tres-remontes-contre-les-deputes\/#primaryimage"},"thumbnailUrl":"http:\/\/kapitalis.com\/tunisie\/wp-content\/uploads\/2017\/05\/police-manif-brassard-rouge.jpg","keywords":["d\u00e9put\u00e9s","Mohamed Ennaceur","Zied Gharbi"],"articleSection":["POLITIQUE","Tunisie"],"inLanguage":"fr-FR","potentialAction":[{"@type":"CommentAction","name":"Comment","target":["https:\/\/kapitalis.com\/tunisie\/2017\/11\/02\/attaque-du-bardo-les-securitaires-tres-remontes-contre-les-deputes\/#respond"]}]},{"@type":"WebPage","@id":"https:\/\/kapitalis.com\/tunisie\/2017\/11\/02\/attaque-du-bardo-les-securitaires-tres-remontes-contre-les-deputes\/","url":"https:\/\/kapitalis.com\/tunisie\/2017\/11\/02\/attaque-du-bardo-les-securitaires-tres-remontes-contre-les-deputes\/","name":"Attaque du Bardo : Les s\u00e9curitaires tr\u00e8s remont\u00e9s contre les d\u00e9put\u00e9s - Kapitalis","isPartOf":{"@id":"https:\/\/kapitalis.com\/tunisie\/#website"},"primaryImageOfPage":{"@id":"https:\/\/kapitalis.com\/tunisie\/2017\/11\/02\/attaque-du-bardo-les-securitaires-tres-remontes-contre-les-deputes\/#primaryimage"},"image":{"@id":"https:\/\/kapitalis.com\/tunisie\/2017\/11\/02\/attaque-du-bardo-les-securitaires-tres-remontes-contre-les-deputes\/#primaryimage"},"thumbnailUrl":"http:\/\/kapitalis.com\/tunisie\/wp-content\/uploads\/2017\/05\/police-manif-brassard-rouge.jpg","datePublished":"2017-11-02T09:07:56+00:00","dateModified":"2017-11-02T09:12:02+00:00","breadcrumb":{"@id":"https:\/\/kapitalis.com\/tunisie\/2017\/11\/02\/attaque-du-bardo-les-securitaires-tres-remontes-contre-les-deputes\/#breadcrumb"},"inLanguage":"fr-FR","potentialAction":[{"@type":"ReadAction","target":["https:\/\/kapitalis.com\/tunisie\/2017\/11\/02\/attaque-du-bardo-les-securitaires-tres-remontes-contre-les-deputes\/"]}]},{"@type":"ImageObject","inLanguage":"fr-FR","@id":"https:\/\/kapitalis.com\/tunisie\/2017\/11\/02\/attaque-du-bardo-les-securitaires-tres-remontes-contre-les-deputes\/#primaryimage","url":"http:\/\/kapitalis.com\/tunisie\/wp-content\/uploads\/2017\/05\/police-manif-brassard-rouge.jpg","contentUrl":"http:\/\/kapitalis.com\/tunisie\/wp-content\/uploads\/2017\/05\/police-manif-brassard-rouge.jpg"},{"@type":"BreadcrumbList","@id":"https:\/\/kapitalis.com\/tunisie\/2017\/11\/02\/attaque-du-bardo-les-securitaires-tres-remontes-contre-les-deputes\/#breadcrumb","itemListElement":[{"@type":"ListItem","position":1,"name":"Accueil","item":"https:\/\/kapitalis.com\/tunisie\/"},{"@type":"ListItem","position":2,"name":"Attaque du Bardo : Les s\u00e9curitaires tr\u00e8s remont\u00e9s contre les d\u00e9put\u00e9s"}]},{"@type":"WebSite","@id":"https:\/\/kapitalis.com\/tunisie\/#website","url":"https:\/\/kapitalis.com\/tunisie\/","name":"Kapitalis","description":"L&#039;actualit\u00e9 en Tunisie et dans le monde","publisher":{"@id":"https:\/\/kapitalis.com\/tunisie\/#organization"},"potentialAction":[{"@type":"SearchAction","target":{"@type":"EntryPoint","urlTemplate":"https:\/\/kapitalis.com\/tunisie\/?s={search_term_string}"},"query-input":{"@type":"PropertyValueSpecification","valueRequired":true,"valueName":"search_term_string"}}],"inLanguage":"fr-FR"},{"@type":"Organization","@id":"https:\/\/kapitalis.com\/tunisie\/#organization","name":"Kapitalis","url":"https:\/\/kapitalis.com\/tunisie\/","logo":{"@type":"ImageObject","inLanguage":"fr-FR","@id":"https:\/\/kapitalis.com\/tunisie\/#\/schema\/logo\/image\/","url":"https:\/\/kapitalis.com\/tunisie\/wp-content\/uploads\/2022\/05\/Kapitalis-big-size.png","contentUrl":"https:\/\/kapitalis.com\/tunisie\/wp-content\/uploads\/2022\/05\/Kapitalis-big-size.png","width":5000,"height":1500,"caption":"Kapitalis"},"image":{"@id":"https:\/\/kapitalis.com\/tunisie\/#\/schema\/logo\/image\/"},"sameAs":["https:\/\/www.facebook.com\/KapitalisInfo\/","https:\/\/x.com\/KapitalisInfo","https:\/\/www.youtube.com\/channel\/UC-yDYrHyfFBWWZaOw3FPg9Q"]},{"@type":"Person","@id":"https:\/\/kapitalis.com\/tunisie\/#\/schema\/person\/2c6e134b2f3369dffcd1daf5f087d28b","name":"emna benabdallah","url":"https:\/\/kapitalis.com\/tunisie\/author\/emna\/"}]}},"_links":{"self":[{"href":"https:\/\/kapitalis.com\/tunisie\/wp-json\/wp\/v2\/posts\/121523","targetHints":{"allow":["GET"]}}],"collection":[{"href":"https:\/\/kapitalis.com\/tunisie\/wp-json\/wp\/v2\/posts"}],"about":[{"href":"https:\/\/kapitalis.com\/tunisie\/wp-json\/wp\/v2\/types\/post"}],"author":[{"embeddable":true,"href":"https:\/\/kapitalis.com\/tunisie\/wp-json\/wp\/v2\/users\/16"}],"replies":[{"embeddable":true,"href":"https:\/\/kapitalis.com\/tunisie\/wp-json\/wp\/v2\/comments?post=121523"}],"version-history":[{"count":0,"href":"https:\/\/kapitalis.com\/tunisie\/wp-json\/wp\/v2\/posts\/121523\/revisions"}],"wp:attachment":[{"href":"https:\/\/kapitalis.com\/tunisie\/wp-json\/wp\/v2\/media?parent=121523"}],"wp:term":[{"taxonomy":"category","embeddable":true,"href":"https:\/\/kapitalis.com\/tunisie\/wp-json\/wp\/v2\/categories?post=121523"},{"taxonomy":"post_tag","embeddable":true,"href":"https:\/\/kapitalis.com\/tunisie\/wp-json\/wp\/v2\/tags?post=121523"}],"curies":[{"name":"wp","href":"https:\/\/api.w.org\/{rel}","templated":true}]}}