{"id":1215437,"date":"2022-06-03T10:02:04","date_gmt":"2022-06-03T09:02:04","guid":{"rendered":"https:\/\/kapitalis.com\/tunisie\/?p=1215437"},"modified":"2022-06-03T10:02:05","modified_gmt":"2022-06-03T09:02:05","slug":"tunisie-que-pense-kais-saied-de-tous-ceux-qui-se-reclament-de-lui","status":"publish","type":"post","link":"https:\/\/kapitalis.com\/tunisie\/2022\/06\/03\/tunisie-que-pense-kais-saied-de-tous-ceux-qui-se-reclament-de-lui\/","title":{"rendered":"Tunisie : que pense Ka\u00efs Sa\u00efed de tous ceux qui se r\u00e9clament de lui ?"},"content":{"rendered":"\n<p><strong><em>Le pr\u00e9sident de la r\u00e9publique Ka\u00efs Sa\u00efed n&rsquo;appartient officiellement \u00e0 aucun parti politique, mais sa popularit\u00e9 pousse les opportunistes de tous bords de se r\u00e9clamer de lui de fa\u00e7on tapageuse et \u00e0 chercher \u00e0 se positionner dans son sillage, en esp\u00e9rant qu&rsquo;il finisse par les adouber ou que sa popularit\u00e9 rejaillisse finalement sur eux en perspective des l\u00e9gislatives anticip\u00e9es du 17 d\u00e9cembre 2022.<\/em><\/strong><\/p>\n\n\n\n<p>Par <strong>Imed Bahri <\/strong><\/p>\n\n\n\n<!--more-->\n\n\n\n<p>C&rsquo;est visiblement le cas du Harak du 25-Juillet, un mouvement soutenant le pr\u00e9sident Ka\u00efs Sa\u00efed, qui a indiqu\u00e9, jeudi 2 juin 2022, lors d&rsquo;une conf\u00e9rence de presse, qu&rsquo;il organisera des campagnes de sensibilisation \u00e0 travers le pays au cours desquelles il cherchera \u00e0 garantir le succ\u00e8s du r\u00e9f\u00e9rendum du 25 juillet sur la nouvelle constitution, laquelle est en train d&rsquo;\u00eatre r\u00e9dig\u00e9e par un comit\u00e9 de sp\u00e9cialistes sous la conduite directe du chef de l&rsquo;Etat.<\/p>\n\n\n\n<p>Les 26 sections locales et 146 r\u00e9gionales (chiffre qu&rsquo;on n&rsquo;a pas pu v\u00e9rifier) que le  mouvement revendique seront mobilis\u00e9es pour faire de cet \u00e9v\u00e9nement politique un succ\u00e8s, a d\u00e9clar\u00e9 son secr\u00e9taire g\u00e9n\u00e9ral Kamel Harrabi, en qualifiant ce rendez-vous de <em>\u00abd\u00e9cisif\u00bb<\/em> pour la Tunisie.<\/p>\n\n\n\n<h2 class=\"wp-block-heading\">Rompre avec la d\u00e9cennie noire <\/h2>\n\n\n\n<p>Si le r\u00e9f\u00e9rendum \u00e9choue, la Tunisie ne pourra pas instaurer une nouvelle r\u00e9publique. Elle reviendra \u00e0 la p\u00e9riode d&rsquo;avant le 25 juillet 2021, a-t-il pr\u00e9cis\u00e9, en agitant le spectre du pouvoir chaotique incarn\u00e9, dix ans durant, entre 2011 et 2021, par le parti islamiste Ennahdha et ses alli\u00e9s soi-disant modernistes progressistes, et qui a men\u00e9 \u00e0 la situation de banqueroute qui est celle de la Tunisie aujourd&rsquo;hui.<\/p>\n\n\n\n<p>Kamel Harrabi a rappel\u00e9 les graves d\u00e9fis politiques auxquels la Tunisie \u00e9tait confront\u00e9e avant le 25 juillet et <em>\u00abla d\u00e9cennie noire\u00bb<\/em> v\u00e9cue par les citoyens tunisiens. Cette situation a d\u00e9clench\u00e9 une crise politique sans pr\u00e9c\u00e9dent dans le pays, a-t-il ajout\u00e9.<\/p>\n\n\n\n<p><em>\u00abAujourd&rsquo;hui, nous allons travailler pour inciter les Tunisiens \u00e0 contribuer positivement et activement au succ\u00e8s du r\u00e9f\u00e9rendum et \u00e0 voter massivement le 25 juillet\u00bb<\/em>, a-t-il ajout\u00e9, \u00e9tant entendu qu&rsquo;une r\u00e9ponse par oui au r\u00e9f\u00e9rendum aura valeur de pl\u00e9biscite pour le chef de l&rsquo;Etat et son projet politique.<\/p>\n\n\n\n<p>Kamel Harrabi, pour sa part, n&rsquo;a pas doute sur l&rsquo;issue du r\u00e9f\u00e9rendum du 25 juillet\u00a0: il sera un succ\u00e8s, a-t-il tranch\u00e9, ajoutant que la plupart des Tunisiens<em> \u00abveulent un changement politique\u00bb<\/em>.<\/p>\n\n\n\n<h2 class=\"wp-block-heading\">Un populisme attrape-tout<\/h2>\n\n\n\n<p>Il reste cependant \u00e0 se demander si ledit Harak du 25-Juillet est autoris\u00e9 \u00e0 parler au nom de M. Sa\u00efed et dans quelle mesure ce dernier est dispos\u00e9 \u00e0 pr\u00eater attention aux appels du pied des initiateurs de ce mouvement, \u00e9tant par temp\u00e9rament un <em>\u00abloup solitaire\u00bb<\/em> qui refuse de s&rsquo;aligner sous quelque banni\u00e8re que ce soit.<\/p>\n\n\n\n<p>Pour ne rien arranger: le pr\u00e9sident de la r\u00e9publique ne s&rsquo;est jamais exprim\u00e9 sur cette question. Il n&rsquo;a ni reconnu les mouvements et les personnalit\u00e9s qui se r\u00e9clament de lui et parlent m\u00eame parfois en son nom, ni d\u00e9menti officiellement leurs pr\u00e9tentions \u00e0 le repr\u00e9senter, laissant ainsi planer le doute sur la nature des relations qui le lient \u00e0 certains d&rsquo;entre eux. <\/p>\n\n\n\n<p>S&rsquo;agit-il l\u00e0 d&rsquo;une tactique pour attirer vers lui toutes les forces \u00e9mergentes, d&rsquo;autant que les rendez-vous d\u00e9cisifs pour la mise en \u0153uvre de son projet politique attrape-tout approchent \u00e0 grand pas (le r\u00e9f\u00e9rendum du 25 juillet et les l\u00e9gislatives anticip\u00e9es du 17 d\u00e9cembre), sans pour autant s&rsquo;engager vraiment avec aucune d&rsquo;entre elles ? Ou s&rsquo;agit-il plut\u00f4t d&rsquo;un m\u00e9pris affich\u00e9 \u00e0 l&rsquo;\u00e9gard des corps constitu\u00e9s, quels qu&rsquo;ils soient, qu&rsquo;il cherche visiblement \u00e0 \u00e9carter de la sc\u00e8ne politique ? <\/p>\n\n\n\n<p>Bien malin celui qui pourra r\u00e9pondre \u00e0 ces questions&#8230; <\/p>\n","protected":false},"excerpt":{"rendered":"<p>Le  Harak du 25-Juillet, un mouvement soutenant le pr\u00e9sident Ka\u00efs Sa\u00efed, va  organiser des campagnes de sensibilisation \u00e0 travers le pays pour garantir le succ\u00e8s du r\u00e9f\u00e9rendum du 25 juillet. <\/p>\n","protected":false},"author":8,"featured_media":1215860,"comment_status":"open","ping_status":"open","sticky":false,"template":"","format":"standard","meta":{"footnotes":""},"categories":[992,997,2433],"tags":[49543,100294,76012,100295,73854,99694,62643],"class_list":["post-1215437","post","type-post","status-publish","format-standard","has-post-thumbnail","hentry","category-a-la-une","category-politique","category-tunisie","tag-ennahdha","tag-harak-du-25-juillet","tag-kais-saied-2","tag-kamel-harrabi","tag-legislatives-anticipees","tag-referendum-du-25-juillet","tag-tunisie"],"yoast_head":"<!-- This site is optimized with the Yoast SEO plugin v26.6 - https:\/\/yoast.com\/wordpress\/plugins\/seo\/ -->\n<title>Tunisie : que pense Ka\u00efs Sa\u00efed de tous ceux qui se r\u00e9clament de lui ? - Kapitalis<\/title>\n<meta name=\"robots\" content=\"index, follow, max-snippet:-1, max-image-preview:large, max-video-preview:-1\" \/>\n<link rel=\"canonical\" href=\"https:\/\/kapitalis.com\/tunisie\/2022\/06\/03\/tunisie-que-pense-kais-saied-de-tous-ceux-qui-se-reclament-de-lui\/\" \/>\n<meta property=\"og:locale\" content=\"fr_FR\" \/>\n<meta property=\"og:type\" content=\"article\" \/>\n<meta property=\"og:title\" content=\"Tunisie : que pense Ka\u00efs Sa\u00efed de tous ceux qui se r\u00e9clament de lui ? - Kapitalis\" \/>\n<meta property=\"og:description\" content=\"Le Harak du 25-Juillet, un mouvement soutenant le pr\u00e9sident Ka\u00efs Sa\u00efed, va organiser des campagnes de sensibilisation \u00e0 travers le pays pour garantir le succ\u00e8s du r\u00e9f\u00e9rendum du 25 juillet.\" \/>\n<meta property=\"og:url\" content=\"https:\/\/kapitalis.com\/tunisie\/2022\/06\/03\/tunisie-que-pense-kais-saied-de-tous-ceux-qui-se-reclament-de-lui\/\" \/>\n<meta property=\"og:site_name\" content=\"Kapitalis\" \/>\n<meta property=\"article:publisher\" content=\"https:\/\/www.facebook.com\/KapitalisInfo\/\" \/>\n<meta property=\"article:published_time\" content=\"2022-06-03T09:02:04+00:00\" \/>\n<meta property=\"article:modified_time\" content=\"2022-06-03T09:02:05+00:00\" \/>\n<meta property=\"og:image\" content=\"https:\/\/kapitalis.com\/tunisie\/wp-content\/uploads\/2022\/06\/Harak-25-Juillet.jpg\" \/>\n\t<meta property=\"og:image:width\" content=\"1200\" \/>\n\t<meta property=\"og:image:height\" content=\"630\" \/>\n\t<meta property=\"og:image:type\" content=\"image\/jpeg\" \/>\n<meta name=\"author\" content=\"webmaster kapitalis\" \/>\n<meta name=\"twitter:card\" content=\"summary_large_image\" \/>\n<meta name=\"twitter:creator\" content=\"@KapitalisInfo\" \/>\n<meta name=\"twitter:site\" content=\"@KapitalisInfo\" \/>\n<meta name=\"twitter:label1\" content=\"\u00c9crit par\" \/>\n\t<meta name=\"twitter:data1\" content=\"webmaster kapitalis\" \/>\n\t<meta name=\"twitter:label2\" content=\"Dur\u00e9e de lecture estim\u00e9e\" \/>\n\t<meta name=\"twitter:data2\" content=\"3 minutes\" \/>\n<script type=\"application\/ld+json\" class=\"yoast-schema-graph\">{\"@context\":\"https:\/\/schema.org\",\"@graph\":[{\"@type\":\"Article\",\"@id\":\"https:\/\/kapitalis.com\/tunisie\/2022\/06\/03\/tunisie-que-pense-kais-saied-de-tous-ceux-qui-se-reclament-de-lui\/#article\",\"isPartOf\":{\"@id\":\"https:\/\/kapitalis.com\/tunisie\/2022\/06\/03\/tunisie-que-pense-kais-saied-de-tous-ceux-qui-se-reclament-de-lui\/\"},\"author\":{\"name\":\"webmaster kapitalis\",\"@id\":\"https:\/\/kapitalis.com\/tunisie\/#\/schema\/person\/d71f33a9ca44f7bad4698210b480c8e9\"},\"headline\":\"Tunisie : que pense Ka\u00efs Sa\u00efed de tous ceux qui se r\u00e9clament de lui ?\",\"datePublished\":\"2022-06-03T09:02:04+00:00\",\"dateModified\":\"2022-06-03T09:02:05+00:00\",\"mainEntityOfPage\":{\"@id\":\"https:\/\/kapitalis.com\/tunisie\/2022\/06\/03\/tunisie-que-pense-kais-saied-de-tous-ceux-qui-se-reclament-de-lui\/\"},\"wordCount\":639,\"commentCount\":0,\"publisher\":{\"@id\":\"https:\/\/kapitalis.com\/tunisie\/#organization\"},\"image\":{\"@id\":\"https:\/\/kapitalis.com\/tunisie\/2022\/06\/03\/tunisie-que-pense-kais-saied-de-tous-ceux-qui-se-reclament-de-lui\/#primaryimage\"},\"thumbnailUrl\":\"https:\/\/kapitalis.com\/tunisie\/wp-content\/uploads\/2022\/06\/Harak-25-Juillet.jpg\",\"keywords\":[\"Ennahdha\",\"Harak du 25 juillet\",\"Ka\u00efs Sa\u00efed\",\"Kamel Harrabi\",\"l\u00e9gislatives anticip\u00e9es\",\"r\u00e9f\u00e9rendum du 25 juillet\",\"Tunisie\"],\"articleSection\":[\"A LA UNE\",\"POLITIQUE\",\"Tunisie\"],\"inLanguage\":\"fr-FR\",\"potentialAction\":[{\"@type\":\"CommentAction\",\"name\":\"Comment\",\"target\":[\"https:\/\/kapitalis.com\/tunisie\/2022\/06\/03\/tunisie-que-pense-kais-saied-de-tous-ceux-qui-se-reclament-de-lui\/#respond\"]}]},{\"@type\":\"WebPage\",\"@id\":\"https:\/\/kapitalis.com\/tunisie\/2022\/06\/03\/tunisie-que-pense-kais-saied-de-tous-ceux-qui-se-reclament-de-lui\/\",\"url\":\"https:\/\/kapitalis.com\/tunisie\/2022\/06\/03\/tunisie-que-pense-kais-saied-de-tous-ceux-qui-se-reclament-de-lui\/\",\"name\":\"Tunisie : que pense Ka\u00efs Sa\u00efed de tous ceux qui se r\u00e9clament de lui ? - Kapitalis\",\"isPartOf\":{\"@id\":\"https:\/\/kapitalis.com\/tunisie\/#website\"},\"primaryImageOfPage\":{\"@id\":\"https:\/\/kapitalis.com\/tunisie\/2022\/06\/03\/tunisie-que-pense-kais-saied-de-tous-ceux-qui-se-reclament-de-lui\/#primaryimage\"},\"image\":{\"@id\":\"https:\/\/kapitalis.com\/tunisie\/2022\/06\/03\/tunisie-que-pense-kais-saied-de-tous-ceux-qui-se-reclament-de-lui\/#primaryimage\"},\"thumbnailUrl\":\"https:\/\/kapitalis.com\/tunisie\/wp-content\/uploads\/2022\/06\/Harak-25-Juillet.jpg\",\"datePublished\":\"2022-06-03T09:02:04+00:00\",\"dateModified\":\"2022-06-03T09:02:05+00:00\",\"breadcrumb\":{\"@id\":\"https:\/\/kapitalis.com\/tunisie\/2022\/06\/03\/tunisie-que-pense-kais-saied-de-tous-ceux-qui-se-reclament-de-lui\/#breadcrumb\"},\"inLanguage\":\"fr-FR\",\"potentialAction\":[{\"@type\":\"ReadAction\",\"target\":[\"https:\/\/kapitalis.com\/tunisie\/2022\/06\/03\/tunisie-que-pense-kais-saied-de-tous-ceux-qui-se-reclament-de-lui\/\"]}]},{\"@type\":\"ImageObject\",\"inLanguage\":\"fr-FR\",\"@id\":\"https:\/\/kapitalis.com\/tunisie\/2022\/06\/03\/tunisie-que-pense-kais-saied-de-tous-ceux-qui-se-reclament-de-lui\/#primaryimage\",\"url\":\"https:\/\/kapitalis.com\/tunisie\/wp-content\/uploads\/2022\/06\/Harak-25-Juillet.jpg\",\"contentUrl\":\"https:\/\/kapitalis.com\/tunisie\/wp-content\/uploads\/2022\/06\/Harak-25-Juillet.jpg\",\"width\":1200,\"height\":630},{\"@type\":\"BreadcrumbList\",\"@id\":\"https:\/\/kapitalis.com\/tunisie\/2022\/06\/03\/tunisie-que-pense-kais-saied-de-tous-ceux-qui-se-reclament-de-lui\/#breadcrumb\",\"itemListElement\":[{\"@type\":\"ListItem\",\"position\":1,\"name\":\"Accueil\",\"item\":\"https:\/\/kapitalis.com\/tunisie\/\"},{\"@type\":\"ListItem\",\"position\":2,\"name\":\"Tunisie : que pense Ka\u00efs Sa\u00efed de tous ceux qui se r\u00e9clament de lui ?\"}]},{\"@type\":\"WebSite\",\"@id\":\"https:\/\/kapitalis.com\/tunisie\/#website\",\"url\":\"https:\/\/kapitalis.com\/tunisie\/\",\"name\":\"Kapitalis\",\"description\":\"L&#039;actualit\u00e9 en Tunisie et dans le monde\",\"publisher\":{\"@id\":\"https:\/\/kapitalis.com\/tunisie\/#organization\"},\"potentialAction\":[{\"@type\":\"SearchAction\",\"target\":{\"@type\":\"EntryPoint\",\"urlTemplate\":\"https:\/\/kapitalis.com\/tunisie\/?s={search_term_string}\"},\"query-input\":{\"@type\":\"PropertyValueSpecification\",\"valueRequired\":true,\"valueName\":\"search_term_string\"}}],\"inLanguage\":\"fr-FR\"},{\"@type\":\"Organization\",\"@id\":\"https:\/\/kapitalis.com\/tunisie\/#organization\",\"name\":\"Kapitalis\",\"url\":\"https:\/\/kapitalis.com\/tunisie\/\",\"logo\":{\"@type\":\"ImageObject\",\"inLanguage\":\"fr-FR\",\"@id\":\"https:\/\/kapitalis.com\/tunisie\/#\/schema\/logo\/image\/\",\"url\":\"https:\/\/kapitalis.com\/tunisie\/wp-content\/uploads\/2022\/05\/Kapitalis-big-size.png\",\"contentUrl\":\"https:\/\/kapitalis.com\/tunisie\/wp-content\/uploads\/2022\/05\/Kapitalis-big-size.png\",\"width\":5000,\"height\":1500,\"caption\":\"Kapitalis\"},\"image\":{\"@id\":\"https:\/\/kapitalis.com\/tunisie\/#\/schema\/logo\/image\/\"},\"sameAs\":[\"https:\/\/www.facebook.com\/KapitalisInfo\/\",\"https:\/\/x.com\/KapitalisInfo\",\"https:\/\/www.youtube.com\/channel\/UC-yDYrHyfFBWWZaOw3FPg9Q\"]},{\"@type\":\"Person\",\"@id\":\"https:\/\/kapitalis.com\/tunisie\/#\/schema\/person\/d71f33a9ca44f7bad4698210b480c8e9\",\"name\":\"webmaster kapitalis\",\"url\":\"https:\/\/kapitalis.com\/tunisie\/author\/webmaster-kapitalis\/\"}]}<\/script>\n<!-- \/ Yoast SEO plugin. -->","yoast_head_json":{"title":"Tunisie : que pense Ka\u00efs Sa\u00efed de tous ceux qui se r\u00e9clament de lui ? - Kapitalis","robots":{"index":"index","follow":"follow","max-snippet":"max-snippet:-1","max-image-preview":"max-image-preview:large","max-video-preview":"max-video-preview:-1"},"canonical":"https:\/\/kapitalis.com\/tunisie\/2022\/06\/03\/tunisie-que-pense-kais-saied-de-tous-ceux-qui-se-reclament-de-lui\/","og_locale":"fr_FR","og_type":"article","og_title":"Tunisie : que pense Ka\u00efs Sa\u00efed de tous ceux qui se r\u00e9clament de lui ? - Kapitalis","og_description":"Le Harak du 25-Juillet, un mouvement soutenant le pr\u00e9sident Ka\u00efs Sa\u00efed, va organiser des campagnes de sensibilisation \u00e0 travers le pays pour garantir le succ\u00e8s du r\u00e9f\u00e9rendum du 25 juillet.","og_url":"https:\/\/kapitalis.com\/tunisie\/2022\/06\/03\/tunisie-que-pense-kais-saied-de-tous-ceux-qui-se-reclament-de-lui\/","og_site_name":"Kapitalis","article_publisher":"https:\/\/www.facebook.com\/KapitalisInfo\/","article_published_time":"2022-06-03T09:02:04+00:00","article_modified_time":"2022-06-03T09:02:05+00:00","og_image":[{"width":1200,"height":630,"url":"https:\/\/kapitalis.com\/tunisie\/wp-content\/uploads\/2022\/06\/Harak-25-Juillet.jpg","type":"image\/jpeg"}],"author":"webmaster kapitalis","twitter_card":"summary_large_image","twitter_creator":"@KapitalisInfo","twitter_site":"@KapitalisInfo","twitter_misc":{"\u00c9crit par":"webmaster kapitalis","Dur\u00e9e de lecture estim\u00e9e":"3 minutes"},"schema":{"@context":"https:\/\/schema.org","@graph":[{"@type":"Article","@id":"https:\/\/kapitalis.com\/tunisie\/2022\/06\/03\/tunisie-que-pense-kais-saied-de-tous-ceux-qui-se-reclament-de-lui\/#article","isPartOf":{"@id":"https:\/\/kapitalis.com\/tunisie\/2022\/06\/03\/tunisie-que-pense-kais-saied-de-tous-ceux-qui-se-reclament-de-lui\/"},"author":{"name":"webmaster kapitalis","@id":"https:\/\/kapitalis.com\/tunisie\/#\/schema\/person\/d71f33a9ca44f7bad4698210b480c8e9"},"headline":"Tunisie : que pense Ka\u00efs Sa\u00efed de tous ceux qui se r\u00e9clament de lui ?","datePublished":"2022-06-03T09:02:04+00:00","dateModified":"2022-06-03T09:02:05+00:00","mainEntityOfPage":{"@id":"https:\/\/kapitalis.com\/tunisie\/2022\/06\/03\/tunisie-que-pense-kais-saied-de-tous-ceux-qui-se-reclament-de-lui\/"},"wordCount":639,"commentCount":0,"publisher":{"@id":"https:\/\/kapitalis.com\/tunisie\/#organization"},"image":{"@id":"https:\/\/kapitalis.com\/tunisie\/2022\/06\/03\/tunisie-que-pense-kais-saied-de-tous-ceux-qui-se-reclament-de-lui\/#primaryimage"},"thumbnailUrl":"https:\/\/kapitalis.com\/tunisie\/wp-content\/uploads\/2022\/06\/Harak-25-Juillet.jpg","keywords":["Ennahdha","Harak du 25 juillet","Ka\u00efs Sa\u00efed","Kamel Harrabi","l\u00e9gislatives anticip\u00e9es","r\u00e9f\u00e9rendum du 25 juillet","Tunisie"],"articleSection":["A LA UNE","POLITIQUE","Tunisie"],"inLanguage":"fr-FR","potentialAction":[{"@type":"CommentAction","name":"Comment","target":["https:\/\/kapitalis.com\/tunisie\/2022\/06\/03\/tunisie-que-pense-kais-saied-de-tous-ceux-qui-se-reclament-de-lui\/#respond"]}]},{"@type":"WebPage","@id":"https:\/\/kapitalis.com\/tunisie\/2022\/06\/03\/tunisie-que-pense-kais-saied-de-tous-ceux-qui-se-reclament-de-lui\/","url":"https:\/\/kapitalis.com\/tunisie\/2022\/06\/03\/tunisie-que-pense-kais-saied-de-tous-ceux-qui-se-reclament-de-lui\/","name":"Tunisie : que pense Ka\u00efs Sa\u00efed de tous ceux qui se r\u00e9clament de lui ? - Kapitalis","isPartOf":{"@id":"https:\/\/kapitalis.com\/tunisie\/#website"},"primaryImageOfPage":{"@id":"https:\/\/kapitalis.com\/tunisie\/2022\/06\/03\/tunisie-que-pense-kais-saied-de-tous-ceux-qui-se-reclament-de-lui\/#primaryimage"},"image":{"@id":"https:\/\/kapitalis.com\/tunisie\/2022\/06\/03\/tunisie-que-pense-kais-saied-de-tous-ceux-qui-se-reclament-de-lui\/#primaryimage"},"thumbnailUrl":"https:\/\/kapitalis.com\/tunisie\/wp-content\/uploads\/2022\/06\/Harak-25-Juillet.jpg","datePublished":"2022-06-03T09:02:04+00:00","dateModified":"2022-06-03T09:02:05+00:00","breadcrumb":{"@id":"https:\/\/kapitalis.com\/tunisie\/2022\/06\/03\/tunisie-que-pense-kais-saied-de-tous-ceux-qui-se-reclament-de-lui\/#breadcrumb"},"inLanguage":"fr-FR","potentialAction":[{"@type":"ReadAction","target":["https:\/\/kapitalis.com\/tunisie\/2022\/06\/03\/tunisie-que-pense-kais-saied-de-tous-ceux-qui-se-reclament-de-lui\/"]}]},{"@type":"ImageObject","inLanguage":"fr-FR","@id":"https:\/\/kapitalis.com\/tunisie\/2022\/06\/03\/tunisie-que-pense-kais-saied-de-tous-ceux-qui-se-reclament-de-lui\/#primaryimage","url":"https:\/\/kapitalis.com\/tunisie\/wp-content\/uploads\/2022\/06\/Harak-25-Juillet.jpg","contentUrl":"https:\/\/kapitalis.com\/tunisie\/wp-content\/uploads\/2022\/06\/Harak-25-Juillet.jpg","width":1200,"height":630},{"@type":"BreadcrumbList","@id":"https:\/\/kapitalis.com\/tunisie\/2022\/06\/03\/tunisie-que-pense-kais-saied-de-tous-ceux-qui-se-reclament-de-lui\/#breadcrumb","itemListElement":[{"@type":"ListItem","position":1,"name":"Accueil","item":"https:\/\/kapitalis.com\/tunisie\/"},{"@type":"ListItem","position":2,"name":"Tunisie : que pense Ka\u00efs Sa\u00efed de tous ceux qui se r\u00e9clament de lui ?"}]},{"@type":"WebSite","@id":"https:\/\/kapitalis.com\/tunisie\/#website","url":"https:\/\/kapitalis.com\/tunisie\/","name":"Kapitalis","description":"L&#039;actualit\u00e9 en Tunisie et dans le monde","publisher":{"@id":"https:\/\/kapitalis.com\/tunisie\/#organization"},"potentialAction":[{"@type":"SearchAction","target":{"@type":"EntryPoint","urlTemplate":"https:\/\/kapitalis.com\/tunisie\/?s={search_term_string}"},"query-input":{"@type":"PropertyValueSpecification","valueRequired":true,"valueName":"search_term_string"}}],"inLanguage":"fr-FR"},{"@type":"Organization","@id":"https:\/\/kapitalis.com\/tunisie\/#organization","name":"Kapitalis","url":"https:\/\/kapitalis.com\/tunisie\/","logo":{"@type":"ImageObject","inLanguage":"fr-FR","@id":"https:\/\/kapitalis.com\/tunisie\/#\/schema\/logo\/image\/","url":"https:\/\/kapitalis.com\/tunisie\/wp-content\/uploads\/2022\/05\/Kapitalis-big-size.png","contentUrl":"https:\/\/kapitalis.com\/tunisie\/wp-content\/uploads\/2022\/05\/Kapitalis-big-size.png","width":5000,"height":1500,"caption":"Kapitalis"},"image":{"@id":"https:\/\/kapitalis.com\/tunisie\/#\/schema\/logo\/image\/"},"sameAs":["https:\/\/www.facebook.com\/KapitalisInfo\/","https:\/\/x.com\/KapitalisInfo","https:\/\/www.youtube.com\/channel\/UC-yDYrHyfFBWWZaOw3FPg9Q"]},{"@type":"Person","@id":"https:\/\/kapitalis.com\/tunisie\/#\/schema\/person\/d71f33a9ca44f7bad4698210b480c8e9","name":"webmaster kapitalis","url":"https:\/\/kapitalis.com\/tunisie\/author\/webmaster-kapitalis\/"}]}},"_links":{"self":[{"href":"https:\/\/kapitalis.com\/tunisie\/wp-json\/wp\/v2\/posts\/1215437","targetHints":{"allow":["GET"]}}],"collection":[{"href":"https:\/\/kapitalis.com\/tunisie\/wp-json\/wp\/v2\/posts"}],"about":[{"href":"https:\/\/kapitalis.com\/tunisie\/wp-json\/wp\/v2\/types\/post"}],"author":[{"embeddable":true,"href":"https:\/\/kapitalis.com\/tunisie\/wp-json\/wp\/v2\/users\/8"}],"replies":[{"embeddable":true,"href":"https:\/\/kapitalis.com\/tunisie\/wp-json\/wp\/v2\/comments?post=1215437"}],"version-history":[{"count":0,"href":"https:\/\/kapitalis.com\/tunisie\/wp-json\/wp\/v2\/posts\/1215437\/revisions"}],"wp:featuredmedia":[{"embeddable":true,"href":"https:\/\/kapitalis.com\/tunisie\/wp-json\/wp\/v2\/media\/1215860"}],"wp:attachment":[{"href":"https:\/\/kapitalis.com\/tunisie\/wp-json\/wp\/v2\/media?parent=1215437"}],"wp:term":[{"taxonomy":"category","embeddable":true,"href":"https:\/\/kapitalis.com\/tunisie\/wp-json\/wp\/v2\/categories?post=1215437"},{"taxonomy":"post_tag","embeddable":true,"href":"https:\/\/kapitalis.com\/tunisie\/wp-json\/wp\/v2\/tags?post=1215437"}],"curies":[{"name":"wp","href":"https:\/\/api.w.org\/{rel}","templated":true}]}}