{"id":1216348,"date":"2022-06-03T10:28:52","date_gmt":"2022-06-03T09:28:52","guid":{"rendered":"https:\/\/kapitalis.com\/tunisie\/?p=1216348"},"modified":"2022-06-03T10:28:54","modified_gmt":"2022-06-03T09:28:54","slug":"tunisie-la-berd-etudie-la-demande-de-pret-de-loffice-des-cereales","status":"publish","type":"post","link":"https:\/\/kapitalis.com\/tunisie\/2022\/06\/03\/tunisie-la-berd-etudie-la-demande-de-pret-de-loffice-des-cereales\/","title":{"rendered":"Tunisie\u00a0: la Berd \u00e9tudie la demande de pr\u00eat de l&rsquo;Office des c\u00e9r\u00e9ales"},"content":{"rendered":"\n<p><strong><em>La Banque europ\u00e9enne pour la reconstruction et le d\u00e9veloppement (Berd) n&rsquo;a pas d\u00e9bours\u00e9 150 millions d&rsquo;euros en faveur de l&rsquo;Office des c\u00e9r\u00e9ales, mais \u00abla Tunisie a d\u00e9j\u00e0 d\u00e9pos\u00e9 une demande de financement dans le cadre d&rsquo;un projet coh\u00e9rent de r\u00e9forme du secteur c\u00e9r\u00e9alier\u00bb, a d\u00e9clar\u00e9, jeudi 2 juin 2022, le directeur de cabinet du ministre de l&rsquo;Agriculture Faten Khammassi.<\/em><\/strong><\/p>\n\n\n\n<!--more-->\n\n\n\n<p>Selon le site de la Berd, la banque \u00e9tudie d&rsquo;ici le 20 juillet une demande pr\u00e9sent\u00e9e par la Tunisie via l&rsquo;Office des c\u00e9r\u00e9ales, pour b\u00e9n\u00e9ficier d&rsquo;un pr\u00eat de 150 millions d&rsquo;euros afin d&rsquo;augmenter ses achats de c\u00e9r\u00e9ales.<\/p>\n\n\n\n<h2 class=\"wp-block-heading\">Un stock de bl\u00e9 couvrant 7 \u00e0 8 mois<\/h2>\n\n\n\n<p>Mme Khammassi a d\u00e9clar\u00e9 \u00e0 l&rsquo;agence Tap que des n\u00e9gociations avanc\u00e9es sont en cours sur ce financement pour la restructuration du secteur c\u00e9r\u00e9alier et l&rsquo;augmentation des achats de la Tunisie dans ce domaine, compte tenu de la flamb\u00e9e des prix sur le march\u00e9 international, due \u00e0 la guerre russo-ukrainienne.<\/p>\n\n\n\n<p>La Tunisie dispose d&rsquo;un stock de bl\u00e9 dur couvrant ses besoins de consommation pour une dur\u00e9e allant de 7 \u00e0 8 mois et a pr\u00e9par\u00e9 un programme d&rsquo;importation s&rsquo;\u00e9tendant jusqu&rsquo;en janvier 2023 pour couvrir ses besoins en bl\u00e9 tendre, produit tr\u00e8s pris\u00e9 localement, tout en travaillant assurer le financement n\u00e9cessaire \u00e0 ces achats effectu\u00e9s p\u00e9riodiquement.<\/p>\n\n\n\n<p>La Berd a relev\u00e9 que le cr\u00e9dit demand\u00e9 par l&rsquo;Office des c\u00e9r\u00e9ales, une structure \u00e9tatique charg\u00e9e des achats publics de c\u00e9r\u00e9ales et des op\u00e9rations de stockage, de vente et de distribution, financera les besoins en capital de l&rsquo;office.<\/p>\n\n\n\n<h2 class=\"wp-block-heading\">La Berd dispos\u00e9e \u00e0 aider la Tunisie \u00e0 financer ses importations<\/h2>\n\n\n\n<p>Pour la banque europ\u00e9enne, compte tenu de la guerre en cours entre la Russie et l&rsquo;Ukraine et de ses r\u00e9percussions sur l&rsquo;offre mondiale de c\u00e9r\u00e9ales et de la flamb\u00e9e sans pr\u00e9c\u00e9dent des prix, elle soutient la Tunisie par un pr\u00eat qui peut fournir des liquidit\u00e9s pour les achats internationaux de c\u00e9r\u00e9ales et ainsi contribuer \u00e0 pr\u00e9server la s\u00e9curit\u00e9 alimentaire du pays.<\/p>\n\n\n\n<p>Parall\u00e8lement \u00e0 ce financement, la banque travaillera \u00e0 la mobilisation de la coop\u00e9ration technique pour le renforcement des capacit\u00e9s de l&rsquo;Office des c\u00e9r\u00e9ales et l&rsquo;adoption par cette structure des meilleurs standards en mati\u00e8re d&rsquo;affaires et de gouvernance en plus de la r\u00e9vision de la cha\u00eene de valeur des c\u00e9r\u00e9ales tunisiennes.<\/p>\n\n\n\n<h2 class=\"wp-block-heading\">Une balance alimentaire de plus en plus d\u00e9ficitaire<\/h2>\n\n\n\n<p>La balance commerciale alimentaire de la Tunisie a enregistr\u00e9 un d\u00e9ficit de 823,2 millions de dinars (MDT) \u00e0 fin avril 2022, contre un d\u00e9ficit de 574,4 MDT durant la m\u00eame p\u00e9riode de l&rsquo;ann\u00e9e pr\u00e9c\u00e9dente, enregistrant un taux de couverture de 73% en 2022 contre 75,3% en 2021, selon l&rsquo;Observatoire national de l&rsquo;agriculture (Onagri).<\/p>\n\n\n\n<p>En termes de valeur, les exportations alimentaires ont enregistr\u00e9 une augmentation de 26,9% tandis que les importations ont augment\u00e9 de 30,9%.<\/p>\n\n\n\n<p>Le d\u00e9ficit enregistr\u00e9 r\u00e9sulte principalement de la hausse du rythme des importations de c\u00e9r\u00e9ales (+25,1%), de sucre (+234,8%) et d&rsquo;huiles v\u00e9g\u00e9tales (+67,5%) et ce malgr\u00e9 l&rsquo;augmentation des exportations d&rsquo;huile d&rsquo;olive (+42,9%).<\/p>\n\n\n\n<p>Le prix du bl\u00e9 dur a augment\u00e9 de 93,4% par rapport \u00e0 l&rsquo;an dernier. Les prix des autres produits c\u00e9r\u00e9aliers (bl\u00e9 tendre, orge et ma\u00efs) ont connu une hausse variant entre 27% et 58%, principalement li\u00e9e \u00e0 l&rsquo;impact de la guerre entre la Russie et l&rsquo;Ukraine.<\/p>\n\n\n\n<p><strong><em>D&rsquo;apr\u00e8s Tap<\/em><\/strong>.<\/p>\n","protected":false},"excerpt":{"rendered":"<p>La Berd \u00e9tudie une demande pr\u00e9sent\u00e9e par la Tunisie pour b\u00e9n\u00e9ficier d&rsquo;un pr\u00eat de 150 millions d&rsquo;euros afin d&rsquo;augmenter ses achats de c\u00e9r\u00e9ales.<\/p>\n","protected":false},"author":8,"featured_media":1216669,"comment_status":"open","ping_status":"open","sticky":false,"template":"","format":"standard","meta":{"footnotes":""},"categories":[995,2433],"tags":[47,1952,100296,80176,64509,20261,62643],"class_list":["post-1216348","post","type-post","status-publish","format-standard","has-post-thumbnail","hentry","category-economie","category-tunisie","tag-agriculture","tag-berd","tag-faten-khammassi","tag-office-des-cereales","tag-onagri","tag-securite-alimentaire","tag-tunisie"],"yoast_head":"<!-- This site is optimized with the Yoast SEO plugin v26.6 - https:\/\/yoast.com\/wordpress\/plugins\/seo\/ -->\n<title>Tunisie\u00a0: la Berd \u00e9tudie la demande de pr\u00eat de l&#039;Office des c\u00e9r\u00e9ales - Kapitalis<\/title>\n<meta name=\"robots\" content=\"index, follow, max-snippet:-1, max-image-preview:large, max-video-preview:-1\" \/>\n<link rel=\"canonical\" href=\"https:\/\/kapitalis.com\/tunisie\/2022\/06\/03\/tunisie-la-berd-etudie-la-demande-de-pret-de-loffice-des-cereales\/\" \/>\n<meta property=\"og:locale\" content=\"fr_FR\" \/>\n<meta property=\"og:type\" content=\"article\" \/>\n<meta property=\"og:title\" content=\"Tunisie\u00a0: la Berd \u00e9tudie la demande de pr\u00eat de l&#039;Office des c\u00e9r\u00e9ales - Kapitalis\" \/>\n<meta property=\"og:description\" content=\"La Berd \u00e9tudie une demande pr\u00e9sent\u00e9e par la Tunisie pour b\u00e9n\u00e9ficier d&#039;un pr\u00eat de 150 millions d&#039;euros afin d&#039;augmenter ses achats de c\u00e9r\u00e9ales.\" \/>\n<meta property=\"og:url\" content=\"https:\/\/kapitalis.com\/tunisie\/2022\/06\/03\/tunisie-la-berd-etudie-la-demande-de-pret-de-loffice-des-cereales\/\" \/>\n<meta property=\"og:site_name\" content=\"Kapitalis\" \/>\n<meta property=\"article:publisher\" content=\"https:\/\/www.facebook.com\/KapitalisInfo\/\" \/>\n<meta property=\"article:published_time\" content=\"2022-06-03T09:28:52+00:00\" \/>\n<meta property=\"article:modified_time\" content=\"2022-06-03T09:28:54+00:00\" \/>\n<meta property=\"og:image\" content=\"https:\/\/kapitalis.com\/tunisie\/wp-content\/uploads\/2022\/06\/Silos-de-Ble.jpg\" \/>\n\t<meta property=\"og:image:width\" content=\"1200\" \/>\n\t<meta property=\"og:image:height\" content=\"630\" \/>\n\t<meta property=\"og:image:type\" content=\"image\/jpeg\" \/>\n<meta name=\"author\" content=\"webmaster kapitalis\" \/>\n<meta name=\"twitter:card\" content=\"summary_large_image\" \/>\n<meta name=\"twitter:creator\" content=\"@KapitalisInfo\" \/>\n<meta name=\"twitter:site\" content=\"@KapitalisInfo\" \/>\n<meta name=\"twitter:label1\" content=\"\u00c9crit par\" \/>\n\t<meta name=\"twitter:data1\" content=\"webmaster kapitalis\" \/>\n\t<meta name=\"twitter:label2\" content=\"Dur\u00e9e de lecture estim\u00e9e\" \/>\n\t<meta name=\"twitter:data2\" content=\"3 minutes\" \/>\n<script type=\"application\/ld+json\" class=\"yoast-schema-graph\">{\"@context\":\"https:\/\/schema.org\",\"@graph\":[{\"@type\":\"Article\",\"@id\":\"https:\/\/kapitalis.com\/tunisie\/2022\/06\/03\/tunisie-la-berd-etudie-la-demande-de-pret-de-loffice-des-cereales\/#article\",\"isPartOf\":{\"@id\":\"https:\/\/kapitalis.com\/tunisie\/2022\/06\/03\/tunisie-la-berd-etudie-la-demande-de-pret-de-loffice-des-cereales\/\"},\"author\":{\"name\":\"webmaster kapitalis\",\"@id\":\"https:\/\/kapitalis.com\/tunisie\/#\/schema\/person\/d71f33a9ca44f7bad4698210b480c8e9\"},\"headline\":\"Tunisie\u00a0: la Berd \u00e9tudie la demande de pr\u00eat de l&rsquo;Office des c\u00e9r\u00e9ales\",\"datePublished\":\"2022-06-03T09:28:52+00:00\",\"dateModified\":\"2022-06-03T09:28:54+00:00\",\"mainEntityOfPage\":{\"@id\":\"https:\/\/kapitalis.com\/tunisie\/2022\/06\/03\/tunisie-la-berd-etudie-la-demande-de-pret-de-loffice-des-cereales\/\"},\"wordCount\":590,\"commentCount\":1,\"publisher\":{\"@id\":\"https:\/\/kapitalis.com\/tunisie\/#organization\"},\"image\":{\"@id\":\"https:\/\/kapitalis.com\/tunisie\/2022\/06\/03\/tunisie-la-berd-etudie-la-demande-de-pret-de-loffice-des-cereales\/#primaryimage\"},\"thumbnailUrl\":\"https:\/\/kapitalis.com\/tunisie\/wp-content\/uploads\/2022\/06\/Silos-de-Ble.jpg\",\"keywords\":[\"Agriculture\",\"Berd\",\"Faten Khammassi\",\"Office des c\u00e9r\u00e9ales\",\"Onagri\",\"s\u00e9curit\u00e9 alimentaire\",\"Tunisie\"],\"articleSection\":[\"ECONOMIE\",\"Tunisie\"],\"inLanguage\":\"fr-FR\",\"potentialAction\":[{\"@type\":\"CommentAction\",\"name\":\"Comment\",\"target\":[\"https:\/\/kapitalis.com\/tunisie\/2022\/06\/03\/tunisie-la-berd-etudie-la-demande-de-pret-de-loffice-des-cereales\/#respond\"]}]},{\"@type\":\"WebPage\",\"@id\":\"https:\/\/kapitalis.com\/tunisie\/2022\/06\/03\/tunisie-la-berd-etudie-la-demande-de-pret-de-loffice-des-cereales\/\",\"url\":\"https:\/\/kapitalis.com\/tunisie\/2022\/06\/03\/tunisie-la-berd-etudie-la-demande-de-pret-de-loffice-des-cereales\/\",\"name\":\"Tunisie\u00a0: la Berd \u00e9tudie la demande de pr\u00eat de l'Office des c\u00e9r\u00e9ales - Kapitalis\",\"isPartOf\":{\"@id\":\"https:\/\/kapitalis.com\/tunisie\/#website\"},\"primaryImageOfPage\":{\"@id\":\"https:\/\/kapitalis.com\/tunisie\/2022\/06\/03\/tunisie-la-berd-etudie-la-demande-de-pret-de-loffice-des-cereales\/#primaryimage\"},\"image\":{\"@id\":\"https:\/\/kapitalis.com\/tunisie\/2022\/06\/03\/tunisie-la-berd-etudie-la-demande-de-pret-de-loffice-des-cereales\/#primaryimage\"},\"thumbnailUrl\":\"https:\/\/kapitalis.com\/tunisie\/wp-content\/uploads\/2022\/06\/Silos-de-Ble.jpg\",\"datePublished\":\"2022-06-03T09:28:52+00:00\",\"dateModified\":\"2022-06-03T09:28:54+00:00\",\"breadcrumb\":{\"@id\":\"https:\/\/kapitalis.com\/tunisie\/2022\/06\/03\/tunisie-la-berd-etudie-la-demande-de-pret-de-loffice-des-cereales\/#breadcrumb\"},\"inLanguage\":\"fr-FR\",\"potentialAction\":[{\"@type\":\"ReadAction\",\"target\":[\"https:\/\/kapitalis.com\/tunisie\/2022\/06\/03\/tunisie-la-berd-etudie-la-demande-de-pret-de-loffice-des-cereales\/\"]}]},{\"@type\":\"ImageObject\",\"inLanguage\":\"fr-FR\",\"@id\":\"https:\/\/kapitalis.com\/tunisie\/2022\/06\/03\/tunisie-la-berd-etudie-la-demande-de-pret-de-loffice-des-cereales\/#primaryimage\",\"url\":\"https:\/\/kapitalis.com\/tunisie\/wp-content\/uploads\/2022\/06\/Silos-de-Ble.jpg\",\"contentUrl\":\"https:\/\/kapitalis.com\/tunisie\/wp-content\/uploads\/2022\/06\/Silos-de-Ble.jpg\",\"width\":1200,\"height\":630},{\"@type\":\"BreadcrumbList\",\"@id\":\"https:\/\/kapitalis.com\/tunisie\/2022\/06\/03\/tunisie-la-berd-etudie-la-demande-de-pret-de-loffice-des-cereales\/#breadcrumb\",\"itemListElement\":[{\"@type\":\"ListItem\",\"position\":1,\"name\":\"Accueil\",\"item\":\"https:\/\/kapitalis.com\/tunisie\/\"},{\"@type\":\"ListItem\",\"position\":2,\"name\":\"Tunisie\u00a0: la Berd \u00e9tudie la demande de pr\u00eat de l&rsquo;Office des c\u00e9r\u00e9ales\"}]},{\"@type\":\"WebSite\",\"@id\":\"https:\/\/kapitalis.com\/tunisie\/#website\",\"url\":\"https:\/\/kapitalis.com\/tunisie\/\",\"name\":\"Kapitalis\",\"description\":\"L&#039;actualit\u00e9 en Tunisie et dans le monde\",\"publisher\":{\"@id\":\"https:\/\/kapitalis.com\/tunisie\/#organization\"},\"potentialAction\":[{\"@type\":\"SearchAction\",\"target\":{\"@type\":\"EntryPoint\",\"urlTemplate\":\"https:\/\/kapitalis.com\/tunisie\/?s={search_term_string}\"},\"query-input\":{\"@type\":\"PropertyValueSpecification\",\"valueRequired\":true,\"valueName\":\"search_term_string\"}}],\"inLanguage\":\"fr-FR\"},{\"@type\":\"Organization\",\"@id\":\"https:\/\/kapitalis.com\/tunisie\/#organization\",\"name\":\"Kapitalis\",\"url\":\"https:\/\/kapitalis.com\/tunisie\/\",\"logo\":{\"@type\":\"ImageObject\",\"inLanguage\":\"fr-FR\",\"@id\":\"https:\/\/kapitalis.com\/tunisie\/#\/schema\/logo\/image\/\",\"url\":\"https:\/\/kapitalis.com\/tunisie\/wp-content\/uploads\/2022\/05\/Kapitalis-big-size.png\",\"contentUrl\":\"https:\/\/kapitalis.com\/tunisie\/wp-content\/uploads\/2022\/05\/Kapitalis-big-size.png\",\"width\":5000,\"height\":1500,\"caption\":\"Kapitalis\"},\"image\":{\"@id\":\"https:\/\/kapitalis.com\/tunisie\/#\/schema\/logo\/image\/\"},\"sameAs\":[\"https:\/\/www.facebook.com\/KapitalisInfo\/\",\"https:\/\/x.com\/KapitalisInfo\",\"https:\/\/www.youtube.com\/channel\/UC-yDYrHyfFBWWZaOw3FPg9Q\"]},{\"@type\":\"Person\",\"@id\":\"https:\/\/kapitalis.com\/tunisie\/#\/schema\/person\/d71f33a9ca44f7bad4698210b480c8e9\",\"name\":\"webmaster kapitalis\",\"url\":\"https:\/\/kapitalis.com\/tunisie\/author\/webmaster-kapitalis\/\"}]}<\/script>\n<!-- \/ Yoast SEO plugin. -->","yoast_head_json":{"title":"Tunisie\u00a0: la Berd \u00e9tudie la demande de pr\u00eat de l'Office des c\u00e9r\u00e9ales - Kapitalis","robots":{"index":"index","follow":"follow","max-snippet":"max-snippet:-1","max-image-preview":"max-image-preview:large","max-video-preview":"max-video-preview:-1"},"canonical":"https:\/\/kapitalis.com\/tunisie\/2022\/06\/03\/tunisie-la-berd-etudie-la-demande-de-pret-de-loffice-des-cereales\/","og_locale":"fr_FR","og_type":"article","og_title":"Tunisie\u00a0: la Berd \u00e9tudie la demande de pr\u00eat de l'Office des c\u00e9r\u00e9ales - Kapitalis","og_description":"La Berd \u00e9tudie une demande pr\u00e9sent\u00e9e par la Tunisie pour b\u00e9n\u00e9ficier d'un pr\u00eat de 150 millions d'euros afin d'augmenter ses achats de c\u00e9r\u00e9ales.","og_url":"https:\/\/kapitalis.com\/tunisie\/2022\/06\/03\/tunisie-la-berd-etudie-la-demande-de-pret-de-loffice-des-cereales\/","og_site_name":"Kapitalis","article_publisher":"https:\/\/www.facebook.com\/KapitalisInfo\/","article_published_time":"2022-06-03T09:28:52+00:00","article_modified_time":"2022-06-03T09:28:54+00:00","og_image":[{"width":1200,"height":630,"url":"https:\/\/kapitalis.com\/tunisie\/wp-content\/uploads\/2022\/06\/Silos-de-Ble.jpg","type":"image\/jpeg"}],"author":"webmaster kapitalis","twitter_card":"summary_large_image","twitter_creator":"@KapitalisInfo","twitter_site":"@KapitalisInfo","twitter_misc":{"\u00c9crit par":"webmaster kapitalis","Dur\u00e9e de lecture estim\u00e9e":"3 minutes"},"schema":{"@context":"https:\/\/schema.org","@graph":[{"@type":"Article","@id":"https:\/\/kapitalis.com\/tunisie\/2022\/06\/03\/tunisie-la-berd-etudie-la-demande-de-pret-de-loffice-des-cereales\/#article","isPartOf":{"@id":"https:\/\/kapitalis.com\/tunisie\/2022\/06\/03\/tunisie-la-berd-etudie-la-demande-de-pret-de-loffice-des-cereales\/"},"author":{"name":"webmaster kapitalis","@id":"https:\/\/kapitalis.com\/tunisie\/#\/schema\/person\/d71f33a9ca44f7bad4698210b480c8e9"},"headline":"Tunisie\u00a0: la Berd \u00e9tudie la demande de pr\u00eat de l&rsquo;Office des c\u00e9r\u00e9ales","datePublished":"2022-06-03T09:28:52+00:00","dateModified":"2022-06-03T09:28:54+00:00","mainEntityOfPage":{"@id":"https:\/\/kapitalis.com\/tunisie\/2022\/06\/03\/tunisie-la-berd-etudie-la-demande-de-pret-de-loffice-des-cereales\/"},"wordCount":590,"commentCount":1,"publisher":{"@id":"https:\/\/kapitalis.com\/tunisie\/#organization"},"image":{"@id":"https:\/\/kapitalis.com\/tunisie\/2022\/06\/03\/tunisie-la-berd-etudie-la-demande-de-pret-de-loffice-des-cereales\/#primaryimage"},"thumbnailUrl":"https:\/\/kapitalis.com\/tunisie\/wp-content\/uploads\/2022\/06\/Silos-de-Ble.jpg","keywords":["Agriculture","Berd","Faten Khammassi","Office des c\u00e9r\u00e9ales","Onagri","s\u00e9curit\u00e9 alimentaire","Tunisie"],"articleSection":["ECONOMIE","Tunisie"],"inLanguage":"fr-FR","potentialAction":[{"@type":"CommentAction","name":"Comment","target":["https:\/\/kapitalis.com\/tunisie\/2022\/06\/03\/tunisie-la-berd-etudie-la-demande-de-pret-de-loffice-des-cereales\/#respond"]}]},{"@type":"WebPage","@id":"https:\/\/kapitalis.com\/tunisie\/2022\/06\/03\/tunisie-la-berd-etudie-la-demande-de-pret-de-loffice-des-cereales\/","url":"https:\/\/kapitalis.com\/tunisie\/2022\/06\/03\/tunisie-la-berd-etudie-la-demande-de-pret-de-loffice-des-cereales\/","name":"Tunisie\u00a0: la Berd \u00e9tudie la demande de pr\u00eat de l'Office des c\u00e9r\u00e9ales - Kapitalis","isPartOf":{"@id":"https:\/\/kapitalis.com\/tunisie\/#website"},"primaryImageOfPage":{"@id":"https:\/\/kapitalis.com\/tunisie\/2022\/06\/03\/tunisie-la-berd-etudie-la-demande-de-pret-de-loffice-des-cereales\/#primaryimage"},"image":{"@id":"https:\/\/kapitalis.com\/tunisie\/2022\/06\/03\/tunisie-la-berd-etudie-la-demande-de-pret-de-loffice-des-cereales\/#primaryimage"},"thumbnailUrl":"https:\/\/kapitalis.com\/tunisie\/wp-content\/uploads\/2022\/06\/Silos-de-Ble.jpg","datePublished":"2022-06-03T09:28:52+00:00","dateModified":"2022-06-03T09:28:54+00:00","breadcrumb":{"@id":"https:\/\/kapitalis.com\/tunisie\/2022\/06\/03\/tunisie-la-berd-etudie-la-demande-de-pret-de-loffice-des-cereales\/#breadcrumb"},"inLanguage":"fr-FR","potentialAction":[{"@type":"ReadAction","target":["https:\/\/kapitalis.com\/tunisie\/2022\/06\/03\/tunisie-la-berd-etudie-la-demande-de-pret-de-loffice-des-cereales\/"]}]},{"@type":"ImageObject","inLanguage":"fr-FR","@id":"https:\/\/kapitalis.com\/tunisie\/2022\/06\/03\/tunisie-la-berd-etudie-la-demande-de-pret-de-loffice-des-cereales\/#primaryimage","url":"https:\/\/kapitalis.com\/tunisie\/wp-content\/uploads\/2022\/06\/Silos-de-Ble.jpg","contentUrl":"https:\/\/kapitalis.com\/tunisie\/wp-content\/uploads\/2022\/06\/Silos-de-Ble.jpg","width":1200,"height":630},{"@type":"BreadcrumbList","@id":"https:\/\/kapitalis.com\/tunisie\/2022\/06\/03\/tunisie-la-berd-etudie-la-demande-de-pret-de-loffice-des-cereales\/#breadcrumb","itemListElement":[{"@type":"ListItem","position":1,"name":"Accueil","item":"https:\/\/kapitalis.com\/tunisie\/"},{"@type":"ListItem","position":2,"name":"Tunisie\u00a0: la Berd \u00e9tudie la demande de pr\u00eat de l&rsquo;Office des c\u00e9r\u00e9ales"}]},{"@type":"WebSite","@id":"https:\/\/kapitalis.com\/tunisie\/#website","url":"https:\/\/kapitalis.com\/tunisie\/","name":"Kapitalis","description":"L&#039;actualit\u00e9 en Tunisie et dans le monde","publisher":{"@id":"https:\/\/kapitalis.com\/tunisie\/#organization"},"potentialAction":[{"@type":"SearchAction","target":{"@type":"EntryPoint","urlTemplate":"https:\/\/kapitalis.com\/tunisie\/?s={search_term_string}"},"query-input":{"@type":"PropertyValueSpecification","valueRequired":true,"valueName":"search_term_string"}}],"inLanguage":"fr-FR"},{"@type":"Organization","@id":"https:\/\/kapitalis.com\/tunisie\/#organization","name":"Kapitalis","url":"https:\/\/kapitalis.com\/tunisie\/","logo":{"@type":"ImageObject","inLanguage":"fr-FR","@id":"https:\/\/kapitalis.com\/tunisie\/#\/schema\/logo\/image\/","url":"https:\/\/kapitalis.com\/tunisie\/wp-content\/uploads\/2022\/05\/Kapitalis-big-size.png","contentUrl":"https:\/\/kapitalis.com\/tunisie\/wp-content\/uploads\/2022\/05\/Kapitalis-big-size.png","width":5000,"height":1500,"caption":"Kapitalis"},"image":{"@id":"https:\/\/kapitalis.com\/tunisie\/#\/schema\/logo\/image\/"},"sameAs":["https:\/\/www.facebook.com\/KapitalisInfo\/","https:\/\/x.com\/KapitalisInfo","https:\/\/www.youtube.com\/channel\/UC-yDYrHyfFBWWZaOw3FPg9Q"]},{"@type":"Person","@id":"https:\/\/kapitalis.com\/tunisie\/#\/schema\/person\/d71f33a9ca44f7bad4698210b480c8e9","name":"webmaster kapitalis","url":"https:\/\/kapitalis.com\/tunisie\/author\/webmaster-kapitalis\/"}]}},"_links":{"self":[{"href":"https:\/\/kapitalis.com\/tunisie\/wp-json\/wp\/v2\/posts\/1216348","targetHints":{"allow":["GET"]}}],"collection":[{"href":"https:\/\/kapitalis.com\/tunisie\/wp-json\/wp\/v2\/posts"}],"about":[{"href":"https:\/\/kapitalis.com\/tunisie\/wp-json\/wp\/v2\/types\/post"}],"author":[{"embeddable":true,"href":"https:\/\/kapitalis.com\/tunisie\/wp-json\/wp\/v2\/users\/8"}],"replies":[{"embeddable":true,"href":"https:\/\/kapitalis.com\/tunisie\/wp-json\/wp\/v2\/comments?post=1216348"}],"version-history":[{"count":0,"href":"https:\/\/kapitalis.com\/tunisie\/wp-json\/wp\/v2\/posts\/1216348\/revisions"}],"wp:featuredmedia":[{"embeddable":true,"href":"https:\/\/kapitalis.com\/tunisie\/wp-json\/wp\/v2\/media\/1216669"}],"wp:attachment":[{"href":"https:\/\/kapitalis.com\/tunisie\/wp-json\/wp\/v2\/media?parent=1216348"}],"wp:term":[{"taxonomy":"category","embeddable":true,"href":"https:\/\/kapitalis.com\/tunisie\/wp-json\/wp\/v2\/categories?post=1216348"},{"taxonomy":"post_tag","embeddable":true,"href":"https:\/\/kapitalis.com\/tunisie\/wp-json\/wp\/v2\/tags?post=1216348"}],"curies":[{"name":"wp","href":"https:\/\/api.w.org\/{rel}","templated":true}]}}