{"id":12164016,"date":"2024-03-20T23:45:42","date_gmt":"2024-03-20T22:45:42","guid":{"rendered":"https:\/\/kapitalis.com\/tunisie\/?p=12164016"},"modified":"2024-03-20T23:58:45","modified_gmt":"2024-03-20T22:58:45","slug":"layali-ramadan-2024-soiree-dediee-a-la-journee-internationale-de-la-poesie-a-lift","status":"publish","type":"post","link":"https:\/\/kapitalis.com\/tunisie\/2024\/03\/20\/layali-ramadan-2024-soiree-dediee-a-la-journee-internationale-de-la-poesie-a-lift\/","title":{"rendered":"Layali Ramadan 2024 : Soir\u00e9e d\u00e9di\u00e9e \u00e0 la Journ\u00e9e internationale de la po\u00e9sie \u00e0 l&rsquo;IFT"},"content":{"rendered":"\n<p><strong><em>Dans le cadre des soir\u00e9es \u00ab\u00a0Layali Ramadan 2024\u00a0\u00bb, l&rsquo;Institut fran\u00e7ais de Tunisie vous propose un soir\u00e9e d\u00e9di\u00e9e \u00e0 la \u00ab\u00a0Journ\u00e9e internationale de la po\u00e9sie\u00a0\u00bb avec trois moments forts, le jeudi 21 mars \u00e0 21h30.<\/em><\/strong><\/p>\n\n\n\n<!--more-->\n\n\n\n<p>\ud83d\udd39 La soir\u00e9e d\u00e9bute tout en po\u00e9sie orchestr\u00e9e par Marianne Catzaras. Sous le ciel \u00e9toil\u00e9 de la M\u00e9diterran\u00e9e, l\u2019artiste-po\u00e9tesse invite des voix artistiques diverses pour raconter l\u2019histoire du monde et ses tourments, mais aussi une vie d\u2019espoir et de r\u00eaves. Venez c\u00e9l\u00e9brer la po\u00e9sie, le pays, l\u2019amour, le combat, la nostalgie\u2026 avec Ahlem Ghayaza, Moncef Louhaibi, Malek Sebai et bien d\u2019autres.<\/p>\n\n\n\n<p>\ud83d\udd39 La m\u00e9diath\u00e8que de l&rsquo;Institut fran\u00e7ais de Tunisie vous propose un atelier d&rsquo;initiation \u00e0 la calligraphie arabe avec Noura Mzoughi, artiste plasticienne pluridisciplinaire.<\/p>\n\n\n\n<p>Cet atelier est destin\u00e9 au jeune public (\u00e0 partir de 10 ans) sur inscription aupr\u00e8s de : mounira.benchaabane@institutfrancais-tunisie.com<\/p>\n\n\n\n<p>\ud83d\udd39 \u00ab\u00a0Quelle langue parlait Cro-Magnon ?\u00a0\u00bb, \u00ab\u00a0\u00c0 qui appartiennent les langues ?\u00a0\u00bb, \u00ab\u00a0Peut-on tout dire dans toutes les langues ?\u00a0\u00bb\u2026 Venez jouer avec les langues et explorer la diversit\u00e9 linguistique avec nous \u00e0 l\u2019occasion de la \u00ab\u00a0F\u00eate de la Francophonie\u00a0\u00bb.<\/p>\n\n\n\n<p>Cet atelier est ouvert \u00e0 tous sans limite d&rsquo;\u00e2ge.<br>Entr\u00e9e libre dans la limite des places disponibles.<\/p>\n\n\n\n<p><\/p>\n\n\n\n<p class=\"has-text-align-right\"><strong>Communiqu\u00e9<\/strong> <\/p>\n","protected":false},"excerpt":{"rendered":"<p>Dans le cadre des soir\u00e9es \u00ab\u00a0Layali Ramadan 2024\u00a0\u00bb, l&rsquo;Institut fran\u00e7ais de Tunisie vous propose un soir\u00e9e d\u00e9di\u00e9e \u00e0 la \u00ab\u00a0Journ\u00e9e internationale de la po\u00e9sie\u00a0\u00bb avec trois moments forts, le jeudi 21 mars \u00e0 21h30.<\/p>\n","protected":false},"author":6,"featured_media":12164059,"comment_status":"open","ping_status":"open","sticky":false,"template":"","format":"standard","meta":{"footnotes":""},"categories":[994,2433],"tags":[114556,3226,114554,114555,30825,106315,114557],"class_list":["post-12164016","post","type-post","status-publish","format-standard","has-post-thumbnail","hentry","category-culture","category-tunisie","tag-ahlem-ghayaza","tag-institut-francais-de-tunisie","tag-journee-internationale-de-la-poesie","tag-malek-sebai","tag-marianne-catzaras","tag-moncef-louhaibi","tag-noura-mzoughi"],"yoast_head":"<!-- This site is optimized with the Yoast SEO plugin v26.6 - https:\/\/yoast.com\/wordpress\/plugins\/seo\/ -->\n<title>Layali Ramadan 2024 : Soir\u00e9e d\u00e9di\u00e9e \u00e0 la Journ\u00e9e internationale de la po\u00e9sie \u00e0 l&#039;IFT - Kapitalis<\/title>\n<meta name=\"robots\" content=\"index, follow, max-snippet:-1, max-image-preview:large, max-video-preview:-1\" \/>\n<link rel=\"canonical\" href=\"https:\/\/kapitalis.com\/tunisie\/2024\/03\/20\/layali-ramadan-2024-soiree-dediee-a-la-journee-internationale-de-la-poesie-a-lift\/\" \/>\n<meta property=\"og:locale\" content=\"fr_FR\" \/>\n<meta property=\"og:type\" content=\"article\" \/>\n<meta property=\"og:title\" content=\"Layali Ramadan 2024 : Soir\u00e9e d\u00e9di\u00e9e \u00e0 la Journ\u00e9e internationale de la po\u00e9sie \u00e0 l&#039;IFT - Kapitalis\" \/>\n<meta property=\"og:description\" content=\"Dans le cadre des soir\u00e9es \u00ab\u00a0Layali Ramadan 2024\u00a0\u00bb, l&rsquo;Institut fran\u00e7ais de Tunisie vous propose un soir\u00e9e d\u00e9di\u00e9e \u00e0 la \u00ab\u00a0Journ\u00e9e internationale de la po\u00e9sie\u00a0\u00bb avec trois moments forts, le jeudi 21 mars \u00e0 21h30.\" \/>\n<meta property=\"og:url\" content=\"https:\/\/kapitalis.com\/tunisie\/2024\/03\/20\/layali-ramadan-2024-soiree-dediee-a-la-journee-internationale-de-la-poesie-a-lift\/\" \/>\n<meta property=\"og:site_name\" content=\"Kapitalis\" \/>\n<meta property=\"article:publisher\" content=\"https:\/\/www.facebook.com\/KapitalisInfo\/\" \/>\n<meta property=\"article:published_time\" content=\"2024-03-20T22:45:42+00:00\" \/>\n<meta property=\"article:modified_time\" content=\"2024-03-20T22:58:45+00:00\" \/>\n<meta property=\"og:image\" content=\"https:\/\/kapitalis.com\/tunisie\/wp-content\/uploads\/2024\/03\/Journee-internationale-de-la-poesie.jpg\" \/>\n\t<meta property=\"og:image:width\" content=\"1200\" \/>\n\t<meta property=\"og:image:height\" content=\"630\" \/>\n\t<meta property=\"og:image:type\" content=\"image\/jpeg\" \/>\n<meta name=\"author\" content=\"Yusra NY\" \/>\n<meta name=\"twitter:card\" content=\"summary_large_image\" \/>\n<meta name=\"twitter:creator\" content=\"@KapitalisInfo\" \/>\n<meta name=\"twitter:site\" content=\"@KapitalisInfo\" \/>\n<meta name=\"twitter:label1\" content=\"\u00c9crit par\" \/>\n\t<meta name=\"twitter:data1\" content=\"Yusra NY\" \/>\n\t<meta name=\"twitter:label2\" content=\"Dur\u00e9e de lecture estim\u00e9e\" \/>\n\t<meta name=\"twitter:data2\" content=\"1 minute\" \/>\n<script type=\"application\/ld+json\" class=\"yoast-schema-graph\">{\"@context\":\"https:\/\/schema.org\",\"@graph\":[{\"@type\":\"Article\",\"@id\":\"https:\/\/kapitalis.com\/tunisie\/2024\/03\/20\/layali-ramadan-2024-soiree-dediee-a-la-journee-internationale-de-la-poesie-a-lift\/#article\",\"isPartOf\":{\"@id\":\"https:\/\/kapitalis.com\/tunisie\/2024\/03\/20\/layali-ramadan-2024-soiree-dediee-a-la-journee-internationale-de-la-poesie-a-lift\/\"},\"author\":{\"name\":\"Yusra NY\",\"@id\":\"https:\/\/kapitalis.com\/tunisie\/#\/schema\/person\/74bbde0154d49d790a92aaeac5bc01d5\"},\"headline\":\"Layali Ramadan 2024 : Soir\u00e9e d\u00e9di\u00e9e \u00e0 la Journ\u00e9e internationale de la po\u00e9sie \u00e0 l&rsquo;IFT\",\"datePublished\":\"2024-03-20T22:45:42+00:00\",\"dateModified\":\"2024-03-20T22:58:45+00:00\",\"mainEntityOfPage\":{\"@id\":\"https:\/\/kapitalis.com\/tunisie\/2024\/03\/20\/layali-ramadan-2024-soiree-dediee-a-la-journee-internationale-de-la-poesie-a-lift\/\"},\"wordCount\":227,\"commentCount\":0,\"publisher\":{\"@id\":\"https:\/\/kapitalis.com\/tunisie\/#organization\"},\"image\":{\"@id\":\"https:\/\/kapitalis.com\/tunisie\/2024\/03\/20\/layali-ramadan-2024-soiree-dediee-a-la-journee-internationale-de-la-poesie-a-lift\/#primaryimage\"},\"thumbnailUrl\":\"https:\/\/kapitalis.com\/tunisie\/wp-content\/uploads\/2024\/03\/Journee-internationale-de-la-poesie.jpg\",\"keywords\":[\"Ahlem Ghayaza\",\"Institut fran\u00e7ais de Tunisie\",\"Journ\u00e9e internationale de la po\u00e9sie\",\"Malek Sebai\",\"Marianne Catzaras\",\"Moncef Louhaibi\",\"Noura Mzoughi\"],\"articleSection\":[\"CULTURE\",\"Tunisie\"],\"inLanguage\":\"fr-FR\",\"potentialAction\":[{\"@type\":\"CommentAction\",\"name\":\"Comment\",\"target\":[\"https:\/\/kapitalis.com\/tunisie\/2024\/03\/20\/layali-ramadan-2024-soiree-dediee-a-la-journee-internationale-de-la-poesie-a-lift\/#respond\"]}]},{\"@type\":\"WebPage\",\"@id\":\"https:\/\/kapitalis.com\/tunisie\/2024\/03\/20\/layali-ramadan-2024-soiree-dediee-a-la-journee-internationale-de-la-poesie-a-lift\/\",\"url\":\"https:\/\/kapitalis.com\/tunisie\/2024\/03\/20\/layali-ramadan-2024-soiree-dediee-a-la-journee-internationale-de-la-poesie-a-lift\/\",\"name\":\"Layali Ramadan 2024 : Soir\u00e9e d\u00e9di\u00e9e \u00e0 la Journ\u00e9e internationale de la po\u00e9sie \u00e0 l'IFT - Kapitalis\",\"isPartOf\":{\"@id\":\"https:\/\/kapitalis.com\/tunisie\/#website\"},\"primaryImageOfPage\":{\"@id\":\"https:\/\/kapitalis.com\/tunisie\/2024\/03\/20\/layali-ramadan-2024-soiree-dediee-a-la-journee-internationale-de-la-poesie-a-lift\/#primaryimage\"},\"image\":{\"@id\":\"https:\/\/kapitalis.com\/tunisie\/2024\/03\/20\/layali-ramadan-2024-soiree-dediee-a-la-journee-internationale-de-la-poesie-a-lift\/#primaryimage\"},\"thumbnailUrl\":\"https:\/\/kapitalis.com\/tunisie\/wp-content\/uploads\/2024\/03\/Journee-internationale-de-la-poesie.jpg\",\"datePublished\":\"2024-03-20T22:45:42+00:00\",\"dateModified\":\"2024-03-20T22:58:45+00:00\",\"breadcrumb\":{\"@id\":\"https:\/\/kapitalis.com\/tunisie\/2024\/03\/20\/layali-ramadan-2024-soiree-dediee-a-la-journee-internationale-de-la-poesie-a-lift\/#breadcrumb\"},\"inLanguage\":\"fr-FR\",\"potentialAction\":[{\"@type\":\"ReadAction\",\"target\":[\"https:\/\/kapitalis.com\/tunisie\/2024\/03\/20\/layali-ramadan-2024-soiree-dediee-a-la-journee-internationale-de-la-poesie-a-lift\/\"]}]},{\"@type\":\"ImageObject\",\"inLanguage\":\"fr-FR\",\"@id\":\"https:\/\/kapitalis.com\/tunisie\/2024\/03\/20\/layali-ramadan-2024-soiree-dediee-a-la-journee-internationale-de-la-poesie-a-lift\/#primaryimage\",\"url\":\"https:\/\/kapitalis.com\/tunisie\/wp-content\/uploads\/2024\/03\/Journee-internationale-de-la-poesie.jpg\",\"contentUrl\":\"https:\/\/kapitalis.com\/tunisie\/wp-content\/uploads\/2024\/03\/Journee-internationale-de-la-poesie.jpg\",\"width\":1200,\"height\":630},{\"@type\":\"BreadcrumbList\",\"@id\":\"https:\/\/kapitalis.com\/tunisie\/2024\/03\/20\/layali-ramadan-2024-soiree-dediee-a-la-journee-internationale-de-la-poesie-a-lift\/#breadcrumb\",\"itemListElement\":[{\"@type\":\"ListItem\",\"position\":1,\"name\":\"Accueil\",\"item\":\"https:\/\/kapitalis.com\/tunisie\/\"},{\"@type\":\"ListItem\",\"position\":2,\"name\":\"Layali Ramadan 2024 : Soir\u00e9e d\u00e9di\u00e9e \u00e0 la Journ\u00e9e internationale de la po\u00e9sie \u00e0 l&rsquo;IFT\"}]},{\"@type\":\"WebSite\",\"@id\":\"https:\/\/kapitalis.com\/tunisie\/#website\",\"url\":\"https:\/\/kapitalis.com\/tunisie\/\",\"name\":\"Kapitalis\",\"description\":\"L&#039;actualit\u00e9 en Tunisie et dans le monde\",\"publisher\":{\"@id\":\"https:\/\/kapitalis.com\/tunisie\/#organization\"},\"potentialAction\":[{\"@type\":\"SearchAction\",\"target\":{\"@type\":\"EntryPoint\",\"urlTemplate\":\"https:\/\/kapitalis.com\/tunisie\/?s={search_term_string}\"},\"query-input\":{\"@type\":\"PropertyValueSpecification\",\"valueRequired\":true,\"valueName\":\"search_term_string\"}}],\"inLanguage\":\"fr-FR\"},{\"@type\":\"Organization\",\"@id\":\"https:\/\/kapitalis.com\/tunisie\/#organization\",\"name\":\"Kapitalis\",\"url\":\"https:\/\/kapitalis.com\/tunisie\/\",\"logo\":{\"@type\":\"ImageObject\",\"inLanguage\":\"fr-FR\",\"@id\":\"https:\/\/kapitalis.com\/tunisie\/#\/schema\/logo\/image\/\",\"url\":\"https:\/\/kapitalis.com\/tunisie\/wp-content\/uploads\/2022\/05\/Kapitalis-big-size.png\",\"contentUrl\":\"https:\/\/kapitalis.com\/tunisie\/wp-content\/uploads\/2022\/05\/Kapitalis-big-size.png\",\"width\":5000,\"height\":1500,\"caption\":\"Kapitalis\"},\"image\":{\"@id\":\"https:\/\/kapitalis.com\/tunisie\/#\/schema\/logo\/image\/\"},\"sameAs\":[\"https:\/\/www.facebook.com\/KapitalisInfo\/\",\"https:\/\/x.com\/KapitalisInfo\",\"https:\/\/www.youtube.com\/channel\/UC-yDYrHyfFBWWZaOw3FPg9Q\"]},{\"@type\":\"Person\",\"@id\":\"https:\/\/kapitalis.com\/tunisie\/#\/schema\/person\/74bbde0154d49d790a92aaeac5bc01d5\",\"name\":\"Yusra NY\",\"url\":\"https:\/\/kapitalis.com\/tunisie\/author\/yuza_adam\/\"}]}<\/script>\n<!-- \/ Yoast SEO plugin. -->","yoast_head_json":{"title":"Layali Ramadan 2024 : Soir\u00e9e d\u00e9di\u00e9e \u00e0 la Journ\u00e9e internationale de la po\u00e9sie \u00e0 l'IFT - Kapitalis","robots":{"index":"index","follow":"follow","max-snippet":"max-snippet:-1","max-image-preview":"max-image-preview:large","max-video-preview":"max-video-preview:-1"},"canonical":"https:\/\/kapitalis.com\/tunisie\/2024\/03\/20\/layali-ramadan-2024-soiree-dediee-a-la-journee-internationale-de-la-poesie-a-lift\/","og_locale":"fr_FR","og_type":"article","og_title":"Layali Ramadan 2024 : Soir\u00e9e d\u00e9di\u00e9e \u00e0 la Journ\u00e9e internationale de la po\u00e9sie \u00e0 l'IFT - Kapitalis","og_description":"Dans le cadre des soir\u00e9es \u00ab\u00a0Layali Ramadan 2024\u00a0\u00bb, l&rsquo;Institut fran\u00e7ais de Tunisie vous propose un soir\u00e9e d\u00e9di\u00e9e \u00e0 la \u00ab\u00a0Journ\u00e9e internationale de la po\u00e9sie\u00a0\u00bb avec trois moments forts, le jeudi 21 mars \u00e0 21h30.","og_url":"https:\/\/kapitalis.com\/tunisie\/2024\/03\/20\/layali-ramadan-2024-soiree-dediee-a-la-journee-internationale-de-la-poesie-a-lift\/","og_site_name":"Kapitalis","article_publisher":"https:\/\/www.facebook.com\/KapitalisInfo\/","article_published_time":"2024-03-20T22:45:42+00:00","article_modified_time":"2024-03-20T22:58:45+00:00","og_image":[{"width":1200,"height":630,"url":"https:\/\/kapitalis.com\/tunisie\/wp-content\/uploads\/2024\/03\/Journee-internationale-de-la-poesie.jpg","type":"image\/jpeg"}],"author":"Yusra NY","twitter_card":"summary_large_image","twitter_creator":"@KapitalisInfo","twitter_site":"@KapitalisInfo","twitter_misc":{"\u00c9crit par":"Yusra NY","Dur\u00e9e de lecture estim\u00e9e":"1 minute"},"schema":{"@context":"https:\/\/schema.org","@graph":[{"@type":"Article","@id":"https:\/\/kapitalis.com\/tunisie\/2024\/03\/20\/layali-ramadan-2024-soiree-dediee-a-la-journee-internationale-de-la-poesie-a-lift\/#article","isPartOf":{"@id":"https:\/\/kapitalis.com\/tunisie\/2024\/03\/20\/layali-ramadan-2024-soiree-dediee-a-la-journee-internationale-de-la-poesie-a-lift\/"},"author":{"name":"Yusra NY","@id":"https:\/\/kapitalis.com\/tunisie\/#\/schema\/person\/74bbde0154d49d790a92aaeac5bc01d5"},"headline":"Layali Ramadan 2024 : Soir\u00e9e d\u00e9di\u00e9e \u00e0 la Journ\u00e9e internationale de la po\u00e9sie \u00e0 l&rsquo;IFT","datePublished":"2024-03-20T22:45:42+00:00","dateModified":"2024-03-20T22:58:45+00:00","mainEntityOfPage":{"@id":"https:\/\/kapitalis.com\/tunisie\/2024\/03\/20\/layali-ramadan-2024-soiree-dediee-a-la-journee-internationale-de-la-poesie-a-lift\/"},"wordCount":227,"commentCount":0,"publisher":{"@id":"https:\/\/kapitalis.com\/tunisie\/#organization"},"image":{"@id":"https:\/\/kapitalis.com\/tunisie\/2024\/03\/20\/layali-ramadan-2024-soiree-dediee-a-la-journee-internationale-de-la-poesie-a-lift\/#primaryimage"},"thumbnailUrl":"https:\/\/kapitalis.com\/tunisie\/wp-content\/uploads\/2024\/03\/Journee-internationale-de-la-poesie.jpg","keywords":["Ahlem Ghayaza","Institut fran\u00e7ais de Tunisie","Journ\u00e9e internationale de la po\u00e9sie","Malek Sebai","Marianne Catzaras","Moncef Louhaibi","Noura Mzoughi"],"articleSection":["CULTURE","Tunisie"],"inLanguage":"fr-FR","potentialAction":[{"@type":"CommentAction","name":"Comment","target":["https:\/\/kapitalis.com\/tunisie\/2024\/03\/20\/layali-ramadan-2024-soiree-dediee-a-la-journee-internationale-de-la-poesie-a-lift\/#respond"]}]},{"@type":"WebPage","@id":"https:\/\/kapitalis.com\/tunisie\/2024\/03\/20\/layali-ramadan-2024-soiree-dediee-a-la-journee-internationale-de-la-poesie-a-lift\/","url":"https:\/\/kapitalis.com\/tunisie\/2024\/03\/20\/layali-ramadan-2024-soiree-dediee-a-la-journee-internationale-de-la-poesie-a-lift\/","name":"Layali Ramadan 2024 : Soir\u00e9e d\u00e9di\u00e9e \u00e0 la Journ\u00e9e internationale de la po\u00e9sie \u00e0 l'IFT - Kapitalis","isPartOf":{"@id":"https:\/\/kapitalis.com\/tunisie\/#website"},"primaryImageOfPage":{"@id":"https:\/\/kapitalis.com\/tunisie\/2024\/03\/20\/layali-ramadan-2024-soiree-dediee-a-la-journee-internationale-de-la-poesie-a-lift\/#primaryimage"},"image":{"@id":"https:\/\/kapitalis.com\/tunisie\/2024\/03\/20\/layali-ramadan-2024-soiree-dediee-a-la-journee-internationale-de-la-poesie-a-lift\/#primaryimage"},"thumbnailUrl":"https:\/\/kapitalis.com\/tunisie\/wp-content\/uploads\/2024\/03\/Journee-internationale-de-la-poesie.jpg","datePublished":"2024-03-20T22:45:42+00:00","dateModified":"2024-03-20T22:58:45+00:00","breadcrumb":{"@id":"https:\/\/kapitalis.com\/tunisie\/2024\/03\/20\/layali-ramadan-2024-soiree-dediee-a-la-journee-internationale-de-la-poesie-a-lift\/#breadcrumb"},"inLanguage":"fr-FR","potentialAction":[{"@type":"ReadAction","target":["https:\/\/kapitalis.com\/tunisie\/2024\/03\/20\/layali-ramadan-2024-soiree-dediee-a-la-journee-internationale-de-la-poesie-a-lift\/"]}]},{"@type":"ImageObject","inLanguage":"fr-FR","@id":"https:\/\/kapitalis.com\/tunisie\/2024\/03\/20\/layali-ramadan-2024-soiree-dediee-a-la-journee-internationale-de-la-poesie-a-lift\/#primaryimage","url":"https:\/\/kapitalis.com\/tunisie\/wp-content\/uploads\/2024\/03\/Journee-internationale-de-la-poesie.jpg","contentUrl":"https:\/\/kapitalis.com\/tunisie\/wp-content\/uploads\/2024\/03\/Journee-internationale-de-la-poesie.jpg","width":1200,"height":630},{"@type":"BreadcrumbList","@id":"https:\/\/kapitalis.com\/tunisie\/2024\/03\/20\/layali-ramadan-2024-soiree-dediee-a-la-journee-internationale-de-la-poesie-a-lift\/#breadcrumb","itemListElement":[{"@type":"ListItem","position":1,"name":"Accueil","item":"https:\/\/kapitalis.com\/tunisie\/"},{"@type":"ListItem","position":2,"name":"Layali Ramadan 2024 : Soir\u00e9e d\u00e9di\u00e9e \u00e0 la Journ\u00e9e internationale de la po\u00e9sie \u00e0 l&rsquo;IFT"}]},{"@type":"WebSite","@id":"https:\/\/kapitalis.com\/tunisie\/#website","url":"https:\/\/kapitalis.com\/tunisie\/","name":"Kapitalis","description":"L&#039;actualit\u00e9 en Tunisie et dans le monde","publisher":{"@id":"https:\/\/kapitalis.com\/tunisie\/#organization"},"potentialAction":[{"@type":"SearchAction","target":{"@type":"EntryPoint","urlTemplate":"https:\/\/kapitalis.com\/tunisie\/?s={search_term_string}"},"query-input":{"@type":"PropertyValueSpecification","valueRequired":true,"valueName":"search_term_string"}}],"inLanguage":"fr-FR"},{"@type":"Organization","@id":"https:\/\/kapitalis.com\/tunisie\/#organization","name":"Kapitalis","url":"https:\/\/kapitalis.com\/tunisie\/","logo":{"@type":"ImageObject","inLanguage":"fr-FR","@id":"https:\/\/kapitalis.com\/tunisie\/#\/schema\/logo\/image\/","url":"https:\/\/kapitalis.com\/tunisie\/wp-content\/uploads\/2022\/05\/Kapitalis-big-size.png","contentUrl":"https:\/\/kapitalis.com\/tunisie\/wp-content\/uploads\/2022\/05\/Kapitalis-big-size.png","width":5000,"height":1500,"caption":"Kapitalis"},"image":{"@id":"https:\/\/kapitalis.com\/tunisie\/#\/schema\/logo\/image\/"},"sameAs":["https:\/\/www.facebook.com\/KapitalisInfo\/","https:\/\/x.com\/KapitalisInfo","https:\/\/www.youtube.com\/channel\/UC-yDYrHyfFBWWZaOw3FPg9Q"]},{"@type":"Person","@id":"https:\/\/kapitalis.com\/tunisie\/#\/schema\/person\/74bbde0154d49d790a92aaeac5bc01d5","name":"Yusra NY","url":"https:\/\/kapitalis.com\/tunisie\/author\/yuza_adam\/"}]}},"_links":{"self":[{"href":"https:\/\/kapitalis.com\/tunisie\/wp-json\/wp\/v2\/posts\/12164016","targetHints":{"allow":["GET"]}}],"collection":[{"href":"https:\/\/kapitalis.com\/tunisie\/wp-json\/wp\/v2\/posts"}],"about":[{"href":"https:\/\/kapitalis.com\/tunisie\/wp-json\/wp\/v2\/types\/post"}],"author":[{"embeddable":true,"href":"https:\/\/kapitalis.com\/tunisie\/wp-json\/wp\/v2\/users\/6"}],"replies":[{"embeddable":true,"href":"https:\/\/kapitalis.com\/tunisie\/wp-json\/wp\/v2\/comments?post=12164016"}],"version-history":[{"count":1,"href":"https:\/\/kapitalis.com\/tunisie\/wp-json\/wp\/v2\/posts\/12164016\/revisions"}],"predecessor-version":[{"id":12164060,"href":"https:\/\/kapitalis.com\/tunisie\/wp-json\/wp\/v2\/posts\/12164016\/revisions\/12164060"}],"wp:featuredmedia":[{"embeddable":true,"href":"https:\/\/kapitalis.com\/tunisie\/wp-json\/wp\/v2\/media\/12164059"}],"wp:attachment":[{"href":"https:\/\/kapitalis.com\/tunisie\/wp-json\/wp\/v2\/media?parent=12164016"}],"wp:term":[{"taxonomy":"category","embeddable":true,"href":"https:\/\/kapitalis.com\/tunisie\/wp-json\/wp\/v2\/categories?post=12164016"},{"taxonomy":"post_tag","embeddable":true,"href":"https:\/\/kapitalis.com\/tunisie\/wp-json\/wp\/v2\/tags?post=12164016"}],"curies":[{"name":"wp","href":"https:\/\/api.w.org\/{rel}","templated":true}]}}