{"id":12172370,"date":"2024-03-22T09:02:01","date_gmt":"2024-03-22T08:02:01","guid":{"rendered":"https:\/\/kapitalis.com\/tunisie\/?p=12172370"},"modified":"2024-03-22T09:02:52","modified_gmt":"2024-03-22T08:02:52","slug":"tunisie-lordre-des-avocats-denonce-la-regression-des-droits-de-la-defense","status":"publish","type":"post","link":"https:\/\/kapitalis.com\/tunisie\/2024\/03\/22\/tunisie-lordre-des-avocats-denonce-la-regression-des-droits-de-la-defense\/","title":{"rendered":"Tunisie\u00a0: l\u2019Ordre des avocats d\u00e9nonce la r\u00e9gression des droits de la d\u00e9fense"},"content":{"rendered":"\n<p><strong><em>Dans un communiqu\u00e9 publi\u00e9 jeudi 21 mars 2024, suite \u00e0 sa r\u00e9union du mercredi 20 mars, co\u00efncidant avec la c\u00e9l\u00e9bration du 68<sup>e<\/sup> anniversaire de l\u2019ind\u00e9pendance du pays, le Conseil de l\u2019ordre des avocats tunisiens (Onat) a d\u00e9nonc\u00e9 la r\u00e9gression des droits et des libert\u00e9s en Tunisie. \u00a0\u00a0<\/em><\/strong><\/p>\n\n\n\n<!--more-->\n\n\n\n<p>Les avocats sont soumis \u00e0 des restrictions excessives dans l\u2019exercice de leur profession de d\u00e9fense, notamment lorsqu\u2019ils sont amen\u00e9s \u00e0 traiter avec les unit\u00e9s de s\u00e9curit\u00e9 et les services p\u00e9nitentiaires, a indiqu\u00e9 l\u2019Onat, ajoutant que ces mesures arbitraires repr\u00e9sentent une <em>\u00abr\u00e9gression\u00bb<\/em> des droits de la d\u00e9fense et des garanties juridiques pour les citoyens.<\/p>\n\n\n\n<p>Le Conseil de l\u2019Ordre a \u00e9galement critiqu\u00e9 <em>\u00abl\u2019improvisation\u00bb<\/em> qui r\u00e9git la gouvernance du service public de justice, regrettant le climat g\u00e9n\u00e9ral de peur et d\u2019intimidation qui r\u00e8gne dans le secteur ainsi que la r\u00e9currence des violations flagrantes de la loi.<\/p>\n\n\n\n<p>Ce communiqu\u00e9, dont le ton est inhabituellement critique \u00e0 l\u2019\u00e9gard du pouvoir du pr\u00e9sident de la r\u00e9publique Ka\u00efs Sa\u00efed et de la politique qu\u2019il m\u00e8ne depuis la proclamation de l\u2019\u00e9tat d\u2019exception le 25 juillet 2021, a \u00e9t\u00e9 publi\u00e9 au moment o\u00f9 plusieurs avocats sont poursuivis pour des accusations \u00e0 caract\u00e8re politique, notamment Abir Moussi, incarc\u00e9r\u00e9e depuis depuis plus de cinq mois, Ridha Belhadj et Ghazi Chaouachi, eux aussi en prison depuis treize mois, et d\u2019autres sont poursuivis pour des faits li\u00e9s \u00e0 l\u2019exercice de leur profession, sans parler \u00e9galement des journalistes, militants politiques et activistes de la soci\u00e9t\u00e9 civile incarc\u00e9r\u00e9s ou poursuivis pour des d\u00e9clarations dans des m\u00e9dias ou des commentaires sur les r\u00e9seaux sociaux. Ce sont ces faits que l&rsquo;Ordre des avocats \u00e9voque en parlant de climat g\u00e9n\u00e9ral de peur.<\/p>\n\n\n\n<p class=\"has-text-align-right\"><strong>I. B.<\/strong> \u00a0\u00a0\u00a0\u00a0<\/p>\n","protected":false},"excerpt":{"rendered":"<p>L&rsquo;Ordre des avocats tunisiens publie un communiqu\u00e9 inhabituellement critique \u00e0 l\u2019\u00e9gard du pouvoir du pr\u00e9sident de la r\u00e9publique Ka\u00efs Sa\u00efed.  <\/p>\n","protected":false},"author":8,"featured_media":12172413,"comment_status":"open","ping_status":"open","sticky":false,"template":"","format":"standard","meta":{"footnotes":""},"categories":[997,2433],"tags":[15144,15936,76012,4696,88479,62643],"class_list":["post-12172370","post","type-post","status-publish","format-standard","has-post-thumbnail","hentry","category-politique","category-tunisie","tag-abir-moussi","tag-ghazi-chaouachi","tag-kais-saied-2","tag-ordre-des-avocats","tag-ridha-belhadj","tag-tunisie"],"yoast_head":"<!-- This site is optimized with the Yoast SEO plugin v26.6 - https:\/\/yoast.com\/wordpress\/plugins\/seo\/ -->\n<title>Tunisie\u00a0: l\u2019Ordre des avocats d\u00e9nonce la r\u00e9gression des droits de la d\u00e9fense - Kapitalis<\/title>\n<meta name=\"robots\" content=\"index, follow, max-snippet:-1, max-image-preview:large, max-video-preview:-1\" \/>\n<link rel=\"canonical\" href=\"https:\/\/kapitalis.com\/tunisie\/2024\/03\/22\/tunisie-lordre-des-avocats-denonce-la-regression-des-droits-de-la-defense\/\" \/>\n<meta property=\"og:locale\" content=\"fr_FR\" \/>\n<meta property=\"og:type\" content=\"article\" \/>\n<meta property=\"og:title\" content=\"Tunisie\u00a0: l\u2019Ordre des avocats d\u00e9nonce la r\u00e9gression des droits de la d\u00e9fense - Kapitalis\" \/>\n<meta property=\"og:description\" content=\"L&#039;Ordre des avocats tunisiens publie un communiqu\u00e9 inhabituellement critique \u00e0 l\u2019\u00e9gard du pouvoir du pr\u00e9sident de la r\u00e9publique Ka\u00efs Sa\u00efed.\" \/>\n<meta property=\"og:url\" content=\"https:\/\/kapitalis.com\/tunisie\/2024\/03\/22\/tunisie-lordre-des-avocats-denonce-la-regression-des-droits-de-la-defense\/\" \/>\n<meta property=\"og:site_name\" content=\"Kapitalis\" \/>\n<meta property=\"article:publisher\" content=\"https:\/\/www.facebook.com\/KapitalisInfo\/\" \/>\n<meta property=\"article:published_time\" content=\"2024-03-22T08:02:01+00:00\" \/>\n<meta property=\"article:modified_time\" content=\"2024-03-22T08:02:52+00:00\" \/>\n<meta property=\"og:image\" content=\"https:\/\/kapitalis.com\/tunisie\/wp-content\/uploads\/2024\/03\/Hatem-Mziou-Ordre-des-avocats.jpg\" \/>\n\t<meta property=\"og:image:width\" content=\"1200\" \/>\n\t<meta property=\"og:image:height\" content=\"630\" \/>\n\t<meta property=\"og:image:type\" content=\"image\/jpeg\" \/>\n<meta name=\"author\" content=\"webmaster kapitalis\" \/>\n<meta name=\"twitter:card\" content=\"summary_large_image\" \/>\n<meta name=\"twitter:creator\" content=\"@KapitalisInfo\" \/>\n<meta name=\"twitter:site\" content=\"@KapitalisInfo\" \/>\n<meta name=\"twitter:label1\" content=\"\u00c9crit par\" \/>\n\t<meta name=\"twitter:data1\" content=\"webmaster kapitalis\" \/>\n\t<meta name=\"twitter:label2\" content=\"Dur\u00e9e de lecture estim\u00e9e\" \/>\n\t<meta name=\"twitter:data2\" content=\"2 minutes\" \/>\n<script type=\"application\/ld+json\" class=\"yoast-schema-graph\">{\"@context\":\"https:\/\/schema.org\",\"@graph\":[{\"@type\":\"Article\",\"@id\":\"https:\/\/kapitalis.com\/tunisie\/2024\/03\/22\/tunisie-lordre-des-avocats-denonce-la-regression-des-droits-de-la-defense\/#article\",\"isPartOf\":{\"@id\":\"https:\/\/kapitalis.com\/tunisie\/2024\/03\/22\/tunisie-lordre-des-avocats-denonce-la-regression-des-droits-de-la-defense\/\"},\"author\":{\"name\":\"webmaster kapitalis\",\"@id\":\"https:\/\/kapitalis.com\/tunisie\/#\/schema\/person\/d71f33a9ca44f7bad4698210b480c8e9\"},\"headline\":\"Tunisie\u00a0: l\u2019Ordre des avocats d\u00e9nonce la r\u00e9gression des droits de la d\u00e9fense\",\"datePublished\":\"2024-03-22T08:02:01+00:00\",\"dateModified\":\"2024-03-22T08:02:52+00:00\",\"mainEntityOfPage\":{\"@id\":\"https:\/\/kapitalis.com\/tunisie\/2024\/03\/22\/tunisie-lordre-des-avocats-denonce-la-regression-des-droits-de-la-defense\/\"},\"wordCount\":329,\"commentCount\":1,\"publisher\":{\"@id\":\"https:\/\/kapitalis.com\/tunisie\/#organization\"},\"image\":{\"@id\":\"https:\/\/kapitalis.com\/tunisie\/2024\/03\/22\/tunisie-lordre-des-avocats-denonce-la-regression-des-droits-de-la-defense\/#primaryimage\"},\"thumbnailUrl\":\"https:\/\/kapitalis.com\/tunisie\/wp-content\/uploads\/2024\/03\/Hatem-Mziou-Ordre-des-avocats.jpg\",\"keywords\":[\"Abir Moussi\",\"Ghazi Chaouachi\",\"Ka\u00efs Sa\u00efed\",\"Ordre des avocats\",\"Ridha Belhadj\",\"Tunisie\"],\"articleSection\":[\"POLITIQUE\",\"Tunisie\"],\"inLanguage\":\"fr-FR\",\"potentialAction\":[{\"@type\":\"CommentAction\",\"name\":\"Comment\",\"target\":[\"https:\/\/kapitalis.com\/tunisie\/2024\/03\/22\/tunisie-lordre-des-avocats-denonce-la-regression-des-droits-de-la-defense\/#respond\"]}]},{\"@type\":\"WebPage\",\"@id\":\"https:\/\/kapitalis.com\/tunisie\/2024\/03\/22\/tunisie-lordre-des-avocats-denonce-la-regression-des-droits-de-la-defense\/\",\"url\":\"https:\/\/kapitalis.com\/tunisie\/2024\/03\/22\/tunisie-lordre-des-avocats-denonce-la-regression-des-droits-de-la-defense\/\",\"name\":\"Tunisie\u00a0: l\u2019Ordre des avocats d\u00e9nonce la r\u00e9gression des droits de la d\u00e9fense - Kapitalis\",\"isPartOf\":{\"@id\":\"https:\/\/kapitalis.com\/tunisie\/#website\"},\"primaryImageOfPage\":{\"@id\":\"https:\/\/kapitalis.com\/tunisie\/2024\/03\/22\/tunisie-lordre-des-avocats-denonce-la-regression-des-droits-de-la-defense\/#primaryimage\"},\"image\":{\"@id\":\"https:\/\/kapitalis.com\/tunisie\/2024\/03\/22\/tunisie-lordre-des-avocats-denonce-la-regression-des-droits-de-la-defense\/#primaryimage\"},\"thumbnailUrl\":\"https:\/\/kapitalis.com\/tunisie\/wp-content\/uploads\/2024\/03\/Hatem-Mziou-Ordre-des-avocats.jpg\",\"datePublished\":\"2024-03-22T08:02:01+00:00\",\"dateModified\":\"2024-03-22T08:02:52+00:00\",\"breadcrumb\":{\"@id\":\"https:\/\/kapitalis.com\/tunisie\/2024\/03\/22\/tunisie-lordre-des-avocats-denonce-la-regression-des-droits-de-la-defense\/#breadcrumb\"},\"inLanguage\":\"fr-FR\",\"potentialAction\":[{\"@type\":\"ReadAction\",\"target\":[\"https:\/\/kapitalis.com\/tunisie\/2024\/03\/22\/tunisie-lordre-des-avocats-denonce-la-regression-des-droits-de-la-defense\/\"]}]},{\"@type\":\"ImageObject\",\"inLanguage\":\"fr-FR\",\"@id\":\"https:\/\/kapitalis.com\/tunisie\/2024\/03\/22\/tunisie-lordre-des-avocats-denonce-la-regression-des-droits-de-la-defense\/#primaryimage\",\"url\":\"https:\/\/kapitalis.com\/tunisie\/wp-content\/uploads\/2024\/03\/Hatem-Mziou-Ordre-des-avocats.jpg\",\"contentUrl\":\"https:\/\/kapitalis.com\/tunisie\/wp-content\/uploads\/2024\/03\/Hatem-Mziou-Ordre-des-avocats.jpg\",\"width\":1200,\"height\":630},{\"@type\":\"BreadcrumbList\",\"@id\":\"https:\/\/kapitalis.com\/tunisie\/2024\/03\/22\/tunisie-lordre-des-avocats-denonce-la-regression-des-droits-de-la-defense\/#breadcrumb\",\"itemListElement\":[{\"@type\":\"ListItem\",\"position\":1,\"name\":\"Accueil\",\"item\":\"https:\/\/kapitalis.com\/tunisie\/\"},{\"@type\":\"ListItem\",\"position\":2,\"name\":\"Tunisie\u00a0: l\u2019Ordre des avocats d\u00e9nonce la r\u00e9gression des droits de la d\u00e9fense\"}]},{\"@type\":\"WebSite\",\"@id\":\"https:\/\/kapitalis.com\/tunisie\/#website\",\"url\":\"https:\/\/kapitalis.com\/tunisie\/\",\"name\":\"Kapitalis\",\"description\":\"L&#039;actualit\u00e9 en Tunisie et dans le monde\",\"publisher\":{\"@id\":\"https:\/\/kapitalis.com\/tunisie\/#organization\"},\"potentialAction\":[{\"@type\":\"SearchAction\",\"target\":{\"@type\":\"EntryPoint\",\"urlTemplate\":\"https:\/\/kapitalis.com\/tunisie\/?s={search_term_string}\"},\"query-input\":{\"@type\":\"PropertyValueSpecification\",\"valueRequired\":true,\"valueName\":\"search_term_string\"}}],\"inLanguage\":\"fr-FR\"},{\"@type\":\"Organization\",\"@id\":\"https:\/\/kapitalis.com\/tunisie\/#organization\",\"name\":\"Kapitalis\",\"url\":\"https:\/\/kapitalis.com\/tunisie\/\",\"logo\":{\"@type\":\"ImageObject\",\"inLanguage\":\"fr-FR\",\"@id\":\"https:\/\/kapitalis.com\/tunisie\/#\/schema\/logo\/image\/\",\"url\":\"https:\/\/kapitalis.com\/tunisie\/wp-content\/uploads\/2022\/05\/Kapitalis-big-size.png\",\"contentUrl\":\"https:\/\/kapitalis.com\/tunisie\/wp-content\/uploads\/2022\/05\/Kapitalis-big-size.png\",\"width\":5000,\"height\":1500,\"caption\":\"Kapitalis\"},\"image\":{\"@id\":\"https:\/\/kapitalis.com\/tunisie\/#\/schema\/logo\/image\/\"},\"sameAs\":[\"https:\/\/www.facebook.com\/KapitalisInfo\/\",\"https:\/\/x.com\/KapitalisInfo\",\"https:\/\/www.youtube.com\/channel\/UC-yDYrHyfFBWWZaOw3FPg9Q\"]},{\"@type\":\"Person\",\"@id\":\"https:\/\/kapitalis.com\/tunisie\/#\/schema\/person\/d71f33a9ca44f7bad4698210b480c8e9\",\"name\":\"webmaster kapitalis\",\"url\":\"https:\/\/kapitalis.com\/tunisie\/author\/webmaster-kapitalis\/\"}]}<\/script>\n<!-- \/ Yoast SEO plugin. -->","yoast_head_json":{"title":"Tunisie\u00a0: l\u2019Ordre des avocats d\u00e9nonce la r\u00e9gression des droits de la d\u00e9fense - Kapitalis","robots":{"index":"index","follow":"follow","max-snippet":"max-snippet:-1","max-image-preview":"max-image-preview:large","max-video-preview":"max-video-preview:-1"},"canonical":"https:\/\/kapitalis.com\/tunisie\/2024\/03\/22\/tunisie-lordre-des-avocats-denonce-la-regression-des-droits-de-la-defense\/","og_locale":"fr_FR","og_type":"article","og_title":"Tunisie\u00a0: l\u2019Ordre des avocats d\u00e9nonce la r\u00e9gression des droits de la d\u00e9fense - Kapitalis","og_description":"L'Ordre des avocats tunisiens publie un communiqu\u00e9 inhabituellement critique \u00e0 l\u2019\u00e9gard du pouvoir du pr\u00e9sident de la r\u00e9publique Ka\u00efs Sa\u00efed.","og_url":"https:\/\/kapitalis.com\/tunisie\/2024\/03\/22\/tunisie-lordre-des-avocats-denonce-la-regression-des-droits-de-la-defense\/","og_site_name":"Kapitalis","article_publisher":"https:\/\/www.facebook.com\/KapitalisInfo\/","article_published_time":"2024-03-22T08:02:01+00:00","article_modified_time":"2024-03-22T08:02:52+00:00","og_image":[{"width":1200,"height":630,"url":"https:\/\/kapitalis.com\/tunisie\/wp-content\/uploads\/2024\/03\/Hatem-Mziou-Ordre-des-avocats.jpg","type":"image\/jpeg"}],"author":"webmaster kapitalis","twitter_card":"summary_large_image","twitter_creator":"@KapitalisInfo","twitter_site":"@KapitalisInfo","twitter_misc":{"\u00c9crit par":"webmaster kapitalis","Dur\u00e9e de lecture estim\u00e9e":"2 minutes"},"schema":{"@context":"https:\/\/schema.org","@graph":[{"@type":"Article","@id":"https:\/\/kapitalis.com\/tunisie\/2024\/03\/22\/tunisie-lordre-des-avocats-denonce-la-regression-des-droits-de-la-defense\/#article","isPartOf":{"@id":"https:\/\/kapitalis.com\/tunisie\/2024\/03\/22\/tunisie-lordre-des-avocats-denonce-la-regression-des-droits-de-la-defense\/"},"author":{"name":"webmaster kapitalis","@id":"https:\/\/kapitalis.com\/tunisie\/#\/schema\/person\/d71f33a9ca44f7bad4698210b480c8e9"},"headline":"Tunisie\u00a0: l\u2019Ordre des avocats d\u00e9nonce la r\u00e9gression des droits de la d\u00e9fense","datePublished":"2024-03-22T08:02:01+00:00","dateModified":"2024-03-22T08:02:52+00:00","mainEntityOfPage":{"@id":"https:\/\/kapitalis.com\/tunisie\/2024\/03\/22\/tunisie-lordre-des-avocats-denonce-la-regression-des-droits-de-la-defense\/"},"wordCount":329,"commentCount":1,"publisher":{"@id":"https:\/\/kapitalis.com\/tunisie\/#organization"},"image":{"@id":"https:\/\/kapitalis.com\/tunisie\/2024\/03\/22\/tunisie-lordre-des-avocats-denonce-la-regression-des-droits-de-la-defense\/#primaryimage"},"thumbnailUrl":"https:\/\/kapitalis.com\/tunisie\/wp-content\/uploads\/2024\/03\/Hatem-Mziou-Ordre-des-avocats.jpg","keywords":["Abir Moussi","Ghazi Chaouachi","Ka\u00efs Sa\u00efed","Ordre des avocats","Ridha Belhadj","Tunisie"],"articleSection":["POLITIQUE","Tunisie"],"inLanguage":"fr-FR","potentialAction":[{"@type":"CommentAction","name":"Comment","target":["https:\/\/kapitalis.com\/tunisie\/2024\/03\/22\/tunisie-lordre-des-avocats-denonce-la-regression-des-droits-de-la-defense\/#respond"]}]},{"@type":"WebPage","@id":"https:\/\/kapitalis.com\/tunisie\/2024\/03\/22\/tunisie-lordre-des-avocats-denonce-la-regression-des-droits-de-la-defense\/","url":"https:\/\/kapitalis.com\/tunisie\/2024\/03\/22\/tunisie-lordre-des-avocats-denonce-la-regression-des-droits-de-la-defense\/","name":"Tunisie\u00a0: l\u2019Ordre des avocats d\u00e9nonce la r\u00e9gression des droits de la d\u00e9fense - Kapitalis","isPartOf":{"@id":"https:\/\/kapitalis.com\/tunisie\/#website"},"primaryImageOfPage":{"@id":"https:\/\/kapitalis.com\/tunisie\/2024\/03\/22\/tunisie-lordre-des-avocats-denonce-la-regression-des-droits-de-la-defense\/#primaryimage"},"image":{"@id":"https:\/\/kapitalis.com\/tunisie\/2024\/03\/22\/tunisie-lordre-des-avocats-denonce-la-regression-des-droits-de-la-defense\/#primaryimage"},"thumbnailUrl":"https:\/\/kapitalis.com\/tunisie\/wp-content\/uploads\/2024\/03\/Hatem-Mziou-Ordre-des-avocats.jpg","datePublished":"2024-03-22T08:02:01+00:00","dateModified":"2024-03-22T08:02:52+00:00","breadcrumb":{"@id":"https:\/\/kapitalis.com\/tunisie\/2024\/03\/22\/tunisie-lordre-des-avocats-denonce-la-regression-des-droits-de-la-defense\/#breadcrumb"},"inLanguage":"fr-FR","potentialAction":[{"@type":"ReadAction","target":["https:\/\/kapitalis.com\/tunisie\/2024\/03\/22\/tunisie-lordre-des-avocats-denonce-la-regression-des-droits-de-la-defense\/"]}]},{"@type":"ImageObject","inLanguage":"fr-FR","@id":"https:\/\/kapitalis.com\/tunisie\/2024\/03\/22\/tunisie-lordre-des-avocats-denonce-la-regression-des-droits-de-la-defense\/#primaryimage","url":"https:\/\/kapitalis.com\/tunisie\/wp-content\/uploads\/2024\/03\/Hatem-Mziou-Ordre-des-avocats.jpg","contentUrl":"https:\/\/kapitalis.com\/tunisie\/wp-content\/uploads\/2024\/03\/Hatem-Mziou-Ordre-des-avocats.jpg","width":1200,"height":630},{"@type":"BreadcrumbList","@id":"https:\/\/kapitalis.com\/tunisie\/2024\/03\/22\/tunisie-lordre-des-avocats-denonce-la-regression-des-droits-de-la-defense\/#breadcrumb","itemListElement":[{"@type":"ListItem","position":1,"name":"Accueil","item":"https:\/\/kapitalis.com\/tunisie\/"},{"@type":"ListItem","position":2,"name":"Tunisie\u00a0: l\u2019Ordre des avocats d\u00e9nonce la r\u00e9gression des droits de la d\u00e9fense"}]},{"@type":"WebSite","@id":"https:\/\/kapitalis.com\/tunisie\/#website","url":"https:\/\/kapitalis.com\/tunisie\/","name":"Kapitalis","description":"L&#039;actualit\u00e9 en Tunisie et dans le monde","publisher":{"@id":"https:\/\/kapitalis.com\/tunisie\/#organization"},"potentialAction":[{"@type":"SearchAction","target":{"@type":"EntryPoint","urlTemplate":"https:\/\/kapitalis.com\/tunisie\/?s={search_term_string}"},"query-input":{"@type":"PropertyValueSpecification","valueRequired":true,"valueName":"search_term_string"}}],"inLanguage":"fr-FR"},{"@type":"Organization","@id":"https:\/\/kapitalis.com\/tunisie\/#organization","name":"Kapitalis","url":"https:\/\/kapitalis.com\/tunisie\/","logo":{"@type":"ImageObject","inLanguage":"fr-FR","@id":"https:\/\/kapitalis.com\/tunisie\/#\/schema\/logo\/image\/","url":"https:\/\/kapitalis.com\/tunisie\/wp-content\/uploads\/2022\/05\/Kapitalis-big-size.png","contentUrl":"https:\/\/kapitalis.com\/tunisie\/wp-content\/uploads\/2022\/05\/Kapitalis-big-size.png","width":5000,"height":1500,"caption":"Kapitalis"},"image":{"@id":"https:\/\/kapitalis.com\/tunisie\/#\/schema\/logo\/image\/"},"sameAs":["https:\/\/www.facebook.com\/KapitalisInfo\/","https:\/\/x.com\/KapitalisInfo","https:\/\/www.youtube.com\/channel\/UC-yDYrHyfFBWWZaOw3FPg9Q"]},{"@type":"Person","@id":"https:\/\/kapitalis.com\/tunisie\/#\/schema\/person\/d71f33a9ca44f7bad4698210b480c8e9","name":"webmaster kapitalis","url":"https:\/\/kapitalis.com\/tunisie\/author\/webmaster-kapitalis\/"}]}},"_links":{"self":[{"href":"https:\/\/kapitalis.com\/tunisie\/wp-json\/wp\/v2\/posts\/12172370","targetHints":{"allow":["GET"]}}],"collection":[{"href":"https:\/\/kapitalis.com\/tunisie\/wp-json\/wp\/v2\/posts"}],"about":[{"href":"https:\/\/kapitalis.com\/tunisie\/wp-json\/wp\/v2\/types\/post"}],"author":[{"embeddable":true,"href":"https:\/\/kapitalis.com\/tunisie\/wp-json\/wp\/v2\/users\/8"}],"replies":[{"embeddable":true,"href":"https:\/\/kapitalis.com\/tunisie\/wp-json\/wp\/v2\/comments?post=12172370"}],"version-history":[{"count":2,"href":"https:\/\/kapitalis.com\/tunisie\/wp-json\/wp\/v2\/posts\/12172370\/revisions"}],"predecessor-version":[{"id":12172423,"href":"https:\/\/kapitalis.com\/tunisie\/wp-json\/wp\/v2\/posts\/12172370\/revisions\/12172423"}],"wp:featuredmedia":[{"embeddable":true,"href":"https:\/\/kapitalis.com\/tunisie\/wp-json\/wp\/v2\/media\/12172413"}],"wp:attachment":[{"href":"https:\/\/kapitalis.com\/tunisie\/wp-json\/wp\/v2\/media?parent=12172370"}],"wp:term":[{"taxonomy":"category","embeddable":true,"href":"https:\/\/kapitalis.com\/tunisie\/wp-json\/wp\/v2\/categories?post=12172370"},{"taxonomy":"post_tag","embeddable":true,"href":"https:\/\/kapitalis.com\/tunisie\/wp-json\/wp\/v2\/tags?post=12172370"}],"curies":[{"name":"wp","href":"https:\/\/api.w.org\/{rel}","templated":true}]}}