{"id":12179697,"date":"2024-03-23T09:20:40","date_gmt":"2024-03-23T08:20:40","guid":{"rendered":"https:\/\/kapitalis.com\/tunisie\/?p=12179697"},"modified":"2024-03-23T09:39:42","modified_gmt":"2024-03-23T08:39:42","slug":"tunisie-interrogations-sur-le-changement-a-la-tete-de-lins","status":"publish","type":"post","link":"https:\/\/kapitalis.com\/tunisie\/2024\/03\/23\/tunisie-interrogations-sur-le-changement-a-la-tete-de-lins\/","title":{"rendered":"Tunisie\u00a0: interrogations sur le changement \u00e0 la t\u00eate de l\u2019INS"},"content":{"rendered":"\n<p><strong><em>Le limogeage du directeur g\u00e9n\u00e9ral de l\u2019Institut national de la statistique (INS) Adnan Lassoued et son remplacement par Bouzid Nsiri, par d\u00e9cret n\u00b0 2024-168 du 21 mars 2024&nbsp;publi\u00e9 sur le Journal officiel (Jort), suscite des interrogations dans les milieux \u00e9conomiques tunisiens.<\/em><\/strong><\/p>\n\n\n\n<p>Par <strong>Imed Bahri <\/strong><\/p>\n\n\n\n<!--more-->\n\n\n\n<p>Pour certains, &nbsp;il s\u2019agit d\u2019une d\u00e9cision banale qui entre dans le cadre des changements habituels \u00e0 la t\u00eate des institutions publiques afin d\u2019assurer leur p\u00e9rennit\u00e9 et leur \u00e9volution.<\/p>\n\n\n\n<p>Pour d\u2019autres, ce limogeage a une port\u00e9e politique et traduit un m\u00e9contentement du pouvoir ex\u00e9cutif apr\u00e8s les derni\u00e8res statistiques, tr\u00e8s n\u00e9gatives, publi\u00e9es par l\u2019INS sur l\u2019\u00e9tat de l\u2019\u00e9conomie nationale, notamment le taux de croissance au cours de 2023 fix\u00e9 \u00e0 0,4% et le taux de ch\u00f4mage, \u00e9tabli \u00e0 16,4%\u00a0au quatri\u00e8me trimestre de 2023, contre 15,2% \u00e0 la m\u00eame p\u00e9riode de 2022. Ce qui traduit clairement la d\u00e9t\u00e9rioration de la situation \u00e9conomique dans le pays observ\u00e9e par tous les experts et qu\u2019attestent beaucoup d\u2019autres indicateurs, sans parler des rapports alarmants des agences de notation internationales. <\/p>\n\n\n\n<p>Cela a, semble-t-il, oblig\u00e9 la pr\u00e9sidence du gouvernement \u00e0 publier ce qu&rsquo;elle a appel\u00e9 un <em>\u00abPour m\u00e9moire\u00bb<\/em>, hier, vendredi 22 mars 2024, o\u00f9 elle souligne l\u2019am\u00e9lioration continue de l\u2019\u00e9conomie tunisienne, le maintien de la stabilit\u00e9 du dinar, du d\u00e9ficit budg\u00e9taire \u00e0 7% et du taux d\u2019inflation \u00e0 7,5%, le d\u00e9blocage de certains grands projets, la progression de la transition \u00e9nerg\u00e9tique, et d\u2019autres <em>\u00abbonnes nouvelles\u00bb<\/em> du m\u00eame acabit, en pr\u00e9cisant, au passage, que <em>\u00ables partenaires de la Tunisie sont impressionn\u00e9s par la r\u00e9silience \u00e9conomique, financi\u00e8re et budg\u00e9taire <\/em>[de notre pays]\u2026 <em>et ce en d\u00e9pit d\u2019un contexte g\u00e9opolitique complexe\u00bb<\/em> (sic\u00a0!)\u00a0\u00a0\u00a0<\/p>\n\n\n\n<p>Quoi qu\u2019il en soit, nous pr\u00e9f\u00e9rons donner foi \u00e0 la premi\u00e8re explication, qui nous semble la plus vraisemblable, car l\u2019INS, aux pires p\u00e9riodes de la dictature, a toujours su pr\u00e9server une certaine ind\u00e9pendance vis-\u00e0-vis du pouvoir ex\u00e9cutif pour produire des statistiques cr\u00e9dibles utilis\u00e9es sans r\u00e9serve par les institutions internationales. Et nous estimons que le successeur de M. Lassoued, Bouzid Nsiri en l&rsquo;occurrence, un pur produit de l\u2019administration publique, va poursuivre sur cette m\u00eame voie trac\u00e9e par tous ses pr\u00e9d\u00e9cesseurs afin de garder le m\u00eame niveau de pr\u00e9cision et de cr\u00e9dibilit\u00e9 aux statistiques publi\u00e9es par l\u2019INS, et sur la base desquelles sont construites les politiques du gouvernement dans tous les secteurs. Sinon, il y aurait des craintes \u00e0 avoir\u2026 &nbsp;<\/p>\n\n\n\n<p>Il convient de rappeler, \u00e0 ce propos, que M. Lassoued est un \u00e9conomiste statisticien ayant travaill\u00e9 pour le Fonds mon\u00e9taire international (FMI), mais on ne sait pas grand-chose sur son successeur, M. Nsiri, sinon qu\u2019il a \u00e9t\u00e9 jusque-l\u00e0 directeur\u00a0de la planification et des \u00e9tudes au minist\u00e8re de l\u2019Education. \u00a0<\/p>\n","protected":false},"excerpt":{"rendered":"<p>Le changement \u00e0 la t\u00eate de l\u2019Institut national de la statistique suscite des interrogations.  <\/p>\n","protected":false},"author":8,"featured_media":12179716,"comment_status":"open","ping_status":"open","sticky":false,"template":"","format":"standard","meta":{"footnotes":""},"categories":[992,995,2433],"tags":[104941,83291,1868,249,114587,109974,62643],"class_list":["post-12179697","post","type-post","status-publish","format-standard","has-post-thumbnail","hentry","category-a-la-une","category-economie","category-tunisie","tag-adnan-lassoued","tag-bouzid-nsiri","tag-chomage","tag-croissance","tag-insn","tag-statistique","tag-tunisie"],"yoast_head":"<!-- This site is optimized with the Yoast SEO plugin v26.6 - https:\/\/yoast.com\/wordpress\/plugins\/seo\/ -->\n<title>Tunisie\u00a0: interrogations sur le changement \u00e0 la t\u00eate de l\u2019INS - Kapitalis<\/title>\n<meta name=\"robots\" content=\"index, follow, max-snippet:-1, max-image-preview:large, max-video-preview:-1\" \/>\n<link rel=\"canonical\" href=\"https:\/\/kapitalis.com\/tunisie\/2024\/03\/23\/tunisie-interrogations-sur-le-changement-a-la-tete-de-lins\/\" \/>\n<meta property=\"og:locale\" content=\"fr_FR\" \/>\n<meta property=\"og:type\" content=\"article\" \/>\n<meta property=\"og:title\" content=\"Tunisie\u00a0: interrogations sur le changement \u00e0 la t\u00eate de l\u2019INS - Kapitalis\" \/>\n<meta property=\"og:description\" content=\"Le changement \u00e0 la t\u00eate de l\u2019Institut national de la statistique suscite des interrogations.\" \/>\n<meta property=\"og:url\" content=\"https:\/\/kapitalis.com\/tunisie\/2024\/03\/23\/tunisie-interrogations-sur-le-changement-a-la-tete-de-lins\/\" \/>\n<meta property=\"og:site_name\" content=\"Kapitalis\" \/>\n<meta property=\"article:publisher\" content=\"https:\/\/www.facebook.com\/KapitalisInfo\/\" \/>\n<meta property=\"article:published_time\" content=\"2024-03-23T08:20:40+00:00\" \/>\n<meta property=\"article:modified_time\" content=\"2024-03-23T08:39:42+00:00\" \/>\n<meta property=\"og:image\" content=\"https:\/\/kapitalis.com\/tunisie\/wp-content\/uploads\/2024\/03\/Institut-national-de-la-statistique-1.jpg\" \/>\n\t<meta property=\"og:image:width\" content=\"1200\" \/>\n\t<meta property=\"og:image:height\" content=\"630\" \/>\n\t<meta property=\"og:image:type\" content=\"image\/jpeg\" \/>\n<meta name=\"author\" content=\"webmaster kapitalis\" \/>\n<meta name=\"twitter:card\" content=\"summary_large_image\" \/>\n<meta name=\"twitter:creator\" content=\"@KapitalisInfo\" \/>\n<meta name=\"twitter:site\" content=\"@KapitalisInfo\" \/>\n<meta name=\"twitter:label1\" content=\"\u00c9crit par\" \/>\n\t<meta name=\"twitter:data1\" content=\"webmaster kapitalis\" \/>\n\t<meta name=\"twitter:label2\" content=\"Dur\u00e9e de lecture estim\u00e9e\" \/>\n\t<meta name=\"twitter:data2\" content=\"3 minutes\" \/>\n<script type=\"application\/ld+json\" class=\"yoast-schema-graph\">{\"@context\":\"https:\/\/schema.org\",\"@graph\":[{\"@type\":\"Article\",\"@id\":\"https:\/\/kapitalis.com\/tunisie\/2024\/03\/23\/tunisie-interrogations-sur-le-changement-a-la-tete-de-lins\/#article\",\"isPartOf\":{\"@id\":\"https:\/\/kapitalis.com\/tunisie\/2024\/03\/23\/tunisie-interrogations-sur-le-changement-a-la-tete-de-lins\/\"},\"author\":{\"name\":\"webmaster kapitalis\",\"@id\":\"https:\/\/kapitalis.com\/tunisie\/#\/schema\/person\/d71f33a9ca44f7bad4698210b480c8e9\"},\"headline\":\"Tunisie\u00a0: interrogations sur le changement \u00e0 la t\u00eate de l\u2019INS\",\"datePublished\":\"2024-03-23T08:20:40+00:00\",\"dateModified\":\"2024-03-23T08:39:42+00:00\",\"mainEntityOfPage\":{\"@id\":\"https:\/\/kapitalis.com\/tunisie\/2024\/03\/23\/tunisie-interrogations-sur-le-changement-a-la-tete-de-lins\/\"},\"wordCount\":503,\"commentCount\":5,\"publisher\":{\"@id\":\"https:\/\/kapitalis.com\/tunisie\/#organization\"},\"image\":{\"@id\":\"https:\/\/kapitalis.com\/tunisie\/2024\/03\/23\/tunisie-interrogations-sur-le-changement-a-la-tete-de-lins\/#primaryimage\"},\"thumbnailUrl\":\"https:\/\/kapitalis.com\/tunisie\/wp-content\/uploads\/2024\/03\/Institut-national-de-la-statistique-1.jpg\",\"keywords\":[\"Adnan Lassoued\",\"Bouzid Nsiri\",\"ch\u00f4mage\",\"croissance\",\"INSn\",\"statistique\",\"Tunisie\"],\"articleSection\":[\"A LA UNE\",\"ECONOMIE\",\"Tunisie\"],\"inLanguage\":\"fr-FR\",\"potentialAction\":[{\"@type\":\"CommentAction\",\"name\":\"Comment\",\"target\":[\"https:\/\/kapitalis.com\/tunisie\/2024\/03\/23\/tunisie-interrogations-sur-le-changement-a-la-tete-de-lins\/#respond\"]}]},{\"@type\":\"WebPage\",\"@id\":\"https:\/\/kapitalis.com\/tunisie\/2024\/03\/23\/tunisie-interrogations-sur-le-changement-a-la-tete-de-lins\/\",\"url\":\"https:\/\/kapitalis.com\/tunisie\/2024\/03\/23\/tunisie-interrogations-sur-le-changement-a-la-tete-de-lins\/\",\"name\":\"Tunisie\u00a0: interrogations sur le changement \u00e0 la t\u00eate de l\u2019INS - Kapitalis\",\"isPartOf\":{\"@id\":\"https:\/\/kapitalis.com\/tunisie\/#website\"},\"primaryImageOfPage\":{\"@id\":\"https:\/\/kapitalis.com\/tunisie\/2024\/03\/23\/tunisie-interrogations-sur-le-changement-a-la-tete-de-lins\/#primaryimage\"},\"image\":{\"@id\":\"https:\/\/kapitalis.com\/tunisie\/2024\/03\/23\/tunisie-interrogations-sur-le-changement-a-la-tete-de-lins\/#primaryimage\"},\"thumbnailUrl\":\"https:\/\/kapitalis.com\/tunisie\/wp-content\/uploads\/2024\/03\/Institut-national-de-la-statistique-1.jpg\",\"datePublished\":\"2024-03-23T08:20:40+00:00\",\"dateModified\":\"2024-03-23T08:39:42+00:00\",\"breadcrumb\":{\"@id\":\"https:\/\/kapitalis.com\/tunisie\/2024\/03\/23\/tunisie-interrogations-sur-le-changement-a-la-tete-de-lins\/#breadcrumb\"},\"inLanguage\":\"fr-FR\",\"potentialAction\":[{\"@type\":\"ReadAction\",\"target\":[\"https:\/\/kapitalis.com\/tunisie\/2024\/03\/23\/tunisie-interrogations-sur-le-changement-a-la-tete-de-lins\/\"]}]},{\"@type\":\"ImageObject\",\"inLanguage\":\"fr-FR\",\"@id\":\"https:\/\/kapitalis.com\/tunisie\/2024\/03\/23\/tunisie-interrogations-sur-le-changement-a-la-tete-de-lins\/#primaryimage\",\"url\":\"https:\/\/kapitalis.com\/tunisie\/wp-content\/uploads\/2024\/03\/Institut-national-de-la-statistique-1.jpg\",\"contentUrl\":\"https:\/\/kapitalis.com\/tunisie\/wp-content\/uploads\/2024\/03\/Institut-national-de-la-statistique-1.jpg\",\"width\":1200,\"height\":630},{\"@type\":\"BreadcrumbList\",\"@id\":\"https:\/\/kapitalis.com\/tunisie\/2024\/03\/23\/tunisie-interrogations-sur-le-changement-a-la-tete-de-lins\/#breadcrumb\",\"itemListElement\":[{\"@type\":\"ListItem\",\"position\":1,\"name\":\"Accueil\",\"item\":\"https:\/\/kapitalis.com\/tunisie\/\"},{\"@type\":\"ListItem\",\"position\":2,\"name\":\"Tunisie\u00a0: interrogations sur le changement \u00e0 la t\u00eate de l\u2019INS\"}]},{\"@type\":\"WebSite\",\"@id\":\"https:\/\/kapitalis.com\/tunisie\/#website\",\"url\":\"https:\/\/kapitalis.com\/tunisie\/\",\"name\":\"Kapitalis\",\"description\":\"L&#039;actualit\u00e9 en Tunisie et dans le monde\",\"publisher\":{\"@id\":\"https:\/\/kapitalis.com\/tunisie\/#organization\"},\"potentialAction\":[{\"@type\":\"SearchAction\",\"target\":{\"@type\":\"EntryPoint\",\"urlTemplate\":\"https:\/\/kapitalis.com\/tunisie\/?s={search_term_string}\"},\"query-input\":{\"@type\":\"PropertyValueSpecification\",\"valueRequired\":true,\"valueName\":\"search_term_string\"}}],\"inLanguage\":\"fr-FR\"},{\"@type\":\"Organization\",\"@id\":\"https:\/\/kapitalis.com\/tunisie\/#organization\",\"name\":\"Kapitalis\",\"url\":\"https:\/\/kapitalis.com\/tunisie\/\",\"logo\":{\"@type\":\"ImageObject\",\"inLanguage\":\"fr-FR\",\"@id\":\"https:\/\/kapitalis.com\/tunisie\/#\/schema\/logo\/image\/\",\"url\":\"https:\/\/kapitalis.com\/tunisie\/wp-content\/uploads\/2022\/05\/Kapitalis-big-size.png\",\"contentUrl\":\"https:\/\/kapitalis.com\/tunisie\/wp-content\/uploads\/2022\/05\/Kapitalis-big-size.png\",\"width\":5000,\"height\":1500,\"caption\":\"Kapitalis\"},\"image\":{\"@id\":\"https:\/\/kapitalis.com\/tunisie\/#\/schema\/logo\/image\/\"},\"sameAs\":[\"https:\/\/www.facebook.com\/KapitalisInfo\/\",\"https:\/\/x.com\/KapitalisInfo\",\"https:\/\/www.youtube.com\/channel\/UC-yDYrHyfFBWWZaOw3FPg9Q\"]},{\"@type\":\"Person\",\"@id\":\"https:\/\/kapitalis.com\/tunisie\/#\/schema\/person\/d71f33a9ca44f7bad4698210b480c8e9\",\"name\":\"webmaster kapitalis\",\"url\":\"https:\/\/kapitalis.com\/tunisie\/author\/webmaster-kapitalis\/\"}]}<\/script>\n<!-- \/ Yoast SEO plugin. -->","yoast_head_json":{"title":"Tunisie\u00a0: interrogations sur le changement \u00e0 la t\u00eate de l\u2019INS - Kapitalis","robots":{"index":"index","follow":"follow","max-snippet":"max-snippet:-1","max-image-preview":"max-image-preview:large","max-video-preview":"max-video-preview:-1"},"canonical":"https:\/\/kapitalis.com\/tunisie\/2024\/03\/23\/tunisie-interrogations-sur-le-changement-a-la-tete-de-lins\/","og_locale":"fr_FR","og_type":"article","og_title":"Tunisie\u00a0: interrogations sur le changement \u00e0 la t\u00eate de l\u2019INS - Kapitalis","og_description":"Le changement \u00e0 la t\u00eate de l\u2019Institut national de la statistique suscite des interrogations.","og_url":"https:\/\/kapitalis.com\/tunisie\/2024\/03\/23\/tunisie-interrogations-sur-le-changement-a-la-tete-de-lins\/","og_site_name":"Kapitalis","article_publisher":"https:\/\/www.facebook.com\/KapitalisInfo\/","article_published_time":"2024-03-23T08:20:40+00:00","article_modified_time":"2024-03-23T08:39:42+00:00","og_image":[{"width":1200,"height":630,"url":"https:\/\/kapitalis.com\/tunisie\/wp-content\/uploads\/2024\/03\/Institut-national-de-la-statistique-1.jpg","type":"image\/jpeg"}],"author":"webmaster kapitalis","twitter_card":"summary_large_image","twitter_creator":"@KapitalisInfo","twitter_site":"@KapitalisInfo","twitter_misc":{"\u00c9crit par":"webmaster kapitalis","Dur\u00e9e de lecture estim\u00e9e":"3 minutes"},"schema":{"@context":"https:\/\/schema.org","@graph":[{"@type":"Article","@id":"https:\/\/kapitalis.com\/tunisie\/2024\/03\/23\/tunisie-interrogations-sur-le-changement-a-la-tete-de-lins\/#article","isPartOf":{"@id":"https:\/\/kapitalis.com\/tunisie\/2024\/03\/23\/tunisie-interrogations-sur-le-changement-a-la-tete-de-lins\/"},"author":{"name":"webmaster kapitalis","@id":"https:\/\/kapitalis.com\/tunisie\/#\/schema\/person\/d71f33a9ca44f7bad4698210b480c8e9"},"headline":"Tunisie\u00a0: interrogations sur le changement \u00e0 la t\u00eate de l\u2019INS","datePublished":"2024-03-23T08:20:40+00:00","dateModified":"2024-03-23T08:39:42+00:00","mainEntityOfPage":{"@id":"https:\/\/kapitalis.com\/tunisie\/2024\/03\/23\/tunisie-interrogations-sur-le-changement-a-la-tete-de-lins\/"},"wordCount":503,"commentCount":5,"publisher":{"@id":"https:\/\/kapitalis.com\/tunisie\/#organization"},"image":{"@id":"https:\/\/kapitalis.com\/tunisie\/2024\/03\/23\/tunisie-interrogations-sur-le-changement-a-la-tete-de-lins\/#primaryimage"},"thumbnailUrl":"https:\/\/kapitalis.com\/tunisie\/wp-content\/uploads\/2024\/03\/Institut-national-de-la-statistique-1.jpg","keywords":["Adnan Lassoued","Bouzid Nsiri","ch\u00f4mage","croissance","INSn","statistique","Tunisie"],"articleSection":["A LA UNE","ECONOMIE","Tunisie"],"inLanguage":"fr-FR","potentialAction":[{"@type":"CommentAction","name":"Comment","target":["https:\/\/kapitalis.com\/tunisie\/2024\/03\/23\/tunisie-interrogations-sur-le-changement-a-la-tete-de-lins\/#respond"]}]},{"@type":"WebPage","@id":"https:\/\/kapitalis.com\/tunisie\/2024\/03\/23\/tunisie-interrogations-sur-le-changement-a-la-tete-de-lins\/","url":"https:\/\/kapitalis.com\/tunisie\/2024\/03\/23\/tunisie-interrogations-sur-le-changement-a-la-tete-de-lins\/","name":"Tunisie\u00a0: interrogations sur le changement \u00e0 la t\u00eate de l\u2019INS - Kapitalis","isPartOf":{"@id":"https:\/\/kapitalis.com\/tunisie\/#website"},"primaryImageOfPage":{"@id":"https:\/\/kapitalis.com\/tunisie\/2024\/03\/23\/tunisie-interrogations-sur-le-changement-a-la-tete-de-lins\/#primaryimage"},"image":{"@id":"https:\/\/kapitalis.com\/tunisie\/2024\/03\/23\/tunisie-interrogations-sur-le-changement-a-la-tete-de-lins\/#primaryimage"},"thumbnailUrl":"https:\/\/kapitalis.com\/tunisie\/wp-content\/uploads\/2024\/03\/Institut-national-de-la-statistique-1.jpg","datePublished":"2024-03-23T08:20:40+00:00","dateModified":"2024-03-23T08:39:42+00:00","breadcrumb":{"@id":"https:\/\/kapitalis.com\/tunisie\/2024\/03\/23\/tunisie-interrogations-sur-le-changement-a-la-tete-de-lins\/#breadcrumb"},"inLanguage":"fr-FR","potentialAction":[{"@type":"ReadAction","target":["https:\/\/kapitalis.com\/tunisie\/2024\/03\/23\/tunisie-interrogations-sur-le-changement-a-la-tete-de-lins\/"]}]},{"@type":"ImageObject","inLanguage":"fr-FR","@id":"https:\/\/kapitalis.com\/tunisie\/2024\/03\/23\/tunisie-interrogations-sur-le-changement-a-la-tete-de-lins\/#primaryimage","url":"https:\/\/kapitalis.com\/tunisie\/wp-content\/uploads\/2024\/03\/Institut-national-de-la-statistique-1.jpg","contentUrl":"https:\/\/kapitalis.com\/tunisie\/wp-content\/uploads\/2024\/03\/Institut-national-de-la-statistique-1.jpg","width":1200,"height":630},{"@type":"BreadcrumbList","@id":"https:\/\/kapitalis.com\/tunisie\/2024\/03\/23\/tunisie-interrogations-sur-le-changement-a-la-tete-de-lins\/#breadcrumb","itemListElement":[{"@type":"ListItem","position":1,"name":"Accueil","item":"https:\/\/kapitalis.com\/tunisie\/"},{"@type":"ListItem","position":2,"name":"Tunisie\u00a0: interrogations sur le changement \u00e0 la t\u00eate de l\u2019INS"}]},{"@type":"WebSite","@id":"https:\/\/kapitalis.com\/tunisie\/#website","url":"https:\/\/kapitalis.com\/tunisie\/","name":"Kapitalis","description":"L&#039;actualit\u00e9 en Tunisie et dans le monde","publisher":{"@id":"https:\/\/kapitalis.com\/tunisie\/#organization"},"potentialAction":[{"@type":"SearchAction","target":{"@type":"EntryPoint","urlTemplate":"https:\/\/kapitalis.com\/tunisie\/?s={search_term_string}"},"query-input":{"@type":"PropertyValueSpecification","valueRequired":true,"valueName":"search_term_string"}}],"inLanguage":"fr-FR"},{"@type":"Organization","@id":"https:\/\/kapitalis.com\/tunisie\/#organization","name":"Kapitalis","url":"https:\/\/kapitalis.com\/tunisie\/","logo":{"@type":"ImageObject","inLanguage":"fr-FR","@id":"https:\/\/kapitalis.com\/tunisie\/#\/schema\/logo\/image\/","url":"https:\/\/kapitalis.com\/tunisie\/wp-content\/uploads\/2022\/05\/Kapitalis-big-size.png","contentUrl":"https:\/\/kapitalis.com\/tunisie\/wp-content\/uploads\/2022\/05\/Kapitalis-big-size.png","width":5000,"height":1500,"caption":"Kapitalis"},"image":{"@id":"https:\/\/kapitalis.com\/tunisie\/#\/schema\/logo\/image\/"},"sameAs":["https:\/\/www.facebook.com\/KapitalisInfo\/","https:\/\/x.com\/KapitalisInfo","https:\/\/www.youtube.com\/channel\/UC-yDYrHyfFBWWZaOw3FPg9Q"]},{"@type":"Person","@id":"https:\/\/kapitalis.com\/tunisie\/#\/schema\/person\/d71f33a9ca44f7bad4698210b480c8e9","name":"webmaster kapitalis","url":"https:\/\/kapitalis.com\/tunisie\/author\/webmaster-kapitalis\/"}]}},"_links":{"self":[{"href":"https:\/\/kapitalis.com\/tunisie\/wp-json\/wp\/v2\/posts\/12179697","targetHints":{"allow":["GET"]}}],"collection":[{"href":"https:\/\/kapitalis.com\/tunisie\/wp-json\/wp\/v2\/posts"}],"about":[{"href":"https:\/\/kapitalis.com\/tunisie\/wp-json\/wp\/v2\/types\/post"}],"author":[{"embeddable":true,"href":"https:\/\/kapitalis.com\/tunisie\/wp-json\/wp\/v2\/users\/8"}],"replies":[{"embeddable":true,"href":"https:\/\/kapitalis.com\/tunisie\/wp-json\/wp\/v2\/comments?post=12179697"}],"version-history":[{"count":3,"href":"https:\/\/kapitalis.com\/tunisie\/wp-json\/wp\/v2\/posts\/12179697\/revisions"}],"predecessor-version":[{"id":12179895,"href":"https:\/\/kapitalis.com\/tunisie\/wp-json\/wp\/v2\/posts\/12179697\/revisions\/12179895"}],"wp:featuredmedia":[{"embeddable":true,"href":"https:\/\/kapitalis.com\/tunisie\/wp-json\/wp\/v2\/media\/12179716"}],"wp:attachment":[{"href":"https:\/\/kapitalis.com\/tunisie\/wp-json\/wp\/v2\/media?parent=12179697"}],"wp:term":[{"taxonomy":"category","embeddable":true,"href":"https:\/\/kapitalis.com\/tunisie\/wp-json\/wp\/v2\/categories?post=12179697"},{"taxonomy":"post_tag","embeddable":true,"href":"https:\/\/kapitalis.com\/tunisie\/wp-json\/wp\/v2\/tags?post=12179697"}],"curies":[{"name":"wp","href":"https:\/\/api.w.org\/{rel}","templated":true}]}}