{"id":121838,"date":"2017-11-03T16:52:20","date_gmt":"2017-11-03T15:52:20","guid":{"rendered":"http:\/\/kapitalis.com\/tunisie\/?p=121838"},"modified":"2017-11-03T16:54:11","modified_gmt":"2017-11-03T15:54:11","slug":"toubel-promet-lexamen-du-projet-de-loi-sur-la-protection-des-securitaires","status":"publish","type":"post","link":"https:\/\/kapitalis.com\/tunisie\/2017\/11\/03\/toubel-promet-lexamen-du-projet-de-loi-sur-la-protection-des-securitaires\/","title":{"rendered":"Toubel promet l&rsquo;examen du projet de loi sur la protection des s\u00e9curitaires"},"content":{"rendered":"<p style=\"text-align: center;\"><img loading=\"lazy\" decoding=\"async\" class=\"alignnone size-full wp-image-64659\" src=\"http:\/\/kapitalis.com\/tunisie\/wp-content\/uploads\/2016\/09\/Sofiene-Toubel.jpg\" alt=\"\" width=\"626\" height=\"380\" \/><\/p>\n<p><em><strong>Le d\u00e9put\u00e9 Sofiene Toubel a indiqu\u00e9 que le projet de loi sur la protection des agents de s\u00e9curit\u00e9 sera mis en priorit\u00e9 pour \u00eatre examin\u00e9 par l&rsquo;Assembl\u00e9e.<\/strong><\/em><!--more--><\/p>\n<p>Dans un post publi\u00e9 sur son compte Facebook, aujourd&rsquo;hui, vendredi 3 novembre 2017,\u00a0le pr\u00e9sident du bloc parlementaire de Nidaa Tounes a\u00a0pr\u00e9cis\u00e9 que son parti a pr\u00e9sent\u00e9 une demande officielle \u00e0 la commission de la l\u00e9gislation g\u00e9n\u00e9rale \u00e0 l&rsquo;Assembl\u00e9e des repr\u00e9sentants du peuple (ARP) pour qu&rsquo;elle acc\u00e9l\u00e8re l&rsquo;examen du projet de loi sur la protection des agents de s\u00e9curit\u00e9.<\/p>\n<p>\u00ab<em>Le bureau du parlement va accepter cette demande et nous allons arr\u00eater de travailler sur les autres projets de loi pour pouvoir examiner celui-ci en priorit\u00e9<\/em>\u00bb, a-t-il \u00e9crit.<\/p>\n<p>Rappelons que\u00a0les syndicats s\u00e9curitaires ont menac\u00e9 de ne plus assurer la protection des d\u00e9put\u00e9s et des chefs des partis repr\u00e9sent\u00e9s \u00e0 l\u2019Assembl\u00e9e si ce projet de loi n&rsquo;est pas approuv\u00e9 prochainement.<\/p>\n<p>Ils r\u00e9agissaient ainsi \u00e0 chaud suite \u00e0 la mort de leur coll\u00e8gue Riadh Barouti des suites d&rsquo;une blessure \u00e0 la gorge que lui avait \u00e9t\u00e9 inflig\u00e9 la veille,\u00a0\u00e0 la place du Bardo, le terroriste Zied Gharbi, et la blessure, dans la m\u00eame attaque, d&rsquo;un autre\u00a0de leur coll\u00e8gue.<\/p>\n<p style=\"text-align: right;\"><strong>E. B. A.<\/strong><\/p>\n<blockquote class=\"wp-embedded-content\" data-secret=\"OMkfMrgYgT\"><p><a href=\"https:\/\/kapitalis.com\/tunisie\/2017\/11\/02\/attaque-du-bardo-les-securitaires-tres-remontes-contre-les-deputes\/\">Attaque du Bardo : Les s\u00e9curitaires tr\u00e8s remont\u00e9s contre les d\u00e9put\u00e9s<\/a><\/p><\/blockquote>\n<p><iframe loading=\"lazy\" class=\"wp-embedded-content\" sandbox=\"allow-scripts\" security=\"restricted\" style=\"position: absolute; clip: rect(1px, 1px, 1px, 1px);\" title=\"\u00ab\u00a0Attaque du Bardo : Les s\u00e9curitaires tr\u00e8s remont\u00e9s contre les d\u00e9put\u00e9s\u00a0\u00bb &#8212; Kapitalis\" src=\"https:\/\/kapitalis.com\/tunisie\/2017\/11\/02\/attaque-du-bardo-les-securitaires-tres-remontes-contre-les-deputes\/embed\/#?secret=JRbRFkTCQ7#?secret=OMkfMrgYgT\" data-secret=\"OMkfMrgYgT\" width=\"600\" height=\"338\" frameborder=\"0\" marginwidth=\"0\" marginheight=\"0\" scrolling=\"no\"><\/iframe><\/p>\n","protected":false},"excerpt":{"rendered":"<p>Le d\u00e9put\u00e9 Sofiene Toubel a indiqu\u00e9 que le projet de loi sur la protection des agents de s\u00e9curit\u00e9 sera mis en priorit\u00e9 pour \u00eatre examin\u00e9 par l&rsquo;Assembl\u00e9e.<\/p>\n","protected":false},"author":16,"featured_media":0,"comment_status":"open","ping_status":"open","sticky":false,"template":"","format":"standard","meta":{"footnotes":""},"categories":[997,2433],"tags":[4638,19125],"class_list":["post-121838","post","type-post","status-publish","format-standard","hentry","category-politique","category-tunisie","tag-assemblee-des-representants-du-peuple","tag-sofiene-toubel"],"yoast_head":"<!-- This site is optimized with the Yoast SEO plugin v26.6 - https:\/\/yoast.com\/wordpress\/plugins\/seo\/ -->\n<title>Toubel promet l&#039;examen du projet de loi sur la protection des s\u00e9curitaires - Kapitalis<\/title>\n<meta name=\"robots\" content=\"index, follow, max-snippet:-1, max-image-preview:large, max-video-preview:-1\" \/>\n<link rel=\"canonical\" href=\"https:\/\/kapitalis.com\/tunisie\/2017\/11\/03\/toubel-promet-lexamen-du-projet-de-loi-sur-la-protection-des-securitaires\/\" \/>\n<meta property=\"og:locale\" content=\"fr_FR\" \/>\n<meta property=\"og:type\" content=\"article\" \/>\n<meta property=\"og:title\" content=\"Toubel promet l&#039;examen du projet de loi sur la protection des s\u00e9curitaires - Kapitalis\" \/>\n<meta property=\"og:description\" content=\"Le d\u00e9put\u00e9 Sofiene Toubel a indiqu\u00e9 que le projet de loi sur la protection des agents de s\u00e9curit\u00e9 sera mis en priorit\u00e9 pour \u00eatre examin\u00e9 par l&rsquo;Assembl\u00e9e.\" \/>\n<meta property=\"og:url\" content=\"https:\/\/kapitalis.com\/tunisie\/2017\/11\/03\/toubel-promet-lexamen-du-projet-de-loi-sur-la-protection-des-securitaires\/\" \/>\n<meta property=\"og:site_name\" content=\"Kapitalis\" \/>\n<meta property=\"article:publisher\" content=\"https:\/\/www.facebook.com\/KapitalisInfo\/\" \/>\n<meta property=\"article:published_time\" content=\"2017-11-03T15:52:20+00:00\" \/>\n<meta property=\"article:modified_time\" content=\"2017-11-03T15:54:11+00:00\" \/>\n<meta property=\"og:image\" content=\"http:\/\/kapitalis.com\/tunisie\/wp-content\/uploads\/2016\/09\/Sofiene-Toubel.jpg\" \/>\n<meta name=\"author\" content=\"emna benabdallah\" \/>\n<meta name=\"twitter:card\" content=\"summary_large_image\" \/>\n<meta name=\"twitter:creator\" content=\"@KapitalisInfo\" \/>\n<meta name=\"twitter:site\" content=\"@KapitalisInfo\" \/>\n<meta name=\"twitter:label1\" content=\"\u00c9crit par\" \/>\n\t<meta name=\"twitter:data1\" content=\"emna benabdallah\" \/>\n\t<meta name=\"twitter:label2\" content=\"Dur\u00e9e de lecture estim\u00e9e\" \/>\n\t<meta name=\"twitter:data2\" content=\"1 minute\" \/>\n<script type=\"application\/ld+json\" class=\"yoast-schema-graph\">{\"@context\":\"https:\/\/schema.org\",\"@graph\":[{\"@type\":\"Article\",\"@id\":\"https:\/\/kapitalis.com\/tunisie\/2017\/11\/03\/toubel-promet-lexamen-du-projet-de-loi-sur-la-protection-des-securitaires\/#article\",\"isPartOf\":{\"@id\":\"https:\/\/kapitalis.com\/tunisie\/2017\/11\/03\/toubel-promet-lexamen-du-projet-de-loi-sur-la-protection-des-securitaires\/\"},\"author\":{\"name\":\"emna benabdallah\",\"@id\":\"https:\/\/kapitalis.com\/tunisie\/#\/schema\/person\/2c6e134b2f3369dffcd1daf5f087d28b\"},\"headline\":\"Toubel promet l&rsquo;examen du projet de loi sur la protection des s\u00e9curitaires\",\"datePublished\":\"2017-11-03T15:52:20+00:00\",\"dateModified\":\"2017-11-03T15:54:11+00:00\",\"mainEntityOfPage\":{\"@id\":\"https:\/\/kapitalis.com\/tunisie\/2017\/11\/03\/toubel-promet-lexamen-du-projet-de-loi-sur-la-protection-des-securitaires\/\"},\"wordCount\":234,\"commentCount\":3,\"publisher\":{\"@id\":\"https:\/\/kapitalis.com\/tunisie\/#organization\"},\"image\":{\"@id\":\"https:\/\/kapitalis.com\/tunisie\/2017\/11\/03\/toubel-promet-lexamen-du-projet-de-loi-sur-la-protection-des-securitaires\/#primaryimage\"},\"thumbnailUrl\":\"http:\/\/kapitalis.com\/tunisie\/wp-content\/uploads\/2016\/09\/Sofiene-Toubel.jpg\",\"keywords\":[\"Assembl\u00e9e des repr\u00e9sentants du peuple\",\"Sofi\u00e8ne Toubel\"],\"articleSection\":[\"POLITIQUE\",\"Tunisie\"],\"inLanguage\":\"fr-FR\",\"potentialAction\":[{\"@type\":\"CommentAction\",\"name\":\"Comment\",\"target\":[\"https:\/\/kapitalis.com\/tunisie\/2017\/11\/03\/toubel-promet-lexamen-du-projet-de-loi-sur-la-protection-des-securitaires\/#respond\"]}]},{\"@type\":\"WebPage\",\"@id\":\"https:\/\/kapitalis.com\/tunisie\/2017\/11\/03\/toubel-promet-lexamen-du-projet-de-loi-sur-la-protection-des-securitaires\/\",\"url\":\"https:\/\/kapitalis.com\/tunisie\/2017\/11\/03\/toubel-promet-lexamen-du-projet-de-loi-sur-la-protection-des-securitaires\/\",\"name\":\"Toubel promet l'examen du projet de loi sur la protection des s\u00e9curitaires - Kapitalis\",\"isPartOf\":{\"@id\":\"https:\/\/kapitalis.com\/tunisie\/#website\"},\"primaryImageOfPage\":{\"@id\":\"https:\/\/kapitalis.com\/tunisie\/2017\/11\/03\/toubel-promet-lexamen-du-projet-de-loi-sur-la-protection-des-securitaires\/#primaryimage\"},\"image\":{\"@id\":\"https:\/\/kapitalis.com\/tunisie\/2017\/11\/03\/toubel-promet-lexamen-du-projet-de-loi-sur-la-protection-des-securitaires\/#primaryimage\"},\"thumbnailUrl\":\"http:\/\/kapitalis.com\/tunisie\/wp-content\/uploads\/2016\/09\/Sofiene-Toubel.jpg\",\"datePublished\":\"2017-11-03T15:52:20+00:00\",\"dateModified\":\"2017-11-03T15:54:11+00:00\",\"breadcrumb\":{\"@id\":\"https:\/\/kapitalis.com\/tunisie\/2017\/11\/03\/toubel-promet-lexamen-du-projet-de-loi-sur-la-protection-des-securitaires\/#breadcrumb\"},\"inLanguage\":\"fr-FR\",\"potentialAction\":[{\"@type\":\"ReadAction\",\"target\":[\"https:\/\/kapitalis.com\/tunisie\/2017\/11\/03\/toubel-promet-lexamen-du-projet-de-loi-sur-la-protection-des-securitaires\/\"]}]},{\"@type\":\"ImageObject\",\"inLanguage\":\"fr-FR\",\"@id\":\"https:\/\/kapitalis.com\/tunisie\/2017\/11\/03\/toubel-promet-lexamen-du-projet-de-loi-sur-la-protection-des-securitaires\/#primaryimage\",\"url\":\"http:\/\/kapitalis.com\/tunisie\/wp-content\/uploads\/2016\/09\/Sofiene-Toubel.jpg\",\"contentUrl\":\"http:\/\/kapitalis.com\/tunisie\/wp-content\/uploads\/2016\/09\/Sofiene-Toubel.jpg\"},{\"@type\":\"BreadcrumbList\",\"@id\":\"https:\/\/kapitalis.com\/tunisie\/2017\/11\/03\/toubel-promet-lexamen-du-projet-de-loi-sur-la-protection-des-securitaires\/#breadcrumb\",\"itemListElement\":[{\"@type\":\"ListItem\",\"position\":1,\"name\":\"Accueil\",\"item\":\"https:\/\/kapitalis.com\/tunisie\/\"},{\"@type\":\"ListItem\",\"position\":2,\"name\":\"Toubel promet l&rsquo;examen du projet de loi sur la protection des s\u00e9curitaires\"}]},{\"@type\":\"WebSite\",\"@id\":\"https:\/\/kapitalis.com\/tunisie\/#website\",\"url\":\"https:\/\/kapitalis.com\/tunisie\/\",\"name\":\"Kapitalis\",\"description\":\"L&#039;actualit\u00e9 en Tunisie et dans le monde\",\"publisher\":{\"@id\":\"https:\/\/kapitalis.com\/tunisie\/#organization\"},\"potentialAction\":[{\"@type\":\"SearchAction\",\"target\":{\"@type\":\"EntryPoint\",\"urlTemplate\":\"https:\/\/kapitalis.com\/tunisie\/?s={search_term_string}\"},\"query-input\":{\"@type\":\"PropertyValueSpecification\",\"valueRequired\":true,\"valueName\":\"search_term_string\"}}],\"inLanguage\":\"fr-FR\"},{\"@type\":\"Organization\",\"@id\":\"https:\/\/kapitalis.com\/tunisie\/#organization\",\"name\":\"Kapitalis\",\"url\":\"https:\/\/kapitalis.com\/tunisie\/\",\"logo\":{\"@type\":\"ImageObject\",\"inLanguage\":\"fr-FR\",\"@id\":\"https:\/\/kapitalis.com\/tunisie\/#\/schema\/logo\/image\/\",\"url\":\"https:\/\/kapitalis.com\/tunisie\/wp-content\/uploads\/2022\/05\/Kapitalis-big-size.png\",\"contentUrl\":\"https:\/\/kapitalis.com\/tunisie\/wp-content\/uploads\/2022\/05\/Kapitalis-big-size.png\",\"width\":5000,\"height\":1500,\"caption\":\"Kapitalis\"},\"image\":{\"@id\":\"https:\/\/kapitalis.com\/tunisie\/#\/schema\/logo\/image\/\"},\"sameAs\":[\"https:\/\/www.facebook.com\/KapitalisInfo\/\",\"https:\/\/x.com\/KapitalisInfo\",\"https:\/\/www.youtube.com\/channel\/UC-yDYrHyfFBWWZaOw3FPg9Q\"]},{\"@type\":\"Person\",\"@id\":\"https:\/\/kapitalis.com\/tunisie\/#\/schema\/person\/2c6e134b2f3369dffcd1daf5f087d28b\",\"name\":\"emna benabdallah\",\"url\":\"https:\/\/kapitalis.com\/tunisie\/author\/emna\/\"}]}<\/script>\n<!-- \/ Yoast SEO plugin. -->","yoast_head_json":{"title":"Toubel promet l'examen du projet de loi sur la protection des s\u00e9curitaires - Kapitalis","robots":{"index":"index","follow":"follow","max-snippet":"max-snippet:-1","max-image-preview":"max-image-preview:large","max-video-preview":"max-video-preview:-1"},"canonical":"https:\/\/kapitalis.com\/tunisie\/2017\/11\/03\/toubel-promet-lexamen-du-projet-de-loi-sur-la-protection-des-securitaires\/","og_locale":"fr_FR","og_type":"article","og_title":"Toubel promet l'examen du projet de loi sur la protection des s\u00e9curitaires - Kapitalis","og_description":"Le d\u00e9put\u00e9 Sofiene Toubel a indiqu\u00e9 que le projet de loi sur la protection des agents de s\u00e9curit\u00e9 sera mis en priorit\u00e9 pour \u00eatre examin\u00e9 par l&rsquo;Assembl\u00e9e.","og_url":"https:\/\/kapitalis.com\/tunisie\/2017\/11\/03\/toubel-promet-lexamen-du-projet-de-loi-sur-la-protection-des-securitaires\/","og_site_name":"Kapitalis","article_publisher":"https:\/\/www.facebook.com\/KapitalisInfo\/","article_published_time":"2017-11-03T15:52:20+00:00","article_modified_time":"2017-11-03T15:54:11+00:00","og_image":[{"url":"http:\/\/kapitalis.com\/tunisie\/wp-content\/uploads\/2016\/09\/Sofiene-Toubel.jpg","type":"","width":"","height":""}],"author":"emna benabdallah","twitter_card":"summary_large_image","twitter_creator":"@KapitalisInfo","twitter_site":"@KapitalisInfo","twitter_misc":{"\u00c9crit par":"emna benabdallah","Dur\u00e9e de lecture estim\u00e9e":"1 minute"},"schema":{"@context":"https:\/\/schema.org","@graph":[{"@type":"Article","@id":"https:\/\/kapitalis.com\/tunisie\/2017\/11\/03\/toubel-promet-lexamen-du-projet-de-loi-sur-la-protection-des-securitaires\/#article","isPartOf":{"@id":"https:\/\/kapitalis.com\/tunisie\/2017\/11\/03\/toubel-promet-lexamen-du-projet-de-loi-sur-la-protection-des-securitaires\/"},"author":{"name":"emna benabdallah","@id":"https:\/\/kapitalis.com\/tunisie\/#\/schema\/person\/2c6e134b2f3369dffcd1daf5f087d28b"},"headline":"Toubel promet l&rsquo;examen du projet de loi sur la protection des s\u00e9curitaires","datePublished":"2017-11-03T15:52:20+00:00","dateModified":"2017-11-03T15:54:11+00:00","mainEntityOfPage":{"@id":"https:\/\/kapitalis.com\/tunisie\/2017\/11\/03\/toubel-promet-lexamen-du-projet-de-loi-sur-la-protection-des-securitaires\/"},"wordCount":234,"commentCount":3,"publisher":{"@id":"https:\/\/kapitalis.com\/tunisie\/#organization"},"image":{"@id":"https:\/\/kapitalis.com\/tunisie\/2017\/11\/03\/toubel-promet-lexamen-du-projet-de-loi-sur-la-protection-des-securitaires\/#primaryimage"},"thumbnailUrl":"http:\/\/kapitalis.com\/tunisie\/wp-content\/uploads\/2016\/09\/Sofiene-Toubel.jpg","keywords":["Assembl\u00e9e des repr\u00e9sentants du peuple","Sofi\u00e8ne Toubel"],"articleSection":["POLITIQUE","Tunisie"],"inLanguage":"fr-FR","potentialAction":[{"@type":"CommentAction","name":"Comment","target":["https:\/\/kapitalis.com\/tunisie\/2017\/11\/03\/toubel-promet-lexamen-du-projet-de-loi-sur-la-protection-des-securitaires\/#respond"]}]},{"@type":"WebPage","@id":"https:\/\/kapitalis.com\/tunisie\/2017\/11\/03\/toubel-promet-lexamen-du-projet-de-loi-sur-la-protection-des-securitaires\/","url":"https:\/\/kapitalis.com\/tunisie\/2017\/11\/03\/toubel-promet-lexamen-du-projet-de-loi-sur-la-protection-des-securitaires\/","name":"Toubel promet l'examen du projet de loi sur la protection des s\u00e9curitaires - Kapitalis","isPartOf":{"@id":"https:\/\/kapitalis.com\/tunisie\/#website"},"primaryImageOfPage":{"@id":"https:\/\/kapitalis.com\/tunisie\/2017\/11\/03\/toubel-promet-lexamen-du-projet-de-loi-sur-la-protection-des-securitaires\/#primaryimage"},"image":{"@id":"https:\/\/kapitalis.com\/tunisie\/2017\/11\/03\/toubel-promet-lexamen-du-projet-de-loi-sur-la-protection-des-securitaires\/#primaryimage"},"thumbnailUrl":"http:\/\/kapitalis.com\/tunisie\/wp-content\/uploads\/2016\/09\/Sofiene-Toubel.jpg","datePublished":"2017-11-03T15:52:20+00:00","dateModified":"2017-11-03T15:54:11+00:00","breadcrumb":{"@id":"https:\/\/kapitalis.com\/tunisie\/2017\/11\/03\/toubel-promet-lexamen-du-projet-de-loi-sur-la-protection-des-securitaires\/#breadcrumb"},"inLanguage":"fr-FR","potentialAction":[{"@type":"ReadAction","target":["https:\/\/kapitalis.com\/tunisie\/2017\/11\/03\/toubel-promet-lexamen-du-projet-de-loi-sur-la-protection-des-securitaires\/"]}]},{"@type":"ImageObject","inLanguage":"fr-FR","@id":"https:\/\/kapitalis.com\/tunisie\/2017\/11\/03\/toubel-promet-lexamen-du-projet-de-loi-sur-la-protection-des-securitaires\/#primaryimage","url":"http:\/\/kapitalis.com\/tunisie\/wp-content\/uploads\/2016\/09\/Sofiene-Toubel.jpg","contentUrl":"http:\/\/kapitalis.com\/tunisie\/wp-content\/uploads\/2016\/09\/Sofiene-Toubel.jpg"},{"@type":"BreadcrumbList","@id":"https:\/\/kapitalis.com\/tunisie\/2017\/11\/03\/toubel-promet-lexamen-du-projet-de-loi-sur-la-protection-des-securitaires\/#breadcrumb","itemListElement":[{"@type":"ListItem","position":1,"name":"Accueil","item":"https:\/\/kapitalis.com\/tunisie\/"},{"@type":"ListItem","position":2,"name":"Toubel promet l&rsquo;examen du projet de loi sur la protection des s\u00e9curitaires"}]},{"@type":"WebSite","@id":"https:\/\/kapitalis.com\/tunisie\/#website","url":"https:\/\/kapitalis.com\/tunisie\/","name":"Kapitalis","description":"L&#039;actualit\u00e9 en Tunisie et dans le monde","publisher":{"@id":"https:\/\/kapitalis.com\/tunisie\/#organization"},"potentialAction":[{"@type":"SearchAction","target":{"@type":"EntryPoint","urlTemplate":"https:\/\/kapitalis.com\/tunisie\/?s={search_term_string}"},"query-input":{"@type":"PropertyValueSpecification","valueRequired":true,"valueName":"search_term_string"}}],"inLanguage":"fr-FR"},{"@type":"Organization","@id":"https:\/\/kapitalis.com\/tunisie\/#organization","name":"Kapitalis","url":"https:\/\/kapitalis.com\/tunisie\/","logo":{"@type":"ImageObject","inLanguage":"fr-FR","@id":"https:\/\/kapitalis.com\/tunisie\/#\/schema\/logo\/image\/","url":"https:\/\/kapitalis.com\/tunisie\/wp-content\/uploads\/2022\/05\/Kapitalis-big-size.png","contentUrl":"https:\/\/kapitalis.com\/tunisie\/wp-content\/uploads\/2022\/05\/Kapitalis-big-size.png","width":5000,"height":1500,"caption":"Kapitalis"},"image":{"@id":"https:\/\/kapitalis.com\/tunisie\/#\/schema\/logo\/image\/"},"sameAs":["https:\/\/www.facebook.com\/KapitalisInfo\/","https:\/\/x.com\/KapitalisInfo","https:\/\/www.youtube.com\/channel\/UC-yDYrHyfFBWWZaOw3FPg9Q"]},{"@type":"Person","@id":"https:\/\/kapitalis.com\/tunisie\/#\/schema\/person\/2c6e134b2f3369dffcd1daf5f087d28b","name":"emna benabdallah","url":"https:\/\/kapitalis.com\/tunisie\/author\/emna\/"}]}},"_links":{"self":[{"href":"https:\/\/kapitalis.com\/tunisie\/wp-json\/wp\/v2\/posts\/121838","targetHints":{"allow":["GET"]}}],"collection":[{"href":"https:\/\/kapitalis.com\/tunisie\/wp-json\/wp\/v2\/posts"}],"about":[{"href":"https:\/\/kapitalis.com\/tunisie\/wp-json\/wp\/v2\/types\/post"}],"author":[{"embeddable":true,"href":"https:\/\/kapitalis.com\/tunisie\/wp-json\/wp\/v2\/users\/16"}],"replies":[{"embeddable":true,"href":"https:\/\/kapitalis.com\/tunisie\/wp-json\/wp\/v2\/comments?post=121838"}],"version-history":[{"count":0,"href":"https:\/\/kapitalis.com\/tunisie\/wp-json\/wp\/v2\/posts\/121838\/revisions"}],"wp:attachment":[{"href":"https:\/\/kapitalis.com\/tunisie\/wp-json\/wp\/v2\/media?parent=121838"}],"wp:term":[{"taxonomy":"category","embeddable":true,"href":"https:\/\/kapitalis.com\/tunisie\/wp-json\/wp\/v2\/categories?post=121838"},{"taxonomy":"post_tag","embeddable":true,"href":"https:\/\/kapitalis.com\/tunisie\/wp-json\/wp\/v2\/tags?post=121838"}],"curies":[{"name":"wp","href":"https:\/\/api.w.org\/{rel}","templated":true}]}}