{"id":12199407,"date":"2024-03-25T08:01:07","date_gmt":"2024-03-25T07:01:07","guid":{"rendered":"https:\/\/kapitalis.com\/tunisie\/?p=12199407"},"modified":"2024-03-25T08:01:08","modified_gmt":"2024-03-25T07:01:08","slug":"tunisie-mohamed-boughalleb-maintient-sa-ligne-de-defense","status":"publish","type":"post","link":"https:\/\/kapitalis.com\/tunisie\/2024\/03\/25\/tunisie-mohamed-boughalleb-maintient-sa-ligne-de-defense\/","title":{"rendered":"Tunisie\u00a0: Mohamed Boughalleb maintient sa ligne de d\u00e9fense"},"content":{"rendered":"\n<p><strong><em>Apr\u00e8s la d\u00e9cision de <a href=\"https:\/\/kapitalis.com\/tunisie\/2024\/03\/24\/tunisie-la-garde-a-vue-du-journaliste-mohamed-boughalleb-prolongee-de-48-heures\/\" target=\"_blank\" rel=\"noreferrer noopener\">prolongation de la garde \u00e0 vue<\/a> de Mohamed Boughalleb, annonc\u00e9e par le minist\u00e8re public pr\u00e8s du tribunal de premi\u00e8re instance de Tunis, dimanche 24 mars 2024, dans \u00a0le cadre d\u2019une enqu\u00eate sur des soup\u00e7ons d\u2019atteinte \u00e0 autrui via les r\u00e9seaux sociaux, le journaliste et chroniqueur va devoir compara\u00eetre de nouveau devant le minist\u00e8re public demain, mardi 26 mars.<\/em><\/strong><\/p>\n\n\n\n<!--more-->\n\n\n\n<p>Dans un poste publi\u00e9 hier sur sa page Facebook, l\u2019un de ses avocats, Me Anas Kadoussi, a rapport\u00e9 les faits suivants\u00a0: <em>\u00abLa confrontation entre Mohamed Boughalleb et la plaignante s\u2019est termin\u00e9e et il a continu\u00e9 \u00e0 d\u00e9mentir, de mani\u00e8re sans \u00e9quivoque, qu\u2019il ne ciblait<\/em> [dans ses d\u00e9clarations incrimin\u00e9es]<em> la plaignante en elle-m\u00eame et dans sa personne mais plut\u00f4t la politique de communication et de gestion des deniers publics au sein du minist\u00e8re des Affaires religieuses en tant qu\u2019exemple de corruption\u00a0financi\u00e8re et de mauvaise gestion, et c\u2019est sa d\u00e9marche depuis <a href=\"https:\/\/kapitalis.com\/tunisie\/2020\/03\/21\/voiture-de-fonction-du-ministre-maarouf-accidente-par-sa-fille-la-reaction-a-minima-du-gouvernement\/\" target=\"_blank\" rel=\"noreferrer noopener\">l\u2019affaire de la voiture Q7<\/a> qu\u2019il avait r\u00e9v\u00e9l\u00e9e et dans laquelle \u00e9tait impliqu\u00e9 l\u2019ancien ministre \u00a0du Transport et celle de la <a href=\"https:\/\/kapitalis.com\/tunisie\/2023\/04\/08\/tunisie-qui-veut-faire-taire-mohamed-boughalleb\/\" target=\"_blank\" rel=\"noreferrer noopener\">voiture Q6 ill\u00e9galement utilis\u00e9e par le ministre des Affaires religieuses<\/a> (..) <em>\u00e9cartant ainsi toute interpr\u00e9tation de ses propos<\/em> dans le sens d&rsquo;une affaire de m\u0153urs\u00bb<\/em>.<\/p>\n\n\n\n<p>Rappelons que Boughalleb est poursuivi en justice pour diffamation suite \u00e0 une plainte d\u00e9pos\u00e9e contre lui par une responsable du minist\u00e8re des Affaires religieuses, apr\u00e8s des d\u00e9clarations m\u00e9diatiques dans lesquelles il s\u2019\u00e9tait interrog\u00e9 sur la multiplication des voyages \u00e0 l\u2019\u00e9tranger de la part de cette responsable, qui accompagnait souvent le ministre des Affaires religieuses dans ses d\u00e9placements. <\/p>\n\n\n\n<p class=\"has-text-align-right\"><strong>I. B.<\/strong> <\/p>\n\n\n\n<figure class=\"wp-block-embed is-type-wp-embed is-provider-kapitalis wp-block-embed-kapitalis\"><div class=\"wp-block-embed__wrapper\">\n<blockquote class=\"wp-embedded-content\" data-secret=\"3keexUPia7\"><a href=\"https:\/\/kapitalis.com\/tunisie\/2024\/03\/24\/tunisie-la-garde-a-vue-du-journaliste-mohamed-boughalleb-prolongee-de-48-heures\/\">Tunisie\u00a0: la garde \u00e0 vue du journaliste Mohamed Boughalleb prolong\u00e9e de 48 heures<\/a><\/blockquote><iframe loading=\"lazy\" class=\"wp-embedded-content\" sandbox=\"allow-scripts\" security=\"restricted\" style=\"position: absolute; clip: rect(1px, 1px, 1px, 1px);\" title=\"\u00ab\u00a0Tunisie\u00a0: la garde \u00e0 vue du journaliste Mohamed Boughalleb prolong\u00e9e de 48 heures\u00a0\u00bb &#8212; Kapitalis\" src=\"https:\/\/kapitalis.com\/tunisie\/2024\/03\/24\/tunisie-la-garde-a-vue-du-journaliste-mohamed-boughalleb-prolongee-de-48-heures\/embed\/#?secret=qjGqx6MxJC#?secret=3keexUPia7\" data-secret=\"3keexUPia7\" width=\"600\" height=\"338\" frameborder=\"0\" marginwidth=\"0\" marginheight=\"0\" scrolling=\"no\"><\/iframe>\n<\/div><\/figure>\n","protected":false},"excerpt":{"rendered":"<p>Mohamed va devoir compara\u00eetre de nouveau devant le minist\u00e8re public demain, mardi 26 mars.<\/p>\n","protected":false},"author":8,"featured_media":12199469,"comment_status":"open","ping_status":"open","sticky":false,"template":"","format":"standard","meta":{"footnotes":""},"categories":[996,997,2433],"tags":[4353,114631,13494,62643],"class_list":["post-12199407","post","type-post","status-publish","format-standard","has-post-thumbnail","hentry","category-media","category-politique","category-tunisie","tag-affaires-religieuses","tag-anas-kadoussi","tag-mohamed-boughalleb","tag-tunisie"],"yoast_head":"<!-- This site is optimized with the Yoast SEO plugin v26.6 - https:\/\/yoast.com\/wordpress\/plugins\/seo\/ -->\n<title>Tunisie\u00a0: Mohamed Boughalleb maintient sa ligne de d\u00e9fense - Kapitalis<\/title>\n<meta name=\"robots\" content=\"index, follow, max-snippet:-1, max-image-preview:large, max-video-preview:-1\" \/>\n<link rel=\"canonical\" href=\"https:\/\/kapitalis.com\/tunisie\/2024\/03\/25\/tunisie-mohamed-boughalleb-maintient-sa-ligne-de-defense\/\" \/>\n<meta property=\"og:locale\" content=\"fr_FR\" \/>\n<meta property=\"og:type\" content=\"article\" \/>\n<meta property=\"og:title\" content=\"Tunisie\u00a0: Mohamed Boughalleb maintient sa ligne de d\u00e9fense - Kapitalis\" \/>\n<meta property=\"og:description\" content=\"Mohamed va devoir compara\u00eetre de nouveau devant le minist\u00e8re public demain, mardi 26 mars.\" \/>\n<meta property=\"og:url\" content=\"https:\/\/kapitalis.com\/tunisie\/2024\/03\/25\/tunisie-mohamed-boughalleb-maintient-sa-ligne-de-defense\/\" \/>\n<meta property=\"og:site_name\" content=\"Kapitalis\" \/>\n<meta property=\"article:publisher\" content=\"https:\/\/www.facebook.com\/KapitalisInfo\/\" \/>\n<meta property=\"article:published_time\" content=\"2024-03-25T07:01:07+00:00\" \/>\n<meta property=\"article:modified_time\" content=\"2024-03-25T07:01:08+00:00\" \/>\n<meta property=\"og:image\" content=\"https:\/\/kapitalis.com\/tunisie\/wp-content\/uploads\/2024\/03\/Mohamed-Boughalleb-1.jpg\" \/>\n\t<meta property=\"og:image:width\" content=\"1200\" \/>\n\t<meta property=\"og:image:height\" content=\"630\" \/>\n\t<meta property=\"og:image:type\" content=\"image\/jpeg\" \/>\n<meta name=\"author\" content=\"webmaster kapitalis\" \/>\n<meta name=\"twitter:card\" content=\"summary_large_image\" \/>\n<meta name=\"twitter:creator\" content=\"@KapitalisInfo\" \/>\n<meta name=\"twitter:site\" content=\"@KapitalisInfo\" \/>\n<meta name=\"twitter:label1\" content=\"\u00c9crit par\" \/>\n\t<meta name=\"twitter:data1\" content=\"webmaster kapitalis\" \/>\n\t<meta name=\"twitter:label2\" content=\"Dur\u00e9e de lecture estim\u00e9e\" \/>\n\t<meta name=\"twitter:data2\" content=\"2 minutes\" \/>\n<script type=\"application\/ld+json\" class=\"yoast-schema-graph\">{\"@context\":\"https:\/\/schema.org\",\"@graph\":[{\"@type\":\"Article\",\"@id\":\"https:\/\/kapitalis.com\/tunisie\/2024\/03\/25\/tunisie-mohamed-boughalleb-maintient-sa-ligne-de-defense\/#article\",\"isPartOf\":{\"@id\":\"https:\/\/kapitalis.com\/tunisie\/2024\/03\/25\/tunisie-mohamed-boughalleb-maintient-sa-ligne-de-defense\/\"},\"author\":{\"name\":\"webmaster kapitalis\",\"@id\":\"https:\/\/kapitalis.com\/tunisie\/#\/schema\/person\/d71f33a9ca44f7bad4698210b480c8e9\"},\"headline\":\"Tunisie\u00a0: Mohamed Boughalleb maintient sa ligne de d\u00e9fense\",\"datePublished\":\"2024-03-25T07:01:07+00:00\",\"dateModified\":\"2024-03-25T07:01:08+00:00\",\"mainEntityOfPage\":{\"@id\":\"https:\/\/kapitalis.com\/tunisie\/2024\/03\/25\/tunisie-mohamed-boughalleb-maintient-sa-ligne-de-defense\/\"},\"wordCount\":310,\"commentCount\":1,\"publisher\":{\"@id\":\"https:\/\/kapitalis.com\/tunisie\/#organization\"},\"image\":{\"@id\":\"https:\/\/kapitalis.com\/tunisie\/2024\/03\/25\/tunisie-mohamed-boughalleb-maintient-sa-ligne-de-defense\/#primaryimage\"},\"thumbnailUrl\":\"https:\/\/kapitalis.com\/tunisie\/wp-content\/uploads\/2024\/03\/Mohamed-Boughalleb-1.jpg\",\"keywords\":[\"affaires religieuses\",\"Anas Kadoussi\",\"Mohamed Boughalleb\",\"Tunisie\"],\"articleSection\":[\"MEDIA\",\"POLITIQUE\",\"Tunisie\"],\"inLanguage\":\"fr-FR\",\"potentialAction\":[{\"@type\":\"CommentAction\",\"name\":\"Comment\",\"target\":[\"https:\/\/kapitalis.com\/tunisie\/2024\/03\/25\/tunisie-mohamed-boughalleb-maintient-sa-ligne-de-defense\/#respond\"]}]},{\"@type\":\"WebPage\",\"@id\":\"https:\/\/kapitalis.com\/tunisie\/2024\/03\/25\/tunisie-mohamed-boughalleb-maintient-sa-ligne-de-defense\/\",\"url\":\"https:\/\/kapitalis.com\/tunisie\/2024\/03\/25\/tunisie-mohamed-boughalleb-maintient-sa-ligne-de-defense\/\",\"name\":\"Tunisie\u00a0: Mohamed Boughalleb maintient sa ligne de d\u00e9fense - Kapitalis\",\"isPartOf\":{\"@id\":\"https:\/\/kapitalis.com\/tunisie\/#website\"},\"primaryImageOfPage\":{\"@id\":\"https:\/\/kapitalis.com\/tunisie\/2024\/03\/25\/tunisie-mohamed-boughalleb-maintient-sa-ligne-de-defense\/#primaryimage\"},\"image\":{\"@id\":\"https:\/\/kapitalis.com\/tunisie\/2024\/03\/25\/tunisie-mohamed-boughalleb-maintient-sa-ligne-de-defense\/#primaryimage\"},\"thumbnailUrl\":\"https:\/\/kapitalis.com\/tunisie\/wp-content\/uploads\/2024\/03\/Mohamed-Boughalleb-1.jpg\",\"datePublished\":\"2024-03-25T07:01:07+00:00\",\"dateModified\":\"2024-03-25T07:01:08+00:00\",\"breadcrumb\":{\"@id\":\"https:\/\/kapitalis.com\/tunisie\/2024\/03\/25\/tunisie-mohamed-boughalleb-maintient-sa-ligne-de-defense\/#breadcrumb\"},\"inLanguage\":\"fr-FR\",\"potentialAction\":[{\"@type\":\"ReadAction\",\"target\":[\"https:\/\/kapitalis.com\/tunisie\/2024\/03\/25\/tunisie-mohamed-boughalleb-maintient-sa-ligne-de-defense\/\"]}]},{\"@type\":\"ImageObject\",\"inLanguage\":\"fr-FR\",\"@id\":\"https:\/\/kapitalis.com\/tunisie\/2024\/03\/25\/tunisie-mohamed-boughalleb-maintient-sa-ligne-de-defense\/#primaryimage\",\"url\":\"https:\/\/kapitalis.com\/tunisie\/wp-content\/uploads\/2024\/03\/Mohamed-Boughalleb-1.jpg\",\"contentUrl\":\"https:\/\/kapitalis.com\/tunisie\/wp-content\/uploads\/2024\/03\/Mohamed-Boughalleb-1.jpg\",\"width\":1200,\"height\":630},{\"@type\":\"BreadcrumbList\",\"@id\":\"https:\/\/kapitalis.com\/tunisie\/2024\/03\/25\/tunisie-mohamed-boughalleb-maintient-sa-ligne-de-defense\/#breadcrumb\",\"itemListElement\":[{\"@type\":\"ListItem\",\"position\":1,\"name\":\"Accueil\",\"item\":\"https:\/\/kapitalis.com\/tunisie\/\"},{\"@type\":\"ListItem\",\"position\":2,\"name\":\"Tunisie\u00a0: Mohamed Boughalleb maintient sa ligne de d\u00e9fense\"}]},{\"@type\":\"WebSite\",\"@id\":\"https:\/\/kapitalis.com\/tunisie\/#website\",\"url\":\"https:\/\/kapitalis.com\/tunisie\/\",\"name\":\"Kapitalis\",\"description\":\"L&#039;actualit\u00e9 en Tunisie et dans le monde\",\"publisher\":{\"@id\":\"https:\/\/kapitalis.com\/tunisie\/#organization\"},\"potentialAction\":[{\"@type\":\"SearchAction\",\"target\":{\"@type\":\"EntryPoint\",\"urlTemplate\":\"https:\/\/kapitalis.com\/tunisie\/?s={search_term_string}\"},\"query-input\":{\"@type\":\"PropertyValueSpecification\",\"valueRequired\":true,\"valueName\":\"search_term_string\"}}],\"inLanguage\":\"fr-FR\"},{\"@type\":\"Organization\",\"@id\":\"https:\/\/kapitalis.com\/tunisie\/#organization\",\"name\":\"Kapitalis\",\"url\":\"https:\/\/kapitalis.com\/tunisie\/\",\"logo\":{\"@type\":\"ImageObject\",\"inLanguage\":\"fr-FR\",\"@id\":\"https:\/\/kapitalis.com\/tunisie\/#\/schema\/logo\/image\/\",\"url\":\"https:\/\/kapitalis.com\/tunisie\/wp-content\/uploads\/2022\/05\/Kapitalis-big-size.png\",\"contentUrl\":\"https:\/\/kapitalis.com\/tunisie\/wp-content\/uploads\/2022\/05\/Kapitalis-big-size.png\",\"width\":5000,\"height\":1500,\"caption\":\"Kapitalis\"},\"image\":{\"@id\":\"https:\/\/kapitalis.com\/tunisie\/#\/schema\/logo\/image\/\"},\"sameAs\":[\"https:\/\/www.facebook.com\/KapitalisInfo\/\",\"https:\/\/x.com\/KapitalisInfo\",\"https:\/\/www.youtube.com\/channel\/UC-yDYrHyfFBWWZaOw3FPg9Q\"]},{\"@type\":\"Person\",\"@id\":\"https:\/\/kapitalis.com\/tunisie\/#\/schema\/person\/d71f33a9ca44f7bad4698210b480c8e9\",\"name\":\"webmaster kapitalis\",\"url\":\"https:\/\/kapitalis.com\/tunisie\/author\/webmaster-kapitalis\/\"}]}<\/script>\n<!-- \/ Yoast SEO plugin. -->","yoast_head_json":{"title":"Tunisie\u00a0: Mohamed Boughalleb maintient sa ligne de d\u00e9fense - Kapitalis","robots":{"index":"index","follow":"follow","max-snippet":"max-snippet:-1","max-image-preview":"max-image-preview:large","max-video-preview":"max-video-preview:-1"},"canonical":"https:\/\/kapitalis.com\/tunisie\/2024\/03\/25\/tunisie-mohamed-boughalleb-maintient-sa-ligne-de-defense\/","og_locale":"fr_FR","og_type":"article","og_title":"Tunisie\u00a0: Mohamed Boughalleb maintient sa ligne de d\u00e9fense - Kapitalis","og_description":"Mohamed va devoir compara\u00eetre de nouveau devant le minist\u00e8re public demain, mardi 26 mars.","og_url":"https:\/\/kapitalis.com\/tunisie\/2024\/03\/25\/tunisie-mohamed-boughalleb-maintient-sa-ligne-de-defense\/","og_site_name":"Kapitalis","article_publisher":"https:\/\/www.facebook.com\/KapitalisInfo\/","article_published_time":"2024-03-25T07:01:07+00:00","article_modified_time":"2024-03-25T07:01:08+00:00","og_image":[{"width":1200,"height":630,"url":"https:\/\/kapitalis.com\/tunisie\/wp-content\/uploads\/2024\/03\/Mohamed-Boughalleb-1.jpg","type":"image\/jpeg"}],"author":"webmaster kapitalis","twitter_card":"summary_large_image","twitter_creator":"@KapitalisInfo","twitter_site":"@KapitalisInfo","twitter_misc":{"\u00c9crit par":"webmaster kapitalis","Dur\u00e9e de lecture estim\u00e9e":"2 minutes"},"schema":{"@context":"https:\/\/schema.org","@graph":[{"@type":"Article","@id":"https:\/\/kapitalis.com\/tunisie\/2024\/03\/25\/tunisie-mohamed-boughalleb-maintient-sa-ligne-de-defense\/#article","isPartOf":{"@id":"https:\/\/kapitalis.com\/tunisie\/2024\/03\/25\/tunisie-mohamed-boughalleb-maintient-sa-ligne-de-defense\/"},"author":{"name":"webmaster kapitalis","@id":"https:\/\/kapitalis.com\/tunisie\/#\/schema\/person\/d71f33a9ca44f7bad4698210b480c8e9"},"headline":"Tunisie\u00a0: Mohamed Boughalleb maintient sa ligne de d\u00e9fense","datePublished":"2024-03-25T07:01:07+00:00","dateModified":"2024-03-25T07:01:08+00:00","mainEntityOfPage":{"@id":"https:\/\/kapitalis.com\/tunisie\/2024\/03\/25\/tunisie-mohamed-boughalleb-maintient-sa-ligne-de-defense\/"},"wordCount":310,"commentCount":1,"publisher":{"@id":"https:\/\/kapitalis.com\/tunisie\/#organization"},"image":{"@id":"https:\/\/kapitalis.com\/tunisie\/2024\/03\/25\/tunisie-mohamed-boughalleb-maintient-sa-ligne-de-defense\/#primaryimage"},"thumbnailUrl":"https:\/\/kapitalis.com\/tunisie\/wp-content\/uploads\/2024\/03\/Mohamed-Boughalleb-1.jpg","keywords":["affaires religieuses","Anas Kadoussi","Mohamed Boughalleb","Tunisie"],"articleSection":["MEDIA","POLITIQUE","Tunisie"],"inLanguage":"fr-FR","potentialAction":[{"@type":"CommentAction","name":"Comment","target":["https:\/\/kapitalis.com\/tunisie\/2024\/03\/25\/tunisie-mohamed-boughalleb-maintient-sa-ligne-de-defense\/#respond"]}]},{"@type":"WebPage","@id":"https:\/\/kapitalis.com\/tunisie\/2024\/03\/25\/tunisie-mohamed-boughalleb-maintient-sa-ligne-de-defense\/","url":"https:\/\/kapitalis.com\/tunisie\/2024\/03\/25\/tunisie-mohamed-boughalleb-maintient-sa-ligne-de-defense\/","name":"Tunisie\u00a0: Mohamed Boughalleb maintient sa ligne de d\u00e9fense - Kapitalis","isPartOf":{"@id":"https:\/\/kapitalis.com\/tunisie\/#website"},"primaryImageOfPage":{"@id":"https:\/\/kapitalis.com\/tunisie\/2024\/03\/25\/tunisie-mohamed-boughalleb-maintient-sa-ligne-de-defense\/#primaryimage"},"image":{"@id":"https:\/\/kapitalis.com\/tunisie\/2024\/03\/25\/tunisie-mohamed-boughalleb-maintient-sa-ligne-de-defense\/#primaryimage"},"thumbnailUrl":"https:\/\/kapitalis.com\/tunisie\/wp-content\/uploads\/2024\/03\/Mohamed-Boughalleb-1.jpg","datePublished":"2024-03-25T07:01:07+00:00","dateModified":"2024-03-25T07:01:08+00:00","breadcrumb":{"@id":"https:\/\/kapitalis.com\/tunisie\/2024\/03\/25\/tunisie-mohamed-boughalleb-maintient-sa-ligne-de-defense\/#breadcrumb"},"inLanguage":"fr-FR","potentialAction":[{"@type":"ReadAction","target":["https:\/\/kapitalis.com\/tunisie\/2024\/03\/25\/tunisie-mohamed-boughalleb-maintient-sa-ligne-de-defense\/"]}]},{"@type":"ImageObject","inLanguage":"fr-FR","@id":"https:\/\/kapitalis.com\/tunisie\/2024\/03\/25\/tunisie-mohamed-boughalleb-maintient-sa-ligne-de-defense\/#primaryimage","url":"https:\/\/kapitalis.com\/tunisie\/wp-content\/uploads\/2024\/03\/Mohamed-Boughalleb-1.jpg","contentUrl":"https:\/\/kapitalis.com\/tunisie\/wp-content\/uploads\/2024\/03\/Mohamed-Boughalleb-1.jpg","width":1200,"height":630},{"@type":"BreadcrumbList","@id":"https:\/\/kapitalis.com\/tunisie\/2024\/03\/25\/tunisie-mohamed-boughalleb-maintient-sa-ligne-de-defense\/#breadcrumb","itemListElement":[{"@type":"ListItem","position":1,"name":"Accueil","item":"https:\/\/kapitalis.com\/tunisie\/"},{"@type":"ListItem","position":2,"name":"Tunisie\u00a0: Mohamed Boughalleb maintient sa ligne de d\u00e9fense"}]},{"@type":"WebSite","@id":"https:\/\/kapitalis.com\/tunisie\/#website","url":"https:\/\/kapitalis.com\/tunisie\/","name":"Kapitalis","description":"L&#039;actualit\u00e9 en Tunisie et dans le monde","publisher":{"@id":"https:\/\/kapitalis.com\/tunisie\/#organization"},"potentialAction":[{"@type":"SearchAction","target":{"@type":"EntryPoint","urlTemplate":"https:\/\/kapitalis.com\/tunisie\/?s={search_term_string}"},"query-input":{"@type":"PropertyValueSpecification","valueRequired":true,"valueName":"search_term_string"}}],"inLanguage":"fr-FR"},{"@type":"Organization","@id":"https:\/\/kapitalis.com\/tunisie\/#organization","name":"Kapitalis","url":"https:\/\/kapitalis.com\/tunisie\/","logo":{"@type":"ImageObject","inLanguage":"fr-FR","@id":"https:\/\/kapitalis.com\/tunisie\/#\/schema\/logo\/image\/","url":"https:\/\/kapitalis.com\/tunisie\/wp-content\/uploads\/2022\/05\/Kapitalis-big-size.png","contentUrl":"https:\/\/kapitalis.com\/tunisie\/wp-content\/uploads\/2022\/05\/Kapitalis-big-size.png","width":5000,"height":1500,"caption":"Kapitalis"},"image":{"@id":"https:\/\/kapitalis.com\/tunisie\/#\/schema\/logo\/image\/"},"sameAs":["https:\/\/www.facebook.com\/KapitalisInfo\/","https:\/\/x.com\/KapitalisInfo","https:\/\/www.youtube.com\/channel\/UC-yDYrHyfFBWWZaOw3FPg9Q"]},{"@type":"Person","@id":"https:\/\/kapitalis.com\/tunisie\/#\/schema\/person\/d71f33a9ca44f7bad4698210b480c8e9","name":"webmaster kapitalis","url":"https:\/\/kapitalis.com\/tunisie\/author\/webmaster-kapitalis\/"}]}},"_links":{"self":[{"href":"https:\/\/kapitalis.com\/tunisie\/wp-json\/wp\/v2\/posts\/12199407","targetHints":{"allow":["GET"]}}],"collection":[{"href":"https:\/\/kapitalis.com\/tunisie\/wp-json\/wp\/v2\/posts"}],"about":[{"href":"https:\/\/kapitalis.com\/tunisie\/wp-json\/wp\/v2\/types\/post"}],"author":[{"embeddable":true,"href":"https:\/\/kapitalis.com\/tunisie\/wp-json\/wp\/v2\/users\/8"}],"replies":[{"embeddable":true,"href":"https:\/\/kapitalis.com\/tunisie\/wp-json\/wp\/v2\/comments?post=12199407"}],"version-history":[{"count":1,"href":"https:\/\/kapitalis.com\/tunisie\/wp-json\/wp\/v2\/posts\/12199407\/revisions"}],"predecessor-version":[{"id":12199507,"href":"https:\/\/kapitalis.com\/tunisie\/wp-json\/wp\/v2\/posts\/12199407\/revisions\/12199507"}],"wp:featuredmedia":[{"embeddable":true,"href":"https:\/\/kapitalis.com\/tunisie\/wp-json\/wp\/v2\/media\/12199469"}],"wp:attachment":[{"href":"https:\/\/kapitalis.com\/tunisie\/wp-json\/wp\/v2\/media?parent=12199407"}],"wp:term":[{"taxonomy":"category","embeddable":true,"href":"https:\/\/kapitalis.com\/tunisie\/wp-json\/wp\/v2\/categories?post=12199407"},{"taxonomy":"post_tag","embeddable":true,"href":"https:\/\/kapitalis.com\/tunisie\/wp-json\/wp\/v2\/tags?post=12199407"}],"curies":[{"name":"wp","href":"https:\/\/api.w.org\/{rel}","templated":true}]}}