{"id":122111,"date":"2017-11-06T09:07:36","date_gmt":"2017-11-06T08:07:36","guid":{"rendered":"http:\/\/kapitalis.com\/tunisie\/?p=122111"},"modified":"2017-11-06T09:07:36","modified_gmt":"2017-11-06T08:07:36","slug":"meteo-baisse-des-temperatures-et-pluies-en-perspectives-2","status":"publish","type":"post","link":"https:\/\/kapitalis.com\/tunisie\/2017\/11\/06\/meteo-baisse-des-temperatures-et-pluies-en-perspectives-2\/","title":{"rendered":"M\u00e9t\u00e9o : Baisse des temp\u00e9ratures et pluies en perspectives"},"content":{"rendered":"<p style=\"text-align: center;\"><img loading=\"lazy\" decoding=\"async\" class=\"alignnone size-full wp-image-107482\" src=\"http:\/\/kapitalis.com\/tunisie\/wp-content\/uploads\/2017\/07\/m\u00e9t\u00e9o-temps-gris-.jpg\" alt=\"\" width=\"626\" height=\"380\" \/><\/p>\n<p><em><strong>Une baisse des temp\u00e9ratures est pr\u00e9vue aujourd&rsquo;hui, lundi 6 novembre 2017, avec un ciel nuageux et des pluies temporairement orageuses.<\/strong><\/em><!--more--><\/p>\n<p>C\u2019est ce que pr\u00e9voit l\u2019Institut national de m\u00e9t\u00e9orologie (INM), en pr\u00e9cisant que les temp\u00e9ratures seront comprises entre 18 et 23\u00b0C sur le nord et les hauteurs et entre 23 et 28\u00b0C ailleurs avec un ciel nuageux sur l&rsquo;ensemble du pays et des vents qui souffleront jusqu&rsquo;\u00e0 60 km\/heures pr\u00e8s des c\u00f4tes.<\/p>\n<p>Le mauvais temps se poursuivra \u00e9galement demain o\u00f9 les temp\u00e9ratures maximales seront comprises entre\u00a014 et 19\u00b0C sur le nord et les hauteurs et entre 19 et 24\u00b0C sur le reste du pays avec un ciel nuageux et des pluies isol\u00e9es sur les r\u00e9gions c\u00f4ti\u00e8res.<\/p>\n<p style=\"text-align: right;\"><strong>E. B. A.<\/strong><\/p>\n","protected":false},"excerpt":{"rendered":"<p>Une baisse des temp\u00e9ratures est pr\u00e9vue aujourd&rsquo;hui, lundi 6 novembre 2017, avec un ciel nuageux et des pluies temporairement orageuses.<\/p>\n","protected":false},"author":16,"featured_media":0,"comment_status":"open","ping_status":"open","sticky":false,"template":"","format":"standard","meta":{"footnotes":""},"categories":[998,2433],"tags":[10255,1664,1665],"class_list":["post-122111","post","type-post","status-publish","format-standard","hentry","category-societe","category-tunisie","tag-institut-national-de-meteorologie","tag-pluies","tag-temperatures"],"yoast_head":"<!-- This site is optimized with the Yoast SEO plugin v26.6 - https:\/\/yoast.com\/wordpress\/plugins\/seo\/ -->\n<title>M\u00e9t\u00e9o : Baisse des temp\u00e9ratures et pluies en perspectives - Kapitalis<\/title>\n<meta name=\"robots\" content=\"index, follow, max-snippet:-1, max-image-preview:large, max-video-preview:-1\" \/>\n<link rel=\"canonical\" href=\"https:\/\/kapitalis.com\/tunisie\/2017\/11\/06\/meteo-baisse-des-temperatures-et-pluies-en-perspectives-2\/\" \/>\n<meta property=\"og:locale\" content=\"fr_FR\" \/>\n<meta property=\"og:type\" content=\"article\" \/>\n<meta property=\"og:title\" content=\"M\u00e9t\u00e9o : Baisse des temp\u00e9ratures et pluies en perspectives - Kapitalis\" \/>\n<meta property=\"og:description\" content=\"Une baisse des temp\u00e9ratures est pr\u00e9vue aujourd&rsquo;hui, lundi 6 novembre 2017, avec un ciel nuageux et des pluies temporairement orageuses.\" \/>\n<meta property=\"og:url\" content=\"https:\/\/kapitalis.com\/tunisie\/2017\/11\/06\/meteo-baisse-des-temperatures-et-pluies-en-perspectives-2\/\" \/>\n<meta property=\"og:site_name\" content=\"Kapitalis\" \/>\n<meta property=\"article:publisher\" content=\"https:\/\/www.facebook.com\/KapitalisInfo\/\" \/>\n<meta property=\"article:published_time\" content=\"2017-11-06T08:07:36+00:00\" \/>\n<meta property=\"og:image\" content=\"https:\/\/kapitalis.com\/tunisie\/wp-content\/uploads\/2022\/05\/kapitalis-logo-fb.png\" \/>\n\t<meta property=\"og:image:width\" content=\"1200\" \/>\n\t<meta property=\"og:image:height\" content=\"630\" \/>\n\t<meta property=\"og:image:type\" content=\"image\/png\" \/>\n<meta name=\"author\" content=\"emna benabdallah\" \/>\n<meta name=\"twitter:card\" content=\"summary_large_image\" \/>\n<meta name=\"twitter:creator\" content=\"@KapitalisInfo\" \/>\n<meta name=\"twitter:site\" content=\"@KapitalisInfo\" \/>\n<meta name=\"twitter:label1\" content=\"\u00c9crit par\" \/>\n\t<meta name=\"twitter:data1\" content=\"emna benabdallah\" \/>\n\t<meta name=\"twitter:label2\" content=\"Dur\u00e9e de lecture estim\u00e9e\" \/>\n\t<meta name=\"twitter:data2\" content=\"1 minute\" \/>\n<script type=\"application\/ld+json\" class=\"yoast-schema-graph\">{\"@context\":\"https:\/\/schema.org\",\"@graph\":[{\"@type\":\"Article\",\"@id\":\"https:\/\/kapitalis.com\/tunisie\/2017\/11\/06\/meteo-baisse-des-temperatures-et-pluies-en-perspectives-2\/#article\",\"isPartOf\":{\"@id\":\"https:\/\/kapitalis.com\/tunisie\/2017\/11\/06\/meteo-baisse-des-temperatures-et-pluies-en-perspectives-2\/\"},\"author\":{\"name\":\"emna benabdallah\",\"@id\":\"https:\/\/kapitalis.com\/tunisie\/#\/schema\/person\/2c6e134b2f3369dffcd1daf5f087d28b\"},\"headline\":\"M\u00e9t\u00e9o : Baisse des temp\u00e9ratures et pluies en perspectives\",\"datePublished\":\"2017-11-06T08:07:36+00:00\",\"mainEntityOfPage\":{\"@id\":\"https:\/\/kapitalis.com\/tunisie\/2017\/11\/06\/meteo-baisse-des-temperatures-et-pluies-en-perspectives-2\/\"},\"wordCount\":140,\"commentCount\":0,\"publisher\":{\"@id\":\"https:\/\/kapitalis.com\/tunisie\/#organization\"},\"keywords\":[\"Institut National de M\u00e9t\u00e9orologie\",\"pluies\",\"temp\u00e9ratures\"],\"articleSection\":[\"SOCIETE\",\"Tunisie\"],\"inLanguage\":\"fr-FR\",\"potentialAction\":[{\"@type\":\"CommentAction\",\"name\":\"Comment\",\"target\":[\"https:\/\/kapitalis.com\/tunisie\/2017\/11\/06\/meteo-baisse-des-temperatures-et-pluies-en-perspectives-2\/#respond\"]}]},{\"@type\":\"WebPage\",\"@id\":\"https:\/\/kapitalis.com\/tunisie\/2017\/11\/06\/meteo-baisse-des-temperatures-et-pluies-en-perspectives-2\/\",\"url\":\"https:\/\/kapitalis.com\/tunisie\/2017\/11\/06\/meteo-baisse-des-temperatures-et-pluies-en-perspectives-2\/\",\"name\":\"M\u00e9t\u00e9o : Baisse des temp\u00e9ratures et pluies en perspectives - Kapitalis\",\"isPartOf\":{\"@id\":\"https:\/\/kapitalis.com\/tunisie\/#website\"},\"datePublished\":\"2017-11-06T08:07:36+00:00\",\"breadcrumb\":{\"@id\":\"https:\/\/kapitalis.com\/tunisie\/2017\/11\/06\/meteo-baisse-des-temperatures-et-pluies-en-perspectives-2\/#breadcrumb\"},\"inLanguage\":\"fr-FR\",\"potentialAction\":[{\"@type\":\"ReadAction\",\"target\":[\"https:\/\/kapitalis.com\/tunisie\/2017\/11\/06\/meteo-baisse-des-temperatures-et-pluies-en-perspectives-2\/\"]}]},{\"@type\":\"BreadcrumbList\",\"@id\":\"https:\/\/kapitalis.com\/tunisie\/2017\/11\/06\/meteo-baisse-des-temperatures-et-pluies-en-perspectives-2\/#breadcrumb\",\"itemListElement\":[{\"@type\":\"ListItem\",\"position\":1,\"name\":\"Accueil\",\"item\":\"https:\/\/kapitalis.com\/tunisie\/\"},{\"@type\":\"ListItem\",\"position\":2,\"name\":\"M\u00e9t\u00e9o : Baisse des temp\u00e9ratures et pluies en perspectives\"}]},{\"@type\":\"WebSite\",\"@id\":\"https:\/\/kapitalis.com\/tunisie\/#website\",\"url\":\"https:\/\/kapitalis.com\/tunisie\/\",\"name\":\"Kapitalis\",\"description\":\"L&#039;actualit\u00e9 en Tunisie et dans le monde\",\"publisher\":{\"@id\":\"https:\/\/kapitalis.com\/tunisie\/#organization\"},\"potentialAction\":[{\"@type\":\"SearchAction\",\"target\":{\"@type\":\"EntryPoint\",\"urlTemplate\":\"https:\/\/kapitalis.com\/tunisie\/?s={search_term_string}\"},\"query-input\":{\"@type\":\"PropertyValueSpecification\",\"valueRequired\":true,\"valueName\":\"search_term_string\"}}],\"inLanguage\":\"fr-FR\"},{\"@type\":\"Organization\",\"@id\":\"https:\/\/kapitalis.com\/tunisie\/#organization\",\"name\":\"Kapitalis\",\"url\":\"https:\/\/kapitalis.com\/tunisie\/\",\"logo\":{\"@type\":\"ImageObject\",\"inLanguage\":\"fr-FR\",\"@id\":\"https:\/\/kapitalis.com\/tunisie\/#\/schema\/logo\/image\/\",\"url\":\"https:\/\/kapitalis.com\/tunisie\/wp-content\/uploads\/2022\/05\/Kapitalis-big-size.png\",\"contentUrl\":\"https:\/\/kapitalis.com\/tunisie\/wp-content\/uploads\/2022\/05\/Kapitalis-big-size.png\",\"width\":5000,\"height\":1500,\"caption\":\"Kapitalis\"},\"image\":{\"@id\":\"https:\/\/kapitalis.com\/tunisie\/#\/schema\/logo\/image\/\"},\"sameAs\":[\"https:\/\/www.facebook.com\/KapitalisInfo\/\",\"https:\/\/x.com\/KapitalisInfo\",\"https:\/\/www.youtube.com\/channel\/UC-yDYrHyfFBWWZaOw3FPg9Q\"]},{\"@type\":\"Person\",\"@id\":\"https:\/\/kapitalis.com\/tunisie\/#\/schema\/person\/2c6e134b2f3369dffcd1daf5f087d28b\",\"name\":\"emna benabdallah\",\"url\":\"https:\/\/kapitalis.com\/tunisie\/author\/emna\/\"}]}<\/script>\n<!-- \/ Yoast SEO plugin. -->","yoast_head_json":{"title":"M\u00e9t\u00e9o : Baisse des temp\u00e9ratures et pluies en perspectives - Kapitalis","robots":{"index":"index","follow":"follow","max-snippet":"max-snippet:-1","max-image-preview":"max-image-preview:large","max-video-preview":"max-video-preview:-1"},"canonical":"https:\/\/kapitalis.com\/tunisie\/2017\/11\/06\/meteo-baisse-des-temperatures-et-pluies-en-perspectives-2\/","og_locale":"fr_FR","og_type":"article","og_title":"M\u00e9t\u00e9o : Baisse des temp\u00e9ratures et pluies en perspectives - Kapitalis","og_description":"Une baisse des temp\u00e9ratures est pr\u00e9vue aujourd&rsquo;hui, lundi 6 novembre 2017, avec un ciel nuageux et des pluies temporairement orageuses.","og_url":"https:\/\/kapitalis.com\/tunisie\/2017\/11\/06\/meteo-baisse-des-temperatures-et-pluies-en-perspectives-2\/","og_site_name":"Kapitalis","article_publisher":"https:\/\/www.facebook.com\/KapitalisInfo\/","article_published_time":"2017-11-06T08:07:36+00:00","og_image":[{"width":1200,"height":630,"url":"https:\/\/kapitalis.com\/tunisie\/wp-content\/uploads\/2022\/05\/kapitalis-logo-fb.png","type":"image\/png"}],"author":"emna benabdallah","twitter_card":"summary_large_image","twitter_creator":"@KapitalisInfo","twitter_site":"@KapitalisInfo","twitter_misc":{"\u00c9crit par":"emna benabdallah","Dur\u00e9e de lecture estim\u00e9e":"1 minute"},"schema":{"@context":"https:\/\/schema.org","@graph":[{"@type":"Article","@id":"https:\/\/kapitalis.com\/tunisie\/2017\/11\/06\/meteo-baisse-des-temperatures-et-pluies-en-perspectives-2\/#article","isPartOf":{"@id":"https:\/\/kapitalis.com\/tunisie\/2017\/11\/06\/meteo-baisse-des-temperatures-et-pluies-en-perspectives-2\/"},"author":{"name":"emna benabdallah","@id":"https:\/\/kapitalis.com\/tunisie\/#\/schema\/person\/2c6e134b2f3369dffcd1daf5f087d28b"},"headline":"M\u00e9t\u00e9o : Baisse des temp\u00e9ratures et pluies en perspectives","datePublished":"2017-11-06T08:07:36+00:00","mainEntityOfPage":{"@id":"https:\/\/kapitalis.com\/tunisie\/2017\/11\/06\/meteo-baisse-des-temperatures-et-pluies-en-perspectives-2\/"},"wordCount":140,"commentCount":0,"publisher":{"@id":"https:\/\/kapitalis.com\/tunisie\/#organization"},"keywords":["Institut National de M\u00e9t\u00e9orologie","pluies","temp\u00e9ratures"],"articleSection":["SOCIETE","Tunisie"],"inLanguage":"fr-FR","potentialAction":[{"@type":"CommentAction","name":"Comment","target":["https:\/\/kapitalis.com\/tunisie\/2017\/11\/06\/meteo-baisse-des-temperatures-et-pluies-en-perspectives-2\/#respond"]}]},{"@type":"WebPage","@id":"https:\/\/kapitalis.com\/tunisie\/2017\/11\/06\/meteo-baisse-des-temperatures-et-pluies-en-perspectives-2\/","url":"https:\/\/kapitalis.com\/tunisie\/2017\/11\/06\/meteo-baisse-des-temperatures-et-pluies-en-perspectives-2\/","name":"M\u00e9t\u00e9o : Baisse des temp\u00e9ratures et pluies en perspectives - Kapitalis","isPartOf":{"@id":"https:\/\/kapitalis.com\/tunisie\/#website"},"datePublished":"2017-11-06T08:07:36+00:00","breadcrumb":{"@id":"https:\/\/kapitalis.com\/tunisie\/2017\/11\/06\/meteo-baisse-des-temperatures-et-pluies-en-perspectives-2\/#breadcrumb"},"inLanguage":"fr-FR","potentialAction":[{"@type":"ReadAction","target":["https:\/\/kapitalis.com\/tunisie\/2017\/11\/06\/meteo-baisse-des-temperatures-et-pluies-en-perspectives-2\/"]}]},{"@type":"BreadcrumbList","@id":"https:\/\/kapitalis.com\/tunisie\/2017\/11\/06\/meteo-baisse-des-temperatures-et-pluies-en-perspectives-2\/#breadcrumb","itemListElement":[{"@type":"ListItem","position":1,"name":"Accueil","item":"https:\/\/kapitalis.com\/tunisie\/"},{"@type":"ListItem","position":2,"name":"M\u00e9t\u00e9o : Baisse des temp\u00e9ratures et pluies en perspectives"}]},{"@type":"WebSite","@id":"https:\/\/kapitalis.com\/tunisie\/#website","url":"https:\/\/kapitalis.com\/tunisie\/","name":"Kapitalis","description":"L&#039;actualit\u00e9 en Tunisie et dans le monde","publisher":{"@id":"https:\/\/kapitalis.com\/tunisie\/#organization"},"potentialAction":[{"@type":"SearchAction","target":{"@type":"EntryPoint","urlTemplate":"https:\/\/kapitalis.com\/tunisie\/?s={search_term_string}"},"query-input":{"@type":"PropertyValueSpecification","valueRequired":true,"valueName":"search_term_string"}}],"inLanguage":"fr-FR"},{"@type":"Organization","@id":"https:\/\/kapitalis.com\/tunisie\/#organization","name":"Kapitalis","url":"https:\/\/kapitalis.com\/tunisie\/","logo":{"@type":"ImageObject","inLanguage":"fr-FR","@id":"https:\/\/kapitalis.com\/tunisie\/#\/schema\/logo\/image\/","url":"https:\/\/kapitalis.com\/tunisie\/wp-content\/uploads\/2022\/05\/Kapitalis-big-size.png","contentUrl":"https:\/\/kapitalis.com\/tunisie\/wp-content\/uploads\/2022\/05\/Kapitalis-big-size.png","width":5000,"height":1500,"caption":"Kapitalis"},"image":{"@id":"https:\/\/kapitalis.com\/tunisie\/#\/schema\/logo\/image\/"},"sameAs":["https:\/\/www.facebook.com\/KapitalisInfo\/","https:\/\/x.com\/KapitalisInfo","https:\/\/www.youtube.com\/channel\/UC-yDYrHyfFBWWZaOw3FPg9Q"]},{"@type":"Person","@id":"https:\/\/kapitalis.com\/tunisie\/#\/schema\/person\/2c6e134b2f3369dffcd1daf5f087d28b","name":"emna benabdallah","url":"https:\/\/kapitalis.com\/tunisie\/author\/emna\/"}]}},"_links":{"self":[{"href":"https:\/\/kapitalis.com\/tunisie\/wp-json\/wp\/v2\/posts\/122111","targetHints":{"allow":["GET"]}}],"collection":[{"href":"https:\/\/kapitalis.com\/tunisie\/wp-json\/wp\/v2\/posts"}],"about":[{"href":"https:\/\/kapitalis.com\/tunisie\/wp-json\/wp\/v2\/types\/post"}],"author":[{"embeddable":true,"href":"https:\/\/kapitalis.com\/tunisie\/wp-json\/wp\/v2\/users\/16"}],"replies":[{"embeddable":true,"href":"https:\/\/kapitalis.com\/tunisie\/wp-json\/wp\/v2\/comments?post=122111"}],"version-history":[{"count":0,"href":"https:\/\/kapitalis.com\/tunisie\/wp-json\/wp\/v2\/posts\/122111\/revisions"}],"wp:attachment":[{"href":"https:\/\/kapitalis.com\/tunisie\/wp-json\/wp\/v2\/media?parent=122111"}],"wp:term":[{"taxonomy":"category","embeddable":true,"href":"https:\/\/kapitalis.com\/tunisie\/wp-json\/wp\/v2\/categories?post=122111"},{"taxonomy":"post_tag","embeddable":true,"href":"https:\/\/kapitalis.com\/tunisie\/wp-json\/wp\/v2\/tags?post=122111"}],"curies":[{"name":"wp","href":"https:\/\/api.w.org\/{rel}","templated":true}]}}