{"id":12212277,"date":"2024-03-26T12:02:10","date_gmt":"2024-03-26T11:02:10","guid":{"rendered":"https:\/\/kapitalis.com\/tunisie\/?p=12212277"},"modified":"2024-03-26T12:25:41","modified_gmt":"2024-03-26T11:25:41","slug":"la-tunisie-perd-un-grand-ami-le-contre-amiral-jean-francois-coustilliere","status":"publish","type":"post","link":"https:\/\/kapitalis.com\/tunisie\/2024\/03\/26\/la-tunisie-perd-un-grand-ami-le-contre-amiral-jean-francois-coustilliere\/","title":{"rendered":"La Tunisie perd un grand ami, le contre-amiral Jean-Fran\u00e7ois Coustilli\u00e8re \u00a0"},"content":{"rendered":"\n<p><strong><em>La Tunisie vient de perdre l\u2019un de ses plus grands amis en la personne du contre-amiral (2S) Jean-Fran\u00e7ois Coustilli\u00e8re, qui est d\u00e9c\u00e9d\u00e9 dimanche 23 mars 2024, \u00e0 l\u2019\u00e2ge de 75 ans.<\/em><\/strong> <strong><em>Le d\u00e9funt avait contribu\u00e9 \u00e0 la formation des officiers dans notre pays et donn\u00e9 plusieurs conf\u00e9rences \u00e0 notre Acad\u00e9mie militaire. <\/em><\/strong><\/p>\n\n\n\n<!--more-->\n\n\n\n<p>C\u2019est son \u00e9pouse et collaboratrice Dominique Coustill\u00e8re qui nous a annonc\u00e9 la triste nouvelle avec ces mots d\u2019une grande tendresse, celle qu\u2019elle a toujours eue pour Jean-Fran\u00e7ois et pour tous ses amis&nbsp;: <em>\u00abC\u2019est avec \u00e9motion et une immense tristesse que je vous annonce que, apr\u00e8s avoir maintenu le cap avec force et courage, affrontant les embruns et vagues rebelles de la maladie, Jean-Fran\u00e7ois a l\u00e2ch\u00e9 la barre dimanche matin et laiss\u00e9 le crabe l\u2019emporter.\u00bb<\/em><\/p>\n\n\n\n<p>L\u2019\u00e9quipe de Kapitalis pr\u00e9sente ses condol\u00e9ances les plus attrist\u00e9es \u00e0 Dominique et \u00e0 toute la famille Coustill\u00e8re pour cette immense perte que nous ressentons tous avec la m\u00eame \u00e9motion. Jean-Fran\u00e7ois \u00e9tait des n\u00f4tres, un ami cher et un conseiller pr\u00e9cieux et il avait souvent gratifi\u00e9 nos lecteurs de ses articles sur la g\u00e9opolitique de la M\u00e9diterran\u00e9e, r\u00e9gion qu\u2019il connaissait bien, \u00e0 laquelle il \u00e9tait tr\u00e8s attach\u00e9 et qu\u2019il aimait \u00e0 regarder \u00e0 partir de son port d\u2019attache de toujours&nbsp;: Toulon, qui lui rappelait, \u00f4 combien, sa ville natale au nord de la Tunisie.<\/p>\n\n\n\n<h2 class=\"wp-block-heading\">Une carri\u00e8re d\u2019officier de marine en France<\/h2>\n\n\n\n<p>N\u00e9 le 20 f\u00e9vrier 1949 \u00e0 Bizerte o\u00f9 sa famille r\u00e9sidait, Jean-Fran\u00e7ois Coustill\u00e8re a fait une carri\u00e8re d\u2019officier de marine en France<\/p>\n\n\n\n<p>Admis \u00e0 l\u2019Ecole navale en septembre 1969, il d\u00e9bute sa carri\u00e8re dans la marine en embarquant \u00e0 bord de diff\u00e9rents b\u00e2timents de combat, dont les porte-avions, et participe ainsi \u00e0 des activit\u00e9s op\u00e9rationnelles surtout en oc\u00e9an Indien et en M\u00e9diterran\u00e9e avant d\u2019\u00eatre admis \u00e0 l\u2019Ecole sup\u00e9rieure de guerre navale en 1984.<\/p>\n\n\n\n<p>Affect\u00e9 en 1986 \u00e0 la mission de coop\u00e9ration technique et militaire en Tunisie, il cr\u00e9e la division<em> \u00abmer\u00bb<\/em> de l\u2019Ecole de commandement et d\u2019\u00e9tat-major interarm\u00e9es de Bortal Hayder.<\/p>\n\n\n\n<p>En 1992, il est affect\u00e9 \u00e0 l\u2019\u00e9tat-major de l\u2019amiral commandant la Force d\u2019action navale \u00e0 Toulon, exerce les fonctions de sous-chef op\u00e9rations et participe aux op\u00e9rations au large de la Yougoslavie jusqu\u2019en 1994.<\/p>\n\n\n\n<p>En 1994, il est affect\u00e9 \u00e0 l\u2019\u00e9tat-major de l\u2019amiral commandant la zone maritime M\u00e9diterran\u00e9e et participe \u00e0 l\u2019organisation des op\u00e9rations interarm\u00e9es, notamment en mer Adriatique. En 1996, il exerce plus particuli\u00e8rement le commandement de l\u2019exercice interarm\u00e9es franco-tunisien Kroumirie.<\/p>\n\n\n\n<p>D\u00e9sign\u00e9 comme charg\u00e9 de mission \u00e0 l\u2019Etat-major interarm\u00e9es de planification \u00e0 Creil en 1999, il dirige des travaux de planification portant sur diff\u00e9rents th\u00e9\u00e2tres du Proche-Orient, de M\u00e9diterran\u00e9e, et du Moyen-Orient et m\u00e8ne une \u00e9tude sur la lutte contre le terrorisme transnational, suite aux attentats du 11 septembre 2001.<\/p>\n\n\n\n<p>En 2002, il est d\u00e9sign\u00e9 comme charg\u00e9 d\u2019\u00e9tudes de relations internationales \u00e0 l\u2019Etat-major des arm\u00e9es \u00e0 Paris, et se voit confier, plus particuli\u00e8rement, le dossier des coop\u00e9rations multinationales en M\u00e9diterran\u00e9e.<\/p>\n\n\n\n<p>Tout au long de cette carri\u00e8re, il exerce diff\u00e9rents commandements, en 1980 celui du dragueur c\u00f4tier Ph\u00e9nix qui participe \u00e0 des op\u00e9rations en oc\u00e9an Indien et dans le d\u00e9troit d\u2019Ormuz, puis en 1990 l\u2019aviso Lieutenant de vaisseau Le H\u00e9naff et enfin en 1997 la fr\u00e9gate lance missiles Suffren, qui op\u00e8re en M\u00e9diterran\u00e9e, notamment pour une mission de surveillance en M\u00e9diterran\u00e9e orientale.<\/p>\n\n\n\n<p>Durant les derni\u00e8res ann\u00e9es, il sert \u00e9galement comme professeur associ\u00e9 aux \u00e9coles militaires de Saint-Cyr-Co\u00ebtquidan, en tant que charg\u00e9 de cours \u00e0 la facult\u00e9 de Toulon et \u00e0 celle de Draguignan, mais aussi comme conf\u00e9rencier \u00e0 l\u2019Ecole Militaire de Sp\u00e9cialisation de l\u2019Outre-Mer et de l\u2019Etranger, comme cadre de comit\u00e9 durant les sessions Euromed de l\u2019IHEDN ainsi qu\u2019\u00e0 l\u2019IDN de Tunis.<\/p>\n\n\n\n<p>En f\u00e9vrier 2005, apr\u00e8s 36 ans de services exerc\u00e9s en grande partie en M\u00e9diterran\u00e9e, il quitte les forces arm\u00e9es.<\/p>\n\n\n\n<h2 class=\"wp-block-heading\">Un chercheur sp\u00e9cialis\u00e9 dans la g\u00e9opolitique de la M\u00e9diterran\u00e9e &nbsp;<\/h2>\n\n\n\n<p>Jean-Fran\u00e7ois avait une deuxi\u00e8me activit\u00e9 de recherche d\u00e9di\u00e9e aux relations autour de la M\u00e9diterran\u00e9e. Dans ce cadre, il a cr\u00e9\u00e9, en 2006, un cabinet, JFC Conseil, d\u00e9di\u00e9 aux questions m\u00e9diterran\u00e9ennes, \u00e0 travers lequel il a conduit des actions de conseil, d\u2019enseignement et de formation, mais aussi organis\u00e9 des \u00e9v\u00e9nements et des rencontres, et port\u00e9 des projets au profit de tiers, int\u00e9ressant la promotion ou l\u2019am\u00e9lioration des relations internationales en M\u00e9diterran\u00e9e. Ce cabinet a \u00e9t\u00e9 dissous en 2012, sans toutefois que toutes ses activit\u00e9s aient disparu.<\/p>\n\n\n\n<p>Il a, \u00e9galement, pr\u00e9sid\u00e9, l\u2019association Euromed-IHEDN, qu\u2019il a cr\u00e9\u00e9e en 2004, dont la vocation est d\u2019entretenir le r\u00e9seau des anciens auditeurs des sessions internationales Euro-M\u00e9diterran\u00e9e de l\u2019Institut des hautes \u00e9tudes de D\u00e9fense nationale et de contribuer \u00e0 la r\u00e9flexion sur les questions euro-m\u00e9diterran\u00e9ennes. Entretenant un r\u00e9seau relationnel international de chercheurs et de d\u00e9cideurs, il organisait un cycle de conf\u00e9rences mensuelles \u00e0 Paris, \u00e0 Marseille et sur Internet ainsi que des rencontres internationales annuelles, dites de Cyb\u00e8le, \u00e0 Marseille.<\/p>\n\n\n\n<p>Il \u00e9tait aussi&nbsp;membre du conseil consultatif de l\u2019Assembl\u00e9e des citoyens et citoyennes de la M\u00e9diterran\u00e9e depuis 2011 puis du Conseil Citoyen de la M\u00e9diterran\u00e9e depuis 2016&nbsp;; membre du comit\u00e9 de r\u00e9daction de la revue <em>Confluences M\u00e9diterran\u00e9e<\/em> depuis 2008 et expert-conf\u00e9rencier pour l\u2019Association pour le Progr\u00e8s du Management (APM) de 2009 \u00e0 2014.<\/p>\n\n\n\n<p>Il a assur\u00e9 jusqu\u2019en 2010 des missions ponctuelles au profit de l\u2019Etat-major des arm\u00e9es, dans le cadre des activit\u00e9s d\u2019entra\u00eenement de l\u2019initiative S\u00e9curit\u00e9 du 5+5, notamment en Tunisie.<\/p>\n\n\n\n<p>Enfin, il a publi\u00e9 en 2006 aux \u00e9ditions Demos, dans la collection <em>Revue d\u2019\u00e9tudes<\/em>, un ouvrage p\u00e9dagogique <em>\u00abLa situation g\u00e9ostrat\u00e9gique en M\u00e9diterran\u00e9e\u00bb<\/em>, dirig\u00e9 un ouvrage sur le 5+5, publi\u00e9 aux \u00e9ditions l\u2019Harmattan en f\u00e9vrier 2012, <em>\u00abLe 5+5 face aux d\u00e9fis du r\u00e9veil arabe\u00bb<\/em> et enfin, a publi\u00e9 en 2014, <em>\u00abG\u00e9opolitique et M\u00e9diterran\u00e9e\u00bb<\/em> en deux volumes aux \u00e9ditions l\u2019Harmattan. Son dernier ouvrage<a href=\"https:\/\/kapitalis.com\/tunisie\/2023\/08\/10\/vient-de-paraitre-tunisie-arret-sur-la-transition\/\" target=\"_blank\" rel=\"noreferrer noopener\"> <em>\u00abP\u00e9rils imminents en M\u00e9diterran\u00e9e\u00bb<\/em> <\/a>a \u00e9t\u00e9 publi\u00e9 par les \u00e9ditions L\u2019Aube en f\u00e9vrier 2019. *<\/p>\n\n\n\n<p class=\"has-text-align-right\"><strong>Ridha Kefi<\/strong><\/p>\n\n\n\n<p>* <em>La biographie de Jean-Fran\u00e7ois Coustilli\u00e8re est tir\u00e9 du site <a href=\"https:\/\/www.diploweb.com\/Jean-Francois-COUSTILLIERE.html\">Diploweb<\/a>.<\/em>  <\/p>\n\n\n\n<h2 class=\"wp-block-heading\">Article Jean-Fran\u00e7ois Coustilli\u00e8re dans Kapitalis: <\/h2>\n\n\n\n<figure class=\"wp-block-embed is-type-wp-embed is-provider-kapitalis wp-block-embed-kapitalis\"><div class=\"wp-block-embed__wrapper\">\n<blockquote class=\"wp-embedded-content\" data-secret=\"AYbNOIJcZG\"><a href=\"https:\/\/kapitalis.com\/tunisie\/2019\/03\/20\/le-sommet-des-deux-rives-pour-relancer-la-cooperation-euro-mediterraneenne\/\">Le Sommet des deux rives pour relancer la coop\u00e9ration euro-m\u00e9diterran\u00e9enne<\/a><\/blockquote><iframe loading=\"lazy\" class=\"wp-embedded-content\" sandbox=\"allow-scripts\" security=\"restricted\" style=\"position: absolute; clip: rect(1px, 1px, 1px, 1px);\" title=\"\u00ab\u00a0Le Sommet des deux rives pour relancer la coop\u00e9ration euro-m\u00e9diterran\u00e9enne\u00a0\u00bb &#8212; Kapitalis\" src=\"https:\/\/kapitalis.com\/tunisie\/2019\/03\/20\/le-sommet-des-deux-rives-pour-relancer-la-cooperation-euro-mediterraneenne\/embed\/#?secret=351ANfLU2J#?secret=AYbNOIJcZG\" data-secret=\"AYbNOIJcZG\" width=\"600\" height=\"338\" frameborder=\"0\" marginwidth=\"0\" marginheight=\"0\" scrolling=\"no\"><\/iframe>\n<\/div><\/figure>\n","protected":false},"excerpt":{"rendered":"<p>La Tunisie vient de perdre l\u2019un de ses plus grands amis en la personne du contre-amiral (2S) Jean-Fran\u00e7ois Coustilli\u00e8re. <\/p>\n","protected":false},"author":8,"featured_media":12212372,"comment_status":"open","ping_status":"open","sticky":false,"template":"","format":"standard","meta":{"footnotes":""},"categories":[997,2433],"tags":[148,395,95387,110367,595,92182,62643],"class_list":["post-12212277","post","type-post","status-publish","format-standard","has-post-thumbnail","hentry","category-politique","category-tunisie","tag-bizerte","tag-france","tag-geopolitique","tag-jean-francois-coustilliere","tag-mediterranee","tag-toulon","tag-tunisie"],"yoast_head":"<!-- This site is optimized with the Yoast SEO plugin v26.6 - https:\/\/yoast.com\/wordpress\/plugins\/seo\/ -->\n<title>La Tunisie perd un grand ami, le contre-amiral Jean-Fran\u00e7ois Coustilli\u00e8re \u00a0 - Kapitalis<\/title>\n<meta name=\"robots\" content=\"index, follow, max-snippet:-1, max-image-preview:large, max-video-preview:-1\" \/>\n<link rel=\"canonical\" href=\"https:\/\/kapitalis.com\/tunisie\/2024\/03\/26\/la-tunisie-perd-un-grand-ami-le-contre-amiral-jean-francois-coustilliere\/\" \/>\n<meta property=\"og:locale\" content=\"fr_FR\" \/>\n<meta property=\"og:type\" content=\"article\" \/>\n<meta property=\"og:title\" content=\"La Tunisie perd un grand ami, le contre-amiral Jean-Fran\u00e7ois Coustilli\u00e8re \u00a0 - Kapitalis\" \/>\n<meta property=\"og:description\" content=\"La Tunisie vient de perdre l\u2019un de ses plus grands amis en la personne du contre-amiral (2S) Jean-Fran\u00e7ois Coustilli\u00e8re.\" \/>\n<meta property=\"og:url\" content=\"https:\/\/kapitalis.com\/tunisie\/2024\/03\/26\/la-tunisie-perd-un-grand-ami-le-contre-amiral-jean-francois-coustilliere\/\" \/>\n<meta property=\"og:site_name\" content=\"Kapitalis\" \/>\n<meta property=\"article:publisher\" content=\"https:\/\/www.facebook.com\/KapitalisInfo\/\" \/>\n<meta property=\"article:published_time\" content=\"2024-03-26T11:02:10+00:00\" \/>\n<meta property=\"article:modified_time\" content=\"2024-03-26T11:25:41+00:00\" \/>\n<meta property=\"og:image\" content=\"https:\/\/kapitalis.com\/tunisie\/wp-content\/uploads\/2024\/03\/Jean-Francois-Coustilliere.jpg\" \/>\n\t<meta property=\"og:image:width\" content=\"1200\" \/>\n\t<meta property=\"og:image:height\" content=\"630\" \/>\n\t<meta property=\"og:image:type\" content=\"image\/jpeg\" \/>\n<meta name=\"author\" content=\"webmaster kapitalis\" \/>\n<meta name=\"twitter:card\" content=\"summary_large_image\" \/>\n<meta name=\"twitter:creator\" content=\"@KapitalisInfo\" \/>\n<meta name=\"twitter:site\" content=\"@KapitalisInfo\" \/>\n<meta name=\"twitter:label1\" content=\"\u00c9crit par\" \/>\n\t<meta name=\"twitter:data1\" content=\"webmaster kapitalis\" \/>\n\t<meta name=\"twitter:label2\" content=\"Dur\u00e9e de lecture estim\u00e9e\" \/>\n\t<meta name=\"twitter:data2\" content=\"6 minutes\" \/>\n<script type=\"application\/ld+json\" class=\"yoast-schema-graph\">{\"@context\":\"https:\/\/schema.org\",\"@graph\":[{\"@type\":\"Article\",\"@id\":\"https:\/\/kapitalis.com\/tunisie\/2024\/03\/26\/la-tunisie-perd-un-grand-ami-le-contre-amiral-jean-francois-coustilliere\/#article\",\"isPartOf\":{\"@id\":\"https:\/\/kapitalis.com\/tunisie\/2024\/03\/26\/la-tunisie-perd-un-grand-ami-le-contre-amiral-jean-francois-coustilliere\/\"},\"author\":{\"name\":\"webmaster kapitalis\",\"@id\":\"https:\/\/kapitalis.com\/tunisie\/#\/schema\/person\/d71f33a9ca44f7bad4698210b480c8e9\"},\"headline\":\"La Tunisie perd un grand ami, le contre-amiral Jean-Fran\u00e7ois Coustilli\u00e8re \u00a0\",\"datePublished\":\"2024-03-26T11:02:10+00:00\",\"dateModified\":\"2024-03-26T11:25:41+00:00\",\"mainEntityOfPage\":{\"@id\":\"https:\/\/kapitalis.com\/tunisie\/2024\/03\/26\/la-tunisie-perd-un-grand-ami-le-contre-amiral-jean-francois-coustilliere\/\"},\"wordCount\":1120,\"commentCount\":0,\"publisher\":{\"@id\":\"https:\/\/kapitalis.com\/tunisie\/#organization\"},\"image\":{\"@id\":\"https:\/\/kapitalis.com\/tunisie\/2024\/03\/26\/la-tunisie-perd-un-grand-ami-le-contre-amiral-jean-francois-coustilliere\/#primaryimage\"},\"thumbnailUrl\":\"https:\/\/kapitalis.com\/tunisie\/wp-content\/uploads\/2024\/03\/Jean-Francois-Coustilliere.jpg\",\"keywords\":[\"Bizerte\",\"France\",\"g\u00e9opolitique\",\"Jean-Fran\u00e7ois Coustilli\u00e8re\",\"M\u00e9diterran\u00e9e\",\"Toulon\",\"Tunisie\"],\"articleSection\":[\"POLITIQUE\",\"Tunisie\"],\"inLanguage\":\"fr-FR\",\"potentialAction\":[{\"@type\":\"CommentAction\",\"name\":\"Comment\",\"target\":[\"https:\/\/kapitalis.com\/tunisie\/2024\/03\/26\/la-tunisie-perd-un-grand-ami-le-contre-amiral-jean-francois-coustilliere\/#respond\"]}]},{\"@type\":\"WebPage\",\"@id\":\"https:\/\/kapitalis.com\/tunisie\/2024\/03\/26\/la-tunisie-perd-un-grand-ami-le-contre-amiral-jean-francois-coustilliere\/\",\"url\":\"https:\/\/kapitalis.com\/tunisie\/2024\/03\/26\/la-tunisie-perd-un-grand-ami-le-contre-amiral-jean-francois-coustilliere\/\",\"name\":\"La Tunisie perd un grand ami, le contre-amiral Jean-Fran\u00e7ois Coustilli\u00e8re \u00a0 - Kapitalis\",\"isPartOf\":{\"@id\":\"https:\/\/kapitalis.com\/tunisie\/#website\"},\"primaryImageOfPage\":{\"@id\":\"https:\/\/kapitalis.com\/tunisie\/2024\/03\/26\/la-tunisie-perd-un-grand-ami-le-contre-amiral-jean-francois-coustilliere\/#primaryimage\"},\"image\":{\"@id\":\"https:\/\/kapitalis.com\/tunisie\/2024\/03\/26\/la-tunisie-perd-un-grand-ami-le-contre-amiral-jean-francois-coustilliere\/#primaryimage\"},\"thumbnailUrl\":\"https:\/\/kapitalis.com\/tunisie\/wp-content\/uploads\/2024\/03\/Jean-Francois-Coustilliere.jpg\",\"datePublished\":\"2024-03-26T11:02:10+00:00\",\"dateModified\":\"2024-03-26T11:25:41+00:00\",\"breadcrumb\":{\"@id\":\"https:\/\/kapitalis.com\/tunisie\/2024\/03\/26\/la-tunisie-perd-un-grand-ami-le-contre-amiral-jean-francois-coustilliere\/#breadcrumb\"},\"inLanguage\":\"fr-FR\",\"potentialAction\":[{\"@type\":\"ReadAction\",\"target\":[\"https:\/\/kapitalis.com\/tunisie\/2024\/03\/26\/la-tunisie-perd-un-grand-ami-le-contre-amiral-jean-francois-coustilliere\/\"]}]},{\"@type\":\"ImageObject\",\"inLanguage\":\"fr-FR\",\"@id\":\"https:\/\/kapitalis.com\/tunisie\/2024\/03\/26\/la-tunisie-perd-un-grand-ami-le-contre-amiral-jean-francois-coustilliere\/#primaryimage\",\"url\":\"https:\/\/kapitalis.com\/tunisie\/wp-content\/uploads\/2024\/03\/Jean-Francois-Coustilliere.jpg\",\"contentUrl\":\"https:\/\/kapitalis.com\/tunisie\/wp-content\/uploads\/2024\/03\/Jean-Francois-Coustilliere.jpg\",\"width\":1200,\"height\":630},{\"@type\":\"BreadcrumbList\",\"@id\":\"https:\/\/kapitalis.com\/tunisie\/2024\/03\/26\/la-tunisie-perd-un-grand-ami-le-contre-amiral-jean-francois-coustilliere\/#breadcrumb\",\"itemListElement\":[{\"@type\":\"ListItem\",\"position\":1,\"name\":\"Accueil\",\"item\":\"https:\/\/kapitalis.com\/tunisie\/\"},{\"@type\":\"ListItem\",\"position\":2,\"name\":\"La Tunisie perd un grand ami, le contre-amiral Jean-Fran\u00e7ois Coustilli\u00e8re \u00a0\"}]},{\"@type\":\"WebSite\",\"@id\":\"https:\/\/kapitalis.com\/tunisie\/#website\",\"url\":\"https:\/\/kapitalis.com\/tunisie\/\",\"name\":\"Kapitalis\",\"description\":\"L&#039;actualit\u00e9 en Tunisie et dans le monde\",\"publisher\":{\"@id\":\"https:\/\/kapitalis.com\/tunisie\/#organization\"},\"potentialAction\":[{\"@type\":\"SearchAction\",\"target\":{\"@type\":\"EntryPoint\",\"urlTemplate\":\"https:\/\/kapitalis.com\/tunisie\/?s={search_term_string}\"},\"query-input\":{\"@type\":\"PropertyValueSpecification\",\"valueRequired\":true,\"valueName\":\"search_term_string\"}}],\"inLanguage\":\"fr-FR\"},{\"@type\":\"Organization\",\"@id\":\"https:\/\/kapitalis.com\/tunisie\/#organization\",\"name\":\"Kapitalis\",\"url\":\"https:\/\/kapitalis.com\/tunisie\/\",\"logo\":{\"@type\":\"ImageObject\",\"inLanguage\":\"fr-FR\",\"@id\":\"https:\/\/kapitalis.com\/tunisie\/#\/schema\/logo\/image\/\",\"url\":\"https:\/\/kapitalis.com\/tunisie\/wp-content\/uploads\/2022\/05\/Kapitalis-big-size.png\",\"contentUrl\":\"https:\/\/kapitalis.com\/tunisie\/wp-content\/uploads\/2022\/05\/Kapitalis-big-size.png\",\"width\":5000,\"height\":1500,\"caption\":\"Kapitalis\"},\"image\":{\"@id\":\"https:\/\/kapitalis.com\/tunisie\/#\/schema\/logo\/image\/\"},\"sameAs\":[\"https:\/\/www.facebook.com\/KapitalisInfo\/\",\"https:\/\/x.com\/KapitalisInfo\",\"https:\/\/www.youtube.com\/channel\/UC-yDYrHyfFBWWZaOw3FPg9Q\"]},{\"@type\":\"Person\",\"@id\":\"https:\/\/kapitalis.com\/tunisie\/#\/schema\/person\/d71f33a9ca44f7bad4698210b480c8e9\",\"name\":\"webmaster kapitalis\",\"url\":\"https:\/\/kapitalis.com\/tunisie\/author\/webmaster-kapitalis\/\"}]}<\/script>\n<!-- \/ Yoast SEO plugin. -->","yoast_head_json":{"title":"La Tunisie perd un grand ami, le contre-amiral Jean-Fran\u00e7ois Coustilli\u00e8re \u00a0 - Kapitalis","robots":{"index":"index","follow":"follow","max-snippet":"max-snippet:-1","max-image-preview":"max-image-preview:large","max-video-preview":"max-video-preview:-1"},"canonical":"https:\/\/kapitalis.com\/tunisie\/2024\/03\/26\/la-tunisie-perd-un-grand-ami-le-contre-amiral-jean-francois-coustilliere\/","og_locale":"fr_FR","og_type":"article","og_title":"La Tunisie perd un grand ami, le contre-amiral Jean-Fran\u00e7ois Coustilli\u00e8re \u00a0 - Kapitalis","og_description":"La Tunisie vient de perdre l\u2019un de ses plus grands amis en la personne du contre-amiral (2S) Jean-Fran\u00e7ois Coustilli\u00e8re.","og_url":"https:\/\/kapitalis.com\/tunisie\/2024\/03\/26\/la-tunisie-perd-un-grand-ami-le-contre-amiral-jean-francois-coustilliere\/","og_site_name":"Kapitalis","article_publisher":"https:\/\/www.facebook.com\/KapitalisInfo\/","article_published_time":"2024-03-26T11:02:10+00:00","article_modified_time":"2024-03-26T11:25:41+00:00","og_image":[{"width":1200,"height":630,"url":"https:\/\/kapitalis.com\/tunisie\/wp-content\/uploads\/2024\/03\/Jean-Francois-Coustilliere.jpg","type":"image\/jpeg"}],"author":"webmaster kapitalis","twitter_card":"summary_large_image","twitter_creator":"@KapitalisInfo","twitter_site":"@KapitalisInfo","twitter_misc":{"\u00c9crit par":"webmaster kapitalis","Dur\u00e9e de lecture estim\u00e9e":"6 minutes"},"schema":{"@context":"https:\/\/schema.org","@graph":[{"@type":"Article","@id":"https:\/\/kapitalis.com\/tunisie\/2024\/03\/26\/la-tunisie-perd-un-grand-ami-le-contre-amiral-jean-francois-coustilliere\/#article","isPartOf":{"@id":"https:\/\/kapitalis.com\/tunisie\/2024\/03\/26\/la-tunisie-perd-un-grand-ami-le-contre-amiral-jean-francois-coustilliere\/"},"author":{"name":"webmaster kapitalis","@id":"https:\/\/kapitalis.com\/tunisie\/#\/schema\/person\/d71f33a9ca44f7bad4698210b480c8e9"},"headline":"La Tunisie perd un grand ami, le contre-amiral Jean-Fran\u00e7ois Coustilli\u00e8re \u00a0","datePublished":"2024-03-26T11:02:10+00:00","dateModified":"2024-03-26T11:25:41+00:00","mainEntityOfPage":{"@id":"https:\/\/kapitalis.com\/tunisie\/2024\/03\/26\/la-tunisie-perd-un-grand-ami-le-contre-amiral-jean-francois-coustilliere\/"},"wordCount":1120,"commentCount":0,"publisher":{"@id":"https:\/\/kapitalis.com\/tunisie\/#organization"},"image":{"@id":"https:\/\/kapitalis.com\/tunisie\/2024\/03\/26\/la-tunisie-perd-un-grand-ami-le-contre-amiral-jean-francois-coustilliere\/#primaryimage"},"thumbnailUrl":"https:\/\/kapitalis.com\/tunisie\/wp-content\/uploads\/2024\/03\/Jean-Francois-Coustilliere.jpg","keywords":["Bizerte","France","g\u00e9opolitique","Jean-Fran\u00e7ois Coustilli\u00e8re","M\u00e9diterran\u00e9e","Toulon","Tunisie"],"articleSection":["POLITIQUE","Tunisie"],"inLanguage":"fr-FR","potentialAction":[{"@type":"CommentAction","name":"Comment","target":["https:\/\/kapitalis.com\/tunisie\/2024\/03\/26\/la-tunisie-perd-un-grand-ami-le-contre-amiral-jean-francois-coustilliere\/#respond"]}]},{"@type":"WebPage","@id":"https:\/\/kapitalis.com\/tunisie\/2024\/03\/26\/la-tunisie-perd-un-grand-ami-le-contre-amiral-jean-francois-coustilliere\/","url":"https:\/\/kapitalis.com\/tunisie\/2024\/03\/26\/la-tunisie-perd-un-grand-ami-le-contre-amiral-jean-francois-coustilliere\/","name":"La Tunisie perd un grand ami, le contre-amiral Jean-Fran\u00e7ois Coustilli\u00e8re \u00a0 - Kapitalis","isPartOf":{"@id":"https:\/\/kapitalis.com\/tunisie\/#website"},"primaryImageOfPage":{"@id":"https:\/\/kapitalis.com\/tunisie\/2024\/03\/26\/la-tunisie-perd-un-grand-ami-le-contre-amiral-jean-francois-coustilliere\/#primaryimage"},"image":{"@id":"https:\/\/kapitalis.com\/tunisie\/2024\/03\/26\/la-tunisie-perd-un-grand-ami-le-contre-amiral-jean-francois-coustilliere\/#primaryimage"},"thumbnailUrl":"https:\/\/kapitalis.com\/tunisie\/wp-content\/uploads\/2024\/03\/Jean-Francois-Coustilliere.jpg","datePublished":"2024-03-26T11:02:10+00:00","dateModified":"2024-03-26T11:25:41+00:00","breadcrumb":{"@id":"https:\/\/kapitalis.com\/tunisie\/2024\/03\/26\/la-tunisie-perd-un-grand-ami-le-contre-amiral-jean-francois-coustilliere\/#breadcrumb"},"inLanguage":"fr-FR","potentialAction":[{"@type":"ReadAction","target":["https:\/\/kapitalis.com\/tunisie\/2024\/03\/26\/la-tunisie-perd-un-grand-ami-le-contre-amiral-jean-francois-coustilliere\/"]}]},{"@type":"ImageObject","inLanguage":"fr-FR","@id":"https:\/\/kapitalis.com\/tunisie\/2024\/03\/26\/la-tunisie-perd-un-grand-ami-le-contre-amiral-jean-francois-coustilliere\/#primaryimage","url":"https:\/\/kapitalis.com\/tunisie\/wp-content\/uploads\/2024\/03\/Jean-Francois-Coustilliere.jpg","contentUrl":"https:\/\/kapitalis.com\/tunisie\/wp-content\/uploads\/2024\/03\/Jean-Francois-Coustilliere.jpg","width":1200,"height":630},{"@type":"BreadcrumbList","@id":"https:\/\/kapitalis.com\/tunisie\/2024\/03\/26\/la-tunisie-perd-un-grand-ami-le-contre-amiral-jean-francois-coustilliere\/#breadcrumb","itemListElement":[{"@type":"ListItem","position":1,"name":"Accueil","item":"https:\/\/kapitalis.com\/tunisie\/"},{"@type":"ListItem","position":2,"name":"La Tunisie perd un grand ami, le contre-amiral Jean-Fran\u00e7ois Coustilli\u00e8re \u00a0"}]},{"@type":"WebSite","@id":"https:\/\/kapitalis.com\/tunisie\/#website","url":"https:\/\/kapitalis.com\/tunisie\/","name":"Kapitalis","description":"L&#039;actualit\u00e9 en Tunisie et dans le monde","publisher":{"@id":"https:\/\/kapitalis.com\/tunisie\/#organization"},"potentialAction":[{"@type":"SearchAction","target":{"@type":"EntryPoint","urlTemplate":"https:\/\/kapitalis.com\/tunisie\/?s={search_term_string}"},"query-input":{"@type":"PropertyValueSpecification","valueRequired":true,"valueName":"search_term_string"}}],"inLanguage":"fr-FR"},{"@type":"Organization","@id":"https:\/\/kapitalis.com\/tunisie\/#organization","name":"Kapitalis","url":"https:\/\/kapitalis.com\/tunisie\/","logo":{"@type":"ImageObject","inLanguage":"fr-FR","@id":"https:\/\/kapitalis.com\/tunisie\/#\/schema\/logo\/image\/","url":"https:\/\/kapitalis.com\/tunisie\/wp-content\/uploads\/2022\/05\/Kapitalis-big-size.png","contentUrl":"https:\/\/kapitalis.com\/tunisie\/wp-content\/uploads\/2022\/05\/Kapitalis-big-size.png","width":5000,"height":1500,"caption":"Kapitalis"},"image":{"@id":"https:\/\/kapitalis.com\/tunisie\/#\/schema\/logo\/image\/"},"sameAs":["https:\/\/www.facebook.com\/KapitalisInfo\/","https:\/\/x.com\/KapitalisInfo","https:\/\/www.youtube.com\/channel\/UC-yDYrHyfFBWWZaOw3FPg9Q"]},{"@type":"Person","@id":"https:\/\/kapitalis.com\/tunisie\/#\/schema\/person\/d71f33a9ca44f7bad4698210b480c8e9","name":"webmaster kapitalis","url":"https:\/\/kapitalis.com\/tunisie\/author\/webmaster-kapitalis\/"}]}},"_links":{"self":[{"href":"https:\/\/kapitalis.com\/tunisie\/wp-json\/wp\/v2\/posts\/12212277","targetHints":{"allow":["GET"]}}],"collection":[{"href":"https:\/\/kapitalis.com\/tunisie\/wp-json\/wp\/v2\/posts"}],"about":[{"href":"https:\/\/kapitalis.com\/tunisie\/wp-json\/wp\/v2\/types\/post"}],"author":[{"embeddable":true,"href":"https:\/\/kapitalis.com\/tunisie\/wp-json\/wp\/v2\/users\/8"}],"replies":[{"embeddable":true,"href":"https:\/\/kapitalis.com\/tunisie\/wp-json\/wp\/v2\/comments?post=12212277"}],"version-history":[{"count":2,"href":"https:\/\/kapitalis.com\/tunisie\/wp-json\/wp\/v2\/posts\/12212277\/revisions"}],"predecessor-version":[{"id":12212532,"href":"https:\/\/kapitalis.com\/tunisie\/wp-json\/wp\/v2\/posts\/12212277\/revisions\/12212532"}],"wp:featuredmedia":[{"embeddable":true,"href":"https:\/\/kapitalis.com\/tunisie\/wp-json\/wp\/v2\/media\/12212372"}],"wp:attachment":[{"href":"https:\/\/kapitalis.com\/tunisie\/wp-json\/wp\/v2\/media?parent=12212277"}],"wp:term":[{"taxonomy":"category","embeddable":true,"href":"https:\/\/kapitalis.com\/tunisie\/wp-json\/wp\/v2\/categories?post=12212277"},{"taxonomy":"post_tag","embeddable":true,"href":"https:\/\/kapitalis.com\/tunisie\/wp-json\/wp\/v2\/tags?post=12212277"}],"curies":[{"name":"wp","href":"https:\/\/api.w.org\/{rel}","templated":true}]}}