{"id":122210,"date":"2017-11-06T15:17:50","date_gmt":"2017-11-06T14:17:50","guid":{"rendered":"http:\/\/kapitalis.com\/tunisie\/?p=122210"},"modified":"2017-11-06T15:17:50","modified_gmt":"2017-11-06T14:17:50","slug":"loi-de-finances-2018-le-point-de-vue-du-ciped","status":"publish","type":"post","link":"https:\/\/kapitalis.com\/tunisie\/2017\/11\/06\/loi-de-finances-2018-le-point-de-vue-du-ciped\/","title":{"rendered":"Loi de Finances 2018 : Le point de vue du Ciped"},"content":{"rendered":"<p style=\"text-align: center;\"><img loading=\"lazy\" decoding=\"async\" class=\"alignnone size-full wp-image-119398\" src=\"http:\/\/kapitalis.com\/tunisie\/wp-content\/uploads\/2017\/10\/Loi-de-finances-2018.jpg\" alt=\"\" width=\"626\" height=\"380\" \/><\/p>\n<p><em><strong>Les charges additionnelles d\u00e9coulant des mesures propos\u00e9es dans le projet de Loi de Finances 2018 incomberaient en grande partie \u00e0 l\u2019entreprise et aux professionnels.<\/strong> <\/em><\/p>\n<p><!--more--><\/p>\n<p>Tout en relevant, dans un communiqu\u00e9 publi\u00e9 aujourd\u2019hui, lundi 6 novembre 2017, <em>\u00ables conditions difficiles dans lesquelles a \u00e9t\u00e9 \u00e9labor\u00e9 le projet de budget de l\u2019Etat pour l\u2019exercice 2018, qui subit les contrecoups d\u2019une gestion budg\u00e9taire d\u00e9ficiente depuis l\u2019ann\u00e9e 2011 et d\u2019une croissance \u00e9conomique molle, inf\u00e9rieure m\u00eame au cro\u00eet d\u00e9mographique\u00bb,<\/em> le Centre international H\u00e9di Nouira de prospective et d\u2019\u00e9tudes sur le d\u00e9veloppement (Ciped) <em>\u00absalue le fait que l\u2019\u00e9laboration du budget de l&rsquo;Etat ait de nouveau co\u00efncid\u00e9 avec celle du budget \u00e9conomique, ce qui est de nature \u00e0 donner plus de coh\u00e9rence \u00e0 ces travaux et de mieux tenir compte des \u00e9quilibres globaux du pays.\u00bb<\/em><\/p>\n<p>Sur un autre plan, le Ciped consid\u00e8re, toutefois,<em> \u00abque le budget 2018 manque encore de vision, qu\u2019il n\u2019a pas introduit l\u2019inflexion requise qu\u2019exige la situation actuelle des finances publiques et que le souci de mobiliser les ressources, quel qu\u2019en soit l\u2019impact sur la situation \u00e9conomique et financi\u00e8re des entreprises et partant sur la croissance, a finalement pr\u00e9valu.\u00bb<\/em><\/p>\n<p>Nous reproduisons ci-dessous le texte du communiqu\u00e9 :<\/p>\n<p><em>\u00abLe projet de budget semble consid\u00e9rer les d\u00e9penses comme \u00e9tant incompressibles et les n\u00e9gocie comme une r\u00e9alit\u00e9 difficile \u00e0 changer.<\/em><\/p>\n<p><em>\u00abLe Ciped constate certes, la d\u00e9c\u00e9l\u00e9ration du rythme d\u2019augmentation du budget retenu pour 2018, comparativement aux ann\u00e9es ant\u00e9rieures (4% contre une augmentation de plus de 8% entre 2010 et 2016). Il consid\u00e8re, cependant, que dans la situation critique que vivent les finances publiques, un budget stable par rapport \u00e0 2017 aurait \u00e9t\u00e9 plus indiqu\u00e9. Il rappelle \u00e0 cet \u00e9gard que le niveau du budget de l\u2019Etat est pass\u00e9 de 28,4% du PIB en 2010 \u00e0 33,6% en 2018, ce qui constitue une augmentation du pr\u00e9l\u00e8vement sur les ressources du pays de pr\u00e8s de 5 points de PIB. Il est, \u00e0 cet \u00e9gard, important que le gouvernement se fixe un horizon pour ramener ce budget \u00e0 moins de 30% du PIB, un seuil que le pays a toujours consid\u00e9r\u00e9 comme une limite \u00e0 ne pas d\u00e9passer.<\/em><\/p>\n<p><em>\u00abLe Ciped consid\u00e8re, par ailleurs, que la situation actuelle n\u00e9cessite des sacrifices de la part de tous les intervenants, ce qui ne semble pas \u00eatre le cas dans le projet pr\u00e9sent\u00e9. Le poids des mesures propos\u00e9es p\u00e8se davantage sur les entreprises dont la contribution fiscale risque d&rsquo;\u00eatre surcharg\u00e9e et d\u2019ob\u00e9rer la reprise de la croissance.<\/em><\/p>\n<p><em>\u00abConcernant le contenu de la Loi de Finances, le Ciped rappelle que la lutte contre la fraude fiscale et l\u2019\u00e9conomie informelle n\u00e9cessite : (a) un contr\u00f4le fiscal efficace et une administration fiscale mieux organis\u00e9e et mieux outill\u00e9e, avec notamment des bases de donn\u00e9es int\u00e9gr\u00e9es et des applications informatiques adapt\u00e9es; (b) la r\u00e9duction de la pression fiscale; et (c) le r\u00e9tablissement de la confiance entre le contribuable et l\u2019Administration fiscale. <\/em><\/p>\n<p><em>\u00abLe Centre consid\u00e8re \u00e0 ce propos que le contenu du projet de Loi de Finances dans sa version actuelle risque d\u2019accentuer l\u2019\u00e9rosion de la confiance des op\u00e9rateurs avec un sentiment d&rsquo;oppression fiscale \u00e0 l\u2019endroit des entreprises et du secteur productif.<\/em><\/p>\n<p><em>\u00abLe probl\u00e8me provient du fait que le projet ne s\u2019attaque pas aux origines du mal : emballement du budget depuis sept ans, croissance molle, d\u00e9penses improductives. <\/em><\/p>\n<p><em>\u00abLe budget repr\u00e9sente plus du tiers du PIB, ce qui constitue une ponction \u00e9lev\u00e9e sur les ressources du pays. La premi\u00e8re ligne devrait \u00eatre donc de r\u00e9duire les d\u00e9penses et essentiellement au niveau de deux rubriques : les salaires et la compensation et un meilleur ciblage des d\u00e9penses publiques vers deux objectifs majeurs : la reprise de la croissance et une politique sociale efficiente.<\/em><\/p>\n<p><em>\u00abLe Ciped consid\u00e8re toutefois que bien que certaines des mesures cit\u00e9es ci-apr\u00e8s, d\u00e9doublent des dispositions d\u00e9j\u00e0 existantes, le projet comporte quelques aspects positifs parmi lesquels : a. la suppression du r\u00e9gime forfaitaire de l\u2019imp\u00f4t sur les revenus et son remplacement par un r\u00e9gime de forfait d\u2019assiette sp\u00e9cifique aux petites entreprises (A.26); b. l\u2019encouragement \u00e0 la cr\u00e9ation d\u2019entreprises (art 13) ; c. le renforcement de la continuit\u00e9 des PME (art 15); d. L\u2019encouragement au recrutement des dipl\u00f4m\u00e9s de l\u2019enseignement sup\u00e9rieur (Ar 19)<\/em><\/p>\n<p><em>\u00abA cet \u00e9gard, il importe de veiller \u00e0 \u00e9viter les doubles dispositions afin de simplifier les mesures et assurer les conditions de leur bonne application.<\/em><\/p>\n<p><em>\u00abLe Ciped rel\u00e8ve cependant, que certaines dispositions du projet prennent de contrepied les orientations que devrait se fixer le pays.<\/em><\/p>\n<p><em>\u00abIl est en est ainsi du gel du cr\u00e9dit de TVA au 31 d\u00e9cembre 2017 pour le commerce de gros et les professions lib\u00e9rales, avec la possibilit\u00e9 de d\u00e9p\u00f4t de demandes de restitution entre le 1er avril 2018 et le 30 septembre 2018; une mesure qui constitue une v\u00e9ritable confiscation de droits et touche m\u00eame \u00e0 l\u2019honorabilit\u00e9 de certaines professions.<\/em><\/p>\n<p><em>\u00abC\u2019est \u00e9galement le cas de l\u2019institution de la TVA sur les immeubles \u00e0 usage d\u2019habitation ; une mesure qui bien qu\u2019elle tende \u00e0 \u00e9viter la rupture de la cha\u00eene de TVA, ne manquera pas d\u2019augmenter les prix et d\u2019amplifier les probl\u00e8mes de m\u00e9vente que connait d\u00e9j\u00e0 le secteur. Un assujettissement progressif \u00e0 la TVA aurait \u00e9t\u00e9 meilleur pour le secteur (6% pour l\u2019habitat social et 12% pour les autres, dans un premier temps).<\/em><\/p>\n<p><em>\u00abCertaines mesures de lutte contre la contrebande et l\u2019\u00e9conomie informelle suscitent \u00e9galement des interrogations. Il en est ainsi des hausses des taux des droits de douane sur plusieurs articles alors que, deux ann\u00e9es auparavant, les taux pour les m\u00eames articles ont \u00e9t\u00e9 baiss\u00e9s afin de lutter justement contre la concurrence parall\u00e8le qui profite des taux \u00e9lev\u00e9s des droits de douane et des droits de consommation. Une clarification de la d\u00e9marche m\u00e9rite \u00e0 cet \u00e9gard d\u2019\u00eatre faite.<\/em><\/p>\n<p><em>\u00abQuant \u00e0 l&rsquo;augmentation de la TVA d\u2019un point, il est vrai qu\u2019une marge d\u2019augmentation subsiste comparativement aux taux en vigueur dans plusieurs pays. Toutefois, dans la situation actuelle que vit le pays, l\u2019augmentation des taux pourrait entra\u00eener des difficult\u00e9s de tr\u00e9sorerie pour les entreprises et finir par \u00eatre support\u00e9e par les consommateurs finaux, ce qui impacterait directement leur pouvoir d\u2019achat. Il aurait fallu axer les efforts plut\u00f4t sur la g\u00e9n\u00e9ralisation de la TVA \u00e0 l\u2019ensemble des secteurs, produits et services pour \u00e9viter les ruptures de cha\u00eene de TVA.<\/em><\/p>\n<p><em>\u00abVenant en appui \u00e0 la r\u00e9forme du syst\u00e8me de s\u00e9curit\u00e9 sociale, l\u2019instauration d&rsquo;une contribution sociale solidaire sur les revenus et les b\u00e9n\u00e9fices r\u00e9alis\u00e9s \u00e0 partir du premier janvier 2018, aurait d\u00fb \u00eatre pr\u00e9c\u00e9d\u00e9e par la mise en \u0153uvre des dispositions de la r\u00e9forme, en particulier, celles du rallongement de l\u2019\u00e2ge de la retraite et l\u2019augmentation des cotisations.<\/em><\/p>\n<p><em>\u00abPar ailleurs, cette mesure aurait pu se limiter aux personnes physiques, les entreprises \u00e9tant amen\u00e9es \u00e0 payer les 2\/3 de l\u2019augmentation des cotisations qui serait d\u00e9cid\u00e9e dans le cadre de la r\u00e9forme elle-m\u00eame.<\/em><\/p>\n<p><em>\u00abQuant \u00e0 l\u2019augmentation du taux de la retenue \u00e0 la source sur les dividendes de 5 \u00e0 10%, il faut signaler que cette mesure ram\u00e8nerait le taux global d\u2019imposition des entreprises \u00e0 plus de 32%; ce qui constitue une pression fiscale \u00e9lev\u00e9e qui n\u2019est pas \u00e0 m\u00eame d\u2019encourager les entreprises \u00e0 investir et \u00e0 \u00e9tendre leurs activit\u00e9s.<\/em><\/p>\n<p><em>\u00abEn d\u00e9finitive les charges additionnelles qui proviendraient des mesures propos\u00e9es dans le projet de Loi de Finances incomberaient en grande partie \u00e0 l\u2019entreprise et aux professionnels. Une partie de cette charge additionnelle sera r\u00e9percut\u00e9e sur le consommateur et se traduira par une augmentation des prix et une baisse du pouvoir d\u2019achat. Il en sera ainsi tant que le probl\u00e8me des d\u00e9penses, en particulier les d\u00e9penses de salaires et de compensation reste pos\u00e9 et que l&rsquo;Etat n&rsquo;engage pas encore les mesures et les strat\u00e9gies n\u00e9cessaires pour ma\u00eetriser ces d\u00e9penses.\u00bb<\/em><\/p>\n<p><em><strong>Source<\/strong><\/em> : communiqu\u00e9.<\/p>\n","protected":false},"excerpt":{"rendered":"<p>Les charges additionnelles d\u00e9coulant des mesures propos\u00e9es dans le projet de Loi de Finances 2018 incomberaient en grande partie \u00e0 l\u2019entreprise et aux professionnels.<\/p>\n","protected":false},"author":8,"featured_media":0,"comment_status":"open","ping_status":"open","sticky":false,"template":"","format":"standard","meta":{"footnotes":""},"categories":[995,2433],"tags":[7525,37820,35078],"class_list":["post-122210","post","type-post","status-publish","format-standard","hentry","category-economie","category-tunisie","tag-budget-de-letat","tag-ciped","tag-loi-de-finances-2018"],"yoast_head":"<!-- This site is optimized with the Yoast SEO plugin v26.6 - https:\/\/yoast.com\/wordpress\/plugins\/seo\/ -->\n<title>Loi de Finances 2018 : Le point de vue du Ciped - Kapitalis<\/title>\n<meta name=\"robots\" content=\"index, follow, max-snippet:-1, max-image-preview:large, max-video-preview:-1\" \/>\n<link rel=\"canonical\" href=\"https:\/\/kapitalis.com\/tunisie\/2017\/11\/06\/loi-de-finances-2018-le-point-de-vue-du-ciped\/\" \/>\n<meta property=\"og:locale\" content=\"fr_FR\" \/>\n<meta property=\"og:type\" content=\"article\" \/>\n<meta property=\"og:title\" content=\"Loi de Finances 2018 : Le point de vue du Ciped - Kapitalis\" \/>\n<meta property=\"og:description\" content=\"Les charges additionnelles d\u00e9coulant des mesures propos\u00e9es dans le projet de Loi de Finances 2018 incomberaient en grande partie \u00e0 l\u2019entreprise et aux professionnels.\" \/>\n<meta property=\"og:url\" content=\"https:\/\/kapitalis.com\/tunisie\/2017\/11\/06\/loi-de-finances-2018-le-point-de-vue-du-ciped\/\" \/>\n<meta property=\"og:site_name\" content=\"Kapitalis\" \/>\n<meta property=\"article:publisher\" content=\"https:\/\/www.facebook.com\/KapitalisInfo\/\" \/>\n<meta property=\"article:published_time\" content=\"2017-11-06T14:17:50+00:00\" \/>\n<meta property=\"og:image\" content=\"http:\/\/kapitalis.com\/tunisie\/wp-content\/uploads\/2017\/10\/Loi-de-finances-2018.jpg\" \/>\n<meta name=\"author\" content=\"webmaster kapitalis\" \/>\n<meta name=\"twitter:card\" content=\"summary_large_image\" \/>\n<meta name=\"twitter:creator\" content=\"@KapitalisInfo\" \/>\n<meta name=\"twitter:site\" content=\"@KapitalisInfo\" \/>\n<meta name=\"twitter:label1\" content=\"\u00c9crit par\" \/>\n\t<meta name=\"twitter:data1\" content=\"webmaster kapitalis\" \/>\n\t<meta name=\"twitter:label2\" content=\"Dur\u00e9e de lecture estim\u00e9e\" \/>\n\t<meta name=\"twitter:data2\" content=\"7 minutes\" \/>\n<script type=\"application\/ld+json\" class=\"yoast-schema-graph\">{\"@context\":\"https:\/\/schema.org\",\"@graph\":[{\"@type\":\"Article\",\"@id\":\"https:\/\/kapitalis.com\/tunisie\/2017\/11\/06\/loi-de-finances-2018-le-point-de-vue-du-ciped\/#article\",\"isPartOf\":{\"@id\":\"https:\/\/kapitalis.com\/tunisie\/2017\/11\/06\/loi-de-finances-2018-le-point-de-vue-du-ciped\/\"},\"author\":{\"name\":\"webmaster kapitalis\",\"@id\":\"https:\/\/kapitalis.com\/tunisie\/#\/schema\/person\/d71f33a9ca44f7bad4698210b480c8e9\"},\"headline\":\"Loi de Finances 2018 : Le point de vue du Ciped\",\"datePublished\":\"2017-11-06T14:17:50+00:00\",\"mainEntityOfPage\":{\"@id\":\"https:\/\/kapitalis.com\/tunisie\/2017\/11\/06\/loi-de-finances-2018-le-point-de-vue-du-ciped\/\"},\"wordCount\":1384,\"commentCount\":0,\"publisher\":{\"@id\":\"https:\/\/kapitalis.com\/tunisie\/#organization\"},\"image\":{\"@id\":\"https:\/\/kapitalis.com\/tunisie\/2017\/11\/06\/loi-de-finances-2018-le-point-de-vue-du-ciped\/#primaryimage\"},\"thumbnailUrl\":\"http:\/\/kapitalis.com\/tunisie\/wp-content\/uploads\/2017\/10\/Loi-de-finances-2018.jpg\",\"keywords\":[\"Budget de l\u2019Etat\",\"Ciped\",\"loi de finances 2018\"],\"articleSection\":[\"ECONOMIE\",\"Tunisie\"],\"inLanguage\":\"fr-FR\",\"potentialAction\":[{\"@type\":\"CommentAction\",\"name\":\"Comment\",\"target\":[\"https:\/\/kapitalis.com\/tunisie\/2017\/11\/06\/loi-de-finances-2018-le-point-de-vue-du-ciped\/#respond\"]}]},{\"@type\":\"WebPage\",\"@id\":\"https:\/\/kapitalis.com\/tunisie\/2017\/11\/06\/loi-de-finances-2018-le-point-de-vue-du-ciped\/\",\"url\":\"https:\/\/kapitalis.com\/tunisie\/2017\/11\/06\/loi-de-finances-2018-le-point-de-vue-du-ciped\/\",\"name\":\"Loi de Finances 2018 : Le point de vue du Ciped - Kapitalis\",\"isPartOf\":{\"@id\":\"https:\/\/kapitalis.com\/tunisie\/#website\"},\"primaryImageOfPage\":{\"@id\":\"https:\/\/kapitalis.com\/tunisie\/2017\/11\/06\/loi-de-finances-2018-le-point-de-vue-du-ciped\/#primaryimage\"},\"image\":{\"@id\":\"https:\/\/kapitalis.com\/tunisie\/2017\/11\/06\/loi-de-finances-2018-le-point-de-vue-du-ciped\/#primaryimage\"},\"thumbnailUrl\":\"http:\/\/kapitalis.com\/tunisie\/wp-content\/uploads\/2017\/10\/Loi-de-finances-2018.jpg\",\"datePublished\":\"2017-11-06T14:17:50+00:00\",\"breadcrumb\":{\"@id\":\"https:\/\/kapitalis.com\/tunisie\/2017\/11\/06\/loi-de-finances-2018-le-point-de-vue-du-ciped\/#breadcrumb\"},\"inLanguage\":\"fr-FR\",\"potentialAction\":[{\"@type\":\"ReadAction\",\"target\":[\"https:\/\/kapitalis.com\/tunisie\/2017\/11\/06\/loi-de-finances-2018-le-point-de-vue-du-ciped\/\"]}]},{\"@type\":\"ImageObject\",\"inLanguage\":\"fr-FR\",\"@id\":\"https:\/\/kapitalis.com\/tunisie\/2017\/11\/06\/loi-de-finances-2018-le-point-de-vue-du-ciped\/#primaryimage\",\"url\":\"http:\/\/kapitalis.com\/tunisie\/wp-content\/uploads\/2017\/10\/Loi-de-finances-2018.jpg\",\"contentUrl\":\"http:\/\/kapitalis.com\/tunisie\/wp-content\/uploads\/2017\/10\/Loi-de-finances-2018.jpg\"},{\"@type\":\"BreadcrumbList\",\"@id\":\"https:\/\/kapitalis.com\/tunisie\/2017\/11\/06\/loi-de-finances-2018-le-point-de-vue-du-ciped\/#breadcrumb\",\"itemListElement\":[{\"@type\":\"ListItem\",\"position\":1,\"name\":\"Accueil\",\"item\":\"https:\/\/kapitalis.com\/tunisie\/\"},{\"@type\":\"ListItem\",\"position\":2,\"name\":\"Loi de Finances 2018 : Le point de vue du Ciped\"}]},{\"@type\":\"WebSite\",\"@id\":\"https:\/\/kapitalis.com\/tunisie\/#website\",\"url\":\"https:\/\/kapitalis.com\/tunisie\/\",\"name\":\"Kapitalis\",\"description\":\"L&#039;actualit\u00e9 en Tunisie et dans le monde\",\"publisher\":{\"@id\":\"https:\/\/kapitalis.com\/tunisie\/#organization\"},\"potentialAction\":[{\"@type\":\"SearchAction\",\"target\":{\"@type\":\"EntryPoint\",\"urlTemplate\":\"https:\/\/kapitalis.com\/tunisie\/?s={search_term_string}\"},\"query-input\":{\"@type\":\"PropertyValueSpecification\",\"valueRequired\":true,\"valueName\":\"search_term_string\"}}],\"inLanguage\":\"fr-FR\"},{\"@type\":\"Organization\",\"@id\":\"https:\/\/kapitalis.com\/tunisie\/#organization\",\"name\":\"Kapitalis\",\"url\":\"https:\/\/kapitalis.com\/tunisie\/\",\"logo\":{\"@type\":\"ImageObject\",\"inLanguage\":\"fr-FR\",\"@id\":\"https:\/\/kapitalis.com\/tunisie\/#\/schema\/logo\/image\/\",\"url\":\"https:\/\/kapitalis.com\/tunisie\/wp-content\/uploads\/2022\/05\/Kapitalis-big-size.png\",\"contentUrl\":\"https:\/\/kapitalis.com\/tunisie\/wp-content\/uploads\/2022\/05\/Kapitalis-big-size.png\",\"width\":5000,\"height\":1500,\"caption\":\"Kapitalis\"},\"image\":{\"@id\":\"https:\/\/kapitalis.com\/tunisie\/#\/schema\/logo\/image\/\"},\"sameAs\":[\"https:\/\/www.facebook.com\/KapitalisInfo\/\",\"https:\/\/x.com\/KapitalisInfo\",\"https:\/\/www.youtube.com\/channel\/UC-yDYrHyfFBWWZaOw3FPg9Q\"]},{\"@type\":\"Person\",\"@id\":\"https:\/\/kapitalis.com\/tunisie\/#\/schema\/person\/d71f33a9ca44f7bad4698210b480c8e9\",\"name\":\"webmaster kapitalis\",\"url\":\"https:\/\/kapitalis.com\/tunisie\/author\/webmaster-kapitalis\/\"}]}<\/script>\n<!-- \/ Yoast SEO plugin. -->","yoast_head_json":{"title":"Loi de Finances 2018 : Le point de vue du Ciped - Kapitalis","robots":{"index":"index","follow":"follow","max-snippet":"max-snippet:-1","max-image-preview":"max-image-preview:large","max-video-preview":"max-video-preview:-1"},"canonical":"https:\/\/kapitalis.com\/tunisie\/2017\/11\/06\/loi-de-finances-2018-le-point-de-vue-du-ciped\/","og_locale":"fr_FR","og_type":"article","og_title":"Loi de Finances 2018 : Le point de vue du Ciped - Kapitalis","og_description":"Les charges additionnelles d\u00e9coulant des mesures propos\u00e9es dans le projet de Loi de Finances 2018 incomberaient en grande partie \u00e0 l\u2019entreprise et aux professionnels.","og_url":"https:\/\/kapitalis.com\/tunisie\/2017\/11\/06\/loi-de-finances-2018-le-point-de-vue-du-ciped\/","og_site_name":"Kapitalis","article_publisher":"https:\/\/www.facebook.com\/KapitalisInfo\/","article_published_time":"2017-11-06T14:17:50+00:00","og_image":[{"url":"http:\/\/kapitalis.com\/tunisie\/wp-content\/uploads\/2017\/10\/Loi-de-finances-2018.jpg","type":"","width":"","height":""}],"author":"webmaster kapitalis","twitter_card":"summary_large_image","twitter_creator":"@KapitalisInfo","twitter_site":"@KapitalisInfo","twitter_misc":{"\u00c9crit par":"webmaster kapitalis","Dur\u00e9e de lecture estim\u00e9e":"7 minutes"},"schema":{"@context":"https:\/\/schema.org","@graph":[{"@type":"Article","@id":"https:\/\/kapitalis.com\/tunisie\/2017\/11\/06\/loi-de-finances-2018-le-point-de-vue-du-ciped\/#article","isPartOf":{"@id":"https:\/\/kapitalis.com\/tunisie\/2017\/11\/06\/loi-de-finances-2018-le-point-de-vue-du-ciped\/"},"author":{"name":"webmaster kapitalis","@id":"https:\/\/kapitalis.com\/tunisie\/#\/schema\/person\/d71f33a9ca44f7bad4698210b480c8e9"},"headline":"Loi de Finances 2018 : Le point de vue du Ciped","datePublished":"2017-11-06T14:17:50+00:00","mainEntityOfPage":{"@id":"https:\/\/kapitalis.com\/tunisie\/2017\/11\/06\/loi-de-finances-2018-le-point-de-vue-du-ciped\/"},"wordCount":1384,"commentCount":0,"publisher":{"@id":"https:\/\/kapitalis.com\/tunisie\/#organization"},"image":{"@id":"https:\/\/kapitalis.com\/tunisie\/2017\/11\/06\/loi-de-finances-2018-le-point-de-vue-du-ciped\/#primaryimage"},"thumbnailUrl":"http:\/\/kapitalis.com\/tunisie\/wp-content\/uploads\/2017\/10\/Loi-de-finances-2018.jpg","keywords":["Budget de l\u2019Etat","Ciped","loi de finances 2018"],"articleSection":["ECONOMIE","Tunisie"],"inLanguage":"fr-FR","potentialAction":[{"@type":"CommentAction","name":"Comment","target":["https:\/\/kapitalis.com\/tunisie\/2017\/11\/06\/loi-de-finances-2018-le-point-de-vue-du-ciped\/#respond"]}]},{"@type":"WebPage","@id":"https:\/\/kapitalis.com\/tunisie\/2017\/11\/06\/loi-de-finances-2018-le-point-de-vue-du-ciped\/","url":"https:\/\/kapitalis.com\/tunisie\/2017\/11\/06\/loi-de-finances-2018-le-point-de-vue-du-ciped\/","name":"Loi de Finances 2018 : Le point de vue du Ciped - Kapitalis","isPartOf":{"@id":"https:\/\/kapitalis.com\/tunisie\/#website"},"primaryImageOfPage":{"@id":"https:\/\/kapitalis.com\/tunisie\/2017\/11\/06\/loi-de-finances-2018-le-point-de-vue-du-ciped\/#primaryimage"},"image":{"@id":"https:\/\/kapitalis.com\/tunisie\/2017\/11\/06\/loi-de-finances-2018-le-point-de-vue-du-ciped\/#primaryimage"},"thumbnailUrl":"http:\/\/kapitalis.com\/tunisie\/wp-content\/uploads\/2017\/10\/Loi-de-finances-2018.jpg","datePublished":"2017-11-06T14:17:50+00:00","breadcrumb":{"@id":"https:\/\/kapitalis.com\/tunisie\/2017\/11\/06\/loi-de-finances-2018-le-point-de-vue-du-ciped\/#breadcrumb"},"inLanguage":"fr-FR","potentialAction":[{"@type":"ReadAction","target":["https:\/\/kapitalis.com\/tunisie\/2017\/11\/06\/loi-de-finances-2018-le-point-de-vue-du-ciped\/"]}]},{"@type":"ImageObject","inLanguage":"fr-FR","@id":"https:\/\/kapitalis.com\/tunisie\/2017\/11\/06\/loi-de-finances-2018-le-point-de-vue-du-ciped\/#primaryimage","url":"http:\/\/kapitalis.com\/tunisie\/wp-content\/uploads\/2017\/10\/Loi-de-finances-2018.jpg","contentUrl":"http:\/\/kapitalis.com\/tunisie\/wp-content\/uploads\/2017\/10\/Loi-de-finances-2018.jpg"},{"@type":"BreadcrumbList","@id":"https:\/\/kapitalis.com\/tunisie\/2017\/11\/06\/loi-de-finances-2018-le-point-de-vue-du-ciped\/#breadcrumb","itemListElement":[{"@type":"ListItem","position":1,"name":"Accueil","item":"https:\/\/kapitalis.com\/tunisie\/"},{"@type":"ListItem","position":2,"name":"Loi de Finances 2018 : Le point de vue du Ciped"}]},{"@type":"WebSite","@id":"https:\/\/kapitalis.com\/tunisie\/#website","url":"https:\/\/kapitalis.com\/tunisie\/","name":"Kapitalis","description":"L&#039;actualit\u00e9 en Tunisie et dans le monde","publisher":{"@id":"https:\/\/kapitalis.com\/tunisie\/#organization"},"potentialAction":[{"@type":"SearchAction","target":{"@type":"EntryPoint","urlTemplate":"https:\/\/kapitalis.com\/tunisie\/?s={search_term_string}"},"query-input":{"@type":"PropertyValueSpecification","valueRequired":true,"valueName":"search_term_string"}}],"inLanguage":"fr-FR"},{"@type":"Organization","@id":"https:\/\/kapitalis.com\/tunisie\/#organization","name":"Kapitalis","url":"https:\/\/kapitalis.com\/tunisie\/","logo":{"@type":"ImageObject","inLanguage":"fr-FR","@id":"https:\/\/kapitalis.com\/tunisie\/#\/schema\/logo\/image\/","url":"https:\/\/kapitalis.com\/tunisie\/wp-content\/uploads\/2022\/05\/Kapitalis-big-size.png","contentUrl":"https:\/\/kapitalis.com\/tunisie\/wp-content\/uploads\/2022\/05\/Kapitalis-big-size.png","width":5000,"height":1500,"caption":"Kapitalis"},"image":{"@id":"https:\/\/kapitalis.com\/tunisie\/#\/schema\/logo\/image\/"},"sameAs":["https:\/\/www.facebook.com\/KapitalisInfo\/","https:\/\/x.com\/KapitalisInfo","https:\/\/www.youtube.com\/channel\/UC-yDYrHyfFBWWZaOw3FPg9Q"]},{"@type":"Person","@id":"https:\/\/kapitalis.com\/tunisie\/#\/schema\/person\/d71f33a9ca44f7bad4698210b480c8e9","name":"webmaster kapitalis","url":"https:\/\/kapitalis.com\/tunisie\/author\/webmaster-kapitalis\/"}]}},"_links":{"self":[{"href":"https:\/\/kapitalis.com\/tunisie\/wp-json\/wp\/v2\/posts\/122210","targetHints":{"allow":["GET"]}}],"collection":[{"href":"https:\/\/kapitalis.com\/tunisie\/wp-json\/wp\/v2\/posts"}],"about":[{"href":"https:\/\/kapitalis.com\/tunisie\/wp-json\/wp\/v2\/types\/post"}],"author":[{"embeddable":true,"href":"https:\/\/kapitalis.com\/tunisie\/wp-json\/wp\/v2\/users\/8"}],"replies":[{"embeddable":true,"href":"https:\/\/kapitalis.com\/tunisie\/wp-json\/wp\/v2\/comments?post=122210"}],"version-history":[{"count":0,"href":"https:\/\/kapitalis.com\/tunisie\/wp-json\/wp\/v2\/posts\/122210\/revisions"}],"wp:attachment":[{"href":"https:\/\/kapitalis.com\/tunisie\/wp-json\/wp\/v2\/media?parent=122210"}],"wp:term":[{"taxonomy":"category","embeddable":true,"href":"https:\/\/kapitalis.com\/tunisie\/wp-json\/wp\/v2\/categories?post=122210"},{"taxonomy":"post_tag","embeddable":true,"href":"https:\/\/kapitalis.com\/tunisie\/wp-json\/wp\/v2\/tags?post=122210"}],"curies":[{"name":"wp","href":"https:\/\/api.w.org\/{rel}","templated":true}]}}