{"id":122289,"date":"2017-11-07T08:13:10","date_gmt":"2017-11-07T07:13:10","guid":{"rendered":"http:\/\/kapitalis.com\/tunisie\/?p=122289"},"modified":"2017-11-07T08:13:10","modified_gmt":"2017-11-07T07:13:10","slug":"independance-de-la-justice-les-inquietudes-de-la-societe-civile","status":"publish","type":"post","link":"https:\/\/kapitalis.com\/tunisie\/2017\/11\/07\/independance-de-la-justice-les-inquietudes-de-la-societe-civile\/","title":{"rendered":"Ind\u00e9pendance de la justice: Les inqui\u00e9tudes de la soci\u00e9t\u00e9 civile"},"content":{"rendered":"<p style=\"text-align: center;\"><img loading=\"lazy\" decoding=\"async\" class=\"alignnone size-full wp-image-55106\" src=\"http:\/\/kapitalis.com\/tunisie\/wp-content\/uploads\/2016\/06\/Palais-de-Justice-tunisie.jpg\" alt=\"\" width=\"626\" height=\"380\" \/><\/p>\n<p><em><strong>Un groupe de personnalit\u00e9s publiques et de militants de la soci\u00e9t\u00e9 civile s&rsquo;inqui\u00e8tent pour l&rsquo;ind\u00e9pendance de la justice et le font savoir.<\/strong> <\/em><\/p>\n<p><!--more--><\/p>\n<p>Dans ce cadre, une d\u00e9l\u00e9gation se rendra au tribunal administratif de Tunis, aujourd&rsquo;hui, mardi 7 novembre 2017, \u00e0 10 heures, afin de d\u00e9poser une lettre ouverte au pr\u00e9sident du Conseil sup\u00e9rieur de la magistrature (CSM), le juge Hatem Ben Khlifa, exprimant l\u2019inqui\u00e9tude de ses signataires quant \u00e0 l\u2019ind\u00e9pendance de la justice et aux atteintes aux droits des justiciables.<\/p>\n<p>Aussit\u00f4t apr\u00e8s, la d\u00e9l\u00e9gation donnera une conf\u00e9rence de presse, \u00e0 la salle du Rio, au centre-ville de Tunis, \u00e0 11h00, pour faire part \u00e0 l&rsquo;opinion de ses inqui\u00e9tudes.<\/p>\n<p style=\"text-align: right;\"><strong>I. B.<\/strong><\/p>\n","protected":false},"excerpt":{"rendered":"<p>Un groupe de personnalit\u00e9s publiques et de militants de la soci\u00e9t\u00e9 civile s&rsquo;inqui\u00e8tent pour l&rsquo;ind\u00e9pendance de la justice et le font savoir.<\/p>\n","protected":false},"author":8,"featured_media":0,"comment_status":"open","ping_status":"open","sticky":false,"template":"","format":"standard","meta":{"footnotes":""},"categories":[997,2433],"tags":[7902,251],"class_list":["post-122289","post","type-post","status-publish","format-standard","hentry","category-politique","category-tunisie","tag-conseil-superieur-de-la-magistrature","tag-csm"],"yoast_head":"<!-- This site is optimized with the Yoast SEO plugin v26.6 - https:\/\/yoast.com\/wordpress\/plugins\/seo\/ -->\n<title>Ind\u00e9pendance de la justice: Les inqui\u00e9tudes de la soci\u00e9t\u00e9 civile - Kapitalis<\/title>\n<meta name=\"robots\" content=\"index, follow, max-snippet:-1, max-image-preview:large, max-video-preview:-1\" \/>\n<link rel=\"canonical\" href=\"https:\/\/kapitalis.com\/tunisie\/2017\/11\/07\/independance-de-la-justice-les-inquietudes-de-la-societe-civile\/\" \/>\n<meta property=\"og:locale\" content=\"fr_FR\" \/>\n<meta property=\"og:type\" content=\"article\" \/>\n<meta property=\"og:title\" content=\"Ind\u00e9pendance de la justice: Les inqui\u00e9tudes de la soci\u00e9t\u00e9 civile - Kapitalis\" \/>\n<meta property=\"og:description\" content=\"Un groupe de personnalit\u00e9s publiques et de militants de la soci\u00e9t\u00e9 civile s&rsquo;inqui\u00e8tent pour l&rsquo;ind\u00e9pendance de la justice et le font savoir.\" \/>\n<meta property=\"og:url\" content=\"https:\/\/kapitalis.com\/tunisie\/2017\/11\/07\/independance-de-la-justice-les-inquietudes-de-la-societe-civile\/\" \/>\n<meta property=\"og:site_name\" content=\"Kapitalis\" \/>\n<meta property=\"article:publisher\" content=\"https:\/\/www.facebook.com\/KapitalisInfo\/\" \/>\n<meta property=\"article:published_time\" content=\"2017-11-07T07:13:10+00:00\" \/>\n<meta property=\"og:image\" content=\"http:\/\/kapitalis.com\/tunisie\/wp-content\/uploads\/2016\/06\/Palais-de-Justice-tunisie.jpg\" \/>\n<meta name=\"author\" content=\"webmaster kapitalis\" \/>\n<meta name=\"twitter:card\" content=\"summary_large_image\" \/>\n<meta name=\"twitter:creator\" content=\"@KapitalisInfo\" \/>\n<meta name=\"twitter:site\" content=\"@KapitalisInfo\" \/>\n<meta name=\"twitter:label1\" content=\"\u00c9crit par\" \/>\n\t<meta name=\"twitter:data1\" content=\"webmaster kapitalis\" \/>\n\t<meta name=\"twitter:label2\" content=\"Dur\u00e9e de lecture estim\u00e9e\" \/>\n\t<meta name=\"twitter:data2\" content=\"1 minute\" \/>\n<script type=\"application\/ld+json\" class=\"yoast-schema-graph\">{\"@context\":\"https:\/\/schema.org\",\"@graph\":[{\"@type\":\"Article\",\"@id\":\"https:\/\/kapitalis.com\/tunisie\/2017\/11\/07\/independance-de-la-justice-les-inquietudes-de-la-societe-civile\/#article\",\"isPartOf\":{\"@id\":\"https:\/\/kapitalis.com\/tunisie\/2017\/11\/07\/independance-de-la-justice-les-inquietudes-de-la-societe-civile\/\"},\"author\":{\"name\":\"webmaster kapitalis\",\"@id\":\"https:\/\/kapitalis.com\/tunisie\/#\/schema\/person\/d71f33a9ca44f7bad4698210b480c8e9\"},\"headline\":\"Ind\u00e9pendance de la justice: Les inqui\u00e9tudes de la soci\u00e9t\u00e9 civile\",\"datePublished\":\"2017-11-07T07:13:10+00:00\",\"mainEntityOfPage\":{\"@id\":\"https:\/\/kapitalis.com\/tunisie\/2017\/11\/07\/independance-de-la-justice-les-inquietudes-de-la-societe-civile\/\"},\"wordCount\":134,\"commentCount\":1,\"publisher\":{\"@id\":\"https:\/\/kapitalis.com\/tunisie\/#organization\"},\"image\":{\"@id\":\"https:\/\/kapitalis.com\/tunisie\/2017\/11\/07\/independance-de-la-justice-les-inquietudes-de-la-societe-civile\/#primaryimage\"},\"thumbnailUrl\":\"http:\/\/kapitalis.com\/tunisie\/wp-content\/uploads\/2016\/06\/Palais-de-Justice-tunisie.jpg\",\"keywords\":[\"conseil sup\u00e9rieur de la magistrature\",\"CSM\"],\"articleSection\":[\"POLITIQUE\",\"Tunisie\"],\"inLanguage\":\"fr-FR\",\"potentialAction\":[{\"@type\":\"CommentAction\",\"name\":\"Comment\",\"target\":[\"https:\/\/kapitalis.com\/tunisie\/2017\/11\/07\/independance-de-la-justice-les-inquietudes-de-la-societe-civile\/#respond\"]}]},{\"@type\":\"WebPage\",\"@id\":\"https:\/\/kapitalis.com\/tunisie\/2017\/11\/07\/independance-de-la-justice-les-inquietudes-de-la-societe-civile\/\",\"url\":\"https:\/\/kapitalis.com\/tunisie\/2017\/11\/07\/independance-de-la-justice-les-inquietudes-de-la-societe-civile\/\",\"name\":\"Ind\u00e9pendance de la justice: Les inqui\u00e9tudes de la soci\u00e9t\u00e9 civile - Kapitalis\",\"isPartOf\":{\"@id\":\"https:\/\/kapitalis.com\/tunisie\/#website\"},\"primaryImageOfPage\":{\"@id\":\"https:\/\/kapitalis.com\/tunisie\/2017\/11\/07\/independance-de-la-justice-les-inquietudes-de-la-societe-civile\/#primaryimage\"},\"image\":{\"@id\":\"https:\/\/kapitalis.com\/tunisie\/2017\/11\/07\/independance-de-la-justice-les-inquietudes-de-la-societe-civile\/#primaryimage\"},\"thumbnailUrl\":\"http:\/\/kapitalis.com\/tunisie\/wp-content\/uploads\/2016\/06\/Palais-de-Justice-tunisie.jpg\",\"datePublished\":\"2017-11-07T07:13:10+00:00\",\"breadcrumb\":{\"@id\":\"https:\/\/kapitalis.com\/tunisie\/2017\/11\/07\/independance-de-la-justice-les-inquietudes-de-la-societe-civile\/#breadcrumb\"},\"inLanguage\":\"fr-FR\",\"potentialAction\":[{\"@type\":\"ReadAction\",\"target\":[\"https:\/\/kapitalis.com\/tunisie\/2017\/11\/07\/independance-de-la-justice-les-inquietudes-de-la-societe-civile\/\"]}]},{\"@type\":\"ImageObject\",\"inLanguage\":\"fr-FR\",\"@id\":\"https:\/\/kapitalis.com\/tunisie\/2017\/11\/07\/independance-de-la-justice-les-inquietudes-de-la-societe-civile\/#primaryimage\",\"url\":\"http:\/\/kapitalis.com\/tunisie\/wp-content\/uploads\/2016\/06\/Palais-de-Justice-tunisie.jpg\",\"contentUrl\":\"http:\/\/kapitalis.com\/tunisie\/wp-content\/uploads\/2016\/06\/Palais-de-Justice-tunisie.jpg\"},{\"@type\":\"BreadcrumbList\",\"@id\":\"https:\/\/kapitalis.com\/tunisie\/2017\/11\/07\/independance-de-la-justice-les-inquietudes-de-la-societe-civile\/#breadcrumb\",\"itemListElement\":[{\"@type\":\"ListItem\",\"position\":1,\"name\":\"Accueil\",\"item\":\"https:\/\/kapitalis.com\/tunisie\/\"},{\"@type\":\"ListItem\",\"position\":2,\"name\":\"Ind\u00e9pendance de la justice: Les inqui\u00e9tudes de la soci\u00e9t\u00e9 civile\"}]},{\"@type\":\"WebSite\",\"@id\":\"https:\/\/kapitalis.com\/tunisie\/#website\",\"url\":\"https:\/\/kapitalis.com\/tunisie\/\",\"name\":\"Kapitalis\",\"description\":\"L&#039;actualit\u00e9 en Tunisie et dans le monde\",\"publisher\":{\"@id\":\"https:\/\/kapitalis.com\/tunisie\/#organization\"},\"potentialAction\":[{\"@type\":\"SearchAction\",\"target\":{\"@type\":\"EntryPoint\",\"urlTemplate\":\"https:\/\/kapitalis.com\/tunisie\/?s={search_term_string}\"},\"query-input\":{\"@type\":\"PropertyValueSpecification\",\"valueRequired\":true,\"valueName\":\"search_term_string\"}}],\"inLanguage\":\"fr-FR\"},{\"@type\":\"Organization\",\"@id\":\"https:\/\/kapitalis.com\/tunisie\/#organization\",\"name\":\"Kapitalis\",\"url\":\"https:\/\/kapitalis.com\/tunisie\/\",\"logo\":{\"@type\":\"ImageObject\",\"inLanguage\":\"fr-FR\",\"@id\":\"https:\/\/kapitalis.com\/tunisie\/#\/schema\/logo\/image\/\",\"url\":\"https:\/\/kapitalis.com\/tunisie\/wp-content\/uploads\/2022\/05\/Kapitalis-big-size.png\",\"contentUrl\":\"https:\/\/kapitalis.com\/tunisie\/wp-content\/uploads\/2022\/05\/Kapitalis-big-size.png\",\"width\":5000,\"height\":1500,\"caption\":\"Kapitalis\"},\"image\":{\"@id\":\"https:\/\/kapitalis.com\/tunisie\/#\/schema\/logo\/image\/\"},\"sameAs\":[\"https:\/\/www.facebook.com\/KapitalisInfo\/\",\"https:\/\/x.com\/KapitalisInfo\",\"https:\/\/www.youtube.com\/channel\/UC-yDYrHyfFBWWZaOw3FPg9Q\"]},{\"@type\":\"Person\",\"@id\":\"https:\/\/kapitalis.com\/tunisie\/#\/schema\/person\/d71f33a9ca44f7bad4698210b480c8e9\",\"name\":\"webmaster kapitalis\",\"url\":\"https:\/\/kapitalis.com\/tunisie\/author\/webmaster-kapitalis\/\"}]}<\/script>\n<!-- \/ Yoast SEO plugin. -->","yoast_head_json":{"title":"Ind\u00e9pendance de la justice: Les inqui\u00e9tudes de la soci\u00e9t\u00e9 civile - Kapitalis","robots":{"index":"index","follow":"follow","max-snippet":"max-snippet:-1","max-image-preview":"max-image-preview:large","max-video-preview":"max-video-preview:-1"},"canonical":"https:\/\/kapitalis.com\/tunisie\/2017\/11\/07\/independance-de-la-justice-les-inquietudes-de-la-societe-civile\/","og_locale":"fr_FR","og_type":"article","og_title":"Ind\u00e9pendance de la justice: Les inqui\u00e9tudes de la soci\u00e9t\u00e9 civile - Kapitalis","og_description":"Un groupe de personnalit\u00e9s publiques et de militants de la soci\u00e9t\u00e9 civile s&rsquo;inqui\u00e8tent pour l&rsquo;ind\u00e9pendance de la justice et le font savoir.","og_url":"https:\/\/kapitalis.com\/tunisie\/2017\/11\/07\/independance-de-la-justice-les-inquietudes-de-la-societe-civile\/","og_site_name":"Kapitalis","article_publisher":"https:\/\/www.facebook.com\/KapitalisInfo\/","article_published_time":"2017-11-07T07:13:10+00:00","og_image":[{"url":"http:\/\/kapitalis.com\/tunisie\/wp-content\/uploads\/2016\/06\/Palais-de-Justice-tunisie.jpg","type":"","width":"","height":""}],"author":"webmaster kapitalis","twitter_card":"summary_large_image","twitter_creator":"@KapitalisInfo","twitter_site":"@KapitalisInfo","twitter_misc":{"\u00c9crit par":"webmaster kapitalis","Dur\u00e9e de lecture estim\u00e9e":"1 minute"},"schema":{"@context":"https:\/\/schema.org","@graph":[{"@type":"Article","@id":"https:\/\/kapitalis.com\/tunisie\/2017\/11\/07\/independance-de-la-justice-les-inquietudes-de-la-societe-civile\/#article","isPartOf":{"@id":"https:\/\/kapitalis.com\/tunisie\/2017\/11\/07\/independance-de-la-justice-les-inquietudes-de-la-societe-civile\/"},"author":{"name":"webmaster kapitalis","@id":"https:\/\/kapitalis.com\/tunisie\/#\/schema\/person\/d71f33a9ca44f7bad4698210b480c8e9"},"headline":"Ind\u00e9pendance de la justice: Les inqui\u00e9tudes de la soci\u00e9t\u00e9 civile","datePublished":"2017-11-07T07:13:10+00:00","mainEntityOfPage":{"@id":"https:\/\/kapitalis.com\/tunisie\/2017\/11\/07\/independance-de-la-justice-les-inquietudes-de-la-societe-civile\/"},"wordCount":134,"commentCount":1,"publisher":{"@id":"https:\/\/kapitalis.com\/tunisie\/#organization"},"image":{"@id":"https:\/\/kapitalis.com\/tunisie\/2017\/11\/07\/independance-de-la-justice-les-inquietudes-de-la-societe-civile\/#primaryimage"},"thumbnailUrl":"http:\/\/kapitalis.com\/tunisie\/wp-content\/uploads\/2016\/06\/Palais-de-Justice-tunisie.jpg","keywords":["conseil sup\u00e9rieur de la magistrature","CSM"],"articleSection":["POLITIQUE","Tunisie"],"inLanguage":"fr-FR","potentialAction":[{"@type":"CommentAction","name":"Comment","target":["https:\/\/kapitalis.com\/tunisie\/2017\/11\/07\/independance-de-la-justice-les-inquietudes-de-la-societe-civile\/#respond"]}]},{"@type":"WebPage","@id":"https:\/\/kapitalis.com\/tunisie\/2017\/11\/07\/independance-de-la-justice-les-inquietudes-de-la-societe-civile\/","url":"https:\/\/kapitalis.com\/tunisie\/2017\/11\/07\/independance-de-la-justice-les-inquietudes-de-la-societe-civile\/","name":"Ind\u00e9pendance de la justice: Les inqui\u00e9tudes de la soci\u00e9t\u00e9 civile - Kapitalis","isPartOf":{"@id":"https:\/\/kapitalis.com\/tunisie\/#website"},"primaryImageOfPage":{"@id":"https:\/\/kapitalis.com\/tunisie\/2017\/11\/07\/independance-de-la-justice-les-inquietudes-de-la-societe-civile\/#primaryimage"},"image":{"@id":"https:\/\/kapitalis.com\/tunisie\/2017\/11\/07\/independance-de-la-justice-les-inquietudes-de-la-societe-civile\/#primaryimage"},"thumbnailUrl":"http:\/\/kapitalis.com\/tunisie\/wp-content\/uploads\/2016\/06\/Palais-de-Justice-tunisie.jpg","datePublished":"2017-11-07T07:13:10+00:00","breadcrumb":{"@id":"https:\/\/kapitalis.com\/tunisie\/2017\/11\/07\/independance-de-la-justice-les-inquietudes-de-la-societe-civile\/#breadcrumb"},"inLanguage":"fr-FR","potentialAction":[{"@type":"ReadAction","target":["https:\/\/kapitalis.com\/tunisie\/2017\/11\/07\/independance-de-la-justice-les-inquietudes-de-la-societe-civile\/"]}]},{"@type":"ImageObject","inLanguage":"fr-FR","@id":"https:\/\/kapitalis.com\/tunisie\/2017\/11\/07\/independance-de-la-justice-les-inquietudes-de-la-societe-civile\/#primaryimage","url":"http:\/\/kapitalis.com\/tunisie\/wp-content\/uploads\/2016\/06\/Palais-de-Justice-tunisie.jpg","contentUrl":"http:\/\/kapitalis.com\/tunisie\/wp-content\/uploads\/2016\/06\/Palais-de-Justice-tunisie.jpg"},{"@type":"BreadcrumbList","@id":"https:\/\/kapitalis.com\/tunisie\/2017\/11\/07\/independance-de-la-justice-les-inquietudes-de-la-societe-civile\/#breadcrumb","itemListElement":[{"@type":"ListItem","position":1,"name":"Accueil","item":"https:\/\/kapitalis.com\/tunisie\/"},{"@type":"ListItem","position":2,"name":"Ind\u00e9pendance de la justice: Les inqui\u00e9tudes de la soci\u00e9t\u00e9 civile"}]},{"@type":"WebSite","@id":"https:\/\/kapitalis.com\/tunisie\/#website","url":"https:\/\/kapitalis.com\/tunisie\/","name":"Kapitalis","description":"L&#039;actualit\u00e9 en Tunisie et dans le monde","publisher":{"@id":"https:\/\/kapitalis.com\/tunisie\/#organization"},"potentialAction":[{"@type":"SearchAction","target":{"@type":"EntryPoint","urlTemplate":"https:\/\/kapitalis.com\/tunisie\/?s={search_term_string}"},"query-input":{"@type":"PropertyValueSpecification","valueRequired":true,"valueName":"search_term_string"}}],"inLanguage":"fr-FR"},{"@type":"Organization","@id":"https:\/\/kapitalis.com\/tunisie\/#organization","name":"Kapitalis","url":"https:\/\/kapitalis.com\/tunisie\/","logo":{"@type":"ImageObject","inLanguage":"fr-FR","@id":"https:\/\/kapitalis.com\/tunisie\/#\/schema\/logo\/image\/","url":"https:\/\/kapitalis.com\/tunisie\/wp-content\/uploads\/2022\/05\/Kapitalis-big-size.png","contentUrl":"https:\/\/kapitalis.com\/tunisie\/wp-content\/uploads\/2022\/05\/Kapitalis-big-size.png","width":5000,"height":1500,"caption":"Kapitalis"},"image":{"@id":"https:\/\/kapitalis.com\/tunisie\/#\/schema\/logo\/image\/"},"sameAs":["https:\/\/www.facebook.com\/KapitalisInfo\/","https:\/\/x.com\/KapitalisInfo","https:\/\/www.youtube.com\/channel\/UC-yDYrHyfFBWWZaOw3FPg9Q"]},{"@type":"Person","@id":"https:\/\/kapitalis.com\/tunisie\/#\/schema\/person\/d71f33a9ca44f7bad4698210b480c8e9","name":"webmaster kapitalis","url":"https:\/\/kapitalis.com\/tunisie\/author\/webmaster-kapitalis\/"}]}},"_links":{"self":[{"href":"https:\/\/kapitalis.com\/tunisie\/wp-json\/wp\/v2\/posts\/122289","targetHints":{"allow":["GET"]}}],"collection":[{"href":"https:\/\/kapitalis.com\/tunisie\/wp-json\/wp\/v2\/posts"}],"about":[{"href":"https:\/\/kapitalis.com\/tunisie\/wp-json\/wp\/v2\/types\/post"}],"author":[{"embeddable":true,"href":"https:\/\/kapitalis.com\/tunisie\/wp-json\/wp\/v2\/users\/8"}],"replies":[{"embeddable":true,"href":"https:\/\/kapitalis.com\/tunisie\/wp-json\/wp\/v2\/comments?post=122289"}],"version-history":[{"count":0,"href":"https:\/\/kapitalis.com\/tunisie\/wp-json\/wp\/v2\/posts\/122289\/revisions"}],"wp:attachment":[{"href":"https:\/\/kapitalis.com\/tunisie\/wp-json\/wp\/v2\/media?parent=122289"}],"wp:term":[{"taxonomy":"category","embeddable":true,"href":"https:\/\/kapitalis.com\/tunisie\/wp-json\/wp\/v2\/categories?post=122289"},{"taxonomy":"post_tag","embeddable":true,"href":"https:\/\/kapitalis.com\/tunisie\/wp-json\/wp\/v2\/tags?post=122289"}],"curies":[{"name":"wp","href":"https:\/\/api.w.org\/{rel}","templated":true}]}}