{"id":122360,"date":"2017-11-07T13:28:47","date_gmt":"2017-11-07T12:28:47","guid":{"rendered":"http:\/\/kapitalis.com\/tunisie\/?p=122360"},"modified":"2017-11-07T13:28:47","modified_gmt":"2017-11-07T12:28:47","slug":"impulser-les-exportations-tunisiennes-vers-le-qatar","status":"publish","type":"post","link":"https:\/\/kapitalis.com\/tunisie\/2017\/11\/07\/impulser-les-exportations-tunisiennes-vers-le-qatar\/","title":{"rendered":"Impulser les exportations tunisiennes vers le Qatar"},"content":{"rendered":"<p style=\"text-align: center;\"><img loading=\"lazy\" decoding=\"async\" class=\"alignnone size-full wp-image-122362\" src=\"http:\/\/kapitalis.com\/tunisie\/wp-content\/uploads\/2017\/11\/Tunisie-Qatar.jpg\" alt=\"\" width=\"626\" height=\"380\" \/><\/p>\n<p><em><strong>La Conect appelle \u00e0 mettre fin aux probl\u00e8mes logistiques pour booster les exportations tunisiennes vers le Qatar.<\/strong> <\/em><\/p>\n<p><!--more--><\/p>\n<p>Dans un communiqu\u00e9 publi\u00e9 hier, lundi 6 novembre 2017, la Conf\u00e9d\u00e9ration tunisienne des entreprises citoyennes de Tunisie (Conect International) rappelle que la r\u00e9sorption de l\u2019insoutenable d\u00e9ficit commercial par la relance des exportations tunisiennes reste une imp\u00e9rieuse n\u00e9cessit\u00e9 pour la Tunisie.<\/p>\n<p>L\u2019organisation patronale estime qu\u2019une nouvelle occasion se pr\u00e9sente en ce sens et elle doit \u00eatre saisie, \u00e0 savoir l\u2019int\u00e9r\u00eat du Qatar pour les exportations tunisiennes.<\/p>\n<p><em>\u00abR\u00e9cemment, les autorit\u00e9s qataris ont d\u00e9cid\u00e9 l\u2019annulation de l\u2019obligation d\u2019autorisation pr\u00e9alable du D\u00e9partement de la gestion des animaux au minist\u00e8re de la Municipalit\u00e9 et de l&rsquo;Environnement pour l\u2019importation de Tunisie de tous les types de viande de bovins et de viande de volaille et d\u2019\u0153ufs non trait\u00e9s \u00e0 la chaleur\u00bb<\/em>, indique la Conect International.<\/p>\n<p>Se pr\u00e9sentant comme une <em>\u00abforce de proposition dynamique, influente et proactive\u00bb<\/em>, l\u2019organisation rappelle qu\u2019il y a <em>\u00abdivers obstacles qui freinent l\u2019optimisation des exportations tunisiennes vers cette destination importante\u00bb<\/em>, citant \u00e0 ce propos des <em>\u00abprobl\u00e8mes logistiques et de transport en termes de co\u00fbt et de temps.\u00bb<\/em><\/p>\n<p>La Conect International interpelle les autorit\u00e9s de tutelle et les parties prenantes sur <em>\u00abl\u2019urgence de prendre des mesures pratiques pour saisir cette occasion que pr\u00e9sente le Qatar aux exportateurs tunisiens et pour le d\u00e9veloppement des exportations tunisiennes vers destination.\u00bb<\/em><\/p>\n<p><em>\u00abIl faudrait pour cela des moyens et une vraie vision, des choix clairs et pr\u00e9cis avec un meilleur positionnement strat\u00e9gique de nos entreprises sur les march\u00e9s internationaux et affirmer notre avantage comparatif dans plusieurs secteurs\u00bb<\/em>, souligne la Conect International, qui appelle \u00e0<em> \u00aborienter les efforts vers la logistique notamment la programmation des nouvelles connexions et liaisons a\u00e9riennes entre les deux pays \u00e0 travers le renforcement de la desserte de Doha et des autres pays du Golfe.\u00bb<\/em><\/p>\n<p style=\"text-align: right;\"><strong>I. B. <\/strong><\/p>\n","protected":false},"excerpt":{"rendered":"<p>La Conect appelle \u00e0 mettre fin aux probl\u00e8mes logistiques pour booster les exportations tunisiennes vers le Qatar.<\/p>\n","protected":false},"author":8,"featured_media":122362,"comment_status":"open","ping_status":"open","sticky":false,"template":"","format":"standard","meta":{"footnotes":""},"categories":[995,2433],"tags":[9292,365,7099,756],"class_list":["post-122360","post","type-post","status-publish","format-standard","has-post-thumbnail","hentry","category-economie","category-tunisie","tag-conect-international","tag-exportations","tag-logistique","tag-qatar"],"yoast_head":"<!-- This site is optimized with the Yoast SEO plugin v26.6 - https:\/\/yoast.com\/wordpress\/plugins\/seo\/ -->\n<title>Impulser les exportations tunisiennes vers le Qatar - Kapitalis<\/title>\n<meta name=\"robots\" content=\"index, follow, max-snippet:-1, max-image-preview:large, max-video-preview:-1\" \/>\n<link rel=\"canonical\" href=\"https:\/\/kapitalis.com\/tunisie\/2017\/11\/07\/impulser-les-exportations-tunisiennes-vers-le-qatar\/\" \/>\n<meta property=\"og:locale\" content=\"fr_FR\" \/>\n<meta property=\"og:type\" content=\"article\" \/>\n<meta property=\"og:title\" content=\"Impulser les exportations tunisiennes vers le Qatar - Kapitalis\" \/>\n<meta property=\"og:description\" content=\"La Conect appelle \u00e0 mettre fin aux probl\u00e8mes logistiques pour booster les exportations tunisiennes vers le Qatar.\" \/>\n<meta property=\"og:url\" content=\"https:\/\/kapitalis.com\/tunisie\/2017\/11\/07\/impulser-les-exportations-tunisiennes-vers-le-qatar\/\" \/>\n<meta property=\"og:site_name\" content=\"Kapitalis\" \/>\n<meta property=\"article:publisher\" content=\"https:\/\/www.facebook.com\/KapitalisInfo\/\" \/>\n<meta property=\"article:published_time\" content=\"2017-11-07T12:28:47+00:00\" \/>\n<meta property=\"og:image\" content=\"https:\/\/kapitalis.com\/tunisie\/wp-content\/uploads\/2022\/05\/kapitalis-logo-fb.png\" \/>\n\t<meta property=\"og:image:width\" content=\"1200\" \/>\n\t<meta property=\"og:image:height\" content=\"630\" \/>\n\t<meta property=\"og:image:type\" content=\"image\/png\" \/>\n<meta name=\"author\" content=\"webmaster kapitalis\" \/>\n<meta name=\"twitter:card\" content=\"summary_large_image\" \/>\n<meta name=\"twitter:creator\" content=\"@KapitalisInfo\" \/>\n<meta name=\"twitter:site\" content=\"@KapitalisInfo\" \/>\n<meta name=\"twitter:label1\" content=\"\u00c9crit par\" \/>\n\t<meta name=\"twitter:data1\" content=\"webmaster kapitalis\" \/>\n\t<meta name=\"twitter:label2\" content=\"Dur\u00e9e de lecture estim\u00e9e\" \/>\n\t<meta name=\"twitter:data2\" content=\"2 minutes\" \/>\n<script type=\"application\/ld+json\" class=\"yoast-schema-graph\">{\"@context\":\"https:\/\/schema.org\",\"@graph\":[{\"@type\":\"Article\",\"@id\":\"https:\/\/kapitalis.com\/tunisie\/2017\/11\/07\/impulser-les-exportations-tunisiennes-vers-le-qatar\/#article\",\"isPartOf\":{\"@id\":\"https:\/\/kapitalis.com\/tunisie\/2017\/11\/07\/impulser-les-exportations-tunisiennes-vers-le-qatar\/\"},\"author\":{\"name\":\"webmaster kapitalis\",\"@id\":\"https:\/\/kapitalis.com\/tunisie\/#\/schema\/person\/d71f33a9ca44f7bad4698210b480c8e9\"},\"headline\":\"Impulser les exportations tunisiennes vers le Qatar\",\"datePublished\":\"2017-11-07T12:28:47+00:00\",\"mainEntityOfPage\":{\"@id\":\"https:\/\/kapitalis.com\/tunisie\/2017\/11\/07\/impulser-les-exportations-tunisiennes-vers-le-qatar\/\"},\"wordCount\":337,\"commentCount\":0,\"publisher\":{\"@id\":\"https:\/\/kapitalis.com\/tunisie\/#organization\"},\"image\":{\"@id\":\"https:\/\/kapitalis.com\/tunisie\/2017\/11\/07\/impulser-les-exportations-tunisiennes-vers-le-qatar\/#primaryimage\"},\"thumbnailUrl\":\"\",\"keywords\":[\"Conect International\",\"exportations\",\"logistique\",\"Qatar\"],\"articleSection\":[\"ECONOMIE\",\"Tunisie\"],\"inLanguage\":\"fr-FR\",\"potentialAction\":[{\"@type\":\"CommentAction\",\"name\":\"Comment\",\"target\":[\"https:\/\/kapitalis.com\/tunisie\/2017\/11\/07\/impulser-les-exportations-tunisiennes-vers-le-qatar\/#respond\"]}]},{\"@type\":\"WebPage\",\"@id\":\"https:\/\/kapitalis.com\/tunisie\/2017\/11\/07\/impulser-les-exportations-tunisiennes-vers-le-qatar\/\",\"url\":\"https:\/\/kapitalis.com\/tunisie\/2017\/11\/07\/impulser-les-exportations-tunisiennes-vers-le-qatar\/\",\"name\":\"Impulser les exportations tunisiennes vers le Qatar - Kapitalis\",\"isPartOf\":{\"@id\":\"https:\/\/kapitalis.com\/tunisie\/#website\"},\"primaryImageOfPage\":{\"@id\":\"https:\/\/kapitalis.com\/tunisie\/2017\/11\/07\/impulser-les-exportations-tunisiennes-vers-le-qatar\/#primaryimage\"},\"image\":{\"@id\":\"https:\/\/kapitalis.com\/tunisie\/2017\/11\/07\/impulser-les-exportations-tunisiennes-vers-le-qatar\/#primaryimage\"},\"thumbnailUrl\":\"\",\"datePublished\":\"2017-11-07T12:28:47+00:00\",\"breadcrumb\":{\"@id\":\"https:\/\/kapitalis.com\/tunisie\/2017\/11\/07\/impulser-les-exportations-tunisiennes-vers-le-qatar\/#breadcrumb\"},\"inLanguage\":\"fr-FR\",\"potentialAction\":[{\"@type\":\"ReadAction\",\"target\":[\"https:\/\/kapitalis.com\/tunisie\/2017\/11\/07\/impulser-les-exportations-tunisiennes-vers-le-qatar\/\"]}]},{\"@type\":\"ImageObject\",\"inLanguage\":\"fr-FR\",\"@id\":\"https:\/\/kapitalis.com\/tunisie\/2017\/11\/07\/impulser-les-exportations-tunisiennes-vers-le-qatar\/#primaryimage\",\"url\":\"\",\"contentUrl\":\"\"},{\"@type\":\"BreadcrumbList\",\"@id\":\"https:\/\/kapitalis.com\/tunisie\/2017\/11\/07\/impulser-les-exportations-tunisiennes-vers-le-qatar\/#breadcrumb\",\"itemListElement\":[{\"@type\":\"ListItem\",\"position\":1,\"name\":\"Accueil\",\"item\":\"https:\/\/kapitalis.com\/tunisie\/\"},{\"@type\":\"ListItem\",\"position\":2,\"name\":\"Impulser les exportations tunisiennes vers le Qatar\"}]},{\"@type\":\"WebSite\",\"@id\":\"https:\/\/kapitalis.com\/tunisie\/#website\",\"url\":\"https:\/\/kapitalis.com\/tunisie\/\",\"name\":\"Kapitalis\",\"description\":\"L&#039;actualit\u00e9 en Tunisie et dans le monde\",\"publisher\":{\"@id\":\"https:\/\/kapitalis.com\/tunisie\/#organization\"},\"potentialAction\":[{\"@type\":\"SearchAction\",\"target\":{\"@type\":\"EntryPoint\",\"urlTemplate\":\"https:\/\/kapitalis.com\/tunisie\/?s={search_term_string}\"},\"query-input\":{\"@type\":\"PropertyValueSpecification\",\"valueRequired\":true,\"valueName\":\"search_term_string\"}}],\"inLanguage\":\"fr-FR\"},{\"@type\":\"Organization\",\"@id\":\"https:\/\/kapitalis.com\/tunisie\/#organization\",\"name\":\"Kapitalis\",\"url\":\"https:\/\/kapitalis.com\/tunisie\/\",\"logo\":{\"@type\":\"ImageObject\",\"inLanguage\":\"fr-FR\",\"@id\":\"https:\/\/kapitalis.com\/tunisie\/#\/schema\/logo\/image\/\",\"url\":\"https:\/\/kapitalis.com\/tunisie\/wp-content\/uploads\/2022\/05\/Kapitalis-big-size.png\",\"contentUrl\":\"https:\/\/kapitalis.com\/tunisie\/wp-content\/uploads\/2022\/05\/Kapitalis-big-size.png\",\"width\":5000,\"height\":1500,\"caption\":\"Kapitalis\"},\"image\":{\"@id\":\"https:\/\/kapitalis.com\/tunisie\/#\/schema\/logo\/image\/\"},\"sameAs\":[\"https:\/\/www.facebook.com\/KapitalisInfo\/\",\"https:\/\/x.com\/KapitalisInfo\",\"https:\/\/www.youtube.com\/channel\/UC-yDYrHyfFBWWZaOw3FPg9Q\"]},{\"@type\":\"Person\",\"@id\":\"https:\/\/kapitalis.com\/tunisie\/#\/schema\/person\/d71f33a9ca44f7bad4698210b480c8e9\",\"name\":\"webmaster kapitalis\",\"url\":\"https:\/\/kapitalis.com\/tunisie\/author\/webmaster-kapitalis\/\"}]}<\/script>\n<!-- \/ Yoast SEO plugin. -->","yoast_head_json":{"title":"Impulser les exportations tunisiennes vers le Qatar - Kapitalis","robots":{"index":"index","follow":"follow","max-snippet":"max-snippet:-1","max-image-preview":"max-image-preview:large","max-video-preview":"max-video-preview:-1"},"canonical":"https:\/\/kapitalis.com\/tunisie\/2017\/11\/07\/impulser-les-exportations-tunisiennes-vers-le-qatar\/","og_locale":"fr_FR","og_type":"article","og_title":"Impulser les exportations tunisiennes vers le Qatar - Kapitalis","og_description":"La Conect appelle \u00e0 mettre fin aux probl\u00e8mes logistiques pour booster les exportations tunisiennes vers le Qatar.","og_url":"https:\/\/kapitalis.com\/tunisie\/2017\/11\/07\/impulser-les-exportations-tunisiennes-vers-le-qatar\/","og_site_name":"Kapitalis","article_publisher":"https:\/\/www.facebook.com\/KapitalisInfo\/","article_published_time":"2017-11-07T12:28:47+00:00","og_image":[{"width":1200,"height":630,"url":"https:\/\/kapitalis.com\/tunisie\/wp-content\/uploads\/2022\/05\/kapitalis-logo-fb.png","type":"image\/png"}],"author":"webmaster kapitalis","twitter_card":"summary_large_image","twitter_creator":"@KapitalisInfo","twitter_site":"@KapitalisInfo","twitter_misc":{"\u00c9crit par":"webmaster kapitalis","Dur\u00e9e de lecture estim\u00e9e":"2 minutes"},"schema":{"@context":"https:\/\/schema.org","@graph":[{"@type":"Article","@id":"https:\/\/kapitalis.com\/tunisie\/2017\/11\/07\/impulser-les-exportations-tunisiennes-vers-le-qatar\/#article","isPartOf":{"@id":"https:\/\/kapitalis.com\/tunisie\/2017\/11\/07\/impulser-les-exportations-tunisiennes-vers-le-qatar\/"},"author":{"name":"webmaster kapitalis","@id":"https:\/\/kapitalis.com\/tunisie\/#\/schema\/person\/d71f33a9ca44f7bad4698210b480c8e9"},"headline":"Impulser les exportations tunisiennes vers le Qatar","datePublished":"2017-11-07T12:28:47+00:00","mainEntityOfPage":{"@id":"https:\/\/kapitalis.com\/tunisie\/2017\/11\/07\/impulser-les-exportations-tunisiennes-vers-le-qatar\/"},"wordCount":337,"commentCount":0,"publisher":{"@id":"https:\/\/kapitalis.com\/tunisie\/#organization"},"image":{"@id":"https:\/\/kapitalis.com\/tunisie\/2017\/11\/07\/impulser-les-exportations-tunisiennes-vers-le-qatar\/#primaryimage"},"thumbnailUrl":"","keywords":["Conect International","exportations","logistique","Qatar"],"articleSection":["ECONOMIE","Tunisie"],"inLanguage":"fr-FR","potentialAction":[{"@type":"CommentAction","name":"Comment","target":["https:\/\/kapitalis.com\/tunisie\/2017\/11\/07\/impulser-les-exportations-tunisiennes-vers-le-qatar\/#respond"]}]},{"@type":"WebPage","@id":"https:\/\/kapitalis.com\/tunisie\/2017\/11\/07\/impulser-les-exportations-tunisiennes-vers-le-qatar\/","url":"https:\/\/kapitalis.com\/tunisie\/2017\/11\/07\/impulser-les-exportations-tunisiennes-vers-le-qatar\/","name":"Impulser les exportations tunisiennes vers le Qatar - Kapitalis","isPartOf":{"@id":"https:\/\/kapitalis.com\/tunisie\/#website"},"primaryImageOfPage":{"@id":"https:\/\/kapitalis.com\/tunisie\/2017\/11\/07\/impulser-les-exportations-tunisiennes-vers-le-qatar\/#primaryimage"},"image":{"@id":"https:\/\/kapitalis.com\/tunisie\/2017\/11\/07\/impulser-les-exportations-tunisiennes-vers-le-qatar\/#primaryimage"},"thumbnailUrl":"","datePublished":"2017-11-07T12:28:47+00:00","breadcrumb":{"@id":"https:\/\/kapitalis.com\/tunisie\/2017\/11\/07\/impulser-les-exportations-tunisiennes-vers-le-qatar\/#breadcrumb"},"inLanguage":"fr-FR","potentialAction":[{"@type":"ReadAction","target":["https:\/\/kapitalis.com\/tunisie\/2017\/11\/07\/impulser-les-exportations-tunisiennes-vers-le-qatar\/"]}]},{"@type":"ImageObject","inLanguage":"fr-FR","@id":"https:\/\/kapitalis.com\/tunisie\/2017\/11\/07\/impulser-les-exportations-tunisiennes-vers-le-qatar\/#primaryimage","url":"","contentUrl":""},{"@type":"BreadcrumbList","@id":"https:\/\/kapitalis.com\/tunisie\/2017\/11\/07\/impulser-les-exportations-tunisiennes-vers-le-qatar\/#breadcrumb","itemListElement":[{"@type":"ListItem","position":1,"name":"Accueil","item":"https:\/\/kapitalis.com\/tunisie\/"},{"@type":"ListItem","position":2,"name":"Impulser les exportations tunisiennes vers le Qatar"}]},{"@type":"WebSite","@id":"https:\/\/kapitalis.com\/tunisie\/#website","url":"https:\/\/kapitalis.com\/tunisie\/","name":"Kapitalis","description":"L&#039;actualit\u00e9 en Tunisie et dans le monde","publisher":{"@id":"https:\/\/kapitalis.com\/tunisie\/#organization"},"potentialAction":[{"@type":"SearchAction","target":{"@type":"EntryPoint","urlTemplate":"https:\/\/kapitalis.com\/tunisie\/?s={search_term_string}"},"query-input":{"@type":"PropertyValueSpecification","valueRequired":true,"valueName":"search_term_string"}}],"inLanguage":"fr-FR"},{"@type":"Organization","@id":"https:\/\/kapitalis.com\/tunisie\/#organization","name":"Kapitalis","url":"https:\/\/kapitalis.com\/tunisie\/","logo":{"@type":"ImageObject","inLanguage":"fr-FR","@id":"https:\/\/kapitalis.com\/tunisie\/#\/schema\/logo\/image\/","url":"https:\/\/kapitalis.com\/tunisie\/wp-content\/uploads\/2022\/05\/Kapitalis-big-size.png","contentUrl":"https:\/\/kapitalis.com\/tunisie\/wp-content\/uploads\/2022\/05\/Kapitalis-big-size.png","width":5000,"height":1500,"caption":"Kapitalis"},"image":{"@id":"https:\/\/kapitalis.com\/tunisie\/#\/schema\/logo\/image\/"},"sameAs":["https:\/\/www.facebook.com\/KapitalisInfo\/","https:\/\/x.com\/KapitalisInfo","https:\/\/www.youtube.com\/channel\/UC-yDYrHyfFBWWZaOw3FPg9Q"]},{"@type":"Person","@id":"https:\/\/kapitalis.com\/tunisie\/#\/schema\/person\/d71f33a9ca44f7bad4698210b480c8e9","name":"webmaster kapitalis","url":"https:\/\/kapitalis.com\/tunisie\/author\/webmaster-kapitalis\/"}]}},"_links":{"self":[{"href":"https:\/\/kapitalis.com\/tunisie\/wp-json\/wp\/v2\/posts\/122360","targetHints":{"allow":["GET"]}}],"collection":[{"href":"https:\/\/kapitalis.com\/tunisie\/wp-json\/wp\/v2\/posts"}],"about":[{"href":"https:\/\/kapitalis.com\/tunisie\/wp-json\/wp\/v2\/types\/post"}],"author":[{"embeddable":true,"href":"https:\/\/kapitalis.com\/tunisie\/wp-json\/wp\/v2\/users\/8"}],"replies":[{"embeddable":true,"href":"https:\/\/kapitalis.com\/tunisie\/wp-json\/wp\/v2\/comments?post=122360"}],"version-history":[{"count":0,"href":"https:\/\/kapitalis.com\/tunisie\/wp-json\/wp\/v2\/posts\/122360\/revisions"}],"wp:featuredmedia":[{"embeddable":true,"href":"https:\/\/kapitalis.com\/tunisie\/wp-json\/wp\/v2\/media\/122362"}],"wp:attachment":[{"href":"https:\/\/kapitalis.com\/tunisie\/wp-json\/wp\/v2\/media?parent=122360"}],"wp:term":[{"taxonomy":"category","embeddable":true,"href":"https:\/\/kapitalis.com\/tunisie\/wp-json\/wp\/v2\/categories?post=122360"},{"taxonomy":"post_tag","embeddable":true,"href":"https:\/\/kapitalis.com\/tunisie\/wp-json\/wp\/v2\/tags?post=122360"}],"curies":[{"name":"wp","href":"https:\/\/api.w.org\/{rel}","templated":true}]}}