{"id":122389,"date":"2017-11-07T16:20:24","date_gmt":"2017-11-07T15:20:24","guid":{"rendered":"http:\/\/kapitalis.com\/tunisie\/?p=122389"},"modified":"2017-11-07T16:20:24","modified_gmt":"2017-11-07T15:20:24","slug":"affaire-jarraya-hedi-majdoub-entendu-par-le-tribunal-militaire","status":"publish","type":"post","link":"https:\/\/kapitalis.com\/tunisie\/2017\/11\/07\/affaire-jarraya-hedi-majdoub-entendu-par-le-tribunal-militaire\/","title":{"rendered":"Affaire Jarraya : Hedi Majdoub entendu par le tribunal militaire"},"content":{"rendered":"<p style=\"text-align: center;\"><img loading=\"lazy\" decoding=\"async\" class=\"alignnone size-full wp-image-122392\" src=\"http:\/\/kapitalis.com\/tunisie\/wp-content\/uploads\/2017\/11\/Majdoub.jpg\" alt=\"\" width=\"626\" height=\"380\" \/><\/p>\n<p><em><strong>L\u2019ex-ministre de l\u2019Int\u00e9rieur, Hedi Majdoub, a \u00e9t\u00e9 entendu par le procureur aupr\u00e8s du tribunal militaire de Tunis dans l&rsquo;affaire de Chafik Jarraya.<\/strong><\/em><!--more--><\/p>\n<p>Me Faycal Jadlaoui, avocat de l&rsquo;homme d&rsquo;affaires Chafik Jarraya, a indiqu\u00e9, mardi 7 novembre 2017, \u00e0 Kapitalis, que l\u2019ex-ministre (janvier 2016-septembre 2017) a \u00e9t\u00e9 entendu, lui aussi, dans l&rsquo;affaire de son client, en tant que t\u00e9moin.<\/p>\n<p>Notons que Chafik Jarraya, qui est poursuivi par le m\u00eame tribunal militaire pour trahison, atteinte \u00e0 la s\u00fbret\u00e9 publique et intelligence avec une arm\u00e9e \u00e9trang\u00e8re, est aussi accus\u00e9 d\u2019avoir soudoy\u00e9 des hauts fonctionnaires du minist\u00e8re de l\u2019Int\u00e9rieur.<\/p>\n<p>Parmi ces derniers, deux sont en d\u00e9tention : Saber La\u00e2jili, directeur g\u00e9n\u00e9ral de la s\u00fbret\u00e9 touristique et ancien chef de la brigade antiterroriste d\u2019El-Gorjani, et Imed Achour, ancien directeur g\u00e9n\u00e9ral des services sp\u00e9ciaux. Ils \u00e9taient sous les ordres\u00a0de Najem Gharsalli, l&rsquo;ancien ministre de l\u2019Int\u00e9rieur, qui a \u00e9t\u00e9\u00a0entendu, le m\u00eame jour que Hedi Majdoub, par le m\u00eame tribunal qui a d\u00e9cid\u00e9 de le maintenir en libert\u00e9.<\/p>\n<p style=\"text-align: right;\"><strong>Y. N.<\/strong><\/p>\n<blockquote class=\"wp-embedded-content\" data-secret=\"wKdkRdpOSJ\"><p><a href=\"https:\/\/kapitalis.com\/tunisie\/2017\/11\/03\/najem-gharsalli-demis-de-son-poste-dambassadeur-au-maroc\/\">Najem Gharsalli d\u00e9mis de son poste d\u2019ambassadeur au Maroc<\/a><\/p><\/blockquote>\n<p><iframe loading=\"lazy\" class=\"wp-embedded-content\" sandbox=\"allow-scripts\" security=\"restricted\" style=\"position: absolute; clip: rect(1px, 1px, 1px, 1px);\" title=\"\u00ab\u00a0Najem Gharsalli d\u00e9mis de son poste d\u2019ambassadeur au Maroc\u00a0\u00bb &#8212; Kapitalis\" src=\"https:\/\/kapitalis.com\/tunisie\/2017\/11\/03\/najem-gharsalli-demis-de-son-poste-dambassadeur-au-maroc\/embed\/#?secret=4uTqPLxVtL#?secret=wKdkRdpOSJ\" data-secret=\"wKdkRdpOSJ\" width=\"600\" height=\"338\" frameborder=\"0\" marginwidth=\"0\" marginheight=\"0\" scrolling=\"no\"><\/iframe><\/p>\n","protected":false},"excerpt":{"rendered":"<p>L\u2019ex-ministre de l\u2019Int\u00e9rieur, Hedi Majdoub, a \u00e9t\u00e9 entendu par le procureur aupr\u00e8s du tribunal militaire de Tunis dans l&rsquo;affaire de Chafik Jarraya.<\/p>\n","protected":false},"author":6,"featured_media":122392,"comment_status":"open","ping_status":"open","sticky":false,"template":"","format":"standard","meta":{"footnotes":""},"categories":[997,2433],"tags":[2594,5849,38532,612,5068,653,7794],"class_list":["post-122389","post","type-post","status-publish","format-standard","has-post-thumbnail","hentry","category-politique","category-tunisie","tag-chafik-jarraya","tag-hedi-majdoub","tag-imed-achour","tag-ministere","tag-ministre-interieur","tag-najem-gharsalli","tag-tribunal-militaire"],"yoast_head":"<!-- This site is optimized with the Yoast SEO plugin v26.6 - https:\/\/yoast.com\/wordpress\/plugins\/seo\/ -->\n<title>Affaire Jarraya : Hedi Majdoub entendu par le tribunal militaire - Kapitalis<\/title>\n<meta name=\"robots\" content=\"index, follow, max-snippet:-1, max-image-preview:large, max-video-preview:-1\" \/>\n<link rel=\"canonical\" href=\"https:\/\/kapitalis.com\/tunisie\/2017\/11\/07\/affaire-jarraya-hedi-majdoub-entendu-par-le-tribunal-militaire\/\" \/>\n<meta property=\"og:locale\" content=\"fr_FR\" \/>\n<meta property=\"og:type\" content=\"article\" \/>\n<meta property=\"og:title\" content=\"Affaire Jarraya : Hedi Majdoub entendu par le tribunal militaire - Kapitalis\" \/>\n<meta property=\"og:description\" content=\"L\u2019ex-ministre de l\u2019Int\u00e9rieur, Hedi Majdoub, a \u00e9t\u00e9 entendu par le procureur aupr\u00e8s du tribunal militaire de Tunis dans l&rsquo;affaire de Chafik Jarraya.\" \/>\n<meta property=\"og:url\" content=\"https:\/\/kapitalis.com\/tunisie\/2017\/11\/07\/affaire-jarraya-hedi-majdoub-entendu-par-le-tribunal-militaire\/\" \/>\n<meta property=\"og:site_name\" content=\"Kapitalis\" \/>\n<meta property=\"article:publisher\" content=\"https:\/\/www.facebook.com\/KapitalisInfo\/\" \/>\n<meta property=\"article:published_time\" content=\"2017-11-07T15:20:24+00:00\" \/>\n<meta property=\"og:image\" content=\"https:\/\/kapitalis.com\/tunisie\/wp-content\/uploads\/2022\/05\/kapitalis-logo-fb.png\" \/>\n\t<meta property=\"og:image:width\" content=\"1200\" \/>\n\t<meta property=\"og:image:height\" content=\"630\" \/>\n\t<meta property=\"og:image:type\" content=\"image\/png\" \/>\n<meta name=\"author\" content=\"Yusra NY\" \/>\n<meta name=\"twitter:card\" content=\"summary_large_image\" \/>\n<meta name=\"twitter:creator\" content=\"@KapitalisInfo\" \/>\n<meta name=\"twitter:site\" content=\"@KapitalisInfo\" \/>\n<meta name=\"twitter:label1\" content=\"\u00c9crit par\" \/>\n\t<meta name=\"twitter:data1\" content=\"Yusra NY\" \/>\n\t<meta name=\"twitter:label2\" content=\"Dur\u00e9e de lecture estim\u00e9e\" \/>\n\t<meta name=\"twitter:data2\" content=\"1 minute\" \/>\n<script type=\"application\/ld+json\" class=\"yoast-schema-graph\">{\"@context\":\"https:\/\/schema.org\",\"@graph\":[{\"@type\":\"Article\",\"@id\":\"https:\/\/kapitalis.com\/tunisie\/2017\/11\/07\/affaire-jarraya-hedi-majdoub-entendu-par-le-tribunal-militaire\/#article\",\"isPartOf\":{\"@id\":\"https:\/\/kapitalis.com\/tunisie\/2017\/11\/07\/affaire-jarraya-hedi-majdoub-entendu-par-le-tribunal-militaire\/\"},\"author\":{\"name\":\"Yusra NY\",\"@id\":\"https:\/\/kapitalis.com\/tunisie\/#\/schema\/person\/74bbde0154d49d790a92aaeac5bc01d5\"},\"headline\":\"Affaire Jarraya : Hedi Majdoub entendu par le tribunal militaire\",\"datePublished\":\"2017-11-07T15:20:24+00:00\",\"mainEntityOfPage\":{\"@id\":\"https:\/\/kapitalis.com\/tunisie\/2017\/11\/07\/affaire-jarraya-hedi-majdoub-entendu-par-le-tribunal-militaire\/\"},\"wordCount\":200,\"commentCount\":1,\"publisher\":{\"@id\":\"https:\/\/kapitalis.com\/tunisie\/#organization\"},\"image\":{\"@id\":\"https:\/\/kapitalis.com\/tunisie\/2017\/11\/07\/affaire-jarraya-hedi-majdoub-entendu-par-le-tribunal-militaire\/#primaryimage\"},\"thumbnailUrl\":\"\",\"keywords\":[\"Chafik Jarraya\",\"H\u00e9di Majdoub\",\"Imed Achour\",\"minist\u00e8re\",\"ministre Int\u00e9rieur\",\"Najem Gharsalli\",\"Tribunal militaire\"],\"articleSection\":[\"POLITIQUE\",\"Tunisie\"],\"inLanguage\":\"fr-FR\",\"potentialAction\":[{\"@type\":\"CommentAction\",\"name\":\"Comment\",\"target\":[\"https:\/\/kapitalis.com\/tunisie\/2017\/11\/07\/affaire-jarraya-hedi-majdoub-entendu-par-le-tribunal-militaire\/#respond\"]}]},{\"@type\":\"WebPage\",\"@id\":\"https:\/\/kapitalis.com\/tunisie\/2017\/11\/07\/affaire-jarraya-hedi-majdoub-entendu-par-le-tribunal-militaire\/\",\"url\":\"https:\/\/kapitalis.com\/tunisie\/2017\/11\/07\/affaire-jarraya-hedi-majdoub-entendu-par-le-tribunal-militaire\/\",\"name\":\"Affaire Jarraya : Hedi Majdoub entendu par le tribunal militaire - Kapitalis\",\"isPartOf\":{\"@id\":\"https:\/\/kapitalis.com\/tunisie\/#website\"},\"primaryImageOfPage\":{\"@id\":\"https:\/\/kapitalis.com\/tunisie\/2017\/11\/07\/affaire-jarraya-hedi-majdoub-entendu-par-le-tribunal-militaire\/#primaryimage\"},\"image\":{\"@id\":\"https:\/\/kapitalis.com\/tunisie\/2017\/11\/07\/affaire-jarraya-hedi-majdoub-entendu-par-le-tribunal-militaire\/#primaryimage\"},\"thumbnailUrl\":\"\",\"datePublished\":\"2017-11-07T15:20:24+00:00\",\"breadcrumb\":{\"@id\":\"https:\/\/kapitalis.com\/tunisie\/2017\/11\/07\/affaire-jarraya-hedi-majdoub-entendu-par-le-tribunal-militaire\/#breadcrumb\"},\"inLanguage\":\"fr-FR\",\"potentialAction\":[{\"@type\":\"ReadAction\",\"target\":[\"https:\/\/kapitalis.com\/tunisie\/2017\/11\/07\/affaire-jarraya-hedi-majdoub-entendu-par-le-tribunal-militaire\/\"]}]},{\"@type\":\"ImageObject\",\"inLanguage\":\"fr-FR\",\"@id\":\"https:\/\/kapitalis.com\/tunisie\/2017\/11\/07\/affaire-jarraya-hedi-majdoub-entendu-par-le-tribunal-militaire\/#primaryimage\",\"url\":\"\",\"contentUrl\":\"\"},{\"@type\":\"BreadcrumbList\",\"@id\":\"https:\/\/kapitalis.com\/tunisie\/2017\/11\/07\/affaire-jarraya-hedi-majdoub-entendu-par-le-tribunal-militaire\/#breadcrumb\",\"itemListElement\":[{\"@type\":\"ListItem\",\"position\":1,\"name\":\"Accueil\",\"item\":\"https:\/\/kapitalis.com\/tunisie\/\"},{\"@type\":\"ListItem\",\"position\":2,\"name\":\"Affaire Jarraya : Hedi Majdoub entendu par le tribunal militaire\"}]},{\"@type\":\"WebSite\",\"@id\":\"https:\/\/kapitalis.com\/tunisie\/#website\",\"url\":\"https:\/\/kapitalis.com\/tunisie\/\",\"name\":\"Kapitalis\",\"description\":\"L&#039;actualit\u00e9 en Tunisie et dans le monde\",\"publisher\":{\"@id\":\"https:\/\/kapitalis.com\/tunisie\/#organization\"},\"potentialAction\":[{\"@type\":\"SearchAction\",\"target\":{\"@type\":\"EntryPoint\",\"urlTemplate\":\"https:\/\/kapitalis.com\/tunisie\/?s={search_term_string}\"},\"query-input\":{\"@type\":\"PropertyValueSpecification\",\"valueRequired\":true,\"valueName\":\"search_term_string\"}}],\"inLanguage\":\"fr-FR\"},{\"@type\":\"Organization\",\"@id\":\"https:\/\/kapitalis.com\/tunisie\/#organization\",\"name\":\"Kapitalis\",\"url\":\"https:\/\/kapitalis.com\/tunisie\/\",\"logo\":{\"@type\":\"ImageObject\",\"inLanguage\":\"fr-FR\",\"@id\":\"https:\/\/kapitalis.com\/tunisie\/#\/schema\/logo\/image\/\",\"url\":\"https:\/\/kapitalis.com\/tunisie\/wp-content\/uploads\/2022\/05\/Kapitalis-big-size.png\",\"contentUrl\":\"https:\/\/kapitalis.com\/tunisie\/wp-content\/uploads\/2022\/05\/Kapitalis-big-size.png\",\"width\":5000,\"height\":1500,\"caption\":\"Kapitalis\"},\"image\":{\"@id\":\"https:\/\/kapitalis.com\/tunisie\/#\/schema\/logo\/image\/\"},\"sameAs\":[\"https:\/\/www.facebook.com\/KapitalisInfo\/\",\"https:\/\/x.com\/KapitalisInfo\",\"https:\/\/www.youtube.com\/channel\/UC-yDYrHyfFBWWZaOw3FPg9Q\"]},{\"@type\":\"Person\",\"@id\":\"https:\/\/kapitalis.com\/tunisie\/#\/schema\/person\/74bbde0154d49d790a92aaeac5bc01d5\",\"name\":\"Yusra NY\",\"url\":\"https:\/\/kapitalis.com\/tunisie\/author\/yuza_adam\/\"}]}<\/script>\n<!-- \/ Yoast SEO plugin. -->","yoast_head_json":{"title":"Affaire Jarraya : Hedi Majdoub entendu par le tribunal militaire - Kapitalis","robots":{"index":"index","follow":"follow","max-snippet":"max-snippet:-1","max-image-preview":"max-image-preview:large","max-video-preview":"max-video-preview:-1"},"canonical":"https:\/\/kapitalis.com\/tunisie\/2017\/11\/07\/affaire-jarraya-hedi-majdoub-entendu-par-le-tribunal-militaire\/","og_locale":"fr_FR","og_type":"article","og_title":"Affaire Jarraya : Hedi Majdoub entendu par le tribunal militaire - Kapitalis","og_description":"L\u2019ex-ministre de l\u2019Int\u00e9rieur, Hedi Majdoub, a \u00e9t\u00e9 entendu par le procureur aupr\u00e8s du tribunal militaire de Tunis dans l&rsquo;affaire de Chafik Jarraya.","og_url":"https:\/\/kapitalis.com\/tunisie\/2017\/11\/07\/affaire-jarraya-hedi-majdoub-entendu-par-le-tribunal-militaire\/","og_site_name":"Kapitalis","article_publisher":"https:\/\/www.facebook.com\/KapitalisInfo\/","article_published_time":"2017-11-07T15:20:24+00:00","og_image":[{"width":1200,"height":630,"url":"https:\/\/kapitalis.com\/tunisie\/wp-content\/uploads\/2022\/05\/kapitalis-logo-fb.png","type":"image\/png"}],"author":"Yusra NY","twitter_card":"summary_large_image","twitter_creator":"@KapitalisInfo","twitter_site":"@KapitalisInfo","twitter_misc":{"\u00c9crit par":"Yusra NY","Dur\u00e9e de lecture estim\u00e9e":"1 minute"},"schema":{"@context":"https:\/\/schema.org","@graph":[{"@type":"Article","@id":"https:\/\/kapitalis.com\/tunisie\/2017\/11\/07\/affaire-jarraya-hedi-majdoub-entendu-par-le-tribunal-militaire\/#article","isPartOf":{"@id":"https:\/\/kapitalis.com\/tunisie\/2017\/11\/07\/affaire-jarraya-hedi-majdoub-entendu-par-le-tribunal-militaire\/"},"author":{"name":"Yusra NY","@id":"https:\/\/kapitalis.com\/tunisie\/#\/schema\/person\/74bbde0154d49d790a92aaeac5bc01d5"},"headline":"Affaire Jarraya : Hedi Majdoub entendu par le tribunal militaire","datePublished":"2017-11-07T15:20:24+00:00","mainEntityOfPage":{"@id":"https:\/\/kapitalis.com\/tunisie\/2017\/11\/07\/affaire-jarraya-hedi-majdoub-entendu-par-le-tribunal-militaire\/"},"wordCount":200,"commentCount":1,"publisher":{"@id":"https:\/\/kapitalis.com\/tunisie\/#organization"},"image":{"@id":"https:\/\/kapitalis.com\/tunisie\/2017\/11\/07\/affaire-jarraya-hedi-majdoub-entendu-par-le-tribunal-militaire\/#primaryimage"},"thumbnailUrl":"","keywords":["Chafik Jarraya","H\u00e9di Majdoub","Imed Achour","minist\u00e8re","ministre Int\u00e9rieur","Najem Gharsalli","Tribunal militaire"],"articleSection":["POLITIQUE","Tunisie"],"inLanguage":"fr-FR","potentialAction":[{"@type":"CommentAction","name":"Comment","target":["https:\/\/kapitalis.com\/tunisie\/2017\/11\/07\/affaire-jarraya-hedi-majdoub-entendu-par-le-tribunal-militaire\/#respond"]}]},{"@type":"WebPage","@id":"https:\/\/kapitalis.com\/tunisie\/2017\/11\/07\/affaire-jarraya-hedi-majdoub-entendu-par-le-tribunal-militaire\/","url":"https:\/\/kapitalis.com\/tunisie\/2017\/11\/07\/affaire-jarraya-hedi-majdoub-entendu-par-le-tribunal-militaire\/","name":"Affaire Jarraya : Hedi Majdoub entendu par le tribunal militaire - Kapitalis","isPartOf":{"@id":"https:\/\/kapitalis.com\/tunisie\/#website"},"primaryImageOfPage":{"@id":"https:\/\/kapitalis.com\/tunisie\/2017\/11\/07\/affaire-jarraya-hedi-majdoub-entendu-par-le-tribunal-militaire\/#primaryimage"},"image":{"@id":"https:\/\/kapitalis.com\/tunisie\/2017\/11\/07\/affaire-jarraya-hedi-majdoub-entendu-par-le-tribunal-militaire\/#primaryimage"},"thumbnailUrl":"","datePublished":"2017-11-07T15:20:24+00:00","breadcrumb":{"@id":"https:\/\/kapitalis.com\/tunisie\/2017\/11\/07\/affaire-jarraya-hedi-majdoub-entendu-par-le-tribunal-militaire\/#breadcrumb"},"inLanguage":"fr-FR","potentialAction":[{"@type":"ReadAction","target":["https:\/\/kapitalis.com\/tunisie\/2017\/11\/07\/affaire-jarraya-hedi-majdoub-entendu-par-le-tribunal-militaire\/"]}]},{"@type":"ImageObject","inLanguage":"fr-FR","@id":"https:\/\/kapitalis.com\/tunisie\/2017\/11\/07\/affaire-jarraya-hedi-majdoub-entendu-par-le-tribunal-militaire\/#primaryimage","url":"","contentUrl":""},{"@type":"BreadcrumbList","@id":"https:\/\/kapitalis.com\/tunisie\/2017\/11\/07\/affaire-jarraya-hedi-majdoub-entendu-par-le-tribunal-militaire\/#breadcrumb","itemListElement":[{"@type":"ListItem","position":1,"name":"Accueil","item":"https:\/\/kapitalis.com\/tunisie\/"},{"@type":"ListItem","position":2,"name":"Affaire Jarraya : Hedi Majdoub entendu par le tribunal militaire"}]},{"@type":"WebSite","@id":"https:\/\/kapitalis.com\/tunisie\/#website","url":"https:\/\/kapitalis.com\/tunisie\/","name":"Kapitalis","description":"L&#039;actualit\u00e9 en Tunisie et dans le monde","publisher":{"@id":"https:\/\/kapitalis.com\/tunisie\/#organization"},"potentialAction":[{"@type":"SearchAction","target":{"@type":"EntryPoint","urlTemplate":"https:\/\/kapitalis.com\/tunisie\/?s={search_term_string}"},"query-input":{"@type":"PropertyValueSpecification","valueRequired":true,"valueName":"search_term_string"}}],"inLanguage":"fr-FR"},{"@type":"Organization","@id":"https:\/\/kapitalis.com\/tunisie\/#organization","name":"Kapitalis","url":"https:\/\/kapitalis.com\/tunisie\/","logo":{"@type":"ImageObject","inLanguage":"fr-FR","@id":"https:\/\/kapitalis.com\/tunisie\/#\/schema\/logo\/image\/","url":"https:\/\/kapitalis.com\/tunisie\/wp-content\/uploads\/2022\/05\/Kapitalis-big-size.png","contentUrl":"https:\/\/kapitalis.com\/tunisie\/wp-content\/uploads\/2022\/05\/Kapitalis-big-size.png","width":5000,"height":1500,"caption":"Kapitalis"},"image":{"@id":"https:\/\/kapitalis.com\/tunisie\/#\/schema\/logo\/image\/"},"sameAs":["https:\/\/www.facebook.com\/KapitalisInfo\/","https:\/\/x.com\/KapitalisInfo","https:\/\/www.youtube.com\/channel\/UC-yDYrHyfFBWWZaOw3FPg9Q"]},{"@type":"Person","@id":"https:\/\/kapitalis.com\/tunisie\/#\/schema\/person\/74bbde0154d49d790a92aaeac5bc01d5","name":"Yusra NY","url":"https:\/\/kapitalis.com\/tunisie\/author\/yuza_adam\/"}]}},"_links":{"self":[{"href":"https:\/\/kapitalis.com\/tunisie\/wp-json\/wp\/v2\/posts\/122389","targetHints":{"allow":["GET"]}}],"collection":[{"href":"https:\/\/kapitalis.com\/tunisie\/wp-json\/wp\/v2\/posts"}],"about":[{"href":"https:\/\/kapitalis.com\/tunisie\/wp-json\/wp\/v2\/types\/post"}],"author":[{"embeddable":true,"href":"https:\/\/kapitalis.com\/tunisie\/wp-json\/wp\/v2\/users\/6"}],"replies":[{"embeddable":true,"href":"https:\/\/kapitalis.com\/tunisie\/wp-json\/wp\/v2\/comments?post=122389"}],"version-history":[{"count":0,"href":"https:\/\/kapitalis.com\/tunisie\/wp-json\/wp\/v2\/posts\/122389\/revisions"}],"wp:featuredmedia":[{"embeddable":true,"href":"https:\/\/kapitalis.com\/tunisie\/wp-json\/wp\/v2\/media\/122392"}],"wp:attachment":[{"href":"https:\/\/kapitalis.com\/tunisie\/wp-json\/wp\/v2\/media?parent=122389"}],"wp:term":[{"taxonomy":"category","embeddable":true,"href":"https:\/\/kapitalis.com\/tunisie\/wp-json\/wp\/v2\/categories?post=122389"},{"taxonomy":"post_tag","embeddable":true,"href":"https:\/\/kapitalis.com\/tunisie\/wp-json\/wp\/v2\/tags?post=122389"}],"curies":[{"name":"wp","href":"https:\/\/api.w.org\/{rel}","templated":true}]}}