{"id":12244978,"date":"2024-03-29T00:52:32","date_gmt":"2024-03-28T23:52:32","guid":{"rendered":"https:\/\/kapitalis.com\/tunisie\/?p=12244978"},"modified":"2024-03-29T01:15:00","modified_gmt":"2024-03-29T00:15:00","slug":"layali-ramadan-2024-a-lift-nuit-du-conte-en-arabe-et-en-francais","status":"publish","type":"post","link":"https:\/\/kapitalis.com\/tunisie\/2024\/03\/29\/layali-ramadan-2024-a-lift-nuit-du-conte-en-arabe-et-en-francais\/","title":{"rendered":"Layali Ramadan 2024  \u00e0 l&rsquo;IFT : Nuit du conte  en arabe et en fran\u00e7ais"},"content":{"rendered":"\n<p><em><strong>Dans le cadre des soir\u00e9es \u00ab\u00a0Layali Ramadan 2024\u00a0\u00bb, l&rsquo;Institut fran\u00e7ais de Tunisie (IFT) organise une nuit de lecture de contes en arabe et en fran\u00e7ais, samedi 6 avril 2024.<\/strong><\/em><\/p>\n\n\n\n<!--more-->\n\n\n\n<p>Ons Ben Youssef, voix du livre audio Cinq histoires de tr\u00e9sors de Samir Marzouki et Aymen Mejri, com\u00e9dien, embarquent petits et grands dans les histoires haletantes de Abdelaziz El Aroui et d&rsquo;autres conteurs \u00e0 la recherche de tr\u00e9sors\u2026<\/p>\n\n\n\n<p>L&rsquo;Entr\u00e9e est libre dans limite des places disponibles \u00e0 cet \u00e9v\u00e8nement pr\u00e9vu samedi 6 avril \u00e0 21h30.<\/p>\n\n\n\n<p class=\"has-text-align-right\"><strong>Communiqu\u00e9 <\/strong><\/p>\n","protected":false},"excerpt":{"rendered":"<p>Dans le cadre des soir\u00e9es \u00ab\u00a0Layali Ramadan 2024\u00a0\u00bb, l&rsquo;Institut fran\u00e7ais de Tunisie (IFT) organise une nuit de lecture de contes en arabe et en fran\u00e7ais, samedi 6 avril 2024.<\/p>\n","protected":false},"author":6,"featured_media":12245121,"comment_status":"open","ping_status":"open","sticky":false,"template":"","format":"standard","meta":{"footnotes":""},"categories":[994,2433],"tags":[103294,114694,114693,62643],"class_list":["post-12244978","post","type-post","status-publish","format-standard","has-post-thumbnail","hentry","category-culture","category-tunisie","tag-abdelaziz-el-aroui","tag-conte","tag-nuit-du-conte","tag-tunisie"],"yoast_head":"<!-- This site is optimized with the Yoast SEO plugin v26.6 - https:\/\/yoast.com\/wordpress\/plugins\/seo\/ -->\n<title>Layali Ramadan 2024 \u00e0 l&#039;IFT : Nuit du conte en arabe et en fran\u00e7ais - Kapitalis<\/title>\n<meta name=\"robots\" content=\"index, follow, max-snippet:-1, max-image-preview:large, max-video-preview:-1\" \/>\n<link rel=\"canonical\" href=\"https:\/\/kapitalis.com\/tunisie\/2024\/03\/29\/layali-ramadan-2024-a-lift-nuit-du-conte-en-arabe-et-en-francais\/\" \/>\n<meta property=\"og:locale\" content=\"fr_FR\" \/>\n<meta property=\"og:type\" content=\"article\" \/>\n<meta property=\"og:title\" content=\"Layali Ramadan 2024 \u00e0 l&#039;IFT : Nuit du conte en arabe et en fran\u00e7ais - Kapitalis\" \/>\n<meta property=\"og:description\" content=\"Dans le cadre des soir\u00e9es \u00ab\u00a0Layali Ramadan 2024\u00a0\u00bb, l&rsquo;Institut fran\u00e7ais de Tunisie (IFT) organise une nuit de lecture de contes en arabe et en fran\u00e7ais, samedi 6 avril 2024.\" \/>\n<meta property=\"og:url\" content=\"https:\/\/kapitalis.com\/tunisie\/2024\/03\/29\/layali-ramadan-2024-a-lift-nuit-du-conte-en-arabe-et-en-francais\/\" \/>\n<meta property=\"og:site_name\" content=\"Kapitalis\" \/>\n<meta property=\"article:publisher\" content=\"https:\/\/www.facebook.com\/KapitalisInfo\/\" \/>\n<meta property=\"article:published_time\" content=\"2024-03-28T23:52:32+00:00\" \/>\n<meta property=\"article:modified_time\" content=\"2024-03-29T00:15:00+00:00\" \/>\n<meta property=\"og:image\" content=\"https:\/\/kapitalis.com\/tunisie\/wp-content\/uploads\/2024\/03\/Nuit-du-conte.jpg\" \/>\n\t<meta property=\"og:image:width\" content=\"1200\" \/>\n\t<meta property=\"og:image:height\" content=\"630\" \/>\n\t<meta property=\"og:image:type\" content=\"image\/jpeg\" \/>\n<meta name=\"author\" content=\"Yusra NY\" \/>\n<meta name=\"twitter:card\" content=\"summary_large_image\" \/>\n<meta name=\"twitter:creator\" content=\"@KapitalisInfo\" \/>\n<meta name=\"twitter:site\" content=\"@KapitalisInfo\" \/>\n<meta name=\"twitter:label1\" content=\"\u00c9crit par\" \/>\n\t<meta name=\"twitter:data1\" content=\"Yusra NY\" \/>\n<script type=\"application\/ld+json\" class=\"yoast-schema-graph\">{\"@context\":\"https:\/\/schema.org\",\"@graph\":[{\"@type\":\"Article\",\"@id\":\"https:\/\/kapitalis.com\/tunisie\/2024\/03\/29\/layali-ramadan-2024-a-lift-nuit-du-conte-en-arabe-et-en-francais\/#article\",\"isPartOf\":{\"@id\":\"https:\/\/kapitalis.com\/tunisie\/2024\/03\/29\/layali-ramadan-2024-a-lift-nuit-du-conte-en-arabe-et-en-francais\/\"},\"author\":{\"name\":\"Yusra NY\",\"@id\":\"https:\/\/kapitalis.com\/tunisie\/#\/schema\/person\/74bbde0154d49d790a92aaeac5bc01d5\"},\"headline\":\"Layali Ramadan 2024 \u00e0 l&rsquo;IFT : Nuit du conte en arabe et en fran\u00e7ais\",\"datePublished\":\"2024-03-28T23:52:32+00:00\",\"dateModified\":\"2024-03-29T00:15:00+00:00\",\"mainEntityOfPage\":{\"@id\":\"https:\/\/kapitalis.com\/tunisie\/2024\/03\/29\/layali-ramadan-2024-a-lift-nuit-du-conte-en-arabe-et-en-francais\/\"},\"wordCount\":99,\"commentCount\":0,\"publisher\":{\"@id\":\"https:\/\/kapitalis.com\/tunisie\/#organization\"},\"image\":{\"@id\":\"https:\/\/kapitalis.com\/tunisie\/2024\/03\/29\/layali-ramadan-2024-a-lift-nuit-du-conte-en-arabe-et-en-francais\/#primaryimage\"},\"thumbnailUrl\":\"https:\/\/kapitalis.com\/tunisie\/wp-content\/uploads\/2024\/03\/Nuit-du-conte.jpg\",\"keywords\":[\"Abdelaziz El Aroui\",\"conte\",\"Nuit du conte\",\"Tunisie\"],\"articleSection\":[\"CULTURE\",\"Tunisie\"],\"inLanguage\":\"fr-FR\",\"potentialAction\":[{\"@type\":\"CommentAction\",\"name\":\"Comment\",\"target\":[\"https:\/\/kapitalis.com\/tunisie\/2024\/03\/29\/layali-ramadan-2024-a-lift-nuit-du-conte-en-arabe-et-en-francais\/#respond\"]}]},{\"@type\":\"WebPage\",\"@id\":\"https:\/\/kapitalis.com\/tunisie\/2024\/03\/29\/layali-ramadan-2024-a-lift-nuit-du-conte-en-arabe-et-en-francais\/\",\"url\":\"https:\/\/kapitalis.com\/tunisie\/2024\/03\/29\/layali-ramadan-2024-a-lift-nuit-du-conte-en-arabe-et-en-francais\/\",\"name\":\"Layali Ramadan 2024 \u00e0 l'IFT : Nuit du conte en arabe et en fran\u00e7ais - Kapitalis\",\"isPartOf\":{\"@id\":\"https:\/\/kapitalis.com\/tunisie\/#website\"},\"primaryImageOfPage\":{\"@id\":\"https:\/\/kapitalis.com\/tunisie\/2024\/03\/29\/layali-ramadan-2024-a-lift-nuit-du-conte-en-arabe-et-en-francais\/#primaryimage\"},\"image\":{\"@id\":\"https:\/\/kapitalis.com\/tunisie\/2024\/03\/29\/layali-ramadan-2024-a-lift-nuit-du-conte-en-arabe-et-en-francais\/#primaryimage\"},\"thumbnailUrl\":\"https:\/\/kapitalis.com\/tunisie\/wp-content\/uploads\/2024\/03\/Nuit-du-conte.jpg\",\"datePublished\":\"2024-03-28T23:52:32+00:00\",\"dateModified\":\"2024-03-29T00:15:00+00:00\",\"breadcrumb\":{\"@id\":\"https:\/\/kapitalis.com\/tunisie\/2024\/03\/29\/layali-ramadan-2024-a-lift-nuit-du-conte-en-arabe-et-en-francais\/#breadcrumb\"},\"inLanguage\":\"fr-FR\",\"potentialAction\":[{\"@type\":\"ReadAction\",\"target\":[\"https:\/\/kapitalis.com\/tunisie\/2024\/03\/29\/layali-ramadan-2024-a-lift-nuit-du-conte-en-arabe-et-en-francais\/\"]}]},{\"@type\":\"ImageObject\",\"inLanguage\":\"fr-FR\",\"@id\":\"https:\/\/kapitalis.com\/tunisie\/2024\/03\/29\/layali-ramadan-2024-a-lift-nuit-du-conte-en-arabe-et-en-francais\/#primaryimage\",\"url\":\"https:\/\/kapitalis.com\/tunisie\/wp-content\/uploads\/2024\/03\/Nuit-du-conte.jpg\",\"contentUrl\":\"https:\/\/kapitalis.com\/tunisie\/wp-content\/uploads\/2024\/03\/Nuit-du-conte.jpg\",\"width\":1200,\"height\":630},{\"@type\":\"BreadcrumbList\",\"@id\":\"https:\/\/kapitalis.com\/tunisie\/2024\/03\/29\/layali-ramadan-2024-a-lift-nuit-du-conte-en-arabe-et-en-francais\/#breadcrumb\",\"itemListElement\":[{\"@type\":\"ListItem\",\"position\":1,\"name\":\"Accueil\",\"item\":\"https:\/\/kapitalis.com\/tunisie\/\"},{\"@type\":\"ListItem\",\"position\":2,\"name\":\"Layali Ramadan 2024 \u00e0 l&rsquo;IFT : Nuit du conte en arabe et en fran\u00e7ais\"}]},{\"@type\":\"WebSite\",\"@id\":\"https:\/\/kapitalis.com\/tunisie\/#website\",\"url\":\"https:\/\/kapitalis.com\/tunisie\/\",\"name\":\"Kapitalis\",\"description\":\"L&#039;actualit\u00e9 en Tunisie et dans le monde\",\"publisher\":{\"@id\":\"https:\/\/kapitalis.com\/tunisie\/#organization\"},\"potentialAction\":[{\"@type\":\"SearchAction\",\"target\":{\"@type\":\"EntryPoint\",\"urlTemplate\":\"https:\/\/kapitalis.com\/tunisie\/?s={search_term_string}\"},\"query-input\":{\"@type\":\"PropertyValueSpecification\",\"valueRequired\":true,\"valueName\":\"search_term_string\"}}],\"inLanguage\":\"fr-FR\"},{\"@type\":\"Organization\",\"@id\":\"https:\/\/kapitalis.com\/tunisie\/#organization\",\"name\":\"Kapitalis\",\"url\":\"https:\/\/kapitalis.com\/tunisie\/\",\"logo\":{\"@type\":\"ImageObject\",\"inLanguage\":\"fr-FR\",\"@id\":\"https:\/\/kapitalis.com\/tunisie\/#\/schema\/logo\/image\/\",\"url\":\"https:\/\/kapitalis.com\/tunisie\/wp-content\/uploads\/2022\/05\/Kapitalis-big-size.png\",\"contentUrl\":\"https:\/\/kapitalis.com\/tunisie\/wp-content\/uploads\/2022\/05\/Kapitalis-big-size.png\",\"width\":5000,\"height\":1500,\"caption\":\"Kapitalis\"},\"image\":{\"@id\":\"https:\/\/kapitalis.com\/tunisie\/#\/schema\/logo\/image\/\"},\"sameAs\":[\"https:\/\/www.facebook.com\/KapitalisInfo\/\",\"https:\/\/x.com\/KapitalisInfo\",\"https:\/\/www.youtube.com\/channel\/UC-yDYrHyfFBWWZaOw3FPg9Q\"]},{\"@type\":\"Person\",\"@id\":\"https:\/\/kapitalis.com\/tunisie\/#\/schema\/person\/74bbde0154d49d790a92aaeac5bc01d5\",\"name\":\"Yusra NY\",\"url\":\"https:\/\/kapitalis.com\/tunisie\/author\/yuza_adam\/\"}]}<\/script>\n<!-- \/ Yoast SEO plugin. -->","yoast_head_json":{"title":"Layali Ramadan 2024 \u00e0 l'IFT : Nuit du conte en arabe et en fran\u00e7ais - Kapitalis","robots":{"index":"index","follow":"follow","max-snippet":"max-snippet:-1","max-image-preview":"max-image-preview:large","max-video-preview":"max-video-preview:-1"},"canonical":"https:\/\/kapitalis.com\/tunisie\/2024\/03\/29\/layali-ramadan-2024-a-lift-nuit-du-conte-en-arabe-et-en-francais\/","og_locale":"fr_FR","og_type":"article","og_title":"Layali Ramadan 2024 \u00e0 l'IFT : Nuit du conte en arabe et en fran\u00e7ais - Kapitalis","og_description":"Dans le cadre des soir\u00e9es \u00ab\u00a0Layali Ramadan 2024\u00a0\u00bb, l&rsquo;Institut fran\u00e7ais de Tunisie (IFT) organise une nuit de lecture de contes en arabe et en fran\u00e7ais, samedi 6 avril 2024.","og_url":"https:\/\/kapitalis.com\/tunisie\/2024\/03\/29\/layali-ramadan-2024-a-lift-nuit-du-conte-en-arabe-et-en-francais\/","og_site_name":"Kapitalis","article_publisher":"https:\/\/www.facebook.com\/KapitalisInfo\/","article_published_time":"2024-03-28T23:52:32+00:00","article_modified_time":"2024-03-29T00:15:00+00:00","og_image":[{"width":1200,"height":630,"url":"https:\/\/kapitalis.com\/tunisie\/wp-content\/uploads\/2024\/03\/Nuit-du-conte.jpg","type":"image\/jpeg"}],"author":"Yusra NY","twitter_card":"summary_large_image","twitter_creator":"@KapitalisInfo","twitter_site":"@KapitalisInfo","twitter_misc":{"\u00c9crit par":"Yusra NY"},"schema":{"@context":"https:\/\/schema.org","@graph":[{"@type":"Article","@id":"https:\/\/kapitalis.com\/tunisie\/2024\/03\/29\/layali-ramadan-2024-a-lift-nuit-du-conte-en-arabe-et-en-francais\/#article","isPartOf":{"@id":"https:\/\/kapitalis.com\/tunisie\/2024\/03\/29\/layali-ramadan-2024-a-lift-nuit-du-conte-en-arabe-et-en-francais\/"},"author":{"name":"Yusra NY","@id":"https:\/\/kapitalis.com\/tunisie\/#\/schema\/person\/74bbde0154d49d790a92aaeac5bc01d5"},"headline":"Layali Ramadan 2024 \u00e0 l&rsquo;IFT : Nuit du conte en arabe et en fran\u00e7ais","datePublished":"2024-03-28T23:52:32+00:00","dateModified":"2024-03-29T00:15:00+00:00","mainEntityOfPage":{"@id":"https:\/\/kapitalis.com\/tunisie\/2024\/03\/29\/layali-ramadan-2024-a-lift-nuit-du-conte-en-arabe-et-en-francais\/"},"wordCount":99,"commentCount":0,"publisher":{"@id":"https:\/\/kapitalis.com\/tunisie\/#organization"},"image":{"@id":"https:\/\/kapitalis.com\/tunisie\/2024\/03\/29\/layali-ramadan-2024-a-lift-nuit-du-conte-en-arabe-et-en-francais\/#primaryimage"},"thumbnailUrl":"https:\/\/kapitalis.com\/tunisie\/wp-content\/uploads\/2024\/03\/Nuit-du-conte.jpg","keywords":["Abdelaziz El Aroui","conte","Nuit du conte","Tunisie"],"articleSection":["CULTURE","Tunisie"],"inLanguage":"fr-FR","potentialAction":[{"@type":"CommentAction","name":"Comment","target":["https:\/\/kapitalis.com\/tunisie\/2024\/03\/29\/layali-ramadan-2024-a-lift-nuit-du-conte-en-arabe-et-en-francais\/#respond"]}]},{"@type":"WebPage","@id":"https:\/\/kapitalis.com\/tunisie\/2024\/03\/29\/layali-ramadan-2024-a-lift-nuit-du-conte-en-arabe-et-en-francais\/","url":"https:\/\/kapitalis.com\/tunisie\/2024\/03\/29\/layali-ramadan-2024-a-lift-nuit-du-conte-en-arabe-et-en-francais\/","name":"Layali Ramadan 2024 \u00e0 l'IFT : Nuit du conte en arabe et en fran\u00e7ais - Kapitalis","isPartOf":{"@id":"https:\/\/kapitalis.com\/tunisie\/#website"},"primaryImageOfPage":{"@id":"https:\/\/kapitalis.com\/tunisie\/2024\/03\/29\/layali-ramadan-2024-a-lift-nuit-du-conte-en-arabe-et-en-francais\/#primaryimage"},"image":{"@id":"https:\/\/kapitalis.com\/tunisie\/2024\/03\/29\/layali-ramadan-2024-a-lift-nuit-du-conte-en-arabe-et-en-francais\/#primaryimage"},"thumbnailUrl":"https:\/\/kapitalis.com\/tunisie\/wp-content\/uploads\/2024\/03\/Nuit-du-conte.jpg","datePublished":"2024-03-28T23:52:32+00:00","dateModified":"2024-03-29T00:15:00+00:00","breadcrumb":{"@id":"https:\/\/kapitalis.com\/tunisie\/2024\/03\/29\/layali-ramadan-2024-a-lift-nuit-du-conte-en-arabe-et-en-francais\/#breadcrumb"},"inLanguage":"fr-FR","potentialAction":[{"@type":"ReadAction","target":["https:\/\/kapitalis.com\/tunisie\/2024\/03\/29\/layali-ramadan-2024-a-lift-nuit-du-conte-en-arabe-et-en-francais\/"]}]},{"@type":"ImageObject","inLanguage":"fr-FR","@id":"https:\/\/kapitalis.com\/tunisie\/2024\/03\/29\/layali-ramadan-2024-a-lift-nuit-du-conte-en-arabe-et-en-francais\/#primaryimage","url":"https:\/\/kapitalis.com\/tunisie\/wp-content\/uploads\/2024\/03\/Nuit-du-conte.jpg","contentUrl":"https:\/\/kapitalis.com\/tunisie\/wp-content\/uploads\/2024\/03\/Nuit-du-conte.jpg","width":1200,"height":630},{"@type":"BreadcrumbList","@id":"https:\/\/kapitalis.com\/tunisie\/2024\/03\/29\/layali-ramadan-2024-a-lift-nuit-du-conte-en-arabe-et-en-francais\/#breadcrumb","itemListElement":[{"@type":"ListItem","position":1,"name":"Accueil","item":"https:\/\/kapitalis.com\/tunisie\/"},{"@type":"ListItem","position":2,"name":"Layali Ramadan 2024 \u00e0 l&rsquo;IFT : Nuit du conte en arabe et en fran\u00e7ais"}]},{"@type":"WebSite","@id":"https:\/\/kapitalis.com\/tunisie\/#website","url":"https:\/\/kapitalis.com\/tunisie\/","name":"Kapitalis","description":"L&#039;actualit\u00e9 en Tunisie et dans le monde","publisher":{"@id":"https:\/\/kapitalis.com\/tunisie\/#organization"},"potentialAction":[{"@type":"SearchAction","target":{"@type":"EntryPoint","urlTemplate":"https:\/\/kapitalis.com\/tunisie\/?s={search_term_string}"},"query-input":{"@type":"PropertyValueSpecification","valueRequired":true,"valueName":"search_term_string"}}],"inLanguage":"fr-FR"},{"@type":"Organization","@id":"https:\/\/kapitalis.com\/tunisie\/#organization","name":"Kapitalis","url":"https:\/\/kapitalis.com\/tunisie\/","logo":{"@type":"ImageObject","inLanguage":"fr-FR","@id":"https:\/\/kapitalis.com\/tunisie\/#\/schema\/logo\/image\/","url":"https:\/\/kapitalis.com\/tunisie\/wp-content\/uploads\/2022\/05\/Kapitalis-big-size.png","contentUrl":"https:\/\/kapitalis.com\/tunisie\/wp-content\/uploads\/2022\/05\/Kapitalis-big-size.png","width":5000,"height":1500,"caption":"Kapitalis"},"image":{"@id":"https:\/\/kapitalis.com\/tunisie\/#\/schema\/logo\/image\/"},"sameAs":["https:\/\/www.facebook.com\/KapitalisInfo\/","https:\/\/x.com\/KapitalisInfo","https:\/\/www.youtube.com\/channel\/UC-yDYrHyfFBWWZaOw3FPg9Q"]},{"@type":"Person","@id":"https:\/\/kapitalis.com\/tunisie\/#\/schema\/person\/74bbde0154d49d790a92aaeac5bc01d5","name":"Yusra NY","url":"https:\/\/kapitalis.com\/tunisie\/author\/yuza_adam\/"}]}},"_links":{"self":[{"href":"https:\/\/kapitalis.com\/tunisie\/wp-json\/wp\/v2\/posts\/12244978","targetHints":{"allow":["GET"]}}],"collection":[{"href":"https:\/\/kapitalis.com\/tunisie\/wp-json\/wp\/v2\/posts"}],"about":[{"href":"https:\/\/kapitalis.com\/tunisie\/wp-json\/wp\/v2\/types\/post"}],"author":[{"embeddable":true,"href":"https:\/\/kapitalis.com\/tunisie\/wp-json\/wp\/v2\/users\/6"}],"replies":[{"embeddable":true,"href":"https:\/\/kapitalis.com\/tunisie\/wp-json\/wp\/v2\/comments?post=12244978"}],"version-history":[{"count":2,"href":"https:\/\/kapitalis.com\/tunisie\/wp-json\/wp\/v2\/posts\/12244978\/revisions"}],"predecessor-version":[{"id":12245131,"href":"https:\/\/kapitalis.com\/tunisie\/wp-json\/wp\/v2\/posts\/12244978\/revisions\/12245131"}],"wp:featuredmedia":[{"embeddable":true,"href":"https:\/\/kapitalis.com\/tunisie\/wp-json\/wp\/v2\/media\/12245121"}],"wp:attachment":[{"href":"https:\/\/kapitalis.com\/tunisie\/wp-json\/wp\/v2\/media?parent=12244978"}],"wp:term":[{"taxonomy":"category","embeddable":true,"href":"https:\/\/kapitalis.com\/tunisie\/wp-json\/wp\/v2\/categories?post=12244978"},{"taxonomy":"post_tag","embeddable":true,"href":"https:\/\/kapitalis.com\/tunisie\/wp-json\/wp\/v2\/tags?post=12244978"}],"curies":[{"name":"wp","href":"https:\/\/api.w.org\/{rel}","templated":true}]}}