{"id":1226684,"date":"2022-06-03T19:37:24","date_gmt":"2022-06-03T18:37:24","guid":{"rendered":"https:\/\/kapitalis.com\/tunisie\/?p=1226684"},"modified":"2022-06-03T19:37:25","modified_gmt":"2022-06-03T18:37:25","slug":"revocation-de-57-juges-par-saied-ennahdha-denonce-et-estime-que-ghannouchi-est-vise","status":"publish","type":"post","link":"https:\/\/kapitalis.com\/tunisie\/2022\/06\/03\/revocation-de-57-juges-par-saied-ennahdha-denonce-et-estime-que-ghannouchi-est-vise\/","title":{"rendered":"R\u00e9vocation de 57 juges par Sa\u00efed : Ennahdha d\u00e9nonce et estime que&#8230; Ghannouchi \u00abest vis\u00e9\u00bb"},"content":{"rendered":"\n<p><strong><em>Le parti islamiste Ennahdha a d\u00e9nonc\u00e9 ce vendredi 3 juin 2022, la r\u00e9vocation de 57 juges par le pr\u00e9sident de la r\u00e9publique Ka\u00efs Sa\u00efed, estimant que cette d\u00e9cision est ill\u00e9gale et a \u00e9t\u00e9 prise dans le but de mettre la main sur la justice et porter atteinte \u00e0 son ind\u00e9pendance, tout en mettant en garde contre l\u2019intention \u00abdu coup d\u2019Etat de viser Rached Ghannouchi, les d\u00e9put\u00e9s et les opposants \u00e0 travers une justice sans garantie d\u2019un proc\u00e8s \u00e9quitable\u00bb.<\/em><\/strong><\/p>\n\n\n\n<!--more-->\n\n\n\n<p>Le parti de Ghannouchi a \u00e9galement d\u00e9nonc\u00e9 <em>\u00abla politique de d\u00e9nigrement et de terreur exerc\u00e9e contre les magistrats\u00bb,<\/em> ainsi que l\u2019amendement du d\u00e9cret-loi relatif au Conseil sup\u00e9rieur provisoire de la Magistrature, tout en exprimant son inqui\u00e9tude quant \u00e0 l&rsquo;ind\u00e9pendance de la justice et son exploitation <em>\u00abcontre les opposants au coup d\u2019Etat\u00bb<\/em>.<\/p>\n\n\n\n<p>Dans son communiqu\u00e9, Ennahdha a aussi mis en garde contre \u00ab<em> la volont\u00e9 du coup d\u2019Etat de viser le pr\u00e9sident du parlement et du mouvement Ennahdha, Rached Ghannouchi, ainsi que les d\u00e9put\u00e9s et les opposants politiques<\/em>\u00bb , saluant au passage les <em>\u00abjuges int\u00e8gres qui ont rejet\u00e9 cette d\u00e9cision\u00bb<\/em> du pr\u00e9sident Sa\u00efed ainsi que toutes les forces ayant refus\u00e9 de participer au dialogue national.<\/p>\n\n\n\n<p class=\"has-text-align-right\"><strong>Y. N.<\/strong><\/p>\n","protected":false},"excerpt":{"rendered":"<p>R\u00e9vocation de 57 juges par Sa\u00efed : Ennahdha d\u00e9nonce et estime que&#8230; Ghannouchi est vis\u00e9<\/p>\n","protected":false},"author":6,"featured_media":1226866,"comment_status":"open","ping_status":"open","sticky":false,"template":"","format":"standard","meta":{"footnotes":""},"categories":[997,2433],"tags":[49543,2319,76012,4650,1312,758,100305,62643],"class_list":["post-1226684","post","type-post","status-publish","format-standard","has-post-thumbnail","hentry","category-politique","category-tunisie","tag-ennahdha","tag-juges","tag-kais-saied-2","tag-magistrats","tag-parti-islamiste","tag-rached-ghannouchi","tag-revocation","tag-tunisie"],"yoast_head":"<!-- This site is optimized with the Yoast SEO plugin v26.6 - https:\/\/yoast.com\/wordpress\/plugins\/seo\/ -->\n<title>R\u00e9vocation de 57 juges par Sa\u00efed : Ennahdha d\u00e9nonce et estime que... Ghannouchi \u00abest vis\u00e9\u00bb - Kapitalis<\/title>\n<meta name=\"description\" content=\"Le parti islamiste Ennahdha a d\u00e9nonc\u00e9 ce vendredi 3 juin 2022, la r\u00e9vocation de 57 juges par le pr\u00e9sident de la r\u00e9publique Ka\u00efs Sa\u00efed, estimant que cette d\u00e9cision est ill\u00e9gale et a \u00e9t\u00e9 prise dans le but de mettre la main sur la justice et porter atteinte \u00e0 son ind\u00e9pendance, tout en mettant en garde contre l\u2019intention \u00abdu coup d\u2019Etat de viser Rached Ghannouchi, les d\u00e9put\u00e9s et les opposants \u00e0 travers une justice sans garantie d\u2019un proc\u00e8s \u00e9quitable\u00bb.\" \/>\n<meta name=\"robots\" content=\"index, follow, max-snippet:-1, max-image-preview:large, max-video-preview:-1\" \/>\n<link rel=\"canonical\" href=\"https:\/\/kapitalis.com\/tunisie\/2022\/06\/03\/revocation-de-57-juges-par-saied-ennahdha-denonce-et-estime-que-ghannouchi-est-vise\/\" \/>\n<meta property=\"og:locale\" content=\"fr_FR\" \/>\n<meta property=\"og:type\" content=\"article\" \/>\n<meta property=\"og:title\" content=\"R\u00e9vocation de 57 juges par Sa\u00efed : Ennahdha d\u00e9nonce et estime que... Ghannouchi \u00abest vis\u00e9\u00bb - Kapitalis\" \/>\n<meta property=\"og:description\" content=\"Le parti islamiste Ennahdha a d\u00e9nonc\u00e9 ce vendredi 3 juin 2022, la r\u00e9vocation de 57 juges par le pr\u00e9sident de la r\u00e9publique Ka\u00efs Sa\u00efed, estimant que cette d\u00e9cision est ill\u00e9gale et a \u00e9t\u00e9 prise dans le but de mettre la main sur la justice et porter atteinte \u00e0 son ind\u00e9pendance, tout en mettant en garde contre l\u2019intention \u00abdu coup d\u2019Etat de viser Rached Ghannouchi, les d\u00e9put\u00e9s et les opposants \u00e0 travers une justice sans garantie d\u2019un proc\u00e8s \u00e9quitable\u00bb.\" \/>\n<meta property=\"og:url\" content=\"https:\/\/kapitalis.com\/tunisie\/2022\/06\/03\/revocation-de-57-juges-par-saied-ennahdha-denonce-et-estime-que-ghannouchi-est-vise\/\" \/>\n<meta property=\"og:site_name\" content=\"Kapitalis\" \/>\n<meta property=\"article:publisher\" content=\"https:\/\/www.facebook.com\/KapitalisInfo\/\" \/>\n<meta property=\"article:published_time\" content=\"2022-06-03T18:37:24+00:00\" \/>\n<meta property=\"article:modified_time\" content=\"2022-06-03T18:37:25+00:00\" \/>\n<meta property=\"og:image\" content=\"https:\/\/kapitalis.com\/tunisie\/wp-content\/uploads\/2022\/06\/Ghannouchi.jpg\" \/>\n\t<meta property=\"og:image:width\" content=\"1200\" \/>\n\t<meta property=\"og:image:height\" content=\"630\" \/>\n\t<meta property=\"og:image:type\" content=\"image\/jpeg\" \/>\n<meta name=\"author\" content=\"Yusra NY\" \/>\n<meta name=\"twitter:card\" content=\"summary_large_image\" \/>\n<meta name=\"twitter:creator\" content=\"@KapitalisInfo\" \/>\n<meta name=\"twitter:site\" content=\"@KapitalisInfo\" \/>\n<meta name=\"twitter:label1\" content=\"\u00c9crit par\" \/>\n\t<meta name=\"twitter:data1\" content=\"Yusra NY\" \/>\n\t<meta name=\"twitter:label2\" content=\"Dur\u00e9e de lecture estim\u00e9e\" \/>\n\t<meta name=\"twitter:data2\" content=\"1 minute\" \/>\n<script type=\"application\/ld+json\" class=\"yoast-schema-graph\">{\"@context\":\"https:\/\/schema.org\",\"@graph\":[{\"@type\":\"Article\",\"@id\":\"https:\/\/kapitalis.com\/tunisie\/2022\/06\/03\/revocation-de-57-juges-par-saied-ennahdha-denonce-et-estime-que-ghannouchi-est-vise\/#article\",\"isPartOf\":{\"@id\":\"https:\/\/kapitalis.com\/tunisie\/2022\/06\/03\/revocation-de-57-juges-par-saied-ennahdha-denonce-et-estime-que-ghannouchi-est-vise\/\"},\"author\":{\"name\":\"Yusra NY\",\"@id\":\"https:\/\/kapitalis.com\/tunisie\/#\/schema\/person\/74bbde0154d49d790a92aaeac5bc01d5\"},\"headline\":\"R\u00e9vocation de 57 juges par Sa\u00efed : Ennahdha d\u00e9nonce et estime que&#8230; Ghannouchi \u00abest vis\u00e9\u00bb\",\"datePublished\":\"2022-06-03T18:37:24+00:00\",\"dateModified\":\"2022-06-03T18:37:25+00:00\",\"mainEntityOfPage\":{\"@id\":\"https:\/\/kapitalis.com\/tunisie\/2022\/06\/03\/revocation-de-57-juges-par-saied-ennahdha-denonce-et-estime-que-ghannouchi-est-vise\/\"},\"wordCount\":234,\"commentCount\":2,\"publisher\":{\"@id\":\"https:\/\/kapitalis.com\/tunisie\/#organization\"},\"image\":{\"@id\":\"https:\/\/kapitalis.com\/tunisie\/2022\/06\/03\/revocation-de-57-juges-par-saied-ennahdha-denonce-et-estime-que-ghannouchi-est-vise\/#primaryimage\"},\"thumbnailUrl\":\"https:\/\/kapitalis.com\/tunisie\/wp-content\/uploads\/2022\/06\/Ghannouchi.jpg\",\"keywords\":[\"Ennahdha\",\"juges\",\"Ka\u00efs Sa\u00efed\",\"magistrats\",\"parti islamiste\",\"Rached Ghannouchi\",\"r\u00e9vocation\",\"Tunisie\"],\"articleSection\":[\"POLITIQUE\",\"Tunisie\"],\"inLanguage\":\"fr-FR\",\"potentialAction\":[{\"@type\":\"CommentAction\",\"name\":\"Comment\",\"target\":[\"https:\/\/kapitalis.com\/tunisie\/2022\/06\/03\/revocation-de-57-juges-par-saied-ennahdha-denonce-et-estime-que-ghannouchi-est-vise\/#respond\"]}]},{\"@type\":\"WebPage\",\"@id\":\"https:\/\/kapitalis.com\/tunisie\/2022\/06\/03\/revocation-de-57-juges-par-saied-ennahdha-denonce-et-estime-que-ghannouchi-est-vise\/\",\"url\":\"https:\/\/kapitalis.com\/tunisie\/2022\/06\/03\/revocation-de-57-juges-par-saied-ennahdha-denonce-et-estime-que-ghannouchi-est-vise\/\",\"name\":\"R\u00e9vocation de 57 juges par Sa\u00efed : Ennahdha d\u00e9nonce et estime que... Ghannouchi \u00abest vis\u00e9\u00bb - Kapitalis\",\"isPartOf\":{\"@id\":\"https:\/\/kapitalis.com\/tunisie\/#website\"},\"primaryImageOfPage\":{\"@id\":\"https:\/\/kapitalis.com\/tunisie\/2022\/06\/03\/revocation-de-57-juges-par-saied-ennahdha-denonce-et-estime-que-ghannouchi-est-vise\/#primaryimage\"},\"image\":{\"@id\":\"https:\/\/kapitalis.com\/tunisie\/2022\/06\/03\/revocation-de-57-juges-par-saied-ennahdha-denonce-et-estime-que-ghannouchi-est-vise\/#primaryimage\"},\"thumbnailUrl\":\"https:\/\/kapitalis.com\/tunisie\/wp-content\/uploads\/2022\/06\/Ghannouchi.jpg\",\"datePublished\":\"2022-06-03T18:37:24+00:00\",\"dateModified\":\"2022-06-03T18:37:25+00:00\",\"description\":\"Le parti islamiste Ennahdha a d\u00e9nonc\u00e9 ce vendredi 3 juin 2022, la r\u00e9vocation de 57 juges par le pr\u00e9sident de la r\u00e9publique Ka\u00efs Sa\u00efed, estimant que cette d\u00e9cision est ill\u00e9gale et a \u00e9t\u00e9 prise dans le but de mettre la main sur la justice et porter atteinte \u00e0 son ind\u00e9pendance, tout en mettant en garde contre l\u2019intention \u00abdu coup d\u2019Etat de viser Rached Ghannouchi, les d\u00e9put\u00e9s et les opposants \u00e0 travers une justice sans garantie d\u2019un proc\u00e8s \u00e9quitable\u00bb.\",\"breadcrumb\":{\"@id\":\"https:\/\/kapitalis.com\/tunisie\/2022\/06\/03\/revocation-de-57-juges-par-saied-ennahdha-denonce-et-estime-que-ghannouchi-est-vise\/#breadcrumb\"},\"inLanguage\":\"fr-FR\",\"potentialAction\":[{\"@type\":\"ReadAction\",\"target\":[\"https:\/\/kapitalis.com\/tunisie\/2022\/06\/03\/revocation-de-57-juges-par-saied-ennahdha-denonce-et-estime-que-ghannouchi-est-vise\/\"]}]},{\"@type\":\"ImageObject\",\"inLanguage\":\"fr-FR\",\"@id\":\"https:\/\/kapitalis.com\/tunisie\/2022\/06\/03\/revocation-de-57-juges-par-saied-ennahdha-denonce-et-estime-que-ghannouchi-est-vise\/#primaryimage\",\"url\":\"https:\/\/kapitalis.com\/tunisie\/wp-content\/uploads\/2022\/06\/Ghannouchi.jpg\",\"contentUrl\":\"https:\/\/kapitalis.com\/tunisie\/wp-content\/uploads\/2022\/06\/Ghannouchi.jpg\",\"width\":1200,\"height\":630},{\"@type\":\"BreadcrumbList\",\"@id\":\"https:\/\/kapitalis.com\/tunisie\/2022\/06\/03\/revocation-de-57-juges-par-saied-ennahdha-denonce-et-estime-que-ghannouchi-est-vise\/#breadcrumb\",\"itemListElement\":[{\"@type\":\"ListItem\",\"position\":1,\"name\":\"Accueil\",\"item\":\"https:\/\/kapitalis.com\/tunisie\/\"},{\"@type\":\"ListItem\",\"position\":2,\"name\":\"R\u00e9vocation de 57 juges par Sa\u00efed : Ennahdha d\u00e9nonce et estime que&#8230; Ghannouchi \u00abest vis\u00e9\u00bb\"}]},{\"@type\":\"WebSite\",\"@id\":\"https:\/\/kapitalis.com\/tunisie\/#website\",\"url\":\"https:\/\/kapitalis.com\/tunisie\/\",\"name\":\"Kapitalis\",\"description\":\"L&#039;actualit\u00e9 en Tunisie et dans le monde\",\"publisher\":{\"@id\":\"https:\/\/kapitalis.com\/tunisie\/#organization\"},\"potentialAction\":[{\"@type\":\"SearchAction\",\"target\":{\"@type\":\"EntryPoint\",\"urlTemplate\":\"https:\/\/kapitalis.com\/tunisie\/?s={search_term_string}\"},\"query-input\":{\"@type\":\"PropertyValueSpecification\",\"valueRequired\":true,\"valueName\":\"search_term_string\"}}],\"inLanguage\":\"fr-FR\"},{\"@type\":\"Organization\",\"@id\":\"https:\/\/kapitalis.com\/tunisie\/#organization\",\"name\":\"Kapitalis\",\"url\":\"https:\/\/kapitalis.com\/tunisie\/\",\"logo\":{\"@type\":\"ImageObject\",\"inLanguage\":\"fr-FR\",\"@id\":\"https:\/\/kapitalis.com\/tunisie\/#\/schema\/logo\/image\/\",\"url\":\"https:\/\/kapitalis.com\/tunisie\/wp-content\/uploads\/2022\/05\/Kapitalis-big-size.png\",\"contentUrl\":\"https:\/\/kapitalis.com\/tunisie\/wp-content\/uploads\/2022\/05\/Kapitalis-big-size.png\",\"width\":5000,\"height\":1500,\"caption\":\"Kapitalis\"},\"image\":{\"@id\":\"https:\/\/kapitalis.com\/tunisie\/#\/schema\/logo\/image\/\"},\"sameAs\":[\"https:\/\/www.facebook.com\/KapitalisInfo\/\",\"https:\/\/x.com\/KapitalisInfo\",\"https:\/\/www.youtube.com\/channel\/UC-yDYrHyfFBWWZaOw3FPg9Q\"]},{\"@type\":\"Person\",\"@id\":\"https:\/\/kapitalis.com\/tunisie\/#\/schema\/person\/74bbde0154d49d790a92aaeac5bc01d5\",\"name\":\"Yusra NY\",\"url\":\"https:\/\/kapitalis.com\/tunisie\/author\/yuza_adam\/\"}]}<\/script>\n<!-- \/ Yoast SEO plugin. -->","yoast_head_json":{"title":"R\u00e9vocation de 57 juges par Sa\u00efed : Ennahdha d\u00e9nonce et estime que... Ghannouchi \u00abest vis\u00e9\u00bb - Kapitalis","description":"Le parti islamiste Ennahdha a d\u00e9nonc\u00e9 ce vendredi 3 juin 2022, la r\u00e9vocation de 57 juges par le pr\u00e9sident de la r\u00e9publique Ka\u00efs Sa\u00efed, estimant que cette d\u00e9cision est ill\u00e9gale et a \u00e9t\u00e9 prise dans le but de mettre la main sur la justice et porter atteinte \u00e0 son ind\u00e9pendance, tout en mettant en garde contre l\u2019intention \u00abdu coup d\u2019Etat de viser Rached Ghannouchi, les d\u00e9put\u00e9s et les opposants \u00e0 travers une justice sans garantie d\u2019un proc\u00e8s \u00e9quitable\u00bb.","robots":{"index":"index","follow":"follow","max-snippet":"max-snippet:-1","max-image-preview":"max-image-preview:large","max-video-preview":"max-video-preview:-1"},"canonical":"https:\/\/kapitalis.com\/tunisie\/2022\/06\/03\/revocation-de-57-juges-par-saied-ennahdha-denonce-et-estime-que-ghannouchi-est-vise\/","og_locale":"fr_FR","og_type":"article","og_title":"R\u00e9vocation de 57 juges par Sa\u00efed : Ennahdha d\u00e9nonce et estime que... Ghannouchi \u00abest vis\u00e9\u00bb - Kapitalis","og_description":"Le parti islamiste Ennahdha a d\u00e9nonc\u00e9 ce vendredi 3 juin 2022, la r\u00e9vocation de 57 juges par le pr\u00e9sident de la r\u00e9publique Ka\u00efs Sa\u00efed, estimant que cette d\u00e9cision est ill\u00e9gale et a \u00e9t\u00e9 prise dans le but de mettre la main sur la justice et porter atteinte \u00e0 son ind\u00e9pendance, tout en mettant en garde contre l\u2019intention \u00abdu coup d\u2019Etat de viser Rached Ghannouchi, les d\u00e9put\u00e9s et les opposants \u00e0 travers une justice sans garantie d\u2019un proc\u00e8s \u00e9quitable\u00bb.","og_url":"https:\/\/kapitalis.com\/tunisie\/2022\/06\/03\/revocation-de-57-juges-par-saied-ennahdha-denonce-et-estime-que-ghannouchi-est-vise\/","og_site_name":"Kapitalis","article_publisher":"https:\/\/www.facebook.com\/KapitalisInfo\/","article_published_time":"2022-06-03T18:37:24+00:00","article_modified_time":"2022-06-03T18:37:25+00:00","og_image":[{"width":1200,"height":630,"url":"https:\/\/kapitalis.com\/tunisie\/wp-content\/uploads\/2022\/06\/Ghannouchi.jpg","type":"image\/jpeg"}],"author":"Yusra NY","twitter_card":"summary_large_image","twitter_creator":"@KapitalisInfo","twitter_site":"@KapitalisInfo","twitter_misc":{"\u00c9crit par":"Yusra NY","Dur\u00e9e de lecture estim\u00e9e":"1 minute"},"schema":{"@context":"https:\/\/schema.org","@graph":[{"@type":"Article","@id":"https:\/\/kapitalis.com\/tunisie\/2022\/06\/03\/revocation-de-57-juges-par-saied-ennahdha-denonce-et-estime-que-ghannouchi-est-vise\/#article","isPartOf":{"@id":"https:\/\/kapitalis.com\/tunisie\/2022\/06\/03\/revocation-de-57-juges-par-saied-ennahdha-denonce-et-estime-que-ghannouchi-est-vise\/"},"author":{"name":"Yusra NY","@id":"https:\/\/kapitalis.com\/tunisie\/#\/schema\/person\/74bbde0154d49d790a92aaeac5bc01d5"},"headline":"R\u00e9vocation de 57 juges par Sa\u00efed : Ennahdha d\u00e9nonce et estime que&#8230; Ghannouchi \u00abest vis\u00e9\u00bb","datePublished":"2022-06-03T18:37:24+00:00","dateModified":"2022-06-03T18:37:25+00:00","mainEntityOfPage":{"@id":"https:\/\/kapitalis.com\/tunisie\/2022\/06\/03\/revocation-de-57-juges-par-saied-ennahdha-denonce-et-estime-que-ghannouchi-est-vise\/"},"wordCount":234,"commentCount":2,"publisher":{"@id":"https:\/\/kapitalis.com\/tunisie\/#organization"},"image":{"@id":"https:\/\/kapitalis.com\/tunisie\/2022\/06\/03\/revocation-de-57-juges-par-saied-ennahdha-denonce-et-estime-que-ghannouchi-est-vise\/#primaryimage"},"thumbnailUrl":"https:\/\/kapitalis.com\/tunisie\/wp-content\/uploads\/2022\/06\/Ghannouchi.jpg","keywords":["Ennahdha","juges","Ka\u00efs Sa\u00efed","magistrats","parti islamiste","Rached Ghannouchi","r\u00e9vocation","Tunisie"],"articleSection":["POLITIQUE","Tunisie"],"inLanguage":"fr-FR","potentialAction":[{"@type":"CommentAction","name":"Comment","target":["https:\/\/kapitalis.com\/tunisie\/2022\/06\/03\/revocation-de-57-juges-par-saied-ennahdha-denonce-et-estime-que-ghannouchi-est-vise\/#respond"]}]},{"@type":"WebPage","@id":"https:\/\/kapitalis.com\/tunisie\/2022\/06\/03\/revocation-de-57-juges-par-saied-ennahdha-denonce-et-estime-que-ghannouchi-est-vise\/","url":"https:\/\/kapitalis.com\/tunisie\/2022\/06\/03\/revocation-de-57-juges-par-saied-ennahdha-denonce-et-estime-que-ghannouchi-est-vise\/","name":"R\u00e9vocation de 57 juges par Sa\u00efed : Ennahdha d\u00e9nonce et estime que... Ghannouchi \u00abest vis\u00e9\u00bb - Kapitalis","isPartOf":{"@id":"https:\/\/kapitalis.com\/tunisie\/#website"},"primaryImageOfPage":{"@id":"https:\/\/kapitalis.com\/tunisie\/2022\/06\/03\/revocation-de-57-juges-par-saied-ennahdha-denonce-et-estime-que-ghannouchi-est-vise\/#primaryimage"},"image":{"@id":"https:\/\/kapitalis.com\/tunisie\/2022\/06\/03\/revocation-de-57-juges-par-saied-ennahdha-denonce-et-estime-que-ghannouchi-est-vise\/#primaryimage"},"thumbnailUrl":"https:\/\/kapitalis.com\/tunisie\/wp-content\/uploads\/2022\/06\/Ghannouchi.jpg","datePublished":"2022-06-03T18:37:24+00:00","dateModified":"2022-06-03T18:37:25+00:00","description":"Le parti islamiste Ennahdha a d\u00e9nonc\u00e9 ce vendredi 3 juin 2022, la r\u00e9vocation de 57 juges par le pr\u00e9sident de la r\u00e9publique Ka\u00efs Sa\u00efed, estimant que cette d\u00e9cision est ill\u00e9gale et a \u00e9t\u00e9 prise dans le but de mettre la main sur la justice et porter atteinte \u00e0 son ind\u00e9pendance, tout en mettant en garde contre l\u2019intention \u00abdu coup d\u2019Etat de viser Rached Ghannouchi, les d\u00e9put\u00e9s et les opposants \u00e0 travers une justice sans garantie d\u2019un proc\u00e8s \u00e9quitable\u00bb.","breadcrumb":{"@id":"https:\/\/kapitalis.com\/tunisie\/2022\/06\/03\/revocation-de-57-juges-par-saied-ennahdha-denonce-et-estime-que-ghannouchi-est-vise\/#breadcrumb"},"inLanguage":"fr-FR","potentialAction":[{"@type":"ReadAction","target":["https:\/\/kapitalis.com\/tunisie\/2022\/06\/03\/revocation-de-57-juges-par-saied-ennahdha-denonce-et-estime-que-ghannouchi-est-vise\/"]}]},{"@type":"ImageObject","inLanguage":"fr-FR","@id":"https:\/\/kapitalis.com\/tunisie\/2022\/06\/03\/revocation-de-57-juges-par-saied-ennahdha-denonce-et-estime-que-ghannouchi-est-vise\/#primaryimage","url":"https:\/\/kapitalis.com\/tunisie\/wp-content\/uploads\/2022\/06\/Ghannouchi.jpg","contentUrl":"https:\/\/kapitalis.com\/tunisie\/wp-content\/uploads\/2022\/06\/Ghannouchi.jpg","width":1200,"height":630},{"@type":"BreadcrumbList","@id":"https:\/\/kapitalis.com\/tunisie\/2022\/06\/03\/revocation-de-57-juges-par-saied-ennahdha-denonce-et-estime-que-ghannouchi-est-vise\/#breadcrumb","itemListElement":[{"@type":"ListItem","position":1,"name":"Accueil","item":"https:\/\/kapitalis.com\/tunisie\/"},{"@type":"ListItem","position":2,"name":"R\u00e9vocation de 57 juges par Sa\u00efed : Ennahdha d\u00e9nonce et estime que&#8230; Ghannouchi \u00abest vis\u00e9\u00bb"}]},{"@type":"WebSite","@id":"https:\/\/kapitalis.com\/tunisie\/#website","url":"https:\/\/kapitalis.com\/tunisie\/","name":"Kapitalis","description":"L&#039;actualit\u00e9 en Tunisie et dans le monde","publisher":{"@id":"https:\/\/kapitalis.com\/tunisie\/#organization"},"potentialAction":[{"@type":"SearchAction","target":{"@type":"EntryPoint","urlTemplate":"https:\/\/kapitalis.com\/tunisie\/?s={search_term_string}"},"query-input":{"@type":"PropertyValueSpecification","valueRequired":true,"valueName":"search_term_string"}}],"inLanguage":"fr-FR"},{"@type":"Organization","@id":"https:\/\/kapitalis.com\/tunisie\/#organization","name":"Kapitalis","url":"https:\/\/kapitalis.com\/tunisie\/","logo":{"@type":"ImageObject","inLanguage":"fr-FR","@id":"https:\/\/kapitalis.com\/tunisie\/#\/schema\/logo\/image\/","url":"https:\/\/kapitalis.com\/tunisie\/wp-content\/uploads\/2022\/05\/Kapitalis-big-size.png","contentUrl":"https:\/\/kapitalis.com\/tunisie\/wp-content\/uploads\/2022\/05\/Kapitalis-big-size.png","width":5000,"height":1500,"caption":"Kapitalis"},"image":{"@id":"https:\/\/kapitalis.com\/tunisie\/#\/schema\/logo\/image\/"},"sameAs":["https:\/\/www.facebook.com\/KapitalisInfo\/","https:\/\/x.com\/KapitalisInfo","https:\/\/www.youtube.com\/channel\/UC-yDYrHyfFBWWZaOw3FPg9Q"]},{"@type":"Person","@id":"https:\/\/kapitalis.com\/tunisie\/#\/schema\/person\/74bbde0154d49d790a92aaeac5bc01d5","name":"Yusra NY","url":"https:\/\/kapitalis.com\/tunisie\/author\/yuza_adam\/"}]}},"_links":{"self":[{"href":"https:\/\/kapitalis.com\/tunisie\/wp-json\/wp\/v2\/posts\/1226684","targetHints":{"allow":["GET"]}}],"collection":[{"href":"https:\/\/kapitalis.com\/tunisie\/wp-json\/wp\/v2\/posts"}],"about":[{"href":"https:\/\/kapitalis.com\/tunisie\/wp-json\/wp\/v2\/types\/post"}],"author":[{"embeddable":true,"href":"https:\/\/kapitalis.com\/tunisie\/wp-json\/wp\/v2\/users\/6"}],"replies":[{"embeddable":true,"href":"https:\/\/kapitalis.com\/tunisie\/wp-json\/wp\/v2\/comments?post=1226684"}],"version-history":[{"count":0,"href":"https:\/\/kapitalis.com\/tunisie\/wp-json\/wp\/v2\/posts\/1226684\/revisions"}],"wp:featuredmedia":[{"embeddable":true,"href":"https:\/\/kapitalis.com\/tunisie\/wp-json\/wp\/v2\/media\/1226866"}],"wp:attachment":[{"href":"https:\/\/kapitalis.com\/tunisie\/wp-json\/wp\/v2\/media?parent=1226684"}],"wp:term":[{"taxonomy":"category","embeddable":true,"href":"https:\/\/kapitalis.com\/tunisie\/wp-json\/wp\/v2\/categories?post=1226684"},{"taxonomy":"post_tag","embeddable":true,"href":"https:\/\/kapitalis.com\/tunisie\/wp-json\/wp\/v2\/tags?post=1226684"}],"curies":[{"name":"wp","href":"https:\/\/api.w.org\/{rel}","templated":true}]}}