{"id":12284162,"date":"2024-04-01T19:46:39","date_gmt":"2024-04-01T18:46:39","guid":{"rendered":"https:\/\/kapitalis.com\/tunisie\/?p=12284162"},"modified":"2024-04-01T19:56:23","modified_gmt":"2024-04-01T18:56:23","slug":"chawki-tabib-devant-la-justice-precisions-de-son-comite-de-defense","status":"publish","type":"post","link":"https:\/\/kapitalis.com\/tunisie\/2024\/04\/01\/chawki-tabib-devant-la-justice-precisions-de-son-comite-de-defense\/","title":{"rendered":"Chawki Tabib devant la justice : Pr\u00e9cisions de son comit\u00e9 de d\u00e9fense"},"content":{"rendered":"\n<p><em><strong>Le comit\u00e9 de d\u00e9fense de Me Chawki Tabib a publi\u00e9 un communiqu\u00e9, ce lundi 1er avril 2024, afin d&rsquo;apporter des pr\u00e9cisions sur la nouvelle affaire visant l&rsquo;ancien b\u00e2tonnier et ancien pr\u00e9sident de l\u2019Instance nationale de lutte contre la corruption (Inlucc).<\/strong><\/em><\/p>\n\n\n\n<!--more-->\n\n\n\n<p>Chawki Tabib est poursuivi pour faux et usage de faux par le P\u00f4le judiciaire \u00e9conomique et financier dans le cadre d\u2019une plainte d\u00e9pos\u00e9e en 2020 par le repr\u00e9sentant de plusieurs entreprises, dont on compte parmi ses actionnaires, un ancien chef du gouvernement, et pour lesquelles l&rsquo;ancien pr\u00e9sident de l&rsquo;Inlucc avait men\u00e9 une enqu\u00eate pour suspicions de conflits d&rsquo;int\u00e9r\u00eats.<\/p>\n\n\n\n<p>Le comit\u00e9 de d\u00e9fense estime que cette affaire repr\u00e9sente une violation \u00e0 la loi et notamment au d\u00e9cret 120 de 2011 garantissant une immunit\u00e9 au pr\u00e9sident de l\u2019instance et \u00e0 ses agents, en rappelant par ailleurs que Chawki Tabib a fait l\u2019objet d\u2019une d\u00e9cision d\u2019interdiction de voyage le 8 janvier dernier et n\u2019a toujours pas \u00e9t\u00e9 auditionn\u00e9.<\/p>\n\n\n\n<p>\u00ab<em>Il a, \u00e9galement, fait l\u2019objet, durant la p\u00e9riode ao\u00fbt-septembre 2021, d\u2019une assignation \u00e0 r\u00e9sidence ce qui a gravement port\u00e9 atteinte \u00e0 ses int\u00e9r\u00eats professionnels\u00bb, <\/em>d\u00e9plore encore le Comit\u00e9 de d\u00e9fense, qui consid\u00e8re que les avocats sont cibl\u00e9s.<\/p>\n\n\n\n<p>La m\u00eame source estime que cette nouvelle affaire porte atteinte \u00e0 Chawki Tabib et s&rsquo;inscrit dans un processus de ciblage bas\u00e9 sur des accusations abusives et de dossiers mont\u00e9s de toutes pi\u00e8ces, en rappelant que le concern\u00e9 a pour sa part d\u00e9pos\u00e9 des dizaines de plaintes pour diffamation et atteintes \u00e0 sa personne, n&rsquo;ayant toujours pas abouti.<\/p>\n\n\n\n<p class=\"has-text-align-right\"><strong>Y. N.<\/strong><\/p>\n","protected":false},"excerpt":{"rendered":"<p>Le comit\u00e9 de d\u00e9fense de Me Chawki Tabib a publi\u00e9 un communiqu\u00e9, ce lundi 1er avril 2024, afin d&rsquo;apporter des pr\u00e9cisions sur la nouvelle affaire visant l&rsquo;ancien b\u00e2tonnier et ancien pr\u00e9sident de l\u2019Instance nationale de lutte contre la corruption (Inlucc).<\/p>\n","protected":false},"author":6,"featured_media":12284179,"comment_status":"open","ping_status":"open","sticky":false,"template":"","format":"standard","meta":{"footnotes":""},"categories":[997,998,2433],"tags":[114,8495,6413,22391,62643],"class_list":["post-12284162","post","type-post","status-publish","format-standard","has-post-thumbnail","hentry","category-politique","category-societe","category-tunisie","tag-avocat","tag-chawki-tabib","tag-comite-de-defense","tag-inlucc","tag-tunisie"],"yoast_head":"<!-- This site is optimized with the Yoast SEO plugin v26.6 - https:\/\/yoast.com\/wordpress\/plugins\/seo\/ -->\n<title>Chawki Tabib devant la justice : Pr\u00e9cisions de son comit\u00e9 de d\u00e9fense - Kapitalis<\/title>\n<meta name=\"robots\" content=\"index, follow, max-snippet:-1, max-image-preview:large, max-video-preview:-1\" \/>\n<link rel=\"canonical\" href=\"https:\/\/kapitalis.com\/tunisie\/2024\/04\/01\/chawki-tabib-devant-la-justice-precisions-de-son-comite-de-defense\/\" \/>\n<meta property=\"og:locale\" content=\"fr_FR\" \/>\n<meta property=\"og:type\" content=\"article\" \/>\n<meta property=\"og:title\" content=\"Chawki Tabib devant la justice : Pr\u00e9cisions de son comit\u00e9 de d\u00e9fense - Kapitalis\" \/>\n<meta property=\"og:description\" content=\"Le comit\u00e9 de d\u00e9fense de Me Chawki Tabib a publi\u00e9 un communiqu\u00e9, ce lundi 1er avril 2024, afin d&rsquo;apporter des pr\u00e9cisions sur la nouvelle affaire visant l&rsquo;ancien b\u00e2tonnier et ancien pr\u00e9sident de l\u2019Instance nationale de lutte contre la corruption (Inlucc).\" \/>\n<meta property=\"og:url\" content=\"https:\/\/kapitalis.com\/tunisie\/2024\/04\/01\/chawki-tabib-devant-la-justice-precisions-de-son-comite-de-defense\/\" \/>\n<meta property=\"og:site_name\" content=\"Kapitalis\" \/>\n<meta property=\"article:publisher\" content=\"https:\/\/www.facebook.com\/KapitalisInfo\/\" \/>\n<meta property=\"article:published_time\" content=\"2024-04-01T18:46:39+00:00\" \/>\n<meta property=\"article:modified_time\" content=\"2024-04-01T18:56:23+00:00\" \/>\n<meta property=\"og:image\" content=\"https:\/\/kapitalis.com\/tunisie\/wp-content\/uploads\/2024\/04\/Chawki-Tabib.jpg\" \/>\n\t<meta property=\"og:image:width\" content=\"1200\" \/>\n\t<meta property=\"og:image:height\" content=\"630\" \/>\n\t<meta property=\"og:image:type\" content=\"image\/jpeg\" \/>\n<meta name=\"author\" content=\"Yusra NY\" \/>\n<meta name=\"twitter:card\" content=\"summary_large_image\" \/>\n<meta name=\"twitter:creator\" content=\"@KapitalisInfo\" \/>\n<meta name=\"twitter:site\" content=\"@KapitalisInfo\" \/>\n<meta name=\"twitter:label1\" content=\"\u00c9crit par\" \/>\n\t<meta name=\"twitter:data1\" content=\"Yusra NY\" \/>\n\t<meta name=\"twitter:label2\" content=\"Dur\u00e9e de lecture estim\u00e9e\" \/>\n\t<meta name=\"twitter:data2\" content=\"1 minute\" \/>\n<script type=\"application\/ld+json\" class=\"yoast-schema-graph\">{\"@context\":\"https:\/\/schema.org\",\"@graph\":[{\"@type\":\"Article\",\"@id\":\"https:\/\/kapitalis.com\/tunisie\/2024\/04\/01\/chawki-tabib-devant-la-justice-precisions-de-son-comite-de-defense\/#article\",\"isPartOf\":{\"@id\":\"https:\/\/kapitalis.com\/tunisie\/2024\/04\/01\/chawki-tabib-devant-la-justice-precisions-de-son-comite-de-defense\/\"},\"author\":{\"name\":\"Yusra NY\",\"@id\":\"https:\/\/kapitalis.com\/tunisie\/#\/schema\/person\/74bbde0154d49d790a92aaeac5bc01d5\"},\"headline\":\"Chawki Tabib devant la justice : Pr\u00e9cisions de son comit\u00e9 de d\u00e9fense\",\"datePublished\":\"2024-04-01T18:46:39+00:00\",\"dateModified\":\"2024-04-01T18:56:23+00:00\",\"mainEntityOfPage\":{\"@id\":\"https:\/\/kapitalis.com\/tunisie\/2024\/04\/01\/chawki-tabib-devant-la-justice-precisions-de-son-comite-de-defense\/\"},\"wordCount\":291,\"commentCount\":0,\"publisher\":{\"@id\":\"https:\/\/kapitalis.com\/tunisie\/#organization\"},\"image\":{\"@id\":\"https:\/\/kapitalis.com\/tunisie\/2024\/04\/01\/chawki-tabib-devant-la-justice-precisions-de-son-comite-de-defense\/#primaryimage\"},\"thumbnailUrl\":\"https:\/\/kapitalis.com\/tunisie\/wp-content\/uploads\/2024\/04\/Chawki-Tabib.jpg\",\"keywords\":[\"avocat\",\"Chawki Tabib\",\"comit\u00e9 de d\u00e9fense\",\"INLUCC\",\"Tunisie\"],\"articleSection\":[\"POLITIQUE\",\"SOCIETE\",\"Tunisie\"],\"inLanguage\":\"fr-FR\",\"potentialAction\":[{\"@type\":\"CommentAction\",\"name\":\"Comment\",\"target\":[\"https:\/\/kapitalis.com\/tunisie\/2024\/04\/01\/chawki-tabib-devant-la-justice-precisions-de-son-comite-de-defense\/#respond\"]}]},{\"@type\":\"WebPage\",\"@id\":\"https:\/\/kapitalis.com\/tunisie\/2024\/04\/01\/chawki-tabib-devant-la-justice-precisions-de-son-comite-de-defense\/\",\"url\":\"https:\/\/kapitalis.com\/tunisie\/2024\/04\/01\/chawki-tabib-devant-la-justice-precisions-de-son-comite-de-defense\/\",\"name\":\"Chawki Tabib devant la justice : Pr\u00e9cisions de son comit\u00e9 de d\u00e9fense - Kapitalis\",\"isPartOf\":{\"@id\":\"https:\/\/kapitalis.com\/tunisie\/#website\"},\"primaryImageOfPage\":{\"@id\":\"https:\/\/kapitalis.com\/tunisie\/2024\/04\/01\/chawki-tabib-devant-la-justice-precisions-de-son-comite-de-defense\/#primaryimage\"},\"image\":{\"@id\":\"https:\/\/kapitalis.com\/tunisie\/2024\/04\/01\/chawki-tabib-devant-la-justice-precisions-de-son-comite-de-defense\/#primaryimage\"},\"thumbnailUrl\":\"https:\/\/kapitalis.com\/tunisie\/wp-content\/uploads\/2024\/04\/Chawki-Tabib.jpg\",\"datePublished\":\"2024-04-01T18:46:39+00:00\",\"dateModified\":\"2024-04-01T18:56:23+00:00\",\"breadcrumb\":{\"@id\":\"https:\/\/kapitalis.com\/tunisie\/2024\/04\/01\/chawki-tabib-devant-la-justice-precisions-de-son-comite-de-defense\/#breadcrumb\"},\"inLanguage\":\"fr-FR\",\"potentialAction\":[{\"@type\":\"ReadAction\",\"target\":[\"https:\/\/kapitalis.com\/tunisie\/2024\/04\/01\/chawki-tabib-devant-la-justice-precisions-de-son-comite-de-defense\/\"]}]},{\"@type\":\"ImageObject\",\"inLanguage\":\"fr-FR\",\"@id\":\"https:\/\/kapitalis.com\/tunisie\/2024\/04\/01\/chawki-tabib-devant-la-justice-precisions-de-son-comite-de-defense\/#primaryimage\",\"url\":\"https:\/\/kapitalis.com\/tunisie\/wp-content\/uploads\/2024\/04\/Chawki-Tabib.jpg\",\"contentUrl\":\"https:\/\/kapitalis.com\/tunisie\/wp-content\/uploads\/2024\/04\/Chawki-Tabib.jpg\",\"width\":1200,\"height\":630},{\"@type\":\"BreadcrumbList\",\"@id\":\"https:\/\/kapitalis.com\/tunisie\/2024\/04\/01\/chawki-tabib-devant-la-justice-precisions-de-son-comite-de-defense\/#breadcrumb\",\"itemListElement\":[{\"@type\":\"ListItem\",\"position\":1,\"name\":\"Accueil\",\"item\":\"https:\/\/kapitalis.com\/tunisie\/\"},{\"@type\":\"ListItem\",\"position\":2,\"name\":\"Chawki Tabib devant la justice : Pr\u00e9cisions de son comit\u00e9 de d\u00e9fense\"}]},{\"@type\":\"WebSite\",\"@id\":\"https:\/\/kapitalis.com\/tunisie\/#website\",\"url\":\"https:\/\/kapitalis.com\/tunisie\/\",\"name\":\"Kapitalis\",\"description\":\"L&#039;actualit\u00e9 en Tunisie et dans le monde\",\"publisher\":{\"@id\":\"https:\/\/kapitalis.com\/tunisie\/#organization\"},\"potentialAction\":[{\"@type\":\"SearchAction\",\"target\":{\"@type\":\"EntryPoint\",\"urlTemplate\":\"https:\/\/kapitalis.com\/tunisie\/?s={search_term_string}\"},\"query-input\":{\"@type\":\"PropertyValueSpecification\",\"valueRequired\":true,\"valueName\":\"search_term_string\"}}],\"inLanguage\":\"fr-FR\"},{\"@type\":\"Organization\",\"@id\":\"https:\/\/kapitalis.com\/tunisie\/#organization\",\"name\":\"Kapitalis\",\"url\":\"https:\/\/kapitalis.com\/tunisie\/\",\"logo\":{\"@type\":\"ImageObject\",\"inLanguage\":\"fr-FR\",\"@id\":\"https:\/\/kapitalis.com\/tunisie\/#\/schema\/logo\/image\/\",\"url\":\"https:\/\/kapitalis.com\/tunisie\/wp-content\/uploads\/2022\/05\/Kapitalis-big-size.png\",\"contentUrl\":\"https:\/\/kapitalis.com\/tunisie\/wp-content\/uploads\/2022\/05\/Kapitalis-big-size.png\",\"width\":5000,\"height\":1500,\"caption\":\"Kapitalis\"},\"image\":{\"@id\":\"https:\/\/kapitalis.com\/tunisie\/#\/schema\/logo\/image\/\"},\"sameAs\":[\"https:\/\/www.facebook.com\/KapitalisInfo\/\",\"https:\/\/x.com\/KapitalisInfo\",\"https:\/\/www.youtube.com\/channel\/UC-yDYrHyfFBWWZaOw3FPg9Q\"]},{\"@type\":\"Person\",\"@id\":\"https:\/\/kapitalis.com\/tunisie\/#\/schema\/person\/74bbde0154d49d790a92aaeac5bc01d5\",\"name\":\"Yusra NY\",\"url\":\"https:\/\/kapitalis.com\/tunisie\/author\/yuza_adam\/\"}]}<\/script>\n<!-- \/ Yoast SEO plugin. -->","yoast_head_json":{"title":"Chawki Tabib devant la justice : Pr\u00e9cisions de son comit\u00e9 de d\u00e9fense - Kapitalis","robots":{"index":"index","follow":"follow","max-snippet":"max-snippet:-1","max-image-preview":"max-image-preview:large","max-video-preview":"max-video-preview:-1"},"canonical":"https:\/\/kapitalis.com\/tunisie\/2024\/04\/01\/chawki-tabib-devant-la-justice-precisions-de-son-comite-de-defense\/","og_locale":"fr_FR","og_type":"article","og_title":"Chawki Tabib devant la justice : Pr\u00e9cisions de son comit\u00e9 de d\u00e9fense - Kapitalis","og_description":"Le comit\u00e9 de d\u00e9fense de Me Chawki Tabib a publi\u00e9 un communiqu\u00e9, ce lundi 1er avril 2024, afin d&rsquo;apporter des pr\u00e9cisions sur la nouvelle affaire visant l&rsquo;ancien b\u00e2tonnier et ancien pr\u00e9sident de l\u2019Instance nationale de lutte contre la corruption (Inlucc).","og_url":"https:\/\/kapitalis.com\/tunisie\/2024\/04\/01\/chawki-tabib-devant-la-justice-precisions-de-son-comite-de-defense\/","og_site_name":"Kapitalis","article_publisher":"https:\/\/www.facebook.com\/KapitalisInfo\/","article_published_time":"2024-04-01T18:46:39+00:00","article_modified_time":"2024-04-01T18:56:23+00:00","og_image":[{"width":1200,"height":630,"url":"https:\/\/kapitalis.com\/tunisie\/wp-content\/uploads\/2024\/04\/Chawki-Tabib.jpg","type":"image\/jpeg"}],"author":"Yusra NY","twitter_card":"summary_large_image","twitter_creator":"@KapitalisInfo","twitter_site":"@KapitalisInfo","twitter_misc":{"\u00c9crit par":"Yusra NY","Dur\u00e9e de lecture estim\u00e9e":"1 minute"},"schema":{"@context":"https:\/\/schema.org","@graph":[{"@type":"Article","@id":"https:\/\/kapitalis.com\/tunisie\/2024\/04\/01\/chawki-tabib-devant-la-justice-precisions-de-son-comite-de-defense\/#article","isPartOf":{"@id":"https:\/\/kapitalis.com\/tunisie\/2024\/04\/01\/chawki-tabib-devant-la-justice-precisions-de-son-comite-de-defense\/"},"author":{"name":"Yusra NY","@id":"https:\/\/kapitalis.com\/tunisie\/#\/schema\/person\/74bbde0154d49d790a92aaeac5bc01d5"},"headline":"Chawki Tabib devant la justice : Pr\u00e9cisions de son comit\u00e9 de d\u00e9fense","datePublished":"2024-04-01T18:46:39+00:00","dateModified":"2024-04-01T18:56:23+00:00","mainEntityOfPage":{"@id":"https:\/\/kapitalis.com\/tunisie\/2024\/04\/01\/chawki-tabib-devant-la-justice-precisions-de-son-comite-de-defense\/"},"wordCount":291,"commentCount":0,"publisher":{"@id":"https:\/\/kapitalis.com\/tunisie\/#organization"},"image":{"@id":"https:\/\/kapitalis.com\/tunisie\/2024\/04\/01\/chawki-tabib-devant-la-justice-precisions-de-son-comite-de-defense\/#primaryimage"},"thumbnailUrl":"https:\/\/kapitalis.com\/tunisie\/wp-content\/uploads\/2024\/04\/Chawki-Tabib.jpg","keywords":["avocat","Chawki Tabib","comit\u00e9 de d\u00e9fense","INLUCC","Tunisie"],"articleSection":["POLITIQUE","SOCIETE","Tunisie"],"inLanguage":"fr-FR","potentialAction":[{"@type":"CommentAction","name":"Comment","target":["https:\/\/kapitalis.com\/tunisie\/2024\/04\/01\/chawki-tabib-devant-la-justice-precisions-de-son-comite-de-defense\/#respond"]}]},{"@type":"WebPage","@id":"https:\/\/kapitalis.com\/tunisie\/2024\/04\/01\/chawki-tabib-devant-la-justice-precisions-de-son-comite-de-defense\/","url":"https:\/\/kapitalis.com\/tunisie\/2024\/04\/01\/chawki-tabib-devant-la-justice-precisions-de-son-comite-de-defense\/","name":"Chawki Tabib devant la justice : Pr\u00e9cisions de son comit\u00e9 de d\u00e9fense - Kapitalis","isPartOf":{"@id":"https:\/\/kapitalis.com\/tunisie\/#website"},"primaryImageOfPage":{"@id":"https:\/\/kapitalis.com\/tunisie\/2024\/04\/01\/chawki-tabib-devant-la-justice-precisions-de-son-comite-de-defense\/#primaryimage"},"image":{"@id":"https:\/\/kapitalis.com\/tunisie\/2024\/04\/01\/chawki-tabib-devant-la-justice-precisions-de-son-comite-de-defense\/#primaryimage"},"thumbnailUrl":"https:\/\/kapitalis.com\/tunisie\/wp-content\/uploads\/2024\/04\/Chawki-Tabib.jpg","datePublished":"2024-04-01T18:46:39+00:00","dateModified":"2024-04-01T18:56:23+00:00","breadcrumb":{"@id":"https:\/\/kapitalis.com\/tunisie\/2024\/04\/01\/chawki-tabib-devant-la-justice-precisions-de-son-comite-de-defense\/#breadcrumb"},"inLanguage":"fr-FR","potentialAction":[{"@type":"ReadAction","target":["https:\/\/kapitalis.com\/tunisie\/2024\/04\/01\/chawki-tabib-devant-la-justice-precisions-de-son-comite-de-defense\/"]}]},{"@type":"ImageObject","inLanguage":"fr-FR","@id":"https:\/\/kapitalis.com\/tunisie\/2024\/04\/01\/chawki-tabib-devant-la-justice-precisions-de-son-comite-de-defense\/#primaryimage","url":"https:\/\/kapitalis.com\/tunisie\/wp-content\/uploads\/2024\/04\/Chawki-Tabib.jpg","contentUrl":"https:\/\/kapitalis.com\/tunisie\/wp-content\/uploads\/2024\/04\/Chawki-Tabib.jpg","width":1200,"height":630},{"@type":"BreadcrumbList","@id":"https:\/\/kapitalis.com\/tunisie\/2024\/04\/01\/chawki-tabib-devant-la-justice-precisions-de-son-comite-de-defense\/#breadcrumb","itemListElement":[{"@type":"ListItem","position":1,"name":"Accueil","item":"https:\/\/kapitalis.com\/tunisie\/"},{"@type":"ListItem","position":2,"name":"Chawki Tabib devant la justice : Pr\u00e9cisions de son comit\u00e9 de d\u00e9fense"}]},{"@type":"WebSite","@id":"https:\/\/kapitalis.com\/tunisie\/#website","url":"https:\/\/kapitalis.com\/tunisie\/","name":"Kapitalis","description":"L&#039;actualit\u00e9 en Tunisie et dans le monde","publisher":{"@id":"https:\/\/kapitalis.com\/tunisie\/#organization"},"potentialAction":[{"@type":"SearchAction","target":{"@type":"EntryPoint","urlTemplate":"https:\/\/kapitalis.com\/tunisie\/?s={search_term_string}"},"query-input":{"@type":"PropertyValueSpecification","valueRequired":true,"valueName":"search_term_string"}}],"inLanguage":"fr-FR"},{"@type":"Organization","@id":"https:\/\/kapitalis.com\/tunisie\/#organization","name":"Kapitalis","url":"https:\/\/kapitalis.com\/tunisie\/","logo":{"@type":"ImageObject","inLanguage":"fr-FR","@id":"https:\/\/kapitalis.com\/tunisie\/#\/schema\/logo\/image\/","url":"https:\/\/kapitalis.com\/tunisie\/wp-content\/uploads\/2022\/05\/Kapitalis-big-size.png","contentUrl":"https:\/\/kapitalis.com\/tunisie\/wp-content\/uploads\/2022\/05\/Kapitalis-big-size.png","width":5000,"height":1500,"caption":"Kapitalis"},"image":{"@id":"https:\/\/kapitalis.com\/tunisie\/#\/schema\/logo\/image\/"},"sameAs":["https:\/\/www.facebook.com\/KapitalisInfo\/","https:\/\/x.com\/KapitalisInfo","https:\/\/www.youtube.com\/channel\/UC-yDYrHyfFBWWZaOw3FPg9Q"]},{"@type":"Person","@id":"https:\/\/kapitalis.com\/tunisie\/#\/schema\/person\/74bbde0154d49d790a92aaeac5bc01d5","name":"Yusra NY","url":"https:\/\/kapitalis.com\/tunisie\/author\/yuza_adam\/"}]}},"_links":{"self":[{"href":"https:\/\/kapitalis.com\/tunisie\/wp-json\/wp\/v2\/posts\/12284162","targetHints":{"allow":["GET"]}}],"collection":[{"href":"https:\/\/kapitalis.com\/tunisie\/wp-json\/wp\/v2\/posts"}],"about":[{"href":"https:\/\/kapitalis.com\/tunisie\/wp-json\/wp\/v2\/types\/post"}],"author":[{"embeddable":true,"href":"https:\/\/kapitalis.com\/tunisie\/wp-json\/wp\/v2\/users\/6"}],"replies":[{"embeddable":true,"href":"https:\/\/kapitalis.com\/tunisie\/wp-json\/wp\/v2\/comments?post=12284162"}],"version-history":[{"count":1,"href":"https:\/\/kapitalis.com\/tunisie\/wp-json\/wp\/v2\/posts\/12284162\/revisions"}],"predecessor-version":[{"id":12284183,"href":"https:\/\/kapitalis.com\/tunisie\/wp-json\/wp\/v2\/posts\/12284162\/revisions\/12284183"}],"wp:featuredmedia":[{"embeddable":true,"href":"https:\/\/kapitalis.com\/tunisie\/wp-json\/wp\/v2\/media\/12284179"}],"wp:attachment":[{"href":"https:\/\/kapitalis.com\/tunisie\/wp-json\/wp\/v2\/media?parent=12284162"}],"wp:term":[{"taxonomy":"category","embeddable":true,"href":"https:\/\/kapitalis.com\/tunisie\/wp-json\/wp\/v2\/categories?post=12284162"},{"taxonomy":"post_tag","embeddable":true,"href":"https:\/\/kapitalis.com\/tunisie\/wp-json\/wp\/v2\/tags?post=12284162"}],"curies":[{"name":"wp","href":"https:\/\/api.w.org\/{rel}","templated":true}]}}