{"id":12287244,"date":"2024-04-02T07:14:14","date_gmt":"2024-04-02T06:14:14","guid":{"rendered":"https:\/\/kapitalis.com\/tunisie\/?p=12287244"},"modified":"2024-04-02T07:14:16","modified_gmt":"2024-04-02T06:14:16","slug":"prix-comar-dor-romans-en-lice-pour-la-28e-edition","status":"publish","type":"post","link":"https:\/\/kapitalis.com\/tunisie\/2024\/04\/02\/prix-comar-dor-romans-en-lice-pour-la-28e-edition\/","title":{"rendered":"Prix Comar\u00a0d&rsquo;Or : romans en lice pour la 28e \u00e9dition"},"content":{"rendered":"\n<p><strong><em>Les Assurances Comar ont rendu publique la liste des romans en lice pour la 28e \u00e9dition des Prix Comar d\u2019Or pour les romans tunisiens parus en fran\u00e7ais et en arabe entre le 1<sup>er<\/sup> avril 2023 et le 31 mars 2024 (voir ci-dessous). <\/em><\/strong><em>(Illustration: laur\u00e9ats de la 27e \u00e9dition).<\/em><\/p>\n\n\n\n<!--more-->\n\n\n\n<p>La date limite pour la r\u00e9ception des candidatures pour cette \u00e9dition est fix\u00e9e \u00e0 aujourd\u2019hui, mardi 2 avril 2024. La liste d\u00e9finitive para\u00eetra dans les prochains jours. <\/p>\n\n\n<div class=\"wp-block-image\">\n<figure class=\"aligncenter size-full\"><img loading=\"lazy\" decoding=\"async\" width=\"800\" height=\"800\" src=\"https:\/\/kapitalis.com\/tunisie\/wp-content\/uploads\/2024\/04\/Comar-fran.jpg\" alt=\"\" class=\"wp-image-12287273\" srcset=\"https:\/\/kapitalis.com\/tunisie\/wp-content\/uploads\/2024\/04\/Comar-fran.jpg 800w, https:\/\/kapitalis.com\/tunisie\/wp-content\/uploads\/2024\/04\/Comar-fran-300x300.jpg 300w, https:\/\/kapitalis.com\/tunisie\/wp-content\/uploads\/2024\/04\/Comar-fran-150x150.jpg 150w, https:\/\/kapitalis.com\/tunisie\/wp-content\/uploads\/2024\/04\/Comar-fran-768x768.jpg 768w, https:\/\/kapitalis.com\/tunisie\/wp-content\/uploads\/2024\/04\/Comar-fran-120x120.jpg 120w, https:\/\/kapitalis.com\/tunisie\/wp-content\/uploads\/2024\/04\/Comar-fran-360x360.jpg 360w, https:\/\/kapitalis.com\/tunisie\/wp-content\/uploads\/2024\/04\/Comar-fran-580x580.jpg 580w\" sizes=\"auto, (max-width: 800px) 100vw, 800px\" \/><\/figure>\n<\/div>\n\n\n<p>\u00a0\u00a0<\/p>\n","protected":false},"excerpt":{"rendered":"<p>Liste provisoire des romans en lice pour la 28e \u00e9dition des Prix Comar d\u2019Or pour les romans tunisiens parus en fran\u00e7ais et en arabe. <\/p>\n","protected":false},"author":8,"featured_media":10789327,"comment_status":"open","ping_status":"open","sticky":false,"template":"","format":"standard","meta":{"footnotes":""},"categories":[994,2433],"tags":[22214,17282,15816],"class_list":["post-12287244","post","type-post","status-publish","format-standard","has-post-thumbnail","hentry","category-culture","category-tunisie","tag-assurances-comar","tag-comar-dor","tag-roman-tunisien"],"yoast_head":"<!-- This site is optimized with the Yoast SEO plugin v26.6 - https:\/\/yoast.com\/wordpress\/plugins\/seo\/ -->\n<title>Prix Comar\u00a0d&#039;Or : romans en lice pour la 28e \u00e9dition - Kapitalis<\/title>\n<meta name=\"robots\" content=\"index, follow, max-snippet:-1, max-image-preview:large, max-video-preview:-1\" \/>\n<link rel=\"canonical\" href=\"https:\/\/kapitalis.com\/tunisie\/2024\/04\/02\/prix-comar-dor-romans-en-lice-pour-la-28e-edition\/\" \/>\n<meta property=\"og:locale\" content=\"fr_FR\" \/>\n<meta property=\"og:type\" content=\"article\" \/>\n<meta property=\"og:title\" content=\"Prix Comar\u00a0d&#039;Or : romans en lice pour la 28e \u00e9dition - Kapitalis\" \/>\n<meta property=\"og:description\" content=\"Liste provisoire des romans en lice pour la 28e \u00e9dition des Prix Comar d\u2019Or pour les romans tunisiens parus en fran\u00e7ais et en arabe.\" \/>\n<meta property=\"og:url\" content=\"https:\/\/kapitalis.com\/tunisie\/2024\/04\/02\/prix-comar-dor-romans-en-lice-pour-la-28e-edition\/\" \/>\n<meta property=\"og:site_name\" content=\"Kapitalis\" \/>\n<meta property=\"article:publisher\" content=\"https:\/\/www.facebook.com\/KapitalisInfo\/\" \/>\n<meta property=\"article:published_time\" content=\"2024-04-02T06:14:14+00:00\" \/>\n<meta property=\"article:modified_time\" content=\"2024-04-02T06:14:16+00:00\" \/>\n<meta property=\"og:image\" content=\"https:\/\/kapitalis.com\/tunisie\/wp-content\/uploads\/2023\/12\/Laureat-Comar-Or-2023.jpg\" \/>\n\t<meta property=\"og:image:width\" content=\"1200\" \/>\n\t<meta property=\"og:image:height\" content=\"630\" \/>\n\t<meta property=\"og:image:type\" content=\"image\/jpeg\" \/>\n<meta name=\"author\" content=\"webmaster kapitalis\" \/>\n<meta name=\"twitter:card\" content=\"summary_large_image\" \/>\n<meta name=\"twitter:creator\" content=\"@KapitalisInfo\" \/>\n<meta name=\"twitter:site\" content=\"@KapitalisInfo\" \/>\n<meta name=\"twitter:label1\" content=\"\u00c9crit par\" \/>\n\t<meta name=\"twitter:data1\" content=\"webmaster kapitalis\" \/>\n\t<meta name=\"twitter:label2\" content=\"Dur\u00e9e de lecture estim\u00e9e\" \/>\n\t<meta name=\"twitter:data2\" content=\"1 minute\" \/>\n<script type=\"application\/ld+json\" class=\"yoast-schema-graph\">{\"@context\":\"https:\/\/schema.org\",\"@graph\":[{\"@type\":\"Article\",\"@id\":\"https:\/\/kapitalis.com\/tunisie\/2024\/04\/02\/prix-comar-dor-romans-en-lice-pour-la-28e-edition\/#article\",\"isPartOf\":{\"@id\":\"https:\/\/kapitalis.com\/tunisie\/2024\/04\/02\/prix-comar-dor-romans-en-lice-pour-la-28e-edition\/\"},\"author\":{\"name\":\"webmaster kapitalis\",\"@id\":\"https:\/\/kapitalis.com\/tunisie\/#\/schema\/person\/d71f33a9ca44f7bad4698210b480c8e9\"},\"headline\":\"Prix Comar\u00a0d&rsquo;Or : romans en lice pour la 28e \u00e9dition\",\"datePublished\":\"2024-04-02T06:14:14+00:00\",\"dateModified\":\"2024-04-02T06:14:16+00:00\",\"mainEntityOfPage\":{\"@id\":\"https:\/\/kapitalis.com\/tunisie\/2024\/04\/02\/prix-comar-dor-romans-en-lice-pour-la-28e-edition\/\"},\"wordCount\":87,\"commentCount\":0,\"publisher\":{\"@id\":\"https:\/\/kapitalis.com\/tunisie\/#organization\"},\"image\":{\"@id\":\"https:\/\/kapitalis.com\/tunisie\/2024\/04\/02\/prix-comar-dor-romans-en-lice-pour-la-28e-edition\/#primaryimage\"},\"thumbnailUrl\":\"https:\/\/kapitalis.com\/tunisie\/wp-content\/uploads\/2023\/12\/Laureat-Comar-Or-2023.jpg\",\"keywords\":[\"Assurances Comar\",\"Comar d'Or\",\"roman tunisien\"],\"articleSection\":[\"CULTURE\",\"Tunisie\"],\"inLanguage\":\"fr-FR\",\"potentialAction\":[{\"@type\":\"CommentAction\",\"name\":\"Comment\",\"target\":[\"https:\/\/kapitalis.com\/tunisie\/2024\/04\/02\/prix-comar-dor-romans-en-lice-pour-la-28e-edition\/#respond\"]}]},{\"@type\":\"WebPage\",\"@id\":\"https:\/\/kapitalis.com\/tunisie\/2024\/04\/02\/prix-comar-dor-romans-en-lice-pour-la-28e-edition\/\",\"url\":\"https:\/\/kapitalis.com\/tunisie\/2024\/04\/02\/prix-comar-dor-romans-en-lice-pour-la-28e-edition\/\",\"name\":\"Prix Comar\u00a0d'Or : romans en lice pour la 28e \u00e9dition - Kapitalis\",\"isPartOf\":{\"@id\":\"https:\/\/kapitalis.com\/tunisie\/#website\"},\"primaryImageOfPage\":{\"@id\":\"https:\/\/kapitalis.com\/tunisie\/2024\/04\/02\/prix-comar-dor-romans-en-lice-pour-la-28e-edition\/#primaryimage\"},\"image\":{\"@id\":\"https:\/\/kapitalis.com\/tunisie\/2024\/04\/02\/prix-comar-dor-romans-en-lice-pour-la-28e-edition\/#primaryimage\"},\"thumbnailUrl\":\"https:\/\/kapitalis.com\/tunisie\/wp-content\/uploads\/2023\/12\/Laureat-Comar-Or-2023.jpg\",\"datePublished\":\"2024-04-02T06:14:14+00:00\",\"dateModified\":\"2024-04-02T06:14:16+00:00\",\"breadcrumb\":{\"@id\":\"https:\/\/kapitalis.com\/tunisie\/2024\/04\/02\/prix-comar-dor-romans-en-lice-pour-la-28e-edition\/#breadcrumb\"},\"inLanguage\":\"fr-FR\",\"potentialAction\":[{\"@type\":\"ReadAction\",\"target\":[\"https:\/\/kapitalis.com\/tunisie\/2024\/04\/02\/prix-comar-dor-romans-en-lice-pour-la-28e-edition\/\"]}]},{\"@type\":\"ImageObject\",\"inLanguage\":\"fr-FR\",\"@id\":\"https:\/\/kapitalis.com\/tunisie\/2024\/04\/02\/prix-comar-dor-romans-en-lice-pour-la-28e-edition\/#primaryimage\",\"url\":\"https:\/\/kapitalis.com\/tunisie\/wp-content\/uploads\/2023\/12\/Laureat-Comar-Or-2023.jpg\",\"contentUrl\":\"https:\/\/kapitalis.com\/tunisie\/wp-content\/uploads\/2023\/12\/Laureat-Comar-Or-2023.jpg\",\"width\":1200,\"height\":630},{\"@type\":\"BreadcrumbList\",\"@id\":\"https:\/\/kapitalis.com\/tunisie\/2024\/04\/02\/prix-comar-dor-romans-en-lice-pour-la-28e-edition\/#breadcrumb\",\"itemListElement\":[{\"@type\":\"ListItem\",\"position\":1,\"name\":\"Accueil\",\"item\":\"https:\/\/kapitalis.com\/tunisie\/\"},{\"@type\":\"ListItem\",\"position\":2,\"name\":\"Prix Comar\u00a0d&rsquo;Or : romans en lice pour la 28e \u00e9dition\"}]},{\"@type\":\"WebSite\",\"@id\":\"https:\/\/kapitalis.com\/tunisie\/#website\",\"url\":\"https:\/\/kapitalis.com\/tunisie\/\",\"name\":\"Kapitalis\",\"description\":\"L&#039;actualit\u00e9 en Tunisie et dans le monde\",\"publisher\":{\"@id\":\"https:\/\/kapitalis.com\/tunisie\/#organization\"},\"potentialAction\":[{\"@type\":\"SearchAction\",\"target\":{\"@type\":\"EntryPoint\",\"urlTemplate\":\"https:\/\/kapitalis.com\/tunisie\/?s={search_term_string}\"},\"query-input\":{\"@type\":\"PropertyValueSpecification\",\"valueRequired\":true,\"valueName\":\"search_term_string\"}}],\"inLanguage\":\"fr-FR\"},{\"@type\":\"Organization\",\"@id\":\"https:\/\/kapitalis.com\/tunisie\/#organization\",\"name\":\"Kapitalis\",\"url\":\"https:\/\/kapitalis.com\/tunisie\/\",\"logo\":{\"@type\":\"ImageObject\",\"inLanguage\":\"fr-FR\",\"@id\":\"https:\/\/kapitalis.com\/tunisie\/#\/schema\/logo\/image\/\",\"url\":\"https:\/\/kapitalis.com\/tunisie\/wp-content\/uploads\/2022\/05\/Kapitalis-big-size.png\",\"contentUrl\":\"https:\/\/kapitalis.com\/tunisie\/wp-content\/uploads\/2022\/05\/Kapitalis-big-size.png\",\"width\":5000,\"height\":1500,\"caption\":\"Kapitalis\"},\"image\":{\"@id\":\"https:\/\/kapitalis.com\/tunisie\/#\/schema\/logo\/image\/\"},\"sameAs\":[\"https:\/\/www.facebook.com\/KapitalisInfo\/\",\"https:\/\/x.com\/KapitalisInfo\",\"https:\/\/www.youtube.com\/channel\/UC-yDYrHyfFBWWZaOw3FPg9Q\"]},{\"@type\":\"Person\",\"@id\":\"https:\/\/kapitalis.com\/tunisie\/#\/schema\/person\/d71f33a9ca44f7bad4698210b480c8e9\",\"name\":\"webmaster kapitalis\",\"url\":\"https:\/\/kapitalis.com\/tunisie\/author\/webmaster-kapitalis\/\"}]}<\/script>\n<!-- \/ Yoast SEO plugin. -->","yoast_head_json":{"title":"Prix Comar\u00a0d'Or : romans en lice pour la 28e \u00e9dition - Kapitalis","robots":{"index":"index","follow":"follow","max-snippet":"max-snippet:-1","max-image-preview":"max-image-preview:large","max-video-preview":"max-video-preview:-1"},"canonical":"https:\/\/kapitalis.com\/tunisie\/2024\/04\/02\/prix-comar-dor-romans-en-lice-pour-la-28e-edition\/","og_locale":"fr_FR","og_type":"article","og_title":"Prix Comar\u00a0d'Or : romans en lice pour la 28e \u00e9dition - Kapitalis","og_description":"Liste provisoire des romans en lice pour la 28e \u00e9dition des Prix Comar d\u2019Or pour les romans tunisiens parus en fran\u00e7ais et en arabe.","og_url":"https:\/\/kapitalis.com\/tunisie\/2024\/04\/02\/prix-comar-dor-romans-en-lice-pour-la-28e-edition\/","og_site_name":"Kapitalis","article_publisher":"https:\/\/www.facebook.com\/KapitalisInfo\/","article_published_time":"2024-04-02T06:14:14+00:00","article_modified_time":"2024-04-02T06:14:16+00:00","og_image":[{"width":1200,"height":630,"url":"https:\/\/kapitalis.com\/tunisie\/wp-content\/uploads\/2023\/12\/Laureat-Comar-Or-2023.jpg","type":"image\/jpeg"}],"author":"webmaster kapitalis","twitter_card":"summary_large_image","twitter_creator":"@KapitalisInfo","twitter_site":"@KapitalisInfo","twitter_misc":{"\u00c9crit par":"webmaster kapitalis","Dur\u00e9e de lecture estim\u00e9e":"1 minute"},"schema":{"@context":"https:\/\/schema.org","@graph":[{"@type":"Article","@id":"https:\/\/kapitalis.com\/tunisie\/2024\/04\/02\/prix-comar-dor-romans-en-lice-pour-la-28e-edition\/#article","isPartOf":{"@id":"https:\/\/kapitalis.com\/tunisie\/2024\/04\/02\/prix-comar-dor-romans-en-lice-pour-la-28e-edition\/"},"author":{"name":"webmaster kapitalis","@id":"https:\/\/kapitalis.com\/tunisie\/#\/schema\/person\/d71f33a9ca44f7bad4698210b480c8e9"},"headline":"Prix Comar\u00a0d&rsquo;Or : romans en lice pour la 28e \u00e9dition","datePublished":"2024-04-02T06:14:14+00:00","dateModified":"2024-04-02T06:14:16+00:00","mainEntityOfPage":{"@id":"https:\/\/kapitalis.com\/tunisie\/2024\/04\/02\/prix-comar-dor-romans-en-lice-pour-la-28e-edition\/"},"wordCount":87,"commentCount":0,"publisher":{"@id":"https:\/\/kapitalis.com\/tunisie\/#organization"},"image":{"@id":"https:\/\/kapitalis.com\/tunisie\/2024\/04\/02\/prix-comar-dor-romans-en-lice-pour-la-28e-edition\/#primaryimage"},"thumbnailUrl":"https:\/\/kapitalis.com\/tunisie\/wp-content\/uploads\/2023\/12\/Laureat-Comar-Or-2023.jpg","keywords":["Assurances Comar","Comar d'Or","roman tunisien"],"articleSection":["CULTURE","Tunisie"],"inLanguage":"fr-FR","potentialAction":[{"@type":"CommentAction","name":"Comment","target":["https:\/\/kapitalis.com\/tunisie\/2024\/04\/02\/prix-comar-dor-romans-en-lice-pour-la-28e-edition\/#respond"]}]},{"@type":"WebPage","@id":"https:\/\/kapitalis.com\/tunisie\/2024\/04\/02\/prix-comar-dor-romans-en-lice-pour-la-28e-edition\/","url":"https:\/\/kapitalis.com\/tunisie\/2024\/04\/02\/prix-comar-dor-romans-en-lice-pour-la-28e-edition\/","name":"Prix Comar\u00a0d'Or : romans en lice pour la 28e \u00e9dition - Kapitalis","isPartOf":{"@id":"https:\/\/kapitalis.com\/tunisie\/#website"},"primaryImageOfPage":{"@id":"https:\/\/kapitalis.com\/tunisie\/2024\/04\/02\/prix-comar-dor-romans-en-lice-pour-la-28e-edition\/#primaryimage"},"image":{"@id":"https:\/\/kapitalis.com\/tunisie\/2024\/04\/02\/prix-comar-dor-romans-en-lice-pour-la-28e-edition\/#primaryimage"},"thumbnailUrl":"https:\/\/kapitalis.com\/tunisie\/wp-content\/uploads\/2023\/12\/Laureat-Comar-Or-2023.jpg","datePublished":"2024-04-02T06:14:14+00:00","dateModified":"2024-04-02T06:14:16+00:00","breadcrumb":{"@id":"https:\/\/kapitalis.com\/tunisie\/2024\/04\/02\/prix-comar-dor-romans-en-lice-pour-la-28e-edition\/#breadcrumb"},"inLanguage":"fr-FR","potentialAction":[{"@type":"ReadAction","target":["https:\/\/kapitalis.com\/tunisie\/2024\/04\/02\/prix-comar-dor-romans-en-lice-pour-la-28e-edition\/"]}]},{"@type":"ImageObject","inLanguage":"fr-FR","@id":"https:\/\/kapitalis.com\/tunisie\/2024\/04\/02\/prix-comar-dor-romans-en-lice-pour-la-28e-edition\/#primaryimage","url":"https:\/\/kapitalis.com\/tunisie\/wp-content\/uploads\/2023\/12\/Laureat-Comar-Or-2023.jpg","contentUrl":"https:\/\/kapitalis.com\/tunisie\/wp-content\/uploads\/2023\/12\/Laureat-Comar-Or-2023.jpg","width":1200,"height":630},{"@type":"BreadcrumbList","@id":"https:\/\/kapitalis.com\/tunisie\/2024\/04\/02\/prix-comar-dor-romans-en-lice-pour-la-28e-edition\/#breadcrumb","itemListElement":[{"@type":"ListItem","position":1,"name":"Accueil","item":"https:\/\/kapitalis.com\/tunisie\/"},{"@type":"ListItem","position":2,"name":"Prix Comar\u00a0d&rsquo;Or : romans en lice pour la 28e \u00e9dition"}]},{"@type":"WebSite","@id":"https:\/\/kapitalis.com\/tunisie\/#website","url":"https:\/\/kapitalis.com\/tunisie\/","name":"Kapitalis","description":"L&#039;actualit\u00e9 en Tunisie et dans le monde","publisher":{"@id":"https:\/\/kapitalis.com\/tunisie\/#organization"},"potentialAction":[{"@type":"SearchAction","target":{"@type":"EntryPoint","urlTemplate":"https:\/\/kapitalis.com\/tunisie\/?s={search_term_string}"},"query-input":{"@type":"PropertyValueSpecification","valueRequired":true,"valueName":"search_term_string"}}],"inLanguage":"fr-FR"},{"@type":"Organization","@id":"https:\/\/kapitalis.com\/tunisie\/#organization","name":"Kapitalis","url":"https:\/\/kapitalis.com\/tunisie\/","logo":{"@type":"ImageObject","inLanguage":"fr-FR","@id":"https:\/\/kapitalis.com\/tunisie\/#\/schema\/logo\/image\/","url":"https:\/\/kapitalis.com\/tunisie\/wp-content\/uploads\/2022\/05\/Kapitalis-big-size.png","contentUrl":"https:\/\/kapitalis.com\/tunisie\/wp-content\/uploads\/2022\/05\/Kapitalis-big-size.png","width":5000,"height":1500,"caption":"Kapitalis"},"image":{"@id":"https:\/\/kapitalis.com\/tunisie\/#\/schema\/logo\/image\/"},"sameAs":["https:\/\/www.facebook.com\/KapitalisInfo\/","https:\/\/x.com\/KapitalisInfo","https:\/\/www.youtube.com\/channel\/UC-yDYrHyfFBWWZaOw3FPg9Q"]},{"@type":"Person","@id":"https:\/\/kapitalis.com\/tunisie\/#\/schema\/person\/d71f33a9ca44f7bad4698210b480c8e9","name":"webmaster kapitalis","url":"https:\/\/kapitalis.com\/tunisie\/author\/webmaster-kapitalis\/"}]}},"_links":{"self":[{"href":"https:\/\/kapitalis.com\/tunisie\/wp-json\/wp\/v2\/posts\/12287244","targetHints":{"allow":["GET"]}}],"collection":[{"href":"https:\/\/kapitalis.com\/tunisie\/wp-json\/wp\/v2\/posts"}],"about":[{"href":"https:\/\/kapitalis.com\/tunisie\/wp-json\/wp\/v2\/types\/post"}],"author":[{"embeddable":true,"href":"https:\/\/kapitalis.com\/tunisie\/wp-json\/wp\/v2\/users\/8"}],"replies":[{"embeddable":true,"href":"https:\/\/kapitalis.com\/tunisie\/wp-json\/wp\/v2\/comments?post=12287244"}],"version-history":[{"count":1,"href":"https:\/\/kapitalis.com\/tunisie\/wp-json\/wp\/v2\/posts\/12287244\/revisions"}],"predecessor-version":[{"id":12287298,"href":"https:\/\/kapitalis.com\/tunisie\/wp-json\/wp\/v2\/posts\/12287244\/revisions\/12287298"}],"wp:featuredmedia":[{"embeddable":true,"href":"https:\/\/kapitalis.com\/tunisie\/wp-json\/wp\/v2\/media\/10789327"}],"wp:attachment":[{"href":"https:\/\/kapitalis.com\/tunisie\/wp-json\/wp\/v2\/media?parent=12287244"}],"wp:term":[{"taxonomy":"category","embeddable":true,"href":"https:\/\/kapitalis.com\/tunisie\/wp-json\/wp\/v2\/categories?post=12287244"},{"taxonomy":"post_tag","embeddable":true,"href":"https:\/\/kapitalis.com\/tunisie\/wp-json\/wp\/v2\/tags?post=12287244"}],"curies":[{"name":"wp","href":"https:\/\/api.w.org\/{rel}","templated":true}]}}