{"id":12287976,"date":"2024-04-02T08:54:39","date_gmt":"2024-04-02T07:54:39","guid":{"rendered":"https:\/\/kapitalis.com\/tunisie\/?p=12287976"},"modified":"2024-04-02T08:54:41","modified_gmt":"2024-04-02T07:54:41","slug":"exposition-et-seminaire-la-cartographie-historique-de-la-palestine","status":"publish","type":"post","link":"https:\/\/kapitalis.com\/tunisie\/2024\/04\/02\/exposition-et-seminaire-la-cartographie-historique-de-la-palestine\/","title":{"rendered":"Exposition et s\u00e9minaire\u00a0: La cartographie historique de la Palestine"},"content":{"rendered":"\n<p><strong><em>Le Pavillon Habib Bourguiba de la Maison de Tunisie \u00e0 Paris accueille depuis le 1er mars 2024 une exposition in\u00e9dite intitul\u00e9e \u00abG\u00e9ographie historique de la Palestine\u00bb. L\u2019\u00e9quipe scientifique de l\u2019exposition et du s\u00e9minaire y aff\u00e9rent est dirig\u00e9e par l\u2019historien et professeur \u00e9m\u00e9rite Abdelhamid Largu\u00e8che. Elle comprend notamment les universitaires Afef Mbarek et Imen Bahri. <\/em><\/strong><em>(Illustration : Description de la terre sainte de Palestine, r\u00e9alis\u00e9e en 1557, une carte biblique latine, les noms des tribus, des lieux bibliques.)<\/em><\/p>\n\n\n\n<!--more-->\n\n\n\n<p>Les auteurs ont fait un travail de fouille cartographiques dans les centres d\u2019archives et les biblioth\u00e8ques num\u00e9riques du monde.<\/p>\n\n\n\n<p>Pas moins de 100 cartes couvrant 10 si\u00e8cles d\u2019histoire, confectionn\u00e9es principalement dans des ateliers en Europe li\u00e9s soit aux \u00e9glises soit aux cabinets des g\u00e9ographes de rois, nous r\u00e9v\u00e8lent les charmes de ces cartes historiques, v\u00e9ritables tapisseries d\u2019art pour les artistes contemporains.<\/p>\n\n\n\n<p>Mais derri\u00e8re cette beaut\u00e9, faite de couleurs et de reliefs, se cache le myst\u00e8re de ces cartes\u00a0: il s\u2019agit des mille et une l\u00e9gendes bibliques que racontent ces cartes.<\/p>\n\n\n\n<h2 class=\"wp-block-heading\">L\u2019Invention de la terre sainte<\/h2>\n\n\n\n<p>En effet, le secret de ces cartes c\u2019est qu\u2019elles fondent la sacralit\u00e9 des lieux bibliques, celle du christianisme naissant depuis les lieux de la naissance de J\u00e9sus jusqu\u2019\u00e0 son lieu de s\u00e9pulture.<\/p>\n\n\n\n<p>Non seulement J\u00e9rusalem, mais Bethlehem, Nazareth, H\u00e9bron.<\/p>\n\n\n\n<p>Une topographie l\u00e9gendaire fonde ces lieux saints qui l\u00e9gitiment jusqu\u2019\u00e0 aujourd\u2019hui la Terre Sainte de Palestine, terre promise \u00e0 un peuple, qui n\u2019est pas le peuple historique qui occupe ces terres depuis de longs si\u00e8cles.<\/p>\n\n\n\n<p>Cette cartographie imaginaire de l\u2019\u00e9glise catholique et puis \u00e9vang\u00e9lique \u00e0 partir du XVIIIe si\u00e8cle fait de cette terre celle d\u2019un peuple de la diaspora destin\u00e9 \u00e0 la terre promise.<\/p>\n\n\n\n<p>Cette cartographie imaginaire, \u00e0 th\u00e8mes mythologiques a, depuis sa naissance, rompu avec l\u2019h\u00e9ritage grec, celui de Ptol\u00e9m\u00e9e, pour renouer avec le mythe de la terre plate, circulaire, encercl\u00e9e par les oc\u00e9ans et dont le centre est situ\u00e9 \u00e0 J\u00e9rusalem.<\/p>\n\n\n\n<p>Al-Idrissi, continuateur de l\u2019h\u00e9ritage grec en mati\u00e8re de cartographie en M\u00e9diterran\u00e9e, se sentait bien seul dans cette M\u00e9diterran\u00e9e devenue chr\u00e9tienne et vers\u00e9e dans la Bible comme unique source de savoir.<\/p>\n\n\n<div class=\"wp-block-image\">\n<figure class=\"aligncenter size-full\"><img loading=\"lazy\" decoding=\"async\" width=\"800\" height=\"500\" src=\"https:\/\/kapitalis.com\/tunisie\/wp-content\/uploads\/2024\/04\/Carte-Palestine-1320.jpg\" alt=\"\" class=\"wp-image-12288032\" srcset=\"https:\/\/kapitalis.com\/tunisie\/wp-content\/uploads\/2024\/04\/Carte-Palestine-1320.jpg 800w, https:\/\/kapitalis.com\/tunisie\/wp-content\/uploads\/2024\/04\/Carte-Palestine-1320-300x188.jpg 300w, https:\/\/kapitalis.com\/tunisie\/wp-content\/uploads\/2024\/04\/Carte-Palestine-1320-768x480.jpg 768w, https:\/\/kapitalis.com\/tunisie\/wp-content\/uploads\/2024\/04\/Carte-Palestine-1320-580x363.jpg 580w\" sizes=\"auto, (max-width: 800px) 100vw, 800px\" \/><\/figure>\n<\/div>\n\n\n<p class=\"has-text-align-center\"><em>Carte v\u00e9nitienne datant de 1320, l\u2019auteur Marino Sanudo, voyageur pieux, a fait cinq fois le voyage en Orient et a cartographi\u00e9 cette carte dans l\u2019esprit de faire revivre l\u2019esprit des croisades. Cette carte fait partie d\u2019un ensemble de cartes et documents d\u00e9di\u00e9s au Pape et au Roi de France.<\/em><\/p>\n\n\n\n<h2 class=\"wp-block-heading\">Les portulans ottomans<\/h2>\n\n\n\n<p>De leur c\u00f4t\u00e9, les Ottomans, h\u00e9ritiers aussi de cet h\u00e9ritage grec \u00e0 leur fa\u00e7on, ont d\u00e9velopp\u00e9 leur propre cartographie centr\u00e9e principalement sur les c\u00f4tes et les portulans de Piri Reis dans l\u2019esprit de mieux contr\u00f4ler les fronti\u00e8res maritimes d\u2019un empire en proie \u00e0 des guerres avec l\u2019Empire espagnol.<\/p>\n\n\n<div class=\"wp-block-image\">\n<figure class=\"aligncenter size-full\"><img loading=\"lazy\" decoding=\"async\" width=\"800\" height=\"500\" src=\"https:\/\/kapitalis.com\/tunisie\/wp-content\/uploads\/2024\/04\/Carte-Palestine-Ottomane-1570.jpg\" alt=\"\" class=\"wp-image-12288043\" srcset=\"https:\/\/kapitalis.com\/tunisie\/wp-content\/uploads\/2024\/04\/Carte-Palestine-Ottomane-1570.jpg 800w, https:\/\/kapitalis.com\/tunisie\/wp-content\/uploads\/2024\/04\/Carte-Palestine-Ottomane-1570-300x188.jpg 300w, https:\/\/kapitalis.com\/tunisie\/wp-content\/uploads\/2024\/04\/Carte-Palestine-Ottomane-1570-768x480.jpg 768w, https:\/\/kapitalis.com\/tunisie\/wp-content\/uploads\/2024\/04\/Carte-Palestine-Ottomane-1570-580x363.jpg 580w\" sizes=\"auto, (max-width: 800px) 100vw, 800px\" \/><\/figure>\n<\/div>\n\n\n<p class=\"has-text-align-center\"><em><strong>1- <\/strong>Carte ottomane de 1570 de la m\u00e9diterran\u00e9e orientale avec le nom des principales villes c\u00f4ti\u00e8res. Cette carte est expos\u00e9e au Mus\u00e9e des arts nautiques au Maryland, USA.<br><strong>2- <\/strong>Palestine, tribus et noms des lieux bibliques, de p\u00e9riode ottomane: <br>la cartographie scientifique en contexte colonial.<\/em><\/p>\n\n\n\n<p>Il faut attendre le XIXe si\u00e8cle, si\u00e8cle des empires coloniaux, pour voir la r\u00e9conciliation de l\u2019\u00c9glise et de la science se traduire par une cartographie rigoureuse et scientifique surtout avec la mont\u00e9e de l\u2019\u00e9cole cartographique allemande aussi syst\u00e9matique que rigoureuse.<\/p>\n\n\n\n<p>Mais la rigueur scientifique bas\u00e9e sur les relev\u00e9s du terrain et l\u2019arpentage du territoire n\u2019emp\u00eache pas la permanence de cet h\u00e9ritage biblique devenu une v\u00e9rit\u00e9 immuable et axiomatique\u00a0: la Palestine reste toujours dans ces cartes une terre des 12 tribus enfants de Jacob des anciens royaumes de Salomon et de David. Les Philistins, ces peuples de la mer, restent comprim\u00e9s dans cette bande autour de la l\u00e9gendaire ville de Gaza.<\/p>\n\n\n<div class=\"wp-block-image\">\n<figure class=\"aligncenter size-full\"><img loading=\"lazy\" decoding=\"async\" width=\"800\" height=\"600\" src=\"https:\/\/kapitalis.com\/tunisie\/wp-content\/uploads\/2024\/04\/Carte-Palestine-1858.jpg\" alt=\"\" class=\"wp-image-12288110\" srcset=\"https:\/\/kapitalis.com\/tunisie\/wp-content\/uploads\/2024\/04\/Carte-Palestine-1858.jpg 800w, https:\/\/kapitalis.com\/tunisie\/wp-content\/uploads\/2024\/04\/Carte-Palestine-1858-300x225.jpg 300w, https:\/\/kapitalis.com\/tunisie\/wp-content\/uploads\/2024\/04\/Carte-Palestine-1858-768x576.jpg 768w, https:\/\/kapitalis.com\/tunisie\/wp-content\/uploads\/2024\/04\/Carte-Palestine-1858-580x435.jpg 580w\" sizes=\"auto, (max-width: 800px) 100vw, 800px\" \/><\/figure>\n<\/div>\n\n\n<p class=\"has-text-align-center\"><em><strong>1- <\/strong>Carte de William Van de Velde, 1858. Consid\u00e9r\u00e9e comme \u00e9tant la premi\u00e8re carte scientifique de la Palestine. L\u2019auteur a \u00e9tabli une intense coop\u00e9ration avec l\u2019\u00e9cole de cartographie allemande qui donnait la priorit\u00e9 au travail de terrain et \u00e0 l\u2019observation. Il a coop\u00e9r\u00e9 avec le c\u00e9l\u00e8bre bibliste am\u00e9ricain et cartographe W. Robinson.<br><strong>2-<\/strong> Carte de la mission britannique \u00e9labor\u00e9e par le Fonds d\u2019exploration de la Palestine, carte scientifique fond\u00e9e sur l\u2019arpentage du terrain et une documentation syst\u00e9matique, incluant m\u00eame la toponymie des lieux en arabe et en anglais, 1890.<\/em><\/p>\n\n\n\n<h2 class=\"wp-block-heading has-text-align-left\">La cartographie au service de la guerre<\/h2>\n\n\n\n<p class=\"has-text-align-left\">Le XXe si\u00e8cle fait son irruption avec son lot de violence au nom de la refonte de cet Orient malade. L\u2019empire britannique refait la g\u00e9ographie de la r\u00e9gion pour imposer finalement un partage depuis l\u2019accord Sykes-Picot de 1916 et la promesse de Balfour de 1917 qui fonde le foyer juif en Palestine au d\u00e9triment du peuple palestinien.<\/p>\n\n\n\n<p class=\"has-text-align-left\">Une nouvelle g\u00e9ographie bien r\u00e9elle cette fois mais injuste et cruelle s\u2019abat sur un territoire jadis paisible et diversifi\u00e9.<\/p>\n\n\n\n<p>L\u2019arch\u00e9ologie biblique prend vite le relais de la cartographie l\u00e9gendaire pour nourrir et entretenir cet imaginaire biblique devenu \u00e0 connotation h\u00e9bra\u00efque.<\/p>\n\n\n\n<p>Cela montre bien comment la g\u00e9ographie sert d\u2019abord \u00e0 faire la guerre, comme l\u2019\u00e9crivait Yves Lacoste.<\/p>\n\n\n\n<p>Une exposition qui illustre bien cette contribution acad\u00e9mique de l\u2019Universit\u00e9 Tunisienne \u00e0 la solidarit\u00e9 avec un peuple qu\u2019on \u00e9crase sous les bombes apr\u00e8s avoir spoli\u00e9 sa terre.<\/p>\n\n\n\n<p class=\"has-text-align-right\"><strong>L\u2019\u00e9quipe de commissariat de l\u2019exposition<\/strong><\/p>\n\n\n<div class=\"wp-block-image\">\n<figure class=\"aligncenter size-full\"><img loading=\"lazy\" decoding=\"async\" width=\"800\" height=\"500\" src=\"https:\/\/kapitalis.com\/tunisie\/wp-content\/uploads\/2024\/04\/Carte-Palestine-actuelle.jpg\" alt=\"\" class=\"wp-image-12288052\" srcset=\"https:\/\/kapitalis.com\/tunisie\/wp-content\/uploads\/2024\/04\/Carte-Palestine-actuelle.jpg 800w, https:\/\/kapitalis.com\/tunisie\/wp-content\/uploads\/2024\/04\/Carte-Palestine-actuelle-300x188.jpg 300w, https:\/\/kapitalis.com\/tunisie\/wp-content\/uploads\/2024\/04\/Carte-Palestine-actuelle-768x480.jpg 768w, https:\/\/kapitalis.com\/tunisie\/wp-content\/uploads\/2024\/04\/Carte-Palestine-actuelle-580x363.jpg 580w\" sizes=\"auto, (max-width: 800px) 100vw, 800px\" \/><\/figure>\n<\/div>\n\n\n<p class=\"has-text-align-center\"><em>De la Palestine historique \u00e0 la Palestine actuelle: la d\u00e9chirure\u2026<\/em><\/p>\n","protected":false},"excerpt":{"rendered":"<p>A propos de l&rsquo;exposition in\u00e9dite intitul\u00e9e \u00abG\u00e9ographie historique de la Palestine\u00bb \u00e0 la Maison de Tunisie \u00e0 Paris. <\/p>\n","protected":false},"author":8,"featured_media":12288002,"comment_status":"open","ping_status":"open","sticky":false,"template":"","format":"standard","meta":{"footnotes":""},"categories":[992,994,997,2433],"tags":[108027,114750,114749,2444,114751,7847,14560,4026,1364,114752,113000],"class_list":["post-12287976","post","type-post","status-publish","format-standard","has-post-thumbnail","hentry","category-a-la-une","category-culture","category-politique","category-tunisie","tag-abdelhamid-largueche","tag-afef-mbarek","tag-cartographie-historique","tag-gaza","tag-imen-bahri","tag-jerusalem","tag-maison-de-tunisie","tag-palestine","tag-paris","tag-philistins","tag-terre-sainte"],"yoast_head":"<!-- This site is optimized with the Yoast SEO plugin v26.6 - https:\/\/yoast.com\/wordpress\/plugins\/seo\/ -->\n<title>Exposition et s\u00e9minaire\u00a0: La cartographie historique de la Palestine - Kapitalis<\/title>\n<meta name=\"robots\" content=\"index, follow, max-snippet:-1, max-image-preview:large, max-video-preview:-1\" \/>\n<link rel=\"canonical\" href=\"https:\/\/kapitalis.com\/tunisie\/2024\/04\/02\/exposition-et-seminaire-la-cartographie-historique-de-la-palestine\/\" \/>\n<meta property=\"og:locale\" content=\"fr_FR\" \/>\n<meta property=\"og:type\" content=\"article\" \/>\n<meta property=\"og:title\" content=\"Exposition et s\u00e9minaire\u00a0: La cartographie historique de la Palestine - Kapitalis\" \/>\n<meta property=\"og:description\" content=\"A propos de l&#039;exposition in\u00e9dite intitul\u00e9e \u00abG\u00e9ographie historique de la Palestine\u00bb \u00e0 la Maison de Tunisie \u00e0 Paris.\" \/>\n<meta property=\"og:url\" content=\"https:\/\/kapitalis.com\/tunisie\/2024\/04\/02\/exposition-et-seminaire-la-cartographie-historique-de-la-palestine\/\" \/>\n<meta property=\"og:site_name\" content=\"Kapitalis\" \/>\n<meta property=\"article:publisher\" content=\"https:\/\/www.facebook.com\/KapitalisInfo\/\" \/>\n<meta property=\"article:published_time\" content=\"2024-04-02T07:54:39+00:00\" \/>\n<meta property=\"article:modified_time\" content=\"2024-04-02T07:54:41+00:00\" \/>\n<meta property=\"og:image\" content=\"https:\/\/kapitalis.com\/tunisie\/wp-content\/uploads\/2024\/04\/Carte-Palestine-1557.jpg\" \/>\n\t<meta property=\"og:image:width\" content=\"1200\" \/>\n\t<meta property=\"og:image:height\" content=\"630\" \/>\n\t<meta property=\"og:image:type\" content=\"image\/jpeg\" \/>\n<meta name=\"author\" content=\"webmaster kapitalis\" \/>\n<meta name=\"twitter:card\" content=\"summary_large_image\" \/>\n<meta name=\"twitter:creator\" content=\"@KapitalisInfo\" \/>\n<meta name=\"twitter:site\" content=\"@KapitalisInfo\" \/>\n<meta name=\"twitter:label1\" content=\"\u00c9crit par\" \/>\n\t<meta name=\"twitter:data1\" content=\"webmaster kapitalis\" \/>\n\t<meta name=\"twitter:label2\" content=\"Dur\u00e9e de lecture estim\u00e9e\" \/>\n\t<meta name=\"twitter:data2\" content=\"6 minutes\" \/>\n<script type=\"application\/ld+json\" class=\"yoast-schema-graph\">{\"@context\":\"https:\/\/schema.org\",\"@graph\":[{\"@type\":\"Article\",\"@id\":\"https:\/\/kapitalis.com\/tunisie\/2024\/04\/02\/exposition-et-seminaire-la-cartographie-historique-de-la-palestine\/#article\",\"isPartOf\":{\"@id\":\"https:\/\/kapitalis.com\/tunisie\/2024\/04\/02\/exposition-et-seminaire-la-cartographie-historique-de-la-palestine\/\"},\"author\":{\"name\":\"webmaster kapitalis\",\"@id\":\"https:\/\/kapitalis.com\/tunisie\/#\/schema\/person\/d71f33a9ca44f7bad4698210b480c8e9\"},\"headline\":\"Exposition et s\u00e9minaire\u00a0: La cartographie historique de la Palestine\",\"datePublished\":\"2024-04-02T07:54:39+00:00\",\"dateModified\":\"2024-04-02T07:54:41+00:00\",\"mainEntityOfPage\":{\"@id\":\"https:\/\/kapitalis.com\/tunisie\/2024\/04\/02\/exposition-et-seminaire-la-cartographie-historique-de-la-palestine\/\"},\"wordCount\":980,\"commentCount\":0,\"publisher\":{\"@id\":\"https:\/\/kapitalis.com\/tunisie\/#organization\"},\"image\":{\"@id\":\"https:\/\/kapitalis.com\/tunisie\/2024\/04\/02\/exposition-et-seminaire-la-cartographie-historique-de-la-palestine\/#primaryimage\"},\"thumbnailUrl\":\"https:\/\/kapitalis.com\/tunisie\/wp-content\/uploads\/2024\/04\/Carte-Palestine-1557.jpg\",\"keywords\":[\"Abdelhamid Largu\u00e8che\",\"Afef Mbarek\",\"cartographie historique\",\"Gaza\",\"Imen Bahri\",\"J\u00e9rusalem\",\"Maison de Tunisie\",\"Palestine\",\"Paris\",\"Philistins\",\"Terre Sainte\"],\"articleSection\":[\"A LA UNE\",\"CULTURE\",\"POLITIQUE\",\"Tunisie\"],\"inLanguage\":\"fr-FR\",\"potentialAction\":[{\"@type\":\"CommentAction\",\"name\":\"Comment\",\"target\":[\"https:\/\/kapitalis.com\/tunisie\/2024\/04\/02\/exposition-et-seminaire-la-cartographie-historique-de-la-palestine\/#respond\"]}]},{\"@type\":\"WebPage\",\"@id\":\"https:\/\/kapitalis.com\/tunisie\/2024\/04\/02\/exposition-et-seminaire-la-cartographie-historique-de-la-palestine\/\",\"url\":\"https:\/\/kapitalis.com\/tunisie\/2024\/04\/02\/exposition-et-seminaire-la-cartographie-historique-de-la-palestine\/\",\"name\":\"Exposition et s\u00e9minaire\u00a0: La cartographie historique de la Palestine - Kapitalis\",\"isPartOf\":{\"@id\":\"https:\/\/kapitalis.com\/tunisie\/#website\"},\"primaryImageOfPage\":{\"@id\":\"https:\/\/kapitalis.com\/tunisie\/2024\/04\/02\/exposition-et-seminaire-la-cartographie-historique-de-la-palestine\/#primaryimage\"},\"image\":{\"@id\":\"https:\/\/kapitalis.com\/tunisie\/2024\/04\/02\/exposition-et-seminaire-la-cartographie-historique-de-la-palestine\/#primaryimage\"},\"thumbnailUrl\":\"https:\/\/kapitalis.com\/tunisie\/wp-content\/uploads\/2024\/04\/Carte-Palestine-1557.jpg\",\"datePublished\":\"2024-04-02T07:54:39+00:00\",\"dateModified\":\"2024-04-02T07:54:41+00:00\",\"breadcrumb\":{\"@id\":\"https:\/\/kapitalis.com\/tunisie\/2024\/04\/02\/exposition-et-seminaire-la-cartographie-historique-de-la-palestine\/#breadcrumb\"},\"inLanguage\":\"fr-FR\",\"potentialAction\":[{\"@type\":\"ReadAction\",\"target\":[\"https:\/\/kapitalis.com\/tunisie\/2024\/04\/02\/exposition-et-seminaire-la-cartographie-historique-de-la-palestine\/\"]}]},{\"@type\":\"ImageObject\",\"inLanguage\":\"fr-FR\",\"@id\":\"https:\/\/kapitalis.com\/tunisie\/2024\/04\/02\/exposition-et-seminaire-la-cartographie-historique-de-la-palestine\/#primaryimage\",\"url\":\"https:\/\/kapitalis.com\/tunisie\/wp-content\/uploads\/2024\/04\/Carte-Palestine-1557.jpg\",\"contentUrl\":\"https:\/\/kapitalis.com\/tunisie\/wp-content\/uploads\/2024\/04\/Carte-Palestine-1557.jpg\",\"width\":1200,\"height\":630},{\"@type\":\"BreadcrumbList\",\"@id\":\"https:\/\/kapitalis.com\/tunisie\/2024\/04\/02\/exposition-et-seminaire-la-cartographie-historique-de-la-palestine\/#breadcrumb\",\"itemListElement\":[{\"@type\":\"ListItem\",\"position\":1,\"name\":\"Accueil\",\"item\":\"https:\/\/kapitalis.com\/tunisie\/\"},{\"@type\":\"ListItem\",\"position\":2,\"name\":\"Exposition et s\u00e9minaire\u00a0: La cartographie historique de la Palestine\"}]},{\"@type\":\"WebSite\",\"@id\":\"https:\/\/kapitalis.com\/tunisie\/#website\",\"url\":\"https:\/\/kapitalis.com\/tunisie\/\",\"name\":\"Kapitalis\",\"description\":\"L&#039;actualit\u00e9 en Tunisie et dans le monde\",\"publisher\":{\"@id\":\"https:\/\/kapitalis.com\/tunisie\/#organization\"},\"potentialAction\":[{\"@type\":\"SearchAction\",\"target\":{\"@type\":\"EntryPoint\",\"urlTemplate\":\"https:\/\/kapitalis.com\/tunisie\/?s={search_term_string}\"},\"query-input\":{\"@type\":\"PropertyValueSpecification\",\"valueRequired\":true,\"valueName\":\"search_term_string\"}}],\"inLanguage\":\"fr-FR\"},{\"@type\":\"Organization\",\"@id\":\"https:\/\/kapitalis.com\/tunisie\/#organization\",\"name\":\"Kapitalis\",\"url\":\"https:\/\/kapitalis.com\/tunisie\/\",\"logo\":{\"@type\":\"ImageObject\",\"inLanguage\":\"fr-FR\",\"@id\":\"https:\/\/kapitalis.com\/tunisie\/#\/schema\/logo\/image\/\",\"url\":\"https:\/\/kapitalis.com\/tunisie\/wp-content\/uploads\/2022\/05\/Kapitalis-big-size.png\",\"contentUrl\":\"https:\/\/kapitalis.com\/tunisie\/wp-content\/uploads\/2022\/05\/Kapitalis-big-size.png\",\"width\":5000,\"height\":1500,\"caption\":\"Kapitalis\"},\"image\":{\"@id\":\"https:\/\/kapitalis.com\/tunisie\/#\/schema\/logo\/image\/\"},\"sameAs\":[\"https:\/\/www.facebook.com\/KapitalisInfo\/\",\"https:\/\/x.com\/KapitalisInfo\",\"https:\/\/www.youtube.com\/channel\/UC-yDYrHyfFBWWZaOw3FPg9Q\"]},{\"@type\":\"Person\",\"@id\":\"https:\/\/kapitalis.com\/tunisie\/#\/schema\/person\/d71f33a9ca44f7bad4698210b480c8e9\",\"name\":\"webmaster kapitalis\",\"url\":\"https:\/\/kapitalis.com\/tunisie\/author\/webmaster-kapitalis\/\"}]}<\/script>\n<!-- \/ Yoast SEO plugin. -->","yoast_head_json":{"title":"Exposition et s\u00e9minaire\u00a0: La cartographie historique de la Palestine - Kapitalis","robots":{"index":"index","follow":"follow","max-snippet":"max-snippet:-1","max-image-preview":"max-image-preview:large","max-video-preview":"max-video-preview:-1"},"canonical":"https:\/\/kapitalis.com\/tunisie\/2024\/04\/02\/exposition-et-seminaire-la-cartographie-historique-de-la-palestine\/","og_locale":"fr_FR","og_type":"article","og_title":"Exposition et s\u00e9minaire\u00a0: La cartographie historique de la Palestine - Kapitalis","og_description":"A propos de l'exposition in\u00e9dite intitul\u00e9e \u00abG\u00e9ographie historique de la Palestine\u00bb \u00e0 la Maison de Tunisie \u00e0 Paris.","og_url":"https:\/\/kapitalis.com\/tunisie\/2024\/04\/02\/exposition-et-seminaire-la-cartographie-historique-de-la-palestine\/","og_site_name":"Kapitalis","article_publisher":"https:\/\/www.facebook.com\/KapitalisInfo\/","article_published_time":"2024-04-02T07:54:39+00:00","article_modified_time":"2024-04-02T07:54:41+00:00","og_image":[{"width":1200,"height":630,"url":"https:\/\/kapitalis.com\/tunisie\/wp-content\/uploads\/2024\/04\/Carte-Palestine-1557.jpg","type":"image\/jpeg"}],"author":"webmaster kapitalis","twitter_card":"summary_large_image","twitter_creator":"@KapitalisInfo","twitter_site":"@KapitalisInfo","twitter_misc":{"\u00c9crit par":"webmaster kapitalis","Dur\u00e9e de lecture estim\u00e9e":"6 minutes"},"schema":{"@context":"https:\/\/schema.org","@graph":[{"@type":"Article","@id":"https:\/\/kapitalis.com\/tunisie\/2024\/04\/02\/exposition-et-seminaire-la-cartographie-historique-de-la-palestine\/#article","isPartOf":{"@id":"https:\/\/kapitalis.com\/tunisie\/2024\/04\/02\/exposition-et-seminaire-la-cartographie-historique-de-la-palestine\/"},"author":{"name":"webmaster kapitalis","@id":"https:\/\/kapitalis.com\/tunisie\/#\/schema\/person\/d71f33a9ca44f7bad4698210b480c8e9"},"headline":"Exposition et s\u00e9minaire\u00a0: La cartographie historique de la Palestine","datePublished":"2024-04-02T07:54:39+00:00","dateModified":"2024-04-02T07:54:41+00:00","mainEntityOfPage":{"@id":"https:\/\/kapitalis.com\/tunisie\/2024\/04\/02\/exposition-et-seminaire-la-cartographie-historique-de-la-palestine\/"},"wordCount":980,"commentCount":0,"publisher":{"@id":"https:\/\/kapitalis.com\/tunisie\/#organization"},"image":{"@id":"https:\/\/kapitalis.com\/tunisie\/2024\/04\/02\/exposition-et-seminaire-la-cartographie-historique-de-la-palestine\/#primaryimage"},"thumbnailUrl":"https:\/\/kapitalis.com\/tunisie\/wp-content\/uploads\/2024\/04\/Carte-Palestine-1557.jpg","keywords":["Abdelhamid Largu\u00e8che","Afef Mbarek","cartographie historique","Gaza","Imen Bahri","J\u00e9rusalem","Maison de Tunisie","Palestine","Paris","Philistins","Terre Sainte"],"articleSection":["A LA UNE","CULTURE","POLITIQUE","Tunisie"],"inLanguage":"fr-FR","potentialAction":[{"@type":"CommentAction","name":"Comment","target":["https:\/\/kapitalis.com\/tunisie\/2024\/04\/02\/exposition-et-seminaire-la-cartographie-historique-de-la-palestine\/#respond"]}]},{"@type":"WebPage","@id":"https:\/\/kapitalis.com\/tunisie\/2024\/04\/02\/exposition-et-seminaire-la-cartographie-historique-de-la-palestine\/","url":"https:\/\/kapitalis.com\/tunisie\/2024\/04\/02\/exposition-et-seminaire-la-cartographie-historique-de-la-palestine\/","name":"Exposition et s\u00e9minaire\u00a0: La cartographie historique de la Palestine - Kapitalis","isPartOf":{"@id":"https:\/\/kapitalis.com\/tunisie\/#website"},"primaryImageOfPage":{"@id":"https:\/\/kapitalis.com\/tunisie\/2024\/04\/02\/exposition-et-seminaire-la-cartographie-historique-de-la-palestine\/#primaryimage"},"image":{"@id":"https:\/\/kapitalis.com\/tunisie\/2024\/04\/02\/exposition-et-seminaire-la-cartographie-historique-de-la-palestine\/#primaryimage"},"thumbnailUrl":"https:\/\/kapitalis.com\/tunisie\/wp-content\/uploads\/2024\/04\/Carte-Palestine-1557.jpg","datePublished":"2024-04-02T07:54:39+00:00","dateModified":"2024-04-02T07:54:41+00:00","breadcrumb":{"@id":"https:\/\/kapitalis.com\/tunisie\/2024\/04\/02\/exposition-et-seminaire-la-cartographie-historique-de-la-palestine\/#breadcrumb"},"inLanguage":"fr-FR","potentialAction":[{"@type":"ReadAction","target":["https:\/\/kapitalis.com\/tunisie\/2024\/04\/02\/exposition-et-seminaire-la-cartographie-historique-de-la-palestine\/"]}]},{"@type":"ImageObject","inLanguage":"fr-FR","@id":"https:\/\/kapitalis.com\/tunisie\/2024\/04\/02\/exposition-et-seminaire-la-cartographie-historique-de-la-palestine\/#primaryimage","url":"https:\/\/kapitalis.com\/tunisie\/wp-content\/uploads\/2024\/04\/Carte-Palestine-1557.jpg","contentUrl":"https:\/\/kapitalis.com\/tunisie\/wp-content\/uploads\/2024\/04\/Carte-Palestine-1557.jpg","width":1200,"height":630},{"@type":"BreadcrumbList","@id":"https:\/\/kapitalis.com\/tunisie\/2024\/04\/02\/exposition-et-seminaire-la-cartographie-historique-de-la-palestine\/#breadcrumb","itemListElement":[{"@type":"ListItem","position":1,"name":"Accueil","item":"https:\/\/kapitalis.com\/tunisie\/"},{"@type":"ListItem","position":2,"name":"Exposition et s\u00e9minaire\u00a0: La cartographie historique de la Palestine"}]},{"@type":"WebSite","@id":"https:\/\/kapitalis.com\/tunisie\/#website","url":"https:\/\/kapitalis.com\/tunisie\/","name":"Kapitalis","description":"L&#039;actualit\u00e9 en Tunisie et dans le monde","publisher":{"@id":"https:\/\/kapitalis.com\/tunisie\/#organization"},"potentialAction":[{"@type":"SearchAction","target":{"@type":"EntryPoint","urlTemplate":"https:\/\/kapitalis.com\/tunisie\/?s={search_term_string}"},"query-input":{"@type":"PropertyValueSpecification","valueRequired":true,"valueName":"search_term_string"}}],"inLanguage":"fr-FR"},{"@type":"Organization","@id":"https:\/\/kapitalis.com\/tunisie\/#organization","name":"Kapitalis","url":"https:\/\/kapitalis.com\/tunisie\/","logo":{"@type":"ImageObject","inLanguage":"fr-FR","@id":"https:\/\/kapitalis.com\/tunisie\/#\/schema\/logo\/image\/","url":"https:\/\/kapitalis.com\/tunisie\/wp-content\/uploads\/2022\/05\/Kapitalis-big-size.png","contentUrl":"https:\/\/kapitalis.com\/tunisie\/wp-content\/uploads\/2022\/05\/Kapitalis-big-size.png","width":5000,"height":1500,"caption":"Kapitalis"},"image":{"@id":"https:\/\/kapitalis.com\/tunisie\/#\/schema\/logo\/image\/"},"sameAs":["https:\/\/www.facebook.com\/KapitalisInfo\/","https:\/\/x.com\/KapitalisInfo","https:\/\/www.youtube.com\/channel\/UC-yDYrHyfFBWWZaOw3FPg9Q"]},{"@type":"Person","@id":"https:\/\/kapitalis.com\/tunisie\/#\/schema\/person\/d71f33a9ca44f7bad4698210b480c8e9","name":"webmaster kapitalis","url":"https:\/\/kapitalis.com\/tunisie\/author\/webmaster-kapitalis\/"}]}},"_links":{"self":[{"href":"https:\/\/kapitalis.com\/tunisie\/wp-json\/wp\/v2\/posts\/12287976","targetHints":{"allow":["GET"]}}],"collection":[{"href":"https:\/\/kapitalis.com\/tunisie\/wp-json\/wp\/v2\/posts"}],"about":[{"href":"https:\/\/kapitalis.com\/tunisie\/wp-json\/wp\/v2\/types\/post"}],"author":[{"embeddable":true,"href":"https:\/\/kapitalis.com\/tunisie\/wp-json\/wp\/v2\/users\/8"}],"replies":[{"embeddable":true,"href":"https:\/\/kapitalis.com\/tunisie\/wp-json\/wp\/v2\/comments?post=12287976"}],"version-history":[{"count":1,"href":"https:\/\/kapitalis.com\/tunisie\/wp-json\/wp\/v2\/posts\/12287976\/revisions"}],"predecessor-version":[{"id":12288167,"href":"https:\/\/kapitalis.com\/tunisie\/wp-json\/wp\/v2\/posts\/12287976\/revisions\/12288167"}],"wp:featuredmedia":[{"embeddable":true,"href":"https:\/\/kapitalis.com\/tunisie\/wp-json\/wp\/v2\/media\/12288002"}],"wp:attachment":[{"href":"https:\/\/kapitalis.com\/tunisie\/wp-json\/wp\/v2\/media?parent=12287976"}],"wp:term":[{"taxonomy":"category","embeddable":true,"href":"https:\/\/kapitalis.com\/tunisie\/wp-json\/wp\/v2\/categories?post=12287976"},{"taxonomy":"post_tag","embeddable":true,"href":"https:\/\/kapitalis.com\/tunisie\/wp-json\/wp\/v2\/tags?post=12287976"}],"curies":[{"name":"wp","href":"https:\/\/api.w.org\/{rel}","templated":true}]}}