{"id":1229503,"date":"2022-06-03T22:45:43","date_gmt":"2022-06-03T21:45:43","guid":{"rendered":"https:\/\/kapitalis.com\/tunisie\/?p=1229503"},"modified":"2022-06-03T22:45:44","modified_gmt":"2022-06-03T21:45:44","slug":"trafic-de-cocaine-deux-dealers-dont-un-tunisien-resident-a-letranger-arretes-a-sousse","status":"publish","type":"post","link":"https:\/\/kapitalis.com\/tunisie\/2022\/06\/03\/trafic-de-cocaine-deux-dealers-dont-un-tunisien-resident-a-letranger-arretes-a-sousse\/","title":{"rendered":"Trafic de coca\u00efne : Deux dealers, dont un Tunisien r\u00e9sident \u00e0 l&rsquo;\u00e9tranger, arr\u00eat\u00e9s \u00e0 Sousse"},"content":{"rendered":"\n<p><em><strong>Le minist\u00e8re de l&rsquo;Int\u00e9rieur a annonc\u00e9, ce vendredi 3 juin 2022, l&rsquo;arrestation d&rsquo;un Tunisien r\u00e9sident \u00e0 l\u2019\u00e9tranger, par la garde nationale de Sousse. Le suspect \u00e9tait en possession de coca\u00efne brute, qu&rsquo;il s&rsquo;\u00e9tait procur\u00e9e en Europe avant de rentrer en Tunisie.<\/strong><\/em><\/p>\n\n\n\n<!--more-->\n\n\n\n<p>Le suspect a \u00e9t\u00e9 interpell\u00e9 par une unit\u00e9 de la brigade de recherche et d\u2019investigation relevant de la Garde nationale, qui a \u00e9galement arr\u00eat\u00e9 un deuxi\u00e8me trafiquant, \u00aboriginaire d&rsquo;un pays voisin\u00bb, lit-on dans le communiqu\u00e9 du minist\u00e8re.<\/p>\n\n\n\n<p>Les agents ont saisi lors de cette op\u00e9ration grammes de coca\u00efne et plus de 21.000 dinars tunisiens, ajoute la m\u00eame source, en indiquant que le minist\u00e8re public a ordonn\u00e9 leur mise en d\u00e9tention et la poursuite de l&rsquo;enqu\u00eate.<\/p>\n\n\n\n<p class=\"has-text-align-right\"><strong>Y. N.<\/strong><\/p>\n","protected":false},"excerpt":{"rendered":"<p>Trafic de coca\u00efne : Deux dealers, dont un Tunisien r\u00e9sident \u00e0 l&rsquo;\u00e9tranger, arr\u00eat\u00e9s \u00e0 Sousse<\/p>\n","protected":false},"author":6,"featured_media":1229627,"comment_status":"open","ping_status":"open","sticky":false,"template":"","format":"standard","meta":{"footnotes":""},"categories":[998,2433],"tags":[6971,100311,292,356,854,62643,931],"class_list":["post-1229503","post","type-post","status-publish","format-standard","has-post-thumbnail","hentry","category-societe","category-tunisie","tag-cocaine","tag-cocaine-brute","tag-drogue","tag-europe","tag-sousse","tag-tunisie","tag-tunisien"],"yoast_head":"<!-- This site is optimized with the Yoast SEO plugin v26.6 - https:\/\/yoast.com\/wordpress\/plugins\/seo\/ -->\n<title>Trafic de coca\u00efne : Deux dealers, dont un Tunisien r\u00e9sident \u00e0 l&#039;\u00e9tranger, arr\u00eat\u00e9s \u00e0 Sousse - Kapitalis<\/title>\n<meta name=\"description\" content=\"Le minist\u00e8re de l&#039;Int\u00e9rieur a annonc\u00e9, ce vendredi 3 juin 2022, l&#039;arrestation d&#039;un Tunisien r\u00e9sident \u00e0 l\u2019\u00e9tranger, par la police de Sousse. Le suspect \u00e9tait en possession de coca\u00efne brute, qu&#039;il s&#039;\u00e9tait procur\u00e9e en Europe avant de rentrer en Tunisie.\" \/>\n<meta name=\"robots\" content=\"index, follow, max-snippet:-1, max-image-preview:large, max-video-preview:-1\" \/>\n<link rel=\"canonical\" href=\"https:\/\/kapitalis.com\/tunisie\/2022\/06\/03\/trafic-de-cocaine-deux-dealers-dont-un-tunisien-resident-a-letranger-arretes-a-sousse\/\" \/>\n<meta property=\"og:locale\" content=\"fr_FR\" \/>\n<meta property=\"og:type\" content=\"article\" \/>\n<meta property=\"og:title\" content=\"Trafic de coca\u00efne : Deux dealers, dont un Tunisien r\u00e9sident \u00e0 l&#039;\u00e9tranger, arr\u00eat\u00e9s \u00e0 Sousse - Kapitalis\" \/>\n<meta property=\"og:description\" content=\"Le minist\u00e8re de l&#039;Int\u00e9rieur a annonc\u00e9, ce vendredi 3 juin 2022, l&#039;arrestation d&#039;un Tunisien r\u00e9sident \u00e0 l\u2019\u00e9tranger, par la police de Sousse. Le suspect \u00e9tait en possession de coca\u00efne brute, qu&#039;il s&#039;\u00e9tait procur\u00e9e en Europe avant de rentrer en Tunisie.\" \/>\n<meta property=\"og:url\" content=\"https:\/\/kapitalis.com\/tunisie\/2022\/06\/03\/trafic-de-cocaine-deux-dealers-dont-un-tunisien-resident-a-letranger-arretes-a-sousse\/\" \/>\n<meta property=\"og:site_name\" content=\"Kapitalis\" \/>\n<meta property=\"article:publisher\" content=\"https:\/\/www.facebook.com\/KapitalisInfo\/\" \/>\n<meta property=\"article:published_time\" content=\"2022-06-03T21:45:43+00:00\" \/>\n<meta property=\"article:modified_time\" content=\"2022-06-03T21:45:44+00:00\" \/>\n<meta property=\"og:image\" content=\"https:\/\/kapitalis.com\/tunisie\/wp-content\/uploads\/2022\/06\/cocaine.jpg\" \/>\n\t<meta property=\"og:image:width\" content=\"1200\" \/>\n\t<meta property=\"og:image:height\" content=\"630\" \/>\n\t<meta property=\"og:image:type\" content=\"image\/jpeg\" \/>\n<meta name=\"author\" content=\"Yusra NY\" \/>\n<meta name=\"twitter:card\" content=\"summary_large_image\" \/>\n<meta name=\"twitter:creator\" content=\"@KapitalisInfo\" \/>\n<meta name=\"twitter:site\" content=\"@KapitalisInfo\" \/>\n<meta name=\"twitter:label1\" content=\"\u00c9crit par\" \/>\n\t<meta name=\"twitter:data1\" content=\"Yusra NY\" \/>\n\t<meta name=\"twitter:label2\" content=\"Dur\u00e9e de lecture estim\u00e9e\" \/>\n\t<meta name=\"twitter:data2\" content=\"1 minute\" \/>\n<script type=\"application\/ld+json\" class=\"yoast-schema-graph\">{\"@context\":\"https:\/\/schema.org\",\"@graph\":[{\"@type\":\"Article\",\"@id\":\"https:\/\/kapitalis.com\/tunisie\/2022\/06\/03\/trafic-de-cocaine-deux-dealers-dont-un-tunisien-resident-a-letranger-arretes-a-sousse\/#article\",\"isPartOf\":{\"@id\":\"https:\/\/kapitalis.com\/tunisie\/2022\/06\/03\/trafic-de-cocaine-deux-dealers-dont-un-tunisien-resident-a-letranger-arretes-a-sousse\/\"},\"author\":{\"name\":\"Yusra NY\",\"@id\":\"https:\/\/kapitalis.com\/tunisie\/#\/schema\/person\/74bbde0154d49d790a92aaeac5bc01d5\"},\"headline\":\"Trafic de coca\u00efne : Deux dealers, dont un Tunisien r\u00e9sident \u00e0 l&rsquo;\u00e9tranger, arr\u00eat\u00e9s \u00e0 Sousse\",\"datePublished\":\"2022-06-03T21:45:43+00:00\",\"dateModified\":\"2022-06-03T21:45:44+00:00\",\"mainEntityOfPage\":{\"@id\":\"https:\/\/kapitalis.com\/tunisie\/2022\/06\/03\/trafic-de-cocaine-deux-dealers-dont-un-tunisien-resident-a-letranger-arretes-a-sousse\/\"},\"wordCount\":148,\"commentCount\":1,\"publisher\":{\"@id\":\"https:\/\/kapitalis.com\/tunisie\/#organization\"},\"image\":{\"@id\":\"https:\/\/kapitalis.com\/tunisie\/2022\/06\/03\/trafic-de-cocaine-deux-dealers-dont-un-tunisien-resident-a-letranger-arretes-a-sousse\/#primaryimage\"},\"thumbnailUrl\":\"https:\/\/kapitalis.com\/tunisie\/wp-content\/uploads\/2022\/06\/cocaine.jpg\",\"keywords\":[\"coca\u00efne\",\"coca\u00efne brute\",\"drogue\",\"Europe\",\"Sousse\",\"Tunisie\",\"Tunisien\"],\"articleSection\":[\"SOCIETE\",\"Tunisie\"],\"inLanguage\":\"fr-FR\",\"potentialAction\":[{\"@type\":\"CommentAction\",\"name\":\"Comment\",\"target\":[\"https:\/\/kapitalis.com\/tunisie\/2022\/06\/03\/trafic-de-cocaine-deux-dealers-dont-un-tunisien-resident-a-letranger-arretes-a-sousse\/#respond\"]}]},{\"@type\":\"WebPage\",\"@id\":\"https:\/\/kapitalis.com\/tunisie\/2022\/06\/03\/trafic-de-cocaine-deux-dealers-dont-un-tunisien-resident-a-letranger-arretes-a-sousse\/\",\"url\":\"https:\/\/kapitalis.com\/tunisie\/2022\/06\/03\/trafic-de-cocaine-deux-dealers-dont-un-tunisien-resident-a-letranger-arretes-a-sousse\/\",\"name\":\"Trafic de coca\u00efne : Deux dealers, dont un Tunisien r\u00e9sident \u00e0 l'\u00e9tranger, arr\u00eat\u00e9s \u00e0 Sousse - Kapitalis\",\"isPartOf\":{\"@id\":\"https:\/\/kapitalis.com\/tunisie\/#website\"},\"primaryImageOfPage\":{\"@id\":\"https:\/\/kapitalis.com\/tunisie\/2022\/06\/03\/trafic-de-cocaine-deux-dealers-dont-un-tunisien-resident-a-letranger-arretes-a-sousse\/#primaryimage\"},\"image\":{\"@id\":\"https:\/\/kapitalis.com\/tunisie\/2022\/06\/03\/trafic-de-cocaine-deux-dealers-dont-un-tunisien-resident-a-letranger-arretes-a-sousse\/#primaryimage\"},\"thumbnailUrl\":\"https:\/\/kapitalis.com\/tunisie\/wp-content\/uploads\/2022\/06\/cocaine.jpg\",\"datePublished\":\"2022-06-03T21:45:43+00:00\",\"dateModified\":\"2022-06-03T21:45:44+00:00\",\"description\":\"Le minist\u00e8re de l'Int\u00e9rieur a annonc\u00e9, ce vendredi 3 juin 2022, l'arrestation d'un Tunisien r\u00e9sident \u00e0 l\u2019\u00e9tranger, par la police de Sousse. Le suspect \u00e9tait en possession de coca\u00efne brute, qu'il s'\u00e9tait procur\u00e9e en Europe avant de rentrer en Tunisie.\",\"breadcrumb\":{\"@id\":\"https:\/\/kapitalis.com\/tunisie\/2022\/06\/03\/trafic-de-cocaine-deux-dealers-dont-un-tunisien-resident-a-letranger-arretes-a-sousse\/#breadcrumb\"},\"inLanguage\":\"fr-FR\",\"potentialAction\":[{\"@type\":\"ReadAction\",\"target\":[\"https:\/\/kapitalis.com\/tunisie\/2022\/06\/03\/trafic-de-cocaine-deux-dealers-dont-un-tunisien-resident-a-letranger-arretes-a-sousse\/\"]}]},{\"@type\":\"ImageObject\",\"inLanguage\":\"fr-FR\",\"@id\":\"https:\/\/kapitalis.com\/tunisie\/2022\/06\/03\/trafic-de-cocaine-deux-dealers-dont-un-tunisien-resident-a-letranger-arretes-a-sousse\/#primaryimage\",\"url\":\"https:\/\/kapitalis.com\/tunisie\/wp-content\/uploads\/2022\/06\/cocaine.jpg\",\"contentUrl\":\"https:\/\/kapitalis.com\/tunisie\/wp-content\/uploads\/2022\/06\/cocaine.jpg\",\"width\":1200,\"height\":630},{\"@type\":\"BreadcrumbList\",\"@id\":\"https:\/\/kapitalis.com\/tunisie\/2022\/06\/03\/trafic-de-cocaine-deux-dealers-dont-un-tunisien-resident-a-letranger-arretes-a-sousse\/#breadcrumb\",\"itemListElement\":[{\"@type\":\"ListItem\",\"position\":1,\"name\":\"Accueil\",\"item\":\"https:\/\/kapitalis.com\/tunisie\/\"},{\"@type\":\"ListItem\",\"position\":2,\"name\":\"Trafic de coca\u00efne : Deux dealers, dont un Tunisien r\u00e9sident \u00e0 l&rsquo;\u00e9tranger, arr\u00eat\u00e9s \u00e0 Sousse\"}]},{\"@type\":\"WebSite\",\"@id\":\"https:\/\/kapitalis.com\/tunisie\/#website\",\"url\":\"https:\/\/kapitalis.com\/tunisie\/\",\"name\":\"Kapitalis\",\"description\":\"L&#039;actualit\u00e9 en Tunisie et dans le monde\",\"publisher\":{\"@id\":\"https:\/\/kapitalis.com\/tunisie\/#organization\"},\"potentialAction\":[{\"@type\":\"SearchAction\",\"target\":{\"@type\":\"EntryPoint\",\"urlTemplate\":\"https:\/\/kapitalis.com\/tunisie\/?s={search_term_string}\"},\"query-input\":{\"@type\":\"PropertyValueSpecification\",\"valueRequired\":true,\"valueName\":\"search_term_string\"}}],\"inLanguage\":\"fr-FR\"},{\"@type\":\"Organization\",\"@id\":\"https:\/\/kapitalis.com\/tunisie\/#organization\",\"name\":\"Kapitalis\",\"url\":\"https:\/\/kapitalis.com\/tunisie\/\",\"logo\":{\"@type\":\"ImageObject\",\"inLanguage\":\"fr-FR\",\"@id\":\"https:\/\/kapitalis.com\/tunisie\/#\/schema\/logo\/image\/\",\"url\":\"https:\/\/kapitalis.com\/tunisie\/wp-content\/uploads\/2022\/05\/Kapitalis-big-size.png\",\"contentUrl\":\"https:\/\/kapitalis.com\/tunisie\/wp-content\/uploads\/2022\/05\/Kapitalis-big-size.png\",\"width\":5000,\"height\":1500,\"caption\":\"Kapitalis\"},\"image\":{\"@id\":\"https:\/\/kapitalis.com\/tunisie\/#\/schema\/logo\/image\/\"},\"sameAs\":[\"https:\/\/www.facebook.com\/KapitalisInfo\/\",\"https:\/\/x.com\/KapitalisInfo\",\"https:\/\/www.youtube.com\/channel\/UC-yDYrHyfFBWWZaOw3FPg9Q\"]},{\"@type\":\"Person\",\"@id\":\"https:\/\/kapitalis.com\/tunisie\/#\/schema\/person\/74bbde0154d49d790a92aaeac5bc01d5\",\"name\":\"Yusra NY\",\"url\":\"https:\/\/kapitalis.com\/tunisie\/author\/yuza_adam\/\"}]}<\/script>\n<!-- \/ Yoast SEO plugin. -->","yoast_head_json":{"title":"Trafic de coca\u00efne : Deux dealers, dont un Tunisien r\u00e9sident \u00e0 l'\u00e9tranger, arr\u00eat\u00e9s \u00e0 Sousse - Kapitalis","description":"Le minist\u00e8re de l'Int\u00e9rieur a annonc\u00e9, ce vendredi 3 juin 2022, l'arrestation d'un Tunisien r\u00e9sident \u00e0 l\u2019\u00e9tranger, par la police de Sousse. Le suspect \u00e9tait en possession de coca\u00efne brute, qu'il s'\u00e9tait procur\u00e9e en Europe avant de rentrer en Tunisie.","robots":{"index":"index","follow":"follow","max-snippet":"max-snippet:-1","max-image-preview":"max-image-preview:large","max-video-preview":"max-video-preview:-1"},"canonical":"https:\/\/kapitalis.com\/tunisie\/2022\/06\/03\/trafic-de-cocaine-deux-dealers-dont-un-tunisien-resident-a-letranger-arretes-a-sousse\/","og_locale":"fr_FR","og_type":"article","og_title":"Trafic de coca\u00efne : Deux dealers, dont un Tunisien r\u00e9sident \u00e0 l'\u00e9tranger, arr\u00eat\u00e9s \u00e0 Sousse - Kapitalis","og_description":"Le minist\u00e8re de l'Int\u00e9rieur a annonc\u00e9, ce vendredi 3 juin 2022, l'arrestation d'un Tunisien r\u00e9sident \u00e0 l\u2019\u00e9tranger, par la police de Sousse. Le suspect \u00e9tait en possession de coca\u00efne brute, qu'il s'\u00e9tait procur\u00e9e en Europe avant de rentrer en Tunisie.","og_url":"https:\/\/kapitalis.com\/tunisie\/2022\/06\/03\/trafic-de-cocaine-deux-dealers-dont-un-tunisien-resident-a-letranger-arretes-a-sousse\/","og_site_name":"Kapitalis","article_publisher":"https:\/\/www.facebook.com\/KapitalisInfo\/","article_published_time":"2022-06-03T21:45:43+00:00","article_modified_time":"2022-06-03T21:45:44+00:00","og_image":[{"width":1200,"height":630,"url":"https:\/\/kapitalis.com\/tunisie\/wp-content\/uploads\/2022\/06\/cocaine.jpg","type":"image\/jpeg"}],"author":"Yusra NY","twitter_card":"summary_large_image","twitter_creator":"@KapitalisInfo","twitter_site":"@KapitalisInfo","twitter_misc":{"\u00c9crit par":"Yusra NY","Dur\u00e9e de lecture estim\u00e9e":"1 minute"},"schema":{"@context":"https:\/\/schema.org","@graph":[{"@type":"Article","@id":"https:\/\/kapitalis.com\/tunisie\/2022\/06\/03\/trafic-de-cocaine-deux-dealers-dont-un-tunisien-resident-a-letranger-arretes-a-sousse\/#article","isPartOf":{"@id":"https:\/\/kapitalis.com\/tunisie\/2022\/06\/03\/trafic-de-cocaine-deux-dealers-dont-un-tunisien-resident-a-letranger-arretes-a-sousse\/"},"author":{"name":"Yusra NY","@id":"https:\/\/kapitalis.com\/tunisie\/#\/schema\/person\/74bbde0154d49d790a92aaeac5bc01d5"},"headline":"Trafic de coca\u00efne : Deux dealers, dont un Tunisien r\u00e9sident \u00e0 l&rsquo;\u00e9tranger, arr\u00eat\u00e9s \u00e0 Sousse","datePublished":"2022-06-03T21:45:43+00:00","dateModified":"2022-06-03T21:45:44+00:00","mainEntityOfPage":{"@id":"https:\/\/kapitalis.com\/tunisie\/2022\/06\/03\/trafic-de-cocaine-deux-dealers-dont-un-tunisien-resident-a-letranger-arretes-a-sousse\/"},"wordCount":148,"commentCount":1,"publisher":{"@id":"https:\/\/kapitalis.com\/tunisie\/#organization"},"image":{"@id":"https:\/\/kapitalis.com\/tunisie\/2022\/06\/03\/trafic-de-cocaine-deux-dealers-dont-un-tunisien-resident-a-letranger-arretes-a-sousse\/#primaryimage"},"thumbnailUrl":"https:\/\/kapitalis.com\/tunisie\/wp-content\/uploads\/2022\/06\/cocaine.jpg","keywords":["coca\u00efne","coca\u00efne brute","drogue","Europe","Sousse","Tunisie","Tunisien"],"articleSection":["SOCIETE","Tunisie"],"inLanguage":"fr-FR","potentialAction":[{"@type":"CommentAction","name":"Comment","target":["https:\/\/kapitalis.com\/tunisie\/2022\/06\/03\/trafic-de-cocaine-deux-dealers-dont-un-tunisien-resident-a-letranger-arretes-a-sousse\/#respond"]}]},{"@type":"WebPage","@id":"https:\/\/kapitalis.com\/tunisie\/2022\/06\/03\/trafic-de-cocaine-deux-dealers-dont-un-tunisien-resident-a-letranger-arretes-a-sousse\/","url":"https:\/\/kapitalis.com\/tunisie\/2022\/06\/03\/trafic-de-cocaine-deux-dealers-dont-un-tunisien-resident-a-letranger-arretes-a-sousse\/","name":"Trafic de coca\u00efne : Deux dealers, dont un Tunisien r\u00e9sident \u00e0 l'\u00e9tranger, arr\u00eat\u00e9s \u00e0 Sousse - Kapitalis","isPartOf":{"@id":"https:\/\/kapitalis.com\/tunisie\/#website"},"primaryImageOfPage":{"@id":"https:\/\/kapitalis.com\/tunisie\/2022\/06\/03\/trafic-de-cocaine-deux-dealers-dont-un-tunisien-resident-a-letranger-arretes-a-sousse\/#primaryimage"},"image":{"@id":"https:\/\/kapitalis.com\/tunisie\/2022\/06\/03\/trafic-de-cocaine-deux-dealers-dont-un-tunisien-resident-a-letranger-arretes-a-sousse\/#primaryimage"},"thumbnailUrl":"https:\/\/kapitalis.com\/tunisie\/wp-content\/uploads\/2022\/06\/cocaine.jpg","datePublished":"2022-06-03T21:45:43+00:00","dateModified":"2022-06-03T21:45:44+00:00","description":"Le minist\u00e8re de l'Int\u00e9rieur a annonc\u00e9, ce vendredi 3 juin 2022, l'arrestation d'un Tunisien r\u00e9sident \u00e0 l\u2019\u00e9tranger, par la police de Sousse. Le suspect \u00e9tait en possession de coca\u00efne brute, qu'il s'\u00e9tait procur\u00e9e en Europe avant de rentrer en Tunisie.","breadcrumb":{"@id":"https:\/\/kapitalis.com\/tunisie\/2022\/06\/03\/trafic-de-cocaine-deux-dealers-dont-un-tunisien-resident-a-letranger-arretes-a-sousse\/#breadcrumb"},"inLanguage":"fr-FR","potentialAction":[{"@type":"ReadAction","target":["https:\/\/kapitalis.com\/tunisie\/2022\/06\/03\/trafic-de-cocaine-deux-dealers-dont-un-tunisien-resident-a-letranger-arretes-a-sousse\/"]}]},{"@type":"ImageObject","inLanguage":"fr-FR","@id":"https:\/\/kapitalis.com\/tunisie\/2022\/06\/03\/trafic-de-cocaine-deux-dealers-dont-un-tunisien-resident-a-letranger-arretes-a-sousse\/#primaryimage","url":"https:\/\/kapitalis.com\/tunisie\/wp-content\/uploads\/2022\/06\/cocaine.jpg","contentUrl":"https:\/\/kapitalis.com\/tunisie\/wp-content\/uploads\/2022\/06\/cocaine.jpg","width":1200,"height":630},{"@type":"BreadcrumbList","@id":"https:\/\/kapitalis.com\/tunisie\/2022\/06\/03\/trafic-de-cocaine-deux-dealers-dont-un-tunisien-resident-a-letranger-arretes-a-sousse\/#breadcrumb","itemListElement":[{"@type":"ListItem","position":1,"name":"Accueil","item":"https:\/\/kapitalis.com\/tunisie\/"},{"@type":"ListItem","position":2,"name":"Trafic de coca\u00efne : Deux dealers, dont un Tunisien r\u00e9sident \u00e0 l&rsquo;\u00e9tranger, arr\u00eat\u00e9s \u00e0 Sousse"}]},{"@type":"WebSite","@id":"https:\/\/kapitalis.com\/tunisie\/#website","url":"https:\/\/kapitalis.com\/tunisie\/","name":"Kapitalis","description":"L&#039;actualit\u00e9 en Tunisie et dans le monde","publisher":{"@id":"https:\/\/kapitalis.com\/tunisie\/#organization"},"potentialAction":[{"@type":"SearchAction","target":{"@type":"EntryPoint","urlTemplate":"https:\/\/kapitalis.com\/tunisie\/?s={search_term_string}"},"query-input":{"@type":"PropertyValueSpecification","valueRequired":true,"valueName":"search_term_string"}}],"inLanguage":"fr-FR"},{"@type":"Organization","@id":"https:\/\/kapitalis.com\/tunisie\/#organization","name":"Kapitalis","url":"https:\/\/kapitalis.com\/tunisie\/","logo":{"@type":"ImageObject","inLanguage":"fr-FR","@id":"https:\/\/kapitalis.com\/tunisie\/#\/schema\/logo\/image\/","url":"https:\/\/kapitalis.com\/tunisie\/wp-content\/uploads\/2022\/05\/Kapitalis-big-size.png","contentUrl":"https:\/\/kapitalis.com\/tunisie\/wp-content\/uploads\/2022\/05\/Kapitalis-big-size.png","width":5000,"height":1500,"caption":"Kapitalis"},"image":{"@id":"https:\/\/kapitalis.com\/tunisie\/#\/schema\/logo\/image\/"},"sameAs":["https:\/\/www.facebook.com\/KapitalisInfo\/","https:\/\/x.com\/KapitalisInfo","https:\/\/www.youtube.com\/channel\/UC-yDYrHyfFBWWZaOw3FPg9Q"]},{"@type":"Person","@id":"https:\/\/kapitalis.com\/tunisie\/#\/schema\/person\/74bbde0154d49d790a92aaeac5bc01d5","name":"Yusra NY","url":"https:\/\/kapitalis.com\/tunisie\/author\/yuza_adam\/"}]}},"_links":{"self":[{"href":"https:\/\/kapitalis.com\/tunisie\/wp-json\/wp\/v2\/posts\/1229503","targetHints":{"allow":["GET"]}}],"collection":[{"href":"https:\/\/kapitalis.com\/tunisie\/wp-json\/wp\/v2\/posts"}],"about":[{"href":"https:\/\/kapitalis.com\/tunisie\/wp-json\/wp\/v2\/types\/post"}],"author":[{"embeddable":true,"href":"https:\/\/kapitalis.com\/tunisie\/wp-json\/wp\/v2\/users\/6"}],"replies":[{"embeddable":true,"href":"https:\/\/kapitalis.com\/tunisie\/wp-json\/wp\/v2\/comments?post=1229503"}],"version-history":[{"count":0,"href":"https:\/\/kapitalis.com\/tunisie\/wp-json\/wp\/v2\/posts\/1229503\/revisions"}],"wp:featuredmedia":[{"embeddable":true,"href":"https:\/\/kapitalis.com\/tunisie\/wp-json\/wp\/v2\/media\/1229627"}],"wp:attachment":[{"href":"https:\/\/kapitalis.com\/tunisie\/wp-json\/wp\/v2\/media?parent=1229503"}],"wp:term":[{"taxonomy":"category","embeddable":true,"href":"https:\/\/kapitalis.com\/tunisie\/wp-json\/wp\/v2\/categories?post=1229503"},{"taxonomy":"post_tag","embeddable":true,"href":"https:\/\/kapitalis.com\/tunisie\/wp-json\/wp\/v2\/tags?post=1229503"}],"curies":[{"name":"wp","href":"https:\/\/api.w.org\/{rel}","templated":true}]}}