{"id":12326325,"date":"2024-04-06T07:25:57","date_gmt":"2024-04-06T06:25:57","guid":{"rendered":"https:\/\/kapitalis.com\/tunisie\/?p=12326325"},"modified":"2024-04-06T07:25:59","modified_gmt":"2024-04-06T06:25:59","slug":"la-tunisie-ouvre-un-5e-consulat-en-italie","status":"publish","type":"post","link":"https:\/\/kapitalis.com\/tunisie\/2024\/04\/06\/la-tunisie-ouvre-un-5e-consulat-en-italie\/","title":{"rendered":"La Tunisie ouvre un 5e consulat en Italie"},"content":{"rendered":"\n<p><strong><em>La Tunisie vient d\u2019ouvrir un consulat \u00e0 Bologne, le cinqui\u00e8me en Italie, apr\u00e8s ceux de Rome, Napoli, G\u00eanes et Palerme, en plus du consulat g\u00e9n\u00e9ral \u00e0 Milan.<\/em><\/strong><\/p>\n\n\n\n<!--more-->\n\n\n\n<p>Selon un communiqu\u00e9 du minist\u00e8re des Affaires \u00e9trang\u00e8res, de la Migration et des Tunisiens \u00e0 l\u2019\u00e9tranger, ce consulat couvre les deux r\u00e9gions&nbsp;(Les Marches et Emilia Romagna) qui abritent pr\u00e8s de 40 000 Tunisiens.<\/p>\n\n\n\n<p>Le pr\u00e9sident de la r\u00e9publique Ka\u00efs Sa\u00efed a nomm\u00e9 Afif Traouli \u00e0 la t\u00eate du nouveau consulat, a indiqu\u00e9 le minist\u00e8re, soulignant que le nouveau consul a pris ses fonctions le 20 mars 2024 dans l\u2019attente du renforcement de la mission par les ressources humaines n\u00e9cessaires. <\/p>\n\n\n\n<p>Le minist\u00e8re a, dans ce contexte, soulign\u00e9 que la pr\u00e9paration logistique et la coordination avec les parties italiennes et tunisiennes concern\u00e9es, ainsi que l\u2019\u00e9quipement du consulat avec le mat\u00e9riel n\u00e9cessaire, se poursuivent \u00e0 un rythme soutenu. <\/p>\n\n\n\n<p><em>\u00abTous les services consulaires devraient \u00eatre disponibles d\u00e8s le mois de mai 2024\u00bb<\/em>, lit-on dans le communiqu\u00e9.<\/p>\n\n\n\n<p>Selon une \u00e9tude de l\u2019OIM publi\u00e9e en 2021 (<em><a href=\"https:\/\/publications.iom.int\/system\/files\/pdf\/Cartographie%20-es-Tunisiens-r%C3%A9sidents-en-Italie-Rapport-synth%C3%A9tique_0.pdf\" target=\"_blank\" rel=\"noreferrer noopener\">\u00abCartographie des Tunisiens r\u00e9sidents en Italie\u00a0: Profil socio\u00e9conomique \u00e0 l\u2019investissement en Tunisie\u00bb<\/a><\/em>), il y aurait en Italie 110 468 r\u00e9sidents Tunisiens r\u00e9guliers titulaires d\u2019un permis de s\u00e9jour en cours de validit\u00e9, dont 28,7% de mineurs. 72% d\u00e9tiennent un permis de s\u00e9jour de longue dur\u00e9e. C\u2019est une communaut\u00e9 jeune stabilis\u00e9e autour des noyaux familiaux. C\u2019est, \u00e9galement, la deuxi\u00e8me communaut\u00e9 d\u2019expatri\u00e9s par volume de transferts de fonds apr\u00e8s la France.<\/p>\n\n\n\n<p>La masse des travailleurs tunisiens r\u00e9sidents en Italie est compos\u00e9e essentiellement d\u2019ouvriers qualifi\u00e9s, sp\u00e9cialis\u00e9s dans l\u2019industrie et la p\u00eache.<\/p>\n\n\n\n<p>Selon la m\u00eame \u00e9tude, 14\u00a0513 Tunisiens r\u00e9sidents en Italie sont titulaires d\u2019une entreprise individuelle (52,3 % dans la construction et 25,9 % dans le commerce et transport.<\/p>\n\n\n\n<p class=\"has-text-align-right\"><strong>I. B.<\/strong> <\/p>\n","protected":false},"excerpt":{"rendered":"<p>La Tunisie vient d\u2019ouvrir un 5e consulat en Italie, \u00e0 Bologne. <\/p>\n","protected":false},"author":8,"featured_media":12326560,"comment_status":"open","ping_status":"open","sticky":false,"template":"","format":"standard","meta":{"footnotes":""},"categories":[997,2433],"tags":[114821,22023,2070,505,76012,62643],"class_list":["post-12326325","post","type-post","status-publish","format-standard","has-post-thumbnail","hentry","category-politique","category-tunisie","tag-afif-traouli","tag-bologne","tag-consulat","tag-italie","tag-kais-saied-2","tag-tunisie"],"yoast_head":"<!-- This site is optimized with the Yoast SEO plugin v26.6 - https:\/\/yoast.com\/wordpress\/plugins\/seo\/ -->\n<title>La Tunisie ouvre un 5e consulat en Italie - Kapitalis<\/title>\n<meta name=\"robots\" content=\"index, follow, max-snippet:-1, max-image-preview:large, max-video-preview:-1\" \/>\n<link rel=\"canonical\" href=\"https:\/\/kapitalis.com\/tunisie\/2024\/04\/06\/la-tunisie-ouvre-un-5e-consulat-en-italie\/\" \/>\n<meta property=\"og:locale\" content=\"fr_FR\" \/>\n<meta property=\"og:type\" content=\"article\" \/>\n<meta property=\"og:title\" content=\"La Tunisie ouvre un 5e consulat en Italie - Kapitalis\" \/>\n<meta property=\"og:description\" content=\"La Tunisie vient d\u2019ouvrir un 5e consulat en Italie, \u00e0 Bologne.\" \/>\n<meta property=\"og:url\" content=\"https:\/\/kapitalis.com\/tunisie\/2024\/04\/06\/la-tunisie-ouvre-un-5e-consulat-en-italie\/\" \/>\n<meta property=\"og:site_name\" content=\"Kapitalis\" \/>\n<meta property=\"article:publisher\" content=\"https:\/\/www.facebook.com\/KapitalisInfo\/\" \/>\n<meta property=\"article:published_time\" content=\"2024-04-06T06:25:57+00:00\" \/>\n<meta property=\"article:modified_time\" content=\"2024-04-06T06:25:59+00:00\" \/>\n<meta property=\"og:image\" content=\"https:\/\/kapitalis.com\/tunisie\/wp-content\/uploads\/2024\/04\/Tunisie-Italie.jpg\" \/>\n\t<meta property=\"og:image:width\" content=\"1200\" \/>\n\t<meta property=\"og:image:height\" content=\"630\" \/>\n\t<meta property=\"og:image:type\" content=\"image\/jpeg\" \/>\n<meta name=\"author\" content=\"webmaster kapitalis\" \/>\n<meta name=\"twitter:card\" content=\"summary_large_image\" \/>\n<meta name=\"twitter:creator\" content=\"@KapitalisInfo\" \/>\n<meta name=\"twitter:site\" content=\"@KapitalisInfo\" \/>\n<meta name=\"twitter:label1\" content=\"\u00c9crit par\" \/>\n\t<meta name=\"twitter:data1\" content=\"webmaster kapitalis\" \/>\n\t<meta name=\"twitter:label2\" content=\"Dur\u00e9e de lecture estim\u00e9e\" \/>\n\t<meta name=\"twitter:data2\" content=\"2 minutes\" \/>\n<script type=\"application\/ld+json\" class=\"yoast-schema-graph\">{\"@context\":\"https:\/\/schema.org\",\"@graph\":[{\"@type\":\"Article\",\"@id\":\"https:\/\/kapitalis.com\/tunisie\/2024\/04\/06\/la-tunisie-ouvre-un-5e-consulat-en-italie\/#article\",\"isPartOf\":{\"@id\":\"https:\/\/kapitalis.com\/tunisie\/2024\/04\/06\/la-tunisie-ouvre-un-5e-consulat-en-italie\/\"},\"author\":{\"name\":\"webmaster kapitalis\",\"@id\":\"https:\/\/kapitalis.com\/tunisie\/#\/schema\/person\/d71f33a9ca44f7bad4698210b480c8e9\"},\"headline\":\"La Tunisie ouvre un 5e consulat en Italie\",\"datePublished\":\"2024-04-06T06:25:57+00:00\",\"dateModified\":\"2024-04-06T06:25:59+00:00\",\"mainEntityOfPage\":{\"@id\":\"https:\/\/kapitalis.com\/tunisie\/2024\/04\/06\/la-tunisie-ouvre-un-5e-consulat-en-italie\/\"},\"wordCount\":328,\"commentCount\":0,\"publisher\":{\"@id\":\"https:\/\/kapitalis.com\/tunisie\/#organization\"},\"image\":{\"@id\":\"https:\/\/kapitalis.com\/tunisie\/2024\/04\/06\/la-tunisie-ouvre-un-5e-consulat-en-italie\/#primaryimage\"},\"thumbnailUrl\":\"https:\/\/kapitalis.com\/tunisie\/wp-content\/uploads\/2024\/04\/Tunisie-Italie.jpg\",\"keywords\":[\"Afif Traouli\",\"Bologne\",\"consulat\",\"Italie\",\"Ka\u00efs Sa\u00efed\",\"Tunisie\"],\"articleSection\":[\"POLITIQUE\",\"Tunisie\"],\"inLanguage\":\"fr-FR\",\"potentialAction\":[{\"@type\":\"CommentAction\",\"name\":\"Comment\",\"target\":[\"https:\/\/kapitalis.com\/tunisie\/2024\/04\/06\/la-tunisie-ouvre-un-5e-consulat-en-italie\/#respond\"]}]},{\"@type\":\"WebPage\",\"@id\":\"https:\/\/kapitalis.com\/tunisie\/2024\/04\/06\/la-tunisie-ouvre-un-5e-consulat-en-italie\/\",\"url\":\"https:\/\/kapitalis.com\/tunisie\/2024\/04\/06\/la-tunisie-ouvre-un-5e-consulat-en-italie\/\",\"name\":\"La Tunisie ouvre un 5e consulat en Italie - Kapitalis\",\"isPartOf\":{\"@id\":\"https:\/\/kapitalis.com\/tunisie\/#website\"},\"primaryImageOfPage\":{\"@id\":\"https:\/\/kapitalis.com\/tunisie\/2024\/04\/06\/la-tunisie-ouvre-un-5e-consulat-en-italie\/#primaryimage\"},\"image\":{\"@id\":\"https:\/\/kapitalis.com\/tunisie\/2024\/04\/06\/la-tunisie-ouvre-un-5e-consulat-en-italie\/#primaryimage\"},\"thumbnailUrl\":\"https:\/\/kapitalis.com\/tunisie\/wp-content\/uploads\/2024\/04\/Tunisie-Italie.jpg\",\"datePublished\":\"2024-04-06T06:25:57+00:00\",\"dateModified\":\"2024-04-06T06:25:59+00:00\",\"breadcrumb\":{\"@id\":\"https:\/\/kapitalis.com\/tunisie\/2024\/04\/06\/la-tunisie-ouvre-un-5e-consulat-en-italie\/#breadcrumb\"},\"inLanguage\":\"fr-FR\",\"potentialAction\":[{\"@type\":\"ReadAction\",\"target\":[\"https:\/\/kapitalis.com\/tunisie\/2024\/04\/06\/la-tunisie-ouvre-un-5e-consulat-en-italie\/\"]}]},{\"@type\":\"ImageObject\",\"inLanguage\":\"fr-FR\",\"@id\":\"https:\/\/kapitalis.com\/tunisie\/2024\/04\/06\/la-tunisie-ouvre-un-5e-consulat-en-italie\/#primaryimage\",\"url\":\"https:\/\/kapitalis.com\/tunisie\/wp-content\/uploads\/2024\/04\/Tunisie-Italie.jpg\",\"contentUrl\":\"https:\/\/kapitalis.com\/tunisie\/wp-content\/uploads\/2024\/04\/Tunisie-Italie.jpg\",\"width\":1200,\"height\":630},{\"@type\":\"BreadcrumbList\",\"@id\":\"https:\/\/kapitalis.com\/tunisie\/2024\/04\/06\/la-tunisie-ouvre-un-5e-consulat-en-italie\/#breadcrumb\",\"itemListElement\":[{\"@type\":\"ListItem\",\"position\":1,\"name\":\"Accueil\",\"item\":\"https:\/\/kapitalis.com\/tunisie\/\"},{\"@type\":\"ListItem\",\"position\":2,\"name\":\"La Tunisie ouvre un 5e consulat en Italie\"}]},{\"@type\":\"WebSite\",\"@id\":\"https:\/\/kapitalis.com\/tunisie\/#website\",\"url\":\"https:\/\/kapitalis.com\/tunisie\/\",\"name\":\"Kapitalis\",\"description\":\"L&#039;actualit\u00e9 en Tunisie et dans le monde\",\"publisher\":{\"@id\":\"https:\/\/kapitalis.com\/tunisie\/#organization\"},\"potentialAction\":[{\"@type\":\"SearchAction\",\"target\":{\"@type\":\"EntryPoint\",\"urlTemplate\":\"https:\/\/kapitalis.com\/tunisie\/?s={search_term_string}\"},\"query-input\":{\"@type\":\"PropertyValueSpecification\",\"valueRequired\":true,\"valueName\":\"search_term_string\"}}],\"inLanguage\":\"fr-FR\"},{\"@type\":\"Organization\",\"@id\":\"https:\/\/kapitalis.com\/tunisie\/#organization\",\"name\":\"Kapitalis\",\"url\":\"https:\/\/kapitalis.com\/tunisie\/\",\"logo\":{\"@type\":\"ImageObject\",\"inLanguage\":\"fr-FR\",\"@id\":\"https:\/\/kapitalis.com\/tunisie\/#\/schema\/logo\/image\/\",\"url\":\"https:\/\/kapitalis.com\/tunisie\/wp-content\/uploads\/2022\/05\/Kapitalis-big-size.png\",\"contentUrl\":\"https:\/\/kapitalis.com\/tunisie\/wp-content\/uploads\/2022\/05\/Kapitalis-big-size.png\",\"width\":5000,\"height\":1500,\"caption\":\"Kapitalis\"},\"image\":{\"@id\":\"https:\/\/kapitalis.com\/tunisie\/#\/schema\/logo\/image\/\"},\"sameAs\":[\"https:\/\/www.facebook.com\/KapitalisInfo\/\",\"https:\/\/x.com\/KapitalisInfo\",\"https:\/\/www.youtube.com\/channel\/UC-yDYrHyfFBWWZaOw3FPg9Q\"]},{\"@type\":\"Person\",\"@id\":\"https:\/\/kapitalis.com\/tunisie\/#\/schema\/person\/d71f33a9ca44f7bad4698210b480c8e9\",\"name\":\"webmaster kapitalis\",\"url\":\"https:\/\/kapitalis.com\/tunisie\/author\/webmaster-kapitalis\/\"}]}<\/script>\n<!-- \/ Yoast SEO plugin. -->","yoast_head_json":{"title":"La Tunisie ouvre un 5e consulat en Italie - Kapitalis","robots":{"index":"index","follow":"follow","max-snippet":"max-snippet:-1","max-image-preview":"max-image-preview:large","max-video-preview":"max-video-preview:-1"},"canonical":"https:\/\/kapitalis.com\/tunisie\/2024\/04\/06\/la-tunisie-ouvre-un-5e-consulat-en-italie\/","og_locale":"fr_FR","og_type":"article","og_title":"La Tunisie ouvre un 5e consulat en Italie - Kapitalis","og_description":"La Tunisie vient d\u2019ouvrir un 5e consulat en Italie, \u00e0 Bologne.","og_url":"https:\/\/kapitalis.com\/tunisie\/2024\/04\/06\/la-tunisie-ouvre-un-5e-consulat-en-italie\/","og_site_name":"Kapitalis","article_publisher":"https:\/\/www.facebook.com\/KapitalisInfo\/","article_published_time":"2024-04-06T06:25:57+00:00","article_modified_time":"2024-04-06T06:25:59+00:00","og_image":[{"width":1200,"height":630,"url":"https:\/\/kapitalis.com\/tunisie\/wp-content\/uploads\/2024\/04\/Tunisie-Italie.jpg","type":"image\/jpeg"}],"author":"webmaster kapitalis","twitter_card":"summary_large_image","twitter_creator":"@KapitalisInfo","twitter_site":"@KapitalisInfo","twitter_misc":{"\u00c9crit par":"webmaster kapitalis","Dur\u00e9e de lecture estim\u00e9e":"2 minutes"},"schema":{"@context":"https:\/\/schema.org","@graph":[{"@type":"Article","@id":"https:\/\/kapitalis.com\/tunisie\/2024\/04\/06\/la-tunisie-ouvre-un-5e-consulat-en-italie\/#article","isPartOf":{"@id":"https:\/\/kapitalis.com\/tunisie\/2024\/04\/06\/la-tunisie-ouvre-un-5e-consulat-en-italie\/"},"author":{"name":"webmaster kapitalis","@id":"https:\/\/kapitalis.com\/tunisie\/#\/schema\/person\/d71f33a9ca44f7bad4698210b480c8e9"},"headline":"La Tunisie ouvre un 5e consulat en Italie","datePublished":"2024-04-06T06:25:57+00:00","dateModified":"2024-04-06T06:25:59+00:00","mainEntityOfPage":{"@id":"https:\/\/kapitalis.com\/tunisie\/2024\/04\/06\/la-tunisie-ouvre-un-5e-consulat-en-italie\/"},"wordCount":328,"commentCount":0,"publisher":{"@id":"https:\/\/kapitalis.com\/tunisie\/#organization"},"image":{"@id":"https:\/\/kapitalis.com\/tunisie\/2024\/04\/06\/la-tunisie-ouvre-un-5e-consulat-en-italie\/#primaryimage"},"thumbnailUrl":"https:\/\/kapitalis.com\/tunisie\/wp-content\/uploads\/2024\/04\/Tunisie-Italie.jpg","keywords":["Afif Traouli","Bologne","consulat","Italie","Ka\u00efs Sa\u00efed","Tunisie"],"articleSection":["POLITIQUE","Tunisie"],"inLanguage":"fr-FR","potentialAction":[{"@type":"CommentAction","name":"Comment","target":["https:\/\/kapitalis.com\/tunisie\/2024\/04\/06\/la-tunisie-ouvre-un-5e-consulat-en-italie\/#respond"]}]},{"@type":"WebPage","@id":"https:\/\/kapitalis.com\/tunisie\/2024\/04\/06\/la-tunisie-ouvre-un-5e-consulat-en-italie\/","url":"https:\/\/kapitalis.com\/tunisie\/2024\/04\/06\/la-tunisie-ouvre-un-5e-consulat-en-italie\/","name":"La Tunisie ouvre un 5e consulat en Italie - Kapitalis","isPartOf":{"@id":"https:\/\/kapitalis.com\/tunisie\/#website"},"primaryImageOfPage":{"@id":"https:\/\/kapitalis.com\/tunisie\/2024\/04\/06\/la-tunisie-ouvre-un-5e-consulat-en-italie\/#primaryimage"},"image":{"@id":"https:\/\/kapitalis.com\/tunisie\/2024\/04\/06\/la-tunisie-ouvre-un-5e-consulat-en-italie\/#primaryimage"},"thumbnailUrl":"https:\/\/kapitalis.com\/tunisie\/wp-content\/uploads\/2024\/04\/Tunisie-Italie.jpg","datePublished":"2024-04-06T06:25:57+00:00","dateModified":"2024-04-06T06:25:59+00:00","breadcrumb":{"@id":"https:\/\/kapitalis.com\/tunisie\/2024\/04\/06\/la-tunisie-ouvre-un-5e-consulat-en-italie\/#breadcrumb"},"inLanguage":"fr-FR","potentialAction":[{"@type":"ReadAction","target":["https:\/\/kapitalis.com\/tunisie\/2024\/04\/06\/la-tunisie-ouvre-un-5e-consulat-en-italie\/"]}]},{"@type":"ImageObject","inLanguage":"fr-FR","@id":"https:\/\/kapitalis.com\/tunisie\/2024\/04\/06\/la-tunisie-ouvre-un-5e-consulat-en-italie\/#primaryimage","url":"https:\/\/kapitalis.com\/tunisie\/wp-content\/uploads\/2024\/04\/Tunisie-Italie.jpg","contentUrl":"https:\/\/kapitalis.com\/tunisie\/wp-content\/uploads\/2024\/04\/Tunisie-Italie.jpg","width":1200,"height":630},{"@type":"BreadcrumbList","@id":"https:\/\/kapitalis.com\/tunisie\/2024\/04\/06\/la-tunisie-ouvre-un-5e-consulat-en-italie\/#breadcrumb","itemListElement":[{"@type":"ListItem","position":1,"name":"Accueil","item":"https:\/\/kapitalis.com\/tunisie\/"},{"@type":"ListItem","position":2,"name":"La Tunisie ouvre un 5e consulat en Italie"}]},{"@type":"WebSite","@id":"https:\/\/kapitalis.com\/tunisie\/#website","url":"https:\/\/kapitalis.com\/tunisie\/","name":"Kapitalis","description":"L&#039;actualit\u00e9 en Tunisie et dans le monde","publisher":{"@id":"https:\/\/kapitalis.com\/tunisie\/#organization"},"potentialAction":[{"@type":"SearchAction","target":{"@type":"EntryPoint","urlTemplate":"https:\/\/kapitalis.com\/tunisie\/?s={search_term_string}"},"query-input":{"@type":"PropertyValueSpecification","valueRequired":true,"valueName":"search_term_string"}}],"inLanguage":"fr-FR"},{"@type":"Organization","@id":"https:\/\/kapitalis.com\/tunisie\/#organization","name":"Kapitalis","url":"https:\/\/kapitalis.com\/tunisie\/","logo":{"@type":"ImageObject","inLanguage":"fr-FR","@id":"https:\/\/kapitalis.com\/tunisie\/#\/schema\/logo\/image\/","url":"https:\/\/kapitalis.com\/tunisie\/wp-content\/uploads\/2022\/05\/Kapitalis-big-size.png","contentUrl":"https:\/\/kapitalis.com\/tunisie\/wp-content\/uploads\/2022\/05\/Kapitalis-big-size.png","width":5000,"height":1500,"caption":"Kapitalis"},"image":{"@id":"https:\/\/kapitalis.com\/tunisie\/#\/schema\/logo\/image\/"},"sameAs":["https:\/\/www.facebook.com\/KapitalisInfo\/","https:\/\/x.com\/KapitalisInfo","https:\/\/www.youtube.com\/channel\/UC-yDYrHyfFBWWZaOw3FPg9Q"]},{"@type":"Person","@id":"https:\/\/kapitalis.com\/tunisie\/#\/schema\/person\/d71f33a9ca44f7bad4698210b480c8e9","name":"webmaster kapitalis","url":"https:\/\/kapitalis.com\/tunisie\/author\/webmaster-kapitalis\/"}]}},"_links":{"self":[{"href":"https:\/\/kapitalis.com\/tunisie\/wp-json\/wp\/v2\/posts\/12326325","targetHints":{"allow":["GET"]}}],"collection":[{"href":"https:\/\/kapitalis.com\/tunisie\/wp-json\/wp\/v2\/posts"}],"about":[{"href":"https:\/\/kapitalis.com\/tunisie\/wp-json\/wp\/v2\/types\/post"}],"author":[{"embeddable":true,"href":"https:\/\/kapitalis.com\/tunisie\/wp-json\/wp\/v2\/users\/8"}],"replies":[{"embeddable":true,"href":"https:\/\/kapitalis.com\/tunisie\/wp-json\/wp\/v2\/comments?post=12326325"}],"version-history":[{"count":1,"href":"https:\/\/kapitalis.com\/tunisie\/wp-json\/wp\/v2\/posts\/12326325\/revisions"}],"predecessor-version":[{"id":12326561,"href":"https:\/\/kapitalis.com\/tunisie\/wp-json\/wp\/v2\/posts\/12326325\/revisions\/12326561"}],"wp:featuredmedia":[{"embeddable":true,"href":"https:\/\/kapitalis.com\/tunisie\/wp-json\/wp\/v2\/media\/12326560"}],"wp:attachment":[{"href":"https:\/\/kapitalis.com\/tunisie\/wp-json\/wp\/v2\/media?parent=12326325"}],"wp:term":[{"taxonomy":"category","embeddable":true,"href":"https:\/\/kapitalis.com\/tunisie\/wp-json\/wp\/v2\/categories?post=12326325"},{"taxonomy":"post_tag","embeddable":true,"href":"https:\/\/kapitalis.com\/tunisie\/wp-json\/wp\/v2\/tags?post=12326325"}],"curies":[{"name":"wp","href":"https:\/\/api.w.org\/{rel}","templated":true}]}}