{"id":123286,"date":"2017-11-13T12:26:20","date_gmt":"2017-11-13T11:26:20","guid":{"rendered":"http:\/\/kapitalis.com\/tunisie\/?p=123286"},"modified":"2017-11-13T13:24:03","modified_gmt":"2017-11-13T12:24:03","slug":"le-groupe-psa-accompagnera-la-filiere-automobile-en-algerie","status":"publish","type":"post","link":"https:\/\/kapitalis.com\/tunisie\/2017\/11\/13\/le-groupe-psa-accompagnera-la-filiere-automobile-en-algerie\/","title":{"rendered":"Le Groupe PSA accompagnera la fili\u00e8re automobile en Alg\u00e9rie"},"content":{"rendered":"<p style=\"text-align: center;\"><img loading=\"lazy\" decoding=\"async\" class=\"alignnone size-full wp-image-123292\" src=\"http:\/\/kapitalis.com\/tunisie\/wp-content\/uploads\/2017\/11\/PSA-Algerie-2.jpg\" alt=\"\" width=\"626\" height=\"380\" \/><\/p>\n<p><em><strong>Le Groupe PSA a cr\u00e9e une co-entreprise avec 3 partenaires alg\u00e9riens et franchi une \u00e9tape importante dans son implantation industrielle en Alg\u00e9rie.<\/strong> <\/em><\/p>\n<p><!--more--><\/p>\n<p>Jean-Christophe Quemard, directeur de la r\u00e9gion Moyen-Orient et Afrique du Groupe PSA, a sign\u00e9 \u00e0 Alger avec les partenaires alg\u00e9riens de ce projet (les soci\u00e9t\u00e9s Condor Electronics, Palpa Pro et l\u2019Entreprise nationale de production de machines-outils, PMO), un accord visant \u00e0 la cr\u00e9ation d\u2019une soci\u00e9t\u00e9 industrielle bas\u00e9e \u00e0 Oran, afin de produire des v\u00e9hicules destin\u00e9s au march\u00e9 alg\u00e9rien.<\/p>\n<p>Cette signature est intervenue dans le cadre du Comit\u00e9 mixte \u00e9conomique franco-alg\u00e9rien (Comefa), en pr\u00e9sence de Youcef Yousfi, ministre alg\u00e9rien de l\u2019Industrie et des Mines et Bruno Le Maire, ministre fran\u00e7ais de l\u2019\u00c9conomie, des Finances et de l\u2019Industrie.<\/p>\n<p>Aux termes de cet accord sign\u00e9 en pr\u00e9sence des ministres et qui ent\u00e9rine la mise en \u0153uvre graduelle du projet, le Groupe PSA d\u00e9tiendra 49% du capital de cette nouvelle co-entreprise, repr\u00e9sentant un investissement global de l\u2019ordre de 100 millions d\u2019euros.<\/p>\n<p>Le Groupe PSA accompagnera ainsi le d\u00e9veloppement de la fili\u00e8re automobile en Alg\u00e9rie avec un plan complet de mont\u00e9e en comp\u00e9tences et de formation des collaborateurs et contribuera au d\u00e9veloppement du tissu fournisseur local.<\/p>\n<p>Cette usine produira des mod\u00e8les permettant aux marques du Groupe PSA de r\u00e9pondre \u00e0 la demande des clients alg\u00e9riens, en leur proposant des v\u00e9hicules aux meilleurs standards de qualit\u00e9, de s\u00e9curit\u00e9 et de respect de l\u2019environnement.<\/p>\n<p>A l\u2019occasion de la signature de cet accord, Jean-Christophe Quemard a d\u00e9clar\u00e9 : \u00abL\u2019Alg\u00e9rie est un march\u00e9 historique pour le Groupe PSA et nous sommes particuli\u00e8rement fiers de nous y implanter industriellement.<\/p>\n<p>Elle est au c\u0153ur de la r\u00e9gion Moyen-Orient et Afrique qui est un levier majeur de l\u2019internationalisation rentable du plan <a href=\"https:\/\/www.groupe-psa.com\/fr\/groupe-automobile\/strategie\/\">Push to Pas<\/a>. Cet accord nous permettra de disposer de capacit\u00e9s de production au c\u0153ur de la r\u00e9gion pour r\u00e9aliser notre ambition d\u2019y vendre 700 000 v\u00e9hicules en 2021\u00bb.<\/p>\n<p>Le Groupe PSA con\u00e7oit des exp\u00e9riences automobiles uniques et apporte des solutions de mobilit\u00e9 innovantes pour r\u00e9pondre aux attentes de tous. Avec ses cinq marques automobiles &#8211; <a href=\"http:\/\/www.peugeot.fr\/\">Peugeot<\/a>, <a href=\"http:\/\/www.citroen.fr\/\">Citro\u00ebn<\/a>, <a href=\"http:\/\/www.dsautomobiles.fr\/\">DS<\/a>, <a href=\"http:\/\/www.opel.fr\/\">Opel<\/a> et <a href=\"http:\/\/www.vauxhall.co.uk\/\">Vauxhall<\/a> &#8211; et une offre diversifi\u00e9e de services connect\u00e9s et de mobilit\u00e9 port\u00e9s par la marque <a href=\"https:\/\/fr.free2move.com\/\">Free2Move<\/a>, le Groupe PSA ambitionne d\u2019\u00eatre un constructeur automobile de r\u00e9f\u00e9rence et le fournisseur de mobilit\u00e9 pr\u00e9f\u00e9r\u00e9 des clients. Il est l\u2019un des pionniers de la voiture autonome et du v\u00e9hicule connect\u00e9. Ses activit\u00e9s s\u2019\u00e9tendent \u00e9galement au financement automobile avec Banque PSA Finance et \u00e0 l\u2019\u00e9quipement automobile avec Faurecia.<\/p>\n<p><em><strong>Source<\/strong><\/em> : communiqu\u00e9.<\/p>\n","protected":false},"excerpt":{"rendered":"<p>Le Groupe PSA a cr\u00e9e une co-entreprise avec 3 partenaires alg\u00e9riens et franchi une \u00e9tape importante dans son implantation industrielle en Alg\u00e9rie.<\/p>\n","protected":false},"author":8,"featured_media":123292,"comment_status":"open","ping_status":"open","sticky":false,"template":"","format":"standard","meta":{"footnotes":""},"categories":[995],"tags":[64,19346,19345],"class_list":["post-123286","post","type-post","status-publish","format-standard","has-post-thumbnail","hentry","category-economie","tag-algerie","tag-groupe-psa","tag-jean-christophe-quemard"],"yoast_head":"<!-- This site is optimized with the Yoast SEO plugin v26.6 - https:\/\/yoast.com\/wordpress\/plugins\/seo\/ -->\n<title>Le Groupe PSA accompagnera la fili\u00e8re automobile en Alg\u00e9rie - Kapitalis<\/title>\n<meta name=\"robots\" content=\"index, follow, max-snippet:-1, max-image-preview:large, max-video-preview:-1\" \/>\n<link rel=\"canonical\" href=\"https:\/\/kapitalis.com\/tunisie\/2017\/11\/13\/le-groupe-psa-accompagnera-la-filiere-automobile-en-algerie\/\" \/>\n<meta property=\"og:locale\" content=\"fr_FR\" \/>\n<meta property=\"og:type\" content=\"article\" \/>\n<meta property=\"og:title\" content=\"Le Groupe PSA accompagnera la fili\u00e8re automobile en Alg\u00e9rie - Kapitalis\" \/>\n<meta property=\"og:description\" content=\"Le Groupe PSA a cr\u00e9e une co-entreprise avec 3 partenaires alg\u00e9riens et franchi une \u00e9tape importante dans son implantation industrielle en Alg\u00e9rie.\" \/>\n<meta property=\"og:url\" content=\"https:\/\/kapitalis.com\/tunisie\/2017\/11\/13\/le-groupe-psa-accompagnera-la-filiere-automobile-en-algerie\/\" \/>\n<meta property=\"og:site_name\" content=\"Kapitalis\" \/>\n<meta property=\"article:publisher\" content=\"https:\/\/www.facebook.com\/KapitalisInfo\/\" \/>\n<meta property=\"article:published_time\" content=\"2017-11-13T11:26:20+00:00\" \/>\n<meta property=\"article:modified_time\" content=\"2017-11-13T12:24:03+00:00\" \/>\n<meta property=\"og:image\" content=\"https:\/\/kapitalis.com\/tunisie\/wp-content\/uploads\/2022\/05\/kapitalis-logo-fb.png\" \/>\n\t<meta property=\"og:image:width\" content=\"1200\" \/>\n\t<meta property=\"og:image:height\" content=\"630\" \/>\n\t<meta property=\"og:image:type\" content=\"image\/png\" \/>\n<meta name=\"author\" content=\"webmaster kapitalis\" \/>\n<meta name=\"twitter:card\" content=\"summary_large_image\" \/>\n<meta name=\"twitter:creator\" content=\"@KapitalisInfo\" \/>\n<meta name=\"twitter:site\" content=\"@KapitalisInfo\" \/>\n<meta name=\"twitter:label1\" content=\"\u00c9crit par\" \/>\n\t<meta name=\"twitter:data1\" content=\"webmaster kapitalis\" \/>\n\t<meta name=\"twitter:label2\" content=\"Dur\u00e9e de lecture estim\u00e9e\" \/>\n\t<meta name=\"twitter:data2\" content=\"2 minutes\" \/>\n<script type=\"application\/ld+json\" class=\"yoast-schema-graph\">{\"@context\":\"https:\/\/schema.org\",\"@graph\":[{\"@type\":\"Article\",\"@id\":\"https:\/\/kapitalis.com\/tunisie\/2017\/11\/13\/le-groupe-psa-accompagnera-la-filiere-automobile-en-algerie\/#article\",\"isPartOf\":{\"@id\":\"https:\/\/kapitalis.com\/tunisie\/2017\/11\/13\/le-groupe-psa-accompagnera-la-filiere-automobile-en-algerie\/\"},\"author\":{\"name\":\"webmaster kapitalis\",\"@id\":\"https:\/\/kapitalis.com\/tunisie\/#\/schema\/person\/d71f33a9ca44f7bad4698210b480c8e9\"},\"headline\":\"Le Groupe PSA accompagnera la fili\u00e8re automobile en Alg\u00e9rie\",\"datePublished\":\"2017-11-13T11:26:20+00:00\",\"dateModified\":\"2017-11-13T12:24:03+00:00\",\"mainEntityOfPage\":{\"@id\":\"https:\/\/kapitalis.com\/tunisie\/2017\/11\/13\/le-groupe-psa-accompagnera-la-filiere-automobile-en-algerie\/\"},\"wordCount\":480,\"commentCount\":1,\"publisher\":{\"@id\":\"https:\/\/kapitalis.com\/tunisie\/#organization\"},\"image\":{\"@id\":\"https:\/\/kapitalis.com\/tunisie\/2017\/11\/13\/le-groupe-psa-accompagnera-la-filiere-automobile-en-algerie\/#primaryimage\"},\"thumbnailUrl\":\"\",\"keywords\":[\"Alg\u00e9rie\",\"Groupe PSA\",\"Jean-Christophe Quemard\"],\"articleSection\":[\"ECONOMIE\"],\"inLanguage\":\"fr-FR\",\"potentialAction\":[{\"@type\":\"CommentAction\",\"name\":\"Comment\",\"target\":[\"https:\/\/kapitalis.com\/tunisie\/2017\/11\/13\/le-groupe-psa-accompagnera-la-filiere-automobile-en-algerie\/#respond\"]}]},{\"@type\":\"WebPage\",\"@id\":\"https:\/\/kapitalis.com\/tunisie\/2017\/11\/13\/le-groupe-psa-accompagnera-la-filiere-automobile-en-algerie\/\",\"url\":\"https:\/\/kapitalis.com\/tunisie\/2017\/11\/13\/le-groupe-psa-accompagnera-la-filiere-automobile-en-algerie\/\",\"name\":\"Le Groupe PSA accompagnera la fili\u00e8re automobile en Alg\u00e9rie - Kapitalis\",\"isPartOf\":{\"@id\":\"https:\/\/kapitalis.com\/tunisie\/#website\"},\"primaryImageOfPage\":{\"@id\":\"https:\/\/kapitalis.com\/tunisie\/2017\/11\/13\/le-groupe-psa-accompagnera-la-filiere-automobile-en-algerie\/#primaryimage\"},\"image\":{\"@id\":\"https:\/\/kapitalis.com\/tunisie\/2017\/11\/13\/le-groupe-psa-accompagnera-la-filiere-automobile-en-algerie\/#primaryimage\"},\"thumbnailUrl\":\"\",\"datePublished\":\"2017-11-13T11:26:20+00:00\",\"dateModified\":\"2017-11-13T12:24:03+00:00\",\"breadcrumb\":{\"@id\":\"https:\/\/kapitalis.com\/tunisie\/2017\/11\/13\/le-groupe-psa-accompagnera-la-filiere-automobile-en-algerie\/#breadcrumb\"},\"inLanguage\":\"fr-FR\",\"potentialAction\":[{\"@type\":\"ReadAction\",\"target\":[\"https:\/\/kapitalis.com\/tunisie\/2017\/11\/13\/le-groupe-psa-accompagnera-la-filiere-automobile-en-algerie\/\"]}]},{\"@type\":\"ImageObject\",\"inLanguage\":\"fr-FR\",\"@id\":\"https:\/\/kapitalis.com\/tunisie\/2017\/11\/13\/le-groupe-psa-accompagnera-la-filiere-automobile-en-algerie\/#primaryimage\",\"url\":\"\",\"contentUrl\":\"\"},{\"@type\":\"BreadcrumbList\",\"@id\":\"https:\/\/kapitalis.com\/tunisie\/2017\/11\/13\/le-groupe-psa-accompagnera-la-filiere-automobile-en-algerie\/#breadcrumb\",\"itemListElement\":[{\"@type\":\"ListItem\",\"position\":1,\"name\":\"Accueil\",\"item\":\"https:\/\/kapitalis.com\/tunisie\/\"},{\"@type\":\"ListItem\",\"position\":2,\"name\":\"Le Groupe PSA accompagnera la fili\u00e8re automobile en Alg\u00e9rie\"}]},{\"@type\":\"WebSite\",\"@id\":\"https:\/\/kapitalis.com\/tunisie\/#website\",\"url\":\"https:\/\/kapitalis.com\/tunisie\/\",\"name\":\"Kapitalis\",\"description\":\"L&#039;actualit\u00e9 en Tunisie et dans le monde\",\"publisher\":{\"@id\":\"https:\/\/kapitalis.com\/tunisie\/#organization\"},\"potentialAction\":[{\"@type\":\"SearchAction\",\"target\":{\"@type\":\"EntryPoint\",\"urlTemplate\":\"https:\/\/kapitalis.com\/tunisie\/?s={search_term_string}\"},\"query-input\":{\"@type\":\"PropertyValueSpecification\",\"valueRequired\":true,\"valueName\":\"search_term_string\"}}],\"inLanguage\":\"fr-FR\"},{\"@type\":\"Organization\",\"@id\":\"https:\/\/kapitalis.com\/tunisie\/#organization\",\"name\":\"Kapitalis\",\"url\":\"https:\/\/kapitalis.com\/tunisie\/\",\"logo\":{\"@type\":\"ImageObject\",\"inLanguage\":\"fr-FR\",\"@id\":\"https:\/\/kapitalis.com\/tunisie\/#\/schema\/logo\/image\/\",\"url\":\"https:\/\/kapitalis.com\/tunisie\/wp-content\/uploads\/2022\/05\/Kapitalis-big-size.png\",\"contentUrl\":\"https:\/\/kapitalis.com\/tunisie\/wp-content\/uploads\/2022\/05\/Kapitalis-big-size.png\",\"width\":5000,\"height\":1500,\"caption\":\"Kapitalis\"},\"image\":{\"@id\":\"https:\/\/kapitalis.com\/tunisie\/#\/schema\/logo\/image\/\"},\"sameAs\":[\"https:\/\/www.facebook.com\/KapitalisInfo\/\",\"https:\/\/x.com\/KapitalisInfo\",\"https:\/\/www.youtube.com\/channel\/UC-yDYrHyfFBWWZaOw3FPg9Q\"]},{\"@type\":\"Person\",\"@id\":\"https:\/\/kapitalis.com\/tunisie\/#\/schema\/person\/d71f33a9ca44f7bad4698210b480c8e9\",\"name\":\"webmaster kapitalis\",\"url\":\"https:\/\/kapitalis.com\/tunisie\/author\/webmaster-kapitalis\/\"}]}<\/script>\n<!-- \/ Yoast SEO plugin. -->","yoast_head_json":{"title":"Le Groupe PSA accompagnera la fili\u00e8re automobile en Alg\u00e9rie - Kapitalis","robots":{"index":"index","follow":"follow","max-snippet":"max-snippet:-1","max-image-preview":"max-image-preview:large","max-video-preview":"max-video-preview:-1"},"canonical":"https:\/\/kapitalis.com\/tunisie\/2017\/11\/13\/le-groupe-psa-accompagnera-la-filiere-automobile-en-algerie\/","og_locale":"fr_FR","og_type":"article","og_title":"Le Groupe PSA accompagnera la fili\u00e8re automobile en Alg\u00e9rie - Kapitalis","og_description":"Le Groupe PSA a cr\u00e9e une co-entreprise avec 3 partenaires alg\u00e9riens et franchi une \u00e9tape importante dans son implantation industrielle en Alg\u00e9rie.","og_url":"https:\/\/kapitalis.com\/tunisie\/2017\/11\/13\/le-groupe-psa-accompagnera-la-filiere-automobile-en-algerie\/","og_site_name":"Kapitalis","article_publisher":"https:\/\/www.facebook.com\/KapitalisInfo\/","article_published_time":"2017-11-13T11:26:20+00:00","article_modified_time":"2017-11-13T12:24:03+00:00","og_image":[{"width":1200,"height":630,"url":"https:\/\/kapitalis.com\/tunisie\/wp-content\/uploads\/2022\/05\/kapitalis-logo-fb.png","type":"image\/png"}],"author":"webmaster kapitalis","twitter_card":"summary_large_image","twitter_creator":"@KapitalisInfo","twitter_site":"@KapitalisInfo","twitter_misc":{"\u00c9crit par":"webmaster kapitalis","Dur\u00e9e de lecture estim\u00e9e":"2 minutes"},"schema":{"@context":"https:\/\/schema.org","@graph":[{"@type":"Article","@id":"https:\/\/kapitalis.com\/tunisie\/2017\/11\/13\/le-groupe-psa-accompagnera-la-filiere-automobile-en-algerie\/#article","isPartOf":{"@id":"https:\/\/kapitalis.com\/tunisie\/2017\/11\/13\/le-groupe-psa-accompagnera-la-filiere-automobile-en-algerie\/"},"author":{"name":"webmaster kapitalis","@id":"https:\/\/kapitalis.com\/tunisie\/#\/schema\/person\/d71f33a9ca44f7bad4698210b480c8e9"},"headline":"Le Groupe PSA accompagnera la fili\u00e8re automobile en Alg\u00e9rie","datePublished":"2017-11-13T11:26:20+00:00","dateModified":"2017-11-13T12:24:03+00:00","mainEntityOfPage":{"@id":"https:\/\/kapitalis.com\/tunisie\/2017\/11\/13\/le-groupe-psa-accompagnera-la-filiere-automobile-en-algerie\/"},"wordCount":480,"commentCount":1,"publisher":{"@id":"https:\/\/kapitalis.com\/tunisie\/#organization"},"image":{"@id":"https:\/\/kapitalis.com\/tunisie\/2017\/11\/13\/le-groupe-psa-accompagnera-la-filiere-automobile-en-algerie\/#primaryimage"},"thumbnailUrl":"","keywords":["Alg\u00e9rie","Groupe PSA","Jean-Christophe Quemard"],"articleSection":["ECONOMIE"],"inLanguage":"fr-FR","potentialAction":[{"@type":"CommentAction","name":"Comment","target":["https:\/\/kapitalis.com\/tunisie\/2017\/11\/13\/le-groupe-psa-accompagnera-la-filiere-automobile-en-algerie\/#respond"]}]},{"@type":"WebPage","@id":"https:\/\/kapitalis.com\/tunisie\/2017\/11\/13\/le-groupe-psa-accompagnera-la-filiere-automobile-en-algerie\/","url":"https:\/\/kapitalis.com\/tunisie\/2017\/11\/13\/le-groupe-psa-accompagnera-la-filiere-automobile-en-algerie\/","name":"Le Groupe PSA accompagnera la fili\u00e8re automobile en Alg\u00e9rie - Kapitalis","isPartOf":{"@id":"https:\/\/kapitalis.com\/tunisie\/#website"},"primaryImageOfPage":{"@id":"https:\/\/kapitalis.com\/tunisie\/2017\/11\/13\/le-groupe-psa-accompagnera-la-filiere-automobile-en-algerie\/#primaryimage"},"image":{"@id":"https:\/\/kapitalis.com\/tunisie\/2017\/11\/13\/le-groupe-psa-accompagnera-la-filiere-automobile-en-algerie\/#primaryimage"},"thumbnailUrl":"","datePublished":"2017-11-13T11:26:20+00:00","dateModified":"2017-11-13T12:24:03+00:00","breadcrumb":{"@id":"https:\/\/kapitalis.com\/tunisie\/2017\/11\/13\/le-groupe-psa-accompagnera-la-filiere-automobile-en-algerie\/#breadcrumb"},"inLanguage":"fr-FR","potentialAction":[{"@type":"ReadAction","target":["https:\/\/kapitalis.com\/tunisie\/2017\/11\/13\/le-groupe-psa-accompagnera-la-filiere-automobile-en-algerie\/"]}]},{"@type":"ImageObject","inLanguage":"fr-FR","@id":"https:\/\/kapitalis.com\/tunisie\/2017\/11\/13\/le-groupe-psa-accompagnera-la-filiere-automobile-en-algerie\/#primaryimage","url":"","contentUrl":""},{"@type":"BreadcrumbList","@id":"https:\/\/kapitalis.com\/tunisie\/2017\/11\/13\/le-groupe-psa-accompagnera-la-filiere-automobile-en-algerie\/#breadcrumb","itemListElement":[{"@type":"ListItem","position":1,"name":"Accueil","item":"https:\/\/kapitalis.com\/tunisie\/"},{"@type":"ListItem","position":2,"name":"Le Groupe PSA accompagnera la fili\u00e8re automobile en Alg\u00e9rie"}]},{"@type":"WebSite","@id":"https:\/\/kapitalis.com\/tunisie\/#website","url":"https:\/\/kapitalis.com\/tunisie\/","name":"Kapitalis","description":"L&#039;actualit\u00e9 en Tunisie et dans le monde","publisher":{"@id":"https:\/\/kapitalis.com\/tunisie\/#organization"},"potentialAction":[{"@type":"SearchAction","target":{"@type":"EntryPoint","urlTemplate":"https:\/\/kapitalis.com\/tunisie\/?s={search_term_string}"},"query-input":{"@type":"PropertyValueSpecification","valueRequired":true,"valueName":"search_term_string"}}],"inLanguage":"fr-FR"},{"@type":"Organization","@id":"https:\/\/kapitalis.com\/tunisie\/#organization","name":"Kapitalis","url":"https:\/\/kapitalis.com\/tunisie\/","logo":{"@type":"ImageObject","inLanguage":"fr-FR","@id":"https:\/\/kapitalis.com\/tunisie\/#\/schema\/logo\/image\/","url":"https:\/\/kapitalis.com\/tunisie\/wp-content\/uploads\/2022\/05\/Kapitalis-big-size.png","contentUrl":"https:\/\/kapitalis.com\/tunisie\/wp-content\/uploads\/2022\/05\/Kapitalis-big-size.png","width":5000,"height":1500,"caption":"Kapitalis"},"image":{"@id":"https:\/\/kapitalis.com\/tunisie\/#\/schema\/logo\/image\/"},"sameAs":["https:\/\/www.facebook.com\/KapitalisInfo\/","https:\/\/x.com\/KapitalisInfo","https:\/\/www.youtube.com\/channel\/UC-yDYrHyfFBWWZaOw3FPg9Q"]},{"@type":"Person","@id":"https:\/\/kapitalis.com\/tunisie\/#\/schema\/person\/d71f33a9ca44f7bad4698210b480c8e9","name":"webmaster kapitalis","url":"https:\/\/kapitalis.com\/tunisie\/author\/webmaster-kapitalis\/"}]}},"_links":{"self":[{"href":"https:\/\/kapitalis.com\/tunisie\/wp-json\/wp\/v2\/posts\/123286","targetHints":{"allow":["GET"]}}],"collection":[{"href":"https:\/\/kapitalis.com\/tunisie\/wp-json\/wp\/v2\/posts"}],"about":[{"href":"https:\/\/kapitalis.com\/tunisie\/wp-json\/wp\/v2\/types\/post"}],"author":[{"embeddable":true,"href":"https:\/\/kapitalis.com\/tunisie\/wp-json\/wp\/v2\/users\/8"}],"replies":[{"embeddable":true,"href":"https:\/\/kapitalis.com\/tunisie\/wp-json\/wp\/v2\/comments?post=123286"}],"version-history":[{"count":0,"href":"https:\/\/kapitalis.com\/tunisie\/wp-json\/wp\/v2\/posts\/123286\/revisions"}],"wp:featuredmedia":[{"embeddable":true,"href":"https:\/\/kapitalis.com\/tunisie\/wp-json\/wp\/v2\/media\/123292"}],"wp:attachment":[{"href":"https:\/\/kapitalis.com\/tunisie\/wp-json\/wp\/v2\/media?parent=123286"}],"wp:term":[{"taxonomy":"category","embeddable":true,"href":"https:\/\/kapitalis.com\/tunisie\/wp-json\/wp\/v2\/categories?post=123286"},{"taxonomy":"post_tag","embeddable":true,"href":"https:\/\/kapitalis.com\/tunisie\/wp-json\/wp\/v2\/tags?post=123286"}],"curies":[{"name":"wp","href":"https:\/\/api.w.org\/{rel}","templated":true}]}}