{"id":1234949,"date":"2022-06-04T09:58:18","date_gmt":"2022-06-04T08:58:18","guid":{"rendered":"https:\/\/kapitalis.com\/tunisie\/?p=1234949"},"modified":"2022-06-04T09:58:20","modified_gmt":"2022-06-04T08:58:20","slug":"journee-mondiale-de-lenvironnement-a-la-cite-des-sciences-de-tunis-lenvironnement-defi-majeur-de-ce-siecle","status":"publish","type":"post","link":"https:\/\/kapitalis.com\/tunisie\/2022\/06\/04\/journee-mondiale-de-lenvironnement-a-la-cite-des-sciences-de-tunis-lenvironnement-defi-majeur-de-ce-siecle\/","title":{"rendered":"Journ\u00e9e mondiale de l\u2019environnement \u00e0 la Cit\u00e9 des Sciences de Tunis\u00a0: L\u2019environnement, d\u00e9fi majeur de ce si\u00e8cle"},"content":{"rendered":"\n<p><em><strong>La Cit\u00e9 des Sciences \u00e0 Tunis c\u00e9l\u00e8bre aujourd\u2019hui, samedi 4 juin,\u00a0 La Journ\u00e9e mondiale de l\u2019environnement. Des conf\u00e9rences, des ateliers et des expositions sont au programme de cette journ\u00e9e pour informer et sensibiliser le grand public sur l\u2019urgence d\u2019agir pour la protection de la plan\u00e8te.<\/strong><\/em><\/p>\n\n\n\n<!--more-->\n\n\n\n<p>La Journ\u00e9e mondiale de l\u2019environnement est c\u00e9l\u00e9br\u00e9e le 5 juin de chaque ann\u00e9e depuis 1972, \u00e0 l\u2019occasion de l\u2019ouverture de la conf\u00e9rence des Nations Unies sur l\u2019environnement tenue \u00e0 Stockholm.<\/p>\n\n\n\n<p>La Cit\u00e9 des Sciences organise aujourd\u2019hui, en partenariat avec plusieurs associations et institutions tunisiennes et \u00e9trang\u00e8res, une journ\u00e9e d\u2019information et de sensibilisation autour du th\u00e8me \u00ab&nbsp;Une seule terre&nbsp;\u00bb, devise de la conf\u00e9rence de Stockholm de 1972.<\/p>\n\n\n\n<p>L\u2019acc\u00e8s au programme sera libre et gratuit, il s\u2019agit d\u2019un travail collectif et solidaire qui s\u2019inscrit dans le cadre des journ\u00e9es scientifiques de vulgarisation et de sensibilisation men\u00e9es par la Cit\u00e9 des Sciences pour la transmission du savoir et de la culture scientifique.<\/p>\n\n\n\n<p>\u00ab&nbsp;<em>Cette manifestation a pour objectif de sensibiliser les citoyens, les d\u00e9cideurs et toutes les parties prenantes, aux causes de l\u2019environnement. Les d\u00e9fis de l\u2019humanit\u00e9 de ce si\u00e8cle, \u00e9tant un environnement plus sain et un changement climatique frein\u00e9, les actions doivent se multiplier et les efforts doivent \u00eatre d\u00e9ploy\u00e9s par tout le monde<\/em>&nbsp;\u00bb, indique le communiqu\u00e9 de la Cit\u00e9 des Sciences.<\/p>\n\n\n\n<p class=\"has-text-align-right\"><strong>F.B<\/strong><\/p>\n","protected":false},"excerpt":{"rendered":"<p>La Cit\u00e9 des Sciences \u00e0 Tunis c\u00e9l\u00e8bre aujourd\u2019hui, samedi 4 juin,\u00a0 La Journ\u00e9e mondiale de l\u2019environnement. Des conf\u00e9rences, des ateliers et des expositions sont au programme de cette journ\u00e9e pour informer et sensibiliser le grand public sur l\u2019urgence d\u2019agir pour la protection de la plan\u00e8te.<\/p>\n","protected":false},"author":26,"featured_media":1235379,"comment_status":"open","ping_status":"open","sticky":false,"template":"","format":"standard","meta":{"footnotes":""},"categories":[994,99475,2433],"tags":[84516,100317,71655,62643],"class_list":["post-1234949","post","type-post","status-publish","format-standard","has-post-thumbnail","hentry","category-culture","category-science","category-tunisie","tag-cite-des-sciences-a-tunis","tag-journee-mondiale-de-lenvironnement-2","tag-rechauffement-climatique","tag-tunisie"],"yoast_head":"<!-- This site is optimized with the Yoast SEO plugin v26.6 - https:\/\/yoast.com\/wordpress\/plugins\/seo\/ -->\n<title>Journ\u00e9e mondiale de l\u2019environnement \u00e0 la Cit\u00e9 des Sciences de Tunis\u00a0: L\u2019environnement, d\u00e9fi majeur de ce si\u00e8cle - Kapitalis<\/title>\n<meta name=\"robots\" content=\"index, follow, max-snippet:-1, max-image-preview:large, max-video-preview:-1\" \/>\n<link rel=\"canonical\" href=\"https:\/\/kapitalis.com\/tunisie\/2022\/06\/04\/journee-mondiale-de-lenvironnement-a-la-cite-des-sciences-de-tunis-lenvironnement-defi-majeur-de-ce-siecle\/\" \/>\n<meta property=\"og:locale\" content=\"fr_FR\" \/>\n<meta property=\"og:type\" content=\"article\" \/>\n<meta property=\"og:title\" content=\"Journ\u00e9e mondiale de l\u2019environnement \u00e0 la Cit\u00e9 des Sciences de Tunis\u00a0: L\u2019environnement, d\u00e9fi majeur de ce si\u00e8cle - Kapitalis\" \/>\n<meta property=\"og:description\" content=\"La Cit\u00e9 des Sciences \u00e0 Tunis c\u00e9l\u00e8bre aujourd\u2019hui, samedi 4 juin,\u00a0 La Journ\u00e9e mondiale de l\u2019environnement. Des conf\u00e9rences, des ateliers et des expositions sont au programme de cette journ\u00e9e pour informer et sensibiliser le grand public sur l\u2019urgence d\u2019agir pour la protection de la plan\u00e8te.\" \/>\n<meta property=\"og:url\" content=\"https:\/\/kapitalis.com\/tunisie\/2022\/06\/04\/journee-mondiale-de-lenvironnement-a-la-cite-des-sciences-de-tunis-lenvironnement-defi-majeur-de-ce-siecle\/\" \/>\n<meta property=\"og:site_name\" content=\"Kapitalis\" \/>\n<meta property=\"article:publisher\" content=\"https:\/\/www.facebook.com\/KapitalisInfo\/\" \/>\n<meta property=\"article:published_time\" content=\"2022-06-04T08:58:18+00:00\" \/>\n<meta property=\"article:modified_time\" content=\"2022-06-04T08:58:20+00:00\" \/>\n<meta property=\"og:image\" content=\"https:\/\/kapitalis.com\/tunisie\/wp-content\/uploads\/2022\/06\/Journee-de-lenvironnement.jpg\" \/>\n\t<meta property=\"og:image:width\" content=\"1200\" \/>\n\t<meta property=\"og:image:height\" content=\"630\" \/>\n\t<meta property=\"og:image:type\" content=\"image\/jpeg\" \/>\n<meta name=\"author\" content=\"Fawz BenAli\" \/>\n<meta name=\"twitter:card\" content=\"summary_large_image\" \/>\n<meta name=\"twitter:creator\" content=\"@KapitalisInfo\" \/>\n<meta name=\"twitter:site\" content=\"@KapitalisInfo\" \/>\n<meta name=\"twitter:label1\" content=\"\u00c9crit par\" \/>\n\t<meta name=\"twitter:data1\" content=\"Fawz BenAli\" \/>\n\t<meta name=\"twitter:label2\" content=\"Dur\u00e9e de lecture estim\u00e9e\" \/>\n\t<meta name=\"twitter:data2\" content=\"2 minutes\" \/>\n<script type=\"application\/ld+json\" class=\"yoast-schema-graph\">{\"@context\":\"https:\/\/schema.org\",\"@graph\":[{\"@type\":\"Article\",\"@id\":\"https:\/\/kapitalis.com\/tunisie\/2022\/06\/04\/journee-mondiale-de-lenvironnement-a-la-cite-des-sciences-de-tunis-lenvironnement-defi-majeur-de-ce-siecle\/#article\",\"isPartOf\":{\"@id\":\"https:\/\/kapitalis.com\/tunisie\/2022\/06\/04\/journee-mondiale-de-lenvironnement-a-la-cite-des-sciences-de-tunis-lenvironnement-defi-majeur-de-ce-siecle\/\"},\"author\":{\"name\":\"Fawz BenAli\",\"@id\":\"https:\/\/kapitalis.com\/tunisie\/#\/schema\/person\/73a5ecc1f6ae540c6ed91342eadca948\"},\"headline\":\"Journ\u00e9e mondiale de l\u2019environnement \u00e0 la Cit\u00e9 des Sciences de Tunis\u00a0: L\u2019environnement, d\u00e9fi majeur de ce si\u00e8cle\",\"datePublished\":\"2022-06-04T08:58:18+00:00\",\"dateModified\":\"2022-06-04T08:58:20+00:00\",\"mainEntityOfPage\":{\"@id\":\"https:\/\/kapitalis.com\/tunisie\/2022\/06\/04\/journee-mondiale-de-lenvironnement-a-la-cite-des-sciences-de-tunis-lenvironnement-defi-majeur-de-ce-siecle\/\"},\"wordCount\":274,\"commentCount\":0,\"publisher\":{\"@id\":\"https:\/\/kapitalis.com\/tunisie\/#organization\"},\"image\":{\"@id\":\"https:\/\/kapitalis.com\/tunisie\/2022\/06\/04\/journee-mondiale-de-lenvironnement-a-la-cite-des-sciences-de-tunis-lenvironnement-defi-majeur-de-ce-siecle\/#primaryimage\"},\"thumbnailUrl\":\"https:\/\/kapitalis.com\/tunisie\/wp-content\/uploads\/2022\/06\/Journee-de-lenvironnement.jpg\",\"keywords\":[\"Cit\u00e9 des sciences \u00e0 Tunis\",\"Journ\u00e9e mondiale de l&#039;environnement\",\"r\u00e9chauffement climatique\",\"Tunisie\"],\"articleSection\":[\"CULTURE\",\"Science\",\"Tunisie\"],\"inLanguage\":\"fr-FR\",\"potentialAction\":[{\"@type\":\"CommentAction\",\"name\":\"Comment\",\"target\":[\"https:\/\/kapitalis.com\/tunisie\/2022\/06\/04\/journee-mondiale-de-lenvironnement-a-la-cite-des-sciences-de-tunis-lenvironnement-defi-majeur-de-ce-siecle\/#respond\"]}]},{\"@type\":\"WebPage\",\"@id\":\"https:\/\/kapitalis.com\/tunisie\/2022\/06\/04\/journee-mondiale-de-lenvironnement-a-la-cite-des-sciences-de-tunis-lenvironnement-defi-majeur-de-ce-siecle\/\",\"url\":\"https:\/\/kapitalis.com\/tunisie\/2022\/06\/04\/journee-mondiale-de-lenvironnement-a-la-cite-des-sciences-de-tunis-lenvironnement-defi-majeur-de-ce-siecle\/\",\"name\":\"Journ\u00e9e mondiale de l\u2019environnement \u00e0 la Cit\u00e9 des Sciences de Tunis\u00a0: L\u2019environnement, d\u00e9fi majeur de ce si\u00e8cle - Kapitalis\",\"isPartOf\":{\"@id\":\"https:\/\/kapitalis.com\/tunisie\/#website\"},\"primaryImageOfPage\":{\"@id\":\"https:\/\/kapitalis.com\/tunisie\/2022\/06\/04\/journee-mondiale-de-lenvironnement-a-la-cite-des-sciences-de-tunis-lenvironnement-defi-majeur-de-ce-siecle\/#primaryimage\"},\"image\":{\"@id\":\"https:\/\/kapitalis.com\/tunisie\/2022\/06\/04\/journee-mondiale-de-lenvironnement-a-la-cite-des-sciences-de-tunis-lenvironnement-defi-majeur-de-ce-siecle\/#primaryimage\"},\"thumbnailUrl\":\"https:\/\/kapitalis.com\/tunisie\/wp-content\/uploads\/2022\/06\/Journee-de-lenvironnement.jpg\",\"datePublished\":\"2022-06-04T08:58:18+00:00\",\"dateModified\":\"2022-06-04T08:58:20+00:00\",\"breadcrumb\":{\"@id\":\"https:\/\/kapitalis.com\/tunisie\/2022\/06\/04\/journee-mondiale-de-lenvironnement-a-la-cite-des-sciences-de-tunis-lenvironnement-defi-majeur-de-ce-siecle\/#breadcrumb\"},\"inLanguage\":\"fr-FR\",\"potentialAction\":[{\"@type\":\"ReadAction\",\"target\":[\"https:\/\/kapitalis.com\/tunisie\/2022\/06\/04\/journee-mondiale-de-lenvironnement-a-la-cite-des-sciences-de-tunis-lenvironnement-defi-majeur-de-ce-siecle\/\"]}]},{\"@type\":\"ImageObject\",\"inLanguage\":\"fr-FR\",\"@id\":\"https:\/\/kapitalis.com\/tunisie\/2022\/06\/04\/journee-mondiale-de-lenvironnement-a-la-cite-des-sciences-de-tunis-lenvironnement-defi-majeur-de-ce-siecle\/#primaryimage\",\"url\":\"https:\/\/kapitalis.com\/tunisie\/wp-content\/uploads\/2022\/06\/Journee-de-lenvironnement.jpg\",\"contentUrl\":\"https:\/\/kapitalis.com\/tunisie\/wp-content\/uploads\/2022\/06\/Journee-de-lenvironnement.jpg\",\"width\":1200,\"height\":630},{\"@type\":\"BreadcrumbList\",\"@id\":\"https:\/\/kapitalis.com\/tunisie\/2022\/06\/04\/journee-mondiale-de-lenvironnement-a-la-cite-des-sciences-de-tunis-lenvironnement-defi-majeur-de-ce-siecle\/#breadcrumb\",\"itemListElement\":[{\"@type\":\"ListItem\",\"position\":1,\"name\":\"Accueil\",\"item\":\"https:\/\/kapitalis.com\/tunisie\/\"},{\"@type\":\"ListItem\",\"position\":2,\"name\":\"Journ\u00e9e mondiale de l\u2019environnement \u00e0 la Cit\u00e9 des Sciences de Tunis\u00a0: L\u2019environnement, d\u00e9fi majeur de ce si\u00e8cle\"}]},{\"@type\":\"WebSite\",\"@id\":\"https:\/\/kapitalis.com\/tunisie\/#website\",\"url\":\"https:\/\/kapitalis.com\/tunisie\/\",\"name\":\"Kapitalis\",\"description\":\"L&#039;actualit\u00e9 en Tunisie et dans le monde\",\"publisher\":{\"@id\":\"https:\/\/kapitalis.com\/tunisie\/#organization\"},\"potentialAction\":[{\"@type\":\"SearchAction\",\"target\":{\"@type\":\"EntryPoint\",\"urlTemplate\":\"https:\/\/kapitalis.com\/tunisie\/?s={search_term_string}\"},\"query-input\":{\"@type\":\"PropertyValueSpecification\",\"valueRequired\":true,\"valueName\":\"search_term_string\"}}],\"inLanguage\":\"fr-FR\"},{\"@type\":\"Organization\",\"@id\":\"https:\/\/kapitalis.com\/tunisie\/#organization\",\"name\":\"Kapitalis\",\"url\":\"https:\/\/kapitalis.com\/tunisie\/\",\"logo\":{\"@type\":\"ImageObject\",\"inLanguage\":\"fr-FR\",\"@id\":\"https:\/\/kapitalis.com\/tunisie\/#\/schema\/logo\/image\/\",\"url\":\"https:\/\/kapitalis.com\/tunisie\/wp-content\/uploads\/2022\/05\/Kapitalis-big-size.png\",\"contentUrl\":\"https:\/\/kapitalis.com\/tunisie\/wp-content\/uploads\/2022\/05\/Kapitalis-big-size.png\",\"width\":5000,\"height\":1500,\"caption\":\"Kapitalis\"},\"image\":{\"@id\":\"https:\/\/kapitalis.com\/tunisie\/#\/schema\/logo\/image\/\"},\"sameAs\":[\"https:\/\/www.facebook.com\/KapitalisInfo\/\",\"https:\/\/x.com\/KapitalisInfo\",\"https:\/\/www.youtube.com\/channel\/UC-yDYrHyfFBWWZaOw3FPg9Q\"]},{\"@type\":\"Person\",\"@id\":\"https:\/\/kapitalis.com\/tunisie\/#\/schema\/person\/73a5ecc1f6ae540c6ed91342eadca948\",\"name\":\"Fawz BenAli\",\"url\":\"https:\/\/kapitalis.com\/tunisie\/author\/fawz\/\"}]}<\/script>\n<!-- \/ Yoast SEO plugin. -->","yoast_head_json":{"title":"Journ\u00e9e mondiale de l\u2019environnement \u00e0 la Cit\u00e9 des Sciences de Tunis\u00a0: L\u2019environnement, d\u00e9fi majeur de ce si\u00e8cle - Kapitalis","robots":{"index":"index","follow":"follow","max-snippet":"max-snippet:-1","max-image-preview":"max-image-preview:large","max-video-preview":"max-video-preview:-1"},"canonical":"https:\/\/kapitalis.com\/tunisie\/2022\/06\/04\/journee-mondiale-de-lenvironnement-a-la-cite-des-sciences-de-tunis-lenvironnement-defi-majeur-de-ce-siecle\/","og_locale":"fr_FR","og_type":"article","og_title":"Journ\u00e9e mondiale de l\u2019environnement \u00e0 la Cit\u00e9 des Sciences de Tunis\u00a0: L\u2019environnement, d\u00e9fi majeur de ce si\u00e8cle - Kapitalis","og_description":"La Cit\u00e9 des Sciences \u00e0 Tunis c\u00e9l\u00e8bre aujourd\u2019hui, samedi 4 juin,\u00a0 La Journ\u00e9e mondiale de l\u2019environnement. Des conf\u00e9rences, des ateliers et des expositions sont au programme de cette journ\u00e9e pour informer et sensibiliser le grand public sur l\u2019urgence d\u2019agir pour la protection de la plan\u00e8te.","og_url":"https:\/\/kapitalis.com\/tunisie\/2022\/06\/04\/journee-mondiale-de-lenvironnement-a-la-cite-des-sciences-de-tunis-lenvironnement-defi-majeur-de-ce-siecle\/","og_site_name":"Kapitalis","article_publisher":"https:\/\/www.facebook.com\/KapitalisInfo\/","article_published_time":"2022-06-04T08:58:18+00:00","article_modified_time":"2022-06-04T08:58:20+00:00","og_image":[{"width":1200,"height":630,"url":"https:\/\/kapitalis.com\/tunisie\/wp-content\/uploads\/2022\/06\/Journee-de-lenvironnement.jpg","type":"image\/jpeg"}],"author":"Fawz BenAli","twitter_card":"summary_large_image","twitter_creator":"@KapitalisInfo","twitter_site":"@KapitalisInfo","twitter_misc":{"\u00c9crit par":"Fawz BenAli","Dur\u00e9e de lecture estim\u00e9e":"2 minutes"},"schema":{"@context":"https:\/\/schema.org","@graph":[{"@type":"Article","@id":"https:\/\/kapitalis.com\/tunisie\/2022\/06\/04\/journee-mondiale-de-lenvironnement-a-la-cite-des-sciences-de-tunis-lenvironnement-defi-majeur-de-ce-siecle\/#article","isPartOf":{"@id":"https:\/\/kapitalis.com\/tunisie\/2022\/06\/04\/journee-mondiale-de-lenvironnement-a-la-cite-des-sciences-de-tunis-lenvironnement-defi-majeur-de-ce-siecle\/"},"author":{"name":"Fawz BenAli","@id":"https:\/\/kapitalis.com\/tunisie\/#\/schema\/person\/73a5ecc1f6ae540c6ed91342eadca948"},"headline":"Journ\u00e9e mondiale de l\u2019environnement \u00e0 la Cit\u00e9 des Sciences de Tunis\u00a0: L\u2019environnement, d\u00e9fi majeur de ce si\u00e8cle","datePublished":"2022-06-04T08:58:18+00:00","dateModified":"2022-06-04T08:58:20+00:00","mainEntityOfPage":{"@id":"https:\/\/kapitalis.com\/tunisie\/2022\/06\/04\/journee-mondiale-de-lenvironnement-a-la-cite-des-sciences-de-tunis-lenvironnement-defi-majeur-de-ce-siecle\/"},"wordCount":274,"commentCount":0,"publisher":{"@id":"https:\/\/kapitalis.com\/tunisie\/#organization"},"image":{"@id":"https:\/\/kapitalis.com\/tunisie\/2022\/06\/04\/journee-mondiale-de-lenvironnement-a-la-cite-des-sciences-de-tunis-lenvironnement-defi-majeur-de-ce-siecle\/#primaryimage"},"thumbnailUrl":"https:\/\/kapitalis.com\/tunisie\/wp-content\/uploads\/2022\/06\/Journee-de-lenvironnement.jpg","keywords":["Cit\u00e9 des sciences \u00e0 Tunis","Journ\u00e9e mondiale de l&#039;environnement","r\u00e9chauffement climatique","Tunisie"],"articleSection":["CULTURE","Science","Tunisie"],"inLanguage":"fr-FR","potentialAction":[{"@type":"CommentAction","name":"Comment","target":["https:\/\/kapitalis.com\/tunisie\/2022\/06\/04\/journee-mondiale-de-lenvironnement-a-la-cite-des-sciences-de-tunis-lenvironnement-defi-majeur-de-ce-siecle\/#respond"]}]},{"@type":"WebPage","@id":"https:\/\/kapitalis.com\/tunisie\/2022\/06\/04\/journee-mondiale-de-lenvironnement-a-la-cite-des-sciences-de-tunis-lenvironnement-defi-majeur-de-ce-siecle\/","url":"https:\/\/kapitalis.com\/tunisie\/2022\/06\/04\/journee-mondiale-de-lenvironnement-a-la-cite-des-sciences-de-tunis-lenvironnement-defi-majeur-de-ce-siecle\/","name":"Journ\u00e9e mondiale de l\u2019environnement \u00e0 la Cit\u00e9 des Sciences de Tunis\u00a0: L\u2019environnement, d\u00e9fi majeur de ce si\u00e8cle - Kapitalis","isPartOf":{"@id":"https:\/\/kapitalis.com\/tunisie\/#website"},"primaryImageOfPage":{"@id":"https:\/\/kapitalis.com\/tunisie\/2022\/06\/04\/journee-mondiale-de-lenvironnement-a-la-cite-des-sciences-de-tunis-lenvironnement-defi-majeur-de-ce-siecle\/#primaryimage"},"image":{"@id":"https:\/\/kapitalis.com\/tunisie\/2022\/06\/04\/journee-mondiale-de-lenvironnement-a-la-cite-des-sciences-de-tunis-lenvironnement-defi-majeur-de-ce-siecle\/#primaryimage"},"thumbnailUrl":"https:\/\/kapitalis.com\/tunisie\/wp-content\/uploads\/2022\/06\/Journee-de-lenvironnement.jpg","datePublished":"2022-06-04T08:58:18+00:00","dateModified":"2022-06-04T08:58:20+00:00","breadcrumb":{"@id":"https:\/\/kapitalis.com\/tunisie\/2022\/06\/04\/journee-mondiale-de-lenvironnement-a-la-cite-des-sciences-de-tunis-lenvironnement-defi-majeur-de-ce-siecle\/#breadcrumb"},"inLanguage":"fr-FR","potentialAction":[{"@type":"ReadAction","target":["https:\/\/kapitalis.com\/tunisie\/2022\/06\/04\/journee-mondiale-de-lenvironnement-a-la-cite-des-sciences-de-tunis-lenvironnement-defi-majeur-de-ce-siecle\/"]}]},{"@type":"ImageObject","inLanguage":"fr-FR","@id":"https:\/\/kapitalis.com\/tunisie\/2022\/06\/04\/journee-mondiale-de-lenvironnement-a-la-cite-des-sciences-de-tunis-lenvironnement-defi-majeur-de-ce-siecle\/#primaryimage","url":"https:\/\/kapitalis.com\/tunisie\/wp-content\/uploads\/2022\/06\/Journee-de-lenvironnement.jpg","contentUrl":"https:\/\/kapitalis.com\/tunisie\/wp-content\/uploads\/2022\/06\/Journee-de-lenvironnement.jpg","width":1200,"height":630},{"@type":"BreadcrumbList","@id":"https:\/\/kapitalis.com\/tunisie\/2022\/06\/04\/journee-mondiale-de-lenvironnement-a-la-cite-des-sciences-de-tunis-lenvironnement-defi-majeur-de-ce-siecle\/#breadcrumb","itemListElement":[{"@type":"ListItem","position":1,"name":"Accueil","item":"https:\/\/kapitalis.com\/tunisie\/"},{"@type":"ListItem","position":2,"name":"Journ\u00e9e mondiale de l\u2019environnement \u00e0 la Cit\u00e9 des Sciences de Tunis\u00a0: L\u2019environnement, d\u00e9fi majeur de ce si\u00e8cle"}]},{"@type":"WebSite","@id":"https:\/\/kapitalis.com\/tunisie\/#website","url":"https:\/\/kapitalis.com\/tunisie\/","name":"Kapitalis","description":"L&#039;actualit\u00e9 en Tunisie et dans le monde","publisher":{"@id":"https:\/\/kapitalis.com\/tunisie\/#organization"},"potentialAction":[{"@type":"SearchAction","target":{"@type":"EntryPoint","urlTemplate":"https:\/\/kapitalis.com\/tunisie\/?s={search_term_string}"},"query-input":{"@type":"PropertyValueSpecification","valueRequired":true,"valueName":"search_term_string"}}],"inLanguage":"fr-FR"},{"@type":"Organization","@id":"https:\/\/kapitalis.com\/tunisie\/#organization","name":"Kapitalis","url":"https:\/\/kapitalis.com\/tunisie\/","logo":{"@type":"ImageObject","inLanguage":"fr-FR","@id":"https:\/\/kapitalis.com\/tunisie\/#\/schema\/logo\/image\/","url":"https:\/\/kapitalis.com\/tunisie\/wp-content\/uploads\/2022\/05\/Kapitalis-big-size.png","contentUrl":"https:\/\/kapitalis.com\/tunisie\/wp-content\/uploads\/2022\/05\/Kapitalis-big-size.png","width":5000,"height":1500,"caption":"Kapitalis"},"image":{"@id":"https:\/\/kapitalis.com\/tunisie\/#\/schema\/logo\/image\/"},"sameAs":["https:\/\/www.facebook.com\/KapitalisInfo\/","https:\/\/x.com\/KapitalisInfo","https:\/\/www.youtube.com\/channel\/UC-yDYrHyfFBWWZaOw3FPg9Q"]},{"@type":"Person","@id":"https:\/\/kapitalis.com\/tunisie\/#\/schema\/person\/73a5ecc1f6ae540c6ed91342eadca948","name":"Fawz BenAli","url":"https:\/\/kapitalis.com\/tunisie\/author\/fawz\/"}]}},"_links":{"self":[{"href":"https:\/\/kapitalis.com\/tunisie\/wp-json\/wp\/v2\/posts\/1234949","targetHints":{"allow":["GET"]}}],"collection":[{"href":"https:\/\/kapitalis.com\/tunisie\/wp-json\/wp\/v2\/posts"}],"about":[{"href":"https:\/\/kapitalis.com\/tunisie\/wp-json\/wp\/v2\/types\/post"}],"author":[{"embeddable":true,"href":"https:\/\/kapitalis.com\/tunisie\/wp-json\/wp\/v2\/users\/26"}],"replies":[{"embeddable":true,"href":"https:\/\/kapitalis.com\/tunisie\/wp-json\/wp\/v2\/comments?post=1234949"}],"version-history":[{"count":0,"href":"https:\/\/kapitalis.com\/tunisie\/wp-json\/wp\/v2\/posts\/1234949\/revisions"}],"wp:featuredmedia":[{"embeddable":true,"href":"https:\/\/kapitalis.com\/tunisie\/wp-json\/wp\/v2\/media\/1235379"}],"wp:attachment":[{"href":"https:\/\/kapitalis.com\/tunisie\/wp-json\/wp\/v2\/media?parent=1234949"}],"wp:term":[{"taxonomy":"category","embeddable":true,"href":"https:\/\/kapitalis.com\/tunisie\/wp-json\/wp\/v2\/categories?post=1234949"},{"taxonomy":"post_tag","embeddable":true,"href":"https:\/\/kapitalis.com\/tunisie\/wp-json\/wp\/v2\/tags?post=1234949"}],"curies":[{"name":"wp","href":"https:\/\/api.w.org\/{rel}","templated":true}]}}