{"id":12349977,"date":"2024-04-07T11:12:31","date_gmt":"2024-04-07T10:12:31","guid":{"rendered":"https:\/\/kapitalis.com\/tunisie\/?p=12349977"},"modified":"2024-04-07T11:12:32","modified_gmt":"2024-04-07T10:12:32","slug":"football-ligue-des-champions-lesperance-reprend-espoir","status":"publish","type":"post","link":"https:\/\/kapitalis.com\/tunisie\/2024\/04\/07\/football-ligue-des-champions-lesperance-reprend-espoir\/","title":{"rendered":"Football &#8211; Ligue des Champions\u00a0: L\u2019Esp\u00e9rance reprend espoir"},"content":{"rendered":"\n<p><strong><em>L\u2019Esp\u00e9rance sportive de Tunis (EST) s\u2019est qualifi\u00e9e pour le dernier carr\u00e9 de la Ligue des champions d\u2019Afrique de football, mais cette qualification a \u00e9t\u00e9 laborieuse, incertaine jusqu\u2019au bout et a laiss\u00e9 un arri\u00e8re-go\u00fbt d\u2019inachev\u00e9 chez les supporters des \u00abSang et or\u00bb. Et pour cause\u2026 <\/em><\/strong><em>(Ph. Caf Online).<\/em><\/p>\n\n\n\n<p>Par <strong>Latif Belhedi<\/strong> \u00a0<\/p>\n\n\n\n<!--more-->\n\n\n\n<p>Le club tunisois a \u00e9t\u00e9 tenu en \u00e9chec aussi bien \u00e0 Tunis qu\u2019\u00e0 Abidjan par les modestes mais coriaces Ivoiriens de l\u2019Asec Mimosas en quart de finales de la comp\u00e9tition, \u00e0 l\u2019aller comme au retour, (0-0).<\/p>\n\n\n\n<p>Hier soir, samedi 6 avril 2024, au stade F\u00e9lix Houphouet Boigny d\u2019Abidjan, les Esp\u00e9rantistes ont obtenu leur qualification aux tirs au but (4-2), gr\u00e2ce \u00e0 un excellent Amanallah Memmiche qui a arr\u00eat\u00e9 deux tirs, au terme d\u2019une rencontre aussi terne que celle de l\u2019aller.<\/p>\n\n\n\n<p>A Abidjan comme \u00e0 Tunis, les <em>\u00abSans et or\u00bb<\/em> ont cr\u00e9\u00e9 peu d\u2019occasions de buts et ont m\u00eame \u00e9t\u00e9 domin\u00e9s \u00e0 plusieurs moments du match par leurs adversaires, revigor\u00e9s par la faiblesse que les Tunisois ont montr\u00e9e \u00e0 faire remonter la balle et, encore plus, \u00e0 la garder, perdant la plupart de leurs duels.<\/p>\n\n\n\n<p>Les deux occasions rat\u00e9es par l\u2019attaquant br\u00e9silien Rodrigo Rodrigues Silva, qui s\u2019\u00e9tait trouv\u00e9 en t\u00eate \u00e0 t\u00eate avec le gardien adverse, en disent long sur la st\u00e9rilit\u00e9 de l\u2019attaque esp\u00e9rantiste, qui marque tr\u00e8s peu de buts et ne pourrait, par cons\u00e9quent, aller plus loin dans cette comp\u00e9tition o\u00f9 l\u2019opposition va \u00eatre autrement plus s\u00e9rieuse. &nbsp;<\/p>\n\n\n\n<p>En effet, le seul repr\u00e9sentant tunisien dans la comp\u00e9tition continentale et quadruple champion d\u2019Afrique aura fort \u00e0 faire en demi-finale, le 19 avril, face \u00e0 l\u2019excellente formation sud-africaine de Mamelodi Sundowns, la meilleure de ces derni\u00e8res ann\u00e9es en Afrique. Et en cas de victoire, elle aura \u00e0 affronter l\u2019un des deux autres demi-finalistes, Al Ahly d\u2019Egypte ou le TP Mazemb\u00e9, qui pr\u00e9sentent des arguments autrement plus solides que ceux de l\u2019Asec d\u2019Abidjan.<\/p>\n\n\n\n<p>L\u2019Esp\u00e9rance aura-t-elle, d\u2019ici l\u00e0, le temps de rem\u00e9dier \u00e0 ses carences offensives, qui deviennent de plus en plus criardes au fil des matches ? On peut toujours l\u2019esp\u00e9rer, mais au vu de ce qu\u2019il nous a \u00e9t\u00e9 donn\u00e9 \u00e0 voir lors des deux derniers matches africains des prot\u00e9g\u00e9s de Miguel Cardoso, l\u2019espoir nous semble minime de voir l\u2019Esp\u00e9rance en finale et encore moins de la voir remporter le troph\u00e9e derri\u00e8re lequel elle court depuis 2019. A moins que la ligne d\u2019attaque, en demi-teinte ces derni\u00e8res semaines, ne se r\u00e9veille enfin de sa torpeur et ne retrouve l\u2019efficacit\u00e9 sans laquelle l\u2019\u00e9quipe ne pourra pas aller plus loin. Et que la d\u00e9fense ne commette pas les erreurs monumentales qu\u2019elle a commises face \u00e0 l\u2019Asec (n\u2019est-ce pas Raed Bouchniba et Yassine Meriah&nbsp;?) et qui ont failli lui co\u00fbter la qualification face aux Ivoiriens.<\/p>\n\n\n\n<p>Les supporters esp\u00e9rantistes pr\u00e9f\u00e8rent oublier les deux matches face \u00e0 l\u2019Asec, o\u00f9 leur \u00e9quipe a brill\u00e9 par son inconsistance technique et tactique. Ils se disent que, de toutes les fa\u00e7ons, les prochains matches de la comp\u00e9tition seront plus ouverts, et que leurs prot\u00e9g\u00e9s trouveront plus d\u2019espace pour s\u2019exprimer. Et puis, tant qu\u2019on n\u2019est pas <em>\u00abmort\u00bb<\/em>, l\u2019espoir fait vivre\u2026 \u00a0\u00a0<\/p>\n","protected":false},"excerpt":{"rendered":"<p>L\u2019Esp\u00e9rance de Tunis qualifi\u00e9e pour le dernier carr\u00e9 de la Ligue des champions d\u2019Afrique de football. <\/p>\n","protected":false},"author":8,"featured_media":12350082,"comment_status":"open","ping_status":"open","sticky":false,"template":"","format":"standard","meta":{"footnotes":""},"categories":[992,999,2433],"tags":[41,114845,111736,114843,1619,30028,32003,114846,114844,14585,62643,34983],"class_list":["post-12349977","post","type-post","status-publish","format-standard","has-post-thumbnail","hentry","category-a-la-une","category-sport","category-tunisie","tag-afrique","tag-al-ahly-degypte","tag-amanallah-memmiche","tag-asec-mimosa","tag-esperance-de-tunis","tag-ligue-des-champions","tag-mamelodi-sundowns","tag-raed-bouchniba","tag-rodrigo-rodrigues-silva","tag-tp-mazembe","tag-tunisie","tag-yassine-meriah"],"yoast_head":"<!-- This site is optimized with the Yoast SEO plugin v26.6 - https:\/\/yoast.com\/wordpress\/plugins\/seo\/ -->\n<title>Football - Ligue des Champions\u00a0: L\u2019Esp\u00e9rance reprend espoir - Kapitalis<\/title>\n<meta name=\"robots\" content=\"index, follow, max-snippet:-1, max-image-preview:large, max-video-preview:-1\" \/>\n<link rel=\"canonical\" href=\"https:\/\/kapitalis.com\/tunisie\/2024\/04\/07\/football-ligue-des-champions-lesperance-reprend-espoir\/\" \/>\n<meta property=\"og:locale\" content=\"fr_FR\" \/>\n<meta property=\"og:type\" content=\"article\" \/>\n<meta property=\"og:title\" content=\"Football - Ligue des Champions\u00a0: L\u2019Esp\u00e9rance reprend espoir - Kapitalis\" \/>\n<meta property=\"og:description\" content=\"L\u2019Esp\u00e9rance de Tunis qualifi\u00e9e pour le dernier carr\u00e9 de la Ligue des champions d\u2019Afrique de football.\" \/>\n<meta property=\"og:url\" content=\"https:\/\/kapitalis.com\/tunisie\/2024\/04\/07\/football-ligue-des-champions-lesperance-reprend-espoir\/\" \/>\n<meta property=\"og:site_name\" content=\"Kapitalis\" \/>\n<meta property=\"article:publisher\" content=\"https:\/\/www.facebook.com\/KapitalisInfo\/\" \/>\n<meta property=\"article:published_time\" content=\"2024-04-07T10:12:31+00:00\" \/>\n<meta property=\"article:modified_time\" content=\"2024-04-07T10:12:32+00:00\" \/>\n<meta property=\"og:image\" content=\"https:\/\/kapitalis.com\/tunisie\/wp-content\/uploads\/2024\/04\/Esperance-de-Tunis-Abidjan.jpg\" \/>\n\t<meta property=\"og:image:width\" content=\"1200\" \/>\n\t<meta property=\"og:image:height\" content=\"630\" \/>\n\t<meta property=\"og:image:type\" content=\"image\/jpeg\" \/>\n<meta name=\"author\" content=\"webmaster kapitalis\" \/>\n<meta name=\"twitter:card\" content=\"summary_large_image\" \/>\n<meta name=\"twitter:creator\" content=\"@KapitalisInfo\" \/>\n<meta name=\"twitter:site\" content=\"@KapitalisInfo\" \/>\n<meta name=\"twitter:label1\" content=\"\u00c9crit par\" \/>\n\t<meta name=\"twitter:data1\" content=\"webmaster kapitalis\" \/>\n\t<meta name=\"twitter:label2\" content=\"Dur\u00e9e de lecture estim\u00e9e\" \/>\n\t<meta name=\"twitter:data2\" content=\"3 minutes\" \/>\n<script type=\"application\/ld+json\" class=\"yoast-schema-graph\">{\"@context\":\"https:\/\/schema.org\",\"@graph\":[{\"@type\":\"Article\",\"@id\":\"https:\/\/kapitalis.com\/tunisie\/2024\/04\/07\/football-ligue-des-champions-lesperance-reprend-espoir\/#article\",\"isPartOf\":{\"@id\":\"https:\/\/kapitalis.com\/tunisie\/2024\/04\/07\/football-ligue-des-champions-lesperance-reprend-espoir\/\"},\"author\":{\"name\":\"webmaster kapitalis\",\"@id\":\"https:\/\/kapitalis.com\/tunisie\/#\/schema\/person\/d71f33a9ca44f7bad4698210b480c8e9\"},\"headline\":\"Football &#8211; Ligue des Champions\u00a0: L\u2019Esp\u00e9rance reprend espoir\",\"datePublished\":\"2024-04-07T10:12:31+00:00\",\"dateModified\":\"2024-04-07T10:12:32+00:00\",\"mainEntityOfPage\":{\"@id\":\"https:\/\/kapitalis.com\/tunisie\/2024\/04\/07\/football-ligue-des-champions-lesperance-reprend-espoir\/\"},\"wordCount\":586,\"commentCount\":0,\"publisher\":{\"@id\":\"https:\/\/kapitalis.com\/tunisie\/#organization\"},\"image\":{\"@id\":\"https:\/\/kapitalis.com\/tunisie\/2024\/04\/07\/football-ligue-des-champions-lesperance-reprend-espoir\/#primaryimage\"},\"thumbnailUrl\":\"https:\/\/kapitalis.com\/tunisie\/wp-content\/uploads\/2024\/04\/Esperance-de-Tunis-Abidjan.jpg\",\"keywords\":[\"Afrique\",\"Al Ahly d'Egypte\",\"Amanallah Memmiche\",\"Asec Mimosa\",\"Esp\u00e9rance de Tunis\",\"Ligue des champions\",\"Mamelodi Sundowns\",\"Raed Bouchniba\",\"Rodrigo Rodrigues Silva\",\"TP Mazembe\",\"Tunisie\",\"Yassine Meriah\"],\"articleSection\":[\"A LA UNE\",\"SPORT\",\"Tunisie\"],\"inLanguage\":\"fr-FR\",\"potentialAction\":[{\"@type\":\"CommentAction\",\"name\":\"Comment\",\"target\":[\"https:\/\/kapitalis.com\/tunisie\/2024\/04\/07\/football-ligue-des-champions-lesperance-reprend-espoir\/#respond\"]}]},{\"@type\":\"WebPage\",\"@id\":\"https:\/\/kapitalis.com\/tunisie\/2024\/04\/07\/football-ligue-des-champions-lesperance-reprend-espoir\/\",\"url\":\"https:\/\/kapitalis.com\/tunisie\/2024\/04\/07\/football-ligue-des-champions-lesperance-reprend-espoir\/\",\"name\":\"Football - Ligue des Champions\u00a0: L\u2019Esp\u00e9rance reprend espoir - Kapitalis\",\"isPartOf\":{\"@id\":\"https:\/\/kapitalis.com\/tunisie\/#website\"},\"primaryImageOfPage\":{\"@id\":\"https:\/\/kapitalis.com\/tunisie\/2024\/04\/07\/football-ligue-des-champions-lesperance-reprend-espoir\/#primaryimage\"},\"image\":{\"@id\":\"https:\/\/kapitalis.com\/tunisie\/2024\/04\/07\/football-ligue-des-champions-lesperance-reprend-espoir\/#primaryimage\"},\"thumbnailUrl\":\"https:\/\/kapitalis.com\/tunisie\/wp-content\/uploads\/2024\/04\/Esperance-de-Tunis-Abidjan.jpg\",\"datePublished\":\"2024-04-07T10:12:31+00:00\",\"dateModified\":\"2024-04-07T10:12:32+00:00\",\"breadcrumb\":{\"@id\":\"https:\/\/kapitalis.com\/tunisie\/2024\/04\/07\/football-ligue-des-champions-lesperance-reprend-espoir\/#breadcrumb\"},\"inLanguage\":\"fr-FR\",\"potentialAction\":[{\"@type\":\"ReadAction\",\"target\":[\"https:\/\/kapitalis.com\/tunisie\/2024\/04\/07\/football-ligue-des-champions-lesperance-reprend-espoir\/\"]}]},{\"@type\":\"ImageObject\",\"inLanguage\":\"fr-FR\",\"@id\":\"https:\/\/kapitalis.com\/tunisie\/2024\/04\/07\/football-ligue-des-champions-lesperance-reprend-espoir\/#primaryimage\",\"url\":\"https:\/\/kapitalis.com\/tunisie\/wp-content\/uploads\/2024\/04\/Esperance-de-Tunis-Abidjan.jpg\",\"contentUrl\":\"https:\/\/kapitalis.com\/tunisie\/wp-content\/uploads\/2024\/04\/Esperance-de-Tunis-Abidjan.jpg\",\"width\":1200,\"height\":630},{\"@type\":\"BreadcrumbList\",\"@id\":\"https:\/\/kapitalis.com\/tunisie\/2024\/04\/07\/football-ligue-des-champions-lesperance-reprend-espoir\/#breadcrumb\",\"itemListElement\":[{\"@type\":\"ListItem\",\"position\":1,\"name\":\"Accueil\",\"item\":\"https:\/\/kapitalis.com\/tunisie\/\"},{\"@type\":\"ListItem\",\"position\":2,\"name\":\"Football &#8211; Ligue des Champions\u00a0: L\u2019Esp\u00e9rance reprend espoir\"}]},{\"@type\":\"WebSite\",\"@id\":\"https:\/\/kapitalis.com\/tunisie\/#website\",\"url\":\"https:\/\/kapitalis.com\/tunisie\/\",\"name\":\"Kapitalis\",\"description\":\"L&#039;actualit\u00e9 en Tunisie et dans le monde\",\"publisher\":{\"@id\":\"https:\/\/kapitalis.com\/tunisie\/#organization\"},\"potentialAction\":[{\"@type\":\"SearchAction\",\"target\":{\"@type\":\"EntryPoint\",\"urlTemplate\":\"https:\/\/kapitalis.com\/tunisie\/?s={search_term_string}\"},\"query-input\":{\"@type\":\"PropertyValueSpecification\",\"valueRequired\":true,\"valueName\":\"search_term_string\"}}],\"inLanguage\":\"fr-FR\"},{\"@type\":\"Organization\",\"@id\":\"https:\/\/kapitalis.com\/tunisie\/#organization\",\"name\":\"Kapitalis\",\"url\":\"https:\/\/kapitalis.com\/tunisie\/\",\"logo\":{\"@type\":\"ImageObject\",\"inLanguage\":\"fr-FR\",\"@id\":\"https:\/\/kapitalis.com\/tunisie\/#\/schema\/logo\/image\/\",\"url\":\"https:\/\/kapitalis.com\/tunisie\/wp-content\/uploads\/2022\/05\/Kapitalis-big-size.png\",\"contentUrl\":\"https:\/\/kapitalis.com\/tunisie\/wp-content\/uploads\/2022\/05\/Kapitalis-big-size.png\",\"width\":5000,\"height\":1500,\"caption\":\"Kapitalis\"},\"image\":{\"@id\":\"https:\/\/kapitalis.com\/tunisie\/#\/schema\/logo\/image\/\"},\"sameAs\":[\"https:\/\/www.facebook.com\/KapitalisInfo\/\",\"https:\/\/x.com\/KapitalisInfo\",\"https:\/\/www.youtube.com\/channel\/UC-yDYrHyfFBWWZaOw3FPg9Q\"]},{\"@type\":\"Person\",\"@id\":\"https:\/\/kapitalis.com\/tunisie\/#\/schema\/person\/d71f33a9ca44f7bad4698210b480c8e9\",\"name\":\"webmaster kapitalis\",\"url\":\"https:\/\/kapitalis.com\/tunisie\/author\/webmaster-kapitalis\/\"}]}<\/script>\n<!-- \/ Yoast SEO plugin. -->","yoast_head_json":{"title":"Football - Ligue des Champions\u00a0: L\u2019Esp\u00e9rance reprend espoir - Kapitalis","robots":{"index":"index","follow":"follow","max-snippet":"max-snippet:-1","max-image-preview":"max-image-preview:large","max-video-preview":"max-video-preview:-1"},"canonical":"https:\/\/kapitalis.com\/tunisie\/2024\/04\/07\/football-ligue-des-champions-lesperance-reprend-espoir\/","og_locale":"fr_FR","og_type":"article","og_title":"Football - Ligue des Champions\u00a0: L\u2019Esp\u00e9rance reprend espoir - Kapitalis","og_description":"L\u2019Esp\u00e9rance de Tunis qualifi\u00e9e pour le dernier carr\u00e9 de la Ligue des champions d\u2019Afrique de football.","og_url":"https:\/\/kapitalis.com\/tunisie\/2024\/04\/07\/football-ligue-des-champions-lesperance-reprend-espoir\/","og_site_name":"Kapitalis","article_publisher":"https:\/\/www.facebook.com\/KapitalisInfo\/","article_published_time":"2024-04-07T10:12:31+00:00","article_modified_time":"2024-04-07T10:12:32+00:00","og_image":[{"width":1200,"height":630,"url":"https:\/\/kapitalis.com\/tunisie\/wp-content\/uploads\/2024\/04\/Esperance-de-Tunis-Abidjan.jpg","type":"image\/jpeg"}],"author":"webmaster kapitalis","twitter_card":"summary_large_image","twitter_creator":"@KapitalisInfo","twitter_site":"@KapitalisInfo","twitter_misc":{"\u00c9crit par":"webmaster kapitalis","Dur\u00e9e de lecture estim\u00e9e":"3 minutes"},"schema":{"@context":"https:\/\/schema.org","@graph":[{"@type":"Article","@id":"https:\/\/kapitalis.com\/tunisie\/2024\/04\/07\/football-ligue-des-champions-lesperance-reprend-espoir\/#article","isPartOf":{"@id":"https:\/\/kapitalis.com\/tunisie\/2024\/04\/07\/football-ligue-des-champions-lesperance-reprend-espoir\/"},"author":{"name":"webmaster kapitalis","@id":"https:\/\/kapitalis.com\/tunisie\/#\/schema\/person\/d71f33a9ca44f7bad4698210b480c8e9"},"headline":"Football &#8211; Ligue des Champions\u00a0: L\u2019Esp\u00e9rance reprend espoir","datePublished":"2024-04-07T10:12:31+00:00","dateModified":"2024-04-07T10:12:32+00:00","mainEntityOfPage":{"@id":"https:\/\/kapitalis.com\/tunisie\/2024\/04\/07\/football-ligue-des-champions-lesperance-reprend-espoir\/"},"wordCount":586,"commentCount":0,"publisher":{"@id":"https:\/\/kapitalis.com\/tunisie\/#organization"},"image":{"@id":"https:\/\/kapitalis.com\/tunisie\/2024\/04\/07\/football-ligue-des-champions-lesperance-reprend-espoir\/#primaryimage"},"thumbnailUrl":"https:\/\/kapitalis.com\/tunisie\/wp-content\/uploads\/2024\/04\/Esperance-de-Tunis-Abidjan.jpg","keywords":["Afrique","Al Ahly d'Egypte","Amanallah Memmiche","Asec Mimosa","Esp\u00e9rance de Tunis","Ligue des champions","Mamelodi Sundowns","Raed Bouchniba","Rodrigo Rodrigues Silva","TP Mazembe","Tunisie","Yassine Meriah"],"articleSection":["A LA UNE","SPORT","Tunisie"],"inLanguage":"fr-FR","potentialAction":[{"@type":"CommentAction","name":"Comment","target":["https:\/\/kapitalis.com\/tunisie\/2024\/04\/07\/football-ligue-des-champions-lesperance-reprend-espoir\/#respond"]}]},{"@type":"WebPage","@id":"https:\/\/kapitalis.com\/tunisie\/2024\/04\/07\/football-ligue-des-champions-lesperance-reprend-espoir\/","url":"https:\/\/kapitalis.com\/tunisie\/2024\/04\/07\/football-ligue-des-champions-lesperance-reprend-espoir\/","name":"Football - Ligue des Champions\u00a0: L\u2019Esp\u00e9rance reprend espoir - Kapitalis","isPartOf":{"@id":"https:\/\/kapitalis.com\/tunisie\/#website"},"primaryImageOfPage":{"@id":"https:\/\/kapitalis.com\/tunisie\/2024\/04\/07\/football-ligue-des-champions-lesperance-reprend-espoir\/#primaryimage"},"image":{"@id":"https:\/\/kapitalis.com\/tunisie\/2024\/04\/07\/football-ligue-des-champions-lesperance-reprend-espoir\/#primaryimage"},"thumbnailUrl":"https:\/\/kapitalis.com\/tunisie\/wp-content\/uploads\/2024\/04\/Esperance-de-Tunis-Abidjan.jpg","datePublished":"2024-04-07T10:12:31+00:00","dateModified":"2024-04-07T10:12:32+00:00","breadcrumb":{"@id":"https:\/\/kapitalis.com\/tunisie\/2024\/04\/07\/football-ligue-des-champions-lesperance-reprend-espoir\/#breadcrumb"},"inLanguage":"fr-FR","potentialAction":[{"@type":"ReadAction","target":["https:\/\/kapitalis.com\/tunisie\/2024\/04\/07\/football-ligue-des-champions-lesperance-reprend-espoir\/"]}]},{"@type":"ImageObject","inLanguage":"fr-FR","@id":"https:\/\/kapitalis.com\/tunisie\/2024\/04\/07\/football-ligue-des-champions-lesperance-reprend-espoir\/#primaryimage","url":"https:\/\/kapitalis.com\/tunisie\/wp-content\/uploads\/2024\/04\/Esperance-de-Tunis-Abidjan.jpg","contentUrl":"https:\/\/kapitalis.com\/tunisie\/wp-content\/uploads\/2024\/04\/Esperance-de-Tunis-Abidjan.jpg","width":1200,"height":630},{"@type":"BreadcrumbList","@id":"https:\/\/kapitalis.com\/tunisie\/2024\/04\/07\/football-ligue-des-champions-lesperance-reprend-espoir\/#breadcrumb","itemListElement":[{"@type":"ListItem","position":1,"name":"Accueil","item":"https:\/\/kapitalis.com\/tunisie\/"},{"@type":"ListItem","position":2,"name":"Football &#8211; Ligue des Champions\u00a0: L\u2019Esp\u00e9rance reprend espoir"}]},{"@type":"WebSite","@id":"https:\/\/kapitalis.com\/tunisie\/#website","url":"https:\/\/kapitalis.com\/tunisie\/","name":"Kapitalis","description":"L&#039;actualit\u00e9 en Tunisie et dans le monde","publisher":{"@id":"https:\/\/kapitalis.com\/tunisie\/#organization"},"potentialAction":[{"@type":"SearchAction","target":{"@type":"EntryPoint","urlTemplate":"https:\/\/kapitalis.com\/tunisie\/?s={search_term_string}"},"query-input":{"@type":"PropertyValueSpecification","valueRequired":true,"valueName":"search_term_string"}}],"inLanguage":"fr-FR"},{"@type":"Organization","@id":"https:\/\/kapitalis.com\/tunisie\/#organization","name":"Kapitalis","url":"https:\/\/kapitalis.com\/tunisie\/","logo":{"@type":"ImageObject","inLanguage":"fr-FR","@id":"https:\/\/kapitalis.com\/tunisie\/#\/schema\/logo\/image\/","url":"https:\/\/kapitalis.com\/tunisie\/wp-content\/uploads\/2022\/05\/Kapitalis-big-size.png","contentUrl":"https:\/\/kapitalis.com\/tunisie\/wp-content\/uploads\/2022\/05\/Kapitalis-big-size.png","width":5000,"height":1500,"caption":"Kapitalis"},"image":{"@id":"https:\/\/kapitalis.com\/tunisie\/#\/schema\/logo\/image\/"},"sameAs":["https:\/\/www.facebook.com\/KapitalisInfo\/","https:\/\/x.com\/KapitalisInfo","https:\/\/www.youtube.com\/channel\/UC-yDYrHyfFBWWZaOw3FPg9Q"]},{"@type":"Person","@id":"https:\/\/kapitalis.com\/tunisie\/#\/schema\/person\/d71f33a9ca44f7bad4698210b480c8e9","name":"webmaster kapitalis","url":"https:\/\/kapitalis.com\/tunisie\/author\/webmaster-kapitalis\/"}]}},"_links":{"self":[{"href":"https:\/\/kapitalis.com\/tunisie\/wp-json\/wp\/v2\/posts\/12349977","targetHints":{"allow":["GET"]}}],"collection":[{"href":"https:\/\/kapitalis.com\/tunisie\/wp-json\/wp\/v2\/posts"}],"about":[{"href":"https:\/\/kapitalis.com\/tunisie\/wp-json\/wp\/v2\/types\/post"}],"author":[{"embeddable":true,"href":"https:\/\/kapitalis.com\/tunisie\/wp-json\/wp\/v2\/users\/8"}],"replies":[{"embeddable":true,"href":"https:\/\/kapitalis.com\/tunisie\/wp-json\/wp\/v2\/comments?post=12349977"}],"version-history":[{"count":1,"href":"https:\/\/kapitalis.com\/tunisie\/wp-json\/wp\/v2\/posts\/12349977\/revisions"}],"predecessor-version":[{"id":12350092,"href":"https:\/\/kapitalis.com\/tunisie\/wp-json\/wp\/v2\/posts\/12349977\/revisions\/12350092"}],"wp:featuredmedia":[{"embeddable":true,"href":"https:\/\/kapitalis.com\/tunisie\/wp-json\/wp\/v2\/media\/12350082"}],"wp:attachment":[{"href":"https:\/\/kapitalis.com\/tunisie\/wp-json\/wp\/v2\/media?parent=12349977"}],"wp:term":[{"taxonomy":"category","embeddable":true,"href":"https:\/\/kapitalis.com\/tunisie\/wp-json\/wp\/v2\/categories?post=12349977"},{"taxonomy":"post_tag","embeddable":true,"href":"https:\/\/kapitalis.com\/tunisie\/wp-json\/wp\/v2\/tags?post=12349977"}],"curies":[{"name":"wp","href":"https:\/\/api.w.org\/{rel}","templated":true}]}}