{"id":123611,"date":"2017-11-15T08:36:09","date_gmt":"2017-11-15T07:36:09","guid":{"rendered":"http:\/\/kapitalis.com\/tunisie\/?p=123611"},"modified":"2017-11-15T08:36:09","modified_gmt":"2017-11-15T07:36:09","slug":"mondial-2019-de-basketball-la-tunisie-entame-sa-preparation","status":"publish","type":"post","link":"https:\/\/kapitalis.com\/tunisie\/2017\/11\/15\/mondial-2019-de-basketball-la-tunisie-entame-sa-preparation\/","title":{"rendered":"Mondial 2019 de basketball : La Tunisie entame sa pr\u00e9paration"},"content":{"rendered":"<p style=\"text-align: center;\"><img loading=\"lazy\" decoding=\"async\" class=\"alignnone size-full wp-image-114139\" src=\"http:\/\/kapitalis.com\/tunisie\/wp-content\/uploads\/2017\/09\/Tunisie-Afrobasket-2017.jpg\" alt=\"\" width=\"626\" height=\"380\" \/><\/p>\n<p><em><strong>La Tunisie a lanc\u00e9 au Portugal sa pr\u00e9paration en vue des \u00e9liminatoires pour la Coupe du Monde 2019 de basketball en Chine avec un groupe de 15 joueurs.<\/strong> <\/em><\/p>\n<p><!--more--><\/p>\n<p>La pr\u00e9paration au Portugal se poursuivra jusqu\u2019au 20 novembre 2017. L\u2019\u00e9quipe se rendra ensuite dans la capitale camerounaise Yaound\u00e9 o\u00f9 elle affrontera ses adversaires du Groupe A : la Guin\u00e9e (24 novembre), le Tchad (25 novembre) et la nation h\u00f4te (26 novembre).<\/p>\n<p>Ce tournoi \u00e0 quatre \u00e9quipes marquera la premi\u00e8re comp\u00e9tition officielle de la Tunisie depuis sa seconde cons\u00e9cration continentale, en septembre dernier, \u00e0 Tunis. Le grand objectif du cinq tunisien est la qualification pour le Mondial 2019.<\/p>\n<p>Le coach Mario Palma a rappel\u00e9 les joueurs qui ont remport\u00e9 l\u2019Afrobasket 2017, auxquels il a ajout\u00e9 deux nouveaux : Ahmed Addami (JS Kairouan) et Aymen Bouzid (US Monatsir).<\/p>\n<p>Fini donc le championnat d\u2019Afrique directement qualificatif pour la Coupe du Monde et les Jeux olympiques (JO). D\u00e9sormais, les \u00e9quipes nationales, qui participeront au Mondial ou aux JO, devront disputer une ribambelle de matches \u00e9liminatoires, durant 15 mois. Sauf que les meilleurs joueurs des s\u00e9lections, mobilis\u00e9s par les clubs qui les emploient, ne pourront pas participer \u00e0 ces rencontres\u2026 La faute notamment \u00e0 la prestigieuse NBA. Les \u00e9quipes (<em>\u00abfranchises\u00bb<\/em>) qui composent la NBA ne laisseront par leurs joueurs partir en Afrique (en Europe ou en Asie), en pleine saison, pour prendre part aux \u00e9liminatoires de la Coupe du monde 2019. Comme le pivot tunisien des Mavericks de Dallas, Salah Mejri.<\/p>\n<p><em><strong>Liste des 14 s\u00e9lectionn\u00e9s<\/strong> <\/em>: <em>Mourad Mabrouk, Mohamed Hdidane, Zied Chennoufi, Mokhtar Ghayaza, Amor Abada (ES Rad\u00e8s), Nizar Knioua, Amor Mouhli, Radhouane Slim\u00e8ne (ESS), Makram Ben Romdhane (FC Homentemen, Liban), Aymen Bouzid, Bechir Hdidane, Firas Lahyani (US Monastir) Adam Rasyl (AS Hammamet), Ahmed Addami (JS Kairouan).<\/em><\/p>\n<p style=\"text-align: right;\"><strong>H. M.<\/strong><\/p>\n","protected":false},"excerpt":{"rendered":"<p>La Tunisie a lanc\u00e9 au Portugal sa pr\u00e9paration en vue des \u00e9liminatoires pour la Coupe du Monde 2019 de basketball en Chine avec un groupe de 15 joueurs.<\/p>\n","protected":false},"author":8,"featured_media":0,"comment_status":"open","ping_status":"open","sticky":false,"template":"","format":"standard","meta":{"footnotes":""},"categories":[999,2433],"tags":[3016,23677,35963,34489,3807,36216],"class_list":["post-123611","post","type-post","status-publish","format-standard","hentry","category-sport","category-tunisie","tag-chine","tag-mario-palma","tag-mokhtar-ghayaza","tag-mourad-mabrouk","tag-salah-mejri","tag-zied-chennoufi"],"yoast_head":"<!-- This site is optimized with the Yoast SEO plugin v26.6 - https:\/\/yoast.com\/wordpress\/plugins\/seo\/ -->\n<title>Mondial 2019 de basketball : La Tunisie entame sa pr\u00e9paration - Kapitalis<\/title>\n<meta name=\"robots\" content=\"index, follow, max-snippet:-1, max-image-preview:large, max-video-preview:-1\" \/>\n<link rel=\"canonical\" href=\"https:\/\/kapitalis.com\/tunisie\/2017\/11\/15\/mondial-2019-de-basketball-la-tunisie-entame-sa-preparation\/\" \/>\n<meta property=\"og:locale\" content=\"fr_FR\" \/>\n<meta property=\"og:type\" content=\"article\" \/>\n<meta property=\"og:title\" content=\"Mondial 2019 de basketball : La Tunisie entame sa pr\u00e9paration - Kapitalis\" \/>\n<meta property=\"og:description\" content=\"La Tunisie a lanc\u00e9 au Portugal sa pr\u00e9paration en vue des \u00e9liminatoires pour la Coupe du Monde 2019 de basketball en Chine avec un groupe de 15 joueurs.\" \/>\n<meta property=\"og:url\" content=\"https:\/\/kapitalis.com\/tunisie\/2017\/11\/15\/mondial-2019-de-basketball-la-tunisie-entame-sa-preparation\/\" \/>\n<meta property=\"og:site_name\" content=\"Kapitalis\" \/>\n<meta property=\"article:publisher\" content=\"https:\/\/www.facebook.com\/KapitalisInfo\/\" \/>\n<meta property=\"article:published_time\" content=\"2017-11-15T07:36:09+00:00\" \/>\n<meta property=\"og:image\" content=\"http:\/\/kapitalis.com\/tunisie\/wp-content\/uploads\/2017\/09\/Tunisie-Afrobasket-2017.jpg\" \/>\n<meta name=\"author\" content=\"webmaster kapitalis\" \/>\n<meta name=\"twitter:card\" content=\"summary_large_image\" \/>\n<meta name=\"twitter:creator\" content=\"@KapitalisInfo\" \/>\n<meta name=\"twitter:site\" content=\"@KapitalisInfo\" \/>\n<meta name=\"twitter:label1\" content=\"\u00c9crit par\" \/>\n\t<meta name=\"twitter:data1\" content=\"webmaster kapitalis\" \/>\n\t<meta name=\"twitter:label2\" content=\"Dur\u00e9e de lecture estim\u00e9e\" \/>\n\t<meta name=\"twitter:data2\" content=\"1 minute\" \/>\n<script type=\"application\/ld+json\" class=\"yoast-schema-graph\">{\"@context\":\"https:\/\/schema.org\",\"@graph\":[{\"@type\":\"Article\",\"@id\":\"https:\/\/kapitalis.com\/tunisie\/2017\/11\/15\/mondial-2019-de-basketball-la-tunisie-entame-sa-preparation\/#article\",\"isPartOf\":{\"@id\":\"https:\/\/kapitalis.com\/tunisie\/2017\/11\/15\/mondial-2019-de-basketball-la-tunisie-entame-sa-preparation\/\"},\"author\":{\"name\":\"webmaster kapitalis\",\"@id\":\"https:\/\/kapitalis.com\/tunisie\/#\/schema\/person\/d71f33a9ca44f7bad4698210b480c8e9\"},\"headline\":\"Mondial 2019 de basketball : La Tunisie entame sa pr\u00e9paration\",\"datePublished\":\"2017-11-15T07:36:09+00:00\",\"mainEntityOfPage\":{\"@id\":\"https:\/\/kapitalis.com\/tunisie\/2017\/11\/15\/mondial-2019-de-basketball-la-tunisie-entame-sa-preparation\/\"},\"wordCount\":301,\"commentCount\":0,\"publisher\":{\"@id\":\"https:\/\/kapitalis.com\/tunisie\/#organization\"},\"image\":{\"@id\":\"https:\/\/kapitalis.com\/tunisie\/2017\/11\/15\/mondial-2019-de-basketball-la-tunisie-entame-sa-preparation\/#primaryimage\"},\"thumbnailUrl\":\"http:\/\/kapitalis.com\/tunisie\/wp-content\/uploads\/2017\/09\/Tunisie-Afrobasket-2017.jpg\",\"keywords\":[\"Chine\",\"Mario Palma\",\"Mokhtar Ghayaza\",\"Mourad Mabrouk\",\"Salah Mejri\",\"Zied Chennoufi\"],\"articleSection\":[\"SPORT\",\"Tunisie\"],\"inLanguage\":\"fr-FR\",\"potentialAction\":[{\"@type\":\"CommentAction\",\"name\":\"Comment\",\"target\":[\"https:\/\/kapitalis.com\/tunisie\/2017\/11\/15\/mondial-2019-de-basketball-la-tunisie-entame-sa-preparation\/#respond\"]}]},{\"@type\":\"WebPage\",\"@id\":\"https:\/\/kapitalis.com\/tunisie\/2017\/11\/15\/mondial-2019-de-basketball-la-tunisie-entame-sa-preparation\/\",\"url\":\"https:\/\/kapitalis.com\/tunisie\/2017\/11\/15\/mondial-2019-de-basketball-la-tunisie-entame-sa-preparation\/\",\"name\":\"Mondial 2019 de basketball : La Tunisie entame sa pr\u00e9paration - Kapitalis\",\"isPartOf\":{\"@id\":\"https:\/\/kapitalis.com\/tunisie\/#website\"},\"primaryImageOfPage\":{\"@id\":\"https:\/\/kapitalis.com\/tunisie\/2017\/11\/15\/mondial-2019-de-basketball-la-tunisie-entame-sa-preparation\/#primaryimage\"},\"image\":{\"@id\":\"https:\/\/kapitalis.com\/tunisie\/2017\/11\/15\/mondial-2019-de-basketball-la-tunisie-entame-sa-preparation\/#primaryimage\"},\"thumbnailUrl\":\"http:\/\/kapitalis.com\/tunisie\/wp-content\/uploads\/2017\/09\/Tunisie-Afrobasket-2017.jpg\",\"datePublished\":\"2017-11-15T07:36:09+00:00\",\"breadcrumb\":{\"@id\":\"https:\/\/kapitalis.com\/tunisie\/2017\/11\/15\/mondial-2019-de-basketball-la-tunisie-entame-sa-preparation\/#breadcrumb\"},\"inLanguage\":\"fr-FR\",\"potentialAction\":[{\"@type\":\"ReadAction\",\"target\":[\"https:\/\/kapitalis.com\/tunisie\/2017\/11\/15\/mondial-2019-de-basketball-la-tunisie-entame-sa-preparation\/\"]}]},{\"@type\":\"ImageObject\",\"inLanguage\":\"fr-FR\",\"@id\":\"https:\/\/kapitalis.com\/tunisie\/2017\/11\/15\/mondial-2019-de-basketball-la-tunisie-entame-sa-preparation\/#primaryimage\",\"url\":\"http:\/\/kapitalis.com\/tunisie\/wp-content\/uploads\/2017\/09\/Tunisie-Afrobasket-2017.jpg\",\"contentUrl\":\"http:\/\/kapitalis.com\/tunisie\/wp-content\/uploads\/2017\/09\/Tunisie-Afrobasket-2017.jpg\"},{\"@type\":\"BreadcrumbList\",\"@id\":\"https:\/\/kapitalis.com\/tunisie\/2017\/11\/15\/mondial-2019-de-basketball-la-tunisie-entame-sa-preparation\/#breadcrumb\",\"itemListElement\":[{\"@type\":\"ListItem\",\"position\":1,\"name\":\"Accueil\",\"item\":\"https:\/\/kapitalis.com\/tunisie\/\"},{\"@type\":\"ListItem\",\"position\":2,\"name\":\"Mondial 2019 de basketball : La Tunisie entame sa pr\u00e9paration\"}]},{\"@type\":\"WebSite\",\"@id\":\"https:\/\/kapitalis.com\/tunisie\/#website\",\"url\":\"https:\/\/kapitalis.com\/tunisie\/\",\"name\":\"Kapitalis\",\"description\":\"L&#039;actualit\u00e9 en Tunisie et dans le monde\",\"publisher\":{\"@id\":\"https:\/\/kapitalis.com\/tunisie\/#organization\"},\"potentialAction\":[{\"@type\":\"SearchAction\",\"target\":{\"@type\":\"EntryPoint\",\"urlTemplate\":\"https:\/\/kapitalis.com\/tunisie\/?s={search_term_string}\"},\"query-input\":{\"@type\":\"PropertyValueSpecification\",\"valueRequired\":true,\"valueName\":\"search_term_string\"}}],\"inLanguage\":\"fr-FR\"},{\"@type\":\"Organization\",\"@id\":\"https:\/\/kapitalis.com\/tunisie\/#organization\",\"name\":\"Kapitalis\",\"url\":\"https:\/\/kapitalis.com\/tunisie\/\",\"logo\":{\"@type\":\"ImageObject\",\"inLanguage\":\"fr-FR\",\"@id\":\"https:\/\/kapitalis.com\/tunisie\/#\/schema\/logo\/image\/\",\"url\":\"https:\/\/kapitalis.com\/tunisie\/wp-content\/uploads\/2022\/05\/Kapitalis-big-size.png\",\"contentUrl\":\"https:\/\/kapitalis.com\/tunisie\/wp-content\/uploads\/2022\/05\/Kapitalis-big-size.png\",\"width\":5000,\"height\":1500,\"caption\":\"Kapitalis\"},\"image\":{\"@id\":\"https:\/\/kapitalis.com\/tunisie\/#\/schema\/logo\/image\/\"},\"sameAs\":[\"https:\/\/www.facebook.com\/KapitalisInfo\/\",\"https:\/\/x.com\/KapitalisInfo\",\"https:\/\/www.youtube.com\/channel\/UC-yDYrHyfFBWWZaOw3FPg9Q\"]},{\"@type\":\"Person\",\"@id\":\"https:\/\/kapitalis.com\/tunisie\/#\/schema\/person\/d71f33a9ca44f7bad4698210b480c8e9\",\"name\":\"webmaster kapitalis\",\"url\":\"https:\/\/kapitalis.com\/tunisie\/author\/webmaster-kapitalis\/\"}]}<\/script>\n<!-- \/ Yoast SEO plugin. -->","yoast_head_json":{"title":"Mondial 2019 de basketball : La Tunisie entame sa pr\u00e9paration - Kapitalis","robots":{"index":"index","follow":"follow","max-snippet":"max-snippet:-1","max-image-preview":"max-image-preview:large","max-video-preview":"max-video-preview:-1"},"canonical":"https:\/\/kapitalis.com\/tunisie\/2017\/11\/15\/mondial-2019-de-basketball-la-tunisie-entame-sa-preparation\/","og_locale":"fr_FR","og_type":"article","og_title":"Mondial 2019 de basketball : La Tunisie entame sa pr\u00e9paration - Kapitalis","og_description":"La Tunisie a lanc\u00e9 au Portugal sa pr\u00e9paration en vue des \u00e9liminatoires pour la Coupe du Monde 2019 de basketball en Chine avec un groupe de 15 joueurs.","og_url":"https:\/\/kapitalis.com\/tunisie\/2017\/11\/15\/mondial-2019-de-basketball-la-tunisie-entame-sa-preparation\/","og_site_name":"Kapitalis","article_publisher":"https:\/\/www.facebook.com\/KapitalisInfo\/","article_published_time":"2017-11-15T07:36:09+00:00","og_image":[{"url":"http:\/\/kapitalis.com\/tunisie\/wp-content\/uploads\/2017\/09\/Tunisie-Afrobasket-2017.jpg","type":"","width":"","height":""}],"author":"webmaster kapitalis","twitter_card":"summary_large_image","twitter_creator":"@KapitalisInfo","twitter_site":"@KapitalisInfo","twitter_misc":{"\u00c9crit par":"webmaster kapitalis","Dur\u00e9e de lecture estim\u00e9e":"1 minute"},"schema":{"@context":"https:\/\/schema.org","@graph":[{"@type":"Article","@id":"https:\/\/kapitalis.com\/tunisie\/2017\/11\/15\/mondial-2019-de-basketball-la-tunisie-entame-sa-preparation\/#article","isPartOf":{"@id":"https:\/\/kapitalis.com\/tunisie\/2017\/11\/15\/mondial-2019-de-basketball-la-tunisie-entame-sa-preparation\/"},"author":{"name":"webmaster kapitalis","@id":"https:\/\/kapitalis.com\/tunisie\/#\/schema\/person\/d71f33a9ca44f7bad4698210b480c8e9"},"headline":"Mondial 2019 de basketball : La Tunisie entame sa pr\u00e9paration","datePublished":"2017-11-15T07:36:09+00:00","mainEntityOfPage":{"@id":"https:\/\/kapitalis.com\/tunisie\/2017\/11\/15\/mondial-2019-de-basketball-la-tunisie-entame-sa-preparation\/"},"wordCount":301,"commentCount":0,"publisher":{"@id":"https:\/\/kapitalis.com\/tunisie\/#organization"},"image":{"@id":"https:\/\/kapitalis.com\/tunisie\/2017\/11\/15\/mondial-2019-de-basketball-la-tunisie-entame-sa-preparation\/#primaryimage"},"thumbnailUrl":"http:\/\/kapitalis.com\/tunisie\/wp-content\/uploads\/2017\/09\/Tunisie-Afrobasket-2017.jpg","keywords":["Chine","Mario Palma","Mokhtar Ghayaza","Mourad Mabrouk","Salah Mejri","Zied Chennoufi"],"articleSection":["SPORT","Tunisie"],"inLanguage":"fr-FR","potentialAction":[{"@type":"CommentAction","name":"Comment","target":["https:\/\/kapitalis.com\/tunisie\/2017\/11\/15\/mondial-2019-de-basketball-la-tunisie-entame-sa-preparation\/#respond"]}]},{"@type":"WebPage","@id":"https:\/\/kapitalis.com\/tunisie\/2017\/11\/15\/mondial-2019-de-basketball-la-tunisie-entame-sa-preparation\/","url":"https:\/\/kapitalis.com\/tunisie\/2017\/11\/15\/mondial-2019-de-basketball-la-tunisie-entame-sa-preparation\/","name":"Mondial 2019 de basketball : La Tunisie entame sa pr\u00e9paration - Kapitalis","isPartOf":{"@id":"https:\/\/kapitalis.com\/tunisie\/#website"},"primaryImageOfPage":{"@id":"https:\/\/kapitalis.com\/tunisie\/2017\/11\/15\/mondial-2019-de-basketball-la-tunisie-entame-sa-preparation\/#primaryimage"},"image":{"@id":"https:\/\/kapitalis.com\/tunisie\/2017\/11\/15\/mondial-2019-de-basketball-la-tunisie-entame-sa-preparation\/#primaryimage"},"thumbnailUrl":"http:\/\/kapitalis.com\/tunisie\/wp-content\/uploads\/2017\/09\/Tunisie-Afrobasket-2017.jpg","datePublished":"2017-11-15T07:36:09+00:00","breadcrumb":{"@id":"https:\/\/kapitalis.com\/tunisie\/2017\/11\/15\/mondial-2019-de-basketball-la-tunisie-entame-sa-preparation\/#breadcrumb"},"inLanguage":"fr-FR","potentialAction":[{"@type":"ReadAction","target":["https:\/\/kapitalis.com\/tunisie\/2017\/11\/15\/mondial-2019-de-basketball-la-tunisie-entame-sa-preparation\/"]}]},{"@type":"ImageObject","inLanguage":"fr-FR","@id":"https:\/\/kapitalis.com\/tunisie\/2017\/11\/15\/mondial-2019-de-basketball-la-tunisie-entame-sa-preparation\/#primaryimage","url":"http:\/\/kapitalis.com\/tunisie\/wp-content\/uploads\/2017\/09\/Tunisie-Afrobasket-2017.jpg","contentUrl":"http:\/\/kapitalis.com\/tunisie\/wp-content\/uploads\/2017\/09\/Tunisie-Afrobasket-2017.jpg"},{"@type":"BreadcrumbList","@id":"https:\/\/kapitalis.com\/tunisie\/2017\/11\/15\/mondial-2019-de-basketball-la-tunisie-entame-sa-preparation\/#breadcrumb","itemListElement":[{"@type":"ListItem","position":1,"name":"Accueil","item":"https:\/\/kapitalis.com\/tunisie\/"},{"@type":"ListItem","position":2,"name":"Mondial 2019 de basketball : La Tunisie entame sa pr\u00e9paration"}]},{"@type":"WebSite","@id":"https:\/\/kapitalis.com\/tunisie\/#website","url":"https:\/\/kapitalis.com\/tunisie\/","name":"Kapitalis","description":"L&#039;actualit\u00e9 en Tunisie et dans le monde","publisher":{"@id":"https:\/\/kapitalis.com\/tunisie\/#organization"},"potentialAction":[{"@type":"SearchAction","target":{"@type":"EntryPoint","urlTemplate":"https:\/\/kapitalis.com\/tunisie\/?s={search_term_string}"},"query-input":{"@type":"PropertyValueSpecification","valueRequired":true,"valueName":"search_term_string"}}],"inLanguage":"fr-FR"},{"@type":"Organization","@id":"https:\/\/kapitalis.com\/tunisie\/#organization","name":"Kapitalis","url":"https:\/\/kapitalis.com\/tunisie\/","logo":{"@type":"ImageObject","inLanguage":"fr-FR","@id":"https:\/\/kapitalis.com\/tunisie\/#\/schema\/logo\/image\/","url":"https:\/\/kapitalis.com\/tunisie\/wp-content\/uploads\/2022\/05\/Kapitalis-big-size.png","contentUrl":"https:\/\/kapitalis.com\/tunisie\/wp-content\/uploads\/2022\/05\/Kapitalis-big-size.png","width":5000,"height":1500,"caption":"Kapitalis"},"image":{"@id":"https:\/\/kapitalis.com\/tunisie\/#\/schema\/logo\/image\/"},"sameAs":["https:\/\/www.facebook.com\/KapitalisInfo\/","https:\/\/x.com\/KapitalisInfo","https:\/\/www.youtube.com\/channel\/UC-yDYrHyfFBWWZaOw3FPg9Q"]},{"@type":"Person","@id":"https:\/\/kapitalis.com\/tunisie\/#\/schema\/person\/d71f33a9ca44f7bad4698210b480c8e9","name":"webmaster kapitalis","url":"https:\/\/kapitalis.com\/tunisie\/author\/webmaster-kapitalis\/"}]}},"_links":{"self":[{"href":"https:\/\/kapitalis.com\/tunisie\/wp-json\/wp\/v2\/posts\/123611","targetHints":{"allow":["GET"]}}],"collection":[{"href":"https:\/\/kapitalis.com\/tunisie\/wp-json\/wp\/v2\/posts"}],"about":[{"href":"https:\/\/kapitalis.com\/tunisie\/wp-json\/wp\/v2\/types\/post"}],"author":[{"embeddable":true,"href":"https:\/\/kapitalis.com\/tunisie\/wp-json\/wp\/v2\/users\/8"}],"replies":[{"embeddable":true,"href":"https:\/\/kapitalis.com\/tunisie\/wp-json\/wp\/v2\/comments?post=123611"}],"version-history":[{"count":0,"href":"https:\/\/kapitalis.com\/tunisie\/wp-json\/wp\/v2\/posts\/123611\/revisions"}],"wp:attachment":[{"href":"https:\/\/kapitalis.com\/tunisie\/wp-json\/wp\/v2\/media?parent=123611"}],"wp:term":[{"taxonomy":"category","embeddable":true,"href":"https:\/\/kapitalis.com\/tunisie\/wp-json\/wp\/v2\/categories?post=123611"},{"taxonomy":"post_tag","embeddable":true,"href":"https:\/\/kapitalis.com\/tunisie\/wp-json\/wp\/v2\/tags?post=123611"}],"curies":[{"name":"wp","href":"https:\/\/api.w.org\/{rel}","templated":true}]}}