{"id":123895,"date":"2017-11-16T13:59:41","date_gmt":"2017-11-16T12:59:41","guid":{"rendered":"http:\/\/kapitalis.com\/tunisie\/?p=123895"},"modified":"2017-11-16T13:59:41","modified_gmt":"2017-11-16T12:59:41","slug":"la-fondation-biat-celebre-la-semaine-mondiale-de-lentrepreneuriat","status":"publish","type":"post","link":"https:\/\/kapitalis.com\/tunisie\/2017\/11\/16\/la-fondation-biat-celebre-la-semaine-mondiale-de-lentrepreneuriat\/","title":{"rendered":"La Fondation Biat c\u00e9l\u00e8bre la Semaine mondiale de l\u2019entrepreneuriat"},"content":{"rendered":"<p style=\"text-align: center;\"><img loading=\"lazy\" decoding=\"async\" class=\"alignnone size-full wp-image-123897\" src=\"http:\/\/kapitalis.com\/tunisie\/wp-content\/uploads\/2017\/11\/Spark-Biat.jpg\" alt=\"\" width=\"626\" height=\"380\" \/><\/p>\n<p><em><strong>Plus de 300 jeunes lyc\u00e9ens et \u00e9tudiants constituant la famille de la Fondation Biat ont pris part \u00e0 l\u2019\u00e9v\u00e9nement \u00abSpark_Talk\u00bb, le 15 novembre dernier au si\u00e8ge de la Biat, \u00e0 Tunis.<\/strong> <\/em><\/p>\n<p><!--more--><\/p>\n<p>S\u2019inscrivant dans le cadre de la c\u00e9l\u00e9bration mondiale de l\u2019entrepreneuriat, \u00ab<em>Spark_Talk<\/em>\u00bb est une initiative qui met en vedette des mod\u00e8les inspirants dont l\u2019\u00e2ge ne d\u00e9passe pas les 27 ans.<\/p>\n<p>En effet, cet \u00e9v\u00e9nement a permis de faire d\u00e9couvrir \u00e0 une audience \u00e2g\u00e9e entre 17 et 25 ans, de jeunes passionn\u00e9s et inspirants qui ont d\u00e9cid\u00e9 d\u2019exploiter leurs qualit\u00e9s entrepreneuriales et d\u2019en faire leur mode de vie.<\/p>\n<p>L\u2019initiative a \u00e9t\u00e9 imagin\u00e9e suite \u00e0 un double constat : l\u2019esprit entrepreneurial est avant tout un \u00e9tat d\u2019esprit qui peut \u00eatre d\u00e9velopp\u00e9 d\u00e8s le plus jeune \u00e2ge et les exp\u00e9riences v\u00e9cues peuvent inspirer le jeune et le pousser \u00e0 se d\u00e9couvrir lui-m\u00eame.<\/p>\n<p>Partant de ce double constat la Fondation Biat, qui \u0153uvre \u00e0 inculquer la culture entrepreneuriale aux jeunes, a mis les lumi\u00e8res sur six profils de jeunes entrepreneurs, artistes et sportifs inspirants ayant moins de 27 ans qui ont d\u00e9cid\u00e9 d&rsquo;entreprendre chacun dans son domaine et de suivre son intuition.<\/p>\n<p>Il s\u2019agit de Mehdi Cherif, auteur du livre<em> \u201cR\u00e9flexions d\u2019un \u00e9l\u00e8ve insoumis : Ma contribution \u00e0 la r\u00e9forme de l\u2019Education\u201d<\/em>; Selima Zaouali, fondatrice de Aseptica Lab; Nesrine Makhlouf, fondatrice de la marque Nesrine; Azzam Soualmeya, fondateur de Swiver; Belkis Ksouri, cha\u00eene youtube Belki&rsquo;s World, et Bilal Mallouli, randonneur.<\/p>\n<p>Chacun a parl\u00e9 de son parcours, le d\u00e9but, les obstacles et les r\u00e9alisations. C\u2019\u00e9tait un moment d&rsquo;inspiration et de partage et une invitation \u00e0 la jeune audience de d\u00e9finir des r\u00e9solutions et des motivations pour aller de l&rsquo;avant.<\/p>\n<p>Spark est un programme initi\u00e9 par la <a href=\"http:\/\/www.fondationbiat.org.tn\/\">Fondation Biat<\/a>. Il vise un public jeune de 15 \u00e0 18 ans et constitue la premi\u00e8re rencontre entre le jeune et le monde de l\u2019Entrepreneuriat. Son objectif est d\u2019inspirer ces jeunes et de les initier \u00e0 l\u2019entrepreneuriat \u00e0 travers des pr\u00e9sentations faites par des entrepreneurs, des ateliers de g\u00e9n\u00e9ration d\u2019id\u00e9es et des initiations aux comp\u00e9tences entrepreneuriales.<\/p>\n<p>Quant \u00e0 la Semaine mondiale de l\u2019entrepreneuriat (<a href=\"https:\/\/genglobal.org\/gew\/\">Global Entrepreneurship Week<\/a>), elle a \u00e9t\u00e9 cr\u00e9\u00e9e en 2007 par Carl Schramm, pr\u00e9sident et CEO de la Fondation Kauffman, et par Gordon Brown, ancien Premier ministre du Royaume-Uni, en vue de susciter des vocations entrepreneuriales et de f\u00e9d\u00e9rer, une fois l\u2019an, toutes les initiatives \u00e9parses en mati\u00e8re de conseil \u00e0 la cr\u00e9ation d\u2019entreprise.<\/p>\n<p><em><strong>Source<\/strong><\/em> : communiqu\u00e9.<\/p>\n","protected":false},"excerpt":{"rendered":"<p>Plus de 300 jeunes lyc\u00e9ens et \u00e9tudiants constituant la famille de la Fondation Biat ont pris part \u00e0 l\u2019\u00e9v\u00e9nement \u00abSpark_Talk\u00bb, le 15 novembre dernier au si\u00e8ge de la Biat, \u00e0 Tunis.<\/p>\n","protected":false},"author":8,"featured_media":123897,"comment_status":"open","ping_status":"open","sticky":false,"template":"","format":"standard","meta":{"footnotes":""},"categories":[995,2433],"tags":[12697],"class_list":["post-123895","post","type-post","status-publish","format-standard","has-post-thumbnail","hentry","category-economie","category-tunisie","tag-fondation-biat"],"yoast_head":"<!-- This site is optimized with the Yoast SEO plugin v26.6 - https:\/\/yoast.com\/wordpress\/plugins\/seo\/ -->\n<title>La Fondation Biat c\u00e9l\u00e8bre la Semaine mondiale de l\u2019entrepreneuriat - Kapitalis<\/title>\n<meta name=\"robots\" content=\"index, follow, max-snippet:-1, max-image-preview:large, max-video-preview:-1\" \/>\n<link rel=\"canonical\" href=\"https:\/\/kapitalis.com\/tunisie\/2017\/11\/16\/la-fondation-biat-celebre-la-semaine-mondiale-de-lentrepreneuriat\/\" \/>\n<meta property=\"og:locale\" content=\"fr_FR\" \/>\n<meta property=\"og:type\" content=\"article\" \/>\n<meta property=\"og:title\" content=\"La Fondation Biat c\u00e9l\u00e8bre la Semaine mondiale de l\u2019entrepreneuriat - Kapitalis\" \/>\n<meta property=\"og:description\" content=\"Plus de 300 jeunes lyc\u00e9ens et \u00e9tudiants constituant la famille de la Fondation Biat ont pris part \u00e0 l\u2019\u00e9v\u00e9nement \u00abSpark_Talk\u00bb, le 15 novembre dernier au si\u00e8ge de la Biat, \u00e0 Tunis.\" \/>\n<meta property=\"og:url\" content=\"https:\/\/kapitalis.com\/tunisie\/2017\/11\/16\/la-fondation-biat-celebre-la-semaine-mondiale-de-lentrepreneuriat\/\" \/>\n<meta property=\"og:site_name\" content=\"Kapitalis\" \/>\n<meta property=\"article:publisher\" content=\"https:\/\/www.facebook.com\/KapitalisInfo\/\" \/>\n<meta property=\"article:published_time\" content=\"2017-11-16T12:59:41+00:00\" \/>\n<meta property=\"og:image\" content=\"https:\/\/kapitalis.com\/tunisie\/wp-content\/uploads\/2022\/05\/kapitalis-logo-fb.png\" \/>\n\t<meta property=\"og:image:width\" content=\"1200\" \/>\n\t<meta property=\"og:image:height\" content=\"630\" \/>\n\t<meta property=\"og:image:type\" content=\"image\/png\" \/>\n<meta name=\"author\" content=\"webmaster kapitalis\" \/>\n<meta name=\"twitter:card\" content=\"summary_large_image\" \/>\n<meta name=\"twitter:creator\" content=\"@KapitalisInfo\" \/>\n<meta name=\"twitter:site\" content=\"@KapitalisInfo\" \/>\n<meta name=\"twitter:label1\" content=\"\u00c9crit par\" \/>\n\t<meta name=\"twitter:data1\" content=\"webmaster kapitalis\" \/>\n\t<meta name=\"twitter:label2\" content=\"Dur\u00e9e de lecture estim\u00e9e\" \/>\n\t<meta name=\"twitter:data2\" content=\"2 minutes\" \/>\n<script type=\"application\/ld+json\" class=\"yoast-schema-graph\">{\"@context\":\"https:\/\/schema.org\",\"@graph\":[{\"@type\":\"Article\",\"@id\":\"https:\/\/kapitalis.com\/tunisie\/2017\/11\/16\/la-fondation-biat-celebre-la-semaine-mondiale-de-lentrepreneuriat\/#article\",\"isPartOf\":{\"@id\":\"https:\/\/kapitalis.com\/tunisie\/2017\/11\/16\/la-fondation-biat-celebre-la-semaine-mondiale-de-lentrepreneuriat\/\"},\"author\":{\"name\":\"webmaster kapitalis\",\"@id\":\"https:\/\/kapitalis.com\/tunisie\/#\/schema\/person\/d71f33a9ca44f7bad4698210b480c8e9\"},\"headline\":\"La Fondation Biat c\u00e9l\u00e8bre la Semaine mondiale de l\u2019entrepreneuriat\",\"datePublished\":\"2017-11-16T12:59:41+00:00\",\"mainEntityOfPage\":{\"@id\":\"https:\/\/kapitalis.com\/tunisie\/2017\/11\/16\/la-fondation-biat-celebre-la-semaine-mondiale-de-lentrepreneuriat\/\"},\"wordCount\":451,\"commentCount\":0,\"publisher\":{\"@id\":\"https:\/\/kapitalis.com\/tunisie\/#organization\"},\"image\":{\"@id\":\"https:\/\/kapitalis.com\/tunisie\/2017\/11\/16\/la-fondation-biat-celebre-la-semaine-mondiale-de-lentrepreneuriat\/#primaryimage\"},\"thumbnailUrl\":\"\",\"keywords\":[\"Fondation Biat\"],\"articleSection\":[\"ECONOMIE\",\"Tunisie\"],\"inLanguage\":\"fr-FR\",\"potentialAction\":[{\"@type\":\"CommentAction\",\"name\":\"Comment\",\"target\":[\"https:\/\/kapitalis.com\/tunisie\/2017\/11\/16\/la-fondation-biat-celebre-la-semaine-mondiale-de-lentrepreneuriat\/#respond\"]}]},{\"@type\":\"WebPage\",\"@id\":\"https:\/\/kapitalis.com\/tunisie\/2017\/11\/16\/la-fondation-biat-celebre-la-semaine-mondiale-de-lentrepreneuriat\/\",\"url\":\"https:\/\/kapitalis.com\/tunisie\/2017\/11\/16\/la-fondation-biat-celebre-la-semaine-mondiale-de-lentrepreneuriat\/\",\"name\":\"La Fondation Biat c\u00e9l\u00e8bre la Semaine mondiale de l\u2019entrepreneuriat - Kapitalis\",\"isPartOf\":{\"@id\":\"https:\/\/kapitalis.com\/tunisie\/#website\"},\"primaryImageOfPage\":{\"@id\":\"https:\/\/kapitalis.com\/tunisie\/2017\/11\/16\/la-fondation-biat-celebre-la-semaine-mondiale-de-lentrepreneuriat\/#primaryimage\"},\"image\":{\"@id\":\"https:\/\/kapitalis.com\/tunisie\/2017\/11\/16\/la-fondation-biat-celebre-la-semaine-mondiale-de-lentrepreneuriat\/#primaryimage\"},\"thumbnailUrl\":\"\",\"datePublished\":\"2017-11-16T12:59:41+00:00\",\"breadcrumb\":{\"@id\":\"https:\/\/kapitalis.com\/tunisie\/2017\/11\/16\/la-fondation-biat-celebre-la-semaine-mondiale-de-lentrepreneuriat\/#breadcrumb\"},\"inLanguage\":\"fr-FR\",\"potentialAction\":[{\"@type\":\"ReadAction\",\"target\":[\"https:\/\/kapitalis.com\/tunisie\/2017\/11\/16\/la-fondation-biat-celebre-la-semaine-mondiale-de-lentrepreneuriat\/\"]}]},{\"@type\":\"ImageObject\",\"inLanguage\":\"fr-FR\",\"@id\":\"https:\/\/kapitalis.com\/tunisie\/2017\/11\/16\/la-fondation-biat-celebre-la-semaine-mondiale-de-lentrepreneuriat\/#primaryimage\",\"url\":\"\",\"contentUrl\":\"\"},{\"@type\":\"BreadcrumbList\",\"@id\":\"https:\/\/kapitalis.com\/tunisie\/2017\/11\/16\/la-fondation-biat-celebre-la-semaine-mondiale-de-lentrepreneuriat\/#breadcrumb\",\"itemListElement\":[{\"@type\":\"ListItem\",\"position\":1,\"name\":\"Accueil\",\"item\":\"https:\/\/kapitalis.com\/tunisie\/\"},{\"@type\":\"ListItem\",\"position\":2,\"name\":\"La Fondation Biat c\u00e9l\u00e8bre la Semaine mondiale de l\u2019entrepreneuriat\"}]},{\"@type\":\"WebSite\",\"@id\":\"https:\/\/kapitalis.com\/tunisie\/#website\",\"url\":\"https:\/\/kapitalis.com\/tunisie\/\",\"name\":\"Kapitalis\",\"description\":\"L&#039;actualit\u00e9 en Tunisie et dans le monde\",\"publisher\":{\"@id\":\"https:\/\/kapitalis.com\/tunisie\/#organization\"},\"potentialAction\":[{\"@type\":\"SearchAction\",\"target\":{\"@type\":\"EntryPoint\",\"urlTemplate\":\"https:\/\/kapitalis.com\/tunisie\/?s={search_term_string}\"},\"query-input\":{\"@type\":\"PropertyValueSpecification\",\"valueRequired\":true,\"valueName\":\"search_term_string\"}}],\"inLanguage\":\"fr-FR\"},{\"@type\":\"Organization\",\"@id\":\"https:\/\/kapitalis.com\/tunisie\/#organization\",\"name\":\"Kapitalis\",\"url\":\"https:\/\/kapitalis.com\/tunisie\/\",\"logo\":{\"@type\":\"ImageObject\",\"inLanguage\":\"fr-FR\",\"@id\":\"https:\/\/kapitalis.com\/tunisie\/#\/schema\/logo\/image\/\",\"url\":\"https:\/\/kapitalis.com\/tunisie\/wp-content\/uploads\/2022\/05\/Kapitalis-big-size.png\",\"contentUrl\":\"https:\/\/kapitalis.com\/tunisie\/wp-content\/uploads\/2022\/05\/Kapitalis-big-size.png\",\"width\":5000,\"height\":1500,\"caption\":\"Kapitalis\"},\"image\":{\"@id\":\"https:\/\/kapitalis.com\/tunisie\/#\/schema\/logo\/image\/\"},\"sameAs\":[\"https:\/\/www.facebook.com\/KapitalisInfo\/\",\"https:\/\/x.com\/KapitalisInfo\",\"https:\/\/www.youtube.com\/channel\/UC-yDYrHyfFBWWZaOw3FPg9Q\"]},{\"@type\":\"Person\",\"@id\":\"https:\/\/kapitalis.com\/tunisie\/#\/schema\/person\/d71f33a9ca44f7bad4698210b480c8e9\",\"name\":\"webmaster kapitalis\",\"url\":\"https:\/\/kapitalis.com\/tunisie\/author\/webmaster-kapitalis\/\"}]}<\/script>\n<!-- \/ Yoast SEO plugin. -->","yoast_head_json":{"title":"La Fondation Biat c\u00e9l\u00e8bre la Semaine mondiale de l\u2019entrepreneuriat - Kapitalis","robots":{"index":"index","follow":"follow","max-snippet":"max-snippet:-1","max-image-preview":"max-image-preview:large","max-video-preview":"max-video-preview:-1"},"canonical":"https:\/\/kapitalis.com\/tunisie\/2017\/11\/16\/la-fondation-biat-celebre-la-semaine-mondiale-de-lentrepreneuriat\/","og_locale":"fr_FR","og_type":"article","og_title":"La Fondation Biat c\u00e9l\u00e8bre la Semaine mondiale de l\u2019entrepreneuriat - Kapitalis","og_description":"Plus de 300 jeunes lyc\u00e9ens et \u00e9tudiants constituant la famille de la Fondation Biat ont pris part \u00e0 l\u2019\u00e9v\u00e9nement \u00abSpark_Talk\u00bb, le 15 novembre dernier au si\u00e8ge de la Biat, \u00e0 Tunis.","og_url":"https:\/\/kapitalis.com\/tunisie\/2017\/11\/16\/la-fondation-biat-celebre-la-semaine-mondiale-de-lentrepreneuriat\/","og_site_name":"Kapitalis","article_publisher":"https:\/\/www.facebook.com\/KapitalisInfo\/","article_published_time":"2017-11-16T12:59:41+00:00","og_image":[{"width":1200,"height":630,"url":"https:\/\/kapitalis.com\/tunisie\/wp-content\/uploads\/2022\/05\/kapitalis-logo-fb.png","type":"image\/png"}],"author":"webmaster kapitalis","twitter_card":"summary_large_image","twitter_creator":"@KapitalisInfo","twitter_site":"@KapitalisInfo","twitter_misc":{"\u00c9crit par":"webmaster kapitalis","Dur\u00e9e de lecture estim\u00e9e":"2 minutes"},"schema":{"@context":"https:\/\/schema.org","@graph":[{"@type":"Article","@id":"https:\/\/kapitalis.com\/tunisie\/2017\/11\/16\/la-fondation-biat-celebre-la-semaine-mondiale-de-lentrepreneuriat\/#article","isPartOf":{"@id":"https:\/\/kapitalis.com\/tunisie\/2017\/11\/16\/la-fondation-biat-celebre-la-semaine-mondiale-de-lentrepreneuriat\/"},"author":{"name":"webmaster kapitalis","@id":"https:\/\/kapitalis.com\/tunisie\/#\/schema\/person\/d71f33a9ca44f7bad4698210b480c8e9"},"headline":"La Fondation Biat c\u00e9l\u00e8bre la Semaine mondiale de l\u2019entrepreneuriat","datePublished":"2017-11-16T12:59:41+00:00","mainEntityOfPage":{"@id":"https:\/\/kapitalis.com\/tunisie\/2017\/11\/16\/la-fondation-biat-celebre-la-semaine-mondiale-de-lentrepreneuriat\/"},"wordCount":451,"commentCount":0,"publisher":{"@id":"https:\/\/kapitalis.com\/tunisie\/#organization"},"image":{"@id":"https:\/\/kapitalis.com\/tunisie\/2017\/11\/16\/la-fondation-biat-celebre-la-semaine-mondiale-de-lentrepreneuriat\/#primaryimage"},"thumbnailUrl":"","keywords":["Fondation Biat"],"articleSection":["ECONOMIE","Tunisie"],"inLanguage":"fr-FR","potentialAction":[{"@type":"CommentAction","name":"Comment","target":["https:\/\/kapitalis.com\/tunisie\/2017\/11\/16\/la-fondation-biat-celebre-la-semaine-mondiale-de-lentrepreneuriat\/#respond"]}]},{"@type":"WebPage","@id":"https:\/\/kapitalis.com\/tunisie\/2017\/11\/16\/la-fondation-biat-celebre-la-semaine-mondiale-de-lentrepreneuriat\/","url":"https:\/\/kapitalis.com\/tunisie\/2017\/11\/16\/la-fondation-biat-celebre-la-semaine-mondiale-de-lentrepreneuriat\/","name":"La Fondation Biat c\u00e9l\u00e8bre la Semaine mondiale de l\u2019entrepreneuriat - Kapitalis","isPartOf":{"@id":"https:\/\/kapitalis.com\/tunisie\/#website"},"primaryImageOfPage":{"@id":"https:\/\/kapitalis.com\/tunisie\/2017\/11\/16\/la-fondation-biat-celebre-la-semaine-mondiale-de-lentrepreneuriat\/#primaryimage"},"image":{"@id":"https:\/\/kapitalis.com\/tunisie\/2017\/11\/16\/la-fondation-biat-celebre-la-semaine-mondiale-de-lentrepreneuriat\/#primaryimage"},"thumbnailUrl":"","datePublished":"2017-11-16T12:59:41+00:00","breadcrumb":{"@id":"https:\/\/kapitalis.com\/tunisie\/2017\/11\/16\/la-fondation-biat-celebre-la-semaine-mondiale-de-lentrepreneuriat\/#breadcrumb"},"inLanguage":"fr-FR","potentialAction":[{"@type":"ReadAction","target":["https:\/\/kapitalis.com\/tunisie\/2017\/11\/16\/la-fondation-biat-celebre-la-semaine-mondiale-de-lentrepreneuriat\/"]}]},{"@type":"ImageObject","inLanguage":"fr-FR","@id":"https:\/\/kapitalis.com\/tunisie\/2017\/11\/16\/la-fondation-biat-celebre-la-semaine-mondiale-de-lentrepreneuriat\/#primaryimage","url":"","contentUrl":""},{"@type":"BreadcrumbList","@id":"https:\/\/kapitalis.com\/tunisie\/2017\/11\/16\/la-fondation-biat-celebre-la-semaine-mondiale-de-lentrepreneuriat\/#breadcrumb","itemListElement":[{"@type":"ListItem","position":1,"name":"Accueil","item":"https:\/\/kapitalis.com\/tunisie\/"},{"@type":"ListItem","position":2,"name":"La Fondation Biat c\u00e9l\u00e8bre la Semaine mondiale de l\u2019entrepreneuriat"}]},{"@type":"WebSite","@id":"https:\/\/kapitalis.com\/tunisie\/#website","url":"https:\/\/kapitalis.com\/tunisie\/","name":"Kapitalis","description":"L&#039;actualit\u00e9 en Tunisie et dans le monde","publisher":{"@id":"https:\/\/kapitalis.com\/tunisie\/#organization"},"potentialAction":[{"@type":"SearchAction","target":{"@type":"EntryPoint","urlTemplate":"https:\/\/kapitalis.com\/tunisie\/?s={search_term_string}"},"query-input":{"@type":"PropertyValueSpecification","valueRequired":true,"valueName":"search_term_string"}}],"inLanguage":"fr-FR"},{"@type":"Organization","@id":"https:\/\/kapitalis.com\/tunisie\/#organization","name":"Kapitalis","url":"https:\/\/kapitalis.com\/tunisie\/","logo":{"@type":"ImageObject","inLanguage":"fr-FR","@id":"https:\/\/kapitalis.com\/tunisie\/#\/schema\/logo\/image\/","url":"https:\/\/kapitalis.com\/tunisie\/wp-content\/uploads\/2022\/05\/Kapitalis-big-size.png","contentUrl":"https:\/\/kapitalis.com\/tunisie\/wp-content\/uploads\/2022\/05\/Kapitalis-big-size.png","width":5000,"height":1500,"caption":"Kapitalis"},"image":{"@id":"https:\/\/kapitalis.com\/tunisie\/#\/schema\/logo\/image\/"},"sameAs":["https:\/\/www.facebook.com\/KapitalisInfo\/","https:\/\/x.com\/KapitalisInfo","https:\/\/www.youtube.com\/channel\/UC-yDYrHyfFBWWZaOw3FPg9Q"]},{"@type":"Person","@id":"https:\/\/kapitalis.com\/tunisie\/#\/schema\/person\/d71f33a9ca44f7bad4698210b480c8e9","name":"webmaster kapitalis","url":"https:\/\/kapitalis.com\/tunisie\/author\/webmaster-kapitalis\/"}]}},"_links":{"self":[{"href":"https:\/\/kapitalis.com\/tunisie\/wp-json\/wp\/v2\/posts\/123895","targetHints":{"allow":["GET"]}}],"collection":[{"href":"https:\/\/kapitalis.com\/tunisie\/wp-json\/wp\/v2\/posts"}],"about":[{"href":"https:\/\/kapitalis.com\/tunisie\/wp-json\/wp\/v2\/types\/post"}],"author":[{"embeddable":true,"href":"https:\/\/kapitalis.com\/tunisie\/wp-json\/wp\/v2\/users\/8"}],"replies":[{"embeddable":true,"href":"https:\/\/kapitalis.com\/tunisie\/wp-json\/wp\/v2\/comments?post=123895"}],"version-history":[{"count":0,"href":"https:\/\/kapitalis.com\/tunisie\/wp-json\/wp\/v2\/posts\/123895\/revisions"}],"wp:featuredmedia":[{"embeddable":true,"href":"https:\/\/kapitalis.com\/tunisie\/wp-json\/wp\/v2\/media\/123897"}],"wp:attachment":[{"href":"https:\/\/kapitalis.com\/tunisie\/wp-json\/wp\/v2\/media?parent=123895"}],"wp:term":[{"taxonomy":"category","embeddable":true,"href":"https:\/\/kapitalis.com\/tunisie\/wp-json\/wp\/v2\/categories?post=123895"},{"taxonomy":"post_tag","embeddable":true,"href":"https:\/\/kapitalis.com\/tunisie\/wp-json\/wp\/v2\/tags?post=123895"}],"curies":[{"name":"wp","href":"https:\/\/api.w.org\/{rel}","templated":true}]}}