{"id":12415,"date":"2015-09-04T13:03:15","date_gmt":"2015-09-04T12:03:15","guid":{"rendered":"http:\/\/kapitalis.com\/tunisie\/?p=12415"},"modified":"2015-09-04T13:03:15","modified_gmt":"2015-09-04T12:03:15","slug":"reconciliation-economique-ou-amnistie-des-malfaiteurs","status":"publish","type":"post","link":"https:\/\/kapitalis.com\/tunisie\/2015\/09\/04\/reconciliation-economique-ou-amnistie-des-malfaiteurs\/","title":{"rendered":"R\u00e9conciliation \u00e9conomique ou amnistie des malfaiteurs?"},"content":{"rendered":"<p><img loading=\"lazy\" decoding=\"async\" class=\"alignnone size-full wp-image-12416 aligncenter\" src=\"http:\/\/kapitalis.com\/tunisie\/wp-content\/uploads\/2015\/09\/Evasion-fiscale.jpg\" alt=\"Evasion-fiscale\" width=\"626\" height=\"380\" \/><\/p>\n<p><em><strong>Si la Tunisie commen\u00e7ait par appliquer les lois sur les d\u00e9faillants vis-\u00e0-vis de l\u2019Etat, ses finances publiques afficheraient une bien meilleure sant\u00e9.<\/strong><\/em><\/p>\n<p>Par <strong>Mohamed Chawki Abid<\/strong>*<\/p>\n<p><!--more--><\/p>\n<p><em>\u00abL&rsquo;amnistie est l&rsquo;exp\u00e9dient des gouvernements faibles.\u00bb<\/em> (Herv\u00e9 Bazin).<\/p>\n<p><em>\u00abAmnistie : acte par lequel les souverains pardonnent le plus souvent les injustices qu&rsquo;ils ont commises.\u00bb<\/em> (Pierre V\u00e9ron).<\/p>\n<p>A ces deux fameuses citations, je rajouterais deux commentaires significatifs :<\/p>\n<p>&#8211; Nul n\u2019est cens\u00e9 ignorer la loi, sauf les privil\u00e9gi\u00e9s, qui ont droit \u00e0 la prescription, au sursis et \u00e0 l&rsquo;amnistie.<\/p>\n<p>&#8211; L\u2019amnistie est un \u00e9l\u00e9gant moyen pour le pouvoir d\u2019innocenter ses partenaires et d\u2019incriminer ses adversaires.<\/p>\n<p><strong>Un ballon de diversion <\/strong><\/p>\n<p>Le ballon de diversion lanc\u00e9 par le palais de Carthage a bouscul\u00e9 les plans d\u2019urgence initi\u00e9s par le gouvernement et entrav\u00e9 les chantiers r\u00e9glementaires prioritaires planifi\u00e9s par l\u2019Assembl\u00e9e des repr\u00e9sentants du peuple (ARP).<\/p>\n<p>En outre, il a suscit\u00e9 un d\u00e9bat d\u00e9plaisant entach\u00e9 de subjectivit\u00e9 et de pr\u00e9carit\u00e9, aussi bien sur les m\u00e9dias que sur les r\u00e9seaux sociaux. Certains sages pensent que ce projet est malvenu et risque d\u2019introduire la soci\u00e9t\u00e9 tunisienne dans une impasse similaire \u00e0 celle de l\u2019automne 2013.<\/p>\n<p>Sur le plan \u00e9conomique, certains supporters sont all\u00e9s jusqu\u2019\u00e0 mijoter subtilement une <em>\u00abd\u00e9magogie spectaculaire<\/em>\u00bb bas\u00e9e sur la lecture terrifiante d\u2019un <em>\u00abdiagnostic de crise\u00bb<\/em> pour motiver triomphalement le CHOIX INCONTOURNABLE du projet de loi propos\u00e9 par le pr\u00e9sident de la r\u00e9publique B\u00e9ji Ca\u00efd Essebsi (BCE), ou mettre le Tunisien devant le FAIT ACCOMPLI, sans toutefois pendre la peine d&rsquo;\u00e9laborer une simple \u00e9tude d&rsquo;opportunit\u00e9 ni m\u00eame un plan d\u2019actions pragmatique.<\/p>\n<p>J\u2019aurais souhait\u00e9 que ces \u00e9minents experts s\u2019activent \u00e0 argumenter leur dossier par une \u00e9tude d\u2019impact s\u00e9rieuse de l\u2019amnistie \u00e9conomique et du d\u00e9versement du flux d\u2019argent r\u00e9cup\u00e9r\u00e9, sur, \u00e0 la fois, les fondamentaux de l\u2019\u00e9conomie nationale, les indicateurs des finances publiques ainsi que les attentes populaires pour les dol\u00e9ances sociales.<\/p>\n<p>Ceci me renvoie aux annonces utopiques \u00e9mises par les leaders de Nidaa Tounes lors de la campagne \u00e9lectorale, et je n\u2019oublierai jamais la promesse de <em>\u00abtsunami d&rsquo;argent \u00e9mirati\u00bb<\/em>, promesse dont nous attendions depuis 10 mois un d\u00e9but de concr\u00e9tisation.<\/p>\n<p><strong>D\u2019autres solutions existent<\/strong><\/p>\n<p>Je demeure convaincu que des solutions financi\u00e8res existent et pourraient \u00eatre concr\u00e9tis\u00e9es si l\u2019on parvenait \u00e0 chiffrer les enjeux de toutes les formes de malversation ayant frapp\u00e9 la Tunisie, dont je me limite \u00e0 citer quelques indicateurs auxquels se rapprochent plusieurs estimations effectu\u00e9es par divers organismes:<\/p>\n<p>1) le volume annuel de la fraude fiscale est estim\u00e9 \u00e0 10 milliards TND;<\/p>\n<p>2) l&rsquo;encours des cr\u00e9dits carbonis\u00e9s aupr\u00e8s du syst\u00e8me bancaire avoisine les 13 milliards TND;<\/p>\n<p>3) le cumul des avoirs en devises \u00e9vad\u00e9s \u00e0 l&rsquo;\u00e9tranger est \u00e9valu\u00e9 \u00e0 40 milliards TND.<\/p>\n<p>Alors, pourquoi le gouvernement r\u00e8gne-t-il sans gouverner?<\/p>\n<p>S\u2019il commen\u00e7ait par appliquer les lois en vigueur sur les d\u00e9faillants vis-\u00e0-vis de l\u2019Etat (\u00e9vasion fiscale, fraude douani\u00e8re, mise en difficult\u00e9 frauduleuse, infraction \u00e0 la r\u00e9glementation de change, corruption&#8230;), les finances publiques afficheraient une meilleure sant\u00e9 et les \u00e9quilibres ext\u00e9rieurs conna\u00eetraient une meilleure situation.<\/p>\n<p>Sur le plan juridique, il est important de souligner que, dans son article premier, le projet de loi propose de gommer les malversations du pass\u00e9 sans garantir la non-r\u00e9cidive dans l&rsquo;avenir. Ainsi, le citoyen honn\u00eate et respectueux de l\u2019Etat se trouve toujours l\u00e9s\u00e9 vis-\u00e0-vis de son compatriote d\u00e9faillant qui se fait syst\u00e9matiquement amnistier.<\/p>\n<p>L\u2019histoire r\u00e9v\u00e8le que le pays a fait l\u2019objet de moult amnisties de toutes sortes, auxquelles n\u2019ont profit\u00e9 que les contrevenants et les bandits hors-la-loi, le citoyen disciplin\u00e9 s\u2019\u00e9tant trouv\u00e9 d\u00e9loyalement sanctionn\u00e9 et l\u2019Etat n\u2019ayant ramass\u00e9 que des miettes.<\/p>\n<p>C&rsquo;est malheureusement une r\u00e9manence d\u00e9plaisante en Tunisie, et tant que cela ne change r\u00e9ellement pas, aucun d\u00e9veloppement durable n&rsquo;est plausible et le risque de retournement de manivelle est possible.<\/p>\n<p>Alors, pourquoi le gouvernement r\u00e8gne-t-il sans gouverner?<\/p>\n<p>S\u2019il s\u2019engageait \u00e0 r\u00e9former les appareils de d\u2019Etat, l\u2019Autorit\u00e9 et le Prestige de l\u2019Etat seraient recouvr\u00e9s.<\/p>\n<p>Il va falloir donc commencer par les pr\u00e9alables, notamment l\u2019entreprise des r\u00e9formes requises: administrative, judiciaire, fiscale, douani\u00e8re, r\u00e9glementation de change, et autres, avant d\u2019identifier une initiative de r\u00e9conciliation efficace.<\/p>\n<p>Aussi, ne serait-il pas rationnel du surseoir au projet jusqu\u2019\u00e0 bien garantir ses pr\u00e9alables?<\/p>\n<p><em>* Ing\u00e9nieur \u00e9conomiste.<\/em><\/p>\n","protected":false},"excerpt":{"rendered":"<p>Si la Tunisie commen\u00e7ait par appliquer les lois sur les d\u00e9faillants vis-\u00e0-vis de l\u2019Etat, ses finances publiques afficheraient une bien meilleure sant\u00e9. Par Mohamed Chawki Abid*<\/p>\n","protected":false},"author":8,"featured_media":12416,"comment_status":"open","ping_status":"open","sticky":false,"template":"","format":"standard","meta":{"footnotes":""},"categories":[992,1000,2433],"tags":[4083,1157,2385,4862],"class_list":["post-12415","post","type-post","status-publish","format-standard","has-post-thumbnail","hentry","category-a-la-une","category-tribune","category-tunisie","tag-amnistie","tag-evasion-fiscale","tag-finances-publiques","tag-reconciliation-economique"],"yoast_head":"<!-- This site is optimized with the Yoast SEO plugin v26.6 - https:\/\/yoast.com\/wordpress\/plugins\/seo\/ -->\n<title>R\u00e9conciliation \u00e9conomique ou amnistie des malfaiteurs? - Kapitalis<\/title>\n<meta name=\"robots\" content=\"index, follow, max-snippet:-1, max-image-preview:large, max-video-preview:-1\" \/>\n<link rel=\"canonical\" href=\"https:\/\/kapitalis.com\/tunisie\/2015\/09\/04\/reconciliation-economique-ou-amnistie-des-malfaiteurs\/\" \/>\n<meta property=\"og:locale\" content=\"fr_FR\" \/>\n<meta property=\"og:type\" content=\"article\" \/>\n<meta property=\"og:title\" content=\"R\u00e9conciliation \u00e9conomique ou amnistie des malfaiteurs? - Kapitalis\" \/>\n<meta property=\"og:description\" content=\"Si la Tunisie commen\u00e7ait par appliquer les lois sur les d\u00e9faillants vis-\u00e0-vis de l\u2019Etat, ses finances publiques afficheraient une bien meilleure sant\u00e9. Par Mohamed Chawki Abid*\" \/>\n<meta property=\"og:url\" content=\"https:\/\/kapitalis.com\/tunisie\/2015\/09\/04\/reconciliation-economique-ou-amnistie-des-malfaiteurs\/\" \/>\n<meta property=\"og:site_name\" content=\"Kapitalis\" \/>\n<meta property=\"article:publisher\" content=\"https:\/\/www.facebook.com\/KapitalisInfo\/\" \/>\n<meta property=\"article:published_time\" content=\"2015-09-04T12:03:15+00:00\" \/>\n<meta property=\"og:image\" content=\"https:\/\/kapitalis.com\/tunisie\/wp-content\/uploads\/2022\/05\/kapitalis-logo-fb.png\" \/>\n\t<meta property=\"og:image:width\" content=\"1200\" \/>\n\t<meta property=\"og:image:height\" content=\"630\" \/>\n\t<meta property=\"og:image:type\" content=\"image\/png\" \/>\n<meta name=\"author\" content=\"webmaster kapitalis\" \/>\n<meta name=\"twitter:card\" content=\"summary_large_image\" \/>\n<meta name=\"twitter:creator\" content=\"@KapitalisInfo\" \/>\n<meta name=\"twitter:site\" content=\"@KapitalisInfo\" \/>\n<meta name=\"twitter:label1\" content=\"\u00c9crit par\" \/>\n\t<meta name=\"twitter:data1\" content=\"webmaster kapitalis\" \/>\n\t<meta name=\"twitter:label2\" content=\"Dur\u00e9e de lecture estim\u00e9e\" \/>\n\t<meta name=\"twitter:data2\" content=\"4 minutes\" \/>\n<script type=\"application\/ld+json\" class=\"yoast-schema-graph\">{\"@context\":\"https:\/\/schema.org\",\"@graph\":[{\"@type\":\"Article\",\"@id\":\"https:\/\/kapitalis.com\/tunisie\/2015\/09\/04\/reconciliation-economique-ou-amnistie-des-malfaiteurs\/#article\",\"isPartOf\":{\"@id\":\"https:\/\/kapitalis.com\/tunisie\/2015\/09\/04\/reconciliation-economique-ou-amnistie-des-malfaiteurs\/\"},\"author\":{\"name\":\"webmaster kapitalis\",\"@id\":\"https:\/\/kapitalis.com\/tunisie\/#\/schema\/person\/d71f33a9ca44f7bad4698210b480c8e9\"},\"headline\":\"R\u00e9conciliation \u00e9conomique ou amnistie des malfaiteurs?\",\"datePublished\":\"2015-09-04T12:03:15+00:00\",\"mainEntityOfPage\":{\"@id\":\"https:\/\/kapitalis.com\/tunisie\/2015\/09\/04\/reconciliation-economique-ou-amnistie-des-malfaiteurs\/\"},\"wordCount\":769,\"commentCount\":5,\"publisher\":{\"@id\":\"https:\/\/kapitalis.com\/tunisie\/#organization\"},\"image\":{\"@id\":\"https:\/\/kapitalis.com\/tunisie\/2015\/09\/04\/reconciliation-economique-ou-amnistie-des-malfaiteurs\/#primaryimage\"},\"thumbnailUrl\":\"\",\"keywords\":[\"amnistie\",\"\u00e9vasion fiscale\",\"finances publiques\",\"r\u00e9conciliation \u00e9conomique\"],\"articleSection\":[\"A LA UNE\",\"TRIBUNE\",\"Tunisie\"],\"inLanguage\":\"fr-FR\",\"potentialAction\":[{\"@type\":\"CommentAction\",\"name\":\"Comment\",\"target\":[\"https:\/\/kapitalis.com\/tunisie\/2015\/09\/04\/reconciliation-economique-ou-amnistie-des-malfaiteurs\/#respond\"]}]},{\"@type\":\"WebPage\",\"@id\":\"https:\/\/kapitalis.com\/tunisie\/2015\/09\/04\/reconciliation-economique-ou-amnistie-des-malfaiteurs\/\",\"url\":\"https:\/\/kapitalis.com\/tunisie\/2015\/09\/04\/reconciliation-economique-ou-amnistie-des-malfaiteurs\/\",\"name\":\"R\u00e9conciliation \u00e9conomique ou amnistie des malfaiteurs? - Kapitalis\",\"isPartOf\":{\"@id\":\"https:\/\/kapitalis.com\/tunisie\/#website\"},\"primaryImageOfPage\":{\"@id\":\"https:\/\/kapitalis.com\/tunisie\/2015\/09\/04\/reconciliation-economique-ou-amnistie-des-malfaiteurs\/#primaryimage\"},\"image\":{\"@id\":\"https:\/\/kapitalis.com\/tunisie\/2015\/09\/04\/reconciliation-economique-ou-amnistie-des-malfaiteurs\/#primaryimage\"},\"thumbnailUrl\":\"\",\"datePublished\":\"2015-09-04T12:03:15+00:00\",\"breadcrumb\":{\"@id\":\"https:\/\/kapitalis.com\/tunisie\/2015\/09\/04\/reconciliation-economique-ou-amnistie-des-malfaiteurs\/#breadcrumb\"},\"inLanguage\":\"fr-FR\",\"potentialAction\":[{\"@type\":\"ReadAction\",\"target\":[\"https:\/\/kapitalis.com\/tunisie\/2015\/09\/04\/reconciliation-economique-ou-amnistie-des-malfaiteurs\/\"]}]},{\"@type\":\"ImageObject\",\"inLanguage\":\"fr-FR\",\"@id\":\"https:\/\/kapitalis.com\/tunisie\/2015\/09\/04\/reconciliation-economique-ou-amnistie-des-malfaiteurs\/#primaryimage\",\"url\":\"\",\"contentUrl\":\"\"},{\"@type\":\"BreadcrumbList\",\"@id\":\"https:\/\/kapitalis.com\/tunisie\/2015\/09\/04\/reconciliation-economique-ou-amnistie-des-malfaiteurs\/#breadcrumb\",\"itemListElement\":[{\"@type\":\"ListItem\",\"position\":1,\"name\":\"Accueil\",\"item\":\"https:\/\/kapitalis.com\/tunisie\/\"},{\"@type\":\"ListItem\",\"position\":2,\"name\":\"R\u00e9conciliation \u00e9conomique ou amnistie des malfaiteurs?\"}]},{\"@type\":\"WebSite\",\"@id\":\"https:\/\/kapitalis.com\/tunisie\/#website\",\"url\":\"https:\/\/kapitalis.com\/tunisie\/\",\"name\":\"Kapitalis\",\"description\":\"L&#039;actualit\u00e9 en Tunisie et dans le monde\",\"publisher\":{\"@id\":\"https:\/\/kapitalis.com\/tunisie\/#organization\"},\"potentialAction\":[{\"@type\":\"SearchAction\",\"target\":{\"@type\":\"EntryPoint\",\"urlTemplate\":\"https:\/\/kapitalis.com\/tunisie\/?s={search_term_string}\"},\"query-input\":{\"@type\":\"PropertyValueSpecification\",\"valueRequired\":true,\"valueName\":\"search_term_string\"}}],\"inLanguage\":\"fr-FR\"},{\"@type\":\"Organization\",\"@id\":\"https:\/\/kapitalis.com\/tunisie\/#organization\",\"name\":\"Kapitalis\",\"url\":\"https:\/\/kapitalis.com\/tunisie\/\",\"logo\":{\"@type\":\"ImageObject\",\"inLanguage\":\"fr-FR\",\"@id\":\"https:\/\/kapitalis.com\/tunisie\/#\/schema\/logo\/image\/\",\"url\":\"https:\/\/kapitalis.com\/tunisie\/wp-content\/uploads\/2022\/05\/Kapitalis-big-size.png\",\"contentUrl\":\"https:\/\/kapitalis.com\/tunisie\/wp-content\/uploads\/2022\/05\/Kapitalis-big-size.png\",\"width\":5000,\"height\":1500,\"caption\":\"Kapitalis\"},\"image\":{\"@id\":\"https:\/\/kapitalis.com\/tunisie\/#\/schema\/logo\/image\/\"},\"sameAs\":[\"https:\/\/www.facebook.com\/KapitalisInfo\/\",\"https:\/\/x.com\/KapitalisInfo\",\"https:\/\/www.youtube.com\/channel\/UC-yDYrHyfFBWWZaOw3FPg9Q\"]},{\"@type\":\"Person\",\"@id\":\"https:\/\/kapitalis.com\/tunisie\/#\/schema\/person\/d71f33a9ca44f7bad4698210b480c8e9\",\"name\":\"webmaster kapitalis\",\"url\":\"https:\/\/kapitalis.com\/tunisie\/author\/webmaster-kapitalis\/\"}]}<\/script>\n<!-- \/ Yoast SEO plugin. -->","yoast_head_json":{"title":"R\u00e9conciliation \u00e9conomique ou amnistie des malfaiteurs? - Kapitalis","robots":{"index":"index","follow":"follow","max-snippet":"max-snippet:-1","max-image-preview":"max-image-preview:large","max-video-preview":"max-video-preview:-1"},"canonical":"https:\/\/kapitalis.com\/tunisie\/2015\/09\/04\/reconciliation-economique-ou-amnistie-des-malfaiteurs\/","og_locale":"fr_FR","og_type":"article","og_title":"R\u00e9conciliation \u00e9conomique ou amnistie des malfaiteurs? - Kapitalis","og_description":"Si la Tunisie commen\u00e7ait par appliquer les lois sur les d\u00e9faillants vis-\u00e0-vis de l\u2019Etat, ses finances publiques afficheraient une bien meilleure sant\u00e9. Par Mohamed Chawki Abid*","og_url":"https:\/\/kapitalis.com\/tunisie\/2015\/09\/04\/reconciliation-economique-ou-amnistie-des-malfaiteurs\/","og_site_name":"Kapitalis","article_publisher":"https:\/\/www.facebook.com\/KapitalisInfo\/","article_published_time":"2015-09-04T12:03:15+00:00","og_image":[{"width":1200,"height":630,"url":"https:\/\/kapitalis.com\/tunisie\/wp-content\/uploads\/2022\/05\/kapitalis-logo-fb.png","type":"image\/png"}],"author":"webmaster kapitalis","twitter_card":"summary_large_image","twitter_creator":"@KapitalisInfo","twitter_site":"@KapitalisInfo","twitter_misc":{"\u00c9crit par":"webmaster kapitalis","Dur\u00e9e de lecture estim\u00e9e":"4 minutes"},"schema":{"@context":"https:\/\/schema.org","@graph":[{"@type":"Article","@id":"https:\/\/kapitalis.com\/tunisie\/2015\/09\/04\/reconciliation-economique-ou-amnistie-des-malfaiteurs\/#article","isPartOf":{"@id":"https:\/\/kapitalis.com\/tunisie\/2015\/09\/04\/reconciliation-economique-ou-amnistie-des-malfaiteurs\/"},"author":{"name":"webmaster kapitalis","@id":"https:\/\/kapitalis.com\/tunisie\/#\/schema\/person\/d71f33a9ca44f7bad4698210b480c8e9"},"headline":"R\u00e9conciliation \u00e9conomique ou amnistie des malfaiteurs?","datePublished":"2015-09-04T12:03:15+00:00","mainEntityOfPage":{"@id":"https:\/\/kapitalis.com\/tunisie\/2015\/09\/04\/reconciliation-economique-ou-amnistie-des-malfaiteurs\/"},"wordCount":769,"commentCount":5,"publisher":{"@id":"https:\/\/kapitalis.com\/tunisie\/#organization"},"image":{"@id":"https:\/\/kapitalis.com\/tunisie\/2015\/09\/04\/reconciliation-economique-ou-amnistie-des-malfaiteurs\/#primaryimage"},"thumbnailUrl":"","keywords":["amnistie","\u00e9vasion fiscale","finances publiques","r\u00e9conciliation \u00e9conomique"],"articleSection":["A LA UNE","TRIBUNE","Tunisie"],"inLanguage":"fr-FR","potentialAction":[{"@type":"CommentAction","name":"Comment","target":["https:\/\/kapitalis.com\/tunisie\/2015\/09\/04\/reconciliation-economique-ou-amnistie-des-malfaiteurs\/#respond"]}]},{"@type":"WebPage","@id":"https:\/\/kapitalis.com\/tunisie\/2015\/09\/04\/reconciliation-economique-ou-amnistie-des-malfaiteurs\/","url":"https:\/\/kapitalis.com\/tunisie\/2015\/09\/04\/reconciliation-economique-ou-amnistie-des-malfaiteurs\/","name":"R\u00e9conciliation \u00e9conomique ou amnistie des malfaiteurs? - Kapitalis","isPartOf":{"@id":"https:\/\/kapitalis.com\/tunisie\/#website"},"primaryImageOfPage":{"@id":"https:\/\/kapitalis.com\/tunisie\/2015\/09\/04\/reconciliation-economique-ou-amnistie-des-malfaiteurs\/#primaryimage"},"image":{"@id":"https:\/\/kapitalis.com\/tunisie\/2015\/09\/04\/reconciliation-economique-ou-amnistie-des-malfaiteurs\/#primaryimage"},"thumbnailUrl":"","datePublished":"2015-09-04T12:03:15+00:00","breadcrumb":{"@id":"https:\/\/kapitalis.com\/tunisie\/2015\/09\/04\/reconciliation-economique-ou-amnistie-des-malfaiteurs\/#breadcrumb"},"inLanguage":"fr-FR","potentialAction":[{"@type":"ReadAction","target":["https:\/\/kapitalis.com\/tunisie\/2015\/09\/04\/reconciliation-economique-ou-amnistie-des-malfaiteurs\/"]}]},{"@type":"ImageObject","inLanguage":"fr-FR","@id":"https:\/\/kapitalis.com\/tunisie\/2015\/09\/04\/reconciliation-economique-ou-amnistie-des-malfaiteurs\/#primaryimage","url":"","contentUrl":""},{"@type":"BreadcrumbList","@id":"https:\/\/kapitalis.com\/tunisie\/2015\/09\/04\/reconciliation-economique-ou-amnistie-des-malfaiteurs\/#breadcrumb","itemListElement":[{"@type":"ListItem","position":1,"name":"Accueil","item":"https:\/\/kapitalis.com\/tunisie\/"},{"@type":"ListItem","position":2,"name":"R\u00e9conciliation \u00e9conomique ou amnistie des malfaiteurs?"}]},{"@type":"WebSite","@id":"https:\/\/kapitalis.com\/tunisie\/#website","url":"https:\/\/kapitalis.com\/tunisie\/","name":"Kapitalis","description":"L&#039;actualit\u00e9 en Tunisie et dans le monde","publisher":{"@id":"https:\/\/kapitalis.com\/tunisie\/#organization"},"potentialAction":[{"@type":"SearchAction","target":{"@type":"EntryPoint","urlTemplate":"https:\/\/kapitalis.com\/tunisie\/?s={search_term_string}"},"query-input":{"@type":"PropertyValueSpecification","valueRequired":true,"valueName":"search_term_string"}}],"inLanguage":"fr-FR"},{"@type":"Organization","@id":"https:\/\/kapitalis.com\/tunisie\/#organization","name":"Kapitalis","url":"https:\/\/kapitalis.com\/tunisie\/","logo":{"@type":"ImageObject","inLanguage":"fr-FR","@id":"https:\/\/kapitalis.com\/tunisie\/#\/schema\/logo\/image\/","url":"https:\/\/kapitalis.com\/tunisie\/wp-content\/uploads\/2022\/05\/Kapitalis-big-size.png","contentUrl":"https:\/\/kapitalis.com\/tunisie\/wp-content\/uploads\/2022\/05\/Kapitalis-big-size.png","width":5000,"height":1500,"caption":"Kapitalis"},"image":{"@id":"https:\/\/kapitalis.com\/tunisie\/#\/schema\/logo\/image\/"},"sameAs":["https:\/\/www.facebook.com\/KapitalisInfo\/","https:\/\/x.com\/KapitalisInfo","https:\/\/www.youtube.com\/channel\/UC-yDYrHyfFBWWZaOw3FPg9Q"]},{"@type":"Person","@id":"https:\/\/kapitalis.com\/tunisie\/#\/schema\/person\/d71f33a9ca44f7bad4698210b480c8e9","name":"webmaster kapitalis","url":"https:\/\/kapitalis.com\/tunisie\/author\/webmaster-kapitalis\/"}]}},"_links":{"self":[{"href":"https:\/\/kapitalis.com\/tunisie\/wp-json\/wp\/v2\/posts\/12415","targetHints":{"allow":["GET"]}}],"collection":[{"href":"https:\/\/kapitalis.com\/tunisie\/wp-json\/wp\/v2\/posts"}],"about":[{"href":"https:\/\/kapitalis.com\/tunisie\/wp-json\/wp\/v2\/types\/post"}],"author":[{"embeddable":true,"href":"https:\/\/kapitalis.com\/tunisie\/wp-json\/wp\/v2\/users\/8"}],"replies":[{"embeddable":true,"href":"https:\/\/kapitalis.com\/tunisie\/wp-json\/wp\/v2\/comments?post=12415"}],"version-history":[{"count":0,"href":"https:\/\/kapitalis.com\/tunisie\/wp-json\/wp\/v2\/posts\/12415\/revisions"}],"wp:featuredmedia":[{"embeddable":true,"href":"https:\/\/kapitalis.com\/tunisie\/wp-json\/wp\/v2\/media\/12416"}],"wp:attachment":[{"href":"https:\/\/kapitalis.com\/tunisie\/wp-json\/wp\/v2\/media?parent=12415"}],"wp:term":[{"taxonomy":"category","embeddable":true,"href":"https:\/\/kapitalis.com\/tunisie\/wp-json\/wp\/v2\/categories?post=12415"},{"taxonomy":"post_tag","embeddable":true,"href":"https:\/\/kapitalis.com\/tunisie\/wp-json\/wp\/v2\/tags?post=12415"}],"curies":[{"name":"wp","href":"https:\/\/api.w.org\/{rel}","templated":true}]}}