{"id":12435237,"date":"2024-04-11T08:04:10","date_gmt":"2024-04-11T07:04:10","guid":{"rendered":"https:\/\/kapitalis.com\/tunisie\/?p=12435237"},"modified":"2024-04-11T08:09:47","modified_gmt":"2024-04-11T07:09:47","slug":"en-lice-pour-le-prix-comar-saber-mansouri-et-lillusion-francaise","status":"publish","type":"post","link":"https:\/\/kapitalis.com\/tunisie\/2024\/04\/11\/en-lice-pour-le-prix-comar-saber-mansouri-et-lillusion-francaise\/","title":{"rendered":"En lice pour le Prix Comar\u00a0: Saber Mansouri et l&rsquo;illusion fran\u00e7aise"},"content":{"rendered":"\n<p><strong><em>Dans son quatri\u00e8me roman \u2018\u2018Paris est une dette\u2019\u2019 (\u00e9d. Elyzad, Tunis 2024, 208 pages), Saber Mansouri puise dans son propre v\u00e9cu pour raconter les tribulations d\u2019un \u00e9tudiant tunisien dans une \u00abville qui n\u2019estime pas ceux et celles qui la d\u00e9sirent\u00bb.<\/em><\/strong><\/p>\n\n\n\n<p>Par <strong>Latif Belhedi<\/strong><\/p>\n\n\n\n<!--more-->\n\n\n\n<p>Le titre paraphrase celui du c\u00e9l\u00e8bre roman <em>\u2018\u2018Paris est une f\u00eate\u2019\u2019<\/em> o\u00f9 Ernest Hemingway raconte son s\u00e9jour, dans les ann\u00e9es 1920, dans la capitale fran\u00e7aise o\u00f9 il v\u00e9cut, disait-il, <em>\u00abpauvre mais heureux\u00bb<\/em>.<\/p>\n\n\n\n<p>Ce n\u2019est pas le cas du narrateur de <em>\u2018\u2018Paris est une dette\u2019\u2019<\/em>, le jeune tunisien Nader, d\u00e9barqu\u00e9 de sa Montagne Blanche dans le Paris d\u2019aujourd\u2019hui pour soutenir une th\u00e8se de doctorat \u00e0 la Sorbonne sur le verbe et la pi\u00e9t\u00e9 chez Bossuet et qui, pour pouvoir s\u2019inscrire \u00e0 l\u2019universit\u00e9\u00a0 et avoir une carte de s\u00e9jour au pays de Bossuet a besoin d\u2019une lettre d\u2019accueil sign\u00e9e par, Alphonse de Bont\u00e9, son directeur de th\u00e8se, document qui lui permettra d\u2019obtenir un visa d\u2019\u00e9tudes <em>\u00abperle rare par les temps qui courent et cette atmosph\u00e8re qui sent le renferm\u00e9, la moisissure et la d\u00e9cadence de la France\u00bb<\/em>, lui dit-il, lors de leur premi\u00e8re rencontre. Et parce que <em>\u00abl\u2019universit\u00e9 ne vous donnera jamais une bourse d\u2019\u00e9tudes pour un sujet pareil\u00bb<\/em>, il lui conseille de choisir un autre sujet, puis lui propose tout de go de l\u2019\u00e9pauler pour traduire\u00a0 de l\u2019arabe les \u2018\u2018<em>Epitres des Fr\u00e8res de la puret\u00e9<\/em>\u2019\u2019 dans la perspective d\u2019une publication dans une prestigieuse collection. <em>\u00abEn plus de la traduction qui est bien pay\u00e9e, vous aurez vingt-cinq pour cent de ce que je toucherai\u00bb<\/em>, lui lance-t-il. C\u2019est la condition pour l\u2019inscrire en th\u00e8se et lui donner les attestations n\u00e9cessaires pour les papiers, \u00e0 commencer par la carte d\u2019\u00e9tudiant. Il n\u2019y a donc plus de choix possible. C&rsquo;est \u00e0 prendre ou \u00e0 laisser\u2026<\/p>\n\n\n\n<h2 class=\"wp-block-heading\">Le boucher des illusions<\/h2>\n\n\n\n<p><em>\u00abA Paris, l\u2019abandon est une guillotine qui t\u2019an\u00e9antit, il faut faire comme les anciens Chinois, dire oui, jamais non, savoir composer avec l\u2019adversit\u00e9 tout en douceur, bien entendu\u00bb<\/em>, lui dira Hafid, le Marocain, l\u2019un des deux veilleurs de nuit \u00e0 l\u2019h\u00f4tel (le second est Tunisien) o\u00f9 il a pass\u00e9 les sept premi\u00e8res nuit\u00e9es apr\u00e8s son arriv\u00e9e \u00e0 Paris, et qui garde l\u2019h\u00f4tel la nuit et \u00e9crit sa th\u00e8se la journ\u00e9e. <em>\u00abAu fond<\/em>, ajoute-t-il<em>, je suis un ingrat, un homme perdu, s\u00e9duit par le verbe et l\u2019illusion fran\u00e7aise? La peine est mon salaire pour survivre dans cette ville hostile, une capitale qui a ce pouvoir inou\u00ef de te faire oublier ton \u00e2me et l\u2019endroit d\u2019o\u00f9 tu viens\u00bb.<\/em><\/p>\n\n\n\n<p>Ce sera aussi, on l\u2019a compris, le destin de Nader qui multipliera les petits boulots dans les h\u00f4tels pour survivre et boire le verre de la d\u00e9sillusion jusqu\u2019\u00e0 la lie. Il travaillera dans un h\u00f4tel, un restaurant et une boucherie, m\u00e9tier qu\u2019il avait exerc\u00e9 au pays aux c\u00f4t\u00e9s de son p\u00e8re.<\/p>\n\n\n\n<p><em>&nbsp;\u00abParis est la demeure de la d\u00e9sillusion, pensai-je, c\u2019est une ville qui n\u2019estime pas celles et ceux qui la d\u00e9sirent\u00bb<\/em>, dira le narrateur vers la fin de ce qui est v\u00e9cu comme une descente en enfer. Alors que les mots de Yahya, le gardien de nuit des \u00e9choppes de la Montagne blanche, d\u2019o\u00f9 il \u00e9tait venu, le mettant en garde, \u00e0 la veille de son d\u00e9part vers la France, r\u00e9sonnent encore dans son esprit&nbsp;: <em>\u00abNe jamais perdre de vue la r\u00e9alit\u00e9, mon enfant; n\u2019oublie pas d\u2019o\u00f9 tu viens, n\u2019invente pas un destin qui n\u2019est pas le tien, ne te mens pas \u00e0 toi-m\u00eame, \u00e9vite de devenir un illusionniste sans pouvoir magique, un ambitieux sans le sou\u00bb<\/em>. Et ce sont exactement les pi\u00e8ges o\u00f9 il s\u2019est laiss\u00e9 tomber. Il se souviendra longtemps de ce qu\u2019un policier a lanc\u00e9 \u00e0 son coll\u00e8gue, en feuilletant son passeport \u00e0 son arriv\u00e9e \u00e0 l\u2019a\u00e9roport Roissy-Charles-De Gaulle&nbsp;: <em>\u00abCes jeunes sont fous, ils quittent leur pays pour faire des \u00e9tudes et finissent par devenir livreurs Uber Eats ou veilleur de nuit dans des h\u00f4tels miteux\u00bb<\/em>.<\/p>\n\n\n\n<h2 class=\"wp-block-heading\">Le sac de la Parisienne<\/h2>\n\n\n\n<p><em>\u2018\u2018Paris est une dette\u2019\u2019<\/em> se lit d\u2019une seule traite. L\u2019humour aidant, souvent corrosif, on appr\u00e9cie les analyses socioculturelles dont le narrateur enrichit son r\u00e9cit\u00a0: le contact entre l\u2019Arabe et l\u2019Europ\u00e9en, Fran\u00e7ais de surcro\u00eet, n\u2019est pas exempt de malentendus, de sous-entendus, et m\u00eame de partis-pris, le racisme implicite, sous-jacent et non moins perfide, n\u2019est jamais loin, comme dans la sc\u00e8ne de la Parisienne, dans un bistrot, qui fait tout un m\u00e9nage pour essayer de mettre son sac \u00e0 main hors de port\u00e9e de l\u2019Arabe assis dans la table \u00e0 c\u00f4t\u00e9. Des pages succulentes qui font \u00e0 la fois rire et pleurer.<\/p>\n\n\n\n<p>N\u00e9 en 1971 en Tunisie, disciple de Pierre Vidal-Naquet, hell\u00e9niste et arabisant, Saber Mansouri enseigne actuellement \u00e0 l\u2019\u00c9cole pratique des hautes \u00e9tudes. Il est le fondateur de la collection <em>\u201cMaktaba-Biblioth\u00e8que\u201d <\/em>chez Fayard en 2003, destin\u00e9e \u00e0 faire conna\u00eetre des textes in\u00e9dits de la culture arabo-musulmane. Il a \u00e9galement publi\u00e9 divers articles dans des revues sp\u00e9cialis\u00e9es.<\/p>\n","protected":false},"excerpt":{"rendered":"<p>Saber Mansouri puise dans son propre v\u00e9cu pour raconter les tribulations d\u2019un \u00e9tudiant tunisien dans un Paris des illusions perdues. <\/p>\n","protected":false},"author":8,"featured_media":12435255,"comment_status":"open","ping_status":"open","sticky":false,"template":"","format":"standard","meta":{"footnotes":""},"categories":[992,994,2433],"tags":[3537,1364,89674,62643],"class_list":["post-12435237","post","type-post","status-publish","format-standard","has-post-thumbnail","hentry","category-a-la-une","category-culture","category-tunisie","tag-comar","tag-paris","tag-saber-mansouri","tag-tunisie"],"yoast_head":"<!-- This site is optimized with the Yoast SEO plugin v26.6 - https:\/\/yoast.com\/wordpress\/plugins\/seo\/ -->\n<title>En lice pour le Prix Comar\u00a0: Saber Mansouri et l&#039;illusion fran\u00e7aise - Kapitalis<\/title>\n<meta name=\"robots\" content=\"index, follow, max-snippet:-1, max-image-preview:large, max-video-preview:-1\" \/>\n<link rel=\"canonical\" href=\"https:\/\/kapitalis.com\/tunisie\/2024\/04\/11\/en-lice-pour-le-prix-comar-saber-mansouri-et-lillusion-francaise\/\" \/>\n<meta property=\"og:locale\" content=\"fr_FR\" \/>\n<meta property=\"og:type\" content=\"article\" \/>\n<meta property=\"og:title\" content=\"En lice pour le Prix Comar\u00a0: Saber Mansouri et l&#039;illusion fran\u00e7aise - Kapitalis\" \/>\n<meta property=\"og:description\" content=\"Saber Mansouri puise dans son propre v\u00e9cu pour raconter les tribulations d\u2019un \u00e9tudiant tunisien dans un Paris des illusions perdues.\" \/>\n<meta property=\"og:url\" content=\"https:\/\/kapitalis.com\/tunisie\/2024\/04\/11\/en-lice-pour-le-prix-comar-saber-mansouri-et-lillusion-francaise\/\" \/>\n<meta property=\"og:site_name\" content=\"Kapitalis\" \/>\n<meta property=\"article:publisher\" content=\"https:\/\/www.facebook.com\/KapitalisInfo\/\" \/>\n<meta property=\"article:published_time\" content=\"2024-04-11T07:04:10+00:00\" \/>\n<meta property=\"article:modified_time\" content=\"2024-04-11T07:09:47+00:00\" \/>\n<meta property=\"og:image\" content=\"https:\/\/kapitalis.com\/tunisie\/wp-content\/uploads\/2024\/04\/Saber-Mansouri.jpg\" \/>\n\t<meta property=\"og:image:width\" content=\"1200\" \/>\n\t<meta property=\"og:image:height\" content=\"630\" \/>\n\t<meta property=\"og:image:type\" content=\"image\/jpeg\" \/>\n<meta name=\"author\" content=\"webmaster kapitalis\" \/>\n<meta name=\"twitter:card\" content=\"summary_large_image\" \/>\n<meta name=\"twitter:creator\" content=\"@KapitalisInfo\" \/>\n<meta name=\"twitter:site\" content=\"@KapitalisInfo\" \/>\n<meta name=\"twitter:label1\" content=\"\u00c9crit par\" \/>\n\t<meta name=\"twitter:data1\" content=\"webmaster kapitalis\" \/>\n\t<meta name=\"twitter:label2\" content=\"Dur\u00e9e de lecture estim\u00e9e\" \/>\n\t<meta name=\"twitter:data2\" content=\"5 minutes\" \/>\n<script type=\"application\/ld+json\" class=\"yoast-schema-graph\">{\"@context\":\"https:\/\/schema.org\",\"@graph\":[{\"@type\":\"Article\",\"@id\":\"https:\/\/kapitalis.com\/tunisie\/2024\/04\/11\/en-lice-pour-le-prix-comar-saber-mansouri-et-lillusion-francaise\/#article\",\"isPartOf\":{\"@id\":\"https:\/\/kapitalis.com\/tunisie\/2024\/04\/11\/en-lice-pour-le-prix-comar-saber-mansouri-et-lillusion-francaise\/\"},\"author\":{\"name\":\"webmaster kapitalis\",\"@id\":\"https:\/\/kapitalis.com\/tunisie\/#\/schema\/person\/d71f33a9ca44f7bad4698210b480c8e9\"},\"headline\":\"En lice pour le Prix Comar\u00a0: Saber Mansouri et l&rsquo;illusion fran\u00e7aise\",\"datePublished\":\"2024-04-11T07:04:10+00:00\",\"dateModified\":\"2024-04-11T07:09:47+00:00\",\"mainEntityOfPage\":{\"@id\":\"https:\/\/kapitalis.com\/tunisie\/2024\/04\/11\/en-lice-pour-le-prix-comar-saber-mansouri-et-lillusion-francaise\/\"},\"wordCount\":914,\"commentCount\":0,\"publisher\":{\"@id\":\"https:\/\/kapitalis.com\/tunisie\/#organization\"},\"image\":{\"@id\":\"https:\/\/kapitalis.com\/tunisie\/2024\/04\/11\/en-lice-pour-le-prix-comar-saber-mansouri-et-lillusion-francaise\/#primaryimage\"},\"thumbnailUrl\":\"https:\/\/kapitalis.com\/tunisie\/wp-content\/uploads\/2024\/04\/Saber-Mansouri.jpg\",\"keywords\":[\"Comar\",\"Paris\",\"Saber Mansouri\",\"Tunisie\"],\"articleSection\":[\"A LA UNE\",\"CULTURE\",\"Tunisie\"],\"inLanguage\":\"fr-FR\",\"potentialAction\":[{\"@type\":\"CommentAction\",\"name\":\"Comment\",\"target\":[\"https:\/\/kapitalis.com\/tunisie\/2024\/04\/11\/en-lice-pour-le-prix-comar-saber-mansouri-et-lillusion-francaise\/#respond\"]}]},{\"@type\":\"WebPage\",\"@id\":\"https:\/\/kapitalis.com\/tunisie\/2024\/04\/11\/en-lice-pour-le-prix-comar-saber-mansouri-et-lillusion-francaise\/\",\"url\":\"https:\/\/kapitalis.com\/tunisie\/2024\/04\/11\/en-lice-pour-le-prix-comar-saber-mansouri-et-lillusion-francaise\/\",\"name\":\"En lice pour le Prix Comar\u00a0: Saber Mansouri et l'illusion fran\u00e7aise - Kapitalis\",\"isPartOf\":{\"@id\":\"https:\/\/kapitalis.com\/tunisie\/#website\"},\"primaryImageOfPage\":{\"@id\":\"https:\/\/kapitalis.com\/tunisie\/2024\/04\/11\/en-lice-pour-le-prix-comar-saber-mansouri-et-lillusion-francaise\/#primaryimage\"},\"image\":{\"@id\":\"https:\/\/kapitalis.com\/tunisie\/2024\/04\/11\/en-lice-pour-le-prix-comar-saber-mansouri-et-lillusion-francaise\/#primaryimage\"},\"thumbnailUrl\":\"https:\/\/kapitalis.com\/tunisie\/wp-content\/uploads\/2024\/04\/Saber-Mansouri.jpg\",\"datePublished\":\"2024-04-11T07:04:10+00:00\",\"dateModified\":\"2024-04-11T07:09:47+00:00\",\"breadcrumb\":{\"@id\":\"https:\/\/kapitalis.com\/tunisie\/2024\/04\/11\/en-lice-pour-le-prix-comar-saber-mansouri-et-lillusion-francaise\/#breadcrumb\"},\"inLanguage\":\"fr-FR\",\"potentialAction\":[{\"@type\":\"ReadAction\",\"target\":[\"https:\/\/kapitalis.com\/tunisie\/2024\/04\/11\/en-lice-pour-le-prix-comar-saber-mansouri-et-lillusion-francaise\/\"]}]},{\"@type\":\"ImageObject\",\"inLanguage\":\"fr-FR\",\"@id\":\"https:\/\/kapitalis.com\/tunisie\/2024\/04\/11\/en-lice-pour-le-prix-comar-saber-mansouri-et-lillusion-francaise\/#primaryimage\",\"url\":\"https:\/\/kapitalis.com\/tunisie\/wp-content\/uploads\/2024\/04\/Saber-Mansouri.jpg\",\"contentUrl\":\"https:\/\/kapitalis.com\/tunisie\/wp-content\/uploads\/2024\/04\/Saber-Mansouri.jpg\",\"width\":1200,\"height\":630},{\"@type\":\"BreadcrumbList\",\"@id\":\"https:\/\/kapitalis.com\/tunisie\/2024\/04\/11\/en-lice-pour-le-prix-comar-saber-mansouri-et-lillusion-francaise\/#breadcrumb\",\"itemListElement\":[{\"@type\":\"ListItem\",\"position\":1,\"name\":\"Accueil\",\"item\":\"https:\/\/kapitalis.com\/tunisie\/\"},{\"@type\":\"ListItem\",\"position\":2,\"name\":\"En lice pour le Prix Comar\u00a0: Saber Mansouri et l&rsquo;illusion fran\u00e7aise\"}]},{\"@type\":\"WebSite\",\"@id\":\"https:\/\/kapitalis.com\/tunisie\/#website\",\"url\":\"https:\/\/kapitalis.com\/tunisie\/\",\"name\":\"Kapitalis\",\"description\":\"L&#039;actualit\u00e9 en Tunisie et dans le monde\",\"publisher\":{\"@id\":\"https:\/\/kapitalis.com\/tunisie\/#organization\"},\"potentialAction\":[{\"@type\":\"SearchAction\",\"target\":{\"@type\":\"EntryPoint\",\"urlTemplate\":\"https:\/\/kapitalis.com\/tunisie\/?s={search_term_string}\"},\"query-input\":{\"@type\":\"PropertyValueSpecification\",\"valueRequired\":true,\"valueName\":\"search_term_string\"}}],\"inLanguage\":\"fr-FR\"},{\"@type\":\"Organization\",\"@id\":\"https:\/\/kapitalis.com\/tunisie\/#organization\",\"name\":\"Kapitalis\",\"url\":\"https:\/\/kapitalis.com\/tunisie\/\",\"logo\":{\"@type\":\"ImageObject\",\"inLanguage\":\"fr-FR\",\"@id\":\"https:\/\/kapitalis.com\/tunisie\/#\/schema\/logo\/image\/\",\"url\":\"https:\/\/kapitalis.com\/tunisie\/wp-content\/uploads\/2022\/05\/Kapitalis-big-size.png\",\"contentUrl\":\"https:\/\/kapitalis.com\/tunisie\/wp-content\/uploads\/2022\/05\/Kapitalis-big-size.png\",\"width\":5000,\"height\":1500,\"caption\":\"Kapitalis\"},\"image\":{\"@id\":\"https:\/\/kapitalis.com\/tunisie\/#\/schema\/logo\/image\/\"},\"sameAs\":[\"https:\/\/www.facebook.com\/KapitalisInfo\/\",\"https:\/\/x.com\/KapitalisInfo\",\"https:\/\/www.youtube.com\/channel\/UC-yDYrHyfFBWWZaOw3FPg9Q\"]},{\"@type\":\"Person\",\"@id\":\"https:\/\/kapitalis.com\/tunisie\/#\/schema\/person\/d71f33a9ca44f7bad4698210b480c8e9\",\"name\":\"webmaster kapitalis\",\"url\":\"https:\/\/kapitalis.com\/tunisie\/author\/webmaster-kapitalis\/\"}]}<\/script>\n<!-- \/ Yoast SEO plugin. -->","yoast_head_json":{"title":"En lice pour le Prix Comar\u00a0: Saber Mansouri et l'illusion fran\u00e7aise - Kapitalis","robots":{"index":"index","follow":"follow","max-snippet":"max-snippet:-1","max-image-preview":"max-image-preview:large","max-video-preview":"max-video-preview:-1"},"canonical":"https:\/\/kapitalis.com\/tunisie\/2024\/04\/11\/en-lice-pour-le-prix-comar-saber-mansouri-et-lillusion-francaise\/","og_locale":"fr_FR","og_type":"article","og_title":"En lice pour le Prix Comar\u00a0: Saber Mansouri et l'illusion fran\u00e7aise - Kapitalis","og_description":"Saber Mansouri puise dans son propre v\u00e9cu pour raconter les tribulations d\u2019un \u00e9tudiant tunisien dans un Paris des illusions perdues.","og_url":"https:\/\/kapitalis.com\/tunisie\/2024\/04\/11\/en-lice-pour-le-prix-comar-saber-mansouri-et-lillusion-francaise\/","og_site_name":"Kapitalis","article_publisher":"https:\/\/www.facebook.com\/KapitalisInfo\/","article_published_time":"2024-04-11T07:04:10+00:00","article_modified_time":"2024-04-11T07:09:47+00:00","og_image":[{"width":1200,"height":630,"url":"https:\/\/kapitalis.com\/tunisie\/wp-content\/uploads\/2024\/04\/Saber-Mansouri.jpg","type":"image\/jpeg"}],"author":"webmaster kapitalis","twitter_card":"summary_large_image","twitter_creator":"@KapitalisInfo","twitter_site":"@KapitalisInfo","twitter_misc":{"\u00c9crit par":"webmaster kapitalis","Dur\u00e9e de lecture estim\u00e9e":"5 minutes"},"schema":{"@context":"https:\/\/schema.org","@graph":[{"@type":"Article","@id":"https:\/\/kapitalis.com\/tunisie\/2024\/04\/11\/en-lice-pour-le-prix-comar-saber-mansouri-et-lillusion-francaise\/#article","isPartOf":{"@id":"https:\/\/kapitalis.com\/tunisie\/2024\/04\/11\/en-lice-pour-le-prix-comar-saber-mansouri-et-lillusion-francaise\/"},"author":{"name":"webmaster kapitalis","@id":"https:\/\/kapitalis.com\/tunisie\/#\/schema\/person\/d71f33a9ca44f7bad4698210b480c8e9"},"headline":"En lice pour le Prix Comar\u00a0: Saber Mansouri et l&rsquo;illusion fran\u00e7aise","datePublished":"2024-04-11T07:04:10+00:00","dateModified":"2024-04-11T07:09:47+00:00","mainEntityOfPage":{"@id":"https:\/\/kapitalis.com\/tunisie\/2024\/04\/11\/en-lice-pour-le-prix-comar-saber-mansouri-et-lillusion-francaise\/"},"wordCount":914,"commentCount":0,"publisher":{"@id":"https:\/\/kapitalis.com\/tunisie\/#organization"},"image":{"@id":"https:\/\/kapitalis.com\/tunisie\/2024\/04\/11\/en-lice-pour-le-prix-comar-saber-mansouri-et-lillusion-francaise\/#primaryimage"},"thumbnailUrl":"https:\/\/kapitalis.com\/tunisie\/wp-content\/uploads\/2024\/04\/Saber-Mansouri.jpg","keywords":["Comar","Paris","Saber Mansouri","Tunisie"],"articleSection":["A LA UNE","CULTURE","Tunisie"],"inLanguage":"fr-FR","potentialAction":[{"@type":"CommentAction","name":"Comment","target":["https:\/\/kapitalis.com\/tunisie\/2024\/04\/11\/en-lice-pour-le-prix-comar-saber-mansouri-et-lillusion-francaise\/#respond"]}]},{"@type":"WebPage","@id":"https:\/\/kapitalis.com\/tunisie\/2024\/04\/11\/en-lice-pour-le-prix-comar-saber-mansouri-et-lillusion-francaise\/","url":"https:\/\/kapitalis.com\/tunisie\/2024\/04\/11\/en-lice-pour-le-prix-comar-saber-mansouri-et-lillusion-francaise\/","name":"En lice pour le Prix Comar\u00a0: Saber Mansouri et l'illusion fran\u00e7aise - Kapitalis","isPartOf":{"@id":"https:\/\/kapitalis.com\/tunisie\/#website"},"primaryImageOfPage":{"@id":"https:\/\/kapitalis.com\/tunisie\/2024\/04\/11\/en-lice-pour-le-prix-comar-saber-mansouri-et-lillusion-francaise\/#primaryimage"},"image":{"@id":"https:\/\/kapitalis.com\/tunisie\/2024\/04\/11\/en-lice-pour-le-prix-comar-saber-mansouri-et-lillusion-francaise\/#primaryimage"},"thumbnailUrl":"https:\/\/kapitalis.com\/tunisie\/wp-content\/uploads\/2024\/04\/Saber-Mansouri.jpg","datePublished":"2024-04-11T07:04:10+00:00","dateModified":"2024-04-11T07:09:47+00:00","breadcrumb":{"@id":"https:\/\/kapitalis.com\/tunisie\/2024\/04\/11\/en-lice-pour-le-prix-comar-saber-mansouri-et-lillusion-francaise\/#breadcrumb"},"inLanguage":"fr-FR","potentialAction":[{"@type":"ReadAction","target":["https:\/\/kapitalis.com\/tunisie\/2024\/04\/11\/en-lice-pour-le-prix-comar-saber-mansouri-et-lillusion-francaise\/"]}]},{"@type":"ImageObject","inLanguage":"fr-FR","@id":"https:\/\/kapitalis.com\/tunisie\/2024\/04\/11\/en-lice-pour-le-prix-comar-saber-mansouri-et-lillusion-francaise\/#primaryimage","url":"https:\/\/kapitalis.com\/tunisie\/wp-content\/uploads\/2024\/04\/Saber-Mansouri.jpg","contentUrl":"https:\/\/kapitalis.com\/tunisie\/wp-content\/uploads\/2024\/04\/Saber-Mansouri.jpg","width":1200,"height":630},{"@type":"BreadcrumbList","@id":"https:\/\/kapitalis.com\/tunisie\/2024\/04\/11\/en-lice-pour-le-prix-comar-saber-mansouri-et-lillusion-francaise\/#breadcrumb","itemListElement":[{"@type":"ListItem","position":1,"name":"Accueil","item":"https:\/\/kapitalis.com\/tunisie\/"},{"@type":"ListItem","position":2,"name":"En lice pour le Prix Comar\u00a0: Saber Mansouri et l&rsquo;illusion fran\u00e7aise"}]},{"@type":"WebSite","@id":"https:\/\/kapitalis.com\/tunisie\/#website","url":"https:\/\/kapitalis.com\/tunisie\/","name":"Kapitalis","description":"L&#039;actualit\u00e9 en Tunisie et dans le monde","publisher":{"@id":"https:\/\/kapitalis.com\/tunisie\/#organization"},"potentialAction":[{"@type":"SearchAction","target":{"@type":"EntryPoint","urlTemplate":"https:\/\/kapitalis.com\/tunisie\/?s={search_term_string}"},"query-input":{"@type":"PropertyValueSpecification","valueRequired":true,"valueName":"search_term_string"}}],"inLanguage":"fr-FR"},{"@type":"Organization","@id":"https:\/\/kapitalis.com\/tunisie\/#organization","name":"Kapitalis","url":"https:\/\/kapitalis.com\/tunisie\/","logo":{"@type":"ImageObject","inLanguage":"fr-FR","@id":"https:\/\/kapitalis.com\/tunisie\/#\/schema\/logo\/image\/","url":"https:\/\/kapitalis.com\/tunisie\/wp-content\/uploads\/2022\/05\/Kapitalis-big-size.png","contentUrl":"https:\/\/kapitalis.com\/tunisie\/wp-content\/uploads\/2022\/05\/Kapitalis-big-size.png","width":5000,"height":1500,"caption":"Kapitalis"},"image":{"@id":"https:\/\/kapitalis.com\/tunisie\/#\/schema\/logo\/image\/"},"sameAs":["https:\/\/www.facebook.com\/KapitalisInfo\/","https:\/\/x.com\/KapitalisInfo","https:\/\/www.youtube.com\/channel\/UC-yDYrHyfFBWWZaOw3FPg9Q"]},{"@type":"Person","@id":"https:\/\/kapitalis.com\/tunisie\/#\/schema\/person\/d71f33a9ca44f7bad4698210b480c8e9","name":"webmaster kapitalis","url":"https:\/\/kapitalis.com\/tunisie\/author\/webmaster-kapitalis\/"}]}},"_links":{"self":[{"href":"https:\/\/kapitalis.com\/tunisie\/wp-json\/wp\/v2\/posts\/12435237","targetHints":{"allow":["GET"]}}],"collection":[{"href":"https:\/\/kapitalis.com\/tunisie\/wp-json\/wp\/v2\/posts"}],"about":[{"href":"https:\/\/kapitalis.com\/tunisie\/wp-json\/wp\/v2\/types\/post"}],"author":[{"embeddable":true,"href":"https:\/\/kapitalis.com\/tunisie\/wp-json\/wp\/v2\/users\/8"}],"replies":[{"embeddable":true,"href":"https:\/\/kapitalis.com\/tunisie\/wp-json\/wp\/v2\/comments?post=12435237"}],"version-history":[{"count":3,"href":"https:\/\/kapitalis.com\/tunisie\/wp-json\/wp\/v2\/posts\/12435237\/revisions"}],"predecessor-version":[{"id":12473398,"href":"https:\/\/kapitalis.com\/tunisie\/wp-json\/wp\/v2\/posts\/12435237\/revisions\/12473398"}],"wp:featuredmedia":[{"embeddable":true,"href":"https:\/\/kapitalis.com\/tunisie\/wp-json\/wp\/v2\/media\/12435255"}],"wp:attachment":[{"href":"https:\/\/kapitalis.com\/tunisie\/wp-json\/wp\/v2\/media?parent=12435237"}],"wp:term":[{"taxonomy":"category","embeddable":true,"href":"https:\/\/kapitalis.com\/tunisie\/wp-json\/wp\/v2\/categories?post=12435237"},{"taxonomy":"post_tag","embeddable":true,"href":"https:\/\/kapitalis.com\/tunisie\/wp-json\/wp\/v2\/tags?post=12435237"}],"curies":[{"name":"wp","href":"https:\/\/api.w.org\/{rel}","templated":true}]}}