{"id":124400,"date":"2017-11-20T10:27:16","date_gmt":"2017-11-20T09:27:16","guid":{"rendered":"http:\/\/kapitalis.com\/tunisie\/?p=124400"},"modified":"2017-11-20T10:27:16","modified_gmt":"2017-11-20T09:27:16","slug":"aujourdhui-a-tunis-un-forum-daffaires-tuniso-jordanien","status":"publish","type":"post","link":"https:\/\/kapitalis.com\/tunisie\/2017\/11\/20\/aujourdhui-a-tunis-un-forum-daffaires-tuniso-jordanien\/","title":{"rendered":"Aujourd\u2019hui \u00e0 Tunis : Un Forum d\u2019affaires tuniso-jordanien"},"content":{"rendered":"<p style=\"text-align: center;\"><img loading=\"lazy\" decoding=\"async\" class=\"alignnone size-full wp-image-39766\" src=\"http:\/\/kapitalis.com\/tunisie\/wp-content\/uploads\/2016\/02\/Tunisie-Jordanie.jpg\" alt=\"\" width=\"626\" height=\"380\" \/><\/p>\n<p><em><strong>Une d\u00e9l\u00e9gation commerciale et industrielle jordanienne entame, aujourd\u2019hui, une visite de travail en Tunisie, dans le cadre d\u2019un Forum d\u2019affaires tuniso-jordanien.<\/strong><\/em><\/p>\n<p><!--more--><\/p>\n<p>Dans une d\u00e9claration \u00e0 l\u2019agence de presse jordanienne<a href=\"http:\/\/www.petra.gov.jo\/Public_News\/Nws_NewsDetails.aspx?Site_Id=1&amp;lang=2&amp;NewsID=328029&amp;CatID=13&amp;Type=Home&amp;GType=1\"> Petra<\/a>, les pr\u00e9sidents des chambres du commerce, le s\u00e9nateur Issa Mourad, et de l\u2019industrie, Zeiad Homsi, ont exprim\u00e9 le souhait que <em>\u00abcette rencontre d\u2019affaires servira de plateforme solide qui ouvrira de nouveaux horizons pour la coop\u00e9ration entre les deux pays et facilitera leurs \u00e9changes commerciaux.\u00bb<\/em><\/p>\n<p>Les deux hommes, qui pr\u00e9sideront cette d\u00e9l\u00e9gation commerciale et industrielle jordanienne, ont indiqu\u00e9 que le volume des \u00e9changes entre la Tunisie et la Jordanie s\u2019est \u00e9lev\u00e9, l\u2019an dernier, \u00e0 29 millions de dollars (soit un peu plus de 72 millions de dinars tunisiens, MDT).<\/p>\n<p>Selon eux, <em>\u00abce chiffre modeste\u00bb<\/em>, qui s\u2019expliquerait par l\u2019existence d\u2019un ensemble de restrictions, pourrait \u00eatre port\u00e9 \u00e0 un niveau plus \u00e9lev\u00e9.<\/p>\n<p>MM. Mourad et Homsi esp\u00e8rent que la rencontre d\u2019affaires tuniso-jordanienne, qui d\u00e9butera aujourd\u2019hui, lundi 20 novembre 2017 \u00e0 Tunis, permettra \u00e0 la partie tunisienne de d\u00e9couvrir <em>\u00abl\u2019attractivit\u00e9 et la rentabilit\u00e9 du climat de l\u2019investissement en Jordanie.\u00bb<\/em><\/p>\n<p style=\"text-align: right;\"><strong>Marwen Chahla <\/strong><\/p>\n","protected":false},"excerpt":{"rendered":"<p>Une d\u00e9l\u00e9gation commerciale et industrielle jordanienne entame, aujourd\u2019hui, une visite de travail en Tunisie, dans le cadre d\u2019un Forum d\u2019affaires tuniso-jordanien.<\/p>\n","protected":false},"author":8,"featured_media":0,"comment_status":"open","ping_status":"open","sticky":false,"template":"","format":"standard","meta":{"footnotes":""},"categories":[995,2433],"tags":[],"class_list":["post-124400","post","type-post","status-publish","format-standard","hentry","category-economie","category-tunisie"],"yoast_head":"<!-- This site is optimized with the Yoast SEO plugin v26.6 - https:\/\/yoast.com\/wordpress\/plugins\/seo\/ -->\n<title>Aujourd\u2019hui \u00e0 Tunis : Un Forum d\u2019affaires tuniso-jordanien - Kapitalis<\/title>\n<meta name=\"robots\" content=\"index, follow, max-snippet:-1, max-image-preview:large, max-video-preview:-1\" \/>\n<link rel=\"canonical\" href=\"https:\/\/kapitalis.com\/tunisie\/2017\/11\/20\/aujourdhui-a-tunis-un-forum-daffaires-tuniso-jordanien\/\" \/>\n<meta property=\"og:locale\" content=\"fr_FR\" \/>\n<meta property=\"og:type\" content=\"article\" \/>\n<meta property=\"og:title\" content=\"Aujourd\u2019hui \u00e0 Tunis : Un Forum d\u2019affaires tuniso-jordanien - Kapitalis\" \/>\n<meta property=\"og:description\" content=\"Une d\u00e9l\u00e9gation commerciale et industrielle jordanienne entame, aujourd\u2019hui, une visite de travail en Tunisie, dans le cadre d\u2019un Forum d\u2019affaires tuniso-jordanien.\" \/>\n<meta property=\"og:url\" content=\"https:\/\/kapitalis.com\/tunisie\/2017\/11\/20\/aujourdhui-a-tunis-un-forum-daffaires-tuniso-jordanien\/\" \/>\n<meta property=\"og:site_name\" content=\"Kapitalis\" \/>\n<meta property=\"article:publisher\" content=\"https:\/\/www.facebook.com\/KapitalisInfo\/\" \/>\n<meta property=\"article:published_time\" content=\"2017-11-20T09:27:16+00:00\" \/>\n<meta property=\"og:image\" content=\"http:\/\/kapitalis.com\/tunisie\/wp-content\/uploads\/2016\/02\/Tunisie-Jordanie.jpg\" \/>\n<meta name=\"author\" content=\"webmaster kapitalis\" \/>\n<meta name=\"twitter:card\" content=\"summary_large_image\" \/>\n<meta name=\"twitter:creator\" content=\"@KapitalisInfo\" \/>\n<meta name=\"twitter:site\" content=\"@KapitalisInfo\" \/>\n<meta name=\"twitter:label1\" content=\"\u00c9crit par\" \/>\n\t<meta name=\"twitter:data1\" content=\"webmaster kapitalis\" \/>\n\t<meta name=\"twitter:label2\" content=\"Dur\u00e9e de lecture estim\u00e9e\" \/>\n\t<meta name=\"twitter:data2\" content=\"1 minute\" \/>\n<script type=\"application\/ld+json\" class=\"yoast-schema-graph\">{\"@context\":\"https:\/\/schema.org\",\"@graph\":[{\"@type\":\"Article\",\"@id\":\"https:\/\/kapitalis.com\/tunisie\/2017\/11\/20\/aujourdhui-a-tunis-un-forum-daffaires-tuniso-jordanien\/#article\",\"isPartOf\":{\"@id\":\"https:\/\/kapitalis.com\/tunisie\/2017\/11\/20\/aujourdhui-a-tunis-un-forum-daffaires-tuniso-jordanien\/\"},\"author\":{\"name\":\"webmaster kapitalis\",\"@id\":\"https:\/\/kapitalis.com\/tunisie\/#\/schema\/person\/d71f33a9ca44f7bad4698210b480c8e9\"},\"headline\":\"Aujourd\u2019hui \u00e0 Tunis : Un Forum d\u2019affaires tuniso-jordanien\",\"datePublished\":\"2017-11-20T09:27:16+00:00\",\"mainEntityOfPage\":{\"@id\":\"https:\/\/kapitalis.com\/tunisie\/2017\/11\/20\/aujourdhui-a-tunis-un-forum-daffaires-tuniso-jordanien\/\"},\"wordCount\":203,\"commentCount\":0,\"publisher\":{\"@id\":\"https:\/\/kapitalis.com\/tunisie\/#organization\"},\"image\":{\"@id\":\"https:\/\/kapitalis.com\/tunisie\/2017\/11\/20\/aujourdhui-a-tunis-un-forum-daffaires-tuniso-jordanien\/#primaryimage\"},\"thumbnailUrl\":\"http:\/\/kapitalis.com\/tunisie\/wp-content\/uploads\/2016\/02\/Tunisie-Jordanie.jpg\",\"articleSection\":[\"ECONOMIE\",\"Tunisie\"],\"inLanguage\":\"fr-FR\",\"potentialAction\":[{\"@type\":\"CommentAction\",\"name\":\"Comment\",\"target\":[\"https:\/\/kapitalis.com\/tunisie\/2017\/11\/20\/aujourdhui-a-tunis-un-forum-daffaires-tuniso-jordanien\/#respond\"]}]},{\"@type\":\"WebPage\",\"@id\":\"https:\/\/kapitalis.com\/tunisie\/2017\/11\/20\/aujourdhui-a-tunis-un-forum-daffaires-tuniso-jordanien\/\",\"url\":\"https:\/\/kapitalis.com\/tunisie\/2017\/11\/20\/aujourdhui-a-tunis-un-forum-daffaires-tuniso-jordanien\/\",\"name\":\"Aujourd\u2019hui \u00e0 Tunis : Un Forum d\u2019affaires tuniso-jordanien - Kapitalis\",\"isPartOf\":{\"@id\":\"https:\/\/kapitalis.com\/tunisie\/#website\"},\"primaryImageOfPage\":{\"@id\":\"https:\/\/kapitalis.com\/tunisie\/2017\/11\/20\/aujourdhui-a-tunis-un-forum-daffaires-tuniso-jordanien\/#primaryimage\"},\"image\":{\"@id\":\"https:\/\/kapitalis.com\/tunisie\/2017\/11\/20\/aujourdhui-a-tunis-un-forum-daffaires-tuniso-jordanien\/#primaryimage\"},\"thumbnailUrl\":\"http:\/\/kapitalis.com\/tunisie\/wp-content\/uploads\/2016\/02\/Tunisie-Jordanie.jpg\",\"datePublished\":\"2017-11-20T09:27:16+00:00\",\"breadcrumb\":{\"@id\":\"https:\/\/kapitalis.com\/tunisie\/2017\/11\/20\/aujourdhui-a-tunis-un-forum-daffaires-tuniso-jordanien\/#breadcrumb\"},\"inLanguage\":\"fr-FR\",\"potentialAction\":[{\"@type\":\"ReadAction\",\"target\":[\"https:\/\/kapitalis.com\/tunisie\/2017\/11\/20\/aujourdhui-a-tunis-un-forum-daffaires-tuniso-jordanien\/\"]}]},{\"@type\":\"ImageObject\",\"inLanguage\":\"fr-FR\",\"@id\":\"https:\/\/kapitalis.com\/tunisie\/2017\/11\/20\/aujourdhui-a-tunis-un-forum-daffaires-tuniso-jordanien\/#primaryimage\",\"url\":\"http:\/\/kapitalis.com\/tunisie\/wp-content\/uploads\/2016\/02\/Tunisie-Jordanie.jpg\",\"contentUrl\":\"http:\/\/kapitalis.com\/tunisie\/wp-content\/uploads\/2016\/02\/Tunisie-Jordanie.jpg\"},{\"@type\":\"BreadcrumbList\",\"@id\":\"https:\/\/kapitalis.com\/tunisie\/2017\/11\/20\/aujourdhui-a-tunis-un-forum-daffaires-tuniso-jordanien\/#breadcrumb\",\"itemListElement\":[{\"@type\":\"ListItem\",\"position\":1,\"name\":\"Accueil\",\"item\":\"https:\/\/kapitalis.com\/tunisie\/\"},{\"@type\":\"ListItem\",\"position\":2,\"name\":\"Aujourd\u2019hui \u00e0 Tunis : Un Forum d\u2019affaires tuniso-jordanien\"}]},{\"@type\":\"WebSite\",\"@id\":\"https:\/\/kapitalis.com\/tunisie\/#website\",\"url\":\"https:\/\/kapitalis.com\/tunisie\/\",\"name\":\"Kapitalis\",\"description\":\"L&#039;actualit\u00e9 en Tunisie et dans le monde\",\"publisher\":{\"@id\":\"https:\/\/kapitalis.com\/tunisie\/#organization\"},\"potentialAction\":[{\"@type\":\"SearchAction\",\"target\":{\"@type\":\"EntryPoint\",\"urlTemplate\":\"https:\/\/kapitalis.com\/tunisie\/?s={search_term_string}\"},\"query-input\":{\"@type\":\"PropertyValueSpecification\",\"valueRequired\":true,\"valueName\":\"search_term_string\"}}],\"inLanguage\":\"fr-FR\"},{\"@type\":\"Organization\",\"@id\":\"https:\/\/kapitalis.com\/tunisie\/#organization\",\"name\":\"Kapitalis\",\"url\":\"https:\/\/kapitalis.com\/tunisie\/\",\"logo\":{\"@type\":\"ImageObject\",\"inLanguage\":\"fr-FR\",\"@id\":\"https:\/\/kapitalis.com\/tunisie\/#\/schema\/logo\/image\/\",\"url\":\"https:\/\/kapitalis.com\/tunisie\/wp-content\/uploads\/2022\/05\/Kapitalis-big-size.png\",\"contentUrl\":\"https:\/\/kapitalis.com\/tunisie\/wp-content\/uploads\/2022\/05\/Kapitalis-big-size.png\",\"width\":5000,\"height\":1500,\"caption\":\"Kapitalis\"},\"image\":{\"@id\":\"https:\/\/kapitalis.com\/tunisie\/#\/schema\/logo\/image\/\"},\"sameAs\":[\"https:\/\/www.facebook.com\/KapitalisInfo\/\",\"https:\/\/x.com\/KapitalisInfo\",\"https:\/\/www.youtube.com\/channel\/UC-yDYrHyfFBWWZaOw3FPg9Q\"]},{\"@type\":\"Person\",\"@id\":\"https:\/\/kapitalis.com\/tunisie\/#\/schema\/person\/d71f33a9ca44f7bad4698210b480c8e9\",\"name\":\"webmaster kapitalis\",\"url\":\"https:\/\/kapitalis.com\/tunisie\/author\/webmaster-kapitalis\/\"}]}<\/script>\n<!-- \/ Yoast SEO plugin. -->","yoast_head_json":{"title":"Aujourd\u2019hui \u00e0 Tunis : Un Forum d\u2019affaires tuniso-jordanien - Kapitalis","robots":{"index":"index","follow":"follow","max-snippet":"max-snippet:-1","max-image-preview":"max-image-preview:large","max-video-preview":"max-video-preview:-1"},"canonical":"https:\/\/kapitalis.com\/tunisie\/2017\/11\/20\/aujourdhui-a-tunis-un-forum-daffaires-tuniso-jordanien\/","og_locale":"fr_FR","og_type":"article","og_title":"Aujourd\u2019hui \u00e0 Tunis : Un Forum d\u2019affaires tuniso-jordanien - Kapitalis","og_description":"Une d\u00e9l\u00e9gation commerciale et industrielle jordanienne entame, aujourd\u2019hui, une visite de travail en Tunisie, dans le cadre d\u2019un Forum d\u2019affaires tuniso-jordanien.","og_url":"https:\/\/kapitalis.com\/tunisie\/2017\/11\/20\/aujourdhui-a-tunis-un-forum-daffaires-tuniso-jordanien\/","og_site_name":"Kapitalis","article_publisher":"https:\/\/www.facebook.com\/KapitalisInfo\/","article_published_time":"2017-11-20T09:27:16+00:00","og_image":[{"url":"http:\/\/kapitalis.com\/tunisie\/wp-content\/uploads\/2016\/02\/Tunisie-Jordanie.jpg","type":"","width":"","height":""}],"author":"webmaster kapitalis","twitter_card":"summary_large_image","twitter_creator":"@KapitalisInfo","twitter_site":"@KapitalisInfo","twitter_misc":{"\u00c9crit par":"webmaster kapitalis","Dur\u00e9e de lecture estim\u00e9e":"1 minute"},"schema":{"@context":"https:\/\/schema.org","@graph":[{"@type":"Article","@id":"https:\/\/kapitalis.com\/tunisie\/2017\/11\/20\/aujourdhui-a-tunis-un-forum-daffaires-tuniso-jordanien\/#article","isPartOf":{"@id":"https:\/\/kapitalis.com\/tunisie\/2017\/11\/20\/aujourdhui-a-tunis-un-forum-daffaires-tuniso-jordanien\/"},"author":{"name":"webmaster kapitalis","@id":"https:\/\/kapitalis.com\/tunisie\/#\/schema\/person\/d71f33a9ca44f7bad4698210b480c8e9"},"headline":"Aujourd\u2019hui \u00e0 Tunis : Un Forum d\u2019affaires tuniso-jordanien","datePublished":"2017-11-20T09:27:16+00:00","mainEntityOfPage":{"@id":"https:\/\/kapitalis.com\/tunisie\/2017\/11\/20\/aujourdhui-a-tunis-un-forum-daffaires-tuniso-jordanien\/"},"wordCount":203,"commentCount":0,"publisher":{"@id":"https:\/\/kapitalis.com\/tunisie\/#organization"},"image":{"@id":"https:\/\/kapitalis.com\/tunisie\/2017\/11\/20\/aujourdhui-a-tunis-un-forum-daffaires-tuniso-jordanien\/#primaryimage"},"thumbnailUrl":"http:\/\/kapitalis.com\/tunisie\/wp-content\/uploads\/2016\/02\/Tunisie-Jordanie.jpg","articleSection":["ECONOMIE","Tunisie"],"inLanguage":"fr-FR","potentialAction":[{"@type":"CommentAction","name":"Comment","target":["https:\/\/kapitalis.com\/tunisie\/2017\/11\/20\/aujourdhui-a-tunis-un-forum-daffaires-tuniso-jordanien\/#respond"]}]},{"@type":"WebPage","@id":"https:\/\/kapitalis.com\/tunisie\/2017\/11\/20\/aujourdhui-a-tunis-un-forum-daffaires-tuniso-jordanien\/","url":"https:\/\/kapitalis.com\/tunisie\/2017\/11\/20\/aujourdhui-a-tunis-un-forum-daffaires-tuniso-jordanien\/","name":"Aujourd\u2019hui \u00e0 Tunis : Un Forum d\u2019affaires tuniso-jordanien - Kapitalis","isPartOf":{"@id":"https:\/\/kapitalis.com\/tunisie\/#website"},"primaryImageOfPage":{"@id":"https:\/\/kapitalis.com\/tunisie\/2017\/11\/20\/aujourdhui-a-tunis-un-forum-daffaires-tuniso-jordanien\/#primaryimage"},"image":{"@id":"https:\/\/kapitalis.com\/tunisie\/2017\/11\/20\/aujourdhui-a-tunis-un-forum-daffaires-tuniso-jordanien\/#primaryimage"},"thumbnailUrl":"http:\/\/kapitalis.com\/tunisie\/wp-content\/uploads\/2016\/02\/Tunisie-Jordanie.jpg","datePublished":"2017-11-20T09:27:16+00:00","breadcrumb":{"@id":"https:\/\/kapitalis.com\/tunisie\/2017\/11\/20\/aujourdhui-a-tunis-un-forum-daffaires-tuniso-jordanien\/#breadcrumb"},"inLanguage":"fr-FR","potentialAction":[{"@type":"ReadAction","target":["https:\/\/kapitalis.com\/tunisie\/2017\/11\/20\/aujourdhui-a-tunis-un-forum-daffaires-tuniso-jordanien\/"]}]},{"@type":"ImageObject","inLanguage":"fr-FR","@id":"https:\/\/kapitalis.com\/tunisie\/2017\/11\/20\/aujourdhui-a-tunis-un-forum-daffaires-tuniso-jordanien\/#primaryimage","url":"http:\/\/kapitalis.com\/tunisie\/wp-content\/uploads\/2016\/02\/Tunisie-Jordanie.jpg","contentUrl":"http:\/\/kapitalis.com\/tunisie\/wp-content\/uploads\/2016\/02\/Tunisie-Jordanie.jpg"},{"@type":"BreadcrumbList","@id":"https:\/\/kapitalis.com\/tunisie\/2017\/11\/20\/aujourdhui-a-tunis-un-forum-daffaires-tuniso-jordanien\/#breadcrumb","itemListElement":[{"@type":"ListItem","position":1,"name":"Accueil","item":"https:\/\/kapitalis.com\/tunisie\/"},{"@type":"ListItem","position":2,"name":"Aujourd\u2019hui \u00e0 Tunis : Un Forum d\u2019affaires tuniso-jordanien"}]},{"@type":"WebSite","@id":"https:\/\/kapitalis.com\/tunisie\/#website","url":"https:\/\/kapitalis.com\/tunisie\/","name":"Kapitalis","description":"L&#039;actualit\u00e9 en Tunisie et dans le monde","publisher":{"@id":"https:\/\/kapitalis.com\/tunisie\/#organization"},"potentialAction":[{"@type":"SearchAction","target":{"@type":"EntryPoint","urlTemplate":"https:\/\/kapitalis.com\/tunisie\/?s={search_term_string}"},"query-input":{"@type":"PropertyValueSpecification","valueRequired":true,"valueName":"search_term_string"}}],"inLanguage":"fr-FR"},{"@type":"Organization","@id":"https:\/\/kapitalis.com\/tunisie\/#organization","name":"Kapitalis","url":"https:\/\/kapitalis.com\/tunisie\/","logo":{"@type":"ImageObject","inLanguage":"fr-FR","@id":"https:\/\/kapitalis.com\/tunisie\/#\/schema\/logo\/image\/","url":"https:\/\/kapitalis.com\/tunisie\/wp-content\/uploads\/2022\/05\/Kapitalis-big-size.png","contentUrl":"https:\/\/kapitalis.com\/tunisie\/wp-content\/uploads\/2022\/05\/Kapitalis-big-size.png","width":5000,"height":1500,"caption":"Kapitalis"},"image":{"@id":"https:\/\/kapitalis.com\/tunisie\/#\/schema\/logo\/image\/"},"sameAs":["https:\/\/www.facebook.com\/KapitalisInfo\/","https:\/\/x.com\/KapitalisInfo","https:\/\/www.youtube.com\/channel\/UC-yDYrHyfFBWWZaOw3FPg9Q"]},{"@type":"Person","@id":"https:\/\/kapitalis.com\/tunisie\/#\/schema\/person\/d71f33a9ca44f7bad4698210b480c8e9","name":"webmaster kapitalis","url":"https:\/\/kapitalis.com\/tunisie\/author\/webmaster-kapitalis\/"}]}},"_links":{"self":[{"href":"https:\/\/kapitalis.com\/tunisie\/wp-json\/wp\/v2\/posts\/124400","targetHints":{"allow":["GET"]}}],"collection":[{"href":"https:\/\/kapitalis.com\/tunisie\/wp-json\/wp\/v2\/posts"}],"about":[{"href":"https:\/\/kapitalis.com\/tunisie\/wp-json\/wp\/v2\/types\/post"}],"author":[{"embeddable":true,"href":"https:\/\/kapitalis.com\/tunisie\/wp-json\/wp\/v2\/users\/8"}],"replies":[{"embeddable":true,"href":"https:\/\/kapitalis.com\/tunisie\/wp-json\/wp\/v2\/comments?post=124400"}],"version-history":[{"count":0,"href":"https:\/\/kapitalis.com\/tunisie\/wp-json\/wp\/v2\/posts\/124400\/revisions"}],"wp:attachment":[{"href":"https:\/\/kapitalis.com\/tunisie\/wp-json\/wp\/v2\/media?parent=124400"}],"wp:term":[{"taxonomy":"category","embeddable":true,"href":"https:\/\/kapitalis.com\/tunisie\/wp-json\/wp\/v2\/categories?post=124400"},{"taxonomy":"post_tag","embeddable":true,"href":"https:\/\/kapitalis.com\/tunisie\/wp-json\/wp\/v2\/tags?post=124400"}],"curies":[{"name":"wp","href":"https:\/\/api.w.org\/{rel}","templated":true}]}}