{"id":12440948,"date":"2024-04-11T21:17:50","date_gmt":"2024-04-11T20:17:50","guid":{"rendered":"https:\/\/kapitalis.com\/tunisie\/?p=12440948"},"modified":"2024-04-11T21:26:13","modified_gmt":"2024-04-11T20:26:13","slug":"la-direction-des-services-veterinaires-deplore-le-deces-de-dr-said-bahri","status":"publish","type":"post","link":"https:\/\/kapitalis.com\/tunisie\/2024\/04\/11\/la-direction-des-services-veterinaires-deplore-le-deces-de-dr-said-bahri\/","title":{"rendered":"La direction des services v\u00e9t\u00e9rinaires d\u00e9plore le d\u00e9c\u00e8s de Dr Sa\u00efd Bahri"},"content":{"rendered":"\n<p><em><strong>La Direction g\u00e9n\u00e9rale des services v\u00e9t\u00e9rinaires (DGSV) a d\u00e9plor\u00e9 le d\u00e9c\u00e8s de Dr Sa\u00efd Bahri, survenu hier, mercredi 10 avril 2024.<\/strong><\/em><\/p>\n\n\n\n<!--more-->\n\n\n\n<p>Dr Sa\u00efd Bahri, n\u00e9 le 27 mars 1944, dipl\u00f4m\u00e9 de l&rsquo;\u00e9cole nationale v\u00e9t\u00e9rinaire de Toulouse, a entam\u00e9 sa carri\u00e8re professionnelle \u00e0 la direction g\u00e9n\u00e9rale de la production animale relevant du minist\u00e8re de l&rsquo;Agriculture, o\u00f9 il a assum\u00e9 plusieurs fonctions dont le poste de directeur de la sant\u00e9 animale avant d&rsquo;\u00eatre nomm\u00e9 directeur g\u00e9n\u00e9ral de la production animale de 1997 \u00e0 2001.<\/p>\n\n\n\n<p>De 2001 jusqu&rsquo;\u00e0 son d\u00e9part \u00e0 la retraite il \u00e9tait PDG de la Fondation nationale d&rsquo;am\u00e9lioration de la race chevaline (FNARC), rappelle la DGSV en pr\u00e9sentant ses sinc\u00e8res condol\u00e9ances \u00e0 la famille du disparu et \u00e0 toute la famille v\u00e9t\u00e9rinaire en Tunisie, qui vient de perdre un de ses anciens.<\/p>\n\n\n\n<p>Sa\u00efd Bahri a \u00e9t\u00e9 accompagn\u00e9 \u00e0 sa derni\u00e8re demeure ce jeudi 11 avril 2024, au cimeti\u00e8re de Gammarth.<\/p>\n\n\n\n<p class=\"has-text-align-right\"><strong>Y. N.<\/strong><\/p>\n","protected":false},"excerpt":{"rendered":"<p>La Direction g\u00e9n\u00e9rale des services v\u00e9t\u00e9rinaires (DGSV) a d\u00e9plor\u00e9 le d\u00e9c\u00e8s de Dr Sa\u00efd Bahri, survenu hier, mercredi 10 avril 2024.<\/p>\n","protected":false},"author":6,"featured_media":12441004,"comment_status":"open","ping_status":"open","sticky":false,"template":"","format":"standard","meta":{"footnotes":""},"categories":[998,2433],"tags":[64263,114932,114931,101486,62643],"class_list":["post-12440948","post","type-post","status-publish","format-standard","has-post-thumbnail","hentry","category-societe","category-tunisie","tag-deces","tag-dgsv","tag-dr-said-bahri","tag-services-veterinaires","tag-tunisie"],"yoast_head":"<!-- This site is optimized with the Yoast SEO plugin v26.6 - https:\/\/yoast.com\/wordpress\/plugins\/seo\/ -->\n<title>La direction des services v\u00e9t\u00e9rinaires d\u00e9plore le d\u00e9c\u00e8s de Dr Sa\u00efd Bahri - Kapitalis<\/title>\n<meta name=\"robots\" content=\"index, follow, max-snippet:-1, max-image-preview:large, max-video-preview:-1\" \/>\n<link rel=\"canonical\" href=\"https:\/\/kapitalis.com\/tunisie\/2024\/04\/11\/la-direction-des-services-veterinaires-deplore-le-deces-de-dr-said-bahri\/\" \/>\n<meta property=\"og:locale\" content=\"fr_FR\" \/>\n<meta property=\"og:type\" content=\"article\" \/>\n<meta property=\"og:title\" content=\"La direction des services v\u00e9t\u00e9rinaires d\u00e9plore le d\u00e9c\u00e8s de Dr Sa\u00efd Bahri - Kapitalis\" \/>\n<meta property=\"og:description\" content=\"La Direction g\u00e9n\u00e9rale des services v\u00e9t\u00e9rinaires (DGSV) a d\u00e9plor\u00e9 le d\u00e9c\u00e8s de Dr Sa\u00efd Bahri, survenu hier, mercredi 10 avril 2024.\" \/>\n<meta property=\"og:url\" content=\"https:\/\/kapitalis.com\/tunisie\/2024\/04\/11\/la-direction-des-services-veterinaires-deplore-le-deces-de-dr-said-bahri\/\" \/>\n<meta property=\"og:site_name\" content=\"Kapitalis\" \/>\n<meta property=\"article:publisher\" content=\"https:\/\/www.facebook.com\/KapitalisInfo\/\" \/>\n<meta property=\"article:published_time\" content=\"2024-04-11T20:17:50+00:00\" \/>\n<meta property=\"article:modified_time\" content=\"2024-04-11T20:26:13+00:00\" \/>\n<meta property=\"og:image\" content=\"https:\/\/kapitalis.com\/tunisie\/wp-content\/uploads\/2024\/04\/Dr-Said-Bahri.jpg\" \/>\n\t<meta property=\"og:image:width\" content=\"1200\" \/>\n\t<meta property=\"og:image:height\" content=\"630\" \/>\n\t<meta property=\"og:image:type\" content=\"image\/jpeg\" \/>\n<meta name=\"author\" content=\"Yusra NY\" \/>\n<meta name=\"twitter:card\" content=\"summary_large_image\" \/>\n<meta name=\"twitter:creator\" content=\"@KapitalisInfo\" \/>\n<meta name=\"twitter:site\" content=\"@KapitalisInfo\" \/>\n<meta name=\"twitter:label1\" content=\"\u00c9crit par\" \/>\n\t<meta name=\"twitter:data1\" content=\"Yusra NY\" \/>\n\t<meta name=\"twitter:label2\" content=\"Dur\u00e9e de lecture estim\u00e9e\" \/>\n\t<meta name=\"twitter:data2\" content=\"1 minute\" \/>\n<script type=\"application\/ld+json\" class=\"yoast-schema-graph\">{\"@context\":\"https:\/\/schema.org\",\"@graph\":[{\"@type\":\"Article\",\"@id\":\"https:\/\/kapitalis.com\/tunisie\/2024\/04\/11\/la-direction-des-services-veterinaires-deplore-le-deces-de-dr-said-bahri\/#article\",\"isPartOf\":{\"@id\":\"https:\/\/kapitalis.com\/tunisie\/2024\/04\/11\/la-direction-des-services-veterinaires-deplore-le-deces-de-dr-said-bahri\/\"},\"author\":{\"name\":\"Yusra NY\",\"@id\":\"https:\/\/kapitalis.com\/tunisie\/#\/schema\/person\/74bbde0154d49d790a92aaeac5bc01d5\"},\"headline\":\"La direction des services v\u00e9t\u00e9rinaires d\u00e9plore le d\u00e9c\u00e8s de Dr Sa\u00efd Bahri\",\"datePublished\":\"2024-04-11T20:17:50+00:00\",\"dateModified\":\"2024-04-11T20:26:13+00:00\",\"mainEntityOfPage\":{\"@id\":\"https:\/\/kapitalis.com\/tunisie\/2024\/04\/11\/la-direction-des-services-veterinaires-deplore-le-deces-de-dr-said-bahri\/\"},\"wordCount\":185,\"commentCount\":0,\"publisher\":{\"@id\":\"https:\/\/kapitalis.com\/tunisie\/#organization\"},\"image\":{\"@id\":\"https:\/\/kapitalis.com\/tunisie\/2024\/04\/11\/la-direction-des-services-veterinaires-deplore-le-deces-de-dr-said-bahri\/#primaryimage\"},\"thumbnailUrl\":\"https:\/\/kapitalis.com\/tunisie\/wp-content\/uploads\/2024\/04\/Dr-Said-Bahri.jpg\",\"keywords\":[\"d\u00e9c\u00e8s\",\"DGSV\",\"Dr Sa\u00efd Bahri\",\"services v\u00e9t\u00e9rinaires\",\"Tunisie\"],\"articleSection\":[\"SOCIETE\",\"Tunisie\"],\"inLanguage\":\"fr-FR\",\"potentialAction\":[{\"@type\":\"CommentAction\",\"name\":\"Comment\",\"target\":[\"https:\/\/kapitalis.com\/tunisie\/2024\/04\/11\/la-direction-des-services-veterinaires-deplore-le-deces-de-dr-said-bahri\/#respond\"]}]},{\"@type\":\"WebPage\",\"@id\":\"https:\/\/kapitalis.com\/tunisie\/2024\/04\/11\/la-direction-des-services-veterinaires-deplore-le-deces-de-dr-said-bahri\/\",\"url\":\"https:\/\/kapitalis.com\/tunisie\/2024\/04\/11\/la-direction-des-services-veterinaires-deplore-le-deces-de-dr-said-bahri\/\",\"name\":\"La direction des services v\u00e9t\u00e9rinaires d\u00e9plore le d\u00e9c\u00e8s de Dr Sa\u00efd Bahri - Kapitalis\",\"isPartOf\":{\"@id\":\"https:\/\/kapitalis.com\/tunisie\/#website\"},\"primaryImageOfPage\":{\"@id\":\"https:\/\/kapitalis.com\/tunisie\/2024\/04\/11\/la-direction-des-services-veterinaires-deplore-le-deces-de-dr-said-bahri\/#primaryimage\"},\"image\":{\"@id\":\"https:\/\/kapitalis.com\/tunisie\/2024\/04\/11\/la-direction-des-services-veterinaires-deplore-le-deces-de-dr-said-bahri\/#primaryimage\"},\"thumbnailUrl\":\"https:\/\/kapitalis.com\/tunisie\/wp-content\/uploads\/2024\/04\/Dr-Said-Bahri.jpg\",\"datePublished\":\"2024-04-11T20:17:50+00:00\",\"dateModified\":\"2024-04-11T20:26:13+00:00\",\"breadcrumb\":{\"@id\":\"https:\/\/kapitalis.com\/tunisie\/2024\/04\/11\/la-direction-des-services-veterinaires-deplore-le-deces-de-dr-said-bahri\/#breadcrumb\"},\"inLanguage\":\"fr-FR\",\"potentialAction\":[{\"@type\":\"ReadAction\",\"target\":[\"https:\/\/kapitalis.com\/tunisie\/2024\/04\/11\/la-direction-des-services-veterinaires-deplore-le-deces-de-dr-said-bahri\/\"]}]},{\"@type\":\"ImageObject\",\"inLanguage\":\"fr-FR\",\"@id\":\"https:\/\/kapitalis.com\/tunisie\/2024\/04\/11\/la-direction-des-services-veterinaires-deplore-le-deces-de-dr-said-bahri\/#primaryimage\",\"url\":\"https:\/\/kapitalis.com\/tunisie\/wp-content\/uploads\/2024\/04\/Dr-Said-Bahri.jpg\",\"contentUrl\":\"https:\/\/kapitalis.com\/tunisie\/wp-content\/uploads\/2024\/04\/Dr-Said-Bahri.jpg\",\"width\":1200,\"height\":630},{\"@type\":\"BreadcrumbList\",\"@id\":\"https:\/\/kapitalis.com\/tunisie\/2024\/04\/11\/la-direction-des-services-veterinaires-deplore-le-deces-de-dr-said-bahri\/#breadcrumb\",\"itemListElement\":[{\"@type\":\"ListItem\",\"position\":1,\"name\":\"Accueil\",\"item\":\"https:\/\/kapitalis.com\/tunisie\/\"},{\"@type\":\"ListItem\",\"position\":2,\"name\":\"La direction des services v\u00e9t\u00e9rinaires d\u00e9plore le d\u00e9c\u00e8s de Dr Sa\u00efd Bahri\"}]},{\"@type\":\"WebSite\",\"@id\":\"https:\/\/kapitalis.com\/tunisie\/#website\",\"url\":\"https:\/\/kapitalis.com\/tunisie\/\",\"name\":\"Kapitalis\",\"description\":\"L&#039;actualit\u00e9 en Tunisie et dans le monde\",\"publisher\":{\"@id\":\"https:\/\/kapitalis.com\/tunisie\/#organization\"},\"potentialAction\":[{\"@type\":\"SearchAction\",\"target\":{\"@type\":\"EntryPoint\",\"urlTemplate\":\"https:\/\/kapitalis.com\/tunisie\/?s={search_term_string}\"},\"query-input\":{\"@type\":\"PropertyValueSpecification\",\"valueRequired\":true,\"valueName\":\"search_term_string\"}}],\"inLanguage\":\"fr-FR\"},{\"@type\":\"Organization\",\"@id\":\"https:\/\/kapitalis.com\/tunisie\/#organization\",\"name\":\"Kapitalis\",\"url\":\"https:\/\/kapitalis.com\/tunisie\/\",\"logo\":{\"@type\":\"ImageObject\",\"inLanguage\":\"fr-FR\",\"@id\":\"https:\/\/kapitalis.com\/tunisie\/#\/schema\/logo\/image\/\",\"url\":\"https:\/\/kapitalis.com\/tunisie\/wp-content\/uploads\/2022\/05\/Kapitalis-big-size.png\",\"contentUrl\":\"https:\/\/kapitalis.com\/tunisie\/wp-content\/uploads\/2022\/05\/Kapitalis-big-size.png\",\"width\":5000,\"height\":1500,\"caption\":\"Kapitalis\"},\"image\":{\"@id\":\"https:\/\/kapitalis.com\/tunisie\/#\/schema\/logo\/image\/\"},\"sameAs\":[\"https:\/\/www.facebook.com\/KapitalisInfo\/\",\"https:\/\/x.com\/KapitalisInfo\",\"https:\/\/www.youtube.com\/channel\/UC-yDYrHyfFBWWZaOw3FPg9Q\"]},{\"@type\":\"Person\",\"@id\":\"https:\/\/kapitalis.com\/tunisie\/#\/schema\/person\/74bbde0154d49d790a92aaeac5bc01d5\",\"name\":\"Yusra NY\",\"url\":\"https:\/\/kapitalis.com\/tunisie\/author\/yuza_adam\/\"}]}<\/script>\n<!-- \/ Yoast SEO plugin. -->","yoast_head_json":{"title":"La direction des services v\u00e9t\u00e9rinaires d\u00e9plore le d\u00e9c\u00e8s de Dr Sa\u00efd Bahri - Kapitalis","robots":{"index":"index","follow":"follow","max-snippet":"max-snippet:-1","max-image-preview":"max-image-preview:large","max-video-preview":"max-video-preview:-1"},"canonical":"https:\/\/kapitalis.com\/tunisie\/2024\/04\/11\/la-direction-des-services-veterinaires-deplore-le-deces-de-dr-said-bahri\/","og_locale":"fr_FR","og_type":"article","og_title":"La direction des services v\u00e9t\u00e9rinaires d\u00e9plore le d\u00e9c\u00e8s de Dr Sa\u00efd Bahri - Kapitalis","og_description":"La Direction g\u00e9n\u00e9rale des services v\u00e9t\u00e9rinaires (DGSV) a d\u00e9plor\u00e9 le d\u00e9c\u00e8s de Dr Sa\u00efd Bahri, survenu hier, mercredi 10 avril 2024.","og_url":"https:\/\/kapitalis.com\/tunisie\/2024\/04\/11\/la-direction-des-services-veterinaires-deplore-le-deces-de-dr-said-bahri\/","og_site_name":"Kapitalis","article_publisher":"https:\/\/www.facebook.com\/KapitalisInfo\/","article_published_time":"2024-04-11T20:17:50+00:00","article_modified_time":"2024-04-11T20:26:13+00:00","og_image":[{"width":1200,"height":630,"url":"https:\/\/kapitalis.com\/tunisie\/wp-content\/uploads\/2024\/04\/Dr-Said-Bahri.jpg","type":"image\/jpeg"}],"author":"Yusra NY","twitter_card":"summary_large_image","twitter_creator":"@KapitalisInfo","twitter_site":"@KapitalisInfo","twitter_misc":{"\u00c9crit par":"Yusra NY","Dur\u00e9e de lecture estim\u00e9e":"1 minute"},"schema":{"@context":"https:\/\/schema.org","@graph":[{"@type":"Article","@id":"https:\/\/kapitalis.com\/tunisie\/2024\/04\/11\/la-direction-des-services-veterinaires-deplore-le-deces-de-dr-said-bahri\/#article","isPartOf":{"@id":"https:\/\/kapitalis.com\/tunisie\/2024\/04\/11\/la-direction-des-services-veterinaires-deplore-le-deces-de-dr-said-bahri\/"},"author":{"name":"Yusra NY","@id":"https:\/\/kapitalis.com\/tunisie\/#\/schema\/person\/74bbde0154d49d790a92aaeac5bc01d5"},"headline":"La direction des services v\u00e9t\u00e9rinaires d\u00e9plore le d\u00e9c\u00e8s de Dr Sa\u00efd Bahri","datePublished":"2024-04-11T20:17:50+00:00","dateModified":"2024-04-11T20:26:13+00:00","mainEntityOfPage":{"@id":"https:\/\/kapitalis.com\/tunisie\/2024\/04\/11\/la-direction-des-services-veterinaires-deplore-le-deces-de-dr-said-bahri\/"},"wordCount":185,"commentCount":0,"publisher":{"@id":"https:\/\/kapitalis.com\/tunisie\/#organization"},"image":{"@id":"https:\/\/kapitalis.com\/tunisie\/2024\/04\/11\/la-direction-des-services-veterinaires-deplore-le-deces-de-dr-said-bahri\/#primaryimage"},"thumbnailUrl":"https:\/\/kapitalis.com\/tunisie\/wp-content\/uploads\/2024\/04\/Dr-Said-Bahri.jpg","keywords":["d\u00e9c\u00e8s","DGSV","Dr Sa\u00efd Bahri","services v\u00e9t\u00e9rinaires","Tunisie"],"articleSection":["SOCIETE","Tunisie"],"inLanguage":"fr-FR","potentialAction":[{"@type":"CommentAction","name":"Comment","target":["https:\/\/kapitalis.com\/tunisie\/2024\/04\/11\/la-direction-des-services-veterinaires-deplore-le-deces-de-dr-said-bahri\/#respond"]}]},{"@type":"WebPage","@id":"https:\/\/kapitalis.com\/tunisie\/2024\/04\/11\/la-direction-des-services-veterinaires-deplore-le-deces-de-dr-said-bahri\/","url":"https:\/\/kapitalis.com\/tunisie\/2024\/04\/11\/la-direction-des-services-veterinaires-deplore-le-deces-de-dr-said-bahri\/","name":"La direction des services v\u00e9t\u00e9rinaires d\u00e9plore le d\u00e9c\u00e8s de Dr Sa\u00efd Bahri - Kapitalis","isPartOf":{"@id":"https:\/\/kapitalis.com\/tunisie\/#website"},"primaryImageOfPage":{"@id":"https:\/\/kapitalis.com\/tunisie\/2024\/04\/11\/la-direction-des-services-veterinaires-deplore-le-deces-de-dr-said-bahri\/#primaryimage"},"image":{"@id":"https:\/\/kapitalis.com\/tunisie\/2024\/04\/11\/la-direction-des-services-veterinaires-deplore-le-deces-de-dr-said-bahri\/#primaryimage"},"thumbnailUrl":"https:\/\/kapitalis.com\/tunisie\/wp-content\/uploads\/2024\/04\/Dr-Said-Bahri.jpg","datePublished":"2024-04-11T20:17:50+00:00","dateModified":"2024-04-11T20:26:13+00:00","breadcrumb":{"@id":"https:\/\/kapitalis.com\/tunisie\/2024\/04\/11\/la-direction-des-services-veterinaires-deplore-le-deces-de-dr-said-bahri\/#breadcrumb"},"inLanguage":"fr-FR","potentialAction":[{"@type":"ReadAction","target":["https:\/\/kapitalis.com\/tunisie\/2024\/04\/11\/la-direction-des-services-veterinaires-deplore-le-deces-de-dr-said-bahri\/"]}]},{"@type":"ImageObject","inLanguage":"fr-FR","@id":"https:\/\/kapitalis.com\/tunisie\/2024\/04\/11\/la-direction-des-services-veterinaires-deplore-le-deces-de-dr-said-bahri\/#primaryimage","url":"https:\/\/kapitalis.com\/tunisie\/wp-content\/uploads\/2024\/04\/Dr-Said-Bahri.jpg","contentUrl":"https:\/\/kapitalis.com\/tunisie\/wp-content\/uploads\/2024\/04\/Dr-Said-Bahri.jpg","width":1200,"height":630},{"@type":"BreadcrumbList","@id":"https:\/\/kapitalis.com\/tunisie\/2024\/04\/11\/la-direction-des-services-veterinaires-deplore-le-deces-de-dr-said-bahri\/#breadcrumb","itemListElement":[{"@type":"ListItem","position":1,"name":"Accueil","item":"https:\/\/kapitalis.com\/tunisie\/"},{"@type":"ListItem","position":2,"name":"La direction des services v\u00e9t\u00e9rinaires d\u00e9plore le d\u00e9c\u00e8s de Dr Sa\u00efd Bahri"}]},{"@type":"WebSite","@id":"https:\/\/kapitalis.com\/tunisie\/#website","url":"https:\/\/kapitalis.com\/tunisie\/","name":"Kapitalis","description":"L&#039;actualit\u00e9 en Tunisie et dans le monde","publisher":{"@id":"https:\/\/kapitalis.com\/tunisie\/#organization"},"potentialAction":[{"@type":"SearchAction","target":{"@type":"EntryPoint","urlTemplate":"https:\/\/kapitalis.com\/tunisie\/?s={search_term_string}"},"query-input":{"@type":"PropertyValueSpecification","valueRequired":true,"valueName":"search_term_string"}}],"inLanguage":"fr-FR"},{"@type":"Organization","@id":"https:\/\/kapitalis.com\/tunisie\/#organization","name":"Kapitalis","url":"https:\/\/kapitalis.com\/tunisie\/","logo":{"@type":"ImageObject","inLanguage":"fr-FR","@id":"https:\/\/kapitalis.com\/tunisie\/#\/schema\/logo\/image\/","url":"https:\/\/kapitalis.com\/tunisie\/wp-content\/uploads\/2022\/05\/Kapitalis-big-size.png","contentUrl":"https:\/\/kapitalis.com\/tunisie\/wp-content\/uploads\/2022\/05\/Kapitalis-big-size.png","width":5000,"height":1500,"caption":"Kapitalis"},"image":{"@id":"https:\/\/kapitalis.com\/tunisie\/#\/schema\/logo\/image\/"},"sameAs":["https:\/\/www.facebook.com\/KapitalisInfo\/","https:\/\/x.com\/KapitalisInfo","https:\/\/www.youtube.com\/channel\/UC-yDYrHyfFBWWZaOw3FPg9Q"]},{"@type":"Person","@id":"https:\/\/kapitalis.com\/tunisie\/#\/schema\/person\/74bbde0154d49d790a92aaeac5bc01d5","name":"Yusra NY","url":"https:\/\/kapitalis.com\/tunisie\/author\/yuza_adam\/"}]}},"_links":{"self":[{"href":"https:\/\/kapitalis.com\/tunisie\/wp-json\/wp\/v2\/posts\/12440948","targetHints":{"allow":["GET"]}}],"collection":[{"href":"https:\/\/kapitalis.com\/tunisie\/wp-json\/wp\/v2\/posts"}],"about":[{"href":"https:\/\/kapitalis.com\/tunisie\/wp-json\/wp\/v2\/types\/post"}],"author":[{"embeddable":true,"href":"https:\/\/kapitalis.com\/tunisie\/wp-json\/wp\/v2\/users\/6"}],"replies":[{"embeddable":true,"href":"https:\/\/kapitalis.com\/tunisie\/wp-json\/wp\/v2\/comments?post=12440948"}],"version-history":[{"count":1,"href":"https:\/\/kapitalis.com\/tunisie\/wp-json\/wp\/v2\/posts\/12440948\/revisions"}],"predecessor-version":[{"id":12440973,"href":"https:\/\/kapitalis.com\/tunisie\/wp-json\/wp\/v2\/posts\/12440948\/revisions\/12440973"}],"wp:featuredmedia":[{"embeddable":true,"href":"https:\/\/kapitalis.com\/tunisie\/wp-json\/wp\/v2\/media\/12441004"}],"wp:attachment":[{"href":"https:\/\/kapitalis.com\/tunisie\/wp-json\/wp\/v2\/media?parent=12440948"}],"wp:term":[{"taxonomy":"category","embeddable":true,"href":"https:\/\/kapitalis.com\/tunisie\/wp-json\/wp\/v2\/categories?post=12440948"},{"taxonomy":"post_tag","embeddable":true,"href":"https:\/\/kapitalis.com\/tunisie\/wp-json\/wp\/v2\/tags?post=12440948"}],"curies":[{"name":"wp","href":"https:\/\/api.w.org\/{rel}","templated":true}]}}