{"id":12441215,"date":"2024-04-11T21:58:09","date_gmt":"2024-04-11T20:58:09","guid":{"rendered":"https:\/\/kapitalis.com\/tunisie\/?p=12441215"},"modified":"2024-04-11T22:27:23","modified_gmt":"2024-04-11T21:27:23","slug":"tunisie-retour-de-vacances-de-laid-avis-aux-usagers-de-la-route","status":"publish","type":"post","link":"https:\/\/kapitalis.com\/tunisie\/2024\/04\/11\/tunisie-retour-de-vacances-de-laid-avis-aux-usagers-de-la-route\/","title":{"rendered":"Tunisie-Retour de vacances de l&rsquo;A\u00efd : Avis aux usagers de la route"},"content":{"rendered":"\n<p><em><strong>Pour le retour des vacances de l&rsquo;A\u00efd El-Fitr, le minist\u00e8re de l&rsquo;Int\u00e9rieur a annonc\u00e9 des mesures exceptionnelles pour les usagers de la route, notamment la mise en place d&rsquo;un dispositif au niveau de l&rsquo;entr\u00e9e sud de Tunis.<\/strong><\/em><\/p>\n\n\n\n<!--more-->\n\n\n\n<p>Ces mesures visent \u00e0 all\u00e9ger le trafic routier, d&rsquo;autant que des travaux sont en cours \u00e0 l&rsquo;entr\u00e9e de la capitale, indique le d\u00e9partement de l&rsquo;Int\u00e9rieur, en pr\u00e9cisant qu&rsquo;il est possible d&#8217;emprunter la route nationale N1 en passant par la sortie menant vers le stade de Rad\u00e8s, puis le croisement de la Nouvelle Medina et le croisement Chouchet Rades vers le pont Rades-La Goulette afin d&rsquo;acc\u00e9der au centre-ville ou \u00e0 la banlieue nord de Tunis.<\/p>\n\n\n\n<p>Les usagers de la route peuvent \u00e9galement emprunter la sortie situ\u00e9e au niveau de la banque de l\u2019Habitat vers le pont Chouchet Rad\u00e9s, indique la m\u00eame source, en ajoutant qu&rsquo;il \u00e9galement possible d&#8217;emprunter la route menant au centre-ville via le pont de La Cagna, puis l\u2019intersection entre El-Ouardia 1 et 2 en direction de Bab Alioua, pour prendre ensuite l\u2019\u00e9changeur menant vers Moncef Bey jusqu\u2019\u00e0 l&rsquo;avenue du Maghreb Arabe \u00e0 la Z4.<\/p>\n\n\n\n<p>Le minist\u00e8re affirme avoir mobilis\u00e9 toutes les ressources humaines et mat\u00e9rielles n\u00e9cessaires pour orienter et aider les usagers de la route afin que leur retour se d\u00e9roule dans les meilleures conditions et a \u00e9galement mis \u00e0 leur disposition deux num\u00e9ros de t\u00e9l\u00e9phone en cas de besoin : 71342787 et 71343201<\/p>\n\n\n\n<p class=\"has-text-align-right\"><strong>Y. N.<\/strong><\/p>\n","protected":false},"excerpt":{"rendered":"<p>Pour le retour des vacances de l&rsquo;A\u00efd El-Fitr, le minist\u00e8re de l&rsquo;Int\u00e9rieur a annonc\u00e9 des mesures exceptionnelles pour les usagers de la route, notamment la mise en place d&rsquo;un dispositif au niveau de l&rsquo;entr\u00e9e sud de Tunis.<\/p>\n","protected":false},"author":6,"featured_media":12441289,"comment_status":"open","ping_status":"open","sticky":false,"template":"","format":"standard","meta":{"footnotes":""},"categories":[998,2433],"tags":[125,186,1817,912,64491,62643,114933],"class_list":["post-12441215","post","type-post","status-publish","format-standard","has-post-thumbnail","hentry","category-societe","category-tunisie","tag-banlieue","tag-capitale","tag-centre-ville","tag-trafic","tag-tunis","tag-tunisie","tag-usagers-de-la-route"],"yoast_head":"<!-- This site is optimized with the Yoast SEO plugin v26.6 - https:\/\/yoast.com\/wordpress\/plugins\/seo\/ -->\n<title>Tunisie-Retour de vacances de l&#039;A\u00efd : Avis aux usagers de la route - Kapitalis<\/title>\n<meta name=\"robots\" content=\"index, follow, max-snippet:-1, max-image-preview:large, max-video-preview:-1\" \/>\n<link rel=\"canonical\" href=\"https:\/\/kapitalis.com\/tunisie\/2024\/04\/11\/tunisie-retour-de-vacances-de-laid-avis-aux-usagers-de-la-route\/\" \/>\n<meta property=\"og:locale\" content=\"fr_FR\" \/>\n<meta property=\"og:type\" content=\"article\" \/>\n<meta property=\"og:title\" content=\"Tunisie-Retour de vacances de l&#039;A\u00efd : Avis aux usagers de la route - Kapitalis\" \/>\n<meta property=\"og:description\" content=\"Pour le retour des vacances de l&rsquo;A\u00efd El-Fitr, le minist\u00e8re de l&rsquo;Int\u00e9rieur a annonc\u00e9 des mesures exceptionnelles pour les usagers de la route, notamment la mise en place d&rsquo;un dispositif au niveau de l&rsquo;entr\u00e9e sud de Tunis.\" \/>\n<meta property=\"og:url\" content=\"https:\/\/kapitalis.com\/tunisie\/2024\/04\/11\/tunisie-retour-de-vacances-de-laid-avis-aux-usagers-de-la-route\/\" \/>\n<meta property=\"og:site_name\" content=\"Kapitalis\" \/>\n<meta property=\"article:publisher\" content=\"https:\/\/www.facebook.com\/KapitalisInfo\/\" \/>\n<meta property=\"article:published_time\" content=\"2024-04-11T20:58:09+00:00\" \/>\n<meta property=\"article:modified_time\" content=\"2024-04-11T21:27:23+00:00\" \/>\n<meta property=\"og:image\" content=\"https:\/\/kapitalis.com\/tunisie\/wp-content\/uploads\/2024\/04\/MI-trafic.jpg\" \/>\n\t<meta property=\"og:image:width\" content=\"1200\" \/>\n\t<meta property=\"og:image:height\" content=\"630\" \/>\n\t<meta property=\"og:image:type\" content=\"image\/jpeg\" \/>\n<meta name=\"author\" content=\"Yusra NY\" \/>\n<meta name=\"twitter:card\" content=\"summary_large_image\" \/>\n<meta name=\"twitter:creator\" content=\"@KapitalisInfo\" \/>\n<meta name=\"twitter:site\" content=\"@KapitalisInfo\" \/>\n<meta name=\"twitter:label1\" content=\"\u00c9crit par\" \/>\n\t<meta name=\"twitter:data1\" content=\"Yusra NY\" \/>\n\t<meta name=\"twitter:label2\" content=\"Dur\u00e9e de lecture estim\u00e9e\" \/>\n\t<meta name=\"twitter:data2\" content=\"2 minutes\" \/>\n<script type=\"application\/ld+json\" class=\"yoast-schema-graph\">{\"@context\":\"https:\/\/schema.org\",\"@graph\":[{\"@type\":\"Article\",\"@id\":\"https:\/\/kapitalis.com\/tunisie\/2024\/04\/11\/tunisie-retour-de-vacances-de-laid-avis-aux-usagers-de-la-route\/#article\",\"isPartOf\":{\"@id\":\"https:\/\/kapitalis.com\/tunisie\/2024\/04\/11\/tunisie-retour-de-vacances-de-laid-avis-aux-usagers-de-la-route\/\"},\"author\":{\"name\":\"Yusra NY\",\"@id\":\"https:\/\/kapitalis.com\/tunisie\/#\/schema\/person\/74bbde0154d49d790a92aaeac5bc01d5\"},\"headline\":\"Tunisie-Retour de vacances de l&rsquo;A\u00efd : Avis aux usagers de la route\",\"datePublished\":\"2024-04-11T20:58:09+00:00\",\"dateModified\":\"2024-04-11T21:27:23+00:00\",\"mainEntityOfPage\":{\"@id\":\"https:\/\/kapitalis.com\/tunisie\/2024\/04\/11\/tunisie-retour-de-vacances-de-laid-avis-aux-usagers-de-la-route\/\"},\"wordCount\":261,\"commentCount\":0,\"publisher\":{\"@id\":\"https:\/\/kapitalis.com\/tunisie\/#organization\"},\"image\":{\"@id\":\"https:\/\/kapitalis.com\/tunisie\/2024\/04\/11\/tunisie-retour-de-vacances-de-laid-avis-aux-usagers-de-la-route\/#primaryimage\"},\"thumbnailUrl\":\"https:\/\/kapitalis.com\/tunisie\/wp-content\/uploads\/2024\/04\/MI-trafic.jpg\",\"keywords\":[\"banlieue\",\"capitale\",\"centre-ville\",\"trafic\",\"Tunis\",\"Tunisie\",\"usagers de la route\"],\"articleSection\":[\"SOCIETE\",\"Tunisie\"],\"inLanguage\":\"fr-FR\",\"potentialAction\":[{\"@type\":\"CommentAction\",\"name\":\"Comment\",\"target\":[\"https:\/\/kapitalis.com\/tunisie\/2024\/04\/11\/tunisie-retour-de-vacances-de-laid-avis-aux-usagers-de-la-route\/#respond\"]}]},{\"@type\":\"WebPage\",\"@id\":\"https:\/\/kapitalis.com\/tunisie\/2024\/04\/11\/tunisie-retour-de-vacances-de-laid-avis-aux-usagers-de-la-route\/\",\"url\":\"https:\/\/kapitalis.com\/tunisie\/2024\/04\/11\/tunisie-retour-de-vacances-de-laid-avis-aux-usagers-de-la-route\/\",\"name\":\"Tunisie-Retour de vacances de l'A\u00efd : Avis aux usagers de la route - Kapitalis\",\"isPartOf\":{\"@id\":\"https:\/\/kapitalis.com\/tunisie\/#website\"},\"primaryImageOfPage\":{\"@id\":\"https:\/\/kapitalis.com\/tunisie\/2024\/04\/11\/tunisie-retour-de-vacances-de-laid-avis-aux-usagers-de-la-route\/#primaryimage\"},\"image\":{\"@id\":\"https:\/\/kapitalis.com\/tunisie\/2024\/04\/11\/tunisie-retour-de-vacances-de-laid-avis-aux-usagers-de-la-route\/#primaryimage\"},\"thumbnailUrl\":\"https:\/\/kapitalis.com\/tunisie\/wp-content\/uploads\/2024\/04\/MI-trafic.jpg\",\"datePublished\":\"2024-04-11T20:58:09+00:00\",\"dateModified\":\"2024-04-11T21:27:23+00:00\",\"breadcrumb\":{\"@id\":\"https:\/\/kapitalis.com\/tunisie\/2024\/04\/11\/tunisie-retour-de-vacances-de-laid-avis-aux-usagers-de-la-route\/#breadcrumb\"},\"inLanguage\":\"fr-FR\",\"potentialAction\":[{\"@type\":\"ReadAction\",\"target\":[\"https:\/\/kapitalis.com\/tunisie\/2024\/04\/11\/tunisie-retour-de-vacances-de-laid-avis-aux-usagers-de-la-route\/\"]}]},{\"@type\":\"ImageObject\",\"inLanguage\":\"fr-FR\",\"@id\":\"https:\/\/kapitalis.com\/tunisie\/2024\/04\/11\/tunisie-retour-de-vacances-de-laid-avis-aux-usagers-de-la-route\/#primaryimage\",\"url\":\"https:\/\/kapitalis.com\/tunisie\/wp-content\/uploads\/2024\/04\/MI-trafic.jpg\",\"contentUrl\":\"https:\/\/kapitalis.com\/tunisie\/wp-content\/uploads\/2024\/04\/MI-trafic.jpg\",\"width\":1200,\"height\":630},{\"@type\":\"BreadcrumbList\",\"@id\":\"https:\/\/kapitalis.com\/tunisie\/2024\/04\/11\/tunisie-retour-de-vacances-de-laid-avis-aux-usagers-de-la-route\/#breadcrumb\",\"itemListElement\":[{\"@type\":\"ListItem\",\"position\":1,\"name\":\"Accueil\",\"item\":\"https:\/\/kapitalis.com\/tunisie\/\"},{\"@type\":\"ListItem\",\"position\":2,\"name\":\"Tunisie-Retour de vacances de l&rsquo;A\u00efd : Avis aux usagers de la route\"}]},{\"@type\":\"WebSite\",\"@id\":\"https:\/\/kapitalis.com\/tunisie\/#website\",\"url\":\"https:\/\/kapitalis.com\/tunisie\/\",\"name\":\"Kapitalis\",\"description\":\"L&#039;actualit\u00e9 en Tunisie et dans le monde\",\"publisher\":{\"@id\":\"https:\/\/kapitalis.com\/tunisie\/#organization\"},\"potentialAction\":[{\"@type\":\"SearchAction\",\"target\":{\"@type\":\"EntryPoint\",\"urlTemplate\":\"https:\/\/kapitalis.com\/tunisie\/?s={search_term_string}\"},\"query-input\":{\"@type\":\"PropertyValueSpecification\",\"valueRequired\":true,\"valueName\":\"search_term_string\"}}],\"inLanguage\":\"fr-FR\"},{\"@type\":\"Organization\",\"@id\":\"https:\/\/kapitalis.com\/tunisie\/#organization\",\"name\":\"Kapitalis\",\"url\":\"https:\/\/kapitalis.com\/tunisie\/\",\"logo\":{\"@type\":\"ImageObject\",\"inLanguage\":\"fr-FR\",\"@id\":\"https:\/\/kapitalis.com\/tunisie\/#\/schema\/logo\/image\/\",\"url\":\"https:\/\/kapitalis.com\/tunisie\/wp-content\/uploads\/2022\/05\/Kapitalis-big-size.png\",\"contentUrl\":\"https:\/\/kapitalis.com\/tunisie\/wp-content\/uploads\/2022\/05\/Kapitalis-big-size.png\",\"width\":5000,\"height\":1500,\"caption\":\"Kapitalis\"},\"image\":{\"@id\":\"https:\/\/kapitalis.com\/tunisie\/#\/schema\/logo\/image\/\"},\"sameAs\":[\"https:\/\/www.facebook.com\/KapitalisInfo\/\",\"https:\/\/x.com\/KapitalisInfo\",\"https:\/\/www.youtube.com\/channel\/UC-yDYrHyfFBWWZaOw3FPg9Q\"]},{\"@type\":\"Person\",\"@id\":\"https:\/\/kapitalis.com\/tunisie\/#\/schema\/person\/74bbde0154d49d790a92aaeac5bc01d5\",\"name\":\"Yusra NY\",\"url\":\"https:\/\/kapitalis.com\/tunisie\/author\/yuza_adam\/\"}]}<\/script>\n<!-- \/ Yoast SEO plugin. -->","yoast_head_json":{"title":"Tunisie-Retour de vacances de l'A\u00efd : Avis aux usagers de la route - Kapitalis","robots":{"index":"index","follow":"follow","max-snippet":"max-snippet:-1","max-image-preview":"max-image-preview:large","max-video-preview":"max-video-preview:-1"},"canonical":"https:\/\/kapitalis.com\/tunisie\/2024\/04\/11\/tunisie-retour-de-vacances-de-laid-avis-aux-usagers-de-la-route\/","og_locale":"fr_FR","og_type":"article","og_title":"Tunisie-Retour de vacances de l'A\u00efd : Avis aux usagers de la route - Kapitalis","og_description":"Pour le retour des vacances de l&rsquo;A\u00efd El-Fitr, le minist\u00e8re de l&rsquo;Int\u00e9rieur a annonc\u00e9 des mesures exceptionnelles pour les usagers de la route, notamment la mise en place d&rsquo;un dispositif au niveau de l&rsquo;entr\u00e9e sud de Tunis.","og_url":"https:\/\/kapitalis.com\/tunisie\/2024\/04\/11\/tunisie-retour-de-vacances-de-laid-avis-aux-usagers-de-la-route\/","og_site_name":"Kapitalis","article_publisher":"https:\/\/www.facebook.com\/KapitalisInfo\/","article_published_time":"2024-04-11T20:58:09+00:00","article_modified_time":"2024-04-11T21:27:23+00:00","og_image":[{"width":1200,"height":630,"url":"https:\/\/kapitalis.com\/tunisie\/wp-content\/uploads\/2024\/04\/MI-trafic.jpg","type":"image\/jpeg"}],"author":"Yusra NY","twitter_card":"summary_large_image","twitter_creator":"@KapitalisInfo","twitter_site":"@KapitalisInfo","twitter_misc":{"\u00c9crit par":"Yusra NY","Dur\u00e9e de lecture estim\u00e9e":"2 minutes"},"schema":{"@context":"https:\/\/schema.org","@graph":[{"@type":"Article","@id":"https:\/\/kapitalis.com\/tunisie\/2024\/04\/11\/tunisie-retour-de-vacances-de-laid-avis-aux-usagers-de-la-route\/#article","isPartOf":{"@id":"https:\/\/kapitalis.com\/tunisie\/2024\/04\/11\/tunisie-retour-de-vacances-de-laid-avis-aux-usagers-de-la-route\/"},"author":{"name":"Yusra NY","@id":"https:\/\/kapitalis.com\/tunisie\/#\/schema\/person\/74bbde0154d49d790a92aaeac5bc01d5"},"headline":"Tunisie-Retour de vacances de l&rsquo;A\u00efd : Avis aux usagers de la route","datePublished":"2024-04-11T20:58:09+00:00","dateModified":"2024-04-11T21:27:23+00:00","mainEntityOfPage":{"@id":"https:\/\/kapitalis.com\/tunisie\/2024\/04\/11\/tunisie-retour-de-vacances-de-laid-avis-aux-usagers-de-la-route\/"},"wordCount":261,"commentCount":0,"publisher":{"@id":"https:\/\/kapitalis.com\/tunisie\/#organization"},"image":{"@id":"https:\/\/kapitalis.com\/tunisie\/2024\/04\/11\/tunisie-retour-de-vacances-de-laid-avis-aux-usagers-de-la-route\/#primaryimage"},"thumbnailUrl":"https:\/\/kapitalis.com\/tunisie\/wp-content\/uploads\/2024\/04\/MI-trafic.jpg","keywords":["banlieue","capitale","centre-ville","trafic","Tunis","Tunisie","usagers de la route"],"articleSection":["SOCIETE","Tunisie"],"inLanguage":"fr-FR","potentialAction":[{"@type":"CommentAction","name":"Comment","target":["https:\/\/kapitalis.com\/tunisie\/2024\/04\/11\/tunisie-retour-de-vacances-de-laid-avis-aux-usagers-de-la-route\/#respond"]}]},{"@type":"WebPage","@id":"https:\/\/kapitalis.com\/tunisie\/2024\/04\/11\/tunisie-retour-de-vacances-de-laid-avis-aux-usagers-de-la-route\/","url":"https:\/\/kapitalis.com\/tunisie\/2024\/04\/11\/tunisie-retour-de-vacances-de-laid-avis-aux-usagers-de-la-route\/","name":"Tunisie-Retour de vacances de l'A\u00efd : Avis aux usagers de la route - Kapitalis","isPartOf":{"@id":"https:\/\/kapitalis.com\/tunisie\/#website"},"primaryImageOfPage":{"@id":"https:\/\/kapitalis.com\/tunisie\/2024\/04\/11\/tunisie-retour-de-vacances-de-laid-avis-aux-usagers-de-la-route\/#primaryimage"},"image":{"@id":"https:\/\/kapitalis.com\/tunisie\/2024\/04\/11\/tunisie-retour-de-vacances-de-laid-avis-aux-usagers-de-la-route\/#primaryimage"},"thumbnailUrl":"https:\/\/kapitalis.com\/tunisie\/wp-content\/uploads\/2024\/04\/MI-trafic.jpg","datePublished":"2024-04-11T20:58:09+00:00","dateModified":"2024-04-11T21:27:23+00:00","breadcrumb":{"@id":"https:\/\/kapitalis.com\/tunisie\/2024\/04\/11\/tunisie-retour-de-vacances-de-laid-avis-aux-usagers-de-la-route\/#breadcrumb"},"inLanguage":"fr-FR","potentialAction":[{"@type":"ReadAction","target":["https:\/\/kapitalis.com\/tunisie\/2024\/04\/11\/tunisie-retour-de-vacances-de-laid-avis-aux-usagers-de-la-route\/"]}]},{"@type":"ImageObject","inLanguage":"fr-FR","@id":"https:\/\/kapitalis.com\/tunisie\/2024\/04\/11\/tunisie-retour-de-vacances-de-laid-avis-aux-usagers-de-la-route\/#primaryimage","url":"https:\/\/kapitalis.com\/tunisie\/wp-content\/uploads\/2024\/04\/MI-trafic.jpg","contentUrl":"https:\/\/kapitalis.com\/tunisie\/wp-content\/uploads\/2024\/04\/MI-trafic.jpg","width":1200,"height":630},{"@type":"BreadcrumbList","@id":"https:\/\/kapitalis.com\/tunisie\/2024\/04\/11\/tunisie-retour-de-vacances-de-laid-avis-aux-usagers-de-la-route\/#breadcrumb","itemListElement":[{"@type":"ListItem","position":1,"name":"Accueil","item":"https:\/\/kapitalis.com\/tunisie\/"},{"@type":"ListItem","position":2,"name":"Tunisie-Retour de vacances de l&rsquo;A\u00efd : Avis aux usagers de la route"}]},{"@type":"WebSite","@id":"https:\/\/kapitalis.com\/tunisie\/#website","url":"https:\/\/kapitalis.com\/tunisie\/","name":"Kapitalis","description":"L&#039;actualit\u00e9 en Tunisie et dans le monde","publisher":{"@id":"https:\/\/kapitalis.com\/tunisie\/#organization"},"potentialAction":[{"@type":"SearchAction","target":{"@type":"EntryPoint","urlTemplate":"https:\/\/kapitalis.com\/tunisie\/?s={search_term_string}"},"query-input":{"@type":"PropertyValueSpecification","valueRequired":true,"valueName":"search_term_string"}}],"inLanguage":"fr-FR"},{"@type":"Organization","@id":"https:\/\/kapitalis.com\/tunisie\/#organization","name":"Kapitalis","url":"https:\/\/kapitalis.com\/tunisie\/","logo":{"@type":"ImageObject","inLanguage":"fr-FR","@id":"https:\/\/kapitalis.com\/tunisie\/#\/schema\/logo\/image\/","url":"https:\/\/kapitalis.com\/tunisie\/wp-content\/uploads\/2022\/05\/Kapitalis-big-size.png","contentUrl":"https:\/\/kapitalis.com\/tunisie\/wp-content\/uploads\/2022\/05\/Kapitalis-big-size.png","width":5000,"height":1500,"caption":"Kapitalis"},"image":{"@id":"https:\/\/kapitalis.com\/tunisie\/#\/schema\/logo\/image\/"},"sameAs":["https:\/\/www.facebook.com\/KapitalisInfo\/","https:\/\/x.com\/KapitalisInfo","https:\/\/www.youtube.com\/channel\/UC-yDYrHyfFBWWZaOw3FPg9Q"]},{"@type":"Person","@id":"https:\/\/kapitalis.com\/tunisie\/#\/schema\/person\/74bbde0154d49d790a92aaeac5bc01d5","name":"Yusra NY","url":"https:\/\/kapitalis.com\/tunisie\/author\/yuza_adam\/"}]}},"_links":{"self":[{"href":"https:\/\/kapitalis.com\/tunisie\/wp-json\/wp\/v2\/posts\/12441215","targetHints":{"allow":["GET"]}}],"collection":[{"href":"https:\/\/kapitalis.com\/tunisie\/wp-json\/wp\/v2\/posts"}],"about":[{"href":"https:\/\/kapitalis.com\/tunisie\/wp-json\/wp\/v2\/types\/post"}],"author":[{"embeddable":true,"href":"https:\/\/kapitalis.com\/tunisie\/wp-json\/wp\/v2\/users\/6"}],"replies":[{"embeddable":true,"href":"https:\/\/kapitalis.com\/tunisie\/wp-json\/wp\/v2\/comments?post=12441215"}],"version-history":[{"count":3,"href":"https:\/\/kapitalis.com\/tunisie\/wp-json\/wp\/v2\/posts\/12441215\/revisions"}],"predecessor-version":[{"id":12441303,"href":"https:\/\/kapitalis.com\/tunisie\/wp-json\/wp\/v2\/posts\/12441215\/revisions\/12441303"}],"wp:featuredmedia":[{"embeddable":true,"href":"https:\/\/kapitalis.com\/tunisie\/wp-json\/wp\/v2\/media\/12441289"}],"wp:attachment":[{"href":"https:\/\/kapitalis.com\/tunisie\/wp-json\/wp\/v2\/media?parent=12441215"}],"wp:term":[{"taxonomy":"category","embeddable":true,"href":"https:\/\/kapitalis.com\/tunisie\/wp-json\/wp\/v2\/categories?post=12441215"},{"taxonomy":"post_tag","embeddable":true,"href":"https:\/\/kapitalis.com\/tunisie\/wp-json\/wp\/v2\/tags?post=12441215"}],"curies":[{"name":"wp","href":"https:\/\/api.w.org\/{rel}","templated":true}]}}