{"id":12443402,"date":"2024-04-12T09:06:41","date_gmt":"2024-04-12T08:06:41","guid":{"rendered":"https:\/\/kapitalis.com\/tunisie\/?p=12443402"},"modified":"2024-04-12T09:06:42","modified_gmt":"2024-04-12T08:06:42","slug":"une-virtuose-farah-fersi-fait-vibrer-lame-du-qanoun-video","status":"publish","type":"post","link":"https:\/\/kapitalis.com\/tunisie\/2024\/04\/12\/une-virtuose-farah-fersi-fait-vibrer-lame-du-qanoun-video\/","title":{"rendered":"Une virtuose\u00a0: Farah Fersi fait vibrer l\u2019\u00e2me du qanoun (Vid\u00e9o) \u00a0"},"content":{"rendered":"\n<p><strong><em>Farah Fersi, musicienne tunisienne r\u00e9sidant \u00e0 Bordeaux en France, est une jeune virtuose du qanun, qui vient de se produire, le 6 avril 2024, \u00e0 la place Halfaouine, \u00e0 la lisi\u00e8re de la m\u00e9dina de Tunis, dans le cadre du Festival Tajalyat Halfaouine organis\u00e9 par le \u00a0Th\u00e9\u00e2tre national tunisien (TNT). <a href=\"https:\/\/www.facebook.com\/FarahKanun\/videos\/912548886750821\/\" target=\"_blank\" rel=\"noreferrer noopener\">Vid\u00e9o<\/a>. <\/em><\/strong><\/p>\n\n\n\n<!--more-->\n\n\n\n<p>Le qanoun (ou kanoun) est l\u2019embl\u00e8me m\u00eame de la musique arabe. \u00ab<em>C\u2019est une sorte de harpe ancienne,&nbsp; jou\u00e9e dans le monde arabe depuis le 10<sup>e<\/sup> si\u00e8cle. On la pose sur les genoux et en m\u00eame temps que l\u2019on pince les cordes avec ses ongles, ou avec des plectres, on module les sons en activant de petits leviers au bout des cordes, ces leviers vont changer la note et donner les di\u00e8ses, les b\u00e9mols, les quarts de tons qui font la sp\u00e9cificit\u00e9 des r\u00e9pertoires du monde arabe\u00bb<\/em>, explique S\u00e9bastien Llinar\u00e8s.<\/p>\n\n\n\n<p>Le musicien, guitariste et producteur fran\u00e7ais ne tarit pas d\u2019\u00e9loge envers Farah Fersi&nbsp;: <em>\u00abDans ses mains, l\u2019instrument est un carrefour, un point de rencontre, un lieu de dialogue entre les diff\u00e9rentes musiques et les diff\u00e9rentes cultures m\u00e9diterran\u00e9ennes\u00bb<\/em>, \u00e9crit-il.<\/p>\n\n\n\n<p>A Halfaouine, esprit de ramadan oblige, la belle et ravissante musicienne a donn\u00e9 un concert \u00e0 connotation mystique intitul\u00e9 <em>\u2018\u2018Lumi\u00e8re \u00c9ternelle\u2019\u2019<\/em>. Elle y a d\u00e9ploy\u00e9 sa virtuosit\u00e9 en r\u00e9pandant la joie de la musique avec beaucoup d\u2019\u00e9nergie et d\u2019amour.<\/p>\n\n\n<div class=\"wp-block-image\">\n<figure class=\"aligncenter size-large is-resized\"><img loading=\"lazy\" decoding=\"async\" width=\"1024\" height=\"538\" src=\"https:\/\/kapitalis.com\/tunisie\/wp-content\/uploads\/2024\/04\/Farah-Fersi-2-1024x538.jpg\" alt=\"\" class=\"wp-image-12443440\" style=\"width:800px\" srcset=\"https:\/\/kapitalis.com\/tunisie\/wp-content\/uploads\/2024\/04\/Farah-Fersi-2-1024x538.jpg 1024w, https:\/\/kapitalis.com\/tunisie\/wp-content\/uploads\/2024\/04\/Farah-Fersi-2-300x158.jpg 300w, https:\/\/kapitalis.com\/tunisie\/wp-content\/uploads\/2024\/04\/Farah-Fersi-2-768x403.jpg 768w, https:\/\/kapitalis.com\/tunisie\/wp-content\/uploads\/2024\/04\/Farah-Fersi-2-580x305.jpg 580w, https:\/\/kapitalis.com\/tunisie\/wp-content\/uploads\/2024\/04\/Farah-Fersi-2-860x452.jpg 860w, https:\/\/kapitalis.com\/tunisie\/wp-content\/uploads\/2024\/04\/Farah-Fersi-2-1160x609.jpg 1160w, https:\/\/kapitalis.com\/tunisie\/wp-content\/uploads\/2024\/04\/Farah-Fersi-2.jpg 1200w\" sizes=\"auto, (max-width: 1024px) 100vw, 1024px\" \/><\/figure>\n<\/div>\n\n\n<p>Evoquant sa d\u00e9couverte de l\u2019instrument, qui est devenu pour ainsi dire l\u2019affaire de sa vie, Farah Fersi d\u00e9clar\u00e9&nbsp;:<em> \u00abJe voulais l\u2019apprendre parce que les gens disaient que c\u2019\u00e9tait tr\u00e8s difficile et cela m\u2019a en fait encourag\u00e9e. J\u2019ai toujours admir\u00e9 \u00e9couter le qanun quand j\u2019\u00e9tais enfant, alors j\u2019ai essay\u00e9&nbsp;!\u00bb<\/em> Avouons que le r\u00e9sultat est exceptionnel, la musicienne montrant, malgr\u00e9 son tr\u00e8s jeune \u00e2ge, une virtuosit\u00e9 qui traverse d\u00e9sormais les fronti\u00e8res et lui vaut un d\u00e9but de notori\u00e9t\u00e9 internationale. &nbsp;&nbsp;&nbsp;&nbsp;&nbsp;<\/p>\n\n\n\n<p><a href=\"https:\/\/www.facebook.com\/FarahKanun\" target=\"_blank\" rel=\"noreferrer noopener\">Page Facebook de Farah<\/a>. <\/p>\n","protected":false},"excerpt":{"rendered":"<p>Farah Fersi est une musicienne tunisienne, virtuose du qanoun, r\u00e9sidant \u00e0 Bordeaux en France. <\/p>\n","protected":false},"author":8,"featured_media":12443438,"comment_status":"open","ping_status":"open","sticky":false,"template":"","format":"standard","meta":{"footnotes":""},"categories":[994,2433],"tags":[114938,114940,108898,114939,114942,114941],"class_list":["post-12443402","post","type-post","status-publish","format-standard","has-post-thumbnail","hentry","category-culture","category-tunisie","tag-farah-fersi","tag-kanoun","tag-musique-arabe","tag-qanoun","tag-sebastien-llinares","tag-tajalyat-halfaouine"],"yoast_head":"<!-- This site is optimized with the Yoast SEO plugin v26.6 - https:\/\/yoast.com\/wordpress\/plugins\/seo\/ -->\n<title>Une virtuose\u00a0: Farah Fersi fait vibrer l\u2019\u00e2me du qanoun (Vid\u00e9o) \u00a0 - Kapitalis<\/title>\n<meta name=\"robots\" content=\"index, follow, max-snippet:-1, max-image-preview:large, max-video-preview:-1\" \/>\n<link rel=\"canonical\" href=\"https:\/\/kapitalis.com\/tunisie\/2024\/04\/12\/une-virtuose-farah-fersi-fait-vibrer-lame-du-qanoun-video\/\" \/>\n<meta property=\"og:locale\" content=\"fr_FR\" \/>\n<meta property=\"og:type\" content=\"article\" \/>\n<meta property=\"og:title\" content=\"Une virtuose\u00a0: Farah Fersi fait vibrer l\u2019\u00e2me du qanoun (Vid\u00e9o) \u00a0 - Kapitalis\" \/>\n<meta property=\"og:description\" content=\"Farah Fersi est une musicienne tunisienne, virtuose du qanoun, r\u00e9sidant \u00e0 Bordeaux en France.\" \/>\n<meta property=\"og:url\" content=\"https:\/\/kapitalis.com\/tunisie\/2024\/04\/12\/une-virtuose-farah-fersi-fait-vibrer-lame-du-qanoun-video\/\" \/>\n<meta property=\"og:site_name\" content=\"Kapitalis\" \/>\n<meta property=\"article:publisher\" content=\"https:\/\/www.facebook.com\/KapitalisInfo\/\" \/>\n<meta property=\"article:published_time\" content=\"2024-04-12T08:06:41+00:00\" \/>\n<meta property=\"article:modified_time\" content=\"2024-04-12T08:06:42+00:00\" \/>\n<meta property=\"og:image\" content=\"https:\/\/kapitalis.com\/tunisie\/wp-content\/uploads\/2024\/04\/Farah-Fersi.jpg\" \/>\n\t<meta property=\"og:image:width\" content=\"1200\" \/>\n\t<meta property=\"og:image:height\" content=\"630\" \/>\n\t<meta property=\"og:image:type\" content=\"image\/jpeg\" \/>\n<meta name=\"author\" content=\"webmaster kapitalis\" \/>\n<meta name=\"twitter:card\" content=\"summary_large_image\" \/>\n<meta name=\"twitter:creator\" content=\"@KapitalisInfo\" \/>\n<meta name=\"twitter:site\" content=\"@KapitalisInfo\" \/>\n<meta name=\"twitter:label1\" content=\"\u00c9crit par\" \/>\n\t<meta name=\"twitter:data1\" content=\"webmaster kapitalis\" \/>\n\t<meta name=\"twitter:label2\" content=\"Dur\u00e9e de lecture estim\u00e9e\" \/>\n\t<meta name=\"twitter:data2\" content=\"2 minutes\" \/>\n<script type=\"application\/ld+json\" class=\"yoast-schema-graph\">{\"@context\":\"https:\/\/schema.org\",\"@graph\":[{\"@type\":\"Article\",\"@id\":\"https:\/\/kapitalis.com\/tunisie\/2024\/04\/12\/une-virtuose-farah-fersi-fait-vibrer-lame-du-qanoun-video\/#article\",\"isPartOf\":{\"@id\":\"https:\/\/kapitalis.com\/tunisie\/2024\/04\/12\/une-virtuose-farah-fersi-fait-vibrer-lame-du-qanoun-video\/\"},\"author\":{\"name\":\"webmaster kapitalis\",\"@id\":\"https:\/\/kapitalis.com\/tunisie\/#\/schema\/person\/d71f33a9ca44f7bad4698210b480c8e9\"},\"headline\":\"Une virtuose\u00a0: Farah Fersi fait vibrer l\u2019\u00e2me du qanoun (Vid\u00e9o) \u00a0\",\"datePublished\":\"2024-04-12T08:06:41+00:00\",\"dateModified\":\"2024-04-12T08:06:42+00:00\",\"mainEntityOfPage\":{\"@id\":\"https:\/\/kapitalis.com\/tunisie\/2024\/04\/12\/une-virtuose-farah-fersi-fait-vibrer-lame-du-qanoun-video\/\"},\"wordCount\":362,\"commentCount\":0,\"publisher\":{\"@id\":\"https:\/\/kapitalis.com\/tunisie\/#organization\"},\"image\":{\"@id\":\"https:\/\/kapitalis.com\/tunisie\/2024\/04\/12\/une-virtuose-farah-fersi-fait-vibrer-lame-du-qanoun-video\/#primaryimage\"},\"thumbnailUrl\":\"https:\/\/kapitalis.com\/tunisie\/wp-content\/uploads\/2024\/04\/Farah-Fersi.jpg\",\"keywords\":[\"Farah Fersi\",\"kanoun\",\"musique arabe\",\"qanoun\",\"S\u00e9bastien Llinar\u00e8s\",\"Tajalyat Halfaouine\"],\"articleSection\":[\"CULTURE\",\"Tunisie\"],\"inLanguage\":\"fr-FR\",\"potentialAction\":[{\"@type\":\"CommentAction\",\"name\":\"Comment\",\"target\":[\"https:\/\/kapitalis.com\/tunisie\/2024\/04\/12\/une-virtuose-farah-fersi-fait-vibrer-lame-du-qanoun-video\/#respond\"]}]},{\"@type\":\"WebPage\",\"@id\":\"https:\/\/kapitalis.com\/tunisie\/2024\/04\/12\/une-virtuose-farah-fersi-fait-vibrer-lame-du-qanoun-video\/\",\"url\":\"https:\/\/kapitalis.com\/tunisie\/2024\/04\/12\/une-virtuose-farah-fersi-fait-vibrer-lame-du-qanoun-video\/\",\"name\":\"Une virtuose\u00a0: Farah Fersi fait vibrer l\u2019\u00e2me du qanoun (Vid\u00e9o) \u00a0 - Kapitalis\",\"isPartOf\":{\"@id\":\"https:\/\/kapitalis.com\/tunisie\/#website\"},\"primaryImageOfPage\":{\"@id\":\"https:\/\/kapitalis.com\/tunisie\/2024\/04\/12\/une-virtuose-farah-fersi-fait-vibrer-lame-du-qanoun-video\/#primaryimage\"},\"image\":{\"@id\":\"https:\/\/kapitalis.com\/tunisie\/2024\/04\/12\/une-virtuose-farah-fersi-fait-vibrer-lame-du-qanoun-video\/#primaryimage\"},\"thumbnailUrl\":\"https:\/\/kapitalis.com\/tunisie\/wp-content\/uploads\/2024\/04\/Farah-Fersi.jpg\",\"datePublished\":\"2024-04-12T08:06:41+00:00\",\"dateModified\":\"2024-04-12T08:06:42+00:00\",\"breadcrumb\":{\"@id\":\"https:\/\/kapitalis.com\/tunisie\/2024\/04\/12\/une-virtuose-farah-fersi-fait-vibrer-lame-du-qanoun-video\/#breadcrumb\"},\"inLanguage\":\"fr-FR\",\"potentialAction\":[{\"@type\":\"ReadAction\",\"target\":[\"https:\/\/kapitalis.com\/tunisie\/2024\/04\/12\/une-virtuose-farah-fersi-fait-vibrer-lame-du-qanoun-video\/\"]}]},{\"@type\":\"ImageObject\",\"inLanguage\":\"fr-FR\",\"@id\":\"https:\/\/kapitalis.com\/tunisie\/2024\/04\/12\/une-virtuose-farah-fersi-fait-vibrer-lame-du-qanoun-video\/#primaryimage\",\"url\":\"https:\/\/kapitalis.com\/tunisie\/wp-content\/uploads\/2024\/04\/Farah-Fersi.jpg\",\"contentUrl\":\"https:\/\/kapitalis.com\/tunisie\/wp-content\/uploads\/2024\/04\/Farah-Fersi.jpg\",\"width\":1200,\"height\":630},{\"@type\":\"BreadcrumbList\",\"@id\":\"https:\/\/kapitalis.com\/tunisie\/2024\/04\/12\/une-virtuose-farah-fersi-fait-vibrer-lame-du-qanoun-video\/#breadcrumb\",\"itemListElement\":[{\"@type\":\"ListItem\",\"position\":1,\"name\":\"Accueil\",\"item\":\"https:\/\/kapitalis.com\/tunisie\/\"},{\"@type\":\"ListItem\",\"position\":2,\"name\":\"Une virtuose\u00a0: Farah Fersi fait vibrer l\u2019\u00e2me du qanoun (Vid\u00e9o) \u00a0\"}]},{\"@type\":\"WebSite\",\"@id\":\"https:\/\/kapitalis.com\/tunisie\/#website\",\"url\":\"https:\/\/kapitalis.com\/tunisie\/\",\"name\":\"Kapitalis\",\"description\":\"L&#039;actualit\u00e9 en Tunisie et dans le monde\",\"publisher\":{\"@id\":\"https:\/\/kapitalis.com\/tunisie\/#organization\"},\"potentialAction\":[{\"@type\":\"SearchAction\",\"target\":{\"@type\":\"EntryPoint\",\"urlTemplate\":\"https:\/\/kapitalis.com\/tunisie\/?s={search_term_string}\"},\"query-input\":{\"@type\":\"PropertyValueSpecification\",\"valueRequired\":true,\"valueName\":\"search_term_string\"}}],\"inLanguage\":\"fr-FR\"},{\"@type\":\"Organization\",\"@id\":\"https:\/\/kapitalis.com\/tunisie\/#organization\",\"name\":\"Kapitalis\",\"url\":\"https:\/\/kapitalis.com\/tunisie\/\",\"logo\":{\"@type\":\"ImageObject\",\"inLanguage\":\"fr-FR\",\"@id\":\"https:\/\/kapitalis.com\/tunisie\/#\/schema\/logo\/image\/\",\"url\":\"https:\/\/kapitalis.com\/tunisie\/wp-content\/uploads\/2022\/05\/Kapitalis-big-size.png\",\"contentUrl\":\"https:\/\/kapitalis.com\/tunisie\/wp-content\/uploads\/2022\/05\/Kapitalis-big-size.png\",\"width\":5000,\"height\":1500,\"caption\":\"Kapitalis\"},\"image\":{\"@id\":\"https:\/\/kapitalis.com\/tunisie\/#\/schema\/logo\/image\/\"},\"sameAs\":[\"https:\/\/www.facebook.com\/KapitalisInfo\/\",\"https:\/\/x.com\/KapitalisInfo\",\"https:\/\/www.youtube.com\/channel\/UC-yDYrHyfFBWWZaOw3FPg9Q\"]},{\"@type\":\"Person\",\"@id\":\"https:\/\/kapitalis.com\/tunisie\/#\/schema\/person\/d71f33a9ca44f7bad4698210b480c8e9\",\"name\":\"webmaster kapitalis\",\"url\":\"https:\/\/kapitalis.com\/tunisie\/author\/webmaster-kapitalis\/\"}]}<\/script>\n<!-- \/ Yoast SEO plugin. -->","yoast_head_json":{"title":"Une virtuose\u00a0: Farah Fersi fait vibrer l\u2019\u00e2me du qanoun (Vid\u00e9o) \u00a0 - Kapitalis","robots":{"index":"index","follow":"follow","max-snippet":"max-snippet:-1","max-image-preview":"max-image-preview:large","max-video-preview":"max-video-preview:-1"},"canonical":"https:\/\/kapitalis.com\/tunisie\/2024\/04\/12\/une-virtuose-farah-fersi-fait-vibrer-lame-du-qanoun-video\/","og_locale":"fr_FR","og_type":"article","og_title":"Une virtuose\u00a0: Farah Fersi fait vibrer l\u2019\u00e2me du qanoun (Vid\u00e9o) \u00a0 - Kapitalis","og_description":"Farah Fersi est une musicienne tunisienne, virtuose du qanoun, r\u00e9sidant \u00e0 Bordeaux en France.","og_url":"https:\/\/kapitalis.com\/tunisie\/2024\/04\/12\/une-virtuose-farah-fersi-fait-vibrer-lame-du-qanoun-video\/","og_site_name":"Kapitalis","article_publisher":"https:\/\/www.facebook.com\/KapitalisInfo\/","article_published_time":"2024-04-12T08:06:41+00:00","article_modified_time":"2024-04-12T08:06:42+00:00","og_image":[{"width":1200,"height":630,"url":"https:\/\/kapitalis.com\/tunisie\/wp-content\/uploads\/2024\/04\/Farah-Fersi.jpg","type":"image\/jpeg"}],"author":"webmaster kapitalis","twitter_card":"summary_large_image","twitter_creator":"@KapitalisInfo","twitter_site":"@KapitalisInfo","twitter_misc":{"\u00c9crit par":"webmaster kapitalis","Dur\u00e9e de lecture estim\u00e9e":"2 minutes"},"schema":{"@context":"https:\/\/schema.org","@graph":[{"@type":"Article","@id":"https:\/\/kapitalis.com\/tunisie\/2024\/04\/12\/une-virtuose-farah-fersi-fait-vibrer-lame-du-qanoun-video\/#article","isPartOf":{"@id":"https:\/\/kapitalis.com\/tunisie\/2024\/04\/12\/une-virtuose-farah-fersi-fait-vibrer-lame-du-qanoun-video\/"},"author":{"name":"webmaster kapitalis","@id":"https:\/\/kapitalis.com\/tunisie\/#\/schema\/person\/d71f33a9ca44f7bad4698210b480c8e9"},"headline":"Une virtuose\u00a0: Farah Fersi fait vibrer l\u2019\u00e2me du qanoun (Vid\u00e9o) \u00a0","datePublished":"2024-04-12T08:06:41+00:00","dateModified":"2024-04-12T08:06:42+00:00","mainEntityOfPage":{"@id":"https:\/\/kapitalis.com\/tunisie\/2024\/04\/12\/une-virtuose-farah-fersi-fait-vibrer-lame-du-qanoun-video\/"},"wordCount":362,"commentCount":0,"publisher":{"@id":"https:\/\/kapitalis.com\/tunisie\/#organization"},"image":{"@id":"https:\/\/kapitalis.com\/tunisie\/2024\/04\/12\/une-virtuose-farah-fersi-fait-vibrer-lame-du-qanoun-video\/#primaryimage"},"thumbnailUrl":"https:\/\/kapitalis.com\/tunisie\/wp-content\/uploads\/2024\/04\/Farah-Fersi.jpg","keywords":["Farah Fersi","kanoun","musique arabe","qanoun","S\u00e9bastien Llinar\u00e8s","Tajalyat Halfaouine"],"articleSection":["CULTURE","Tunisie"],"inLanguage":"fr-FR","potentialAction":[{"@type":"CommentAction","name":"Comment","target":["https:\/\/kapitalis.com\/tunisie\/2024\/04\/12\/une-virtuose-farah-fersi-fait-vibrer-lame-du-qanoun-video\/#respond"]}]},{"@type":"WebPage","@id":"https:\/\/kapitalis.com\/tunisie\/2024\/04\/12\/une-virtuose-farah-fersi-fait-vibrer-lame-du-qanoun-video\/","url":"https:\/\/kapitalis.com\/tunisie\/2024\/04\/12\/une-virtuose-farah-fersi-fait-vibrer-lame-du-qanoun-video\/","name":"Une virtuose\u00a0: Farah Fersi fait vibrer l\u2019\u00e2me du qanoun (Vid\u00e9o) \u00a0 - Kapitalis","isPartOf":{"@id":"https:\/\/kapitalis.com\/tunisie\/#website"},"primaryImageOfPage":{"@id":"https:\/\/kapitalis.com\/tunisie\/2024\/04\/12\/une-virtuose-farah-fersi-fait-vibrer-lame-du-qanoun-video\/#primaryimage"},"image":{"@id":"https:\/\/kapitalis.com\/tunisie\/2024\/04\/12\/une-virtuose-farah-fersi-fait-vibrer-lame-du-qanoun-video\/#primaryimage"},"thumbnailUrl":"https:\/\/kapitalis.com\/tunisie\/wp-content\/uploads\/2024\/04\/Farah-Fersi.jpg","datePublished":"2024-04-12T08:06:41+00:00","dateModified":"2024-04-12T08:06:42+00:00","breadcrumb":{"@id":"https:\/\/kapitalis.com\/tunisie\/2024\/04\/12\/une-virtuose-farah-fersi-fait-vibrer-lame-du-qanoun-video\/#breadcrumb"},"inLanguage":"fr-FR","potentialAction":[{"@type":"ReadAction","target":["https:\/\/kapitalis.com\/tunisie\/2024\/04\/12\/une-virtuose-farah-fersi-fait-vibrer-lame-du-qanoun-video\/"]}]},{"@type":"ImageObject","inLanguage":"fr-FR","@id":"https:\/\/kapitalis.com\/tunisie\/2024\/04\/12\/une-virtuose-farah-fersi-fait-vibrer-lame-du-qanoun-video\/#primaryimage","url":"https:\/\/kapitalis.com\/tunisie\/wp-content\/uploads\/2024\/04\/Farah-Fersi.jpg","contentUrl":"https:\/\/kapitalis.com\/tunisie\/wp-content\/uploads\/2024\/04\/Farah-Fersi.jpg","width":1200,"height":630},{"@type":"BreadcrumbList","@id":"https:\/\/kapitalis.com\/tunisie\/2024\/04\/12\/une-virtuose-farah-fersi-fait-vibrer-lame-du-qanoun-video\/#breadcrumb","itemListElement":[{"@type":"ListItem","position":1,"name":"Accueil","item":"https:\/\/kapitalis.com\/tunisie\/"},{"@type":"ListItem","position":2,"name":"Une virtuose\u00a0: Farah Fersi fait vibrer l\u2019\u00e2me du qanoun (Vid\u00e9o) \u00a0"}]},{"@type":"WebSite","@id":"https:\/\/kapitalis.com\/tunisie\/#website","url":"https:\/\/kapitalis.com\/tunisie\/","name":"Kapitalis","description":"L&#039;actualit\u00e9 en Tunisie et dans le monde","publisher":{"@id":"https:\/\/kapitalis.com\/tunisie\/#organization"},"potentialAction":[{"@type":"SearchAction","target":{"@type":"EntryPoint","urlTemplate":"https:\/\/kapitalis.com\/tunisie\/?s={search_term_string}"},"query-input":{"@type":"PropertyValueSpecification","valueRequired":true,"valueName":"search_term_string"}}],"inLanguage":"fr-FR"},{"@type":"Organization","@id":"https:\/\/kapitalis.com\/tunisie\/#organization","name":"Kapitalis","url":"https:\/\/kapitalis.com\/tunisie\/","logo":{"@type":"ImageObject","inLanguage":"fr-FR","@id":"https:\/\/kapitalis.com\/tunisie\/#\/schema\/logo\/image\/","url":"https:\/\/kapitalis.com\/tunisie\/wp-content\/uploads\/2022\/05\/Kapitalis-big-size.png","contentUrl":"https:\/\/kapitalis.com\/tunisie\/wp-content\/uploads\/2022\/05\/Kapitalis-big-size.png","width":5000,"height":1500,"caption":"Kapitalis"},"image":{"@id":"https:\/\/kapitalis.com\/tunisie\/#\/schema\/logo\/image\/"},"sameAs":["https:\/\/www.facebook.com\/KapitalisInfo\/","https:\/\/x.com\/KapitalisInfo","https:\/\/www.youtube.com\/channel\/UC-yDYrHyfFBWWZaOw3FPg9Q"]},{"@type":"Person","@id":"https:\/\/kapitalis.com\/tunisie\/#\/schema\/person\/d71f33a9ca44f7bad4698210b480c8e9","name":"webmaster kapitalis","url":"https:\/\/kapitalis.com\/tunisie\/author\/webmaster-kapitalis\/"}]}},"_links":{"self":[{"href":"https:\/\/kapitalis.com\/tunisie\/wp-json\/wp\/v2\/posts\/12443402","targetHints":{"allow":["GET"]}}],"collection":[{"href":"https:\/\/kapitalis.com\/tunisie\/wp-json\/wp\/v2\/posts"}],"about":[{"href":"https:\/\/kapitalis.com\/tunisie\/wp-json\/wp\/v2\/types\/post"}],"author":[{"embeddable":true,"href":"https:\/\/kapitalis.com\/tunisie\/wp-json\/wp\/v2\/users\/8"}],"replies":[{"embeddable":true,"href":"https:\/\/kapitalis.com\/tunisie\/wp-json\/wp\/v2\/comments?post=12443402"}],"version-history":[{"count":1,"href":"https:\/\/kapitalis.com\/tunisie\/wp-json\/wp\/v2\/posts\/12443402\/revisions"}],"predecessor-version":[{"id":12443449,"href":"https:\/\/kapitalis.com\/tunisie\/wp-json\/wp\/v2\/posts\/12443402\/revisions\/12443449"}],"wp:featuredmedia":[{"embeddable":true,"href":"https:\/\/kapitalis.com\/tunisie\/wp-json\/wp\/v2\/media\/12443438"}],"wp:attachment":[{"href":"https:\/\/kapitalis.com\/tunisie\/wp-json\/wp\/v2\/media?parent=12443402"}],"wp:term":[{"taxonomy":"category","embeddable":true,"href":"https:\/\/kapitalis.com\/tunisie\/wp-json\/wp\/v2\/categories?post=12443402"},{"taxonomy":"post_tag","embeddable":true,"href":"https:\/\/kapitalis.com\/tunisie\/wp-json\/wp\/v2\/tags?post=12443402"}],"curies":[{"name":"wp","href":"https:\/\/api.w.org\/{rel}","templated":true}]}}