{"id":12444937,"date":"2024-04-12T12:41:29","date_gmt":"2024-04-12T11:41:29","guid":{"rendered":"https:\/\/kapitalis.com\/tunisie\/?p=12444937"},"modified":"2024-04-12T12:45:51","modified_gmt":"2024-04-12T11:45:51","slug":"cinema-animalia-de-la-marocaine-sofia-alaoui-sort-bientot-en-salle-a-tunis","status":"publish","type":"post","link":"https:\/\/kapitalis.com\/tunisie\/2024\/04\/12\/cinema-animalia-de-la-marocaine-sofia-alaoui-sort-bientot-en-salle-a-tunis\/","title":{"rendered":"\u00a0Cin\u00e9ma\u00a0: \u2018\u2018Animalia\u2019\u2019 de la marocaine Sofia Alaoui sort bient\u00f4t en salle \u00e0 Tunis"},"content":{"rendered":"\n<p><strong><em>Entre r\u00e9alisme et science-fiction,\u2018\u2018Animalia\u2019\u2019, premier long-m\u00e9trage de la r\u00e9alisatrice marocaine Sofia Alaoui, sortira dans les salles tunisiennes \u00e0 partir du 17 avril 2024.<\/em><\/strong><\/p>\n\n\n\n<!--more-->\n\n\n\n<p>A l\u2019occasion de la sortie tunisienne, la r\u00e9alisatrice et Oumaima Barid, actrice principale du film, viendront \u00e0 la rencontre du public tunisien \u00e0 l\u2019occasion de projections-d\u00e9bats dans plusieurs salles. Les rendez-vous seront annonc\u00e9s bient\u00f4t sur les r\u00e9seaux sociaux de Hakka Distribution.<\/p>\n\n\n\n<p>Ce drame fantastique et de science-fiction d\u2019une dur\u00e9e de 1h30, coproduit par le Maroc, la France et le Qatar\u00a0 1h30min, a remport\u00e9 le prix sp\u00e9cial du jury au Festival du Film de Sundance.<\/p>\n\n\n<div class=\"wp-block-image\">\n<figure class=\"aligncenter size-large is-resized\"><img loading=\"lazy\" decoding=\"async\" width=\"1024\" height=\"538\" src=\"https:\/\/kapitalis.com\/tunisie\/wp-content\/uploads\/2024\/04\/Sofia-Alaoui-1024x538.jpg\" alt=\"\" class=\"wp-image-12445002\" style=\"width:800px\" srcset=\"https:\/\/kapitalis.com\/tunisie\/wp-content\/uploads\/2024\/04\/Sofia-Alaoui-1024x538.jpg 1024w, https:\/\/kapitalis.com\/tunisie\/wp-content\/uploads\/2024\/04\/Sofia-Alaoui-300x158.jpg 300w, https:\/\/kapitalis.com\/tunisie\/wp-content\/uploads\/2024\/04\/Sofia-Alaoui-768x403.jpg 768w, https:\/\/kapitalis.com\/tunisie\/wp-content\/uploads\/2024\/04\/Sofia-Alaoui-580x305.jpg 580w, https:\/\/kapitalis.com\/tunisie\/wp-content\/uploads\/2024\/04\/Sofia-Alaoui-860x452.jpg 860w, https:\/\/kapitalis.com\/tunisie\/wp-content\/uploads\/2024\/04\/Sofia-Alaoui-1160x609.jpg 1160w, https:\/\/kapitalis.com\/tunisie\/wp-content\/uploads\/2024\/04\/Sofia-Alaoui.jpg 1200w\" sizes=\"auto, (max-width: 1024px) 100vw, 1024px\" \/><\/figure>\n<\/div>\n\n\n<p>Itto, jeune marocaine d\u2019origine modeste, s\u2019est adapt\u00e9e \u00e0 l\u2019opulence de la famille de son mari, chez qui elle vit. Alors qu\u2019elle se r\u00e9jouissait d\u2019une journ\u00e9e de tranquillit\u00e9 sans sa belle-famille, des \u00e9v\u00e9nements surnaturels plongent le pays dans l\u2019\u00e9tat d\u2019urgence. Des ph\u00e9nom\u00e8nes de plus en plus inqui\u00e9tants sugg\u00e8rent qu\u2019une pr\u00e9sence myst\u00e9rieuse approche. Seule, elle peine \u00e0 trouver de l\u2019aide\u2026<\/p>\n\n\n\n<figure class=\"wp-block-embed is-type-video is-provider-youtube wp-block-embed-youtube wp-embed-aspect-16-9 wp-has-aspect-ratio\"><div class=\"wp-block-embed__wrapper\">\n<iframe loading=\"lazy\" title=\"Animalia \u0623\u0646\u064a\u0645\u0627\u0644\u064a\u0627 un film de Sofia Alaoui | Bande-annonce\" width=\"1160\" height=\"653\" src=\"https:\/\/www.youtube.com\/embed\/xF0NAL1v2YI?start=1&#038;feature=oembed\" frameborder=\"0\" allow=\"accelerometer; autoplay; clipboard-write; encrypted-media; gyroscope; picture-in-picture; web-share\" referrerpolicy=\"strict-origin-when-cross-origin\" allowfullscreen><\/iframe>\n<\/div><\/figure>\n","protected":false},"excerpt":{"rendered":"<p>\u2018Animalia\u2019\u2019, premier long-m\u00e9trage de la r\u00e9alisatrice marocaine #SofiaAlaoui, sortira dans les salles tunisiennes. <\/p>\n","protected":false},"author":8,"featured_media":12444957,"comment_status":"open","ping_status":"open","sticky":false,"template":"","format":"standard","meta":{"footnotes":""},"categories":[994,2433],"tags":[114951,28871,114953,114952],"class_list":["post-12444937","post","type-post","status-publish","format-standard","has-post-thumbnail","hentry","category-culture","category-tunisie","tag-animalia","tag-hakka-distribution","tag-oumaima-barid","tag-sofia-alaoui"],"yoast_head":"<!-- This site is optimized with the Yoast SEO plugin v26.6 - https:\/\/yoast.com\/wordpress\/plugins\/seo\/ -->\n<title>\u00a0Cin\u00e9ma\u00a0: \u2018\u2018Animalia\u2019\u2019 de la marocaine Sofia Alaoui sort bient\u00f4t en salle \u00e0 Tunis - Kapitalis<\/title>\n<meta name=\"robots\" content=\"index, follow, max-snippet:-1, max-image-preview:large, max-video-preview:-1\" \/>\n<link rel=\"canonical\" href=\"https:\/\/kapitalis.com\/tunisie\/2024\/04\/12\/cinema-animalia-de-la-marocaine-sofia-alaoui-sort-bientot-en-salle-a-tunis\/\" \/>\n<meta property=\"og:locale\" content=\"fr_FR\" \/>\n<meta property=\"og:type\" content=\"article\" \/>\n<meta property=\"og:title\" content=\"\u00a0Cin\u00e9ma\u00a0: \u2018\u2018Animalia\u2019\u2019 de la marocaine Sofia Alaoui sort bient\u00f4t en salle \u00e0 Tunis - Kapitalis\" \/>\n<meta property=\"og:description\" content=\"\u2018Animalia\u2019\u2019, premier long-m\u00e9trage de la r\u00e9alisatrice marocaine #SofiaAlaoui, sortira dans les salles tunisiennes.\" \/>\n<meta property=\"og:url\" content=\"https:\/\/kapitalis.com\/tunisie\/2024\/04\/12\/cinema-animalia-de-la-marocaine-sofia-alaoui-sort-bientot-en-salle-a-tunis\/\" \/>\n<meta property=\"og:site_name\" content=\"Kapitalis\" \/>\n<meta property=\"article:publisher\" content=\"https:\/\/www.facebook.com\/KapitalisInfo\/\" \/>\n<meta property=\"article:published_time\" content=\"2024-04-12T11:41:29+00:00\" \/>\n<meta property=\"article:modified_time\" content=\"2024-04-12T11:45:51+00:00\" \/>\n<meta property=\"og:image\" content=\"https:\/\/kapitalis.com\/tunisie\/wp-content\/uploads\/2024\/04\/Animalia.jpg\" \/>\n\t<meta property=\"og:image:width\" content=\"1200\" \/>\n\t<meta property=\"og:image:height\" content=\"630\" \/>\n\t<meta property=\"og:image:type\" content=\"image\/jpeg\" \/>\n<meta name=\"author\" content=\"webmaster kapitalis\" \/>\n<meta name=\"twitter:card\" content=\"summary_large_image\" \/>\n<meta name=\"twitter:creator\" content=\"@KapitalisInfo\" \/>\n<meta name=\"twitter:site\" content=\"@KapitalisInfo\" \/>\n<meta name=\"twitter:label1\" content=\"\u00c9crit par\" \/>\n\t<meta name=\"twitter:data1\" content=\"webmaster kapitalis\" \/>\n\t<meta name=\"twitter:label2\" content=\"Dur\u00e9e de lecture estim\u00e9e\" \/>\n\t<meta name=\"twitter:data2\" content=\"2 minutes\" \/>\n<script type=\"application\/ld+json\" class=\"yoast-schema-graph\">{\"@context\":\"https:\/\/schema.org\",\"@graph\":[{\"@type\":\"Article\",\"@id\":\"https:\/\/kapitalis.com\/tunisie\/2024\/04\/12\/cinema-animalia-de-la-marocaine-sofia-alaoui-sort-bientot-en-salle-a-tunis\/#article\",\"isPartOf\":{\"@id\":\"https:\/\/kapitalis.com\/tunisie\/2024\/04\/12\/cinema-animalia-de-la-marocaine-sofia-alaoui-sort-bientot-en-salle-a-tunis\/\"},\"author\":{\"name\":\"webmaster kapitalis\",\"@id\":\"https:\/\/kapitalis.com\/tunisie\/#\/schema\/person\/d71f33a9ca44f7bad4698210b480c8e9\"},\"headline\":\"\u00a0Cin\u00e9ma\u00a0: \u2018\u2018Animalia\u2019\u2019 de la marocaine Sofia Alaoui sort bient\u00f4t en salle \u00e0 Tunis\",\"datePublished\":\"2024-04-12T11:41:29+00:00\",\"dateModified\":\"2024-04-12T11:45:51+00:00\",\"mainEntityOfPage\":{\"@id\":\"https:\/\/kapitalis.com\/tunisie\/2024\/04\/12\/cinema-animalia-de-la-marocaine-sofia-alaoui-sort-bientot-en-salle-a-tunis\/\"},\"wordCount\":209,\"commentCount\":0,\"publisher\":{\"@id\":\"https:\/\/kapitalis.com\/tunisie\/#organization\"},\"image\":{\"@id\":\"https:\/\/kapitalis.com\/tunisie\/2024\/04\/12\/cinema-animalia-de-la-marocaine-sofia-alaoui-sort-bientot-en-salle-a-tunis\/#primaryimage\"},\"thumbnailUrl\":\"https:\/\/kapitalis.com\/tunisie\/wp-content\/uploads\/2024\/04\/Animalia.jpg\",\"keywords\":[\"Animalia\",\"Hakka Distribution\",\"Oumaima Barid\",\"Sofia Alaoui\"],\"articleSection\":[\"CULTURE\",\"Tunisie\"],\"inLanguage\":\"fr-FR\",\"potentialAction\":[{\"@type\":\"CommentAction\",\"name\":\"Comment\",\"target\":[\"https:\/\/kapitalis.com\/tunisie\/2024\/04\/12\/cinema-animalia-de-la-marocaine-sofia-alaoui-sort-bientot-en-salle-a-tunis\/#respond\"]}]},{\"@type\":\"WebPage\",\"@id\":\"https:\/\/kapitalis.com\/tunisie\/2024\/04\/12\/cinema-animalia-de-la-marocaine-sofia-alaoui-sort-bientot-en-salle-a-tunis\/\",\"url\":\"https:\/\/kapitalis.com\/tunisie\/2024\/04\/12\/cinema-animalia-de-la-marocaine-sofia-alaoui-sort-bientot-en-salle-a-tunis\/\",\"name\":\"\u00a0Cin\u00e9ma\u00a0: \u2018\u2018Animalia\u2019\u2019 de la marocaine Sofia Alaoui sort bient\u00f4t en salle \u00e0 Tunis - Kapitalis\",\"isPartOf\":{\"@id\":\"https:\/\/kapitalis.com\/tunisie\/#website\"},\"primaryImageOfPage\":{\"@id\":\"https:\/\/kapitalis.com\/tunisie\/2024\/04\/12\/cinema-animalia-de-la-marocaine-sofia-alaoui-sort-bientot-en-salle-a-tunis\/#primaryimage\"},\"image\":{\"@id\":\"https:\/\/kapitalis.com\/tunisie\/2024\/04\/12\/cinema-animalia-de-la-marocaine-sofia-alaoui-sort-bientot-en-salle-a-tunis\/#primaryimage\"},\"thumbnailUrl\":\"https:\/\/kapitalis.com\/tunisie\/wp-content\/uploads\/2024\/04\/Animalia.jpg\",\"datePublished\":\"2024-04-12T11:41:29+00:00\",\"dateModified\":\"2024-04-12T11:45:51+00:00\",\"breadcrumb\":{\"@id\":\"https:\/\/kapitalis.com\/tunisie\/2024\/04\/12\/cinema-animalia-de-la-marocaine-sofia-alaoui-sort-bientot-en-salle-a-tunis\/#breadcrumb\"},\"inLanguage\":\"fr-FR\",\"potentialAction\":[{\"@type\":\"ReadAction\",\"target\":[\"https:\/\/kapitalis.com\/tunisie\/2024\/04\/12\/cinema-animalia-de-la-marocaine-sofia-alaoui-sort-bientot-en-salle-a-tunis\/\"]}]},{\"@type\":\"ImageObject\",\"inLanguage\":\"fr-FR\",\"@id\":\"https:\/\/kapitalis.com\/tunisie\/2024\/04\/12\/cinema-animalia-de-la-marocaine-sofia-alaoui-sort-bientot-en-salle-a-tunis\/#primaryimage\",\"url\":\"https:\/\/kapitalis.com\/tunisie\/wp-content\/uploads\/2024\/04\/Animalia.jpg\",\"contentUrl\":\"https:\/\/kapitalis.com\/tunisie\/wp-content\/uploads\/2024\/04\/Animalia.jpg\",\"width\":1200,\"height\":630},{\"@type\":\"BreadcrumbList\",\"@id\":\"https:\/\/kapitalis.com\/tunisie\/2024\/04\/12\/cinema-animalia-de-la-marocaine-sofia-alaoui-sort-bientot-en-salle-a-tunis\/#breadcrumb\",\"itemListElement\":[{\"@type\":\"ListItem\",\"position\":1,\"name\":\"Accueil\",\"item\":\"https:\/\/kapitalis.com\/tunisie\/\"},{\"@type\":\"ListItem\",\"position\":2,\"name\":\"\u00a0Cin\u00e9ma\u00a0: \u2018\u2018Animalia\u2019\u2019 de la marocaine Sofia Alaoui sort bient\u00f4t en salle \u00e0 Tunis\"}]},{\"@type\":\"WebSite\",\"@id\":\"https:\/\/kapitalis.com\/tunisie\/#website\",\"url\":\"https:\/\/kapitalis.com\/tunisie\/\",\"name\":\"Kapitalis\",\"description\":\"L&#039;actualit\u00e9 en Tunisie et dans le monde\",\"publisher\":{\"@id\":\"https:\/\/kapitalis.com\/tunisie\/#organization\"},\"potentialAction\":[{\"@type\":\"SearchAction\",\"target\":{\"@type\":\"EntryPoint\",\"urlTemplate\":\"https:\/\/kapitalis.com\/tunisie\/?s={search_term_string}\"},\"query-input\":{\"@type\":\"PropertyValueSpecification\",\"valueRequired\":true,\"valueName\":\"search_term_string\"}}],\"inLanguage\":\"fr-FR\"},{\"@type\":\"Organization\",\"@id\":\"https:\/\/kapitalis.com\/tunisie\/#organization\",\"name\":\"Kapitalis\",\"url\":\"https:\/\/kapitalis.com\/tunisie\/\",\"logo\":{\"@type\":\"ImageObject\",\"inLanguage\":\"fr-FR\",\"@id\":\"https:\/\/kapitalis.com\/tunisie\/#\/schema\/logo\/image\/\",\"url\":\"https:\/\/kapitalis.com\/tunisie\/wp-content\/uploads\/2022\/05\/Kapitalis-big-size.png\",\"contentUrl\":\"https:\/\/kapitalis.com\/tunisie\/wp-content\/uploads\/2022\/05\/Kapitalis-big-size.png\",\"width\":5000,\"height\":1500,\"caption\":\"Kapitalis\"},\"image\":{\"@id\":\"https:\/\/kapitalis.com\/tunisie\/#\/schema\/logo\/image\/\"},\"sameAs\":[\"https:\/\/www.facebook.com\/KapitalisInfo\/\",\"https:\/\/x.com\/KapitalisInfo\",\"https:\/\/www.youtube.com\/channel\/UC-yDYrHyfFBWWZaOw3FPg9Q\"]},{\"@type\":\"Person\",\"@id\":\"https:\/\/kapitalis.com\/tunisie\/#\/schema\/person\/d71f33a9ca44f7bad4698210b480c8e9\",\"name\":\"webmaster kapitalis\",\"url\":\"https:\/\/kapitalis.com\/tunisie\/author\/webmaster-kapitalis\/\"}]}<\/script>\n<!-- \/ Yoast SEO plugin. -->","yoast_head_json":{"title":"\u00a0Cin\u00e9ma\u00a0: \u2018\u2018Animalia\u2019\u2019 de la marocaine Sofia Alaoui sort bient\u00f4t en salle \u00e0 Tunis - Kapitalis","robots":{"index":"index","follow":"follow","max-snippet":"max-snippet:-1","max-image-preview":"max-image-preview:large","max-video-preview":"max-video-preview:-1"},"canonical":"https:\/\/kapitalis.com\/tunisie\/2024\/04\/12\/cinema-animalia-de-la-marocaine-sofia-alaoui-sort-bientot-en-salle-a-tunis\/","og_locale":"fr_FR","og_type":"article","og_title":"\u00a0Cin\u00e9ma\u00a0: \u2018\u2018Animalia\u2019\u2019 de la marocaine Sofia Alaoui sort bient\u00f4t en salle \u00e0 Tunis - Kapitalis","og_description":"\u2018Animalia\u2019\u2019, premier long-m\u00e9trage de la r\u00e9alisatrice marocaine #SofiaAlaoui, sortira dans les salles tunisiennes.","og_url":"https:\/\/kapitalis.com\/tunisie\/2024\/04\/12\/cinema-animalia-de-la-marocaine-sofia-alaoui-sort-bientot-en-salle-a-tunis\/","og_site_name":"Kapitalis","article_publisher":"https:\/\/www.facebook.com\/KapitalisInfo\/","article_published_time":"2024-04-12T11:41:29+00:00","article_modified_time":"2024-04-12T11:45:51+00:00","og_image":[{"width":1200,"height":630,"url":"https:\/\/kapitalis.com\/tunisie\/wp-content\/uploads\/2024\/04\/Animalia.jpg","type":"image\/jpeg"}],"author":"webmaster kapitalis","twitter_card":"summary_large_image","twitter_creator":"@KapitalisInfo","twitter_site":"@KapitalisInfo","twitter_misc":{"\u00c9crit par":"webmaster kapitalis","Dur\u00e9e de lecture estim\u00e9e":"2 minutes"},"schema":{"@context":"https:\/\/schema.org","@graph":[{"@type":"Article","@id":"https:\/\/kapitalis.com\/tunisie\/2024\/04\/12\/cinema-animalia-de-la-marocaine-sofia-alaoui-sort-bientot-en-salle-a-tunis\/#article","isPartOf":{"@id":"https:\/\/kapitalis.com\/tunisie\/2024\/04\/12\/cinema-animalia-de-la-marocaine-sofia-alaoui-sort-bientot-en-salle-a-tunis\/"},"author":{"name":"webmaster kapitalis","@id":"https:\/\/kapitalis.com\/tunisie\/#\/schema\/person\/d71f33a9ca44f7bad4698210b480c8e9"},"headline":"\u00a0Cin\u00e9ma\u00a0: \u2018\u2018Animalia\u2019\u2019 de la marocaine Sofia Alaoui sort bient\u00f4t en salle \u00e0 Tunis","datePublished":"2024-04-12T11:41:29+00:00","dateModified":"2024-04-12T11:45:51+00:00","mainEntityOfPage":{"@id":"https:\/\/kapitalis.com\/tunisie\/2024\/04\/12\/cinema-animalia-de-la-marocaine-sofia-alaoui-sort-bientot-en-salle-a-tunis\/"},"wordCount":209,"commentCount":0,"publisher":{"@id":"https:\/\/kapitalis.com\/tunisie\/#organization"},"image":{"@id":"https:\/\/kapitalis.com\/tunisie\/2024\/04\/12\/cinema-animalia-de-la-marocaine-sofia-alaoui-sort-bientot-en-salle-a-tunis\/#primaryimage"},"thumbnailUrl":"https:\/\/kapitalis.com\/tunisie\/wp-content\/uploads\/2024\/04\/Animalia.jpg","keywords":["Animalia","Hakka Distribution","Oumaima Barid","Sofia Alaoui"],"articleSection":["CULTURE","Tunisie"],"inLanguage":"fr-FR","potentialAction":[{"@type":"CommentAction","name":"Comment","target":["https:\/\/kapitalis.com\/tunisie\/2024\/04\/12\/cinema-animalia-de-la-marocaine-sofia-alaoui-sort-bientot-en-salle-a-tunis\/#respond"]}]},{"@type":"WebPage","@id":"https:\/\/kapitalis.com\/tunisie\/2024\/04\/12\/cinema-animalia-de-la-marocaine-sofia-alaoui-sort-bientot-en-salle-a-tunis\/","url":"https:\/\/kapitalis.com\/tunisie\/2024\/04\/12\/cinema-animalia-de-la-marocaine-sofia-alaoui-sort-bientot-en-salle-a-tunis\/","name":"\u00a0Cin\u00e9ma\u00a0: \u2018\u2018Animalia\u2019\u2019 de la marocaine Sofia Alaoui sort bient\u00f4t en salle \u00e0 Tunis - Kapitalis","isPartOf":{"@id":"https:\/\/kapitalis.com\/tunisie\/#website"},"primaryImageOfPage":{"@id":"https:\/\/kapitalis.com\/tunisie\/2024\/04\/12\/cinema-animalia-de-la-marocaine-sofia-alaoui-sort-bientot-en-salle-a-tunis\/#primaryimage"},"image":{"@id":"https:\/\/kapitalis.com\/tunisie\/2024\/04\/12\/cinema-animalia-de-la-marocaine-sofia-alaoui-sort-bientot-en-salle-a-tunis\/#primaryimage"},"thumbnailUrl":"https:\/\/kapitalis.com\/tunisie\/wp-content\/uploads\/2024\/04\/Animalia.jpg","datePublished":"2024-04-12T11:41:29+00:00","dateModified":"2024-04-12T11:45:51+00:00","breadcrumb":{"@id":"https:\/\/kapitalis.com\/tunisie\/2024\/04\/12\/cinema-animalia-de-la-marocaine-sofia-alaoui-sort-bientot-en-salle-a-tunis\/#breadcrumb"},"inLanguage":"fr-FR","potentialAction":[{"@type":"ReadAction","target":["https:\/\/kapitalis.com\/tunisie\/2024\/04\/12\/cinema-animalia-de-la-marocaine-sofia-alaoui-sort-bientot-en-salle-a-tunis\/"]}]},{"@type":"ImageObject","inLanguage":"fr-FR","@id":"https:\/\/kapitalis.com\/tunisie\/2024\/04\/12\/cinema-animalia-de-la-marocaine-sofia-alaoui-sort-bientot-en-salle-a-tunis\/#primaryimage","url":"https:\/\/kapitalis.com\/tunisie\/wp-content\/uploads\/2024\/04\/Animalia.jpg","contentUrl":"https:\/\/kapitalis.com\/tunisie\/wp-content\/uploads\/2024\/04\/Animalia.jpg","width":1200,"height":630},{"@type":"BreadcrumbList","@id":"https:\/\/kapitalis.com\/tunisie\/2024\/04\/12\/cinema-animalia-de-la-marocaine-sofia-alaoui-sort-bientot-en-salle-a-tunis\/#breadcrumb","itemListElement":[{"@type":"ListItem","position":1,"name":"Accueil","item":"https:\/\/kapitalis.com\/tunisie\/"},{"@type":"ListItem","position":2,"name":"\u00a0Cin\u00e9ma\u00a0: \u2018\u2018Animalia\u2019\u2019 de la marocaine Sofia Alaoui sort bient\u00f4t en salle \u00e0 Tunis"}]},{"@type":"WebSite","@id":"https:\/\/kapitalis.com\/tunisie\/#website","url":"https:\/\/kapitalis.com\/tunisie\/","name":"Kapitalis","description":"L&#039;actualit\u00e9 en Tunisie et dans le monde","publisher":{"@id":"https:\/\/kapitalis.com\/tunisie\/#organization"},"potentialAction":[{"@type":"SearchAction","target":{"@type":"EntryPoint","urlTemplate":"https:\/\/kapitalis.com\/tunisie\/?s={search_term_string}"},"query-input":{"@type":"PropertyValueSpecification","valueRequired":true,"valueName":"search_term_string"}}],"inLanguage":"fr-FR"},{"@type":"Organization","@id":"https:\/\/kapitalis.com\/tunisie\/#organization","name":"Kapitalis","url":"https:\/\/kapitalis.com\/tunisie\/","logo":{"@type":"ImageObject","inLanguage":"fr-FR","@id":"https:\/\/kapitalis.com\/tunisie\/#\/schema\/logo\/image\/","url":"https:\/\/kapitalis.com\/tunisie\/wp-content\/uploads\/2022\/05\/Kapitalis-big-size.png","contentUrl":"https:\/\/kapitalis.com\/tunisie\/wp-content\/uploads\/2022\/05\/Kapitalis-big-size.png","width":5000,"height":1500,"caption":"Kapitalis"},"image":{"@id":"https:\/\/kapitalis.com\/tunisie\/#\/schema\/logo\/image\/"},"sameAs":["https:\/\/www.facebook.com\/KapitalisInfo\/","https:\/\/x.com\/KapitalisInfo","https:\/\/www.youtube.com\/channel\/UC-yDYrHyfFBWWZaOw3FPg9Q"]},{"@type":"Person","@id":"https:\/\/kapitalis.com\/tunisie\/#\/schema\/person\/d71f33a9ca44f7bad4698210b480c8e9","name":"webmaster kapitalis","url":"https:\/\/kapitalis.com\/tunisie\/author\/webmaster-kapitalis\/"}]}},"_links":{"self":[{"href":"https:\/\/kapitalis.com\/tunisie\/wp-json\/wp\/v2\/posts\/12444937","targetHints":{"allow":["GET"]}}],"collection":[{"href":"https:\/\/kapitalis.com\/tunisie\/wp-json\/wp\/v2\/posts"}],"about":[{"href":"https:\/\/kapitalis.com\/tunisie\/wp-json\/wp\/v2\/types\/post"}],"author":[{"embeddable":true,"href":"https:\/\/kapitalis.com\/tunisie\/wp-json\/wp\/v2\/users\/8"}],"replies":[{"embeddable":true,"href":"https:\/\/kapitalis.com\/tunisie\/wp-json\/wp\/v2\/comments?post=12444937"}],"version-history":[{"count":3,"href":"https:\/\/kapitalis.com\/tunisie\/wp-json\/wp\/v2\/posts\/12444937\/revisions"}],"predecessor-version":[{"id":12445010,"href":"https:\/\/kapitalis.com\/tunisie\/wp-json\/wp\/v2\/posts\/12444937\/revisions\/12445010"}],"wp:featuredmedia":[{"embeddable":true,"href":"https:\/\/kapitalis.com\/tunisie\/wp-json\/wp\/v2\/media\/12444957"}],"wp:attachment":[{"href":"https:\/\/kapitalis.com\/tunisie\/wp-json\/wp\/v2\/media?parent=12444937"}],"wp:term":[{"taxonomy":"category","embeddable":true,"href":"https:\/\/kapitalis.com\/tunisie\/wp-json\/wp\/v2\/categories?post=12444937"},{"taxonomy":"post_tag","embeddable":true,"href":"https:\/\/kapitalis.com\/tunisie\/wp-json\/wp\/v2\/tags?post=12444937"}],"curies":[{"name":"wp","href":"https:\/\/api.w.org\/{rel}","templated":true}]}}