{"id":12448737,"date":"2024-04-12T23:02:18","date_gmt":"2024-04-12T22:02:18","guid":{"rendered":"https:\/\/kapitalis.com\/tunisie\/?p=12448737"},"modified":"2024-04-12T23:35:58","modified_gmt":"2024-04-12T22:35:58","slug":"fortes-pluies-a-kebili-evacuation-de-13-passagers-dun-bus-touristique-bloque-entre-deux-oueds-a-douz","status":"publish","type":"post","link":"https:\/\/kapitalis.com\/tunisie\/2024\/04\/12\/fortes-pluies-a-kebili-evacuation-de-13-passagers-dun-bus-touristique-bloque-entre-deux-oueds-a-douz\/","title":{"rendered":"Fortes pluies \u00e0 K\u00e9bili : \u00c9vacuation de 13 passagers d&rsquo;un bus touristique bloqu\u00e9 entre deux Oueds \u00e0 Douz"},"content":{"rendered":"\n<p><strong><em>Les unit\u00e9s de secours et de sauvetage de la direction r\u00e9gionale de la protection civile de K\u00e9bili sont intervenues pour \u00e9vacuer 13 passagers d&rsquo;un bus touristique coinc\u00e9 entre Oued Khachab et Oued El-Araj \u00e0 Douz.<\/em><\/strong><\/p>\n\n\n\n<!--more-->\n\n\n\n<p>Les passagers de diff\u00e9rentes nationalit\u00e9s \u00e9trang\u00e8res ont \u00e9t\u00e9 \u00e9vacu\u00e9s et pris en charge, indique la Direction g\u00e9n\u00e9rale de la PC, en pr\u00e9cisant qu&rsquo;ils sont tous sains et saufs.<\/p>\n\n\n\n<p>Rappelons que de fortes pluies se sont abattues sur le sud tunisien et notamment dans le gouvernorat K\u00e9bili ayant caus\u00e9 une mont\u00e9e des eaux de plusieurs oueds et o\u00f9 les cours ont \u00e9t\u00e9 suspendus jusqu&rsquo;\u00e0 lundi prochain.<\/p>\n\n\n\n<p class=\"has-text-align-right\"><strong>Y. N.<\/strong><\/p>\n","protected":false},"excerpt":{"rendered":"<p>Les unit\u00e9s de secours et de sauvetage de la direction r\u00e9gionale de la protection civile de K\u00e9bili sont intervenues pour \u00e9vacuer 13 passagers d&rsquo;un bus touristique coinc\u00e9 entre Oued Khachab et Oued El-Araj \u00e0 Douz.<\/p>\n","protected":false},"author":6,"featured_media":12448775,"comment_status":"open","ping_status":"open","sticky":false,"template":"","format":"standard","meta":{"footnotes":""},"categories":[998,2433],"tags":[291,526,114956,1664,754,62643],"class_list":["post-12448737","post","type-post","status-publish","format-standard","has-post-thumbnail","hentry","category-societe","category-tunisie","tag-douz","tag-kebili","tag-oueds","tag-pluies","tag-protection-civile","tag-tunisie"],"yoast_head":"<!-- This site is optimized with the Yoast SEO plugin v26.6 - https:\/\/yoast.com\/wordpress\/plugins\/seo\/ -->\n<title>Fortes pluies \u00e0 K\u00e9bili : \u00c9vacuation de 13 passagers d&#039;un bus touristique bloqu\u00e9 entre deux Oueds \u00e0 Douz - Kapitalis<\/title>\n<meta name=\"robots\" content=\"index, follow, max-snippet:-1, max-image-preview:large, max-video-preview:-1\" \/>\n<link rel=\"canonical\" href=\"https:\/\/kapitalis.com\/tunisie\/2024\/04\/12\/fortes-pluies-a-kebili-evacuation-de-13-passagers-dun-bus-touristique-bloque-entre-deux-oueds-a-douz\/\" \/>\n<meta property=\"og:locale\" content=\"fr_FR\" \/>\n<meta property=\"og:type\" content=\"article\" \/>\n<meta property=\"og:title\" content=\"Fortes pluies \u00e0 K\u00e9bili : \u00c9vacuation de 13 passagers d&#039;un bus touristique bloqu\u00e9 entre deux Oueds \u00e0 Douz - Kapitalis\" \/>\n<meta property=\"og:description\" content=\"Les unit\u00e9s de secours et de sauvetage de la direction r\u00e9gionale de la protection civile de K\u00e9bili sont intervenues pour \u00e9vacuer 13 passagers d&rsquo;un bus touristique coinc\u00e9 entre Oued Khachab et Oued El-Araj \u00e0 Douz.\" \/>\n<meta property=\"og:url\" content=\"https:\/\/kapitalis.com\/tunisie\/2024\/04\/12\/fortes-pluies-a-kebili-evacuation-de-13-passagers-dun-bus-touristique-bloque-entre-deux-oueds-a-douz\/\" \/>\n<meta property=\"og:site_name\" content=\"Kapitalis\" \/>\n<meta property=\"article:publisher\" content=\"https:\/\/www.facebook.com\/KapitalisInfo\/\" \/>\n<meta property=\"article:published_time\" content=\"2024-04-12T22:02:18+00:00\" \/>\n<meta property=\"article:modified_time\" content=\"2024-04-12T22:35:58+00:00\" \/>\n<meta property=\"og:image\" content=\"https:\/\/kapitalis.com\/tunisie\/wp-content\/uploads\/2024\/04\/Douz-Oueds-bus-bloque.jpg\" \/>\n\t<meta property=\"og:image:width\" content=\"1200\" \/>\n\t<meta property=\"og:image:height\" content=\"630\" \/>\n\t<meta property=\"og:image:type\" content=\"image\/jpeg\" \/>\n<meta name=\"author\" content=\"Yusra NY\" \/>\n<meta name=\"twitter:card\" content=\"summary_large_image\" \/>\n<meta name=\"twitter:creator\" content=\"@KapitalisInfo\" \/>\n<meta name=\"twitter:site\" content=\"@KapitalisInfo\" \/>\n<meta name=\"twitter:label1\" content=\"\u00c9crit par\" \/>\n\t<meta name=\"twitter:data1\" content=\"Yusra NY\" \/>\n\t<meta name=\"twitter:label2\" content=\"Dur\u00e9e de lecture estim\u00e9e\" \/>\n\t<meta name=\"twitter:data2\" content=\"1 minute\" \/>\n<script type=\"application\/ld+json\" class=\"yoast-schema-graph\">{\"@context\":\"https:\/\/schema.org\",\"@graph\":[{\"@type\":\"Article\",\"@id\":\"https:\/\/kapitalis.com\/tunisie\/2024\/04\/12\/fortes-pluies-a-kebili-evacuation-de-13-passagers-dun-bus-touristique-bloque-entre-deux-oueds-a-douz\/#article\",\"isPartOf\":{\"@id\":\"https:\/\/kapitalis.com\/tunisie\/2024\/04\/12\/fortes-pluies-a-kebili-evacuation-de-13-passagers-dun-bus-touristique-bloque-entre-deux-oueds-a-douz\/\"},\"author\":{\"name\":\"Yusra NY\",\"@id\":\"https:\/\/kapitalis.com\/tunisie\/#\/schema\/person\/74bbde0154d49d790a92aaeac5bc01d5\"},\"headline\":\"Fortes pluies \u00e0 K\u00e9bili : \u00c9vacuation de 13 passagers d&rsquo;un bus touristique bloqu\u00e9 entre deux Oueds \u00e0 Douz\",\"datePublished\":\"2024-04-12T22:02:18+00:00\",\"dateModified\":\"2024-04-12T22:35:58+00:00\",\"mainEntityOfPage\":{\"@id\":\"https:\/\/kapitalis.com\/tunisie\/2024\/04\/12\/fortes-pluies-a-kebili-evacuation-de-13-passagers-dun-bus-touristique-bloque-entre-deux-oueds-a-douz\/\"},\"wordCount\":127,\"commentCount\":0,\"publisher\":{\"@id\":\"https:\/\/kapitalis.com\/tunisie\/#organization\"},\"image\":{\"@id\":\"https:\/\/kapitalis.com\/tunisie\/2024\/04\/12\/fortes-pluies-a-kebili-evacuation-de-13-passagers-dun-bus-touristique-bloque-entre-deux-oueds-a-douz\/#primaryimage\"},\"thumbnailUrl\":\"https:\/\/kapitalis.com\/tunisie\/wp-content\/uploads\/2024\/04\/Douz-Oueds-bus-bloque.jpg\",\"keywords\":[\"Douz\",\"K\u00e9bili\",\"Oueds\",\"pluies\",\"protection civile\",\"Tunisie\"],\"articleSection\":[\"SOCIETE\",\"Tunisie\"],\"inLanguage\":\"fr-FR\",\"potentialAction\":[{\"@type\":\"CommentAction\",\"name\":\"Comment\",\"target\":[\"https:\/\/kapitalis.com\/tunisie\/2024\/04\/12\/fortes-pluies-a-kebili-evacuation-de-13-passagers-dun-bus-touristique-bloque-entre-deux-oueds-a-douz\/#respond\"]}]},{\"@type\":\"WebPage\",\"@id\":\"https:\/\/kapitalis.com\/tunisie\/2024\/04\/12\/fortes-pluies-a-kebili-evacuation-de-13-passagers-dun-bus-touristique-bloque-entre-deux-oueds-a-douz\/\",\"url\":\"https:\/\/kapitalis.com\/tunisie\/2024\/04\/12\/fortes-pluies-a-kebili-evacuation-de-13-passagers-dun-bus-touristique-bloque-entre-deux-oueds-a-douz\/\",\"name\":\"Fortes pluies \u00e0 K\u00e9bili : \u00c9vacuation de 13 passagers d'un bus touristique bloqu\u00e9 entre deux Oueds \u00e0 Douz - Kapitalis\",\"isPartOf\":{\"@id\":\"https:\/\/kapitalis.com\/tunisie\/#website\"},\"primaryImageOfPage\":{\"@id\":\"https:\/\/kapitalis.com\/tunisie\/2024\/04\/12\/fortes-pluies-a-kebili-evacuation-de-13-passagers-dun-bus-touristique-bloque-entre-deux-oueds-a-douz\/#primaryimage\"},\"image\":{\"@id\":\"https:\/\/kapitalis.com\/tunisie\/2024\/04\/12\/fortes-pluies-a-kebili-evacuation-de-13-passagers-dun-bus-touristique-bloque-entre-deux-oueds-a-douz\/#primaryimage\"},\"thumbnailUrl\":\"https:\/\/kapitalis.com\/tunisie\/wp-content\/uploads\/2024\/04\/Douz-Oueds-bus-bloque.jpg\",\"datePublished\":\"2024-04-12T22:02:18+00:00\",\"dateModified\":\"2024-04-12T22:35:58+00:00\",\"breadcrumb\":{\"@id\":\"https:\/\/kapitalis.com\/tunisie\/2024\/04\/12\/fortes-pluies-a-kebili-evacuation-de-13-passagers-dun-bus-touristique-bloque-entre-deux-oueds-a-douz\/#breadcrumb\"},\"inLanguage\":\"fr-FR\",\"potentialAction\":[{\"@type\":\"ReadAction\",\"target\":[\"https:\/\/kapitalis.com\/tunisie\/2024\/04\/12\/fortes-pluies-a-kebili-evacuation-de-13-passagers-dun-bus-touristique-bloque-entre-deux-oueds-a-douz\/\"]}]},{\"@type\":\"ImageObject\",\"inLanguage\":\"fr-FR\",\"@id\":\"https:\/\/kapitalis.com\/tunisie\/2024\/04\/12\/fortes-pluies-a-kebili-evacuation-de-13-passagers-dun-bus-touristique-bloque-entre-deux-oueds-a-douz\/#primaryimage\",\"url\":\"https:\/\/kapitalis.com\/tunisie\/wp-content\/uploads\/2024\/04\/Douz-Oueds-bus-bloque.jpg\",\"contentUrl\":\"https:\/\/kapitalis.com\/tunisie\/wp-content\/uploads\/2024\/04\/Douz-Oueds-bus-bloque.jpg\",\"width\":1200,\"height\":630},{\"@type\":\"BreadcrumbList\",\"@id\":\"https:\/\/kapitalis.com\/tunisie\/2024\/04\/12\/fortes-pluies-a-kebili-evacuation-de-13-passagers-dun-bus-touristique-bloque-entre-deux-oueds-a-douz\/#breadcrumb\",\"itemListElement\":[{\"@type\":\"ListItem\",\"position\":1,\"name\":\"Accueil\",\"item\":\"https:\/\/kapitalis.com\/tunisie\/\"},{\"@type\":\"ListItem\",\"position\":2,\"name\":\"Fortes pluies \u00e0 K\u00e9bili : \u00c9vacuation de 13 passagers d&rsquo;un bus touristique bloqu\u00e9 entre deux Oueds \u00e0 Douz\"}]},{\"@type\":\"WebSite\",\"@id\":\"https:\/\/kapitalis.com\/tunisie\/#website\",\"url\":\"https:\/\/kapitalis.com\/tunisie\/\",\"name\":\"Kapitalis\",\"description\":\"L&#039;actualit\u00e9 en Tunisie et dans le monde\",\"publisher\":{\"@id\":\"https:\/\/kapitalis.com\/tunisie\/#organization\"},\"potentialAction\":[{\"@type\":\"SearchAction\",\"target\":{\"@type\":\"EntryPoint\",\"urlTemplate\":\"https:\/\/kapitalis.com\/tunisie\/?s={search_term_string}\"},\"query-input\":{\"@type\":\"PropertyValueSpecification\",\"valueRequired\":true,\"valueName\":\"search_term_string\"}}],\"inLanguage\":\"fr-FR\"},{\"@type\":\"Organization\",\"@id\":\"https:\/\/kapitalis.com\/tunisie\/#organization\",\"name\":\"Kapitalis\",\"url\":\"https:\/\/kapitalis.com\/tunisie\/\",\"logo\":{\"@type\":\"ImageObject\",\"inLanguage\":\"fr-FR\",\"@id\":\"https:\/\/kapitalis.com\/tunisie\/#\/schema\/logo\/image\/\",\"url\":\"https:\/\/kapitalis.com\/tunisie\/wp-content\/uploads\/2022\/05\/Kapitalis-big-size.png\",\"contentUrl\":\"https:\/\/kapitalis.com\/tunisie\/wp-content\/uploads\/2022\/05\/Kapitalis-big-size.png\",\"width\":5000,\"height\":1500,\"caption\":\"Kapitalis\"},\"image\":{\"@id\":\"https:\/\/kapitalis.com\/tunisie\/#\/schema\/logo\/image\/\"},\"sameAs\":[\"https:\/\/www.facebook.com\/KapitalisInfo\/\",\"https:\/\/x.com\/KapitalisInfo\",\"https:\/\/www.youtube.com\/channel\/UC-yDYrHyfFBWWZaOw3FPg9Q\"]},{\"@type\":\"Person\",\"@id\":\"https:\/\/kapitalis.com\/tunisie\/#\/schema\/person\/74bbde0154d49d790a92aaeac5bc01d5\",\"name\":\"Yusra NY\",\"url\":\"https:\/\/kapitalis.com\/tunisie\/author\/yuza_adam\/\"}]}<\/script>\n<!-- \/ Yoast SEO plugin. -->","yoast_head_json":{"title":"Fortes pluies \u00e0 K\u00e9bili : \u00c9vacuation de 13 passagers d'un bus touristique bloqu\u00e9 entre deux Oueds \u00e0 Douz - Kapitalis","robots":{"index":"index","follow":"follow","max-snippet":"max-snippet:-1","max-image-preview":"max-image-preview:large","max-video-preview":"max-video-preview:-1"},"canonical":"https:\/\/kapitalis.com\/tunisie\/2024\/04\/12\/fortes-pluies-a-kebili-evacuation-de-13-passagers-dun-bus-touristique-bloque-entre-deux-oueds-a-douz\/","og_locale":"fr_FR","og_type":"article","og_title":"Fortes pluies \u00e0 K\u00e9bili : \u00c9vacuation de 13 passagers d'un bus touristique bloqu\u00e9 entre deux Oueds \u00e0 Douz - Kapitalis","og_description":"Les unit\u00e9s de secours et de sauvetage de la direction r\u00e9gionale de la protection civile de K\u00e9bili sont intervenues pour \u00e9vacuer 13 passagers d&rsquo;un bus touristique coinc\u00e9 entre Oued Khachab et Oued El-Araj \u00e0 Douz.","og_url":"https:\/\/kapitalis.com\/tunisie\/2024\/04\/12\/fortes-pluies-a-kebili-evacuation-de-13-passagers-dun-bus-touristique-bloque-entre-deux-oueds-a-douz\/","og_site_name":"Kapitalis","article_publisher":"https:\/\/www.facebook.com\/KapitalisInfo\/","article_published_time":"2024-04-12T22:02:18+00:00","article_modified_time":"2024-04-12T22:35:58+00:00","og_image":[{"width":1200,"height":630,"url":"https:\/\/kapitalis.com\/tunisie\/wp-content\/uploads\/2024\/04\/Douz-Oueds-bus-bloque.jpg","type":"image\/jpeg"}],"author":"Yusra NY","twitter_card":"summary_large_image","twitter_creator":"@KapitalisInfo","twitter_site":"@KapitalisInfo","twitter_misc":{"\u00c9crit par":"Yusra NY","Dur\u00e9e de lecture estim\u00e9e":"1 minute"},"schema":{"@context":"https:\/\/schema.org","@graph":[{"@type":"Article","@id":"https:\/\/kapitalis.com\/tunisie\/2024\/04\/12\/fortes-pluies-a-kebili-evacuation-de-13-passagers-dun-bus-touristique-bloque-entre-deux-oueds-a-douz\/#article","isPartOf":{"@id":"https:\/\/kapitalis.com\/tunisie\/2024\/04\/12\/fortes-pluies-a-kebili-evacuation-de-13-passagers-dun-bus-touristique-bloque-entre-deux-oueds-a-douz\/"},"author":{"name":"Yusra NY","@id":"https:\/\/kapitalis.com\/tunisie\/#\/schema\/person\/74bbde0154d49d790a92aaeac5bc01d5"},"headline":"Fortes pluies \u00e0 K\u00e9bili : \u00c9vacuation de 13 passagers d&rsquo;un bus touristique bloqu\u00e9 entre deux Oueds \u00e0 Douz","datePublished":"2024-04-12T22:02:18+00:00","dateModified":"2024-04-12T22:35:58+00:00","mainEntityOfPage":{"@id":"https:\/\/kapitalis.com\/tunisie\/2024\/04\/12\/fortes-pluies-a-kebili-evacuation-de-13-passagers-dun-bus-touristique-bloque-entre-deux-oueds-a-douz\/"},"wordCount":127,"commentCount":0,"publisher":{"@id":"https:\/\/kapitalis.com\/tunisie\/#organization"},"image":{"@id":"https:\/\/kapitalis.com\/tunisie\/2024\/04\/12\/fortes-pluies-a-kebili-evacuation-de-13-passagers-dun-bus-touristique-bloque-entre-deux-oueds-a-douz\/#primaryimage"},"thumbnailUrl":"https:\/\/kapitalis.com\/tunisie\/wp-content\/uploads\/2024\/04\/Douz-Oueds-bus-bloque.jpg","keywords":["Douz","K\u00e9bili","Oueds","pluies","protection civile","Tunisie"],"articleSection":["SOCIETE","Tunisie"],"inLanguage":"fr-FR","potentialAction":[{"@type":"CommentAction","name":"Comment","target":["https:\/\/kapitalis.com\/tunisie\/2024\/04\/12\/fortes-pluies-a-kebili-evacuation-de-13-passagers-dun-bus-touristique-bloque-entre-deux-oueds-a-douz\/#respond"]}]},{"@type":"WebPage","@id":"https:\/\/kapitalis.com\/tunisie\/2024\/04\/12\/fortes-pluies-a-kebili-evacuation-de-13-passagers-dun-bus-touristique-bloque-entre-deux-oueds-a-douz\/","url":"https:\/\/kapitalis.com\/tunisie\/2024\/04\/12\/fortes-pluies-a-kebili-evacuation-de-13-passagers-dun-bus-touristique-bloque-entre-deux-oueds-a-douz\/","name":"Fortes pluies \u00e0 K\u00e9bili : \u00c9vacuation de 13 passagers d'un bus touristique bloqu\u00e9 entre deux Oueds \u00e0 Douz - Kapitalis","isPartOf":{"@id":"https:\/\/kapitalis.com\/tunisie\/#website"},"primaryImageOfPage":{"@id":"https:\/\/kapitalis.com\/tunisie\/2024\/04\/12\/fortes-pluies-a-kebili-evacuation-de-13-passagers-dun-bus-touristique-bloque-entre-deux-oueds-a-douz\/#primaryimage"},"image":{"@id":"https:\/\/kapitalis.com\/tunisie\/2024\/04\/12\/fortes-pluies-a-kebili-evacuation-de-13-passagers-dun-bus-touristique-bloque-entre-deux-oueds-a-douz\/#primaryimage"},"thumbnailUrl":"https:\/\/kapitalis.com\/tunisie\/wp-content\/uploads\/2024\/04\/Douz-Oueds-bus-bloque.jpg","datePublished":"2024-04-12T22:02:18+00:00","dateModified":"2024-04-12T22:35:58+00:00","breadcrumb":{"@id":"https:\/\/kapitalis.com\/tunisie\/2024\/04\/12\/fortes-pluies-a-kebili-evacuation-de-13-passagers-dun-bus-touristique-bloque-entre-deux-oueds-a-douz\/#breadcrumb"},"inLanguage":"fr-FR","potentialAction":[{"@type":"ReadAction","target":["https:\/\/kapitalis.com\/tunisie\/2024\/04\/12\/fortes-pluies-a-kebili-evacuation-de-13-passagers-dun-bus-touristique-bloque-entre-deux-oueds-a-douz\/"]}]},{"@type":"ImageObject","inLanguage":"fr-FR","@id":"https:\/\/kapitalis.com\/tunisie\/2024\/04\/12\/fortes-pluies-a-kebili-evacuation-de-13-passagers-dun-bus-touristique-bloque-entre-deux-oueds-a-douz\/#primaryimage","url":"https:\/\/kapitalis.com\/tunisie\/wp-content\/uploads\/2024\/04\/Douz-Oueds-bus-bloque.jpg","contentUrl":"https:\/\/kapitalis.com\/tunisie\/wp-content\/uploads\/2024\/04\/Douz-Oueds-bus-bloque.jpg","width":1200,"height":630},{"@type":"BreadcrumbList","@id":"https:\/\/kapitalis.com\/tunisie\/2024\/04\/12\/fortes-pluies-a-kebili-evacuation-de-13-passagers-dun-bus-touristique-bloque-entre-deux-oueds-a-douz\/#breadcrumb","itemListElement":[{"@type":"ListItem","position":1,"name":"Accueil","item":"https:\/\/kapitalis.com\/tunisie\/"},{"@type":"ListItem","position":2,"name":"Fortes pluies \u00e0 K\u00e9bili : \u00c9vacuation de 13 passagers d&rsquo;un bus touristique bloqu\u00e9 entre deux Oueds \u00e0 Douz"}]},{"@type":"WebSite","@id":"https:\/\/kapitalis.com\/tunisie\/#website","url":"https:\/\/kapitalis.com\/tunisie\/","name":"Kapitalis","description":"L&#039;actualit\u00e9 en Tunisie et dans le monde","publisher":{"@id":"https:\/\/kapitalis.com\/tunisie\/#organization"},"potentialAction":[{"@type":"SearchAction","target":{"@type":"EntryPoint","urlTemplate":"https:\/\/kapitalis.com\/tunisie\/?s={search_term_string}"},"query-input":{"@type":"PropertyValueSpecification","valueRequired":true,"valueName":"search_term_string"}}],"inLanguage":"fr-FR"},{"@type":"Organization","@id":"https:\/\/kapitalis.com\/tunisie\/#organization","name":"Kapitalis","url":"https:\/\/kapitalis.com\/tunisie\/","logo":{"@type":"ImageObject","inLanguage":"fr-FR","@id":"https:\/\/kapitalis.com\/tunisie\/#\/schema\/logo\/image\/","url":"https:\/\/kapitalis.com\/tunisie\/wp-content\/uploads\/2022\/05\/Kapitalis-big-size.png","contentUrl":"https:\/\/kapitalis.com\/tunisie\/wp-content\/uploads\/2022\/05\/Kapitalis-big-size.png","width":5000,"height":1500,"caption":"Kapitalis"},"image":{"@id":"https:\/\/kapitalis.com\/tunisie\/#\/schema\/logo\/image\/"},"sameAs":["https:\/\/www.facebook.com\/KapitalisInfo\/","https:\/\/x.com\/KapitalisInfo","https:\/\/www.youtube.com\/channel\/UC-yDYrHyfFBWWZaOw3FPg9Q"]},{"@type":"Person","@id":"https:\/\/kapitalis.com\/tunisie\/#\/schema\/person\/74bbde0154d49d790a92aaeac5bc01d5","name":"Yusra NY","url":"https:\/\/kapitalis.com\/tunisie\/author\/yuza_adam\/"}]}},"_links":{"self":[{"href":"https:\/\/kapitalis.com\/tunisie\/wp-json\/wp\/v2\/posts\/12448737","targetHints":{"allow":["GET"]}}],"collection":[{"href":"https:\/\/kapitalis.com\/tunisie\/wp-json\/wp\/v2\/posts"}],"about":[{"href":"https:\/\/kapitalis.com\/tunisie\/wp-json\/wp\/v2\/types\/post"}],"author":[{"embeddable":true,"href":"https:\/\/kapitalis.com\/tunisie\/wp-json\/wp\/v2\/users\/6"}],"replies":[{"embeddable":true,"href":"https:\/\/kapitalis.com\/tunisie\/wp-json\/wp\/v2\/comments?post=12448737"}],"version-history":[{"count":1,"href":"https:\/\/kapitalis.com\/tunisie\/wp-json\/wp\/v2\/posts\/12448737\/revisions"}],"predecessor-version":[{"id":12448777,"href":"https:\/\/kapitalis.com\/tunisie\/wp-json\/wp\/v2\/posts\/12448737\/revisions\/12448777"}],"wp:featuredmedia":[{"embeddable":true,"href":"https:\/\/kapitalis.com\/tunisie\/wp-json\/wp\/v2\/media\/12448775"}],"wp:attachment":[{"href":"https:\/\/kapitalis.com\/tunisie\/wp-json\/wp\/v2\/media?parent=12448737"}],"wp:term":[{"taxonomy":"category","embeddable":true,"href":"https:\/\/kapitalis.com\/tunisie\/wp-json\/wp\/v2\/categories?post=12448737"},{"taxonomy":"post_tag","embeddable":true,"href":"https:\/\/kapitalis.com\/tunisie\/wp-json\/wp\/v2\/tags?post=12448737"}],"curies":[{"name":"wp","href":"https:\/\/api.w.org\/{rel}","templated":true}]}}