{"id":12450047,"date":"2024-04-13T07:14:50","date_gmt":"2024-04-13T06:14:50","guid":{"rendered":"https:\/\/kapitalis.com\/tunisie\/?p=12450047"},"modified":"2024-04-13T07:14:51","modified_gmt":"2024-04-13T06:14:51","slug":"liran-repliquerait-il-aux-incessantes-provocations-disrael","status":"publish","type":"post","link":"https:\/\/kapitalis.com\/tunisie\/2024\/04\/13\/liran-repliquerait-il-aux-incessantes-provocations-disrael\/","title":{"rendered":"L\u2019Iran r\u00e9pliquerait-il aux incessantes provocations d\u2019Isra\u00ebl\u00a0?"},"content":{"rendered":"\n<p><strong><em>Depuis le d\u00e9but de la guerre g\u00e9nocidaire qu\u2019il m\u00e8ne contre les Palestiniens \u00e0 Gaza, Isra\u00ebl cherche \u00e0 \u00e9largir le champs des affrontements \u00e0 toute la r\u00e9gion du Moyen-Orient pour provoquer un \u00e9cran de fum\u00e9e et poursuivre ainsi son projet d&rsquo;expansion coloniale, avec l&rsquo;appui actif des puissances occidentales. Va-t-il enfin r\u00e9ussir \u00e0 r\u00e9aliser son objectif\u00a0? La crainte d\u2019un embrasement r\u00e9gional est r\u00e9elle si l\u2019Iran met \u00e0 ex\u00e9cution sa menace de r\u00e9pliquer aux attaques militaires isra\u00e9liennes contre ses installations et ses hommes dans la r\u00e9gion\u2026<\/em><\/strong> <em>(Illustration : Mohammad Reza Zahedi, \u00e0 droite, tu\u00e9 par Isra\u00ebl le 1er avril courant en Syrie, est le g\u00e9n\u00e9ral iranien le plus haut plac\u00e9 tu\u00e9 depuis l\u2019assassinat par les \u00c9tats-Unis de Qassem Soleimani \u00e0 Bagdad en 2020.)  <\/em><\/p>\n\n\n\n<p>Par <strong>Imed Bahri<\/strong><\/p>\n\n\n\n<!--more-->\n\n\n\n<p>Le <em><a href=\"https:\/\/www.wsj.com\/world\/middle-east\/iranian-attack-expected-on-israel-in-next-two-days-42b0537c\" target=\"_blank\" rel=\"noreferrer noopener\">Wall Street Journal<\/a><\/em> a affirm\u00e9 que les repr\u00e9sailles iraniennes contre le bombardement isra\u00e9lien du consulat de T\u00e9h\u00e9ran \u00e0 Damas auront lieu durant ces deux jours et auront lieu \u00e0 l\u2019int\u00e9rieur du territoire isra\u00e9lien et ne viseront pas des cibles isra\u00e9liennes \u00e0 l\u2019\u00e9tranger. Les plans d\u2019attaques sont entre les mains de l\u2019ayatollah Ali Khamenei, le guide supr\u00eame iranien. Une question d\u2019honneur.<\/p>\n\n\n\n<p>En exclusivit\u00e9, le journal am\u00e9ricain tr\u00e8s bien inform\u00e9 et r\u00e9put\u00e9 proche du monde du renseignement a d\u00e9clar\u00e9 qu\u2019Isra\u00ebl se pr\u00e9parait \u00e0 une attaque directe de l\u2019Iran dans le sud et le nord au entre vendredi et samedi, selon une source proche du dossier. \u00c7a sera une r\u00e9ponse au raid de l\u2019aviation isra\u00e9lienne sur le consulat iranien dans le quartier damasc\u00e8ne de Mezzeh, le 1<sup>er<\/sup> avril 2024, qui a co\u00fbt\u00e9 la vie au g\u00e9n\u00e9ral Mohammad Reza Zahedi, responsable des op\u00e9rations de la Force Al-Qods en Syrie et au Liban. Il est le g\u00e9n\u00e9ral iranien le plus haut plac\u00e9 tu\u00e9 depuis l\u2019assassinat par les \u00c9tats-Unis de Qassem Soleimani \u00e0 Bagdad en 2020. Il est \u00e0 indiquer qu\u2019il a \u00e9t\u00e9 tu\u00e9 dans le m\u00eame quartier qu\u2019Imad Fayez Mughniyeh alias Al-Hajj Radwan, chef militaire du Hezbollah libanais a \u00e9t\u00e9 tu\u00e9 par le Mossad isra\u00e9lien en 2008.&nbsp;Cependant, une personne proche des projets iraniens a confirm\u00e9 qu\u2019une attaque \u00e9tait en cours de discussion mais que le d\u00e9lai n\u2019a pas encore \u00e9t\u00e9 fix\u00e9.<\/p>\n\n\n\n<h2 class=\"wp-block-heading\">Une attaque in\u00e9vitable<\/h2>\n\n\n\n<p>L\u2019Iran a annonc\u00e9 son intention de se venger de l\u2019attaque isra\u00e9lienne contre son consulat au d\u00e9but de mois qui a conduit \u00e0 la mort d\u2019un officier sup\u00e9rieur des Gardiens de la r\u00e9volution et de plusieurs de ses collaborateurs.<\/p>\n\n\n\n<p>Les services de renseignement am\u00e9ricains ont averti au d\u00e9but de cette semaine qu\u2019une attaque contre des cibles isra\u00e9liennes importantes \u00e9tait in\u00e9vitable mais des sources affirment que l\u2019attaque pourrait avoir lieu \u00e0 l\u2019int\u00e9rieur des fronti\u00e8res isra\u00e9liennes.<\/p>\n\n\n\n<p>Jeudi, un responsable am\u00e9ricain connaissant le dossier a d\u00e9clar\u00e9 que les rapports des services de renseignement indiquent que l\u2019attaque iranienne n\u2019est que dans quelques jours et \u00e0 l\u2019int\u00e9rieur du territoire isra\u00e9lien et non contre les int\u00e9r\u00eats isra\u00e9liens ailleurs.<\/p>\n\n\n\n<figure class=\"wp-block-embed is-type-wp-embed is-provider-kapitalis wp-block-embed-kapitalis\"><div class=\"wp-block-embed__wrapper\">\n<blockquote class=\"wp-embedded-content\" data-secret=\"LnDKHUYFXT\"><a href=\"https:\/\/kapitalis.com\/tunisie\/2024\/01\/11\/moyen-orient-jusquou-ira-linfluence-de-laxe-pro-iranien-video\/\">Moyen-Orient\u00a0: Jusqu\u2019o\u00f9 ira l\u2019influence de l\u2019Axe pro-iranien? (vid\u00e9o)<\/a><\/blockquote><iframe loading=\"lazy\" class=\"wp-embedded-content\" sandbox=\"allow-scripts\" security=\"restricted\" style=\"position: absolute; clip: rect(1px, 1px, 1px, 1px);\" title=\"\u00ab\u00a0Moyen-Orient\u00a0: Jusqu\u2019o\u00f9 ira l\u2019influence de l\u2019Axe pro-iranien? (vid\u00e9o)\u00a0\u00bb &#8212; Kapitalis\" src=\"https:\/\/kapitalis.com\/tunisie\/2024\/01\/11\/moyen-orient-jusquou-ira-linfluence-de-laxe-pro-iranien-video\/embed\/#?secret=1jwXPP94EW#?secret=LnDKHUYFXT\" data-secret=\"LnDKHUYFXT\" width=\"600\" height=\"338\" frameborder=\"0\" marginwidth=\"0\" marginheight=\"0\" scrolling=\"no\"><\/iframe>\n<\/div><\/figure>\n\n\n\n<p>Jeudi \u00e9galement, l\u2019ambassade am\u00e9ricaine en Isra\u00ebl a demand\u00e9 \u00e0 ses employ\u00e9s et \u00e0 leurs familles de ne pas quitter Tel Aviv, J\u00e9rusalem et Beer Sheva jusqu\u2019\u00e0 nouvel ordre. Le g\u00e9n\u00e9ral Erik Kurilla, commandant du commandement central charg\u00e9 des op\u00e9rations militaires am\u00e9ricaines au Moyen-Orient s\u2019est \u00e9galement rendu en urgence en Isra\u00ebl jeudi.<\/p>\n\n\n\n<p>Le Premier ministre isra\u00e9lien Benjamin Netanyahu a menac\u00e9 depuis une base a\u00e9rienne du sud d\u2019Isra\u00ebl de r\u00e9pondre directement \u00e0 toute attaque contre l\u2019\u00c9tat h\u00e9breu. Il a d\u00e9clar\u00e9 que quiconque ose leur faire du mal sera attaqu\u00e9 et que son gouvernement est pr\u00eat \u00e0 faire face aux d\u00e9fis de s\u00e9curit\u00e9 auxquels est confront\u00e9 Isra\u00ebl tant sur le plan d\u00e9fensif qu\u2019offensif, a-t-il d\u00e9clar\u00e9.<\/p>\n\n\n\n<p>Le chef de la diplomatie fran\u00e7aise St\u00e9phane S\u00e9journ\u00e9 <em>\u00abrecommande aux Fran\u00e7ais de s\u2019abstenir imp\u00e9rativement de se rendre dans les jours qui viennent en Iran, au Liban, en Isra\u00ebl et dans les territoires palestiniens\u00bb<\/em>, a indiqu\u00e9 son entourage \u00e0 l\u2019AFP.<\/p>\n\n\n\n<p>Les sc\u00e9narios&nbsp; incluent une frappe directe sur Isra\u00ebl \u00e0 l\u2019aide de missiles \u00e0 moyenne port\u00e9e. Des comptes sur les r\u00e9seaux sociaux li\u00e9s aux Gardiens de la r\u00e9volution ont publi\u00e9 des clips vid\u00e9o contenant une simulation d\u2019une attaque de missile contre le port de Ha\u00effa et le r\u00e9acteur nucl\u00e9aire Dimona. Un responsable iranien a d\u00e9clar\u00e9 qu\u2019ils frapperaient les stations d\u2019\u00e9lectricit\u00e9 et les usines de dessalement de l\u2019eau de mer si le territoire iranien \u00e9tait attaqu\u00e9.<\/p>\n\n\n\n<p>L\u2019ayatollah Ali Khamenei n\u2019a pas encore d\u00e9cid\u00e9 quelle option adopter et il craint qu\u2019une attaque directe au missile \u00e9choue en \u00e9change d\u2019une r\u00e9ponse isra\u00e9lienne forte ciblant les infrastructures iraniennes. <em>\u00abLes plans des raids sont devant le Guide supr\u00eame et il p\u00e8se toujours les risques politiques\u00bb<\/em>, a d\u00e9clar\u00e9 le son conseiller.<\/p>\n\n\n\n<figure class=\"wp-block-embed is-type-wp-embed is-provider-kapitalis wp-block-embed-kapitalis\"><div class=\"wp-block-embed__wrapper\">\n<blockquote class=\"wp-embedded-content\" data-secret=\"iA2JE0blGU\"><a href=\"https:\/\/kapitalis.com\/tunisie\/2024\/01\/09\/les-etats-unis-inquiets-pour-israel-en-cas-de-guerre-contre-le-hezbollah\/\">Les \u00c9tats-Unis inquiets pour Isra\u00ebl en cas de guerre contre le Hezbollah<\/a><\/blockquote><iframe loading=\"lazy\" class=\"wp-embedded-content\" sandbox=\"allow-scripts\" security=\"restricted\" style=\"position: absolute; clip: rect(1px, 1px, 1px, 1px);\" title=\"\u00ab\u00a0Les \u00c9tats-Unis inquiets pour Isra\u00ebl en cas de guerre contre le Hezbollah\u00a0\u00bb &#8212; Kapitalis\" src=\"https:\/\/kapitalis.com\/tunisie\/2024\/01\/09\/les-etats-unis-inquiets-pour-israel-en-cas-de-guerre-contre-le-hezbollah\/embed\/#?secret=zA1nbZ6Sof#?secret=iA2JE0blGU\" data-secret=\"iA2JE0blGU\" width=\"600\" height=\"338\" frameborder=\"0\" marginwidth=\"0\" marginheight=\"0\" scrolling=\"no\"><\/iframe>\n<\/div><\/figure>\n\n\n\n<p>Parmi les autres sc\u00e9narios possibles figurent \u00e9galement le recours aux groupes li\u00e9s \u00e0 l\u2019Iran dans la r\u00e9gion et auxquels T\u00e9h\u00e9ran a fourni des missiles et des drones. Les hauteurs du Golan syrien occup\u00e9 peuvent \u00eatre frapp\u00e9es pour \u00e9viter d\u2019attaquer directement Isra\u00ebl, ou pour frapper les forces isra\u00e9liennes \u00e0 Gaza ou cibler les ambassades isra\u00e9liennes \u00e0 l\u2019\u00e9tranger.<\/p>\n\n\n\n<h2 class=\"wp-block-heading\">Crainte d\u2019une expansion de la guerre<\/h2>\n\n\n\n<p>Dans le m\u00eame temps, la communaut\u00e9 internationale retient son souffle et tente d\u2019emp\u00eacher l\u2019expansion de la guerre. Selon des responsables iraniens et britanniques, la ministre allemande des Affaires \u00e9trang\u00e8res Annalena Baerbock et son homologue britannique David Cameron ont appel\u00e9 leur homologue iranien Hossein Abdollahian \u00e0 ne pas attaquer Isra\u00ebl. Un porte-parole de la mission iranienne aupr\u00e8s des Nations Unies \u00e0 New York a d\u00e9clar\u00e9: <em>\u00abDes invitations ont \u00e9t\u00e9 envoy\u00e9es par les ministres de la r\u00e9gion et d\u2019Europe au ministre iranien des Affaires \u00e9trang\u00e8res.\u00bb<\/em><\/p>\n\n\n\n<p>Quant aux Isra\u00e9liens qui ont r\u00e9ponse \u00e0 tout et dont les mensonges sont toujours pr\u00eats \u00e0 \u00eatre servis pour manipuler les Occidentaux qui les prennent toujours au s\u00e9rieux, ils ont rejet\u00e9 par la voix du porte-parole de l\u2019arm\u00e9e isra\u00e9lienne les accusations de bombardement d\u2019installations diplomatiques \u00e0 Damas affirmant <em>\u00abqu\u2019il s\u2019agissait d\u2019un b\u00e2timent de la Force Al-Qods pr\u00e9sent\u00e9 \u00e0 tort comme une installation civile\u00bb<\/em>. Fin de la blague. Isra\u00ebl viole donc d\u2019une mani\u00e8re on ne peut plus claire et sauvage la Convention de Vienne sur les relations diplomatiques de 1961 et la Convention de Vienne sur les relations consulaires de 1963 qui consacrent l\u2019immunit\u00e9 du personnel diplomatique et l\u2019inviolabilit\u00e9 des repr\u00e9sentations diplomatiques et consulaires et pr\u00e9tend apr\u00e8s que ce n\u2019est pas une repr\u00e9sentation diplomatique ou consulaire ni m\u00eame civile mais un b\u00e2timent \u00e0 usage militaire.<\/p>\n\n\n\n<p>Les Isra\u00e9liens sont pr\u00eats \u00e0 embraser tout le Moyen-Orient ou \u00e0 d\u00e9clencher un conflit mondial et apr\u00e8s ils serviront des foutaises \u00e0 l\u2019opinion publique internationale dont ils ne cessent d\u2019insulter l\u2019intelligence.<\/p>\n\n\n\n<p>Par ailleurs, Isra\u00ebl se pr\u00e9pare \u00e0 l\u2019attaque iranienne attendue en mettant fin aux cong\u00e9s des soldats de r\u00e9serve et en renfor\u00e7ant la protection des installations civiles. Le ministre de la D\u00e9fense isra\u00e9lien Yoav Gallant a, \u00e9galement, \u00e9crit sur les r\u00e9seaux sociaux qu\u2019il avait discut\u00e9 des projets isra\u00e9liens avec son homologue am\u00e9ricain Lloyd Austin. L\u2019aviation isra\u00e9lienne a aussi entam\u00e9 des exercices de simulation de bombardements de l\u2019Iran car Tel Aviv compte le faire si les Iraniens bombardaient directement Isra\u00ebl.&nbsp;<\/p>\n\n\n\n<h2 class=\"wp-block-heading\">Le double jeu des Etats-Unis<\/h2>\n\n\n\n<p>L\u2019alli\u00e9 historique et sans lequel Isra\u00ebl ne serait pas l\u2019Etat bandit qu\u2019il a toujours \u00e9t\u00e9, en l\u2019occurrence les \u00c9tats-Unis, m\u00e8ne comme d\u2019habitude son double jeu. D\u2019un c\u00f4t\u00e9, il se dit g\u00ean\u00e9 (ah non, il ne fallait pas\u00a0!) que les Isra\u00e9liens n\u2019ont m\u00eame pas daign\u00e9 l\u2019informer qu\u2019ils allaient attaquer le Consulat iranien \u00e0 Damas et d\u2019un autre c\u00f4t\u00e9 appelle l\u2019Iran \u00e0 ne pas r\u00e9pliquer \u00e0 Isra\u00ebl et dans le cas o\u00f9 une r\u00e9plique a lieu, il d\u00e9fendra Isra\u00ebl.<\/p>\n\n\n\n<figure class=\"wp-block-embed is-type-wp-embed is-provider-kapitalis wp-block-embed-kapitalis\"><div class=\"wp-block-embed__wrapper\">\n<blockquote class=\"wp-embedded-content\" data-secret=\"29VJiGqcZR\"><a href=\"https:\/\/kapitalis.com\/tunisie\/2024\/01\/07\/le-hezbollah-entre-la-replique-a-israel-et-la-preservation-du-liban\/\">Le Hezbollah, entre la r\u00e9plique \u00e0 Isra\u00ebl et la pr\u00e9servation du Liban<\/a><\/blockquote><iframe loading=\"lazy\" class=\"wp-embedded-content\" sandbox=\"allow-scripts\" security=\"restricted\" style=\"position: absolute; clip: rect(1px, 1px, 1px, 1px);\" title=\"\u00ab\u00a0Le Hezbollah, entre la r\u00e9plique \u00e0 Isra\u00ebl et la pr\u00e9servation du Liban\u00a0\u00bb &#8212; Kapitalis\" src=\"https:\/\/kapitalis.com\/tunisie\/2024\/01\/07\/le-hezbollah-entre-la-replique-a-israel-et-la-preservation-du-liban\/embed\/#?secret=aUqRQphDPM#?secret=29VJiGqcZR\" data-secret=\"29VJiGqcZR\" width=\"600\" height=\"338\" frameborder=\"0\" marginwidth=\"0\" marginheight=\"0\" scrolling=\"no\"><\/iframe>\n<\/div><\/figure>\n\n\n\n<p>Cette probable attaque iranienne \u00e0 l\u2019int\u00e9rieur d\u2019Isra\u00ebl conduira \u00e0 une r\u00e9plique isra\u00e9lienne et \u00e0 un risque s\u00e9rieux d\u2019embrasement r\u00e9gional que cherche le pyromane Benjamin Netanyahu pour se maintenir aussi longtemps que possible au pouvoir.<\/p>\n\n\n\n<p>Le chef g\u00e9nocidaire isra\u00e9lien doubl\u00e9 d\u2019un d\u00e9linquant de droit commun poursuivi ainsi que son \u00e9pouse dans quatre affaires de corruption sait pertinemment que si la guerre \u00e0 Gaza se termine, \u00e7a va \u00eatre l\u2019heure des comptes aussi bien pour ses affaires de corruption que pour le 7 octobre qu\u2019il n\u2019a pu emp\u00eacher. Pour \u00e9chapper \u00e0 ce sc\u00e9nario qu\u2019il redoute grandement et se maintenir aussi longtemps que possible au pouvoir, il essaye d\u2019allonger la guerre \u00e0 Gaza et le g\u00e9nocide qui l\u2019accompagne mais aussi il essaye de d\u00e9clencher une guerre r\u00e9gionale.<\/p>\n\n\n\n<h2 class=\"wp-block-heading\">Question d\u2019honneur pour les Iraniens<\/h2>\n\n\n\n<p>D\u2019un autre c\u00f4t\u00e9, l\u2019Iran se trouve dans une situation tr\u00e8s difficile. S\u2019il r\u00e9plique, c\u2019est le risque d\u2019une guerre r\u00e9gionale et s\u2019il ne r\u00e9plique pas, il va appara\u00eetre comme peureux et se laissant faire et non pas comme une puissance r\u00e9gionale.<\/p>\n\n\n\n<p>Ces derniers mois, Isra\u00ebl a multipli\u00e9 les attaques contre des cibles iraniennes en Syrie tuant plusieurs officiers de haut rang du corps des Gardiens de la r\u00e9volution et, jusque-l\u00e0, l\u2019Iran n\u2019a pas r\u00e9pliqu\u00e9. Jusqu\u2019\u00e0 quand les Iraniens vont-ils supporter les provocations isra\u00e9liennes? Ces jours-ci nous le diront. Ce qui est par contre certain c\u2019est que le pouvoir iranien doit tenir compte de son opinion interne. Se laisser attaquer ind\u00e9finiment par les Isra\u00e9liens et ne jamais r\u00e9pliquer donne une image de faiblesse que les Iraniens, qui sont un peuple fier et orgueilleux, n\u2019accepteront jamais. C\u2019est aussi une question d\u2019honneur.<\/p>\n","protected":false},"excerpt":{"rendered":"<p>Mohammad Reza Zahedi, \u00e0 droite, tu\u00e9 par Isra\u00ebl le 1er avril courant en Syrie, est le g\u00e9n\u00e9ral iranien le plus haut plac\u00e9 tu\u00e9 depuis l\u2019assassinat par les \u00c9tats-Unis de Qassem Soleimani \u00e0 Bagdad en 2020.<\/p>\n","protected":false},"author":8,"featured_media":12450126,"comment_status":"open","ping_status":"open","sticky":false,"template":"","format":"standard","meta":{"footnotes":""},"categories":[992,997,2433],"tags":[23431,78944,75918,2444,114959,497,2478,113449,873,111452],"class_list":["post-12450047","post","type-post","status-publish","format-standard","has-post-thumbnail","hentry","category-a-la-une","category-politique","category-tunisie","tag-ali-khamenei","tag-benjamin-netanyahu","tag-etats-unis-2","tag-gaza","tag-hossein-abdollahian","tag-iran","tag-israel","tag-stephane-sejourne","tag-syrie","tag-yoav-gallant"],"yoast_head":"<!-- This site is optimized with the Yoast SEO plugin v26.6 - https:\/\/yoast.com\/wordpress\/plugins\/seo\/ -->\n<title>L\u2019Iran r\u00e9pliquerait-il aux incessantes provocations d\u2019Isra\u00ebl\u00a0? - Kapitalis<\/title>\n<meta name=\"robots\" content=\"index, follow, max-snippet:-1, max-image-preview:large, max-video-preview:-1\" \/>\n<link rel=\"canonical\" href=\"https:\/\/kapitalis.com\/tunisie\/2024\/04\/13\/liran-repliquerait-il-aux-incessantes-provocations-disrael\/\" \/>\n<meta property=\"og:locale\" content=\"fr_FR\" \/>\n<meta property=\"og:type\" content=\"article\" \/>\n<meta property=\"og:title\" content=\"L\u2019Iran r\u00e9pliquerait-il aux incessantes provocations d\u2019Isra\u00ebl\u00a0? - Kapitalis\" \/>\n<meta property=\"og:description\" content=\"Mohammad Reza Zahedi, \u00e0 droite, tu\u00e9 par Isra\u00ebl le 1er avril courant en Syrie, est le g\u00e9n\u00e9ral iranien le plus haut plac\u00e9 tu\u00e9 depuis l\u2019assassinat par les \u00c9tats-Unis de Qassem Soleimani \u00e0 Bagdad en 2020.\" \/>\n<meta property=\"og:url\" content=\"https:\/\/kapitalis.com\/tunisie\/2024\/04\/13\/liran-repliquerait-il-aux-incessantes-provocations-disrael\/\" \/>\n<meta property=\"og:site_name\" content=\"Kapitalis\" \/>\n<meta property=\"article:publisher\" content=\"https:\/\/www.facebook.com\/KapitalisInfo\/\" \/>\n<meta property=\"article:published_time\" content=\"2024-04-13T06:14:50+00:00\" \/>\n<meta property=\"article:modified_time\" content=\"2024-04-13T06:14:51+00:00\" \/>\n<meta property=\"og:image\" content=\"https:\/\/kapitalis.com\/tunisie\/wp-content\/uploads\/2024\/04\/Qassem-Soleimani-et-Mohammad-Reza-Zahedi.jpg\" \/>\n\t<meta property=\"og:image:width\" content=\"1200\" \/>\n\t<meta property=\"og:image:height\" content=\"630\" \/>\n\t<meta property=\"og:image:type\" content=\"image\/jpeg\" \/>\n<meta name=\"author\" content=\"webmaster kapitalis\" \/>\n<meta name=\"twitter:card\" content=\"summary_large_image\" \/>\n<meta name=\"twitter:creator\" content=\"@KapitalisInfo\" \/>\n<meta name=\"twitter:site\" content=\"@KapitalisInfo\" \/>\n<meta name=\"twitter:label1\" content=\"\u00c9crit par\" \/>\n\t<meta name=\"twitter:data1\" content=\"webmaster kapitalis\" \/>\n\t<meta name=\"twitter:label2\" content=\"Dur\u00e9e de lecture estim\u00e9e\" \/>\n\t<meta name=\"twitter:data2\" content=\"8 minutes\" \/>\n<script type=\"application\/ld+json\" class=\"yoast-schema-graph\">{\"@context\":\"https:\/\/schema.org\",\"@graph\":[{\"@type\":\"Article\",\"@id\":\"https:\/\/kapitalis.com\/tunisie\/2024\/04\/13\/liran-repliquerait-il-aux-incessantes-provocations-disrael\/#article\",\"isPartOf\":{\"@id\":\"https:\/\/kapitalis.com\/tunisie\/2024\/04\/13\/liran-repliquerait-il-aux-incessantes-provocations-disrael\/\"},\"author\":{\"name\":\"webmaster kapitalis\",\"@id\":\"https:\/\/kapitalis.com\/tunisie\/#\/schema\/person\/d71f33a9ca44f7bad4698210b480c8e9\"},\"headline\":\"L\u2019Iran r\u00e9pliquerait-il aux incessantes provocations d\u2019Isra\u00ebl\u00a0?\",\"datePublished\":\"2024-04-13T06:14:50+00:00\",\"dateModified\":\"2024-04-13T06:14:51+00:00\",\"mainEntityOfPage\":{\"@id\":\"https:\/\/kapitalis.com\/tunisie\/2024\/04\/13\/liran-repliquerait-il-aux-incessantes-provocations-disrael\/\"},\"wordCount\":1746,\"commentCount\":2,\"publisher\":{\"@id\":\"https:\/\/kapitalis.com\/tunisie\/#organization\"},\"image\":{\"@id\":\"https:\/\/kapitalis.com\/tunisie\/2024\/04\/13\/liran-repliquerait-il-aux-incessantes-provocations-disrael\/#primaryimage\"},\"thumbnailUrl\":\"https:\/\/kapitalis.com\/tunisie\/wp-content\/uploads\/2024\/04\/Qassem-Soleimani-et-Mohammad-Reza-Zahedi.jpg\",\"keywords\":[\"Ali Khamenei\",\"Benjamin Netanyahu\",\"Etats-Unis\",\"Gaza\",\"Hossein Abdollahian\",\"Iran\",\"Isra\u00ebl\",\"St\u00e9phane S\u00e9journ\u00e9\",\"Syrie\",\"Yoav Gallant\"],\"articleSection\":[\"A LA UNE\",\"POLITIQUE\",\"Tunisie\"],\"inLanguage\":\"fr-FR\",\"potentialAction\":[{\"@type\":\"CommentAction\",\"name\":\"Comment\",\"target\":[\"https:\/\/kapitalis.com\/tunisie\/2024\/04\/13\/liran-repliquerait-il-aux-incessantes-provocations-disrael\/#respond\"]}]},{\"@type\":\"WebPage\",\"@id\":\"https:\/\/kapitalis.com\/tunisie\/2024\/04\/13\/liran-repliquerait-il-aux-incessantes-provocations-disrael\/\",\"url\":\"https:\/\/kapitalis.com\/tunisie\/2024\/04\/13\/liran-repliquerait-il-aux-incessantes-provocations-disrael\/\",\"name\":\"L\u2019Iran r\u00e9pliquerait-il aux incessantes provocations d\u2019Isra\u00ebl\u00a0? - Kapitalis\",\"isPartOf\":{\"@id\":\"https:\/\/kapitalis.com\/tunisie\/#website\"},\"primaryImageOfPage\":{\"@id\":\"https:\/\/kapitalis.com\/tunisie\/2024\/04\/13\/liran-repliquerait-il-aux-incessantes-provocations-disrael\/#primaryimage\"},\"image\":{\"@id\":\"https:\/\/kapitalis.com\/tunisie\/2024\/04\/13\/liran-repliquerait-il-aux-incessantes-provocations-disrael\/#primaryimage\"},\"thumbnailUrl\":\"https:\/\/kapitalis.com\/tunisie\/wp-content\/uploads\/2024\/04\/Qassem-Soleimani-et-Mohammad-Reza-Zahedi.jpg\",\"datePublished\":\"2024-04-13T06:14:50+00:00\",\"dateModified\":\"2024-04-13T06:14:51+00:00\",\"breadcrumb\":{\"@id\":\"https:\/\/kapitalis.com\/tunisie\/2024\/04\/13\/liran-repliquerait-il-aux-incessantes-provocations-disrael\/#breadcrumb\"},\"inLanguage\":\"fr-FR\",\"potentialAction\":[{\"@type\":\"ReadAction\",\"target\":[\"https:\/\/kapitalis.com\/tunisie\/2024\/04\/13\/liran-repliquerait-il-aux-incessantes-provocations-disrael\/\"]}]},{\"@type\":\"ImageObject\",\"inLanguage\":\"fr-FR\",\"@id\":\"https:\/\/kapitalis.com\/tunisie\/2024\/04\/13\/liran-repliquerait-il-aux-incessantes-provocations-disrael\/#primaryimage\",\"url\":\"https:\/\/kapitalis.com\/tunisie\/wp-content\/uploads\/2024\/04\/Qassem-Soleimani-et-Mohammad-Reza-Zahedi.jpg\",\"contentUrl\":\"https:\/\/kapitalis.com\/tunisie\/wp-content\/uploads\/2024\/04\/Qassem-Soleimani-et-Mohammad-Reza-Zahedi.jpg\",\"width\":1200,\"height\":630},{\"@type\":\"BreadcrumbList\",\"@id\":\"https:\/\/kapitalis.com\/tunisie\/2024\/04\/13\/liran-repliquerait-il-aux-incessantes-provocations-disrael\/#breadcrumb\",\"itemListElement\":[{\"@type\":\"ListItem\",\"position\":1,\"name\":\"Accueil\",\"item\":\"https:\/\/kapitalis.com\/tunisie\/\"},{\"@type\":\"ListItem\",\"position\":2,\"name\":\"L\u2019Iran r\u00e9pliquerait-il aux incessantes provocations d\u2019Isra\u00ebl\u00a0?\"}]},{\"@type\":\"WebSite\",\"@id\":\"https:\/\/kapitalis.com\/tunisie\/#website\",\"url\":\"https:\/\/kapitalis.com\/tunisie\/\",\"name\":\"Kapitalis\",\"description\":\"L&#039;actualit\u00e9 en Tunisie et dans le monde\",\"publisher\":{\"@id\":\"https:\/\/kapitalis.com\/tunisie\/#organization\"},\"potentialAction\":[{\"@type\":\"SearchAction\",\"target\":{\"@type\":\"EntryPoint\",\"urlTemplate\":\"https:\/\/kapitalis.com\/tunisie\/?s={search_term_string}\"},\"query-input\":{\"@type\":\"PropertyValueSpecification\",\"valueRequired\":true,\"valueName\":\"search_term_string\"}}],\"inLanguage\":\"fr-FR\"},{\"@type\":\"Organization\",\"@id\":\"https:\/\/kapitalis.com\/tunisie\/#organization\",\"name\":\"Kapitalis\",\"url\":\"https:\/\/kapitalis.com\/tunisie\/\",\"logo\":{\"@type\":\"ImageObject\",\"inLanguage\":\"fr-FR\",\"@id\":\"https:\/\/kapitalis.com\/tunisie\/#\/schema\/logo\/image\/\",\"url\":\"https:\/\/kapitalis.com\/tunisie\/wp-content\/uploads\/2022\/05\/Kapitalis-big-size.png\",\"contentUrl\":\"https:\/\/kapitalis.com\/tunisie\/wp-content\/uploads\/2022\/05\/Kapitalis-big-size.png\",\"width\":5000,\"height\":1500,\"caption\":\"Kapitalis\"},\"image\":{\"@id\":\"https:\/\/kapitalis.com\/tunisie\/#\/schema\/logo\/image\/\"},\"sameAs\":[\"https:\/\/www.facebook.com\/KapitalisInfo\/\",\"https:\/\/x.com\/KapitalisInfo\",\"https:\/\/www.youtube.com\/channel\/UC-yDYrHyfFBWWZaOw3FPg9Q\"]},{\"@type\":\"Person\",\"@id\":\"https:\/\/kapitalis.com\/tunisie\/#\/schema\/person\/d71f33a9ca44f7bad4698210b480c8e9\",\"name\":\"webmaster kapitalis\",\"url\":\"https:\/\/kapitalis.com\/tunisie\/author\/webmaster-kapitalis\/\"}]}<\/script>\n<!-- \/ Yoast SEO plugin. -->","yoast_head_json":{"title":"L\u2019Iran r\u00e9pliquerait-il aux incessantes provocations d\u2019Isra\u00ebl\u00a0? - Kapitalis","robots":{"index":"index","follow":"follow","max-snippet":"max-snippet:-1","max-image-preview":"max-image-preview:large","max-video-preview":"max-video-preview:-1"},"canonical":"https:\/\/kapitalis.com\/tunisie\/2024\/04\/13\/liran-repliquerait-il-aux-incessantes-provocations-disrael\/","og_locale":"fr_FR","og_type":"article","og_title":"L\u2019Iran r\u00e9pliquerait-il aux incessantes provocations d\u2019Isra\u00ebl\u00a0? - Kapitalis","og_description":"Mohammad Reza Zahedi, \u00e0 droite, tu\u00e9 par Isra\u00ebl le 1er avril courant en Syrie, est le g\u00e9n\u00e9ral iranien le plus haut plac\u00e9 tu\u00e9 depuis l\u2019assassinat par les \u00c9tats-Unis de Qassem Soleimani \u00e0 Bagdad en 2020.","og_url":"https:\/\/kapitalis.com\/tunisie\/2024\/04\/13\/liran-repliquerait-il-aux-incessantes-provocations-disrael\/","og_site_name":"Kapitalis","article_publisher":"https:\/\/www.facebook.com\/KapitalisInfo\/","article_published_time":"2024-04-13T06:14:50+00:00","article_modified_time":"2024-04-13T06:14:51+00:00","og_image":[{"width":1200,"height":630,"url":"https:\/\/kapitalis.com\/tunisie\/wp-content\/uploads\/2024\/04\/Qassem-Soleimani-et-Mohammad-Reza-Zahedi.jpg","type":"image\/jpeg"}],"author":"webmaster kapitalis","twitter_card":"summary_large_image","twitter_creator":"@KapitalisInfo","twitter_site":"@KapitalisInfo","twitter_misc":{"\u00c9crit par":"webmaster kapitalis","Dur\u00e9e de lecture estim\u00e9e":"8 minutes"},"schema":{"@context":"https:\/\/schema.org","@graph":[{"@type":"Article","@id":"https:\/\/kapitalis.com\/tunisie\/2024\/04\/13\/liran-repliquerait-il-aux-incessantes-provocations-disrael\/#article","isPartOf":{"@id":"https:\/\/kapitalis.com\/tunisie\/2024\/04\/13\/liran-repliquerait-il-aux-incessantes-provocations-disrael\/"},"author":{"name":"webmaster kapitalis","@id":"https:\/\/kapitalis.com\/tunisie\/#\/schema\/person\/d71f33a9ca44f7bad4698210b480c8e9"},"headline":"L\u2019Iran r\u00e9pliquerait-il aux incessantes provocations d\u2019Isra\u00ebl\u00a0?","datePublished":"2024-04-13T06:14:50+00:00","dateModified":"2024-04-13T06:14:51+00:00","mainEntityOfPage":{"@id":"https:\/\/kapitalis.com\/tunisie\/2024\/04\/13\/liran-repliquerait-il-aux-incessantes-provocations-disrael\/"},"wordCount":1746,"commentCount":2,"publisher":{"@id":"https:\/\/kapitalis.com\/tunisie\/#organization"},"image":{"@id":"https:\/\/kapitalis.com\/tunisie\/2024\/04\/13\/liran-repliquerait-il-aux-incessantes-provocations-disrael\/#primaryimage"},"thumbnailUrl":"https:\/\/kapitalis.com\/tunisie\/wp-content\/uploads\/2024\/04\/Qassem-Soleimani-et-Mohammad-Reza-Zahedi.jpg","keywords":["Ali Khamenei","Benjamin Netanyahu","Etats-Unis","Gaza","Hossein Abdollahian","Iran","Isra\u00ebl","St\u00e9phane S\u00e9journ\u00e9","Syrie","Yoav Gallant"],"articleSection":["A LA UNE","POLITIQUE","Tunisie"],"inLanguage":"fr-FR","potentialAction":[{"@type":"CommentAction","name":"Comment","target":["https:\/\/kapitalis.com\/tunisie\/2024\/04\/13\/liran-repliquerait-il-aux-incessantes-provocations-disrael\/#respond"]}]},{"@type":"WebPage","@id":"https:\/\/kapitalis.com\/tunisie\/2024\/04\/13\/liran-repliquerait-il-aux-incessantes-provocations-disrael\/","url":"https:\/\/kapitalis.com\/tunisie\/2024\/04\/13\/liran-repliquerait-il-aux-incessantes-provocations-disrael\/","name":"L\u2019Iran r\u00e9pliquerait-il aux incessantes provocations d\u2019Isra\u00ebl\u00a0? - Kapitalis","isPartOf":{"@id":"https:\/\/kapitalis.com\/tunisie\/#website"},"primaryImageOfPage":{"@id":"https:\/\/kapitalis.com\/tunisie\/2024\/04\/13\/liran-repliquerait-il-aux-incessantes-provocations-disrael\/#primaryimage"},"image":{"@id":"https:\/\/kapitalis.com\/tunisie\/2024\/04\/13\/liran-repliquerait-il-aux-incessantes-provocations-disrael\/#primaryimage"},"thumbnailUrl":"https:\/\/kapitalis.com\/tunisie\/wp-content\/uploads\/2024\/04\/Qassem-Soleimani-et-Mohammad-Reza-Zahedi.jpg","datePublished":"2024-04-13T06:14:50+00:00","dateModified":"2024-04-13T06:14:51+00:00","breadcrumb":{"@id":"https:\/\/kapitalis.com\/tunisie\/2024\/04\/13\/liran-repliquerait-il-aux-incessantes-provocations-disrael\/#breadcrumb"},"inLanguage":"fr-FR","potentialAction":[{"@type":"ReadAction","target":["https:\/\/kapitalis.com\/tunisie\/2024\/04\/13\/liran-repliquerait-il-aux-incessantes-provocations-disrael\/"]}]},{"@type":"ImageObject","inLanguage":"fr-FR","@id":"https:\/\/kapitalis.com\/tunisie\/2024\/04\/13\/liran-repliquerait-il-aux-incessantes-provocations-disrael\/#primaryimage","url":"https:\/\/kapitalis.com\/tunisie\/wp-content\/uploads\/2024\/04\/Qassem-Soleimani-et-Mohammad-Reza-Zahedi.jpg","contentUrl":"https:\/\/kapitalis.com\/tunisie\/wp-content\/uploads\/2024\/04\/Qassem-Soleimani-et-Mohammad-Reza-Zahedi.jpg","width":1200,"height":630},{"@type":"BreadcrumbList","@id":"https:\/\/kapitalis.com\/tunisie\/2024\/04\/13\/liran-repliquerait-il-aux-incessantes-provocations-disrael\/#breadcrumb","itemListElement":[{"@type":"ListItem","position":1,"name":"Accueil","item":"https:\/\/kapitalis.com\/tunisie\/"},{"@type":"ListItem","position":2,"name":"L\u2019Iran r\u00e9pliquerait-il aux incessantes provocations d\u2019Isra\u00ebl\u00a0?"}]},{"@type":"WebSite","@id":"https:\/\/kapitalis.com\/tunisie\/#website","url":"https:\/\/kapitalis.com\/tunisie\/","name":"Kapitalis","description":"L&#039;actualit\u00e9 en Tunisie et dans le monde","publisher":{"@id":"https:\/\/kapitalis.com\/tunisie\/#organization"},"potentialAction":[{"@type":"SearchAction","target":{"@type":"EntryPoint","urlTemplate":"https:\/\/kapitalis.com\/tunisie\/?s={search_term_string}"},"query-input":{"@type":"PropertyValueSpecification","valueRequired":true,"valueName":"search_term_string"}}],"inLanguage":"fr-FR"},{"@type":"Organization","@id":"https:\/\/kapitalis.com\/tunisie\/#organization","name":"Kapitalis","url":"https:\/\/kapitalis.com\/tunisie\/","logo":{"@type":"ImageObject","inLanguage":"fr-FR","@id":"https:\/\/kapitalis.com\/tunisie\/#\/schema\/logo\/image\/","url":"https:\/\/kapitalis.com\/tunisie\/wp-content\/uploads\/2022\/05\/Kapitalis-big-size.png","contentUrl":"https:\/\/kapitalis.com\/tunisie\/wp-content\/uploads\/2022\/05\/Kapitalis-big-size.png","width":5000,"height":1500,"caption":"Kapitalis"},"image":{"@id":"https:\/\/kapitalis.com\/tunisie\/#\/schema\/logo\/image\/"},"sameAs":["https:\/\/www.facebook.com\/KapitalisInfo\/","https:\/\/x.com\/KapitalisInfo","https:\/\/www.youtube.com\/channel\/UC-yDYrHyfFBWWZaOw3FPg9Q"]},{"@type":"Person","@id":"https:\/\/kapitalis.com\/tunisie\/#\/schema\/person\/d71f33a9ca44f7bad4698210b480c8e9","name":"webmaster kapitalis","url":"https:\/\/kapitalis.com\/tunisie\/author\/webmaster-kapitalis\/"}]}},"_links":{"self":[{"href":"https:\/\/kapitalis.com\/tunisie\/wp-json\/wp\/v2\/posts\/12450047","targetHints":{"allow":["GET"]}}],"collection":[{"href":"https:\/\/kapitalis.com\/tunisie\/wp-json\/wp\/v2\/posts"}],"about":[{"href":"https:\/\/kapitalis.com\/tunisie\/wp-json\/wp\/v2\/types\/post"}],"author":[{"embeddable":true,"href":"https:\/\/kapitalis.com\/tunisie\/wp-json\/wp\/v2\/users\/8"}],"replies":[{"embeddable":true,"href":"https:\/\/kapitalis.com\/tunisie\/wp-json\/wp\/v2\/comments?post=12450047"}],"version-history":[{"count":1,"href":"https:\/\/kapitalis.com\/tunisie\/wp-json\/wp\/v2\/posts\/12450047\/revisions"}],"predecessor-version":[{"id":12450133,"href":"https:\/\/kapitalis.com\/tunisie\/wp-json\/wp\/v2\/posts\/12450047\/revisions\/12450133"}],"wp:featuredmedia":[{"embeddable":true,"href":"https:\/\/kapitalis.com\/tunisie\/wp-json\/wp\/v2\/media\/12450126"}],"wp:attachment":[{"href":"https:\/\/kapitalis.com\/tunisie\/wp-json\/wp\/v2\/media?parent=12450047"}],"wp:term":[{"taxonomy":"category","embeddable":true,"href":"https:\/\/kapitalis.com\/tunisie\/wp-json\/wp\/v2\/categories?post=12450047"},{"taxonomy":"post_tag","embeddable":true,"href":"https:\/\/kapitalis.com\/tunisie\/wp-json\/wp\/v2\/tags?post=12450047"}],"curies":[{"name":"wp","href":"https:\/\/api.w.org\/{rel}","templated":true}]}}