{"id":12463276,"date":"2024-04-14T13:13:34","date_gmt":"2024-04-14T12:13:34","guid":{"rendered":"https:\/\/kapitalis.com\/tunisie\/?p=12463276"},"modified":"2024-04-14T13:16:35","modified_gmt":"2024-04-14T12:16:35","slug":"montee-du-sud-global-et-declin-de-la-domination-de-loccident","status":"publish","type":"post","link":"https:\/\/kapitalis.com\/tunisie\/2024\/04\/14\/montee-du-sud-global-et-declin-de-la-domination-de-loccident\/","title":{"rendered":"Mont\u00e9e du Sud Global et d\u00e9clin de la domination de l\u2019Occident"},"content":{"rendered":"\n<p><strong><em>Le camp des pays anti-internationalistes, appel\u00e9 \u00abSud Global\u00bb, qui ne c\u00e8de pas \u00e0 la volont\u00e9 des pays riches de l\u2019Occident internationaliste, se renforce de plus en plus et marque la transition d\u2019un monde unipolaire sous la direction des \u00c9tats-Unis et de leurs alli\u00e9s vers un monde multipolaire.<\/em><\/strong> <em>(<em>Illustration <\/em><\/em>: <em>Nord Global et Sud Global, la ligne de fracture. Ph: <a href=\"https:\/\/finshots.in\/archive\/whats-this-global-south-anyway\/\" target=\"_blank\" rel=\"noreferrer noopener\">Finshots<\/a>)<\/em><\/p>\n\n\n\n<p>Par<strong> Isidoros Karderinis<\/strong> *<\/p>\n\n\n\n<!--more-->\n\n\n<div class=\"wp-block-image\">\n<figure class=\"alignleft size-full\"><img loading=\"lazy\" decoding=\"async\" width=\"200\" height=\"200\" src=\"https:\/\/kapitalis.com\/tunisie\/wp-content\/uploads\/2024\/04\/Isidoros-Karderinis.jpg\" alt=\"\" class=\"wp-image-12463304\" srcset=\"https:\/\/kapitalis.com\/tunisie\/wp-content\/uploads\/2024\/04\/Isidoros-Karderinis.jpg 200w, https:\/\/kapitalis.com\/tunisie\/wp-content\/uploads\/2024\/04\/Isidoros-Karderinis-150x150.jpg 150w, https:\/\/kapitalis.com\/tunisie\/wp-content\/uploads\/2024\/04\/Isidoros-Karderinis-120x120.jpg 120w\" sizes=\"auto, (max-width: 200px) 100vw, 200px\" \/><\/figure>\n<\/div>\n\n\n<p>Le terme <em>\u00abSud Global\u00bb<\/em> est apparu pour la premi\u00e8re fois en 1969 dans un article du militant politique Carl Oglesby dans le journal lib\u00e9ral catholique <em>\u2018\u2018Commonweal\u2019\u2019<\/em>, qui affirmait que la guerre du Vietnam \u00e9tait le point culminant d\u2019une histoire de <em>\u00abdomination du Nord sur le Sud Global\u00bb<\/em>. Il a ensuite \u00e9t\u00e9 utilis\u00e9 dans un rapport bien connu de 1980, intitul\u00e9 <em>\u00abNord-Sud: un programme pour la survie\u00bb<\/em>, publi\u00e9 par une commission ind\u00e9pendante dirig\u00e9e par l\u2019ancien chancelier allemand Willy Brandt, et dans un rapport de 1990 intitul\u00e9 <em>\u00abLe d\u00e9fi lanc\u00e9 au Sud : Le rapport de la Commission Sud\u00bb<\/em>, publi\u00e9 par une commission de l\u2019Onu dirig\u00e9e par Julius Nyerere, alors pr\u00e9sident de la Tanzanie. Cependant, il ne s\u2019est largement r\u00e9pandu qu\u2019apr\u00e8s l\u2019effondrement de l\u2019Union sovi\u00e9tique en 1991, qui a \u00e9galement marqu\u00e9 la fin de ce qu\u2019on appelle le <em>\u00abSecond Monde\u00bb<\/em>.<\/p>\n\n\n\n<h2 class=\"wp-block-heading\">Victimes du colonialisme et de l\u2019imp\u00e9rialisme<\/h2>\n\n\n\n<p>Dans la seconde moiti\u00e9 du XXe si\u00e8cle, des groupes tels que le Mouvement des non-align\u00e9s fond\u00e9 en 1961 ainsi que le G-77 fond\u00e9 aux Nations Unies en 1964 ont cherch\u00e9 \u00e0 promouvoir les int\u00e9r\u00eats collectifs des plus pauvres et lib\u00e9r\u00e9s des lourdes cha\u00eenes du colonialisme dans un monde domin\u00e9 par les anciennes puissances imp\u00e9riales.<\/p>\n\n\n\n<p>Le terme <em>\u00abSud Global\u00bb<\/em> fait r\u00e9f\u00e9rence \u00e0 divers pays du monde situ\u00e9s dans l\u2019h\u00e9misph\u00e8re sud et d\u00e9signe un m\u00e9lange d\u2019\u00e9l\u00e9ments politiques, g\u00e9opolitiques et \u00e9conomiques partag\u00e9s entre ces nations. Ces pays sont \u00e9galement d\u00e9crits par les termes <em>\u00aben d\u00e9veloppement\u00bb<\/em>,<em> \u00abmoins d\u00e9velopp\u00e9s\u00bb<\/em>,<em> \u00absous-d\u00e9velopp\u00e9s\u00bb<\/em> ou <em>\u00abtiers-monde\u00bb<\/em>, termes qui tendent cependant d\u00e9sormais \u00e0 \u00eatre supplant\u00e9s par celui-ci, car ces trois derniers contiennent \u00e9galement un sens p\u00e9joratif.<\/p>\n\n\n\n<p>En g\u00e9n\u00e9ral, ces pays sont plus pauvres, ont un niveau de d\u00e9veloppement socio-\u00e9conomique et industriel relativement faible et des niveaux d\u2019in\u00e9galit\u00e9s de revenus plus \u00e9lev\u00e9s et souffrent d\u2019une esp\u00e9rance de vie plus faible et de conditions de vie plus dures que les pays du <em>\u00abNord Global\u00bb<\/em>, c\u2019est-\u00e0-dire les nations les plus riches situ\u00e9es principalement en Am\u00e9rique du Nord et en Europe, avec quelques ajouts du Sud g\u00e9ographique, c\u2019est-\u00e0-dire en Oc\u00e9anie (Australie et Nouvelle-Z\u00e9lande) mais aussi ailleurs (par exemple Japon).<\/p>\n\n\n\n<figure class=\"wp-block-embed is-type-wp-embed is-provider-kapitalis wp-block-embed-kapitalis\"><div class=\"wp-block-embed__wrapper\">\n<blockquote class=\"wp-embedded-content\" data-secret=\"3U8wcmEMHQ\"><a href=\"https:\/\/kapitalis.com\/tunisie\/2023\/06\/22\/nord-sud-pour-un-fonds-marshall-eurafricain\/\">Nord-Sud\u00a0: pour un \u00abfonds Marshall\u00bb eurafricain<\/a><\/blockquote><iframe loading=\"lazy\" class=\"wp-embedded-content\" sandbox=\"allow-scripts\" security=\"restricted\" style=\"position: absolute; clip: rect(1px, 1px, 1px, 1px);\" title=\"\u00ab\u00a0Nord-Sud\u00a0: pour un \u00abfonds Marshall\u00bb eurafricain\u00a0\u00bb &#8212; Kapitalis\" src=\"https:\/\/kapitalis.com\/tunisie\/2023\/06\/22\/nord-sud-pour-un-fonds-marshall-eurafricain\/embed\/#?secret=8fk7nHyLYH#?secret=3U8wcmEMHQ\" data-secret=\"3U8wcmEMHQ\" width=\"600\" height=\"338\" frameborder=\"0\" marginwidth=\"0\" marginheight=\"0\" scrolling=\"no\"><\/iframe>\n<\/div><\/figure>\n\n\n\n<p>Les pays du <em>\u00abSud Global\u00bb<\/em>, qui ont pour la plupart \u00e9t\u00e9 les victimes tragiques de l\u2019imp\u00e9rialisme, de la domination coloniale et de l\u2019influence \u00e9conomique, sociale et politique g\u00e9n\u00e9ralement consid\u00e9rable de la part de puissants pays occidentaux, les pays africains \u00e9tant par exemple les plus typiques, repr\u00e9sentent plus de 85% de la population mondiale, soit la grande majorit\u00e9 de l\u2019humanit\u00e9, et pr\u00e8s de 40% du PIB mondial.<\/p>\n\n\n\n<p>Dans le m\u00eame temps, depuis le d\u00e9but du XXIe si\u00e8cle, on assiste \u00e0 un d\u00e9placement des richesses de l\u2019Atlantique Nord vers l\u2019Asie et le Pacifique, comme l\u2019a soulign\u00e9 la Banque mondiale. D\u2019ici 2030, on pr\u00e9voit que trois des quatre plus grandes \u00e9conomies se trouveront dans les pays du Sud, dans cet ordre la Chine, l\u2019Inde, les \u00c9tats-Unis et l\u2019Indon\u00e9sie. D\u00e9j\u00e0, le PIB par rapport au pouvoir d\u2019achat des pays du groupe Brics domin\u00e9 par le <em>\u00abSud Global\u00bb<\/em> \u2013Br\u00e9sil, Russie, Inde, Chine, Afrique du Sud, \u00c9gypte, \u00c9thiopie, Arabie Saoudite, \u00c9mirats arabes unis et Iran\u2013 d\u00e9passe le PIB \u00e9quivalent du groupe G7 du <em>\u00abNord Global\u00bb<\/em>.<\/p>\n\n\n\n<h2 class=\"wp-block-heading\">Col\u00e8re mondiale accumul\u00e9e contre l\u2019Occident&#8230;<\/h2>\n\n\n\n<p>Le terme <em>\u00abSud Global\u00bb<\/em>, qui n\u2019est donc pas strictement g\u00e9ographique (la Chine, l\u2019Inde et le Mexique sont par exemple dans l\u2019h\u00e9misph\u00e8re Nord), a \u00e9t\u00e9 une fois de plus mis sur le devant de la sc\u00e8ne en raison des r\u00e9ticences de nombreux pays leaders d\u2019Afrique, d\u2019Asie et d\u2019Am\u00e9rique latine \u00e0 se tenir aux c\u00f4t\u00e9s de l\u2019Otan dans la guerre qui se d\u00e9roule depuis le 24 f\u00e9vrier 2022 en Ukraine. La guerre a donc mis en lumi\u00e8re le <em>\u00abSud Global\u00bb<\/em> en tant que facteur g\u00e9opolitique important.<\/p>\n\n\n\n<p>Il ne fait aucun doute, apr\u00e8s tout, que le terme <em>\u00abSud Global\u00bb<\/em> est une expression unificatrice importante et incarne apparemment un fort sentiment d\u2019insatisfaction \u00e0 l\u2019\u00e9gard des institutions internationales \u00e9tablies qui refl\u00e8tent les int\u00e9r\u00eats g\u00e9opolitiques et \u00e9conomiques des pays occidentaux.<\/p>\n\n\n\n<figure class=\"wp-block-embed is-type-wp-embed is-provider-kapitalis wp-block-embed-kapitalis\"><div class=\"wp-block-embed__wrapper\">\n<blockquote class=\"wp-embedded-content\" data-secret=\"c0cqU6HEYy\"><a href=\"https:\/\/kapitalis.com\/tunisie\/2024\/01\/27\/israel-les-etats-unis-et-les-limites-de-lapplication-du-droit-international\/\">Isra\u00ebl, les Etats-Unis et les limites de l\u2019application du droit international<\/a><\/blockquote><iframe loading=\"lazy\" class=\"wp-embedded-content\" sandbox=\"allow-scripts\" security=\"restricted\" style=\"position: absolute; clip: rect(1px, 1px, 1px, 1px);\" title=\"\u00ab\u00a0Isra\u00ebl, les Etats-Unis et les limites de l\u2019application du droit international\u00a0\u00bb &#8212; Kapitalis\" src=\"https:\/\/kapitalis.com\/tunisie\/2024\/01\/27\/israel-les-etats-unis-et-les-limites-de-lapplication-du-droit-international\/embed\/#?secret=rWcjQCWceS#?secret=c0cqU6HEYy\" data-secret=\"c0cqU6HEYy\" width=\"600\" height=\"338\" frameborder=\"0\" marginwidth=\"0\" marginheight=\"0\" scrolling=\"no\"><\/iframe>\n<\/div><\/figure>\n\n\n\n<p>L\u2019invasion de la Russie a fait ressortir la col\u00e8re mondiale accumul\u00e9e contre l\u2019Occident, soit \u00e0 cause des ann\u00e9es de colonialisme et de pratiques n\u00e9ocoloniales, soit \u00e0 cause des deux mesures avec lesquelles les pays occidentaux traitent les violations des droits de l\u2019homme dans diverses r\u00e9gions du monde.<\/p>\n\n\n\n<p>Les pays du <em>\u00abSud Global\u00bb<\/em> n\u2019ont majoritairement pas impos\u00e9 de sanctions \u00e0 la Russie, qui est un membre non occidental du <em>\u00abNord Global\u00bb<\/em>. Certains pays ont m\u00eame accru leurs \u00e9changes commerciaux avec Moscou, compromettant ainsi grandement l\u2019efficacit\u00e9 des sanctions occidentales. En 2022, par exemple, les \u00e9changes commerciaux de la Russie ont augment\u00e9 de 68% avec les \u00c9mirats arabes unis et de 205% avec l\u2019Inde.<\/p>\n\n\n\n<h2 class=\"wp-block-heading\">&#8230; et contre Isra\u00ebl <\/h2>\n\n\n\n<p>La plupart des pays du <em>\u00abSud Global\u00bb<\/em> critiquent dans le m\u00eame temps Isra\u00ebl, consid\u00e9rant la guerre \u00e0 Gaza comme une cons\u00e9quence de l\u2019occupation isra\u00e9lienne, de l\u2019oppression des Palestiniens et de l\u2019application s\u00e9lective des r\u00e8gles du droit international. En raison de leur propre histoire, de nombreuses personnes en Afrique et en Am\u00e9rique latine envisagent les \u00e9v\u00e9nements dans une perspective postcoloniale.<\/p>\n\n\n\n<p>L\u2019Afrique du Sud, l\u2019un des \u00c9tats \u00e9conomiquement les plus puissants et les plus modernis\u00e9s d\u2019Afrique et donc un mod\u00e8le et un porte-parole pour de nombreux \u00c9tats du continent, a adopt\u00e9 une attitude extr\u00eamement critique \u00e0 l\u2019\u00e9gard d\u2019Isra\u00ebl, d\u00e9non\u00e7ant le meurtre d\u2019enfants et de civils innocents. L\u2019Argentine, de l\u2019autre c\u00f4t\u00e9 de l\u2019Atlantique, a condamn\u00e9 les attaques des forces arm\u00e9es isra\u00e9liennes contre des infrastructures civiles et a appel\u00e9 au respect du droit international humanitaire.<\/p>\n\n\n\n<p>Le <em>\u00abSud Global\u00bb<\/em> se pr\u00e9sente donc comme la seule opportunit\u00e9 de r\u00e9sistance des pays qui le composent et qui s\u2019inspirent d\u2019une vision du monde anticoloniale et anti-imp\u00e9rialiste, contre le <em>\u00abnouvel ordre des choses\u00bb<\/em> que les \u00c9tats-Unis et les autres \u00e9conomies puissantes de l\u2019Occident le promeuvent vigoureusement.<\/p>\n\n\n\n<p>Le <em>\u00abSud Global\u00bb<\/em> affiche simultan\u00e9ment une puissance politique et \u00e9conomique que les <em>\u00abpays en d\u00e9veloppement\u00bb<\/em> et le <em>\u00abTiers-Monde\u00bb<\/em> n\u2019ont jamais eue.<\/p>\n\n\n\n<figure class=\"wp-block-embed is-type-wp-embed is-provider-kapitalis wp-block-embed-kapitalis\"><div class=\"wp-block-embed__wrapper\">\n<blockquote class=\"wp-embedded-content\" data-secret=\"FXzWguHpYT\"><a href=\"https:\/\/kapitalis.com\/tunisie\/2023\/12\/05\/lordre-international-a-t-il-perdu-son-gps-moral-dans-le-conflit-israel-hamas\/\">L\u2019ordre international a-t-il perdu son GPS moral\u00a0dans le conflit Isra\u00ebl-Hamas ?<\/a><\/blockquote><iframe loading=\"lazy\" class=\"wp-embedded-content\" sandbox=\"allow-scripts\" security=\"restricted\" style=\"position: absolute; clip: rect(1px, 1px, 1px, 1px);\" title=\"\u00ab\u00a0L\u2019ordre international a-t-il perdu son GPS moral\u00a0dans le conflit Isra\u00ebl-Hamas ?\u00a0\u00bb &#8212; Kapitalis\" src=\"https:\/\/kapitalis.com\/tunisie\/2023\/12\/05\/lordre-international-a-t-il-perdu-son-gps-moral-dans-le-conflit-israel-hamas\/embed\/#?secret=VA7NMhEgQr#?secret=FXzWguHpYT\" data-secret=\"FXzWguHpYT\" width=\"600\" height=\"338\" frameborder=\"0\" marginwidth=\"0\" marginheight=\"0\" scrolling=\"no\"><\/iframe>\n<\/div><\/figure>\n\n\n\n<p>Certains de ces \u00c9tats sont des sources essentielles de ressources min\u00e9rales, de cha\u00eenes d\u2019approvisionnement et parfois d\u2019innovations n\u00e9cessaires au d\u00e9veloppement mondial, ce qui leur conf\u00e8re plus d\u2019influence qu\u2019ils n\u2019en avaient au XXe si\u00e8cle.<\/p>\n\n\n\n<p>Nous voyons donc les dirigeants adopter ce terme avec passion. Le Premier ministre indien Narendra Modi a pr\u00e9c\u00e9demment d\u00e9clar\u00e9 que son pays \u00e9tait devenu <em>\u00abla voix du Sud\u00bb<\/em>, tandis que le pr\u00e9sident sud-africain Cyril Ramaphosa a d\u00e9clar\u00e9 que son objectif \u00e9tait de faire avancer <em>\u00abl\u2019agenda du Sud\u00bb<\/em>.<\/p>\n\n\n\n<p>En conclusion, je voudrais souligner que le camp des pays anti-internationalistes, appel\u00e9 <em>\u00abSud Global\u00bb<\/em>, qui ne c\u00e8de pas \u00e0 la volont\u00e9 des pays riches de l\u2019Occident internationaliste, se renforce de plus en plus et marque la transition d\u2019un monde unipolaire sous la direction des \u00c9tats-Unis et de leurs alli\u00e9s vers un monde multipolaire. **<\/p>\n\n\n\n<p>* <em>Journaliste, romancier et po\u00e8te grec. <\/em><\/p>\n\n\n\n<p><em>** Le titre et les intertitres sont de la r\u00e9daction. <\/em><\/p>\n\n\n\n<figure class=\"wp-block-embed is-type-wp-embed is-provider-kapitalis wp-block-embed-kapitalis\"><div class=\"wp-block-embed__wrapper\">\n<blockquote class=\"wp-embedded-content\" data-secret=\"f08AfZdN60\"><a href=\"https:\/\/kapitalis.com\/tunisie\/2022\/03\/03\/la-guerre-en-ukraine-et-le-nouvel-ordre-mondial\/\">La guerre en Ukraine et le nouvel ordre mondial<\/a><\/blockquote><iframe loading=\"lazy\" class=\"wp-embedded-content\" sandbox=\"allow-scripts\" security=\"restricted\" style=\"position: absolute; clip: rect(1px, 1px, 1px, 1px);\" title=\"\u00ab\u00a0La guerre en Ukraine et le nouvel ordre mondial\u00a0\u00bb &#8212; Kapitalis\" src=\"https:\/\/kapitalis.com\/tunisie\/2022\/03\/03\/la-guerre-en-ukraine-et-le-nouvel-ordre-mondial\/embed\/#?secret=h1XtsTcuBV#?secret=f08AfZdN60\" data-secret=\"f08AfZdN60\" width=\"600\" height=\"338\" frameborder=\"0\" marginwidth=\"0\" marginheight=\"0\" scrolling=\"no\"><\/iframe>\n<\/div><\/figure>\n","protected":false},"excerpt":{"rendered":"<p>Le camp des pays appel\u00e9 \u00abSud Global\u00bb, ne c\u00e8de plus \u00e0 la volont\u00e9 des pays riches de l\u2019Occident internationaliste et pro-isra\u00e9lien. <\/p>\n","protected":false},"author":8,"featured_media":12463360,"comment_status":"open","ping_status":"open","sticky":false,"template":"","format":"standard","meta":{"footnotes":""},"categories":[992,995,997,1000,2433],"tags":[4970,3016,115000,115001,3017,115002,2478,114999,3895,112689],"class_list":["post-12463276","post","type-post","status-publish","format-standard","has-post-thumbnail","hentry","category-a-la-une","category-economie","category-politique","category-tribune","category-tunisie","tag-afrique-du-sud","tag-chine","tag-colonialisme","tag-imperialisme","tag-inde","tag-isidoros-karderinis","tag-israel","tag-nord-global","tag-occident","tag-sud-global"],"yoast_head":"<!-- This site is optimized with the Yoast SEO plugin v26.6 - https:\/\/yoast.com\/wordpress\/plugins\/seo\/ -->\n<title>Mont\u00e9e du Sud Global et d\u00e9clin de la domination de l\u2019Occident - Kapitalis<\/title>\n<meta name=\"robots\" content=\"index, follow, max-snippet:-1, max-image-preview:large, max-video-preview:-1\" \/>\n<link rel=\"canonical\" href=\"https:\/\/kapitalis.com\/tunisie\/2024\/04\/14\/montee-du-sud-global-et-declin-de-la-domination-de-loccident\/\" \/>\n<meta property=\"og:locale\" content=\"fr_FR\" \/>\n<meta property=\"og:type\" content=\"article\" \/>\n<meta property=\"og:title\" content=\"Mont\u00e9e du Sud Global et d\u00e9clin de la domination de l\u2019Occident - Kapitalis\" \/>\n<meta property=\"og:description\" content=\"Le camp des pays appel\u00e9 \u00abSud Global\u00bb, ne c\u00e8de plus \u00e0 la volont\u00e9 des pays riches de l\u2019Occident internationaliste et pro-isra\u00e9lien.\" \/>\n<meta property=\"og:url\" content=\"https:\/\/kapitalis.com\/tunisie\/2024\/04\/14\/montee-du-sud-global-et-declin-de-la-domination-de-loccident\/\" \/>\n<meta property=\"og:site_name\" content=\"Kapitalis\" \/>\n<meta property=\"article:publisher\" content=\"https:\/\/www.facebook.com\/KapitalisInfo\/\" \/>\n<meta property=\"article:published_time\" content=\"2024-04-14T12:13:34+00:00\" \/>\n<meta property=\"article:modified_time\" content=\"2024-04-14T12:16:35+00:00\" \/>\n<meta property=\"og:image\" content=\"https:\/\/kapitalis.com\/tunisie\/wp-content\/uploads\/2024\/04\/Sud-Global-et-Nord-Global.jpg\" \/>\n\t<meta property=\"og:image:width\" content=\"1200\" \/>\n\t<meta property=\"og:image:height\" content=\"630\" \/>\n\t<meta property=\"og:image:type\" content=\"image\/jpeg\" \/>\n<meta name=\"author\" content=\"webmaster kapitalis\" \/>\n<meta name=\"twitter:card\" content=\"summary_large_image\" \/>\n<meta name=\"twitter:creator\" content=\"@KapitalisInfo\" \/>\n<meta name=\"twitter:site\" content=\"@KapitalisInfo\" \/>\n<meta name=\"twitter:label1\" content=\"\u00c9crit par\" \/>\n\t<meta name=\"twitter:data1\" content=\"webmaster kapitalis\" \/>\n\t<meta name=\"twitter:label2\" content=\"Dur\u00e9e de lecture estim\u00e9e\" \/>\n\t<meta name=\"twitter:data2\" content=\"7 minutes\" \/>\n<script type=\"application\/ld+json\" class=\"yoast-schema-graph\">{\"@context\":\"https:\/\/schema.org\",\"@graph\":[{\"@type\":\"Article\",\"@id\":\"https:\/\/kapitalis.com\/tunisie\/2024\/04\/14\/montee-du-sud-global-et-declin-de-la-domination-de-loccident\/#article\",\"isPartOf\":{\"@id\":\"https:\/\/kapitalis.com\/tunisie\/2024\/04\/14\/montee-du-sud-global-et-declin-de-la-domination-de-loccident\/\"},\"author\":{\"name\":\"webmaster kapitalis\",\"@id\":\"https:\/\/kapitalis.com\/tunisie\/#\/schema\/person\/d71f33a9ca44f7bad4698210b480c8e9\"},\"headline\":\"Mont\u00e9e du Sud Global et d\u00e9clin de la domination de l\u2019Occident\",\"datePublished\":\"2024-04-14T12:13:34+00:00\",\"dateModified\":\"2024-04-14T12:16:35+00:00\",\"mainEntityOfPage\":{\"@id\":\"https:\/\/kapitalis.com\/tunisie\/2024\/04\/14\/montee-du-sud-global-et-declin-de-la-domination-de-loccident\/\"},\"wordCount\":1365,\"commentCount\":2,\"publisher\":{\"@id\":\"https:\/\/kapitalis.com\/tunisie\/#organization\"},\"image\":{\"@id\":\"https:\/\/kapitalis.com\/tunisie\/2024\/04\/14\/montee-du-sud-global-et-declin-de-la-domination-de-loccident\/#primaryimage\"},\"thumbnailUrl\":\"https:\/\/kapitalis.com\/tunisie\/wp-content\/uploads\/2024\/04\/Sud-Global-et-Nord-Global.jpg\",\"keywords\":[\"Afrique du Sud\",\"Chine\",\"colonialisme\",\"imp\u00e9rialisme\",\"Inde\",\"Isidoros Karderinis\",\"Isra\u00ebl\",\"Nord Global\",\"occident\",\"Sud Global\"],\"articleSection\":[\"A LA UNE\",\"ECONOMIE\",\"POLITIQUE\",\"TRIBUNE\",\"Tunisie\"],\"inLanguage\":\"fr-FR\",\"potentialAction\":[{\"@type\":\"CommentAction\",\"name\":\"Comment\",\"target\":[\"https:\/\/kapitalis.com\/tunisie\/2024\/04\/14\/montee-du-sud-global-et-declin-de-la-domination-de-loccident\/#respond\"]}]},{\"@type\":\"WebPage\",\"@id\":\"https:\/\/kapitalis.com\/tunisie\/2024\/04\/14\/montee-du-sud-global-et-declin-de-la-domination-de-loccident\/\",\"url\":\"https:\/\/kapitalis.com\/tunisie\/2024\/04\/14\/montee-du-sud-global-et-declin-de-la-domination-de-loccident\/\",\"name\":\"Mont\u00e9e du Sud Global et d\u00e9clin de la domination de l\u2019Occident - Kapitalis\",\"isPartOf\":{\"@id\":\"https:\/\/kapitalis.com\/tunisie\/#website\"},\"primaryImageOfPage\":{\"@id\":\"https:\/\/kapitalis.com\/tunisie\/2024\/04\/14\/montee-du-sud-global-et-declin-de-la-domination-de-loccident\/#primaryimage\"},\"image\":{\"@id\":\"https:\/\/kapitalis.com\/tunisie\/2024\/04\/14\/montee-du-sud-global-et-declin-de-la-domination-de-loccident\/#primaryimage\"},\"thumbnailUrl\":\"https:\/\/kapitalis.com\/tunisie\/wp-content\/uploads\/2024\/04\/Sud-Global-et-Nord-Global.jpg\",\"datePublished\":\"2024-04-14T12:13:34+00:00\",\"dateModified\":\"2024-04-14T12:16:35+00:00\",\"breadcrumb\":{\"@id\":\"https:\/\/kapitalis.com\/tunisie\/2024\/04\/14\/montee-du-sud-global-et-declin-de-la-domination-de-loccident\/#breadcrumb\"},\"inLanguage\":\"fr-FR\",\"potentialAction\":[{\"@type\":\"ReadAction\",\"target\":[\"https:\/\/kapitalis.com\/tunisie\/2024\/04\/14\/montee-du-sud-global-et-declin-de-la-domination-de-loccident\/\"]}]},{\"@type\":\"ImageObject\",\"inLanguage\":\"fr-FR\",\"@id\":\"https:\/\/kapitalis.com\/tunisie\/2024\/04\/14\/montee-du-sud-global-et-declin-de-la-domination-de-loccident\/#primaryimage\",\"url\":\"https:\/\/kapitalis.com\/tunisie\/wp-content\/uploads\/2024\/04\/Sud-Global-et-Nord-Global.jpg\",\"contentUrl\":\"https:\/\/kapitalis.com\/tunisie\/wp-content\/uploads\/2024\/04\/Sud-Global-et-Nord-Global.jpg\",\"width\":1200,\"height\":630},{\"@type\":\"BreadcrumbList\",\"@id\":\"https:\/\/kapitalis.com\/tunisie\/2024\/04\/14\/montee-du-sud-global-et-declin-de-la-domination-de-loccident\/#breadcrumb\",\"itemListElement\":[{\"@type\":\"ListItem\",\"position\":1,\"name\":\"Accueil\",\"item\":\"https:\/\/kapitalis.com\/tunisie\/\"},{\"@type\":\"ListItem\",\"position\":2,\"name\":\"Mont\u00e9e du Sud Global et d\u00e9clin de la domination de l\u2019Occident\"}]},{\"@type\":\"WebSite\",\"@id\":\"https:\/\/kapitalis.com\/tunisie\/#website\",\"url\":\"https:\/\/kapitalis.com\/tunisie\/\",\"name\":\"Kapitalis\",\"description\":\"L&#039;actualit\u00e9 en Tunisie et dans le monde\",\"publisher\":{\"@id\":\"https:\/\/kapitalis.com\/tunisie\/#organization\"},\"potentialAction\":[{\"@type\":\"SearchAction\",\"target\":{\"@type\":\"EntryPoint\",\"urlTemplate\":\"https:\/\/kapitalis.com\/tunisie\/?s={search_term_string}\"},\"query-input\":{\"@type\":\"PropertyValueSpecification\",\"valueRequired\":true,\"valueName\":\"search_term_string\"}}],\"inLanguage\":\"fr-FR\"},{\"@type\":\"Organization\",\"@id\":\"https:\/\/kapitalis.com\/tunisie\/#organization\",\"name\":\"Kapitalis\",\"url\":\"https:\/\/kapitalis.com\/tunisie\/\",\"logo\":{\"@type\":\"ImageObject\",\"inLanguage\":\"fr-FR\",\"@id\":\"https:\/\/kapitalis.com\/tunisie\/#\/schema\/logo\/image\/\",\"url\":\"https:\/\/kapitalis.com\/tunisie\/wp-content\/uploads\/2022\/05\/Kapitalis-big-size.png\",\"contentUrl\":\"https:\/\/kapitalis.com\/tunisie\/wp-content\/uploads\/2022\/05\/Kapitalis-big-size.png\",\"width\":5000,\"height\":1500,\"caption\":\"Kapitalis\"},\"image\":{\"@id\":\"https:\/\/kapitalis.com\/tunisie\/#\/schema\/logo\/image\/\"},\"sameAs\":[\"https:\/\/www.facebook.com\/KapitalisInfo\/\",\"https:\/\/x.com\/KapitalisInfo\",\"https:\/\/www.youtube.com\/channel\/UC-yDYrHyfFBWWZaOw3FPg9Q\"]},{\"@type\":\"Person\",\"@id\":\"https:\/\/kapitalis.com\/tunisie\/#\/schema\/person\/d71f33a9ca44f7bad4698210b480c8e9\",\"name\":\"webmaster kapitalis\",\"url\":\"https:\/\/kapitalis.com\/tunisie\/author\/webmaster-kapitalis\/\"}]}<\/script>\n<!-- \/ Yoast SEO plugin. -->","yoast_head_json":{"title":"Mont\u00e9e du Sud Global et d\u00e9clin de la domination de l\u2019Occident - Kapitalis","robots":{"index":"index","follow":"follow","max-snippet":"max-snippet:-1","max-image-preview":"max-image-preview:large","max-video-preview":"max-video-preview:-1"},"canonical":"https:\/\/kapitalis.com\/tunisie\/2024\/04\/14\/montee-du-sud-global-et-declin-de-la-domination-de-loccident\/","og_locale":"fr_FR","og_type":"article","og_title":"Mont\u00e9e du Sud Global et d\u00e9clin de la domination de l\u2019Occident - Kapitalis","og_description":"Le camp des pays appel\u00e9 \u00abSud Global\u00bb, ne c\u00e8de plus \u00e0 la volont\u00e9 des pays riches de l\u2019Occident internationaliste et pro-isra\u00e9lien.","og_url":"https:\/\/kapitalis.com\/tunisie\/2024\/04\/14\/montee-du-sud-global-et-declin-de-la-domination-de-loccident\/","og_site_name":"Kapitalis","article_publisher":"https:\/\/www.facebook.com\/KapitalisInfo\/","article_published_time":"2024-04-14T12:13:34+00:00","article_modified_time":"2024-04-14T12:16:35+00:00","og_image":[{"width":1200,"height":630,"url":"https:\/\/kapitalis.com\/tunisie\/wp-content\/uploads\/2024\/04\/Sud-Global-et-Nord-Global.jpg","type":"image\/jpeg"}],"author":"webmaster kapitalis","twitter_card":"summary_large_image","twitter_creator":"@KapitalisInfo","twitter_site":"@KapitalisInfo","twitter_misc":{"\u00c9crit par":"webmaster kapitalis","Dur\u00e9e de lecture estim\u00e9e":"7 minutes"},"schema":{"@context":"https:\/\/schema.org","@graph":[{"@type":"Article","@id":"https:\/\/kapitalis.com\/tunisie\/2024\/04\/14\/montee-du-sud-global-et-declin-de-la-domination-de-loccident\/#article","isPartOf":{"@id":"https:\/\/kapitalis.com\/tunisie\/2024\/04\/14\/montee-du-sud-global-et-declin-de-la-domination-de-loccident\/"},"author":{"name":"webmaster kapitalis","@id":"https:\/\/kapitalis.com\/tunisie\/#\/schema\/person\/d71f33a9ca44f7bad4698210b480c8e9"},"headline":"Mont\u00e9e du Sud Global et d\u00e9clin de la domination de l\u2019Occident","datePublished":"2024-04-14T12:13:34+00:00","dateModified":"2024-04-14T12:16:35+00:00","mainEntityOfPage":{"@id":"https:\/\/kapitalis.com\/tunisie\/2024\/04\/14\/montee-du-sud-global-et-declin-de-la-domination-de-loccident\/"},"wordCount":1365,"commentCount":2,"publisher":{"@id":"https:\/\/kapitalis.com\/tunisie\/#organization"},"image":{"@id":"https:\/\/kapitalis.com\/tunisie\/2024\/04\/14\/montee-du-sud-global-et-declin-de-la-domination-de-loccident\/#primaryimage"},"thumbnailUrl":"https:\/\/kapitalis.com\/tunisie\/wp-content\/uploads\/2024\/04\/Sud-Global-et-Nord-Global.jpg","keywords":["Afrique du Sud","Chine","colonialisme","imp\u00e9rialisme","Inde","Isidoros Karderinis","Isra\u00ebl","Nord Global","occident","Sud Global"],"articleSection":["A LA UNE","ECONOMIE","POLITIQUE","TRIBUNE","Tunisie"],"inLanguage":"fr-FR","potentialAction":[{"@type":"CommentAction","name":"Comment","target":["https:\/\/kapitalis.com\/tunisie\/2024\/04\/14\/montee-du-sud-global-et-declin-de-la-domination-de-loccident\/#respond"]}]},{"@type":"WebPage","@id":"https:\/\/kapitalis.com\/tunisie\/2024\/04\/14\/montee-du-sud-global-et-declin-de-la-domination-de-loccident\/","url":"https:\/\/kapitalis.com\/tunisie\/2024\/04\/14\/montee-du-sud-global-et-declin-de-la-domination-de-loccident\/","name":"Mont\u00e9e du Sud Global et d\u00e9clin de la domination de l\u2019Occident - Kapitalis","isPartOf":{"@id":"https:\/\/kapitalis.com\/tunisie\/#website"},"primaryImageOfPage":{"@id":"https:\/\/kapitalis.com\/tunisie\/2024\/04\/14\/montee-du-sud-global-et-declin-de-la-domination-de-loccident\/#primaryimage"},"image":{"@id":"https:\/\/kapitalis.com\/tunisie\/2024\/04\/14\/montee-du-sud-global-et-declin-de-la-domination-de-loccident\/#primaryimage"},"thumbnailUrl":"https:\/\/kapitalis.com\/tunisie\/wp-content\/uploads\/2024\/04\/Sud-Global-et-Nord-Global.jpg","datePublished":"2024-04-14T12:13:34+00:00","dateModified":"2024-04-14T12:16:35+00:00","breadcrumb":{"@id":"https:\/\/kapitalis.com\/tunisie\/2024\/04\/14\/montee-du-sud-global-et-declin-de-la-domination-de-loccident\/#breadcrumb"},"inLanguage":"fr-FR","potentialAction":[{"@type":"ReadAction","target":["https:\/\/kapitalis.com\/tunisie\/2024\/04\/14\/montee-du-sud-global-et-declin-de-la-domination-de-loccident\/"]}]},{"@type":"ImageObject","inLanguage":"fr-FR","@id":"https:\/\/kapitalis.com\/tunisie\/2024\/04\/14\/montee-du-sud-global-et-declin-de-la-domination-de-loccident\/#primaryimage","url":"https:\/\/kapitalis.com\/tunisie\/wp-content\/uploads\/2024\/04\/Sud-Global-et-Nord-Global.jpg","contentUrl":"https:\/\/kapitalis.com\/tunisie\/wp-content\/uploads\/2024\/04\/Sud-Global-et-Nord-Global.jpg","width":1200,"height":630},{"@type":"BreadcrumbList","@id":"https:\/\/kapitalis.com\/tunisie\/2024\/04\/14\/montee-du-sud-global-et-declin-de-la-domination-de-loccident\/#breadcrumb","itemListElement":[{"@type":"ListItem","position":1,"name":"Accueil","item":"https:\/\/kapitalis.com\/tunisie\/"},{"@type":"ListItem","position":2,"name":"Mont\u00e9e du Sud Global et d\u00e9clin de la domination de l\u2019Occident"}]},{"@type":"WebSite","@id":"https:\/\/kapitalis.com\/tunisie\/#website","url":"https:\/\/kapitalis.com\/tunisie\/","name":"Kapitalis","description":"L&#039;actualit\u00e9 en Tunisie et dans le monde","publisher":{"@id":"https:\/\/kapitalis.com\/tunisie\/#organization"},"potentialAction":[{"@type":"SearchAction","target":{"@type":"EntryPoint","urlTemplate":"https:\/\/kapitalis.com\/tunisie\/?s={search_term_string}"},"query-input":{"@type":"PropertyValueSpecification","valueRequired":true,"valueName":"search_term_string"}}],"inLanguage":"fr-FR"},{"@type":"Organization","@id":"https:\/\/kapitalis.com\/tunisie\/#organization","name":"Kapitalis","url":"https:\/\/kapitalis.com\/tunisie\/","logo":{"@type":"ImageObject","inLanguage":"fr-FR","@id":"https:\/\/kapitalis.com\/tunisie\/#\/schema\/logo\/image\/","url":"https:\/\/kapitalis.com\/tunisie\/wp-content\/uploads\/2022\/05\/Kapitalis-big-size.png","contentUrl":"https:\/\/kapitalis.com\/tunisie\/wp-content\/uploads\/2022\/05\/Kapitalis-big-size.png","width":5000,"height":1500,"caption":"Kapitalis"},"image":{"@id":"https:\/\/kapitalis.com\/tunisie\/#\/schema\/logo\/image\/"},"sameAs":["https:\/\/www.facebook.com\/KapitalisInfo\/","https:\/\/x.com\/KapitalisInfo","https:\/\/www.youtube.com\/channel\/UC-yDYrHyfFBWWZaOw3FPg9Q"]},{"@type":"Person","@id":"https:\/\/kapitalis.com\/tunisie\/#\/schema\/person\/d71f33a9ca44f7bad4698210b480c8e9","name":"webmaster kapitalis","url":"https:\/\/kapitalis.com\/tunisie\/author\/webmaster-kapitalis\/"}]}},"_links":{"self":[{"href":"https:\/\/kapitalis.com\/tunisie\/wp-json\/wp\/v2\/posts\/12463276","targetHints":{"allow":["GET"]}}],"collection":[{"href":"https:\/\/kapitalis.com\/tunisie\/wp-json\/wp\/v2\/posts"}],"about":[{"href":"https:\/\/kapitalis.com\/tunisie\/wp-json\/wp\/v2\/types\/post"}],"author":[{"embeddable":true,"href":"https:\/\/kapitalis.com\/tunisie\/wp-json\/wp\/v2\/users\/8"}],"replies":[{"embeddable":true,"href":"https:\/\/kapitalis.com\/tunisie\/wp-json\/wp\/v2\/comments?post=12463276"}],"version-history":[{"count":2,"href":"https:\/\/kapitalis.com\/tunisie\/wp-json\/wp\/v2\/posts\/12463276\/revisions"}],"predecessor-version":[{"id":12463473,"href":"https:\/\/kapitalis.com\/tunisie\/wp-json\/wp\/v2\/posts\/12463276\/revisions\/12463473"}],"wp:featuredmedia":[{"embeddable":true,"href":"https:\/\/kapitalis.com\/tunisie\/wp-json\/wp\/v2\/media\/12463360"}],"wp:attachment":[{"href":"https:\/\/kapitalis.com\/tunisie\/wp-json\/wp\/v2\/media?parent=12463276"}],"wp:term":[{"taxonomy":"category","embeddable":true,"href":"https:\/\/kapitalis.com\/tunisie\/wp-json\/wp\/v2\/categories?post=12463276"},{"taxonomy":"post_tag","embeddable":true,"href":"https:\/\/kapitalis.com\/tunisie\/wp-json\/wp\/v2\/tags?post=12463276"}],"curies":[{"name":"wp","href":"https:\/\/api.w.org\/{rel}","templated":true}]}}